{"id":56834,"date":"2011-03-14T16:23:04","date_gmt":"2011-03-14T21:23:04","guid":{"rendered":"https:\/\/latamjournalismreview.org\/?p=56834"},"modified":"2022-06-05T16:24:17","modified_gmt":"2022-06-05T21:24:17","slug":"gobierno-y-periodistas-hondurenos-buscan-poner-fin-a-fotos-de-crimenes-violentos-en-primeras-planas","status":"publish","type":"post","link":"https:\/\/latamjournalismreview.org\/es\/articles\/gobierno-y-periodistas-hondurenos-buscan-poner-fin-a-fotos-de-crimenes-violentos-en-primeras-planas\/","title":{"rendered":"Gobierno y periodistas hondure\u00f1os buscan poner fin a fotos de cr\u00edmenes violentos en primeras planas"},"content":{"rendered":"<p>Despu\u00e9s de que el diario\u00a0<a href=\"http:\/\/knightcenter.utexas.edu\/es\/blog\/diario-la-prensa-deja-de-publicar-fotos-de-muertos-tras-modificar-politica-editorial-sobre-viol\">La Prensa adelantara que no publicar\u00e1 m\u00e1s fotos de muertos<\/a>\u00a0en un esfuerzo por aplacar el sensacionalismo generado por el aumento de la violencia del crimen organizado en Honduras, el gremio de periodistas y el gobierno anunciaron que est\u00e1n buscando\u00a0<a href=\"http:\/\/www.latribuna.hn\/2011\/03\/10\/cph-impulsa-una-cultura-de-paz-en-los-medios-de-comunicacion\">un acuerdo para dejar de publicar im\u00e1genes de asesinatos en las portadas de los peri\u00f3dicos<\/a>, report\u00f3 La Tribuna.<\/p>\n<p>La directiva del Colegio de Periodistas de Honduras (CPH) se reuni\u00f3 el jueves 10 de marzo con el ministro de Seguridad, Oscar \u00c1lvarez, para conocer los\u00a0<a href=\"http:\/\/www.tiempo.hn\/inicio\/item\/4844-oscar-%C3%A1lvarez-expertos-de-colombia-y-eeuu-investigan-muerte-de-periodistas.html\">avances en las investigaciones de los homicidios de 11 periodistas<\/a>\u00a0el a\u00f1o pasado, para lo que cuenta con\u00a0<a href=\"http:\/\/knightcenter.utexas.edu\/es\/blog\/estados-unidos-ofrece-ayuda-para-investigar-asesinatos-de-periodistas-en-honduras\">ayuda de expertos de Colombia y Estados Unidos<\/a>, inform\u00f3 El Tiempo.<\/p>\n<p>El ministro dijo que\u00a0<a href=\"http:\/\/m.elheraldo.hn\/17127\/show\/6806090ebc26c877cc088cb99a0a90f6&amp;t=798a01291583fc4f511305cf524e646c\">se busca que \u201cno se glorifique el crimen\u201d en la prensa<\/a>\u00a0y que los peri\u00f3dicos muestren cosas positivas en las primeras planas. \u201cLo que hacemos es aceptar y viendo esto como algo normal, lo que no deber\u00eda ser as\u00ed, la poblaci\u00f3n debe rechazar la violencia\u201d, afirm\u00f3 citado por El Heraldo.<\/p>\n<p>El presidente del CPH, Juan Ram\u00f3n Mairena, explic\u00f3 que los periodistas propusieron un Pacto Informativo por una Cultura de Paz cuyo objetivo es evitar que los diarios \u201csigan publicando m\u00e1s amarillismo en las primeras planas o que en los noticiarios muestren tomas dantescas.\u00a0<a href=\"http:\/\/www.latribuna.hn\/2011\/03\/11\/cph-pide-cuentas-sobre-muertes-violentas-de-11-comunicadores\">Esto no tiene que ver nada con censura<\/a>\u00a0(\u2026) estamos hablando de un acto de conciencia de los due\u00f1os de medios y nosotros como periodistas (\u2026) en torno a la alta ola de violencia que nos est\u00e1 afectando\u201d.<\/p>\n<p><strong>Otras Noticias Relacionadas<\/strong><br \/>\n\u00bb Centro Knight<span>\u00a0(<a href=\"http:\/\/knightcenter.utexas.edu\/es\/blog\/honduras-anuncia-creacion-de-unidad-especial-para-investigar-crimenes-contra-periodistas\" target=\"_blank\" rel=\"noopener\">Honduras anuncia creaci\u00f3n de unidad especial para investigar cr\u00edmenes contra periodistas<\/a>)<\/p>\n<p><em>Nota del editor: Esta historia fue publicada originalmente en el blog Periodismo en las Am\u00e9ricas del Centro Knight, el predecesor de LatAm Journalism Review.<\/em><br \/>\n<\/span><\/p>\n","protected":false},"excerpt":{"rendered":"<p>Despu\u00e9s de que el diario\u00a0La Prensa adelantara que no publicar\u00e1 m\u00e1s fotos de muertos\u00a0en un esfuerzo por aplacar el sensacionalismo generado por el aumento de la violencia del crimen organizado en Honduras, el gremio de periodistas y el gobierno anunciaron que est\u00e1n buscando\u00a0un acuerdo para dejar de publicar im\u00e1genes de asesinatos en las portadas de los peri\u00f3dicos, report\u00f3 La Tribuna.<\/p>\n","protected":false},"author":43,"featured_media":0,"comment_status":"closed","ping_status":"closed","sticky":false,"template":"","format":"standard","meta":{"inline_featured_image":false,"footnotes":""},"categories":[1211],"tags":[1462],"coauthors":[],"class_list":["post-56834","post","type-post","status-publish","format-standard","hentry","category-modelo-de-negocio-es","tag-honduras-es"],"acf":[],"yoast_head":"<!-- This site is optimized with the Yoast SEO Premium plugin v22.6 (Yoast SEO v27.4) - https:\/\/yoast.com\/product\/yoast-seo-premium-wordpress\/ -->\n<title>Gobierno y periodistas hondure\u00f1os buscan poner fin a fotos de cr\u00edmenes violentos en primeras planas - LatAm Journalism Review<\/title>\n<meta name=\"description\" content=\"Gobierno y periodistas hondure\u00f1os buscan poner fin a fotos de cr\u00edmenes violentos en primeras planas Modelo de negocio. Latin American Journalism Review by The Knight Center at The University of Texas at Austin.\" \/>\n<meta name=\"robots\" content=\"index, follow, max-snippet:-1, max-image-preview:large, max-video-preview:-1\" \/>\n<link rel=\"canonical\" href=\"https:\/\/latamjournalismreview.org\/es\/articles\/gobierno-y-periodistas-hondurenos-buscan-poner-fin-a-fotos-de-crimenes-violentos-en-primeras-planas\/\" \/>\n<meta property=\"og:locale\" content=\"es_ES\" \/>\n<meta property=\"og:type\" content=\"article\" \/>\n<meta property=\"og:title\" content=\"Gobierno y periodistas hondure\u00f1os buscan poner fin a fotos de cr\u00edmenes violentos en primeras planas\" \/>\n<meta property=\"og:description\" content=\"Gobierno y periodistas hondure\u00f1os buscan poner fin a fotos de cr\u00edmenes violentos en primeras planas Modelo de negocio. Latin American Journalism Review by The Knight Center at The University of Texas at Austin.\" \/>\n<meta property=\"og:url\" content=\"https:\/\/latamjournalismreview.org\/es\/articles\/gobierno-y-periodistas-hondurenos-buscan-poner-fin-a-fotos-de-crimenes-violentos-en-primeras-planas\/\" \/>\n<meta property=\"og:site_name\" content=\"LatAm Journalism Review\" \/>\n<meta property=\"article:published_time\" content=\"2011-03-14T21:23:04+00:00\" \/>\n<meta property=\"article:modified_time\" content=\"2022-06-05T21:24:17+00:00\" \/>\n<meta name=\"author\" content=\"Monica Medel\" \/>\n<meta name=\"twitter:card\" content=\"summary_large_image\" \/>\n<meta name=\"twitter:creator\" content=\"@LatAmJournalism\" \/>\n<meta name=\"twitter:site\" content=\"@LatAmJournalism\" \/>\n<meta name=\"twitter:label1\" content=\"Written by\" \/>\n\t<meta name=\"twitter:data1\" content=\"Monica Medel\" \/>\n\t<meta name=\"twitter:label2\" content=\"Est. reading time\" \/>\n\t<meta name=\"twitter:data2\" content=\"2 minutos\" \/>\n<script type=\"application\/ld+json\" class=\"yoast-schema-graph\">{\"@context\":\"https:\\\/\\\/schema.org\",\"@graph\":[{\"@type\":\"Article\",\"@id\":\"https:\\\/\\\/latamjournalismreview.org\\\/es\\\/articles\\\/gobierno-y-periodistas-hondurenos-buscan-poner-fin-a-fotos-de-crimenes-violentos-en-primeras-planas\\\/#article\",\"isPartOf\":{\"@id\":\"https:\\\/\\\/latamjournalismreview.org\\\/es\\\/articles\\\/gobierno-y-periodistas-hondurenos-buscan-poner-fin-a-fotos-de-crimenes-violentos-en-primeras-planas\\\/\"},\"author\":{\"name\":\"Monica Medel\",\"@id\":\"https:\\\/\\\/latamjournalismreview.org\\\/es\\\/#\\\/schema\\\/person\\\/1746872e9af4abc45355e4a7a4ddcea5\"},\"headline\":\"Gobierno y periodistas hondure\u00f1os buscan poner fin a fotos de cr\u00edmenes violentos en primeras planas\",\"datePublished\":\"2011-03-14T21:23:04+00:00\",\"dateModified\":\"2022-06-05T21:24:17+00:00\",\"mainEntityOfPage\":{\"@id\":\"https:\\\/\\\/latamjournalismreview.org\\\/es\\\/articles\\\/gobierno-y-periodistas-hondurenos-buscan-poner-fin-a-fotos-de-crimenes-violentos-en-primeras-planas\\\/\"},\"wordCount\":321,\"publisher\":{\"@id\":\"https:\\\/\\\/latamjournalismreview.org\\\/es\\\/#organization\"},\"keywords\":[\"Honduras\"],\"articleSection\":[\"Modelo de negocio\"],\"inLanguage\":\"es\"},{\"@type\":\"WebPage\",\"@id\":\"https:\\\/\\\/latamjournalismreview.org\\\/es\\\/articles\\\/gobierno-y-periodistas-hondurenos-buscan-poner-fin-a-fotos-de-crimenes-violentos-en-primeras-planas\\\/\",\"url\":\"https:\\\/\\\/latamjournalismreview.org\\\/es\\\/articles\\\/gobierno-y-periodistas-hondurenos-buscan-poner-fin-a-fotos-de-crimenes-violentos-en-primeras-planas\\\/\",\"name\":\"Gobierno y periodistas hondure\u00f1os buscan poner fin a fotos de cr\u00edmenes violentos en primeras planas - LatAm Journalism Review\",\"isPartOf\":{\"@id\":\"https:\\\/\\\/latamjournalismreview.org\\\/es\\\/#website\"},\"datePublished\":\"2011-03-14T21:23:04+00:00\",\"dateModified\":\"2022-06-05T21:24:17+00:00\",\"description\":\"Gobierno y periodistas hondure\u00f1os buscan poner fin a fotos de cr\u00edmenes violentos en primeras planas Modelo de negocio. Latin American Journalism Review by The Knight Center at The University of Texas at Austin.\",\"breadcrumb\":{\"@id\":\"https:\\\/\\\/latamjournalismreview.org\\\/es\\\/articles\\\/gobierno-y-periodistas-hondurenos-buscan-poner-fin-a-fotos-de-crimenes-violentos-en-primeras-planas\\\/#breadcrumb\"},\"inLanguage\":\"es\",\"potentialAction\":[{\"@type\":\"ReadAction\",\"target\":[\"https:\\\/\\\/latamjournalismreview.org\\\/es\\\/articles\\\/gobierno-y-periodistas-hondurenos-buscan-poner-fin-a-fotos-de-crimenes-violentos-en-primeras-planas\\\/\"]}]},{\"@type\":\"BreadcrumbList\",\"@id\":\"https:\\\/\\\/latamjournalismreview.org\\\/es\\\/articles\\\/gobierno-y-periodistas-hondurenos-buscan-poner-fin-a-fotos-de-crimenes-violentos-en-primeras-planas\\\/#breadcrumb\",\"itemListElement\":[{\"@type\":\"ListItem\",\"position\":1,\"name\":\"Home\",\"item\":\"https:\\\/\\\/latamjournalismreview.org\\\/es\\\/\"},{\"@type\":\"ListItem\",\"position\":2,\"name\":\"Gobierno y periodistas hondure\u00f1os buscan poner fin a fotos de cr\u00edmenes violentos en primeras planas\"}]},{\"@type\":\"WebSite\",\"@id\":\"https:\\\/\\\/latamjournalismreview.org\\\/es\\\/#website\",\"url\":\"https:\\\/\\\/latamjournalismreview.org\\\/es\\\/\",\"name\":\"LatAm Journalism Review\",\"description\":\"Knight Center at The University of Texas\",\"publisher\":{\"@id\":\"https:\\\/\\\/latamjournalismreview.org\\\/es\\\/#organization\"},\"potentialAction\":[{\"@type\":\"SearchAction\",\"target\":{\"@type\":\"EntryPoint\",\"urlTemplate\":\"https:\\\/\\\/latamjournalismreview.org\\\/es\\\/?s={search_term_string}\"},\"query-input\":{\"@type\":\"PropertyValueSpecification\",\"valueRequired\":true,\"valueName\":\"search_term_string\"}}],\"inLanguage\":\"es\"},{\"@type\":\"Organization\",\"@id\":\"https:\\\/\\\/latamjournalismreview.org\\\/es\\\/#organization\",\"name\":\"LatAm Journalism Review\",\"url\":\"https:\\\/\\\/latamjournalismreview.org\\\/es\\\/\",\"logo\":{\"@type\":\"ImageObject\",\"inLanguage\":\"es\",\"@id\":\"https:\\\/\\\/latamjournalismreview.org\\\/es\\\/#\\\/schema\\\/logo\\\/image\\\/\",\"url\":\"https:\\\/\\\/latamjournalismreview.org\\\/wp-content\\\/uploads\\\/2020\\\/05\\\/knight-latAm-review-logo.svg\",\"contentUrl\":\"https:\\\/\\\/latamjournalismreview.org\\\/wp-content\\\/uploads\\\/2020\\\/05\\\/knight-latAm-review-logo.svg\",\"width\":\"1024\",\"height\":\"1024\",\"caption\":\"LatAm Journalism Review\"},\"image\":{\"@id\":\"https:\\\/\\\/latamjournalismreview.org\\\/es\\\/#\\\/schema\\\/logo\\\/image\\\/\"},\"sameAs\":[\"https:\\\/\\\/x.com\\\/LatAmJournalism\"]},{\"@type\":\"Person\",\"@id\":\"https:\\\/\\\/latamjournalismreview.org\\\/es\\\/#\\\/schema\\\/person\\\/1746872e9af4abc45355e4a7a4ddcea5\",\"name\":\"Monica Medel\",\"url\":\"https:\\\/\\\/latamjournalismreview.org\\\/es\\\/articles\\\/author\\\/monica-medel\\\/\"}]}<\/script>\n<!-- \/ Yoast SEO Premium plugin. -->","yoast_head_json":{"title":"Gobierno y periodistas hondure\u00f1os buscan poner fin a fotos de cr\u00edmenes violentos en primeras planas - LatAm Journalism Review","description":"Gobierno y periodistas hondure\u00f1os buscan poner fin a fotos de cr\u00edmenes violentos en primeras planas Modelo de negocio. Latin American Journalism Review by The Knight Center at The University of Texas at Austin.","robots":{"index":"index","follow":"follow","max-snippet":"max-snippet:-1","max-image-preview":"max-image-preview:large","max-video-preview":"max-video-preview:-1"},"canonical":"https:\/\/latamjournalismreview.org\/es\/articles\/gobierno-y-periodistas-hondurenos-buscan-poner-fin-a-fotos-de-crimenes-violentos-en-primeras-planas\/","og_locale":"es_ES","og_type":"article","og_title":"Gobierno y periodistas hondure\u00f1os buscan poner fin a fotos de cr\u00edmenes violentos en primeras planas","og_description":"Gobierno y periodistas hondure\u00f1os buscan poner fin a fotos de cr\u00edmenes violentos en primeras planas Modelo de negocio. Latin American Journalism Review by The Knight Center at The University of Texas at Austin.","og_url":"https:\/\/latamjournalismreview.org\/es\/articles\/gobierno-y-periodistas-hondurenos-buscan-poner-fin-a-fotos-de-crimenes-violentos-en-primeras-planas\/","og_site_name":"LatAm Journalism Review","article_published_time":"2011-03-14T21:23:04+00:00","article_modified_time":"2022-06-05T21:24:17+00:00","author":"Monica Medel","twitter_card":"summary_large_image","twitter_creator":"@LatAmJournalism","twitter_site":"@LatAmJournalism","twitter_misc":{"Written by":"Monica Medel","Est. reading time":"2 minutos"},"schema":{"@context":"https:\/\/schema.org","@graph":[{"@type":"Article","@id":"https:\/\/latamjournalismreview.org\/es\/articles\/gobierno-y-periodistas-hondurenos-buscan-poner-fin-a-fotos-de-crimenes-violentos-en-primeras-planas\/#article","isPartOf":{"@id":"https:\/\/latamjournalismreview.org\/es\/articles\/gobierno-y-periodistas-hondurenos-buscan-poner-fin-a-fotos-de-crimenes-violentos-en-primeras-planas\/"},"author":{"name":"Monica Medel","@id":"https:\/\/latamjournalismreview.org\/es\/#\/schema\/person\/1746872e9af4abc45355e4a7a4ddcea5"},"headline":"Gobierno y periodistas hondure\u00f1os buscan poner fin a fotos de cr\u00edmenes violentos en primeras planas","datePublished":"2011-03-14T21:23:04+00:00","dateModified":"2022-06-05T21:24:17+00:00","mainEntityOfPage":{"@id":"https:\/\/latamjournalismreview.org\/es\/articles\/gobierno-y-periodistas-hondurenos-buscan-poner-fin-a-fotos-de-crimenes-violentos-en-primeras-planas\/"},"wordCount":321,"publisher":{"@id":"https:\/\/latamjournalismreview.org\/es\/#organization"},"keywords":["Honduras"],"articleSection":["Modelo de negocio"],"inLanguage":"es"},{"@type":"WebPage","@id":"https:\/\/latamjournalismreview.org\/es\/articles\/gobierno-y-periodistas-hondurenos-buscan-poner-fin-a-fotos-de-crimenes-violentos-en-primeras-planas\/","url":"https:\/\/latamjournalismreview.org\/es\/articles\/gobierno-y-periodistas-hondurenos-buscan-poner-fin-a-fotos-de-crimenes-violentos-en-primeras-planas\/","name":"Gobierno y periodistas hondure\u00f1os buscan poner fin a fotos de cr\u00edmenes violentos en primeras planas - LatAm Journalism Review","isPartOf":{"@id":"https:\/\/latamjournalismreview.org\/es\/#website"},"datePublished":"2011-03-14T21:23:04+00:00","dateModified":"2022-06-05T21:24:17+00:00","description":"Gobierno y periodistas hondure\u00f1os buscan poner fin a fotos de cr\u00edmenes violentos en primeras planas Modelo de negocio. Latin American Journalism Review by The Knight Center at The University of Texas at Austin.","breadcrumb":{"@id":"https:\/\/latamjournalismreview.org\/es\/articles\/gobierno-y-periodistas-hondurenos-buscan-poner-fin-a-fotos-de-crimenes-violentos-en-primeras-planas\/#breadcrumb"},"inLanguage":"es","potentialAction":[{"@type":"ReadAction","target":["https:\/\/latamjournalismreview.org\/es\/articles\/gobierno-y-periodistas-hondurenos-buscan-poner-fin-a-fotos-de-crimenes-violentos-en-primeras-planas\/"]}]},{"@type":"BreadcrumbList","@id":"https:\/\/latamjournalismreview.org\/es\/articles\/gobierno-y-periodistas-hondurenos-buscan-poner-fin-a-fotos-de-crimenes-violentos-en-primeras-planas\/#breadcrumb","itemListElement":[{"@type":"ListItem","position":1,"name":"Home","item":"https:\/\/latamjournalismreview.org\/es\/"},{"@type":"ListItem","position":2,"name":"Gobierno y periodistas hondure\u00f1os buscan poner fin a fotos de cr\u00edmenes violentos en primeras planas"}]},{"@type":"WebSite","@id":"https:\/\/latamjournalismreview.org\/es\/#website","url":"https:\/\/latamjournalismreview.org\/es\/","name":"LatAm Journalism Review","description":"Knight Center at The University of Texas","publisher":{"@id":"https:\/\/latamjournalismreview.org\/es\/#organization"},"potentialAction":[{"@type":"SearchAction","target":{"@type":"EntryPoint","urlTemplate":"https:\/\/latamjournalismreview.org\/es\/?s={search_term_string}"},"query-input":{"@type":"PropertyValueSpecification","valueRequired":true,"valueName":"search_term_string"}}],"inLanguage":"es"},{"@type":"Organization","@id":"https:\/\/latamjournalismreview.org\/es\/#organization","name":"LatAm Journalism Review","url":"https:\/\/latamjournalismreview.org\/es\/","logo":{"@type":"ImageObject","inLanguage":"es","@id":"https:\/\/latamjournalismreview.org\/es\/#\/schema\/logo\/image\/","url":"https:\/\/latamjournalismreview.org\/wp-content\/uploads\/2020\/05\/knight-latAm-review-logo.svg","contentUrl":"https:\/\/latamjournalismreview.org\/wp-content\/uploads\/2020\/05\/knight-latAm-review-logo.svg","width":"1024","height":"1024","caption":"LatAm Journalism Review"},"image":{"@id":"https:\/\/latamjournalismreview.org\/es\/#\/schema\/logo\/image\/"},"sameAs":["https:\/\/x.com\/LatAmJournalism"]},{"@type":"Person","@id":"https:\/\/latamjournalismreview.org\/es\/#\/schema\/person\/1746872e9af4abc45355e4a7a4ddcea5","name":"Monica Medel","url":"https:\/\/latamjournalismreview.org\/es\/articles\/author\/monica-medel\/"}]}},"_links":{"self":[{"href":"https:\/\/latamjournalismreview.org\/es\/wp-json\/wp\/v2\/posts\/56834","targetHints":{"allow":["GET"]}}],"collection":[{"href":"https:\/\/latamjournalismreview.org\/es\/wp-json\/wp\/v2\/posts"}],"about":[{"href":"https:\/\/latamjournalismreview.org\/es\/wp-json\/wp\/v2\/types\/post"}],"author":[{"embeddable":true,"href":"https:\/\/latamjournalismreview.org\/es\/wp-json\/wp\/v2\/users\/43"}],"replies":[{"embeddable":true,"href":"https:\/\/latamjournalismreview.org\/es\/wp-json\/wp\/v2\/comments?post=56834"}],"version-history":[{"count":1,"href":"https:\/\/latamjournalismreview.org\/es\/wp-json\/wp\/v2\/posts\/56834\/revisions"}],"predecessor-version":[{"id":56836,"href":"https:\/\/latamjournalismreview.org\/es\/wp-json\/wp\/v2\/posts\/56834\/revisions\/56836"}],"wp:attachment":[{"href":"https:\/\/latamjournalismreview.org\/es\/wp-json\/wp\/v2\/media?parent=56834"}],"wp:term":[{"taxonomy":"category","embeddable":true,"href":"https:\/\/latamjournalismreview.org\/es\/wp-json\/wp\/v2\/categories?post=56834"},{"taxonomy":"post_tag","embeddable":true,"href":"https:\/\/latamjournalismreview.org\/es\/wp-json\/wp\/v2\/tags?post=56834"},{"taxonomy":"author","embeddable":true,"href":"https:\/\/latamjournalismreview.org\/es\/wp-json\/wp\/v2\/coauthors?post=56834"}],"curies":[{"name":"wp","href":"https:\/\/api.w.org\/{rel}","templated":true}]}}