{"id":56876,"date":"2011-03-17T07:47:11","date_gmt":"2011-03-17T12:47:11","guid":{"rendered":"https:\/\/latamjournalismreview.org\/?p=56876"},"modified":"2022-06-06T07:47:50","modified_gmt":"2022-06-06T12:47:50","slug":"gobierno-brasileno-lanza-proyecto-para-ampliar-el-servicio-de-radios-comunitarias-en-el-pais","status":"publish","type":"post","link":"https:\/\/latamjournalismreview.org\/es\/articles\/gobierno-brasileno-lanza-proyecto-para-ampliar-el-servicio-de-radios-comunitarias-en-el-pais\/","title":{"rendered":"Gobierno brasile\u00f1o lanza proyecto para ampliar el servicio de radios comunitarias en el pa\u00eds"},"content":{"rendered":"<p>Las autoridades brasile\u00f1as presentaron el\u00a0<a href=\"http:\/\/www.direitoacomunicacao.org.br\/content.php?option=com_content&amp;task=view&amp;id=7585\">Plan Nacional de Concesiones de Radiodifusi\u00f3n Comunitaria<\/a>, con el objetivo de universalizar el servicio y agilizar el proceso de entrega de licencias radiales,\u00a0<a href=\"http:\/\/www.mc.gov.br\/noticias-do-site\/23274-minicom-lanca-plano-nacional-de-outorgas-para-radios-comunitarias\">inform\u00f3 el Ministerio de Comunicaciones<\/a>.<\/p>\n<p>En una\u00a0<a href=\"http:\/\/www.conexaominicom.mc.gov.br\/\">conferencia de prensa<\/a>, el ministro Paulo Bernardo afirm\u00f3 que la meta es que todos los municipios del pa\u00eds cuenten con el servicio hacia mediados de 2012. \u201cHicimos un plan que, si tiene \u00e9xito, s\u00f3lo en este a\u00f1o permitir\u00e1 que el 85 por ciento de los municipios est\u00e9n cubiertos por una radio comunitaria\u201d, afirm\u00f3. Actualmente en Brasil operan unas\u00a0<a href=\"http:\/\/www1.folha.uol.com.br\/poder\/890050-governo-quer-85-das-cidades-com-radio-comunitaria.shtml\">4.200 licencias de radios comunitarias<\/a>\u00a0que cubren a casi dos tercios del pa\u00eds, explic\u00f3 Folha de S\u00e3o Paulo.<\/p>\n<p>El proyecto de gobierno contempla la publicaci\u00f3n de 11 avisos de licitaci\u00f3n para 431 municipios entre abril y noviembre pr\u00f3ximos. Las autoridades tambi\u00e9n se comprometieron a dar asistencia t\u00e9cnica a las emisoras. Bernardo\u00a0<a href=\"http:\/\/www.estadao.com.br\/noticias\/nacional,governo-vai-aumentar-fiscalizacao-de-radios-comunitarias,693268,0.htm\">no detall\u00f3 si se aumentar\u00e1 la fiscalizaci\u00f3n del servicio<\/a>\u00a0con el fin de evitar el uso pol\u00edtico, empresarial o religioso de estas radios, a\u00f1adi\u00f3 Estado de S. Paulo.<\/p>\n<p>Las concesiones de radios comunitarias en Brasil son gratuitas. Sin embargo, los beneficiarios deben cumplir con una serie de exigencias t\u00e9cnicas y operacionales contempladas en la\u00a0<a href=\"http:\/\/www.planalto.gov.br\/ccivil_03\/Leis\/L9612.htm\">legislaci\u00f3n vigente<\/a>. Por ejemplo, estas emisoras no pueden difundir publicidad comercial y su alcance est\u00e1 limitado a un radio de un kil\u00f3metro.<\/p>\n<p><em>Nota del editor: Esta historia fue publicada originalmente en el blog Periodismo en las Am\u00e9ricas del Centro Knight, el predecesor de LatAm Journalism Review.<\/em><\/p>\n","protected":false},"excerpt":{"rendered":"<p>Las autoridades brasile\u00f1as presentaron el\u00a0Plan Nacional de Concesiones de Radiodifusi\u00f3n Comunitaria, con el objetivo de universalizar el servicio y agilizar el proceso de entrega de licencias radiales,\u00a0inform\u00f3 el Ministerio de Comunicaciones.<\/p>\n","protected":false},"author":42,"featured_media":0,"comment_status":"closed","ping_status":"closed","sticky":false,"template":"","format":"standard","meta":{"inline_featured_image":false,"footnotes":""},"categories":[1227],"tags":[1483,1541,1431],"coauthors":[],"class_list":["post-56876","post","type-post","status-publish","format-standard","hentry","category-acceso-a-la-informacion-es","tag-legislacion-es","tag-periodismo-comunitario-es","tag-radio-y-tv-es"],"acf":[],"yoast_head":"<!-- This site is optimized with the Yoast SEO Premium plugin v22.6 (Yoast SEO v27.4) - https:\/\/yoast.com\/product\/yoast-seo-premium-wordpress\/ -->\n<title>Gobierno brasile\u00f1o lanza proyecto para ampliar el servicio de radios comunitarias en el pa\u00eds - LatAm Journalism Review<\/title>\n<meta name=\"description\" content=\"Gobierno brasile\u00f1o lanza proyecto para ampliar el servicio de radios comunitarias en el pa\u00eds Acceso a la Informaci\u00f3n. Latin American Journalism Review by The Knight Center at The University of Texas at Austin.\" \/>\n<meta name=\"robots\" content=\"index, follow, max-snippet:-1, max-image-preview:large, max-video-preview:-1\" \/>\n<link rel=\"canonical\" href=\"https:\/\/latamjournalismreview.org\/es\/articles\/gobierno-brasileno-lanza-proyecto-para-ampliar-el-servicio-de-radios-comunitarias-en-el-pais\/\" \/>\n<meta property=\"og:locale\" content=\"es_ES\" \/>\n<meta property=\"og:type\" content=\"article\" \/>\n<meta property=\"og:title\" content=\"Gobierno brasile\u00f1o lanza proyecto para ampliar el servicio de radios comunitarias en el pa\u00eds\" \/>\n<meta property=\"og:description\" content=\"Gobierno brasile\u00f1o lanza proyecto para ampliar el servicio de radios comunitarias en el pa\u00eds Acceso a la Informaci\u00f3n. Latin American Journalism Review by The Knight Center at The University of Texas at Austin.\" \/>\n<meta property=\"og:url\" content=\"https:\/\/latamjournalismreview.org\/es\/articles\/gobierno-brasileno-lanza-proyecto-para-ampliar-el-servicio-de-radios-comunitarias-en-el-pais\/\" \/>\n<meta property=\"og:site_name\" content=\"LatAm Journalism Review\" \/>\n<meta property=\"article:published_time\" content=\"2011-03-17T12:47:11+00:00\" \/>\n<meta property=\"article:modified_time\" content=\"2022-06-06T12:47:50+00:00\" \/>\n<meta name=\"author\" content=\"Natalia Mazotte\" \/>\n<meta name=\"twitter:card\" content=\"summary_large_image\" \/>\n<meta name=\"twitter:creator\" content=\"@LatAmJournalism\" \/>\n<meta name=\"twitter:site\" content=\"@LatAmJournalism\" \/>\n<meta name=\"twitter:label1\" content=\"Written by\" \/>\n\t<meta name=\"twitter:data1\" content=\"Natalia Mazotte\" \/>\n\t<meta name=\"twitter:label2\" content=\"Est. reading time\" \/>\n\t<meta name=\"twitter:data2\" content=\"1 minuto\" \/>\n<script type=\"application\/ld+json\" class=\"yoast-schema-graph\">{\"@context\":\"https:\\\/\\\/schema.org\",\"@graph\":[{\"@type\":\"Article\",\"@id\":\"https:\\\/\\\/latamjournalismreview.org\\\/es\\\/articles\\\/gobierno-brasileno-lanza-proyecto-para-ampliar-el-servicio-de-radios-comunitarias-en-el-pais\\\/#article\",\"isPartOf\":{\"@id\":\"https:\\\/\\\/latamjournalismreview.org\\\/es\\\/articles\\\/gobierno-brasileno-lanza-proyecto-para-ampliar-el-servicio-de-radios-comunitarias-en-el-pais\\\/\"},\"author\":{\"name\":\"Natalia Mazotte\",\"@id\":\"https:\\\/\\\/latamjournalismreview.org\\\/es\\\/#\\\/schema\\\/person\\\/747457e530d741a9d192f00c32c7f884\"},\"headline\":\"Gobierno brasile\u00f1o lanza proyecto para ampliar el servicio de radios comunitarias en el pa\u00eds\",\"datePublished\":\"2011-03-17T12:47:11+00:00\",\"dateModified\":\"2022-06-06T12:47:50+00:00\",\"mainEntityOfPage\":{\"@id\":\"https:\\\/\\\/latamjournalismreview.org\\\/es\\\/articles\\\/gobierno-brasileno-lanza-proyecto-para-ampliar-el-servicio-de-radios-comunitarias-en-el-pais\\\/\"},\"wordCount\":275,\"publisher\":{\"@id\":\"https:\\\/\\\/latamjournalismreview.org\\\/es\\\/#organization\"},\"keywords\":[\"Legislaci\u00f3n\",\"Periodismo comunitario\",\"Radio y TV\"],\"articleSection\":[\"Acceso a la Informaci\u00f3n\"],\"inLanguage\":\"es\"},{\"@type\":\"WebPage\",\"@id\":\"https:\\\/\\\/latamjournalismreview.org\\\/es\\\/articles\\\/gobierno-brasileno-lanza-proyecto-para-ampliar-el-servicio-de-radios-comunitarias-en-el-pais\\\/\",\"url\":\"https:\\\/\\\/latamjournalismreview.org\\\/es\\\/articles\\\/gobierno-brasileno-lanza-proyecto-para-ampliar-el-servicio-de-radios-comunitarias-en-el-pais\\\/\",\"name\":\"Gobierno brasile\u00f1o lanza proyecto para ampliar el servicio de radios comunitarias en el pa\u00eds - LatAm Journalism Review\",\"isPartOf\":{\"@id\":\"https:\\\/\\\/latamjournalismreview.org\\\/es\\\/#website\"},\"datePublished\":\"2011-03-17T12:47:11+00:00\",\"dateModified\":\"2022-06-06T12:47:50+00:00\",\"description\":\"Gobierno brasile\u00f1o lanza proyecto para ampliar el servicio de radios comunitarias en el pa\u00eds Acceso a la Informaci\u00f3n. Latin American Journalism Review by The Knight Center at The University of Texas at Austin.\",\"breadcrumb\":{\"@id\":\"https:\\\/\\\/latamjournalismreview.org\\\/es\\\/articles\\\/gobierno-brasileno-lanza-proyecto-para-ampliar-el-servicio-de-radios-comunitarias-en-el-pais\\\/#breadcrumb\"},\"inLanguage\":\"es\",\"potentialAction\":[{\"@type\":\"ReadAction\",\"target\":[\"https:\\\/\\\/latamjournalismreview.org\\\/es\\\/articles\\\/gobierno-brasileno-lanza-proyecto-para-ampliar-el-servicio-de-radios-comunitarias-en-el-pais\\\/\"]}]},{\"@type\":\"BreadcrumbList\",\"@id\":\"https:\\\/\\\/latamjournalismreview.org\\\/es\\\/articles\\\/gobierno-brasileno-lanza-proyecto-para-ampliar-el-servicio-de-radios-comunitarias-en-el-pais\\\/#breadcrumb\",\"itemListElement\":[{\"@type\":\"ListItem\",\"position\":1,\"name\":\"Home\",\"item\":\"https:\\\/\\\/latamjournalismreview.org\\\/es\\\/\"},{\"@type\":\"ListItem\",\"position\":2,\"name\":\"Gobierno brasile\u00f1o lanza proyecto para ampliar el servicio de radios comunitarias en el pa\u00eds\"}]},{\"@type\":\"WebSite\",\"@id\":\"https:\\\/\\\/latamjournalismreview.org\\\/es\\\/#website\",\"url\":\"https:\\\/\\\/latamjournalismreview.org\\\/es\\\/\",\"name\":\"LatAm Journalism Review\",\"description\":\"Knight Center at The University of Texas\",\"publisher\":{\"@id\":\"https:\\\/\\\/latamjournalismreview.org\\\/es\\\/#organization\"},\"potentialAction\":[{\"@type\":\"SearchAction\",\"target\":{\"@type\":\"EntryPoint\",\"urlTemplate\":\"https:\\\/\\\/latamjournalismreview.org\\\/es\\\/?s={search_term_string}\"},\"query-input\":{\"@type\":\"PropertyValueSpecification\",\"valueRequired\":true,\"valueName\":\"search_term_string\"}}],\"inLanguage\":\"es\"},{\"@type\":\"Organization\",\"@id\":\"https:\\\/\\\/latamjournalismreview.org\\\/es\\\/#organization\",\"name\":\"LatAm Journalism Review\",\"url\":\"https:\\\/\\\/latamjournalismreview.org\\\/es\\\/\",\"logo\":{\"@type\":\"ImageObject\",\"inLanguage\":\"es\",\"@id\":\"https:\\\/\\\/latamjournalismreview.org\\\/es\\\/#\\\/schema\\\/logo\\\/image\\\/\",\"url\":\"https:\\\/\\\/latamjournalismreview.org\\\/wp-content\\\/uploads\\\/2020\\\/05\\\/knight-latAm-review-logo.svg\",\"contentUrl\":\"https:\\\/\\\/latamjournalismreview.org\\\/wp-content\\\/uploads\\\/2020\\\/05\\\/knight-latAm-review-logo.svg\",\"width\":\"1024\",\"height\":\"1024\",\"caption\":\"LatAm Journalism Review\"},\"image\":{\"@id\":\"https:\\\/\\\/latamjournalismreview.org\\\/es\\\/#\\\/schema\\\/logo\\\/image\\\/\"},\"sameAs\":[\"https:\\\/\\\/x.com\\\/LatAmJournalism\"]},{\"@type\":\"Person\",\"@id\":\"https:\\\/\\\/latamjournalismreview.org\\\/es\\\/#\\\/schema\\\/person\\\/747457e530d741a9d192f00c32c7f884\",\"name\":\"Natalia Mazotte\",\"url\":\"https:\\\/\\\/latamjournalismreview.org\\\/es\\\/articles\\\/author\\\/natalia-mazotte\\\/\"}]}<\/script>\n<!-- \/ Yoast SEO Premium plugin. -->","yoast_head_json":{"title":"Gobierno brasile\u00f1o lanza proyecto para ampliar el servicio de radios comunitarias en el pa\u00eds - LatAm Journalism Review","description":"Gobierno brasile\u00f1o lanza proyecto para ampliar el servicio de radios comunitarias en el pa\u00eds Acceso a la Informaci\u00f3n. Latin American Journalism Review by The Knight Center at The University of Texas at Austin.","robots":{"index":"index","follow":"follow","max-snippet":"max-snippet:-1","max-image-preview":"max-image-preview:large","max-video-preview":"max-video-preview:-1"},"canonical":"https:\/\/latamjournalismreview.org\/es\/articles\/gobierno-brasileno-lanza-proyecto-para-ampliar-el-servicio-de-radios-comunitarias-en-el-pais\/","og_locale":"es_ES","og_type":"article","og_title":"Gobierno brasile\u00f1o lanza proyecto para ampliar el servicio de radios comunitarias en el pa\u00eds","og_description":"Gobierno brasile\u00f1o lanza proyecto para ampliar el servicio de radios comunitarias en el pa\u00eds Acceso a la Informaci\u00f3n. Latin American Journalism Review by The Knight Center at The University of Texas at Austin.","og_url":"https:\/\/latamjournalismreview.org\/es\/articles\/gobierno-brasileno-lanza-proyecto-para-ampliar-el-servicio-de-radios-comunitarias-en-el-pais\/","og_site_name":"LatAm Journalism Review","article_published_time":"2011-03-17T12:47:11+00:00","article_modified_time":"2022-06-06T12:47:50+00:00","author":"Natalia Mazotte","twitter_card":"summary_large_image","twitter_creator":"@LatAmJournalism","twitter_site":"@LatAmJournalism","twitter_misc":{"Written by":"Natalia Mazotte","Est. reading time":"1 minuto"},"schema":{"@context":"https:\/\/schema.org","@graph":[{"@type":"Article","@id":"https:\/\/latamjournalismreview.org\/es\/articles\/gobierno-brasileno-lanza-proyecto-para-ampliar-el-servicio-de-radios-comunitarias-en-el-pais\/#article","isPartOf":{"@id":"https:\/\/latamjournalismreview.org\/es\/articles\/gobierno-brasileno-lanza-proyecto-para-ampliar-el-servicio-de-radios-comunitarias-en-el-pais\/"},"author":{"name":"Natalia Mazotte","@id":"https:\/\/latamjournalismreview.org\/es\/#\/schema\/person\/747457e530d741a9d192f00c32c7f884"},"headline":"Gobierno brasile\u00f1o lanza proyecto para ampliar el servicio de radios comunitarias en el pa\u00eds","datePublished":"2011-03-17T12:47:11+00:00","dateModified":"2022-06-06T12:47:50+00:00","mainEntityOfPage":{"@id":"https:\/\/latamjournalismreview.org\/es\/articles\/gobierno-brasileno-lanza-proyecto-para-ampliar-el-servicio-de-radios-comunitarias-en-el-pais\/"},"wordCount":275,"publisher":{"@id":"https:\/\/latamjournalismreview.org\/es\/#organization"},"keywords":["Legislaci\u00f3n","Periodismo comunitario","Radio y TV"],"articleSection":["Acceso a la Informaci\u00f3n"],"inLanguage":"es"},{"@type":"WebPage","@id":"https:\/\/latamjournalismreview.org\/es\/articles\/gobierno-brasileno-lanza-proyecto-para-ampliar-el-servicio-de-radios-comunitarias-en-el-pais\/","url":"https:\/\/latamjournalismreview.org\/es\/articles\/gobierno-brasileno-lanza-proyecto-para-ampliar-el-servicio-de-radios-comunitarias-en-el-pais\/","name":"Gobierno brasile\u00f1o lanza proyecto para ampliar el servicio de radios comunitarias en el pa\u00eds - LatAm Journalism Review","isPartOf":{"@id":"https:\/\/latamjournalismreview.org\/es\/#website"},"datePublished":"2011-03-17T12:47:11+00:00","dateModified":"2022-06-06T12:47:50+00:00","description":"Gobierno brasile\u00f1o lanza proyecto para ampliar el servicio de radios comunitarias en el pa\u00eds Acceso a la Informaci\u00f3n. Latin American Journalism Review by The Knight Center at The University of Texas at Austin.","breadcrumb":{"@id":"https:\/\/latamjournalismreview.org\/es\/articles\/gobierno-brasileno-lanza-proyecto-para-ampliar-el-servicio-de-radios-comunitarias-en-el-pais\/#breadcrumb"},"inLanguage":"es","potentialAction":[{"@type":"ReadAction","target":["https:\/\/latamjournalismreview.org\/es\/articles\/gobierno-brasileno-lanza-proyecto-para-ampliar-el-servicio-de-radios-comunitarias-en-el-pais\/"]}]},{"@type":"BreadcrumbList","@id":"https:\/\/latamjournalismreview.org\/es\/articles\/gobierno-brasileno-lanza-proyecto-para-ampliar-el-servicio-de-radios-comunitarias-en-el-pais\/#breadcrumb","itemListElement":[{"@type":"ListItem","position":1,"name":"Home","item":"https:\/\/latamjournalismreview.org\/es\/"},{"@type":"ListItem","position":2,"name":"Gobierno brasile\u00f1o lanza proyecto para ampliar el servicio de radios comunitarias en el pa\u00eds"}]},{"@type":"WebSite","@id":"https:\/\/latamjournalismreview.org\/es\/#website","url":"https:\/\/latamjournalismreview.org\/es\/","name":"LatAm Journalism Review","description":"Knight Center at The University of Texas","publisher":{"@id":"https:\/\/latamjournalismreview.org\/es\/#organization"},"potentialAction":[{"@type":"SearchAction","target":{"@type":"EntryPoint","urlTemplate":"https:\/\/latamjournalismreview.org\/es\/?s={search_term_string}"},"query-input":{"@type":"PropertyValueSpecification","valueRequired":true,"valueName":"search_term_string"}}],"inLanguage":"es"},{"@type":"Organization","@id":"https:\/\/latamjournalismreview.org\/es\/#organization","name":"LatAm Journalism Review","url":"https:\/\/latamjournalismreview.org\/es\/","logo":{"@type":"ImageObject","inLanguage":"es","@id":"https:\/\/latamjournalismreview.org\/es\/#\/schema\/logo\/image\/","url":"https:\/\/latamjournalismreview.org\/wp-content\/uploads\/2020\/05\/knight-latAm-review-logo.svg","contentUrl":"https:\/\/latamjournalismreview.org\/wp-content\/uploads\/2020\/05\/knight-latAm-review-logo.svg","width":"1024","height":"1024","caption":"LatAm Journalism Review"},"image":{"@id":"https:\/\/latamjournalismreview.org\/es\/#\/schema\/logo\/image\/"},"sameAs":["https:\/\/x.com\/LatAmJournalism"]},{"@type":"Person","@id":"https:\/\/latamjournalismreview.org\/es\/#\/schema\/person\/747457e530d741a9d192f00c32c7f884","name":"Natalia Mazotte","url":"https:\/\/latamjournalismreview.org\/es\/articles\/author\/natalia-mazotte\/"}]}},"_links":{"self":[{"href":"https:\/\/latamjournalismreview.org\/es\/wp-json\/wp\/v2\/posts\/56876","targetHints":{"allow":["GET"]}}],"collection":[{"href":"https:\/\/latamjournalismreview.org\/es\/wp-json\/wp\/v2\/posts"}],"about":[{"href":"https:\/\/latamjournalismreview.org\/es\/wp-json\/wp\/v2\/types\/post"}],"author":[{"embeddable":true,"href":"https:\/\/latamjournalismreview.org\/es\/wp-json\/wp\/v2\/users\/42"}],"replies":[{"embeddable":true,"href":"https:\/\/latamjournalismreview.org\/es\/wp-json\/wp\/v2\/comments?post=56876"}],"version-history":[{"count":1,"href":"https:\/\/latamjournalismreview.org\/es\/wp-json\/wp\/v2\/posts\/56876\/revisions"}],"predecessor-version":[{"id":56879,"href":"https:\/\/latamjournalismreview.org\/es\/wp-json\/wp\/v2\/posts\/56876\/revisions\/56879"}],"wp:attachment":[{"href":"https:\/\/latamjournalismreview.org\/es\/wp-json\/wp\/v2\/media?parent=56876"}],"wp:term":[{"taxonomy":"category","embeddable":true,"href":"https:\/\/latamjournalismreview.org\/es\/wp-json\/wp\/v2\/categories?post=56876"},{"taxonomy":"post_tag","embeddable":true,"href":"https:\/\/latamjournalismreview.org\/es\/wp-json\/wp\/v2\/tags?post=56876"},{"taxonomy":"author","embeddable":true,"href":"https:\/\/latamjournalismreview.org\/es\/wp-json\/wp\/v2\/coauthors?post=56876"}],"curies":[{"name":"wp","href":"https:\/\/api.w.org\/{rel}","templated":true}]}}