{"id":57278,"date":"2011-04-03T13:06:56","date_gmt":"2011-04-03T18:06:56","guid":{"rendered":"https:\/\/latamjournalismreview.org\/?p=57278"},"modified":"2022-06-08T13:07:52","modified_gmt":"2022-06-08T18:07:52","slug":"twitter-plataformas-moviles-y-participacion-de-lectores-en-linea-entre-los-temas-discutidos-en-el-4o-coloquio-iberoamericano","status":"publish","type":"post","link":"https:\/\/latamjournalismreview.org\/es\/articles\/twitter-plataformas-moviles-y-participacion-de-lectores-en-linea-entre-los-temas-discutidos-en-el-4o-coloquio-iberoamericano\/","title":{"rendered":"Twitter, plataformas m\u00f3viles y participaci\u00f3n de lectores en l\u00ednea entre los temas discutidos en el 4\u00ba Coloquio Iberoamericano"},"content":{"rendered":"<p><em>Por Ingrid Bachmann<\/em><\/p>\n<p>Un total de 45 periodistas y ejecutivos de medios se reunieron el 3 de abril en Austin con motivo del\u00a0<a href=\"http:\/\/knightcenter.utexas.edu\/es\/colloquium\/ibero2011\">Cuarto Coloquio Iberoamericano de Periodismo Digital<\/a>. La ocasi\u00f3n congreg\u00f3 a representantes de Am\u00e9rica Latina y la Pen\u00ednsula Ib\u00e9rica, quienes discutieron e intercambiaron experiencias sobre la situaci\u00f3n del periodismo online en la regi\u00f3n.<\/p>\n<p>El evento, organizado por el\u00a0<a href=\"http:\/\/knightcenter.utexas.edu\/es\/\">Centro Knight para el Periodismo en las Am\u00e9ricas<\/a>, fue en espa\u00f1ol y se realiz\u00f3 a continuaci\u00f3n del\u00a0<a href=\"http:\/\/online.journalism.utexas.edu\/\">12\u00ba Simposio Internacional de Periodismo Digital<\/a>, efectuado el 1 y 2 de abril.<\/p>\n<p>La jornada comenz\u00f3 con un panel acad\u00e9mico.\u00a0<a href=\"http:\/\/twitter.com\/bethsaad\">Beth Saad<\/a>, investigadora de la\u00a0<a href=\"http:\/\/www4.usp.br\/\">Universidad de Sao Paulo<\/a>, expuso sobre un estudio en curso sobre las estrategias de uso de Twitter por los grandes peri\u00f3dicos brasile\u00f1os. La profesora Saad indic\u00f3 que en general los medios tienden a usar sus perfiles en Twitter para difundir informaciones, pero no para dialogar con sus audiencias, lo que a su juicio es una se\u00f1al de que los medios no tienen claro qu\u00e9 hacer con Twitter ni c\u00f3mo gestionar su presencia en esta red social.<\/p>\n<p>La presentaci\u00f3n de Saad dio lugar a un intercambio de ideas entre profesionales de varios medios sobre qu\u00e9 es lo que espera la gente de los medios en Twitter y c\u00f3mo se puede usar esta tecnolog\u00eda para relacionarse con los lectores. La conclusi\u00f3n de Saad es que los medios parecen creer que s\u00f3lo tener un perfil en Twitter es suficiente, pero para ella \u00e9sta es una estrategia equivocada.<\/p>\n<p><a href=\"http:\/\/twitter.com\/nunovargas\">Nuno Vargas<\/a>, de la Universidad de Barcelona y consultor multimedia de la agencia portuguesa de noticias\u00a0<a href=\"http:\/\/www.lusa.pt\/lusaweb\">LUSA<\/a>, expuso sobre su experiencia en el desarrollo de contenidos para plataformas m\u00f3viles. Vargas destac\u00f3 la importancia de contar con una estrategia clara sobre los formatos y plataformas para usar a la hora de producir noticias para dispositivos como celulares o tabletas. Esto tambi\u00e9n va de la mano con la edici\u00f3n y producci\u00f3n de contenidos ad-hoc. Tal definici\u00f3n del producto que se quiere desarrollar ayuda a optimizar los recursos disponibles y, finalmente, elaborar un producto informativo m\u00e1s direccionado y mejor pensado.<\/p>\n<p>Posteriormente, la profesora de la\u00a0<a href=\"http:\/\/udep.edu.pe\/\">Universidad de Piura<\/a>\u00a0(Per\u00fa)\u00a0<a href=\"http:\/\/twitter.com\/lyud\">Lyudmyla Yezers'ka<\/a>, present\u00f3 su estudio sobre el uso de recursos interactivos en veinte ciberdiarios peruanos, los 10 peri\u00f3dicos nacionales y los 10 regionales de mayor lector\u00eda. Su an\u00e1lisis dio cuenta de un uso extendido de redes sociales (70% de los peri\u00f3dicos) y video (65%) y encuestas (50%), los que ayudan a los peri\u00f3dicos a difundir sus informaciones. Sin embargo, los medios estudiados ofrecen pocas oportunidades para que los usuarios aporten contenidos de inter\u00e9s. Por ejemplo, s\u00f3lo el 10% de los peri\u00f3dicos permite a los lectores enviar sus propias fotograf\u00edas, y ninguno cuenta con blogs escritos por los usuarios. Pese a esto, la acad\u00e9mica destac\u00f3 que hay evidencia de un creciente dinamismo en los ciberdiarios peruanos en los \u00faltimos cinco a\u00f1os, con varios cambios positivos --como su presencia en las redes sociales-- y un mayor aprovechamiento de elementos multimedia.<\/p>\n<p>El coloquio continu\u00f3 con un panel con representantes de la industria, quienes debatieron sobre innovaciones y desaf\u00edos de los nuevos medios.\u00a0<a href=\"http:\/\/twitter.com\/fortes\">Filipe Fortes<\/a>\u00a0hizo una demostraci\u00f3n de\u00a0<a href=\"http:\/\/treesaver.net\/\">Treesaver<\/a>, una plataforma\u00a0<a href=\"http:\/\/es.wikipedia.org\/wiki\/HTML_5\">HTML5<\/a>\u00a0que permite adaptar contenidos digitales a todo tipo de navegadores web. Fortes destac\u00f3 que actualmente los navegadores \u2014en computadores o dispositivos port\u00e1tiles\u2014 pueden hacer mucho m\u00e1s de lo que hac\u00edan hace algunos a\u00f1os y mucho m\u00e1s r\u00e1pido. El lenguaje HMTL5 puede ser usado para presentar contenido web en m\u00faltiples maneras \u2014desde sitios web hasta aplicaciones\u2014 sin exigir al usuario instalar nada, lo que lo hace m\u00e1s universal y m\u00e1s f\u00e1cil, explic\u00f3 Fortes.<\/p>\n<p>La periodista de origen cubano\u00a0<a href=\"http:\/\/twitter.com\/kareliavt\">Karelia V\u00e1zquez<\/a>,\u00a0<a href=\"http:\/\/knight.stanford.edu\/fellows\/\">becaria Knight en la Universidad de Stanford<\/a>, explic\u00f3 los alcances de un proyecto que busca potenciar un debate m\u00e1s fruct\u00edfero en la blogosfera cubana. Seg\u00fan V\u00e1zquez, los blogs son una de las fuentes m\u00e1s fiables de informaci\u00f3n sobre lo que pasa en Cuba y su proyecto apunta a mejorar la presencia digital y elevar la interacci\u00f3n entre los blogueros cubanos.<\/p>\n<p>El secretario de redacci\u00f3n del diario argentino\u00a0<a href=\"http:\/\/www.clarin.com\/\">Clar\u00edn<\/a>,\u00a0<a href=\"http:\/\/twitter.com\/mwinazki\">Miguel Wi\u00f1azki<\/a>, present\u00f3 el concepto de la \u201cnoticia deseada\u201d, aquella pseudoinformaci\u00f3n que la gente impone en los medios. M\u00e1s recientemente, dijo Wi\u00f1azki, \u201cla noticia deseada\u201d es aquella que los gobiernos desean imponer, lo que en el caso de Argentina ha resultado en una creciente hostilidad contra la prensa. Esto ha redundado en que las redes sociales no sean una herramienta \u00fatil para difundir informaciones o interactuar con los usuarios, porque aquellas informaciones que no se someten a la noticia deseada, explic\u00f3 Wi\u00f1azki, se convierten en blanco de una ofensiva de insultos contra periodistas y medios.<\/p>\n<p>El coloquio concluy\u00f3 con una mesa redonda informal en el que periodistas mexicanos intercambiaron sus experiencias sobre la\u00a0<a href=\"http:\/\/knightcenter.utexas.edu\/es\/search\/node\/m%C3%A9xico%20violencia%20%22crimen%20organizado%22%20type%3Ablog\">violencia ligada al narcotr\u00e1fico<\/a>\u00a0y las consecuencias que tiene en el periodismo (para m\u00e1s detalles sobre las amenazas al periodismo en M\u00e9xico,\u00a0<a href=\"http:\/\/knightcenter.utexas.edu\/es\/blog\/mapa-del-centro-knight-da-cuenta-de-las-amenazas-al-periodismo-en-mexico\">vea este mapa del Centro Knight<\/a>). La situaci\u00f3n ha llevado a varios medios a desarrollar protocolos espec\u00edficos para abordar temas de seguridad, pero los participantes coincidieron en que la situaci\u00f3n cambia de un estado a otro y no se pueden aplicar las mismas reglas en todas partes.<\/p>\n<p><i>Este blog es producido por el Centro Knight para el Periodismo en las Am\u00e9ricas de la Universidad de Texas en Austin y financiado por la\u00a0<a href=\"http:\/\/www.knightfoundation.org\/\">John S. and James L. Knight Foundation<\/a>.<\/i><\/p>\n<p><em>Nota del editor: Esta historia fue publicada originalmente en el blog Periodismo en las Am\u00e9ricas del Centro Knight, el predecesor de LatAm Journalism Review.<\/em><\/p>\n","protected":false},"excerpt":{"rendered":"<p>Un total de 45 periodistas y ejecutivos de medios se reunieron el 3 de abril en Austin con motivo del\u00a0Cuarto Coloquio Iberoamericano de Periodismo Digital. La ocasi\u00f3n congreg\u00f3 a representantes de Am\u00e9rica Latina y la Pen\u00ednsula Ib\u00e9rica, quienes discutieron e intercambiaron experiencias sobre la situaci\u00f3n del periodismo online en la regi\u00f3n.<\/p>\n","protected":false},"author":17,"featured_media":0,"comment_status":"closed","ping_status":"closed","sticky":false,"template":"","format":"standard","meta":{"inline_featured_image":false,"footnotes":""},"categories":[18],"tags":[1422,1464,1499],"coauthors":[],"class_list":["post-57278","post","type-post","status-publish","format-standard","hentry","category-sin-categorizar","tag-acceso-a-la-informacion-es","tag-isoj-es","tag-periodismo-digital-es"],"acf":[],"yoast_head":"<!-- This site is optimized with the Yoast SEO Premium plugin v22.6 (Yoast SEO v27.4) - https:\/\/yoast.com\/product\/yoast-seo-premium-wordpress\/ -->\n<title>Twitter, plataformas m\u00f3viles y participaci\u00f3n de lectores en l\u00ednea entre los temas discutidos en el 4\u00ba Coloquio Iberoamericano - LatAm Journalism Review<\/title>\n<meta name=\"description\" content=\"Twitter, plataformas m\u00f3viles y participaci\u00f3n de lectores en l\u00ednea entre los temas discutidos en el 4\u00ba Coloquio Iberoamericano . Latin American Journalism Review by The Knight Center at The University of Texas at Austin.\" \/>\n<meta name=\"robots\" content=\"index, follow, max-snippet:-1, max-image-preview:large, max-video-preview:-1\" \/>\n<link rel=\"canonical\" href=\"https:\/\/latamjournalismreview.org\/es\/articles\/twitter-plataformas-moviles-y-participacion-de-lectores-en-linea-entre-los-temas-discutidos-en-el-4o-coloquio-iberoamericano\/\" \/>\n<meta property=\"og:locale\" content=\"es_ES\" \/>\n<meta property=\"og:type\" content=\"article\" \/>\n<meta property=\"og:title\" content=\"Twitter, plataformas m\u00f3viles y participaci\u00f3n de lectores en l\u00ednea entre los temas discutidos en el 4\u00ba Coloquio Iberoamericano\" \/>\n<meta property=\"og:description\" content=\"Twitter, plataformas m\u00f3viles y participaci\u00f3n de lectores en l\u00ednea entre los temas discutidos en el 4\u00ba Coloquio Iberoamericano . Latin American Journalism Review by The Knight Center at The University of Texas at Austin.\" \/>\n<meta property=\"og:url\" content=\"https:\/\/latamjournalismreview.org\/es\/articles\/twitter-plataformas-moviles-y-participacion-de-lectores-en-linea-entre-los-temas-discutidos-en-el-4o-coloquio-iberoamericano\/\" \/>\n<meta property=\"og:site_name\" content=\"LatAm Journalism Review\" \/>\n<meta property=\"article:published_time\" content=\"2011-04-03T18:06:56+00:00\" \/>\n<meta property=\"article:modified_time\" content=\"2022-06-08T18:07:52+00:00\" \/>\n<meta name=\"author\" content=\"Guest\" \/>\n<meta name=\"twitter:card\" content=\"summary_large_image\" \/>\n<meta name=\"twitter:creator\" content=\"@LatAmJournalism\" \/>\n<meta name=\"twitter:site\" content=\"@LatAmJournalism\" \/>\n<meta name=\"twitter:label1\" content=\"Written by\" \/>\n\t<meta name=\"twitter:data1\" content=\"Guest\" \/>\n\t<meta name=\"twitter:label2\" content=\"Est. reading time\" \/>\n\t<meta name=\"twitter:data2\" content=\"5 minutos\" \/>\n<script type=\"application\/ld+json\" class=\"yoast-schema-graph\">{\"@context\":\"https:\\\/\\\/schema.org\",\"@graph\":[{\"@type\":\"Article\",\"@id\":\"https:\\\/\\\/latamjournalismreview.org\\\/es\\\/articles\\\/twitter-plataformas-moviles-y-participacion-de-lectores-en-linea-entre-los-temas-discutidos-en-el-4o-coloquio-iberoamericano\\\/#article\",\"isPartOf\":{\"@id\":\"https:\\\/\\\/latamjournalismreview.org\\\/es\\\/articles\\\/twitter-plataformas-moviles-y-participacion-de-lectores-en-linea-entre-los-temas-discutidos-en-el-4o-coloquio-iberoamericano\\\/\"},\"author\":{\"name\":\"Guest\",\"@id\":\"https:\\\/\\\/latamjournalismreview.org\\\/es\\\/#\\\/schema\\\/person\\\/0315202e0b3c0963a2440f1c3012c360\"},\"headline\":\"Twitter, plataformas m\u00f3viles y participaci\u00f3n de lectores en l\u00ednea entre los temas discutidos en el 4\u00ba Coloquio Iberoamericano\",\"datePublished\":\"2011-04-03T18:06:56+00:00\",\"dateModified\":\"2022-06-08T18:07:52+00:00\",\"mainEntityOfPage\":{\"@id\":\"https:\\\/\\\/latamjournalismreview.org\\\/es\\\/articles\\\/twitter-plataformas-moviles-y-participacion-de-lectores-en-linea-entre-los-temas-discutidos-en-el-4o-coloquio-iberoamericano\\\/\"},\"wordCount\":987,\"publisher\":{\"@id\":\"https:\\\/\\\/latamjournalismreview.org\\\/es\\\/#organization\"},\"keywords\":[\"Acceso a la informaci\u00f3n\",\"ISOJ\",\"Periodismo digital\"],\"articleSection\":[\"Sin categorizar\"],\"inLanguage\":\"es\"},{\"@type\":\"WebPage\",\"@id\":\"https:\\\/\\\/latamjournalismreview.org\\\/es\\\/articles\\\/twitter-plataformas-moviles-y-participacion-de-lectores-en-linea-entre-los-temas-discutidos-en-el-4o-coloquio-iberoamericano\\\/\",\"url\":\"https:\\\/\\\/latamjournalismreview.org\\\/es\\\/articles\\\/twitter-plataformas-moviles-y-participacion-de-lectores-en-linea-entre-los-temas-discutidos-en-el-4o-coloquio-iberoamericano\\\/\",\"name\":\"Twitter, plataformas m\u00f3viles y participaci\u00f3n de lectores en l\u00ednea entre los temas discutidos en el 4\u00ba Coloquio Iberoamericano - LatAm Journalism Review\",\"isPartOf\":{\"@id\":\"https:\\\/\\\/latamjournalismreview.org\\\/es\\\/#website\"},\"datePublished\":\"2011-04-03T18:06:56+00:00\",\"dateModified\":\"2022-06-08T18:07:52+00:00\",\"description\":\"Twitter, plataformas m\u00f3viles y participaci\u00f3n de lectores en l\u00ednea entre los temas discutidos en el 4\u00ba Coloquio Iberoamericano . Latin American Journalism Review by The Knight Center at The University of Texas at Austin.\",\"breadcrumb\":{\"@id\":\"https:\\\/\\\/latamjournalismreview.org\\\/es\\\/articles\\\/twitter-plataformas-moviles-y-participacion-de-lectores-en-linea-entre-los-temas-discutidos-en-el-4o-coloquio-iberoamericano\\\/#breadcrumb\"},\"inLanguage\":\"es\",\"potentialAction\":[{\"@type\":\"ReadAction\",\"target\":[\"https:\\\/\\\/latamjournalismreview.org\\\/es\\\/articles\\\/twitter-plataformas-moviles-y-participacion-de-lectores-en-linea-entre-los-temas-discutidos-en-el-4o-coloquio-iberoamericano\\\/\"]}]},{\"@type\":\"BreadcrumbList\",\"@id\":\"https:\\\/\\\/latamjournalismreview.org\\\/es\\\/articles\\\/twitter-plataformas-moviles-y-participacion-de-lectores-en-linea-entre-los-temas-discutidos-en-el-4o-coloquio-iberoamericano\\\/#breadcrumb\",\"itemListElement\":[{\"@type\":\"ListItem\",\"position\":1,\"name\":\"Home\",\"item\":\"https:\\\/\\\/latamjournalismreview.org\\\/es\\\/\"},{\"@type\":\"ListItem\",\"position\":2,\"name\":\"Twitter, plataformas m\u00f3viles y participaci\u00f3n de lectores en l\u00ednea entre los temas discutidos en el 4\u00ba Coloquio Iberoamericano\"}]},{\"@type\":\"WebSite\",\"@id\":\"https:\\\/\\\/latamjournalismreview.org\\\/es\\\/#website\",\"url\":\"https:\\\/\\\/latamjournalismreview.org\\\/es\\\/\",\"name\":\"LatAm Journalism Review\",\"description\":\"Knight Center at The University of Texas\",\"publisher\":{\"@id\":\"https:\\\/\\\/latamjournalismreview.org\\\/es\\\/#organization\"},\"potentialAction\":[{\"@type\":\"SearchAction\",\"target\":{\"@type\":\"EntryPoint\",\"urlTemplate\":\"https:\\\/\\\/latamjournalismreview.org\\\/es\\\/?s={search_term_string}\"},\"query-input\":{\"@type\":\"PropertyValueSpecification\",\"valueRequired\":true,\"valueName\":\"search_term_string\"}}],\"inLanguage\":\"es\"},{\"@type\":\"Organization\",\"@id\":\"https:\\\/\\\/latamjournalismreview.org\\\/es\\\/#organization\",\"name\":\"LatAm Journalism Review\",\"url\":\"https:\\\/\\\/latamjournalismreview.org\\\/es\\\/\",\"logo\":{\"@type\":\"ImageObject\",\"inLanguage\":\"es\",\"@id\":\"https:\\\/\\\/latamjournalismreview.org\\\/es\\\/#\\\/schema\\\/logo\\\/image\\\/\",\"url\":\"https:\\\/\\\/latamjournalismreview.org\\\/wp-content\\\/uploads\\\/2020\\\/05\\\/knight-latAm-review-logo.svg\",\"contentUrl\":\"https:\\\/\\\/latamjournalismreview.org\\\/wp-content\\\/uploads\\\/2020\\\/05\\\/knight-latAm-review-logo.svg\",\"width\":\"1024\",\"height\":\"1024\",\"caption\":\"LatAm Journalism Review\"},\"image\":{\"@id\":\"https:\\\/\\\/latamjournalismreview.org\\\/es\\\/#\\\/schema\\\/logo\\\/image\\\/\"},\"sameAs\":[\"https:\\\/\\\/x.com\\\/LatAmJournalism\"]},{\"@type\":\"Person\",\"@id\":\"https:\\\/\\\/latamjournalismreview.org\\\/es\\\/#\\\/schema\\\/person\\\/0315202e0b3c0963a2440f1c3012c360\",\"name\":\"Guest\",\"url\":\"https:\\\/\\\/latamjournalismreview.org\\\/es\\\/articles\\\/author\\\/guest\\\/\"}]}<\/script>\n<!-- \/ Yoast SEO Premium plugin. -->","yoast_head_json":{"title":"Twitter, plataformas m\u00f3viles y participaci\u00f3n de lectores en l\u00ednea entre los temas discutidos en el 4\u00ba Coloquio Iberoamericano - LatAm Journalism Review","description":"Twitter, plataformas m\u00f3viles y participaci\u00f3n de lectores en l\u00ednea entre los temas discutidos en el 4\u00ba Coloquio Iberoamericano . Latin American Journalism Review by The Knight Center at The University of Texas at Austin.","robots":{"index":"index","follow":"follow","max-snippet":"max-snippet:-1","max-image-preview":"max-image-preview:large","max-video-preview":"max-video-preview:-1"},"canonical":"https:\/\/latamjournalismreview.org\/es\/articles\/twitter-plataformas-moviles-y-participacion-de-lectores-en-linea-entre-los-temas-discutidos-en-el-4o-coloquio-iberoamericano\/","og_locale":"es_ES","og_type":"article","og_title":"Twitter, plataformas m\u00f3viles y participaci\u00f3n de lectores en l\u00ednea entre los temas discutidos en el 4\u00ba Coloquio Iberoamericano","og_description":"Twitter, plataformas m\u00f3viles y participaci\u00f3n de lectores en l\u00ednea entre los temas discutidos en el 4\u00ba Coloquio Iberoamericano . Latin American Journalism Review by The Knight Center at The University of Texas at Austin.","og_url":"https:\/\/latamjournalismreview.org\/es\/articles\/twitter-plataformas-moviles-y-participacion-de-lectores-en-linea-entre-los-temas-discutidos-en-el-4o-coloquio-iberoamericano\/","og_site_name":"LatAm Journalism Review","article_published_time":"2011-04-03T18:06:56+00:00","article_modified_time":"2022-06-08T18:07:52+00:00","author":"Guest","twitter_card":"summary_large_image","twitter_creator":"@LatAmJournalism","twitter_site":"@LatAmJournalism","twitter_misc":{"Written by":"Guest","Est. reading time":"5 minutos"},"schema":{"@context":"https:\/\/schema.org","@graph":[{"@type":"Article","@id":"https:\/\/latamjournalismreview.org\/es\/articles\/twitter-plataformas-moviles-y-participacion-de-lectores-en-linea-entre-los-temas-discutidos-en-el-4o-coloquio-iberoamericano\/#article","isPartOf":{"@id":"https:\/\/latamjournalismreview.org\/es\/articles\/twitter-plataformas-moviles-y-participacion-de-lectores-en-linea-entre-los-temas-discutidos-en-el-4o-coloquio-iberoamericano\/"},"author":{"name":"Guest","@id":"https:\/\/latamjournalismreview.org\/es\/#\/schema\/person\/0315202e0b3c0963a2440f1c3012c360"},"headline":"Twitter, plataformas m\u00f3viles y participaci\u00f3n de lectores en l\u00ednea entre los temas discutidos en el 4\u00ba Coloquio Iberoamericano","datePublished":"2011-04-03T18:06:56+00:00","dateModified":"2022-06-08T18:07:52+00:00","mainEntityOfPage":{"@id":"https:\/\/latamjournalismreview.org\/es\/articles\/twitter-plataformas-moviles-y-participacion-de-lectores-en-linea-entre-los-temas-discutidos-en-el-4o-coloquio-iberoamericano\/"},"wordCount":987,"publisher":{"@id":"https:\/\/latamjournalismreview.org\/es\/#organization"},"keywords":["Acceso a la informaci\u00f3n","ISOJ","Periodismo digital"],"articleSection":["Sin categorizar"],"inLanguage":"es"},{"@type":"WebPage","@id":"https:\/\/latamjournalismreview.org\/es\/articles\/twitter-plataformas-moviles-y-participacion-de-lectores-en-linea-entre-los-temas-discutidos-en-el-4o-coloquio-iberoamericano\/","url":"https:\/\/latamjournalismreview.org\/es\/articles\/twitter-plataformas-moviles-y-participacion-de-lectores-en-linea-entre-los-temas-discutidos-en-el-4o-coloquio-iberoamericano\/","name":"Twitter, plataformas m\u00f3viles y participaci\u00f3n de lectores en l\u00ednea entre los temas discutidos en el 4\u00ba Coloquio Iberoamericano - LatAm Journalism Review","isPartOf":{"@id":"https:\/\/latamjournalismreview.org\/es\/#website"},"datePublished":"2011-04-03T18:06:56+00:00","dateModified":"2022-06-08T18:07:52+00:00","description":"Twitter, plataformas m\u00f3viles y participaci\u00f3n de lectores en l\u00ednea entre los temas discutidos en el 4\u00ba Coloquio Iberoamericano . Latin American Journalism Review by The Knight Center at The University of Texas at Austin.","breadcrumb":{"@id":"https:\/\/latamjournalismreview.org\/es\/articles\/twitter-plataformas-moviles-y-participacion-de-lectores-en-linea-entre-los-temas-discutidos-en-el-4o-coloquio-iberoamericano\/#breadcrumb"},"inLanguage":"es","potentialAction":[{"@type":"ReadAction","target":["https:\/\/latamjournalismreview.org\/es\/articles\/twitter-plataformas-moviles-y-participacion-de-lectores-en-linea-entre-los-temas-discutidos-en-el-4o-coloquio-iberoamericano\/"]}]},{"@type":"BreadcrumbList","@id":"https:\/\/latamjournalismreview.org\/es\/articles\/twitter-plataformas-moviles-y-participacion-de-lectores-en-linea-entre-los-temas-discutidos-en-el-4o-coloquio-iberoamericano\/#breadcrumb","itemListElement":[{"@type":"ListItem","position":1,"name":"Home","item":"https:\/\/latamjournalismreview.org\/es\/"},{"@type":"ListItem","position":2,"name":"Twitter, plataformas m\u00f3viles y participaci\u00f3n de lectores en l\u00ednea entre los temas discutidos en el 4\u00ba Coloquio Iberoamericano"}]},{"@type":"WebSite","@id":"https:\/\/latamjournalismreview.org\/es\/#website","url":"https:\/\/latamjournalismreview.org\/es\/","name":"LatAm Journalism Review","description":"Knight Center at The University of Texas","publisher":{"@id":"https:\/\/latamjournalismreview.org\/es\/#organization"},"potentialAction":[{"@type":"SearchAction","target":{"@type":"EntryPoint","urlTemplate":"https:\/\/latamjournalismreview.org\/es\/?s={search_term_string}"},"query-input":{"@type":"PropertyValueSpecification","valueRequired":true,"valueName":"search_term_string"}}],"inLanguage":"es"},{"@type":"Organization","@id":"https:\/\/latamjournalismreview.org\/es\/#organization","name":"LatAm Journalism Review","url":"https:\/\/latamjournalismreview.org\/es\/","logo":{"@type":"ImageObject","inLanguage":"es","@id":"https:\/\/latamjournalismreview.org\/es\/#\/schema\/logo\/image\/","url":"https:\/\/latamjournalismreview.org\/wp-content\/uploads\/2020\/05\/knight-latAm-review-logo.svg","contentUrl":"https:\/\/latamjournalismreview.org\/wp-content\/uploads\/2020\/05\/knight-latAm-review-logo.svg","width":"1024","height":"1024","caption":"LatAm Journalism Review"},"image":{"@id":"https:\/\/latamjournalismreview.org\/es\/#\/schema\/logo\/image\/"},"sameAs":["https:\/\/x.com\/LatAmJournalism"]},{"@type":"Person","@id":"https:\/\/latamjournalismreview.org\/es\/#\/schema\/person\/0315202e0b3c0963a2440f1c3012c360","name":"Guest","url":"https:\/\/latamjournalismreview.org\/es\/articles\/author\/guest\/"}]}},"_links":{"self":[{"href":"https:\/\/latamjournalismreview.org\/es\/wp-json\/wp\/v2\/posts\/57278","targetHints":{"allow":["GET"]}}],"collection":[{"href":"https:\/\/latamjournalismreview.org\/es\/wp-json\/wp\/v2\/posts"}],"about":[{"href":"https:\/\/latamjournalismreview.org\/es\/wp-json\/wp\/v2\/types\/post"}],"author":[{"embeddable":true,"href":"https:\/\/latamjournalismreview.org\/es\/wp-json\/wp\/v2\/users\/17"}],"replies":[{"embeddable":true,"href":"https:\/\/latamjournalismreview.org\/es\/wp-json\/wp\/v2\/comments?post=57278"}],"version-history":[{"count":1,"href":"https:\/\/latamjournalismreview.org\/es\/wp-json\/wp\/v2\/posts\/57278\/revisions"}],"predecessor-version":[{"id":57281,"href":"https:\/\/latamjournalismreview.org\/es\/wp-json\/wp\/v2\/posts\/57278\/revisions\/57281"}],"wp:attachment":[{"href":"https:\/\/latamjournalismreview.org\/es\/wp-json\/wp\/v2\/media?parent=57278"}],"wp:term":[{"taxonomy":"category","embeddable":true,"href":"https:\/\/latamjournalismreview.org\/es\/wp-json\/wp\/v2\/categories?post=57278"},{"taxonomy":"post_tag","embeddable":true,"href":"https:\/\/latamjournalismreview.org\/es\/wp-json\/wp\/v2\/tags?post=57278"},{"taxonomy":"author","embeddable":true,"href":"https:\/\/latamjournalismreview.org\/es\/wp-json\/wp\/v2\/coauthors?post=57278"}],"curies":[{"name":"wp","href":"https:\/\/api.w.org\/{rel}","templated":true}]}}