{"id":57280,"date":"2011-04-01T13:07:12","date_gmt":"2011-04-01T18:07:12","guid":{"rendered":"https:\/\/latamjournalismreview.org\/?p=57280"},"modified":"2022-06-08T13:08:23","modified_gmt":"2022-06-08T18:08:23","slug":"arrojan-granada-contra-filial-de-diario-el-norte-en-mexico","status":"publish","type":"post","link":"https:\/\/latamjournalismreview.org\/es\/articles\/arrojan-granada-contra-filial-de-diario-el-norte-en-mexico\/","title":{"rendered":"Arrojan granada contra filial de diario \u201cEl Norte\u201d en M\u00e9xico"},"content":{"rendered":"<p>Por tercera vez en menos de medio a\u00f1o el edificio de una publicaci\u00f3n del diario\u00a0<a href=\"http:\/\/www.elnorte.com\/\">El Norte<\/a>, perteneciente al\u00a0<a href=\"http:\/\/www.reforma.com\/\">Grupo Reforma<\/a>\u00a0y ubicadas en la norte\u00f1a ciudad mexicana de\u00a0<a href=\"http:\/\/es.wikipedia.org\/wiki\/Monterrey\">Monterrey<\/a>, fueron\u00a0<a href=\"http:\/\/www.vanguardia.com.mx\/atacanunperiodicoenmonterrey-687384.html\">atacadas con una granada<\/a>, inform\u00f3 Vanguardia.<\/p>\n<p>Desconocidos a bordo de un veh\u00edculo arrojaron el artefacto explosivo a las instalaciones de Edici\u00f3n La Silla la noche del jueves 31 de marzo\u00a0<a href=\"http:\/\/www.google.com\/hostednews\/epa\/article\/ALeqM5jIU4xCDoXZmpNbvoj-2Erc0RkFWA?docId=1499310\">sin causar heridos<\/a>\u00a0ni provocar mayores da\u00f1os, a excepci\u00f3n de dos ventanas, report\u00f3 la agencia EFE.<\/p>\n<p>La Silla hab\u00eda sufrido otros dos ataques previos, tambi\u00e9n con artefactos explosivos el 20 de septiembre de 2010, cuando desconocidos atacaron la reja que rodea al edificio, y el pasado 10 de enero, cuando un grupo armado lanz\u00f3\u00a0<a href=\"http:\/\/knightcenter.utexas.edu\/es\/blog\/ataque-con-granada-y-fusiles-oficinas-de-diario-mexicano-en-monterrey-deja-danos-en-la-fachada\">dos granadas contra su acceso principal<\/a>.<\/p>\n<p>Ataques similares ocurrieron el a\u00f1o pasado a instalaciones de la cadena de televisi\u00f3n\u00a0<a href=\"http:\/\/knightcenter.utexas.edu\/es\/blog\/desconocidos-lanzan-granadas-contra-sedes-de-televisa-en-el-norte-de-mexico\">Televisa<\/a>.<\/p>\n<p>Para m\u00e1s detalles sobre la violencia contra periodistas en M\u00e9xico, vea el\u00a0<a href=\"http:\/\/knightcenter.utexas.edu\/es\/blog\/mapa-del-centro-knight-da-cuenta-de-las-amenazas-al-periodismo-en-mexico\">Mapa del Centro Knight<\/a>\u00a0sobre el tema.<\/p>\n<p><em>Nota del editor: Esta historia fue publicada originalmente en el blog Periodismo en las Am\u00e9ricas del Centro Knight, el predecesor de LatAm Journalism Review.<\/em><\/p>\n","protected":false},"excerpt":{"rendered":"<p>Por tercera vez en menos de medio a\u00f1o el edificio de una publicaci\u00f3n del diario\u00a0El Norte, perteneciente al\u00a0Grupo Reforma\u00a0y ubicadas en la norte\u00f1a ciudad mexicana de\u00a0Monterrey, fueron\u00a0atacadas con una granada, inform\u00f3 Vanguardia.<\/p>\n","protected":false},"author":43,"featured_media":0,"comment_status":"closed","ping_status":"closed","sticky":false,"template":"","format":"standard","meta":{"inline_featured_image":false,"footnotes":""},"categories":[1222],"tags":[1478,1393],"coauthors":[],"class_list":["post-57280","post","type-post","status-publish","format-standard","hentry","category-violencia-contra-periodistas-es","tag-agresiones-contra-periodistas-es","tag-mexico-es"],"acf":[],"yoast_head":"<!-- This site is optimized with the Yoast SEO Premium plugin v22.6 (Yoast SEO v27.4) - https:\/\/yoast.com\/product\/yoast-seo-premium-wordpress\/ -->\n<title>Arrojan granada contra filial de diario \u201cEl Norte\u201d en M\u00e9xico - LatAm Journalism Review<\/title>\n<meta name=\"description\" content=\"Arrojan granada contra filial de diario \u201cEl Norte\u201d en M\u00e9xico Violencia Contra Periodistas. Latin American Journalism Review by The Knight Center at The University of Texas at Austin.\" \/>\n<meta name=\"robots\" content=\"index, follow, max-snippet:-1, max-image-preview:large, max-video-preview:-1\" \/>\n<link rel=\"canonical\" href=\"https:\/\/latamjournalismreview.org\/es\/articles\/arrojan-granada-contra-filial-de-diario-el-norte-en-mexico\/\" \/>\n<meta property=\"og:locale\" content=\"es_ES\" \/>\n<meta property=\"og:type\" content=\"article\" \/>\n<meta property=\"og:title\" content=\"Arrojan granada contra filial de diario \u201cEl Norte\u201d en M\u00e9xico\" \/>\n<meta property=\"og:description\" content=\"Arrojan granada contra filial de diario \u201cEl Norte\u201d en M\u00e9xico Violencia Contra Periodistas. Latin American Journalism Review by The Knight Center at The University of Texas at Austin.\" \/>\n<meta property=\"og:url\" content=\"https:\/\/latamjournalismreview.org\/es\/articles\/arrojan-granada-contra-filial-de-diario-el-norte-en-mexico\/\" \/>\n<meta property=\"og:site_name\" content=\"LatAm Journalism Review\" \/>\n<meta property=\"article:published_time\" content=\"2011-04-01T18:07:12+00:00\" \/>\n<meta property=\"article:modified_time\" content=\"2022-06-08T18:08:23+00:00\" \/>\n<meta name=\"author\" content=\"Monica Medel\" \/>\n<meta name=\"twitter:card\" content=\"summary_large_image\" \/>\n<meta name=\"twitter:creator\" content=\"@LatAmJournalism\" \/>\n<meta name=\"twitter:site\" content=\"@LatAmJournalism\" \/>\n<meta name=\"twitter:label1\" content=\"Written by\" \/>\n\t<meta name=\"twitter:data1\" content=\"Monica Medel\" \/>\n\t<meta name=\"twitter:label2\" content=\"Est. reading time\" \/>\n\t<meta name=\"twitter:data2\" content=\"1 minuto\" \/>\n<script type=\"application\/ld+json\" class=\"yoast-schema-graph\">{\"@context\":\"https:\\\/\\\/schema.org\",\"@graph\":[{\"@type\":\"Article\",\"@id\":\"https:\\\/\\\/latamjournalismreview.org\\\/es\\\/articles\\\/arrojan-granada-contra-filial-de-diario-el-norte-en-mexico\\\/#article\",\"isPartOf\":{\"@id\":\"https:\\\/\\\/latamjournalismreview.org\\\/es\\\/articles\\\/arrojan-granada-contra-filial-de-diario-el-norte-en-mexico\\\/\"},\"author\":{\"name\":\"Monica Medel\",\"@id\":\"https:\\\/\\\/latamjournalismreview.org\\\/es\\\/#\\\/schema\\\/person\\\/1746872e9af4abc45355e4a7a4ddcea5\"},\"headline\":\"Arrojan granada contra filial de diario \u201cEl Norte\u201d en M\u00e9xico\",\"datePublished\":\"2011-04-01T18:07:12+00:00\",\"dateModified\":\"2022-06-08T18:08:23+00:00\",\"mainEntityOfPage\":{\"@id\":\"https:\\\/\\\/latamjournalismreview.org\\\/es\\\/articles\\\/arrojan-granada-contra-filial-de-diario-el-norte-en-mexico\\\/\"},\"wordCount\":199,\"publisher\":{\"@id\":\"https:\\\/\\\/latamjournalismreview.org\\\/es\\\/#organization\"},\"keywords\":[\"Agresiones contra periodistas\",\"M\u00e9xico\"],\"articleSection\":[\"Violencia Contra Periodistas\"],\"inLanguage\":\"es\"},{\"@type\":\"WebPage\",\"@id\":\"https:\\\/\\\/latamjournalismreview.org\\\/es\\\/articles\\\/arrojan-granada-contra-filial-de-diario-el-norte-en-mexico\\\/\",\"url\":\"https:\\\/\\\/latamjournalismreview.org\\\/es\\\/articles\\\/arrojan-granada-contra-filial-de-diario-el-norte-en-mexico\\\/\",\"name\":\"Arrojan granada contra filial de diario \u201cEl Norte\u201d en M\u00e9xico - LatAm Journalism Review\",\"isPartOf\":{\"@id\":\"https:\\\/\\\/latamjournalismreview.org\\\/es\\\/#website\"},\"datePublished\":\"2011-04-01T18:07:12+00:00\",\"dateModified\":\"2022-06-08T18:08:23+00:00\",\"description\":\"Arrojan granada contra filial de diario \u201cEl Norte\u201d en M\u00e9xico Violencia Contra Periodistas. Latin American Journalism Review by The Knight Center at The University of Texas at Austin.\",\"breadcrumb\":{\"@id\":\"https:\\\/\\\/latamjournalismreview.org\\\/es\\\/articles\\\/arrojan-granada-contra-filial-de-diario-el-norte-en-mexico\\\/#breadcrumb\"},\"inLanguage\":\"es\",\"potentialAction\":[{\"@type\":\"ReadAction\",\"target\":[\"https:\\\/\\\/latamjournalismreview.org\\\/es\\\/articles\\\/arrojan-granada-contra-filial-de-diario-el-norte-en-mexico\\\/\"]}]},{\"@type\":\"BreadcrumbList\",\"@id\":\"https:\\\/\\\/latamjournalismreview.org\\\/es\\\/articles\\\/arrojan-granada-contra-filial-de-diario-el-norte-en-mexico\\\/#breadcrumb\",\"itemListElement\":[{\"@type\":\"ListItem\",\"position\":1,\"name\":\"Home\",\"item\":\"https:\\\/\\\/latamjournalismreview.org\\\/es\\\/\"},{\"@type\":\"ListItem\",\"position\":2,\"name\":\"Arrojan granada contra filial de diario \u201cEl Norte\u201d en M\u00e9xico\"}]},{\"@type\":\"WebSite\",\"@id\":\"https:\\\/\\\/latamjournalismreview.org\\\/es\\\/#website\",\"url\":\"https:\\\/\\\/latamjournalismreview.org\\\/es\\\/\",\"name\":\"LatAm Journalism Review\",\"description\":\"Knight Center at The University of Texas\",\"publisher\":{\"@id\":\"https:\\\/\\\/latamjournalismreview.org\\\/es\\\/#organization\"},\"potentialAction\":[{\"@type\":\"SearchAction\",\"target\":{\"@type\":\"EntryPoint\",\"urlTemplate\":\"https:\\\/\\\/latamjournalismreview.org\\\/es\\\/?s={search_term_string}\"},\"query-input\":{\"@type\":\"PropertyValueSpecification\",\"valueRequired\":true,\"valueName\":\"search_term_string\"}}],\"inLanguage\":\"es\"},{\"@type\":\"Organization\",\"@id\":\"https:\\\/\\\/latamjournalismreview.org\\\/es\\\/#organization\",\"name\":\"LatAm Journalism Review\",\"url\":\"https:\\\/\\\/latamjournalismreview.org\\\/es\\\/\",\"logo\":{\"@type\":\"ImageObject\",\"inLanguage\":\"es\",\"@id\":\"https:\\\/\\\/latamjournalismreview.org\\\/es\\\/#\\\/schema\\\/logo\\\/image\\\/\",\"url\":\"https:\\\/\\\/latamjournalismreview.org\\\/wp-content\\\/uploads\\\/2020\\\/05\\\/knight-latAm-review-logo.svg\",\"contentUrl\":\"https:\\\/\\\/latamjournalismreview.org\\\/wp-content\\\/uploads\\\/2020\\\/05\\\/knight-latAm-review-logo.svg\",\"width\":\"1024\",\"height\":\"1024\",\"caption\":\"LatAm Journalism Review\"},\"image\":{\"@id\":\"https:\\\/\\\/latamjournalismreview.org\\\/es\\\/#\\\/schema\\\/logo\\\/image\\\/\"},\"sameAs\":[\"https:\\\/\\\/x.com\\\/LatAmJournalism\"]},{\"@type\":\"Person\",\"@id\":\"https:\\\/\\\/latamjournalismreview.org\\\/es\\\/#\\\/schema\\\/person\\\/1746872e9af4abc45355e4a7a4ddcea5\",\"name\":\"Monica Medel\",\"url\":\"https:\\\/\\\/latamjournalismreview.org\\\/es\\\/articles\\\/author\\\/monica-medel\\\/\"}]}<\/script>\n<!-- \/ Yoast SEO Premium plugin. -->","yoast_head_json":{"title":"Arrojan granada contra filial de diario \u201cEl Norte\u201d en M\u00e9xico - LatAm Journalism Review","description":"Arrojan granada contra filial de diario \u201cEl Norte\u201d en M\u00e9xico Violencia Contra Periodistas. Latin American Journalism Review by The Knight Center at The University of Texas at Austin.","robots":{"index":"index","follow":"follow","max-snippet":"max-snippet:-1","max-image-preview":"max-image-preview:large","max-video-preview":"max-video-preview:-1"},"canonical":"https:\/\/latamjournalismreview.org\/es\/articles\/arrojan-granada-contra-filial-de-diario-el-norte-en-mexico\/","og_locale":"es_ES","og_type":"article","og_title":"Arrojan granada contra filial de diario \u201cEl Norte\u201d en M\u00e9xico","og_description":"Arrojan granada contra filial de diario \u201cEl Norte\u201d en M\u00e9xico Violencia Contra Periodistas. Latin American Journalism Review by The Knight Center at The University of Texas at Austin.","og_url":"https:\/\/latamjournalismreview.org\/es\/articles\/arrojan-granada-contra-filial-de-diario-el-norte-en-mexico\/","og_site_name":"LatAm Journalism Review","article_published_time":"2011-04-01T18:07:12+00:00","article_modified_time":"2022-06-08T18:08:23+00:00","author":"Monica Medel","twitter_card":"summary_large_image","twitter_creator":"@LatAmJournalism","twitter_site":"@LatAmJournalism","twitter_misc":{"Written by":"Monica Medel","Est. reading time":"1 minuto"},"schema":{"@context":"https:\/\/schema.org","@graph":[{"@type":"Article","@id":"https:\/\/latamjournalismreview.org\/es\/articles\/arrojan-granada-contra-filial-de-diario-el-norte-en-mexico\/#article","isPartOf":{"@id":"https:\/\/latamjournalismreview.org\/es\/articles\/arrojan-granada-contra-filial-de-diario-el-norte-en-mexico\/"},"author":{"name":"Monica Medel","@id":"https:\/\/latamjournalismreview.org\/es\/#\/schema\/person\/1746872e9af4abc45355e4a7a4ddcea5"},"headline":"Arrojan granada contra filial de diario \u201cEl Norte\u201d en M\u00e9xico","datePublished":"2011-04-01T18:07:12+00:00","dateModified":"2022-06-08T18:08:23+00:00","mainEntityOfPage":{"@id":"https:\/\/latamjournalismreview.org\/es\/articles\/arrojan-granada-contra-filial-de-diario-el-norte-en-mexico\/"},"wordCount":199,"publisher":{"@id":"https:\/\/latamjournalismreview.org\/es\/#organization"},"keywords":["Agresiones contra periodistas","M\u00e9xico"],"articleSection":["Violencia Contra Periodistas"],"inLanguage":"es"},{"@type":"WebPage","@id":"https:\/\/latamjournalismreview.org\/es\/articles\/arrojan-granada-contra-filial-de-diario-el-norte-en-mexico\/","url":"https:\/\/latamjournalismreview.org\/es\/articles\/arrojan-granada-contra-filial-de-diario-el-norte-en-mexico\/","name":"Arrojan granada contra filial de diario \u201cEl Norte\u201d en M\u00e9xico - LatAm Journalism Review","isPartOf":{"@id":"https:\/\/latamjournalismreview.org\/es\/#website"},"datePublished":"2011-04-01T18:07:12+00:00","dateModified":"2022-06-08T18:08:23+00:00","description":"Arrojan granada contra filial de diario \u201cEl Norte\u201d en M\u00e9xico Violencia Contra Periodistas. Latin American Journalism Review by The Knight Center at The University of Texas at Austin.","breadcrumb":{"@id":"https:\/\/latamjournalismreview.org\/es\/articles\/arrojan-granada-contra-filial-de-diario-el-norte-en-mexico\/#breadcrumb"},"inLanguage":"es","potentialAction":[{"@type":"ReadAction","target":["https:\/\/latamjournalismreview.org\/es\/articles\/arrojan-granada-contra-filial-de-diario-el-norte-en-mexico\/"]}]},{"@type":"BreadcrumbList","@id":"https:\/\/latamjournalismreview.org\/es\/articles\/arrojan-granada-contra-filial-de-diario-el-norte-en-mexico\/#breadcrumb","itemListElement":[{"@type":"ListItem","position":1,"name":"Home","item":"https:\/\/latamjournalismreview.org\/es\/"},{"@type":"ListItem","position":2,"name":"Arrojan granada contra filial de diario \u201cEl Norte\u201d en M\u00e9xico"}]},{"@type":"WebSite","@id":"https:\/\/latamjournalismreview.org\/es\/#website","url":"https:\/\/latamjournalismreview.org\/es\/","name":"LatAm Journalism Review","description":"Knight Center at The University of Texas","publisher":{"@id":"https:\/\/latamjournalismreview.org\/es\/#organization"},"potentialAction":[{"@type":"SearchAction","target":{"@type":"EntryPoint","urlTemplate":"https:\/\/latamjournalismreview.org\/es\/?s={search_term_string}"},"query-input":{"@type":"PropertyValueSpecification","valueRequired":true,"valueName":"search_term_string"}}],"inLanguage":"es"},{"@type":"Organization","@id":"https:\/\/latamjournalismreview.org\/es\/#organization","name":"LatAm Journalism Review","url":"https:\/\/latamjournalismreview.org\/es\/","logo":{"@type":"ImageObject","inLanguage":"es","@id":"https:\/\/latamjournalismreview.org\/es\/#\/schema\/logo\/image\/","url":"https:\/\/latamjournalismreview.org\/wp-content\/uploads\/2020\/05\/knight-latAm-review-logo.svg","contentUrl":"https:\/\/latamjournalismreview.org\/wp-content\/uploads\/2020\/05\/knight-latAm-review-logo.svg","width":"1024","height":"1024","caption":"LatAm Journalism Review"},"image":{"@id":"https:\/\/latamjournalismreview.org\/es\/#\/schema\/logo\/image\/"},"sameAs":["https:\/\/x.com\/LatAmJournalism"]},{"@type":"Person","@id":"https:\/\/latamjournalismreview.org\/es\/#\/schema\/person\/1746872e9af4abc45355e4a7a4ddcea5","name":"Monica Medel","url":"https:\/\/latamjournalismreview.org\/es\/articles\/author\/monica-medel\/"}]}},"_links":{"self":[{"href":"https:\/\/latamjournalismreview.org\/es\/wp-json\/wp\/v2\/posts\/57280","targetHints":{"allow":["GET"]}}],"collection":[{"href":"https:\/\/latamjournalismreview.org\/es\/wp-json\/wp\/v2\/posts"}],"about":[{"href":"https:\/\/latamjournalismreview.org\/es\/wp-json\/wp\/v2\/types\/post"}],"author":[{"embeddable":true,"href":"https:\/\/latamjournalismreview.org\/es\/wp-json\/wp\/v2\/users\/43"}],"replies":[{"embeddable":true,"href":"https:\/\/latamjournalismreview.org\/es\/wp-json\/wp\/v2\/comments?post=57280"}],"version-history":[{"count":1,"href":"https:\/\/latamjournalismreview.org\/es\/wp-json\/wp\/v2\/posts\/57280\/revisions"}],"predecessor-version":[{"id":57282,"href":"https:\/\/latamjournalismreview.org\/es\/wp-json\/wp\/v2\/posts\/57280\/revisions\/57282"}],"wp:attachment":[{"href":"https:\/\/latamjournalismreview.org\/es\/wp-json\/wp\/v2\/media?parent=57280"}],"wp:term":[{"taxonomy":"category","embeddable":true,"href":"https:\/\/latamjournalismreview.org\/es\/wp-json\/wp\/v2\/categories?post=57280"},{"taxonomy":"post_tag","embeddable":true,"href":"https:\/\/latamjournalismreview.org\/es\/wp-json\/wp\/v2\/tags?post=57280"},{"taxonomy":"author","embeddable":true,"href":"https:\/\/latamjournalismreview.org\/es\/wp-json\/wp\/v2\/coauthors?post=57280"}],"curies":[{"name":"wp","href":"https:\/\/api.w.org\/{rel}","templated":true}]}}