{"id":57543,"date":"2011-03-10T18:02:42","date_gmt":"2011-03-10T23:02:42","guid":{"rendered":"https:\/\/latamjournalismreview.org\/?p=57543"},"modified":"2022-06-09T18:03:33","modified_gmt":"2022-06-09T23:03:33","slug":"denuncian-despido-de-periodistas-a-cambio-de-publicidad-oficial-en-mexico","status":"publish","type":"post","link":"https:\/\/latamjournalismreview.org\/es\/articles\/denuncian-despido-de-periodistas-a-cambio-de-publicidad-oficial-en-mexico\/","title":{"rendered":"Denuncian despido de periodistas a cambio de publicidad oficial en M\u00e9xico"},"content":{"rendered":"<p>Dos periodistas del semanario El Portal, de\u00a0<a href=\"http:\/\/es.wikipedia.org\/wiki\/San_Luis_Potos%C3%AD\">San Luis Potos\u00ed<\/a>, en el centro de M\u00e9xico, denunciaron haber sido\u00a0<a href=\"http:\/\/www.libertad-expresion.org.mx\/noticias\/alerta-le-ofrece-gobierno-de-san-luis-potosi-paquete-de-publicidad-oficial-a-cambio-de-despedir-a-dos-reporteros\">despedidos tras presiones del gobierno estatal para mantener la publicidad oficial<\/a>\u00a0en el medio, report\u00f3 el\u00a0<a href=\"http:\/\/cencos.org\/contact\">Centro Nacional de Comunicaci\u00f3n Social<\/a>\u00a0(CENCOS).<\/p>\n<p>Enrique Hern\u00e1ndez Padr\u00f3n y Graciela Casta\u00f1\u00f3n Aguilar, director editorial y reportera del semanario, respectivamente,\u00a0<a href=\"http:\/\/ifex.org\/mexico\/2011\/04\/06\/el_portal_journalists_fired\/es\">presentaron una queja ante la Secretar\u00eda de Gobierno de San Luis Potos\u00ed<\/a>.<\/p>\n<p>Hern\u00e1ndez relat\u00f3 que la propietaria de El Portal fue presionada por un funcionario de comunicaci\u00f3n social del estado que\u00a0<a href=\"http:\/\/www.codigosanluis.com\/portal\/node\/504\">amenaz\u00f3 con cancelar los contratos que el semanario ya ten\u00eda firmados<\/a>\u00a0con algunas dependencias del gobierno, si no prescind\u00eda de los servicios de los dos comunicadores, relat\u00f3 C\u00f3digo San Luis.<\/p>\n<p>CENCOS llam\u00f3 a las autoridades del estado a implementar\u00a0<a href=\"http:\/\/www.antenasanluis.com\/site\/node\/1704\">reglamentos claros sobre la distribuci\u00f3n de publicidad oficial<\/a>\u00a0para que no sea utilizada de modo discrecional y como m\u00e9todo de censura.<\/p>\n<p><em>Nota del editor: Esta historia fue publicada originalmente en el blog Periodismo en las Am\u00e9ricas del Centro Knight, el predecesor de LatAm Journalism Review.<\/em><\/p>\n","protected":false},"excerpt":{"rendered":"<p>Dos periodistas del semanario El Portal, de\u00a0San Luis Potos\u00ed, en el centro de M\u00e9xico, denunciaron haber sido\u00a0despedidos tras presiones del gobierno estatal para mantener la publicidad oficial\u00a0en el medio, report\u00f3 el\u00a0Centro Nacional de Comunicaci\u00f3n Social\u00a0(CENCOS).<\/p>\n","protected":false},"author":43,"featured_media":0,"comment_status":"closed","ping_status":"closed","sticky":false,"template":"","format":"standard","meta":{"inline_featured_image":false,"footnotes":""},"categories":[1220],"tags":[1404,1482,1393,1626],"coauthors":[],"class_list":["post-57543","post","type-post","status-publish","format-standard","hentry","category-libertad-de-prensa-es","tag-censura-es","tag-despidos-es","tag-mexico-es","tag-publicidad-oficial-es"],"acf":[],"yoast_head":"<!-- This site is optimized with the Yoast SEO Premium plugin v22.6 (Yoast SEO v27.4) - https:\/\/yoast.com\/product\/yoast-seo-premium-wordpress\/ -->\n<title>Denuncian despido de periodistas a cambio de publicidad oficial en M\u00e9xico - LatAm Journalism Review<\/title>\n<meta name=\"description\" content=\"Denuncian despido de periodistas a cambio de publicidad oficial en M\u00e9xico Libertad de prensa. Latin American Journalism Review by The Knight Center at The University of Texas at Austin.\" \/>\n<meta name=\"robots\" content=\"index, follow, max-snippet:-1, max-image-preview:large, max-video-preview:-1\" \/>\n<link rel=\"canonical\" href=\"https:\/\/latamjournalismreview.org\/es\/articles\/denuncian-despido-de-periodistas-a-cambio-de-publicidad-oficial-en-mexico\/\" \/>\n<meta property=\"og:locale\" content=\"es_ES\" \/>\n<meta property=\"og:type\" content=\"article\" \/>\n<meta property=\"og:title\" content=\"Denuncian despido de periodistas a cambio de publicidad oficial en M\u00e9xico\" \/>\n<meta property=\"og:description\" content=\"Denuncian despido de periodistas a cambio de publicidad oficial en M\u00e9xico Libertad de prensa. Latin American Journalism Review by The Knight Center at The University of Texas at Austin.\" \/>\n<meta property=\"og:url\" content=\"https:\/\/latamjournalismreview.org\/es\/articles\/denuncian-despido-de-periodistas-a-cambio-de-publicidad-oficial-en-mexico\/\" \/>\n<meta property=\"og:site_name\" content=\"LatAm Journalism Review\" \/>\n<meta property=\"article:published_time\" content=\"2011-03-10T23:02:42+00:00\" \/>\n<meta property=\"article:modified_time\" content=\"2022-06-09T23:03:33+00:00\" \/>\n<meta name=\"author\" content=\"Monica Medel\" \/>\n<meta name=\"twitter:card\" content=\"summary_large_image\" \/>\n<meta name=\"twitter:creator\" content=\"@LatAmJournalism\" \/>\n<meta name=\"twitter:site\" content=\"@LatAmJournalism\" \/>\n<meta name=\"twitter:label1\" content=\"Written by\" \/>\n\t<meta name=\"twitter:data1\" content=\"Monica Medel\" \/>\n\t<meta name=\"twitter:label2\" content=\"Est. reading time\" \/>\n\t<meta name=\"twitter:data2\" content=\"1 minuto\" \/>\n<script type=\"application\/ld+json\" class=\"yoast-schema-graph\">{\"@context\":\"https:\\\/\\\/schema.org\",\"@graph\":[{\"@type\":\"Article\",\"@id\":\"https:\\\/\\\/latamjournalismreview.org\\\/es\\\/articles\\\/denuncian-despido-de-periodistas-a-cambio-de-publicidad-oficial-en-mexico\\\/#article\",\"isPartOf\":{\"@id\":\"https:\\\/\\\/latamjournalismreview.org\\\/es\\\/articles\\\/denuncian-despido-de-periodistas-a-cambio-de-publicidad-oficial-en-mexico\\\/\"},\"author\":{\"name\":\"Monica Medel\",\"@id\":\"https:\\\/\\\/latamjournalismreview.org\\\/es\\\/#\\\/schema\\\/person\\\/1746872e9af4abc45355e4a7a4ddcea5\"},\"headline\":\"Denuncian despido de periodistas a cambio de publicidad oficial en M\u00e9xico\",\"datePublished\":\"2011-03-10T23:02:42+00:00\",\"dateModified\":\"2022-06-09T23:03:33+00:00\",\"mainEntityOfPage\":{\"@id\":\"https:\\\/\\\/latamjournalismreview.org\\\/es\\\/articles\\\/denuncian-despido-de-periodistas-a-cambio-de-publicidad-oficial-en-mexico\\\/\"},\"wordCount\":195,\"publisher\":{\"@id\":\"https:\\\/\\\/latamjournalismreview.org\\\/es\\\/#organization\"},\"keywords\":[\"Censura\",\"Despidos\",\"M\u00e9xico\",\"Publicidad oficial\"],\"articleSection\":[\"Libertad de prensa\"],\"inLanguage\":\"es\"},{\"@type\":\"WebPage\",\"@id\":\"https:\\\/\\\/latamjournalismreview.org\\\/es\\\/articles\\\/denuncian-despido-de-periodistas-a-cambio-de-publicidad-oficial-en-mexico\\\/\",\"url\":\"https:\\\/\\\/latamjournalismreview.org\\\/es\\\/articles\\\/denuncian-despido-de-periodistas-a-cambio-de-publicidad-oficial-en-mexico\\\/\",\"name\":\"Denuncian despido de periodistas a cambio de publicidad oficial en M\u00e9xico - LatAm Journalism Review\",\"isPartOf\":{\"@id\":\"https:\\\/\\\/latamjournalismreview.org\\\/es\\\/#website\"},\"datePublished\":\"2011-03-10T23:02:42+00:00\",\"dateModified\":\"2022-06-09T23:03:33+00:00\",\"description\":\"Denuncian despido de periodistas a cambio de publicidad oficial en M\u00e9xico Libertad de prensa. Latin American Journalism Review by The Knight Center at The University of Texas at Austin.\",\"breadcrumb\":{\"@id\":\"https:\\\/\\\/latamjournalismreview.org\\\/es\\\/articles\\\/denuncian-despido-de-periodistas-a-cambio-de-publicidad-oficial-en-mexico\\\/#breadcrumb\"},\"inLanguage\":\"es\",\"potentialAction\":[{\"@type\":\"ReadAction\",\"target\":[\"https:\\\/\\\/latamjournalismreview.org\\\/es\\\/articles\\\/denuncian-despido-de-periodistas-a-cambio-de-publicidad-oficial-en-mexico\\\/\"]}]},{\"@type\":\"BreadcrumbList\",\"@id\":\"https:\\\/\\\/latamjournalismreview.org\\\/es\\\/articles\\\/denuncian-despido-de-periodistas-a-cambio-de-publicidad-oficial-en-mexico\\\/#breadcrumb\",\"itemListElement\":[{\"@type\":\"ListItem\",\"position\":1,\"name\":\"Home\",\"item\":\"https:\\\/\\\/latamjournalismreview.org\\\/es\\\/\"},{\"@type\":\"ListItem\",\"position\":2,\"name\":\"Denuncian despido de periodistas a cambio de publicidad oficial en M\u00e9xico\"}]},{\"@type\":\"WebSite\",\"@id\":\"https:\\\/\\\/latamjournalismreview.org\\\/es\\\/#website\",\"url\":\"https:\\\/\\\/latamjournalismreview.org\\\/es\\\/\",\"name\":\"LatAm Journalism Review\",\"description\":\"Knight Center at The University of Texas\",\"publisher\":{\"@id\":\"https:\\\/\\\/latamjournalismreview.org\\\/es\\\/#organization\"},\"potentialAction\":[{\"@type\":\"SearchAction\",\"target\":{\"@type\":\"EntryPoint\",\"urlTemplate\":\"https:\\\/\\\/latamjournalismreview.org\\\/es\\\/?s={search_term_string}\"},\"query-input\":{\"@type\":\"PropertyValueSpecification\",\"valueRequired\":true,\"valueName\":\"search_term_string\"}}],\"inLanguage\":\"es\"},{\"@type\":\"Organization\",\"@id\":\"https:\\\/\\\/latamjournalismreview.org\\\/es\\\/#organization\",\"name\":\"LatAm Journalism Review\",\"url\":\"https:\\\/\\\/latamjournalismreview.org\\\/es\\\/\",\"logo\":{\"@type\":\"ImageObject\",\"inLanguage\":\"es\",\"@id\":\"https:\\\/\\\/latamjournalismreview.org\\\/es\\\/#\\\/schema\\\/logo\\\/image\\\/\",\"url\":\"https:\\\/\\\/latamjournalismreview.org\\\/wp-content\\\/uploads\\\/2020\\\/05\\\/knight-latAm-review-logo.svg\",\"contentUrl\":\"https:\\\/\\\/latamjournalismreview.org\\\/wp-content\\\/uploads\\\/2020\\\/05\\\/knight-latAm-review-logo.svg\",\"width\":\"1024\",\"height\":\"1024\",\"caption\":\"LatAm Journalism Review\"},\"image\":{\"@id\":\"https:\\\/\\\/latamjournalismreview.org\\\/es\\\/#\\\/schema\\\/logo\\\/image\\\/\"},\"sameAs\":[\"https:\\\/\\\/x.com\\\/LatAmJournalism\"]},{\"@type\":\"Person\",\"@id\":\"https:\\\/\\\/latamjournalismreview.org\\\/es\\\/#\\\/schema\\\/person\\\/1746872e9af4abc45355e4a7a4ddcea5\",\"name\":\"Monica Medel\",\"url\":\"https:\\\/\\\/latamjournalismreview.org\\\/es\\\/articles\\\/author\\\/monica-medel\\\/\"}]}<\/script>\n<!-- \/ Yoast SEO Premium plugin. -->","yoast_head_json":{"title":"Denuncian despido de periodistas a cambio de publicidad oficial en M\u00e9xico - LatAm Journalism Review","description":"Denuncian despido de periodistas a cambio de publicidad oficial en M\u00e9xico Libertad de prensa. Latin American Journalism Review by The Knight Center at The University of Texas at Austin.","robots":{"index":"index","follow":"follow","max-snippet":"max-snippet:-1","max-image-preview":"max-image-preview:large","max-video-preview":"max-video-preview:-1"},"canonical":"https:\/\/latamjournalismreview.org\/es\/articles\/denuncian-despido-de-periodistas-a-cambio-de-publicidad-oficial-en-mexico\/","og_locale":"es_ES","og_type":"article","og_title":"Denuncian despido de periodistas a cambio de publicidad oficial en M\u00e9xico","og_description":"Denuncian despido de periodistas a cambio de publicidad oficial en M\u00e9xico Libertad de prensa. Latin American Journalism Review by The Knight Center at The University of Texas at Austin.","og_url":"https:\/\/latamjournalismreview.org\/es\/articles\/denuncian-despido-de-periodistas-a-cambio-de-publicidad-oficial-en-mexico\/","og_site_name":"LatAm Journalism Review","article_published_time":"2011-03-10T23:02:42+00:00","article_modified_time":"2022-06-09T23:03:33+00:00","author":"Monica Medel","twitter_card":"summary_large_image","twitter_creator":"@LatAmJournalism","twitter_site":"@LatAmJournalism","twitter_misc":{"Written by":"Monica Medel","Est. reading time":"1 minuto"},"schema":{"@context":"https:\/\/schema.org","@graph":[{"@type":"Article","@id":"https:\/\/latamjournalismreview.org\/es\/articles\/denuncian-despido-de-periodistas-a-cambio-de-publicidad-oficial-en-mexico\/#article","isPartOf":{"@id":"https:\/\/latamjournalismreview.org\/es\/articles\/denuncian-despido-de-periodistas-a-cambio-de-publicidad-oficial-en-mexico\/"},"author":{"name":"Monica Medel","@id":"https:\/\/latamjournalismreview.org\/es\/#\/schema\/person\/1746872e9af4abc45355e4a7a4ddcea5"},"headline":"Denuncian despido de periodistas a cambio de publicidad oficial en M\u00e9xico","datePublished":"2011-03-10T23:02:42+00:00","dateModified":"2022-06-09T23:03:33+00:00","mainEntityOfPage":{"@id":"https:\/\/latamjournalismreview.org\/es\/articles\/denuncian-despido-de-periodistas-a-cambio-de-publicidad-oficial-en-mexico\/"},"wordCount":195,"publisher":{"@id":"https:\/\/latamjournalismreview.org\/es\/#organization"},"keywords":["Censura","Despidos","M\u00e9xico","Publicidad oficial"],"articleSection":["Libertad de prensa"],"inLanguage":"es"},{"@type":"WebPage","@id":"https:\/\/latamjournalismreview.org\/es\/articles\/denuncian-despido-de-periodistas-a-cambio-de-publicidad-oficial-en-mexico\/","url":"https:\/\/latamjournalismreview.org\/es\/articles\/denuncian-despido-de-periodistas-a-cambio-de-publicidad-oficial-en-mexico\/","name":"Denuncian despido de periodistas a cambio de publicidad oficial en M\u00e9xico - LatAm Journalism Review","isPartOf":{"@id":"https:\/\/latamjournalismreview.org\/es\/#website"},"datePublished":"2011-03-10T23:02:42+00:00","dateModified":"2022-06-09T23:03:33+00:00","description":"Denuncian despido de periodistas a cambio de publicidad oficial en M\u00e9xico Libertad de prensa. Latin American Journalism Review by The Knight Center at The University of Texas at Austin.","breadcrumb":{"@id":"https:\/\/latamjournalismreview.org\/es\/articles\/denuncian-despido-de-periodistas-a-cambio-de-publicidad-oficial-en-mexico\/#breadcrumb"},"inLanguage":"es","potentialAction":[{"@type":"ReadAction","target":["https:\/\/latamjournalismreview.org\/es\/articles\/denuncian-despido-de-periodistas-a-cambio-de-publicidad-oficial-en-mexico\/"]}]},{"@type":"BreadcrumbList","@id":"https:\/\/latamjournalismreview.org\/es\/articles\/denuncian-despido-de-periodistas-a-cambio-de-publicidad-oficial-en-mexico\/#breadcrumb","itemListElement":[{"@type":"ListItem","position":1,"name":"Home","item":"https:\/\/latamjournalismreview.org\/es\/"},{"@type":"ListItem","position":2,"name":"Denuncian despido de periodistas a cambio de publicidad oficial en M\u00e9xico"}]},{"@type":"WebSite","@id":"https:\/\/latamjournalismreview.org\/es\/#website","url":"https:\/\/latamjournalismreview.org\/es\/","name":"LatAm Journalism Review","description":"Knight Center at The University of Texas","publisher":{"@id":"https:\/\/latamjournalismreview.org\/es\/#organization"},"potentialAction":[{"@type":"SearchAction","target":{"@type":"EntryPoint","urlTemplate":"https:\/\/latamjournalismreview.org\/es\/?s={search_term_string}"},"query-input":{"@type":"PropertyValueSpecification","valueRequired":true,"valueName":"search_term_string"}}],"inLanguage":"es"},{"@type":"Organization","@id":"https:\/\/latamjournalismreview.org\/es\/#organization","name":"LatAm Journalism Review","url":"https:\/\/latamjournalismreview.org\/es\/","logo":{"@type":"ImageObject","inLanguage":"es","@id":"https:\/\/latamjournalismreview.org\/es\/#\/schema\/logo\/image\/","url":"https:\/\/latamjournalismreview.org\/wp-content\/uploads\/2020\/05\/knight-latAm-review-logo.svg","contentUrl":"https:\/\/latamjournalismreview.org\/wp-content\/uploads\/2020\/05\/knight-latAm-review-logo.svg","width":"1024","height":"1024","caption":"LatAm Journalism Review"},"image":{"@id":"https:\/\/latamjournalismreview.org\/es\/#\/schema\/logo\/image\/"},"sameAs":["https:\/\/x.com\/LatAmJournalism"]},{"@type":"Person","@id":"https:\/\/latamjournalismreview.org\/es\/#\/schema\/person\/1746872e9af4abc45355e4a7a4ddcea5","name":"Monica Medel","url":"https:\/\/latamjournalismreview.org\/es\/articles\/author\/monica-medel\/"}]}},"_links":{"self":[{"href":"https:\/\/latamjournalismreview.org\/es\/wp-json\/wp\/v2\/posts\/57543","targetHints":{"allow":["GET"]}}],"collection":[{"href":"https:\/\/latamjournalismreview.org\/es\/wp-json\/wp\/v2\/posts"}],"about":[{"href":"https:\/\/latamjournalismreview.org\/es\/wp-json\/wp\/v2\/types\/post"}],"author":[{"embeddable":true,"href":"https:\/\/latamjournalismreview.org\/es\/wp-json\/wp\/v2\/users\/43"}],"replies":[{"embeddable":true,"href":"https:\/\/latamjournalismreview.org\/es\/wp-json\/wp\/v2\/comments?post=57543"}],"version-history":[{"count":1,"href":"https:\/\/latamjournalismreview.org\/es\/wp-json\/wp\/v2\/posts\/57543\/revisions"}],"predecessor-version":[{"id":57545,"href":"https:\/\/latamjournalismreview.org\/es\/wp-json\/wp\/v2\/posts\/57543\/revisions\/57545"}],"wp:attachment":[{"href":"https:\/\/latamjournalismreview.org\/es\/wp-json\/wp\/v2\/media?parent=57543"}],"wp:term":[{"taxonomy":"category","embeddable":true,"href":"https:\/\/latamjournalismreview.org\/es\/wp-json\/wp\/v2\/categories?post=57543"},{"taxonomy":"post_tag","embeddable":true,"href":"https:\/\/latamjournalismreview.org\/es\/wp-json\/wp\/v2\/tags?post=57543"},{"taxonomy":"author","embeddable":true,"href":"https:\/\/latamjournalismreview.org\/es\/wp-json\/wp\/v2\/coauthors?post=57543"}],"curies":[{"name":"wp","href":"https:\/\/api.w.org\/{rel}","templated":true}]}}