{"id":5774,"date":"2019-06-19T16:44:48","date_gmt":"2019-06-19T21:44:48","guid":{"rendered":"https:\/\/live-lajr.pantheonsite.io\/?p=5774"},"modified":"2020-06-09T14:09:41","modified_gmt":"2020-06-09T19:09:41","slug":"ecuador-crea-nuevo-comite-de-proteccion-a-periodistas-pero-sociedad-civil-demanda-mayor-participacion","status":"publish","type":"post","link":"https:\/\/latamjournalismreview.org\/es\/articles\/ecuador-crea-nuevo-comite-de-proteccion-a-periodistas-pero-sociedad-civil-demanda-mayor-participacion\/","title":{"rendered":"Ecuador crea nuevo comit\u00e9 de protecci\u00f3n a periodistas pero sociedad civil demanda mayor participaci\u00f3n"},"content":{"rendered":"<p>El Comit\u00e9 Interinstitucional de Protecci\u00f3n a Periodistas y los Trabajadores de la Comunicaci\u00f3n, recientemente instalado por el gobierno ecuatoriano, debe gozar de independencia y contar con la activa participaci\u00f3n de la sociedad civil, opinan organizaciones nacionales e internacionales.<\/p>\n<p>El Comit\u00e9 fue <a href=\"https:\/\/www.elcomercio.com\/actualidad\/gobierno-comite-interinstitucional-proteccion-periodistas.html\" target=\"_blank\" rel=\"noopener noreferrer\">instalado oficialmente el 31 de mayo<\/a> en la sede de la Universidad Andina Sim\u00f3n Bol\u00edvar. La primera mesa de trabajo fue conducida por la Secretar\u00eda General de Comunicaci\u00f3n de la Presidencia y a la reuni\u00f3n asisti\u00f3 la Federaci\u00f3n Nacional de Periodistas y\u00a0la Asociaci\u00f3n Ecuatoriana de Radiodifusi\u00f3n (AER), inform\u00f3 El Comercio.<\/p>\n<p>Su objetivo es implementar mecanismos de protecci\u00f3n para los periodistas y trabajadores de la comunicaci\u00f3n que por el desempe\u00f1o de su labor puedan poner <a href=\"https:\/\/www.efe.com\/efe\/america\/sociedad\/el-gobierno-de-ecuador-crea-un-comite-para-proteger-la-labor-periodistas-en-riesgo\/20000013-3964377\" target=\"_blank\" rel=\"noopener noreferrer\">en riesgo su vida<\/a>, integridad f\u00edsica y su libertad public\u00f3 EFE.<\/p>\n<p>Las<a href=\"https:\/\/www.efe.com\/efe\/america\/sociedad\/el-gobierno-de-ecuador-crea-un-comite-para-proteger-la-labor-periodistas-en-riesgo\/20000013-3964377\" target=\"_blank\" rel=\"noopener noreferrer\"> instituciones estatales que integran este Comit\u00e9<\/a> son el Ministerio del Interior, el Ministerio de Relaciones Exteriores y Movilidad Humana, el Consejo de Regulaci\u00f3n, Desarrollo y Promoci\u00f3n de la Informaci\u00f3n y la Comunicaci\u00f3n (Cordicom) y la Secretar\u00eda General de la Comunicaci\u00f3n, inform\u00f3 EFE.<\/p>\n<p>Si bien la iniciativa es considerada como un paso importante para que exista un di\u00e1logo con el gobierno, en la primera reuni\u00f3n no se invit\u00f3 a todas las partes de la sociedad civil que propusieron su implementaci\u00f3n.<\/p>\n<p>La Fundaci\u00f3n Andina para la Observaci\u00f3n y Estudios de Medios (Fundamedios) y la Uni\u00f3n Nacional de Periodistas del Ecuador (UNP), <a href=\"https:\/\/www.elcomercio.com\/actualidad\/gobierno-comite-interinstitucional-proteccion-periodistas.html\" target=\"_blank\" rel=\"noopener noreferrer\">no fueron convocadas para la instalaci\u00f3n del Comit\u00e9<\/a>.<\/p>\n<p>No obstante, s\u00ed lograron <a href=\"http:\/\/www.cordicom.gob.ec\/avanza-democraticamente-el-desarrollo-de-politica-publica-para-la-proteccion-de-periodistas\/\" target=\"_blank\" rel=\"noopener noreferrer\">asistir el 12 de junio al taller organizado por el Cordicom<\/a>.<\/p>\n<p>\u201cEl anterior gobierno quiso separar el ejercicio period\u00edstico del ejercicio ciudadano. Hoy respondemos a esa <a href=\"http:\/\/www.cordicom.gob.ec\/avanza-democraticamente-el-desarrollo-de-politica-publica-para-la-proteccion-de-periodistas\/\" target=\"_blank\" rel=\"noopener noreferrer\">deuda con aquellos que trabajan en la esfera informativa y su seguridad<\/a> con la generaci\u00f3n participativa de pol\u00edticas p\u00fablicas\u201d, dijo Galo Cevallos, presidente del Cordicom, seg\u00fan el sitio oficial de esa entidad. Tambi\u00e9n destac\u00f3 la importancia del aporte ciudadano, acad\u00e9mico y de organizaciones civiles, period\u00edsticas, nacionales e internacionales en el taller.<\/p>\n<p>En ese taller se definieron las situaciones de riesgo para periodistas en el ejercicio de su labor que considerar\u00e1 el Comit\u00e9, quedando circunscritas a lo establecido por el Art\u00edculo 42.1 de la <a href=\"http:\/\/www.cordicom.gob.ec\/wp-content\/uploads\/downloads\/2019\/02\/Ley_Organica_Comunicacion_reformada.pdf\" target=\"_blank\" rel=\"noopener noreferrer\">Ley Org\u00e1nica de Comunicaci\u00f3n<\/a>, reformada en febrero de 2019.<\/p>\n<p>De acuerdo a la Ley, el Estado y los medios de comunicaci\u00f3n proteger\u00e1n a los trabajadores de la comunicaci\u00f3n que se expongan a <a href=\"http:\/\/www.cordicom.gob.ec\/wp-content\/uploads\/downloads\/2019\/02\/Ley_Organica_Comunicacion_reformada.pdf\" target=\"_blank\" rel=\"noopener noreferrer\">situaciones de riesgo relacionadas a cuatro temas espec\u00edficos<\/a>: corrupci\u00f3n, trata de personas, contrabando de mercader\u00edas y tr\u00e1fico de drogas.<\/p>\n<p>\u201cPara nosotros es un desacierto total. Reducir el riesgo para periodistas a cuatro riesgos penales es no reconocer que los principales riesgos y agresiones han provenido del Estado en los \u00faltimos 12 a\u00f1os\u201d, dijo C\u00e9sar Ricaurte, director ejecutivo de Fundamedios, al <strong>Centro Knight<\/strong>. \u201cEsta metodolog\u00eda nos parece inadecuada por eso, y eso es lo que le hemos expresado al Cordicom\u201d, agreg\u00f3.<\/p>\n<p>Sin embargo consider\u00f3 la creaci\u00f3n del Comit\u00e9 como un espacio de di\u00e1logo \u201cimportant\u00edsimo\u201d con el Estado. Anteriormente, Ricaurte mostr\u00f3 su preocupaci\u00f3n respecto de la parte operativa del Comit\u00e9, la Secretar\u00eda T\u00e9cnica, y su relaci\u00f3n con el gobierno.<\/p>\n<p>En el taller del 12 de junio se anunci\u00f3 que la <a href=\"http:\/\/www.cordicom.gob.ec\/avanza-democraticamente-el-desarrollo-de-politica-publica-para-la-proteccion-de-periodistas\/\" target=\"_blank\" rel=\"noopener noreferrer\">Secretar\u00eda T\u00e9cnica estar\u00e1 a cargo del Cordicom<\/a>.<\/p>\n<div style=\"width: 300px; font-size: 80%; text-align: left; float: right; padding-left: 10px; padding-right: 10px;\"><a href=\"https:\/\/twitter.com\/nosfaltan3\" target=\"_blank\" rel=\"noopener noreferrer\"><img decoding=\"async\" style=\"width: 300px;\" src=\"https:\/\/farm2.staticflickr.com\/1763\/28135086427_e4e7103149_o.jpg\" \/><\/a>Collage fotogr\u00e1fico del equipo period\u00edstico de El Comercio asesinado en 2018, de la cuenta de Twitter \u201cNos Faltan 3\u201d.<\/div>\n<p>A partir del <a href=\"https:\/\/knightcenter.utexas.edu\/es\/blog\/00-19884-gobiernos-confirman-que-cuerpos-encontrados-en-la-selva-de-colombia-pertenecen-los-per\" target=\"_blank\" rel=\"noopener noreferrer\">asesinato del equipo period\u00edstico del diario ecuatoriano El Comercio<\/a>, en abril de 2018, Fundamedios junto a otras organizaciones civiles, de medios y period\u00edsticas iniciaron una serie de di\u00e1logos con el gobierno del presidente Len\u00edn Moreno para proteger a los periodistas, cont\u00f3 el director de Fundamedios.<\/p>\n<p>De acuerdo con Ricaurte, de estas conversaciones naci\u00f3 la idea de la creaci\u00f3n de un comit\u00e9 interinstitucional del gobierno que incluya una Secretar\u00eda T\u00e9cnica que no sea operada por el Estado sino por la sociedad civil.<\/p>\n<p>Inicialmente se acord\u00f3 con el gobierno, seg\u00fan Ricaurte, que la Secretar\u00eda T\u00e9cnica est\u00e9 en manos de la sociedad civil, por contar con una capacidad operativa y la debida independencia como para poder establecer una serie de propuestas, tanto para el sector estatal como para el sector privado.<\/p>\n<p>Con la Secretar\u00eda T\u00e9cnica en manos de una organizaci\u00f3n gubernamental como Cordicom, \u201cya no tenemos certeza de cu\u00e1l va a ser el rol de la sociedad civil y de los periodistas. Sinceramente, mi impresi\u00f3n es que no hay mucha intenci\u00f3n del gobierno de incluir a las organizaciones civiles\u201d, lament\u00f3 Ricaurte.<\/p>\n<p>Guadalupe Fierro, presidenta de la UNP, destac\u00f3 en entrevista con el <strong>Centro Knight<\/strong> que el actual gobierno de Ecuador ha avanzado en varios aspectos relacionados a la protecci\u00f3n de periodistas y trabajadores de la comunicaci\u00f3n, sin embargo, considera que debe haber una respuesta clara de parte del Estado.<\/p>\n<p>\u201cY en este caso, la respuesta clara debe ser el hecho de que se involucre a los periodistas en la construcci\u00f3n y seguimiento de estos temas. La parte operativa va a garantizar que haya un sistema de alertas tempranas frente al acoso, a la persecuci\u00f3n, al hostigamiento al periodismo, y en general. M\u00e1s all\u00e1 de la buena voluntad de este gobierno, lo que nosotros queremos ver es que en lo sucesivo, para este gobierno y los siguientes, haya pol\u00edticas claras respecto de este tema\u201d, puntualiz\u00f3.<\/p>\n<p>Edison Lanza, Relator Especial para la Libertad de Expresi\u00f3n de la Comisi\u00f3n Interamericana de Derechos Humanos (CIDH), dijo el 7 de junio en una entrevista con el\u00a0<strong>Centro Knight <\/strong>--antes de anunciarse de que la Secretar\u00eda T\u00e9cnica estar\u00eda a cargo del Cordicom-- que existe \u201cun principio fundamental, y es que la sociedad civil tenga un nivel de participaci\u00f3n en las distintas etapas que supone la determinaci\u00f3n de medidas, como la evaluaci\u00f3n del riesgo y la implementaci\u00f3n de medidas de protecci\u00f3n\u201d.<\/p>\n<p>La protecci\u00f3n a los periodistas y trabajadores de la comunicaci\u00f3n es \u201cresponsabilidad y obligaci\u00f3n del Estado\u201d, enfatiz\u00f3 el Relator Especial de la CIDH. \u201cNo le podemos poner a la sociedad civil la responsabilidad de proteger pero s\u00ed de participar en la evaluaci\u00f3n, en la rendici\u00f3n de cuentas y en el seguimiento de estas medidas porque, en definitiva, son mecanismos complejos\u201d.<\/p>\n<p>Adem\u00e1s de la complejidad del tema, Lanza alert\u00f3 que la autonom\u00eda es importante porque en algunas ocasiones, las autoridades de distintos niveles del Estado pueden estar involucradas en los casos investigados de agresiones contra periodistas.<\/p>\n<p>La presidenta de la UNP coment\u00f3 que su organizaci\u00f3n presentar\u00e1 una propuesta concreta al Cordicom para que la Secretar\u00eda T\u00e9cnica pueda realizar un seguimiento independiente de las agresiones a periodistas. \u201cPorque si esta va a ser un \u00f3rgano del gobierno, en realidad, el periodismo independiente no est\u00e1 garantizado para nada\u201d, expres\u00f3.<\/p>\n<p>Ricaurte record\u00f3 que durante la d\u00e9cada del gobierno de Rafael Correa (2007-2017), Fundamedios alert\u00f3 a la opini\u00f3n p\u00fablica que el discurso estigmatizante contra la prensa que se propagaba desde las m\u00e1s altas autoridades del gobierno pon\u00edan en riesgo al periodismo. A pesar de ello, se\u00f1al\u00f3, no se hab\u00edan enfrentado a un hecho de la naturaleza de lo que sucedi\u00f3 el a\u00f1o pasado con el equipo period\u00edstico de El Comercio.<\/p>\n<p>\u201cEcuador est\u00e1 en una transici\u00f3n despu\u00e9s de una d\u00e9cada de fuerte represi\u00f3n y ataque a la libertad de expresi\u00f3n y al trabajo de los periodistas y la prensa, y donde parte de esa pol\u00edtica fue un absoluto desprecio hacia los temas que tienen que ver justamente con la protecci\u00f3n y la seguridad de los periodistas, donde hab\u00eda ataques desde el propio gobierno, o de autoridades, y cuando hab\u00eda ataques por parte de terceros no hab\u00eda ning\u00fan tipo de protecci\u00f3n\u201d, se\u00f1al\u00f3 Lanza.<\/p>\n<p>El Relator destac\u00f3 el extraordinario trabajo que ha hecho la sociedad civil, los medios y los periodistas de Ecuador en buscar la creaci\u00f3n de un mecanismo de protecci\u00f3n a periodistas.<\/p>\n<p>\u201cNing\u00fan mecanismo de protecci\u00f3n es simplemente solo firmar un decreto\u201d, advirti\u00f3 Lanza. \u201cS\u00ed, lo normativo y los pasos institucionales son necesarios, pero no son suficientes muchas veces para que esto luego tenga un efecto en la toma de la decisi\u00f3n de adoptar medidas de protecci\u00f3n y en la implementaci\u00f3n de estas medidas. Por lo tanto, tambi\u00e9n, estamos a disposici\u00f3n para acompa\u00f1ar este proceso\u201d, acot\u00f3.<\/p>\n<p>La Secretar\u00eda General de Comunicaci\u00f3n de la Presidencia cambi\u00f3 recientemente de titular, estando ahora a cargo C\u00e9sar Khalif\u00e9. A\u00fan no se define la fecha de la segunda mesa de trabajo que estaba pensada para mediados de junio.<\/p>\n<p><em>*El Centro Knight intent\u00f3 sin \u00e9xito comunicarse con la Secretar\u00eda General de Comunicaci\u00f3n de la Presidencia y el Ministerio del Interior de Ecuador.<\/em><\/p>\n","protected":false},"excerpt":{"rendered":"<p>\u201cPara nosotros es un desacierto total. Reducir el riesgo para periodistas a cuatro riesgos penales es no reconocer que los principales riesgos y agresiones han provenido del Estado en los \u00faltimos 12 a\u00f1os\u201d, dijo C\u00e9sar Ricaurte.<\/p>\n","protected":false},"author":4,"featured_media":5772,"comment_status":"closed","ping_status":"closed","sticky":false,"template":"","format":"standard","meta":{"inline_featured_image":false,"footnotes":""},"categories":[1222],"tags":[1479,1443,1518],"coauthors":[],"class_list":["post-5774","post","type-post","status-publish","format-standard","has-post-thumbnail","hentry","category-violencia-contra-periodistas-es","tag-asesinato-de-periodistas-es","tag-ecuador-es","tag-seguridad-y-proteccion-es"],"acf":[],"yoast_head":"<!-- This site is optimized with the Yoast SEO Premium plugin v22.6 (Yoast SEO v27.4) - https:\/\/yoast.com\/product\/yoast-seo-premium-wordpress\/ -->\n<title>Ecuador crea nuevo comit\u00e9 de protecci\u00f3n a periodistas pero sociedad civil demanda mayor participaci\u00f3n - LatAm Journalism Review<\/title>\n<meta name=\"description\" content=\"Ecuador crea nuevo comit\u00e9 de protecci\u00f3n a periodistas pero sociedad civil demanda mayor participaci\u00f3n Violencia contra periodistas. Latin American Journalism Review by The Knight Center at The University of Texas at Austin.\" \/>\n<meta name=\"robots\" content=\"index, follow, max-snippet:-1, max-image-preview:large, max-video-preview:-1\" \/>\n<link rel=\"canonical\" href=\"https:\/\/latamjournalismreview.org\/es\/articles\/ecuador-crea-nuevo-comite-de-proteccion-a-periodistas-pero-sociedad-civil-demanda-mayor-participacion\/\" \/>\n<meta property=\"og:locale\" content=\"es_ES\" \/>\n<meta property=\"og:type\" content=\"article\" \/>\n<meta property=\"og:title\" content=\"Ecuador crea nuevo comit\u00e9 de protecci\u00f3n a periodistas pero sociedad civil demanda mayor participaci\u00f3n\" \/>\n<meta property=\"og:description\" content=\"Ecuador crea nuevo comit\u00e9 de protecci\u00f3n a periodistas pero sociedad civil demanda mayor participaci\u00f3n Violencia contra periodistas. Latin American Journalism Review by The Knight Center at The University of Texas at Austin.\" \/>\n<meta property=\"og:url\" content=\"https:\/\/latamjournalismreview.org\/es\/articles\/ecuador-crea-nuevo-comite-de-proteccion-a-periodistas-pero-sociedad-civil-demanda-mayor-participacion\/\" \/>\n<meta property=\"og:site_name\" content=\"LatAm Journalism Review\" \/>\n<meta property=\"article:published_time\" content=\"2019-06-19T21:44:48+00:00\" \/>\n<meta property=\"article:modified_time\" content=\"2020-06-09T19:09:41+00:00\" \/>\n<meta property=\"og:image\" content=\"https:\/\/latamjournalismreview.org\/wp-content\/uploads\/2020\/06\/Nos-Faltan-3-Ecuador.jpg\" \/>\n\t<meta property=\"og:image:width\" content=\"400\" \/>\n\t<meta property=\"og:image:height\" content=\"400\" \/>\n\t<meta property=\"og:image:type\" content=\"image\/jpeg\" \/>\n<meta name=\"author\" content=\"Paola Nalvarte\" \/>\n<meta name=\"twitter:card\" content=\"summary_large_image\" \/>\n<meta name=\"twitter:creator\" content=\"@paolanalvarte\" \/>\n<meta name=\"twitter:site\" content=\"@LatAmJournalism\" \/>\n<meta name=\"twitter:label1\" content=\"Written by\" \/>\n\t<meta name=\"twitter:data1\" content=\"Paola Nalvarte\" \/>\n\t<meta name=\"twitter:label2\" content=\"Est. reading time\" \/>\n\t<meta name=\"twitter:data2\" content=\"8 minutos\" \/>\n<script type=\"application\/ld+json\" class=\"yoast-schema-graph\">{\"@context\":\"https:\\\/\\\/schema.org\",\"@graph\":[{\"@type\":\"Article\",\"@id\":\"https:\\\/\\\/latamjournalismreview.org\\\/es\\\/articles\\\/ecuador-crea-nuevo-comite-de-proteccion-a-periodistas-pero-sociedad-civil-demanda-mayor-participacion\\\/#article\",\"isPartOf\":{\"@id\":\"https:\\\/\\\/latamjournalismreview.org\\\/es\\\/articles\\\/ecuador-crea-nuevo-comite-de-proteccion-a-periodistas-pero-sociedad-civil-demanda-mayor-participacion\\\/\"},\"author\":{\"name\":\"Paola Nalvarte\",\"@id\":\"https:\\\/\\\/latamjournalismreview.org\\\/es\\\/#\\\/schema\\\/person\\\/d0b9fa850ef1b6f56bb445e52f29f63f\"},\"headline\":\"Ecuador crea nuevo comit\u00e9 de protecci\u00f3n a periodistas pero sociedad civil demanda mayor participaci\u00f3n\",\"datePublished\":\"2019-06-19T21:44:48+00:00\",\"dateModified\":\"2020-06-09T19:09:41+00:00\",\"mainEntityOfPage\":{\"@id\":\"https:\\\/\\\/latamjournalismreview.org\\\/es\\\/articles\\\/ecuador-crea-nuevo-comite-de-proteccion-a-periodistas-pero-sociedad-civil-demanda-mayor-participacion\\\/\"},\"wordCount\":1524,\"publisher\":{\"@id\":\"https:\\\/\\\/latamjournalismreview.org\\\/es\\\/#organization\"},\"image\":{\"@id\":\"https:\\\/\\\/latamjournalismreview.org\\\/es\\\/articles\\\/ecuador-crea-nuevo-comite-de-proteccion-a-periodistas-pero-sociedad-civil-demanda-mayor-participacion\\\/#primaryimage\"},\"thumbnailUrl\":\"https:\\\/\\\/latamjournalismreview.org\\\/wp-content\\\/uploads\\\/2020\\\/06\\\/Nos-Faltan-3-Ecuador.jpg\",\"keywords\":[\"Asesinato de periodista\",\"Ecuador\",\"Seguridad y protecci\u00f3n\"],\"articleSection\":[\"Violencia contra periodistas\"],\"inLanguage\":\"es\"},{\"@type\":\"WebPage\",\"@id\":\"https:\\\/\\\/latamjournalismreview.org\\\/es\\\/articles\\\/ecuador-crea-nuevo-comite-de-proteccion-a-periodistas-pero-sociedad-civil-demanda-mayor-participacion\\\/\",\"url\":\"https:\\\/\\\/latamjournalismreview.org\\\/es\\\/articles\\\/ecuador-crea-nuevo-comite-de-proteccion-a-periodistas-pero-sociedad-civil-demanda-mayor-participacion\\\/\",\"name\":\"Ecuador crea nuevo comit\u00e9 de protecci\u00f3n a periodistas pero sociedad civil demanda mayor participaci\u00f3n - LatAm Journalism Review\",\"isPartOf\":{\"@id\":\"https:\\\/\\\/latamjournalismreview.org\\\/es\\\/#website\"},\"primaryImageOfPage\":{\"@id\":\"https:\\\/\\\/latamjournalismreview.org\\\/es\\\/articles\\\/ecuador-crea-nuevo-comite-de-proteccion-a-periodistas-pero-sociedad-civil-demanda-mayor-participacion\\\/#primaryimage\"},\"image\":{\"@id\":\"https:\\\/\\\/latamjournalismreview.org\\\/es\\\/articles\\\/ecuador-crea-nuevo-comite-de-proteccion-a-periodistas-pero-sociedad-civil-demanda-mayor-participacion\\\/#primaryimage\"},\"thumbnailUrl\":\"https:\\\/\\\/latamjournalismreview.org\\\/wp-content\\\/uploads\\\/2020\\\/06\\\/Nos-Faltan-3-Ecuador.jpg\",\"datePublished\":\"2019-06-19T21:44:48+00:00\",\"dateModified\":\"2020-06-09T19:09:41+00:00\",\"description\":\"Ecuador crea nuevo comit\u00e9 de protecci\u00f3n a periodistas pero sociedad civil demanda mayor participaci\u00f3n Violencia contra periodistas. Latin American Journalism Review by The Knight Center at The University of Texas at Austin.\",\"breadcrumb\":{\"@id\":\"https:\\\/\\\/latamjournalismreview.org\\\/es\\\/articles\\\/ecuador-crea-nuevo-comite-de-proteccion-a-periodistas-pero-sociedad-civil-demanda-mayor-participacion\\\/#breadcrumb\"},\"inLanguage\":\"es\",\"potentialAction\":[{\"@type\":\"ReadAction\",\"target\":[\"https:\\\/\\\/latamjournalismreview.org\\\/es\\\/articles\\\/ecuador-crea-nuevo-comite-de-proteccion-a-periodistas-pero-sociedad-civil-demanda-mayor-participacion\\\/\"]}]},{\"@type\":\"ImageObject\",\"inLanguage\":\"es\",\"@id\":\"https:\\\/\\\/latamjournalismreview.org\\\/es\\\/articles\\\/ecuador-crea-nuevo-comite-de-proteccion-a-periodistas-pero-sociedad-civil-demanda-mayor-participacion\\\/#primaryimage\",\"url\":\"https:\\\/\\\/latamjournalismreview.org\\\/wp-content\\\/uploads\\\/2020\\\/06\\\/Nos-Faltan-3-Ecuador.jpg\",\"contentUrl\":\"https:\\\/\\\/latamjournalismreview.org\\\/wp-content\\\/uploads\\\/2020\\\/06\\\/Nos-Faltan-3-Ecuador.jpg\",\"width\":400,\"height\":400,\"caption\":\"Nos Faltan 3 Ecuador\"},{\"@type\":\"BreadcrumbList\",\"@id\":\"https:\\\/\\\/latamjournalismreview.org\\\/es\\\/articles\\\/ecuador-crea-nuevo-comite-de-proteccion-a-periodistas-pero-sociedad-civil-demanda-mayor-participacion\\\/#breadcrumb\",\"itemListElement\":[{\"@type\":\"ListItem\",\"position\":1,\"name\":\"Home\",\"item\":\"https:\\\/\\\/latamjournalismreview.org\\\/es\\\/\"},{\"@type\":\"ListItem\",\"position\":2,\"name\":\"Ecuador crea nuevo comit\u00e9 de protecci\u00f3n a periodistas pero sociedad civil demanda mayor participaci\u00f3n\"}]},{\"@type\":\"WebSite\",\"@id\":\"https:\\\/\\\/latamjournalismreview.org\\\/es\\\/#website\",\"url\":\"https:\\\/\\\/latamjournalismreview.org\\\/es\\\/\",\"name\":\"LatAm Journalism Review\",\"description\":\"Knight Center at The University of Texas\",\"publisher\":{\"@id\":\"https:\\\/\\\/latamjournalismreview.org\\\/es\\\/#organization\"},\"potentialAction\":[{\"@type\":\"SearchAction\",\"target\":{\"@type\":\"EntryPoint\",\"urlTemplate\":\"https:\\\/\\\/latamjournalismreview.org\\\/es\\\/?s={search_term_string}\"},\"query-input\":{\"@type\":\"PropertyValueSpecification\",\"valueRequired\":true,\"valueName\":\"search_term_string\"}}],\"inLanguage\":\"es\"},{\"@type\":\"Organization\",\"@id\":\"https:\\\/\\\/latamjournalismreview.org\\\/es\\\/#organization\",\"name\":\"LatAm Journalism Review\",\"url\":\"https:\\\/\\\/latamjournalismreview.org\\\/es\\\/\",\"logo\":{\"@type\":\"ImageObject\",\"inLanguage\":\"es\",\"@id\":\"https:\\\/\\\/latamjournalismreview.org\\\/es\\\/#\\\/schema\\\/logo\\\/image\\\/\",\"url\":\"https:\\\/\\\/latamjournalismreview.org\\\/wp-content\\\/uploads\\\/2020\\\/05\\\/knight-latAm-review-logo.svg\",\"contentUrl\":\"https:\\\/\\\/latamjournalismreview.org\\\/wp-content\\\/uploads\\\/2020\\\/05\\\/knight-latAm-review-logo.svg\",\"width\":\"1024\",\"height\":\"1024\",\"caption\":\"LatAm Journalism Review\"},\"image\":{\"@id\":\"https:\\\/\\\/latamjournalismreview.org\\\/es\\\/#\\\/schema\\\/logo\\\/image\\\/\"},\"sameAs\":[\"https:\\\/\\\/x.com\\\/LatAmJournalism\"]},{\"@type\":\"Person\",\"@id\":\"https:\\\/\\\/latamjournalismreview.org\\\/es\\\/#\\\/schema\\\/person\\\/d0b9fa850ef1b6f56bb445e52f29f63f\",\"name\":\"Paola Nalvarte\",\"description\":\"Paola Nalvarte is a Peruvian journalist and documentary photographer living in Austin, Texas. She focuses on covering and writing about the Andes region. In Peru, Paola worked in the Lima office of the Italian news agency ANSA, on the economic news desk of the daily Expreso, and for ten years she has been working on different editorial projects doing picture editing and research for one of the oldest Spanish-language papers in the world, the Peruvian newspaper El Comercio. She also enjoyed writing for the newspaper weekly magazine Somos. Paola Nalvarte es una periodista y fot\u00f3grafa documental peruana que vive en Austin, Texas. El foco de inter\u00e9s de su cobertura noticiosa es la regi\u00f3n andina. En Per\u00fa, Paola trabaj\u00f3 en la oficina de Lima de la agencia italiana de noticias ANSA, en la secci\u00f3n de econom\u00eda del diario Expreso y por diez a\u00f1os hizo investigaci\u00f3n fotogr\u00e1fica y edici\u00f3n de fotograf\u00eda editorial en el diario decano de la prensa peruana, El Comercio. Tambi\u00e9n escribi\u00f3 para Somos, la revista semanal del mismo diario\u200b, art\u00edculos sobre medio ambiente y cultura. Paola Nalvarte \u00e9 uma jornalista peruana e fot\u00f3grafa documentarista que vive em Austin, Texas. O foco de interesse da sua cobertura jornal\u00edstica \u00e9 a regi\u00e3o andina. No Peru, Paola trabalhou no escrit\u00f3rio de Lima da ag\u00eancia de not\u00edcias italiana ANSA, na se\u00e7\u00e3o de economia do jornal Expreso e, por dez anos, fez pesquisa fotogr\u00e1fica e edi\u00e7\u00e3o de fotografia editorial para um dos jornais em espanhol mais antigos do mundo, o jornal peruano El Comercio. Ela tamb\u00e9m escreveu artigos de meio ambiente e cultura para a Somos, a revista semanal do mesmo jornal.\",\"sameAs\":[\"https:\\\/\\\/x.com\\\/paolanalvarte\"],\"url\":\"https:\\\/\\\/latamjournalismreview.org\\\/es\\\/articles\\\/author\\\/paola-nalvarte\\\/\"}]}<\/script>\n<!-- \/ Yoast SEO Premium plugin. -->","yoast_head_json":{"title":"Ecuador crea nuevo comit\u00e9 de protecci\u00f3n a periodistas pero sociedad civil demanda mayor participaci\u00f3n - LatAm Journalism Review","description":"Ecuador crea nuevo comit\u00e9 de protecci\u00f3n a periodistas pero sociedad civil demanda mayor participaci\u00f3n Violencia contra periodistas. Latin American Journalism Review by The Knight Center at The University of Texas at Austin.","robots":{"index":"index","follow":"follow","max-snippet":"max-snippet:-1","max-image-preview":"max-image-preview:large","max-video-preview":"max-video-preview:-1"},"canonical":"https:\/\/latamjournalismreview.org\/es\/articles\/ecuador-crea-nuevo-comite-de-proteccion-a-periodistas-pero-sociedad-civil-demanda-mayor-participacion\/","og_locale":"es_ES","og_type":"article","og_title":"Ecuador crea nuevo comit\u00e9 de protecci\u00f3n a periodistas pero sociedad civil demanda mayor participaci\u00f3n","og_description":"Ecuador crea nuevo comit\u00e9 de protecci\u00f3n a periodistas pero sociedad civil demanda mayor participaci\u00f3n Violencia contra periodistas. Latin American Journalism Review by The Knight Center at The University of Texas at Austin.","og_url":"https:\/\/latamjournalismreview.org\/es\/articles\/ecuador-crea-nuevo-comite-de-proteccion-a-periodistas-pero-sociedad-civil-demanda-mayor-participacion\/","og_site_name":"LatAm Journalism Review","article_published_time":"2019-06-19T21:44:48+00:00","article_modified_time":"2020-06-09T19:09:41+00:00","og_image":[{"width":400,"height":400,"url":"https:\/\/latamjournalismreview.org\/wp-content\/uploads\/2020\/06\/Nos-Faltan-3-Ecuador.jpg","type":"image\/jpeg"}],"author":"Paola Nalvarte","twitter_card":"summary_large_image","twitter_creator":"@paolanalvarte","twitter_site":"@LatAmJournalism","twitter_misc":{"Written by":"Paola Nalvarte","Est. reading time":"8 minutos"},"schema":{"@context":"https:\/\/schema.org","@graph":[{"@type":"Article","@id":"https:\/\/latamjournalismreview.org\/es\/articles\/ecuador-crea-nuevo-comite-de-proteccion-a-periodistas-pero-sociedad-civil-demanda-mayor-participacion\/#article","isPartOf":{"@id":"https:\/\/latamjournalismreview.org\/es\/articles\/ecuador-crea-nuevo-comite-de-proteccion-a-periodistas-pero-sociedad-civil-demanda-mayor-participacion\/"},"author":{"name":"Paola Nalvarte","@id":"https:\/\/latamjournalismreview.org\/es\/#\/schema\/person\/d0b9fa850ef1b6f56bb445e52f29f63f"},"headline":"Ecuador crea nuevo comit\u00e9 de protecci\u00f3n a periodistas pero sociedad civil demanda mayor participaci\u00f3n","datePublished":"2019-06-19T21:44:48+00:00","dateModified":"2020-06-09T19:09:41+00:00","mainEntityOfPage":{"@id":"https:\/\/latamjournalismreview.org\/es\/articles\/ecuador-crea-nuevo-comite-de-proteccion-a-periodistas-pero-sociedad-civil-demanda-mayor-participacion\/"},"wordCount":1524,"publisher":{"@id":"https:\/\/latamjournalismreview.org\/es\/#organization"},"image":{"@id":"https:\/\/latamjournalismreview.org\/es\/articles\/ecuador-crea-nuevo-comite-de-proteccion-a-periodistas-pero-sociedad-civil-demanda-mayor-participacion\/#primaryimage"},"thumbnailUrl":"https:\/\/latamjournalismreview.org\/wp-content\/uploads\/2020\/06\/Nos-Faltan-3-Ecuador.jpg","keywords":["Asesinato de periodista","Ecuador","Seguridad y protecci\u00f3n"],"articleSection":["Violencia contra periodistas"],"inLanguage":"es"},{"@type":"WebPage","@id":"https:\/\/latamjournalismreview.org\/es\/articles\/ecuador-crea-nuevo-comite-de-proteccion-a-periodistas-pero-sociedad-civil-demanda-mayor-participacion\/","url":"https:\/\/latamjournalismreview.org\/es\/articles\/ecuador-crea-nuevo-comite-de-proteccion-a-periodistas-pero-sociedad-civil-demanda-mayor-participacion\/","name":"Ecuador crea nuevo comit\u00e9 de protecci\u00f3n a periodistas pero sociedad civil demanda mayor participaci\u00f3n - LatAm Journalism Review","isPartOf":{"@id":"https:\/\/latamjournalismreview.org\/es\/#website"},"primaryImageOfPage":{"@id":"https:\/\/latamjournalismreview.org\/es\/articles\/ecuador-crea-nuevo-comite-de-proteccion-a-periodistas-pero-sociedad-civil-demanda-mayor-participacion\/#primaryimage"},"image":{"@id":"https:\/\/latamjournalismreview.org\/es\/articles\/ecuador-crea-nuevo-comite-de-proteccion-a-periodistas-pero-sociedad-civil-demanda-mayor-participacion\/#primaryimage"},"thumbnailUrl":"https:\/\/latamjournalismreview.org\/wp-content\/uploads\/2020\/06\/Nos-Faltan-3-Ecuador.jpg","datePublished":"2019-06-19T21:44:48+00:00","dateModified":"2020-06-09T19:09:41+00:00","description":"Ecuador crea nuevo comit\u00e9 de protecci\u00f3n a periodistas pero sociedad civil demanda mayor participaci\u00f3n Violencia contra periodistas. Latin American Journalism Review by The Knight Center at The University of Texas at Austin.","breadcrumb":{"@id":"https:\/\/latamjournalismreview.org\/es\/articles\/ecuador-crea-nuevo-comite-de-proteccion-a-periodistas-pero-sociedad-civil-demanda-mayor-participacion\/#breadcrumb"},"inLanguage":"es","potentialAction":[{"@type":"ReadAction","target":["https:\/\/latamjournalismreview.org\/es\/articles\/ecuador-crea-nuevo-comite-de-proteccion-a-periodistas-pero-sociedad-civil-demanda-mayor-participacion\/"]}]},{"@type":"ImageObject","inLanguage":"es","@id":"https:\/\/latamjournalismreview.org\/es\/articles\/ecuador-crea-nuevo-comite-de-proteccion-a-periodistas-pero-sociedad-civil-demanda-mayor-participacion\/#primaryimage","url":"https:\/\/latamjournalismreview.org\/wp-content\/uploads\/2020\/06\/Nos-Faltan-3-Ecuador.jpg","contentUrl":"https:\/\/latamjournalismreview.org\/wp-content\/uploads\/2020\/06\/Nos-Faltan-3-Ecuador.jpg","width":400,"height":400,"caption":"Nos Faltan 3 Ecuador"},{"@type":"BreadcrumbList","@id":"https:\/\/latamjournalismreview.org\/es\/articles\/ecuador-crea-nuevo-comite-de-proteccion-a-periodistas-pero-sociedad-civil-demanda-mayor-participacion\/#breadcrumb","itemListElement":[{"@type":"ListItem","position":1,"name":"Home","item":"https:\/\/latamjournalismreview.org\/es\/"},{"@type":"ListItem","position":2,"name":"Ecuador crea nuevo comit\u00e9 de protecci\u00f3n a periodistas pero sociedad civil demanda mayor participaci\u00f3n"}]},{"@type":"WebSite","@id":"https:\/\/latamjournalismreview.org\/es\/#website","url":"https:\/\/latamjournalismreview.org\/es\/","name":"LatAm Journalism Review","description":"Knight Center at The University of Texas","publisher":{"@id":"https:\/\/latamjournalismreview.org\/es\/#organization"},"potentialAction":[{"@type":"SearchAction","target":{"@type":"EntryPoint","urlTemplate":"https:\/\/latamjournalismreview.org\/es\/?s={search_term_string}"},"query-input":{"@type":"PropertyValueSpecification","valueRequired":true,"valueName":"search_term_string"}}],"inLanguage":"es"},{"@type":"Organization","@id":"https:\/\/latamjournalismreview.org\/es\/#organization","name":"LatAm Journalism Review","url":"https:\/\/latamjournalismreview.org\/es\/","logo":{"@type":"ImageObject","inLanguage":"es","@id":"https:\/\/latamjournalismreview.org\/es\/#\/schema\/logo\/image\/","url":"https:\/\/latamjournalismreview.org\/wp-content\/uploads\/2020\/05\/knight-latAm-review-logo.svg","contentUrl":"https:\/\/latamjournalismreview.org\/wp-content\/uploads\/2020\/05\/knight-latAm-review-logo.svg","width":"1024","height":"1024","caption":"LatAm Journalism Review"},"image":{"@id":"https:\/\/latamjournalismreview.org\/es\/#\/schema\/logo\/image\/"},"sameAs":["https:\/\/x.com\/LatAmJournalism"]},{"@type":"Person","@id":"https:\/\/latamjournalismreview.org\/es\/#\/schema\/person\/d0b9fa850ef1b6f56bb445e52f29f63f","name":"Paola Nalvarte","description":"Paola Nalvarte is a Peruvian journalist and documentary photographer living in Austin, Texas. She focuses on covering and writing about the Andes region. In Peru, Paola worked in the Lima office of the Italian news agency ANSA, on the economic news desk of the daily Expreso, and for ten years she has been working on different editorial projects doing picture editing and research for one of the oldest Spanish-language papers in the world, the Peruvian newspaper El Comercio. She also enjoyed writing for the newspaper weekly magazine Somos. Paola Nalvarte es una periodista y fot\u00f3grafa documental peruana que vive en Austin, Texas. El foco de inter\u00e9s de su cobertura noticiosa es la regi\u00f3n andina. En Per\u00fa, Paola trabaj\u00f3 en la oficina de Lima de la agencia italiana de noticias ANSA, en la secci\u00f3n de econom\u00eda del diario Expreso y por diez a\u00f1os hizo investigaci\u00f3n fotogr\u00e1fica y edici\u00f3n de fotograf\u00eda editorial en el diario decano de la prensa peruana, El Comercio. Tambi\u00e9n escribi\u00f3 para Somos, la revista semanal del mismo diario\u200b, art\u00edculos sobre medio ambiente y cultura. Paola Nalvarte \u00e9 uma jornalista peruana e fot\u00f3grafa documentarista que vive em Austin, Texas. O foco de interesse da sua cobertura jornal\u00edstica \u00e9 a regi\u00e3o andina. No Peru, Paola trabalhou no escrit\u00f3rio de Lima da ag\u00eancia de not\u00edcias italiana ANSA, na se\u00e7\u00e3o de economia do jornal Expreso e, por dez anos, fez pesquisa fotogr\u00e1fica e edi\u00e7\u00e3o de fotografia editorial para um dos jornais em espanhol mais antigos do mundo, o jornal peruano El Comercio. Ela tamb\u00e9m escreveu artigos de meio ambiente e cultura para a Somos, a revista semanal do mesmo jornal.","sameAs":["https:\/\/x.com\/paolanalvarte"],"url":"https:\/\/latamjournalismreview.org\/es\/articles\/author\/paola-nalvarte\/"}]}},"_links":{"self":[{"href":"https:\/\/latamjournalismreview.org\/es\/wp-json\/wp\/v2\/posts\/5774","targetHints":{"allow":["GET"]}}],"collection":[{"href":"https:\/\/latamjournalismreview.org\/es\/wp-json\/wp\/v2\/posts"}],"about":[{"href":"https:\/\/latamjournalismreview.org\/es\/wp-json\/wp\/v2\/types\/post"}],"author":[{"embeddable":true,"href":"https:\/\/latamjournalismreview.org\/es\/wp-json\/wp\/v2\/users\/4"}],"replies":[{"embeddable":true,"href":"https:\/\/latamjournalismreview.org\/es\/wp-json\/wp\/v2\/comments?post=5774"}],"version-history":[{"count":1,"href":"https:\/\/latamjournalismreview.org\/es\/wp-json\/wp\/v2\/posts\/5774\/revisions"}],"predecessor-version":[{"id":5775,"href":"https:\/\/latamjournalismreview.org\/es\/wp-json\/wp\/v2\/posts\/5774\/revisions\/5775"}],"wp:featuredmedia":[{"embeddable":true,"href":"https:\/\/latamjournalismreview.org\/es\/wp-json\/wp\/v2\/media\/5772"}],"wp:attachment":[{"href":"https:\/\/latamjournalismreview.org\/es\/wp-json\/wp\/v2\/media?parent=5774"}],"wp:term":[{"taxonomy":"category","embeddable":true,"href":"https:\/\/latamjournalismreview.org\/es\/wp-json\/wp\/v2\/categories?post=5774"},{"taxonomy":"post_tag","embeddable":true,"href":"https:\/\/latamjournalismreview.org\/es\/wp-json\/wp\/v2\/tags?post=5774"},{"taxonomy":"author","embeddable":true,"href":"https:\/\/latamjournalismreview.org\/es\/wp-json\/wp\/v2\/coauthors?post=5774"}],"curies":[{"name":"wp","href":"https:\/\/api.w.org\/{rel}","templated":true}]}}