{"id":57899,"date":"2011-04-22T19:57:04","date_gmt":"2011-04-23T00:57:04","guid":{"rendered":"https:\/\/latamjournalismreview.org\/?p=57899"},"modified":"2022-06-13T19:58:05","modified_gmt":"2022-06-14T00:58:05","slug":"explosion-causa-la-muerte-de-periodista-boliviano","status":"publish","type":"post","link":"https:\/\/latamjournalismreview.org\/es\/articles\/explosion-causa-la-muerte-de-periodista-boliviano\/","title":{"rendered":"Explosi\u00f3n causa la muerte de periodista boliviano"},"content":{"rendered":"<p>El periodista\u00a0<a href=\"http:\/\/www.fmbolivia.tv\/2011\/04\/david-nino-de-guzman-era-de-uncia-y-amo-tanto-su-terruno-como-su-oficio\">David Ni\u00f1o de Guzm\u00e1n<\/a>, jefe de Informaciones de la\u00a0<a href=\"http:\/\/www.noticiasfides.com\/\">Agencia de Noticias Fides<\/a>\u00a0(ANF), fue encontrado\u00a0<a href=\"http:\/\/www.noticiasfides.com\/sociedad\/fallecio-el-jefe-de-prensa-de-la-anf\">muerto con su est\u00f3mago destrozado por la explosi\u00f3n de una carga de dinamita<\/a>, reportaron el propio medio y el diario\u00a0<a href=\"http:\/\/www.laprensa.com.bo\/noticias\/22-4-2011\/noticias\/22-04-2011_15172.php\">La Prensa<\/a>.<\/p>\n<p>El cuerpo sin vida del comunicador fue hallado el jueves 21 de abril en un terreno bald\u00edo en\u00a0<a href=\"http:\/\/es.wikipedia.org\/wiki\/La_Paz\">La Paz<\/a>.\u00a0<a href=\"http:\/\/www.voanews.com\/spanish\/news\/latin-america\/muere-periodista-agencia-bolivia-explosion-120454964.html\">Los medios locales no se refieren expl\u00edcitamente a un homicidio<\/a>\u00a0y comentan las \u201c<a href=\"http:\/\/www.opinion.com.bo\/opinion\/articulos\/2011\/0422\/noticias.php?id=8562\">extra\u00f1as circunstancias<\/a>\u201d que rodean la muerte del reportero.<\/p>\n<p>El coronel Rosal\u00edo \u00c1lvarez, Director Departamental de\u00a0<a href=\"http:\/\/www.la-razon.com\/version.php?ArticleId=129094&amp;EditionId=2505\">la Fuerza Especial de Lucha Contra el Crimen (FELCC) inici\u00f3 una investigaci\u00f3n de los hechos<\/a>, dijo La Raz\u00f3n. \"<a href=\"http:\/\/www.jornadanet.com\/n.php?a=62310-1\">No podemos descartar si fue consecuencia de un robo, un atraco, una venganza, un homicidio<\/a>\u00a0estamos manejando varias hip\u00f3tesis\", dijo el jefe policial citado por Jornadanet. Agreg\u00f3 que en el domicilio de Ni\u00f1o de Guzm\u00e1n \"todo estaba intacto, no exist\u00eda signo de violencia\".<\/p>\n<p>El periodista, que ten\u00eda m\u00e1s de 15 a\u00f1os de trayectoria,\u00a0<a href=\"http:\/\/eju.tv\/2011\/04\/estremece-la-crueldad-con-que-muere-un-periodista-en-la-paz-2\">se encontraba desaparecido desde el martes 19 de abril<\/a>\u00a0en la noche, report\u00f3 Eju TV. Su familia afirma que recibi\u00f3 una llamada antes de salir, pero se desconoce qui\u00e9n o qui\u00e9nes lo instaron a salir de su domicilio.<\/p>\n<p>El presidente\u00a0<a href=\"http:\/\/www.fmbolivia.tv\/2011\/04\/gobierno-boliviano-pide-profunda-investigacion-de-la-muerte\">Evo Morales lament\u00f3 la muerte del periodista y demand\u00f3 una \u201cexhaustiva\u201d investigaci\u00f3n<\/a>\u00a0para establecer las causas del deceso. \u201cEl Poder Ejecutivo, a trav\u00e9s del Ministerio de Gobierno, instruy\u00f3 a las instancias correspondientes realizar una exhaustiva investigaci\u00f3n sobre las circunstancias del deceso del periodista\u201d, afirm\u00f3 un comunicado del ministerio de Comunicaci\u00f3n, citado por FM Bolivia.<\/p>\n<p>La Federaci\u00f3n de Trabajadores de la Prensa de La Paz exigi\u00f3 el pronto esclarecimiento de la muerte de Ni\u00f1o de Guzm\u00e1n y record\u00f3 que el oficio de periodista es de alto riesgo, por lo cual llam\u00f3 a las autoridades a aprobar, con urgencia,\u00a0<a href=\"http:\/\/www.lostiempos.com\/diario\/actualidad\/nacional\/20110421\/federacion-de-la-prensa-exige-a-la-policia-esclarecer-muerte-de-nino-de_122543_245192.html\">una norma jur\u00eddica para implementar un seguro de vida para trabajadores de la prensa<\/a>, inform\u00f3 Los Tiempos.<\/p>\n<p>Bolpress report\u00f3 que\u00a0<a href=\"http:\/\/www.bolpress.com\/art.php?Cod=2011042109\">la familia del periodista asegura que fue torturado antes de morir<\/a>. La muerte de Ni\u00f1o de Guzm\u00e1n ocurre una semana despu\u00e9s de que el director de Producci\u00f3n del Canal 5 de Beni y productor de la red de televisi\u00f3n Gigavisi\u00f3n Gabriel Guzm\u00e1n fuera baleado en una pierna y el est\u00f3mago por dos asaltantes, agrega el medio. Asimismo, el viernes 15 de abril\u00a0<a href=\"http:\/\/knightcenter.utexas.edu\/es\/blog\/periodista-boliviano-preso-durante-tres-meses-es-liberado-pero-no-puede-hablar-sobre-su-caso\">un grupo de periodistas fueron golpeados y asaltados<\/a>\u00a0por la polic\u00eda y manifestantes durante una jornada de protestas de maestros rurales en el altiplano de La Paz.<\/p>\n<p><strong>Otras Noticias Relacionadas<\/strong><br \/>\n\u00bb La Sociedad Interamericana de Prensa<span>\u00a0(<a href=\"http:\/\/www.sipiapa.com\/v4\/index.php?page=cont_comunicados&amp;seccion=detalles&amp;idioma=sp&amp;id=4550\" target=\"_blank\" rel=\"noopener\">Condena la SIP asesinato de periodista en Bolivia y pide investigaci\u00f3n expedita<\/a>)<\/p>\n<p><em>Nota del editor: Esta historia fue publicada originalmente en el blog Periodismo en las Am\u00e9ricas del Centro Knight, el predecesor de LatAm Journalism Review.<\/em><br \/>\n<\/span><\/p>\n","protected":false},"excerpt":{"rendered":"<p>El periodista\u00a0David Ni\u00f1o de Guzm\u00e1n, jefe de Informaciones de la\u00a0Agencia de Noticias Fides\u00a0(ANF), fue encontrado\u00a0muerto con su est\u00f3mago destrozado por la explosi\u00f3n de una carga de dinamita, reportaron el propio medio y el diario\u00a0La Prensa.<\/p>\n","protected":false},"author":43,"featured_media":0,"comment_status":"closed","ping_status":"closed","sticky":false,"template":"","format":"standard","meta":{"inline_featured_image":false,"footnotes":""},"categories":[1222],"tags":[1479,1429],"coauthors":[],"class_list":["post-57899","post","type-post","status-publish","format-standard","hentry","category-violencia-contra-periodistas-es","tag-asesinato-de-periodistas-es","tag-bolivia-es"],"acf":[],"yoast_head":"<!-- This site is optimized with the Yoast SEO Premium plugin v22.6 (Yoast SEO v27.4) - https:\/\/yoast.com\/product\/yoast-seo-premium-wordpress\/ -->\n<title>Explosi\u00f3n causa la muerte de periodista boliviano - LatAm Journalism Review<\/title>\n<meta name=\"description\" content=\"Explosi\u00f3n causa la muerte de periodista boliviano Violencia contra periodistas. Latin American Journalism Review by The Knight Center at The University of Texas at Austin.\" \/>\n<meta name=\"robots\" content=\"index, follow, max-snippet:-1, max-image-preview:large, max-video-preview:-1\" \/>\n<link rel=\"canonical\" href=\"https:\/\/latamjournalismreview.org\/es\/articles\/explosion-causa-la-muerte-de-periodista-boliviano\/\" \/>\n<meta property=\"og:locale\" content=\"es_ES\" \/>\n<meta property=\"og:type\" content=\"article\" \/>\n<meta property=\"og:title\" content=\"Explosi\u00f3n causa la muerte de periodista boliviano\" \/>\n<meta property=\"og:description\" content=\"Explosi\u00f3n causa la muerte de periodista boliviano Violencia contra periodistas. Latin American Journalism Review by The Knight Center at The University of Texas at Austin.\" \/>\n<meta property=\"og:url\" content=\"https:\/\/latamjournalismreview.org\/es\/articles\/explosion-causa-la-muerte-de-periodista-boliviano\/\" \/>\n<meta property=\"og:site_name\" content=\"LatAm Journalism Review\" \/>\n<meta property=\"article:published_time\" content=\"2011-04-23T00:57:04+00:00\" \/>\n<meta property=\"article:modified_time\" content=\"2022-06-14T00:58:05+00:00\" \/>\n<meta name=\"author\" content=\"Monica Medel\" \/>\n<meta name=\"twitter:card\" content=\"summary_large_image\" \/>\n<meta name=\"twitter:creator\" content=\"@LatAmJournalism\" \/>\n<meta name=\"twitter:site\" content=\"@LatAmJournalism\" \/>\n<meta name=\"twitter:label1\" content=\"Written by\" \/>\n\t<meta name=\"twitter:data1\" content=\"Monica Medel\" \/>\n\t<meta name=\"twitter:label2\" content=\"Est. reading time\" \/>\n\t<meta name=\"twitter:data2\" content=\"2 minutos\" \/>\n<script type=\"application\/ld+json\" class=\"yoast-schema-graph\">{\"@context\":\"https:\\\/\\\/schema.org\",\"@graph\":[{\"@type\":\"Article\",\"@id\":\"https:\\\/\\\/latamjournalismreview.org\\\/es\\\/articles\\\/explosion-causa-la-muerte-de-periodista-boliviano\\\/#article\",\"isPartOf\":{\"@id\":\"https:\\\/\\\/latamjournalismreview.org\\\/es\\\/articles\\\/explosion-causa-la-muerte-de-periodista-boliviano\\\/\"},\"author\":{\"name\":\"Monica Medel\",\"@id\":\"https:\\\/\\\/latamjournalismreview.org\\\/es\\\/#\\\/schema\\\/person\\\/1746872e9af4abc45355e4a7a4ddcea5\"},\"headline\":\"Explosi\u00f3n causa la muerte de periodista boliviano\",\"datePublished\":\"2011-04-23T00:57:04+00:00\",\"dateModified\":\"2022-06-14T00:58:05+00:00\",\"mainEntityOfPage\":{\"@id\":\"https:\\\/\\\/latamjournalismreview.org\\\/es\\\/articles\\\/explosion-causa-la-muerte-de-periodista-boliviano\\\/\"},\"wordCount\":490,\"publisher\":{\"@id\":\"https:\\\/\\\/latamjournalismreview.org\\\/es\\\/#organization\"},\"keywords\":[\"Asesinato de periodista\",\"Bolivia\"],\"articleSection\":[\"Violencia contra periodistas\"],\"inLanguage\":\"es\"},{\"@type\":\"WebPage\",\"@id\":\"https:\\\/\\\/latamjournalismreview.org\\\/es\\\/articles\\\/explosion-causa-la-muerte-de-periodista-boliviano\\\/\",\"url\":\"https:\\\/\\\/latamjournalismreview.org\\\/es\\\/articles\\\/explosion-causa-la-muerte-de-periodista-boliviano\\\/\",\"name\":\"Explosi\u00f3n causa la muerte de periodista boliviano - LatAm Journalism Review\",\"isPartOf\":{\"@id\":\"https:\\\/\\\/latamjournalismreview.org\\\/es\\\/#website\"},\"datePublished\":\"2011-04-23T00:57:04+00:00\",\"dateModified\":\"2022-06-14T00:58:05+00:00\",\"description\":\"Explosi\u00f3n causa la muerte de periodista boliviano Violencia contra periodistas. Latin American Journalism Review by The Knight Center at The University of Texas at Austin.\",\"breadcrumb\":{\"@id\":\"https:\\\/\\\/latamjournalismreview.org\\\/es\\\/articles\\\/explosion-causa-la-muerte-de-periodista-boliviano\\\/#breadcrumb\"},\"inLanguage\":\"es\",\"potentialAction\":[{\"@type\":\"ReadAction\",\"target\":[\"https:\\\/\\\/latamjournalismreview.org\\\/es\\\/articles\\\/explosion-causa-la-muerte-de-periodista-boliviano\\\/\"]}]},{\"@type\":\"BreadcrumbList\",\"@id\":\"https:\\\/\\\/latamjournalismreview.org\\\/es\\\/articles\\\/explosion-causa-la-muerte-de-periodista-boliviano\\\/#breadcrumb\",\"itemListElement\":[{\"@type\":\"ListItem\",\"position\":1,\"name\":\"Home\",\"item\":\"https:\\\/\\\/latamjournalismreview.org\\\/es\\\/\"},{\"@type\":\"ListItem\",\"position\":2,\"name\":\"Explosi\u00f3n causa la muerte de periodista boliviano\"}]},{\"@type\":\"WebSite\",\"@id\":\"https:\\\/\\\/latamjournalismreview.org\\\/es\\\/#website\",\"url\":\"https:\\\/\\\/latamjournalismreview.org\\\/es\\\/\",\"name\":\"LatAm Journalism Review\",\"description\":\"Knight Center at The University of Texas\",\"publisher\":{\"@id\":\"https:\\\/\\\/latamjournalismreview.org\\\/es\\\/#organization\"},\"potentialAction\":[{\"@type\":\"SearchAction\",\"target\":{\"@type\":\"EntryPoint\",\"urlTemplate\":\"https:\\\/\\\/latamjournalismreview.org\\\/es\\\/?s={search_term_string}\"},\"query-input\":{\"@type\":\"PropertyValueSpecification\",\"valueRequired\":true,\"valueName\":\"search_term_string\"}}],\"inLanguage\":\"es\"},{\"@type\":\"Organization\",\"@id\":\"https:\\\/\\\/latamjournalismreview.org\\\/es\\\/#organization\",\"name\":\"LatAm Journalism Review\",\"url\":\"https:\\\/\\\/latamjournalismreview.org\\\/es\\\/\",\"logo\":{\"@type\":\"ImageObject\",\"inLanguage\":\"es\",\"@id\":\"https:\\\/\\\/latamjournalismreview.org\\\/es\\\/#\\\/schema\\\/logo\\\/image\\\/\",\"url\":\"https:\\\/\\\/latamjournalismreview.org\\\/wp-content\\\/uploads\\\/2020\\\/05\\\/knight-latAm-review-logo.svg\",\"contentUrl\":\"https:\\\/\\\/latamjournalismreview.org\\\/wp-content\\\/uploads\\\/2020\\\/05\\\/knight-latAm-review-logo.svg\",\"width\":\"1024\",\"height\":\"1024\",\"caption\":\"LatAm Journalism Review\"},\"image\":{\"@id\":\"https:\\\/\\\/latamjournalismreview.org\\\/es\\\/#\\\/schema\\\/logo\\\/image\\\/\"},\"sameAs\":[\"https:\\\/\\\/x.com\\\/LatAmJournalism\"]},{\"@type\":\"Person\",\"@id\":\"https:\\\/\\\/latamjournalismreview.org\\\/es\\\/#\\\/schema\\\/person\\\/1746872e9af4abc45355e4a7a4ddcea5\",\"name\":\"Monica Medel\",\"url\":\"https:\\\/\\\/latamjournalismreview.org\\\/es\\\/articles\\\/author\\\/monica-medel\\\/\"}]}<\/script>\n<!-- \/ Yoast SEO Premium plugin. -->","yoast_head_json":{"title":"Explosi\u00f3n causa la muerte de periodista boliviano - LatAm Journalism Review","description":"Explosi\u00f3n causa la muerte de periodista boliviano Violencia contra periodistas. Latin American Journalism Review by The Knight Center at The University of Texas at Austin.","robots":{"index":"index","follow":"follow","max-snippet":"max-snippet:-1","max-image-preview":"max-image-preview:large","max-video-preview":"max-video-preview:-1"},"canonical":"https:\/\/latamjournalismreview.org\/es\/articles\/explosion-causa-la-muerte-de-periodista-boliviano\/","og_locale":"es_ES","og_type":"article","og_title":"Explosi\u00f3n causa la muerte de periodista boliviano","og_description":"Explosi\u00f3n causa la muerte de periodista boliviano Violencia contra periodistas. Latin American Journalism Review by The Knight Center at The University of Texas at Austin.","og_url":"https:\/\/latamjournalismreview.org\/es\/articles\/explosion-causa-la-muerte-de-periodista-boliviano\/","og_site_name":"LatAm Journalism Review","article_published_time":"2011-04-23T00:57:04+00:00","article_modified_time":"2022-06-14T00:58:05+00:00","author":"Monica Medel","twitter_card":"summary_large_image","twitter_creator":"@LatAmJournalism","twitter_site":"@LatAmJournalism","twitter_misc":{"Written by":"Monica Medel","Est. reading time":"2 minutos"},"schema":{"@context":"https:\/\/schema.org","@graph":[{"@type":"Article","@id":"https:\/\/latamjournalismreview.org\/es\/articles\/explosion-causa-la-muerte-de-periodista-boliviano\/#article","isPartOf":{"@id":"https:\/\/latamjournalismreview.org\/es\/articles\/explosion-causa-la-muerte-de-periodista-boliviano\/"},"author":{"name":"Monica Medel","@id":"https:\/\/latamjournalismreview.org\/es\/#\/schema\/person\/1746872e9af4abc45355e4a7a4ddcea5"},"headline":"Explosi\u00f3n causa la muerte de periodista boliviano","datePublished":"2011-04-23T00:57:04+00:00","dateModified":"2022-06-14T00:58:05+00:00","mainEntityOfPage":{"@id":"https:\/\/latamjournalismreview.org\/es\/articles\/explosion-causa-la-muerte-de-periodista-boliviano\/"},"wordCount":490,"publisher":{"@id":"https:\/\/latamjournalismreview.org\/es\/#organization"},"keywords":["Asesinato de periodista","Bolivia"],"articleSection":["Violencia contra periodistas"],"inLanguage":"es"},{"@type":"WebPage","@id":"https:\/\/latamjournalismreview.org\/es\/articles\/explosion-causa-la-muerte-de-periodista-boliviano\/","url":"https:\/\/latamjournalismreview.org\/es\/articles\/explosion-causa-la-muerte-de-periodista-boliviano\/","name":"Explosi\u00f3n causa la muerte de periodista boliviano - LatAm Journalism Review","isPartOf":{"@id":"https:\/\/latamjournalismreview.org\/es\/#website"},"datePublished":"2011-04-23T00:57:04+00:00","dateModified":"2022-06-14T00:58:05+00:00","description":"Explosi\u00f3n causa la muerte de periodista boliviano Violencia contra periodistas. Latin American Journalism Review by The Knight Center at The University of Texas at Austin.","breadcrumb":{"@id":"https:\/\/latamjournalismreview.org\/es\/articles\/explosion-causa-la-muerte-de-periodista-boliviano\/#breadcrumb"},"inLanguage":"es","potentialAction":[{"@type":"ReadAction","target":["https:\/\/latamjournalismreview.org\/es\/articles\/explosion-causa-la-muerte-de-periodista-boliviano\/"]}]},{"@type":"BreadcrumbList","@id":"https:\/\/latamjournalismreview.org\/es\/articles\/explosion-causa-la-muerte-de-periodista-boliviano\/#breadcrumb","itemListElement":[{"@type":"ListItem","position":1,"name":"Home","item":"https:\/\/latamjournalismreview.org\/es\/"},{"@type":"ListItem","position":2,"name":"Explosi\u00f3n causa la muerte de periodista boliviano"}]},{"@type":"WebSite","@id":"https:\/\/latamjournalismreview.org\/es\/#website","url":"https:\/\/latamjournalismreview.org\/es\/","name":"LatAm Journalism Review","description":"Knight Center at The University of Texas","publisher":{"@id":"https:\/\/latamjournalismreview.org\/es\/#organization"},"potentialAction":[{"@type":"SearchAction","target":{"@type":"EntryPoint","urlTemplate":"https:\/\/latamjournalismreview.org\/es\/?s={search_term_string}"},"query-input":{"@type":"PropertyValueSpecification","valueRequired":true,"valueName":"search_term_string"}}],"inLanguage":"es"},{"@type":"Organization","@id":"https:\/\/latamjournalismreview.org\/es\/#organization","name":"LatAm Journalism Review","url":"https:\/\/latamjournalismreview.org\/es\/","logo":{"@type":"ImageObject","inLanguage":"es","@id":"https:\/\/latamjournalismreview.org\/es\/#\/schema\/logo\/image\/","url":"https:\/\/latamjournalismreview.org\/wp-content\/uploads\/2020\/05\/knight-latAm-review-logo.svg","contentUrl":"https:\/\/latamjournalismreview.org\/wp-content\/uploads\/2020\/05\/knight-latAm-review-logo.svg","width":"1024","height":"1024","caption":"LatAm Journalism Review"},"image":{"@id":"https:\/\/latamjournalismreview.org\/es\/#\/schema\/logo\/image\/"},"sameAs":["https:\/\/x.com\/LatAmJournalism"]},{"@type":"Person","@id":"https:\/\/latamjournalismreview.org\/es\/#\/schema\/person\/1746872e9af4abc45355e4a7a4ddcea5","name":"Monica Medel","url":"https:\/\/latamjournalismreview.org\/es\/articles\/author\/monica-medel\/"}]}},"_links":{"self":[{"href":"https:\/\/latamjournalismreview.org\/es\/wp-json\/wp\/v2\/posts\/57899","targetHints":{"allow":["GET"]}}],"collection":[{"href":"https:\/\/latamjournalismreview.org\/es\/wp-json\/wp\/v2\/posts"}],"about":[{"href":"https:\/\/latamjournalismreview.org\/es\/wp-json\/wp\/v2\/types\/post"}],"author":[{"embeddable":true,"href":"https:\/\/latamjournalismreview.org\/es\/wp-json\/wp\/v2\/users\/43"}],"replies":[{"embeddable":true,"href":"https:\/\/latamjournalismreview.org\/es\/wp-json\/wp\/v2\/comments?post=57899"}],"version-history":[{"count":1,"href":"https:\/\/latamjournalismreview.org\/es\/wp-json\/wp\/v2\/posts\/57899\/revisions"}],"predecessor-version":[{"id":57901,"href":"https:\/\/latamjournalismreview.org\/es\/wp-json\/wp\/v2\/posts\/57899\/revisions\/57901"}],"wp:attachment":[{"href":"https:\/\/latamjournalismreview.org\/es\/wp-json\/wp\/v2\/media?parent=57899"}],"wp:term":[{"taxonomy":"category","embeddable":true,"href":"https:\/\/latamjournalismreview.org\/es\/wp-json\/wp\/v2\/categories?post=57899"},{"taxonomy":"post_tag","embeddable":true,"href":"https:\/\/latamjournalismreview.org\/es\/wp-json\/wp\/v2\/tags?post=57899"},{"taxonomy":"author","embeddable":true,"href":"https:\/\/latamjournalismreview.org\/es\/wp-json\/wp\/v2\/coauthors?post=57899"}],"curies":[{"name":"wp","href":"https:\/\/api.w.org\/{rel}","templated":true}]}}