{"id":58135,"date":"2011-04-04T12:59:00","date_gmt":"2011-04-04T17:59:00","guid":{"rendered":"https:\/\/latamjournalismreview.org\/?p=58135"},"modified":"2022-06-14T13:00:27","modified_gmt":"2022-06-14T18:00:27","slug":"asesinado-a-balazos-periodista-de-radio-en-peru","status":"publish","type":"post","link":"https:\/\/latamjournalismreview.org\/es\/articles\/asesinado-a-balazos-periodista-de-radio-en-peru\/","title":{"rendered":"Asesinado a balazos periodista de radio en Per\u00fa"},"content":{"rendered":"<p>Cuando las celebraciones y marchas por el\u00a0<a href=\"http:\/\/www.google.com\/search?q=dia+mundial+de+la+libertad+de+prensa&amp;hl=en&amp;prmd=ivns&amp;source=lnms&amp;tbm=nws&amp;ei=s1zBTaiXMNODtgfEy9ipBQ&amp;sa=X&amp;oi=mode_link&amp;ct=mode&amp;cd=4&amp;ved=0CBYQ_AUoAw\">D\u00eda Mundial de la Libertad de Prensa<\/a>\u00a0todav\u00eda no se apagaban, el periodista peruano de radio\u00a0<a href=\"http:\/\/www.larepublica.pe\/archive\/all\/larepublica\/20110504\/11\/node\/348110\/todos\/15\">Julio C\u00e9sar Castillo Narv\u00e1ez fue acribillado por presuntos sicarios<\/a>\u00a0en la ciudad de\u00a0<a href=\"http:\/\/es.wikipedia.org\/wiki\/Provincia_de_Vir%C3%BA\">Vir\u00fa<\/a>, 550 kil\u00f3metros al noroeste de Lima, inform\u00f3 La Rep\u00fablica.<\/p>\n<p>Castillo, conductor del programa \u201cNoticiero de Ollantay\u201d,\u00a0<a href=\"http:\/\/www.rpp.com.pe\/2011-05-03-la-libertad-asesinan-de-seis-balazos-a-periodista-en-provincia-de-viru-noticia_361907.html\">recibi\u00f3 al menos seis impactos de bala<\/a>\u00a0en el ataque que le causaron la muerte de manera instant\u00e1nea, report\u00f3 Radio Programas del Per\u00fa (RPP).<\/p>\n<p>El periodista, quien\u00a0<a href=\"http:\/\/www.diariolaprimeraperu.com\/online\/trujillo\/noticia.php?IDnoticia=13648\">fue asesinado por cuatro individuos en un restaurante<\/a>, hab\u00eda estado\u00a0<a href=\"http:\/\/www.rpp.com.pe\/2011-05-04-periodista-asesinado-en-viru-recibia-amenazas-de-muerte-afirman-noticia_361949.html\">recibiendo constantes amenazas<\/a>\u00a0de parte de personas ligadas al gobierno local por hacer denuncias contra las autoridades en su programa, seg\u00fan indic\u00f3 RPP en otra nota.<\/p>\n<p>El propietario de la emisora Ollantay, Lucio D\u00edaz, precis\u00f3 que\u00a0<a href=\"http:\/\/www.laestrella.com.pa\/online\/al_minuto\/2011\/05\/04\/al_min_asesinan_a_balazos_a_periodista_peruano.asp\">las amenazas habr\u00edan comenzado en marzo<\/a>, detall\u00f3 la agencia Xinhua.<\/p>\n<p>Un reciente reporte de la\u00a0<a href=\"http:\/\/www.anp.org.pe\/\">Asociaci\u00f3n Nacional de Periodistas<\/a>\u00a0del Per\u00fa dio a conocer que en los primeros meses de 2011 se cometieron 82 atentados contra reporteros en el pa\u00eds.<\/p>\n<p><em><br \/>\n<strong>Otras Noticias Relacionadas<\/strong><br \/>\n\u00bb Centro Knight<span>\u00a0(<a href=\"http:\/\/knightcenter.utexas.edu\/es\/blog\/periodistas-denuncian-nuevos-ataques-mientras-reporte-reafirma-peligrosidad-de-latinoamerica-pa\" target=\"_blank\" rel=\"noopener\">Periodistas denuncian nuevos ataques mientras reporte reafirma peligrosidad de Latinoam\u00e9rica para la prensa<\/a>)<\/span><br \/>\n\u00bb Reporteros Sin Fronteras\u00a0<span>(<a href=\"http:\/\/es.rsf.org\/peru-la-pista-profesional-es-05-05-2011,40235.html\" target=\"_blank\" rel=\"noopener\">La pista profesional es prioritaria en el asesinato de un periodista que enfrentaba problemas con autoridades locales<\/a>)<\/span><\/p>\n<p>Nota del editor: Esta historia fue publicada originalmente en el blog Periodismo en las Am\u00e9ricas del Centro Knight, el predecesor de LatAm Journalism Review.<\/em><\/p>\n","protected":false},"excerpt":{"rendered":"<p>Cuando las celebraciones y marchas por el\u00a0D\u00eda Mundial de la Libertad de Prensa\u00a0todav\u00eda no se apagaban, el periodista peruano de radio\u00a0Julio C\u00e9sar Castillo Narv\u00e1ez fue acribillado por presuntos sicarios\u00a0en la ciudad de\u00a0Vir\u00fa, 550 kil\u00f3metros al noroeste de Lima, inform\u00f3 La Rep\u00fablica.<\/p>\n","protected":false},"author":43,"featured_media":0,"comment_status":"closed","ping_status":"closed","sticky":false,"template":"","format":"standard","meta":{"inline_featured_image":false,"footnotes":""},"categories":[1222],"tags":[1522,1479,1543,1505],"coauthors":[],"class_list":["post-58135","post","type-post","status-publish","format-standard","hentry","category-violencia-contra-periodistas-es","tag-amenazas-contra-periodistas-es","tag-asesinato-de-periodistas-es","tag-corrupcion-es","tag-peru-es"],"acf":[],"yoast_head":"<!-- This site is optimized with the Yoast SEO Premium plugin v22.6 (Yoast SEO v27.4) - https:\/\/yoast.com\/product\/yoast-seo-premium-wordpress\/ -->\n<title>Asesinado a balazos periodista de radio en Per\u00fa - LatAm Journalism Review<\/title>\n<meta name=\"description\" content=\"Asesinado a balazos periodista de radio en Per\u00fa Violencia contra periodistas. Latin American Journalism Review by The Knight Center at The University of Texas at Austin.\" \/>\n<meta name=\"robots\" content=\"index, follow, max-snippet:-1, max-image-preview:large, max-video-preview:-1\" \/>\n<link rel=\"canonical\" href=\"https:\/\/latamjournalismreview.org\/es\/articles\/asesinado-a-balazos-periodista-de-radio-en-peru\/\" \/>\n<meta property=\"og:locale\" content=\"es_ES\" \/>\n<meta property=\"og:type\" content=\"article\" \/>\n<meta property=\"og:title\" content=\"Asesinado a balazos periodista de radio en Per\u00fa\" \/>\n<meta property=\"og:description\" content=\"Asesinado a balazos periodista de radio en Per\u00fa Violencia contra periodistas. Latin American Journalism Review by The Knight Center at The University of Texas at Austin.\" \/>\n<meta property=\"og:url\" content=\"https:\/\/latamjournalismreview.org\/es\/articles\/asesinado-a-balazos-periodista-de-radio-en-peru\/\" \/>\n<meta property=\"og:site_name\" content=\"LatAm Journalism Review\" \/>\n<meta property=\"article:published_time\" content=\"2011-04-04T17:59:00+00:00\" \/>\n<meta property=\"article:modified_time\" content=\"2022-06-14T18:00:27+00:00\" \/>\n<meta name=\"author\" content=\"Monica Medel\" \/>\n<meta name=\"twitter:card\" content=\"summary_large_image\" \/>\n<meta name=\"twitter:creator\" content=\"@LatAmJournalism\" \/>\n<meta name=\"twitter:site\" content=\"@LatAmJournalism\" \/>\n<meta name=\"twitter:label1\" content=\"Written by\" \/>\n\t<meta name=\"twitter:data1\" content=\"Monica Medel\" \/>\n\t<meta name=\"twitter:label2\" content=\"Est. reading time\" \/>\n\t<meta name=\"twitter:data2\" content=\"1 minuto\" \/>\n<script type=\"application\/ld+json\" class=\"yoast-schema-graph\">{\"@context\":\"https:\\\/\\\/schema.org\",\"@graph\":[{\"@type\":\"Article\",\"@id\":\"https:\\\/\\\/latamjournalismreview.org\\\/es\\\/articles\\\/asesinado-a-balazos-periodista-de-radio-en-peru\\\/#article\",\"isPartOf\":{\"@id\":\"https:\\\/\\\/latamjournalismreview.org\\\/es\\\/articles\\\/asesinado-a-balazos-periodista-de-radio-en-peru\\\/\"},\"author\":{\"name\":\"Monica Medel\",\"@id\":\"https:\\\/\\\/latamjournalismreview.org\\\/es\\\/#\\\/schema\\\/person\\\/1746872e9af4abc45355e4a7a4ddcea5\"},\"headline\":\"Asesinado a balazos periodista de radio en Per\u00fa\",\"datePublished\":\"2011-04-04T17:59:00+00:00\",\"dateModified\":\"2022-06-14T18:00:27+00:00\",\"mainEntityOfPage\":{\"@id\":\"https:\\\/\\\/latamjournalismreview.org\\\/es\\\/articles\\\/asesinado-a-balazos-periodista-de-radio-en-peru\\\/\"},\"wordCount\":248,\"publisher\":{\"@id\":\"https:\\\/\\\/latamjournalismreview.org\\\/es\\\/#organization\"},\"keywords\":[\"Amenazas contra periodistas\",\"Asesinato de periodista\",\"Corrupci\u00f3n\",\"Per\u00fa\"],\"articleSection\":[\"Violencia contra periodistas\"],\"inLanguage\":\"es\"},{\"@type\":\"WebPage\",\"@id\":\"https:\\\/\\\/latamjournalismreview.org\\\/es\\\/articles\\\/asesinado-a-balazos-periodista-de-radio-en-peru\\\/\",\"url\":\"https:\\\/\\\/latamjournalismreview.org\\\/es\\\/articles\\\/asesinado-a-balazos-periodista-de-radio-en-peru\\\/\",\"name\":\"Asesinado a balazos periodista de radio en Per\u00fa - LatAm Journalism Review\",\"isPartOf\":{\"@id\":\"https:\\\/\\\/latamjournalismreview.org\\\/es\\\/#website\"},\"datePublished\":\"2011-04-04T17:59:00+00:00\",\"dateModified\":\"2022-06-14T18:00:27+00:00\",\"description\":\"Asesinado a balazos periodista de radio en Per\u00fa Violencia contra periodistas. Latin American Journalism Review by The Knight Center at The University of Texas at Austin.\",\"breadcrumb\":{\"@id\":\"https:\\\/\\\/latamjournalismreview.org\\\/es\\\/articles\\\/asesinado-a-balazos-periodista-de-radio-en-peru\\\/#breadcrumb\"},\"inLanguage\":\"es\",\"potentialAction\":[{\"@type\":\"ReadAction\",\"target\":[\"https:\\\/\\\/latamjournalismreview.org\\\/es\\\/articles\\\/asesinado-a-balazos-periodista-de-radio-en-peru\\\/\"]}]},{\"@type\":\"BreadcrumbList\",\"@id\":\"https:\\\/\\\/latamjournalismreview.org\\\/es\\\/articles\\\/asesinado-a-balazos-periodista-de-radio-en-peru\\\/#breadcrumb\",\"itemListElement\":[{\"@type\":\"ListItem\",\"position\":1,\"name\":\"Home\",\"item\":\"https:\\\/\\\/latamjournalismreview.org\\\/es\\\/\"},{\"@type\":\"ListItem\",\"position\":2,\"name\":\"Asesinado a balazos periodista de radio en Per\u00fa\"}]},{\"@type\":\"WebSite\",\"@id\":\"https:\\\/\\\/latamjournalismreview.org\\\/es\\\/#website\",\"url\":\"https:\\\/\\\/latamjournalismreview.org\\\/es\\\/\",\"name\":\"LatAm Journalism Review\",\"description\":\"Knight Center at The University of Texas\",\"publisher\":{\"@id\":\"https:\\\/\\\/latamjournalismreview.org\\\/es\\\/#organization\"},\"potentialAction\":[{\"@type\":\"SearchAction\",\"target\":{\"@type\":\"EntryPoint\",\"urlTemplate\":\"https:\\\/\\\/latamjournalismreview.org\\\/es\\\/?s={search_term_string}\"},\"query-input\":{\"@type\":\"PropertyValueSpecification\",\"valueRequired\":true,\"valueName\":\"search_term_string\"}}],\"inLanguage\":\"es\"},{\"@type\":\"Organization\",\"@id\":\"https:\\\/\\\/latamjournalismreview.org\\\/es\\\/#organization\",\"name\":\"LatAm Journalism Review\",\"url\":\"https:\\\/\\\/latamjournalismreview.org\\\/es\\\/\",\"logo\":{\"@type\":\"ImageObject\",\"inLanguage\":\"es\",\"@id\":\"https:\\\/\\\/latamjournalismreview.org\\\/es\\\/#\\\/schema\\\/logo\\\/image\\\/\",\"url\":\"https:\\\/\\\/latamjournalismreview.org\\\/wp-content\\\/uploads\\\/2020\\\/05\\\/knight-latAm-review-logo.svg\",\"contentUrl\":\"https:\\\/\\\/latamjournalismreview.org\\\/wp-content\\\/uploads\\\/2020\\\/05\\\/knight-latAm-review-logo.svg\",\"width\":\"1024\",\"height\":\"1024\",\"caption\":\"LatAm Journalism Review\"},\"image\":{\"@id\":\"https:\\\/\\\/latamjournalismreview.org\\\/es\\\/#\\\/schema\\\/logo\\\/image\\\/\"},\"sameAs\":[\"https:\\\/\\\/x.com\\\/LatAmJournalism\"]},{\"@type\":\"Person\",\"@id\":\"https:\\\/\\\/latamjournalismreview.org\\\/es\\\/#\\\/schema\\\/person\\\/1746872e9af4abc45355e4a7a4ddcea5\",\"name\":\"Monica Medel\",\"url\":\"https:\\\/\\\/latamjournalismreview.org\\\/es\\\/articles\\\/author\\\/monica-medel\\\/\"}]}<\/script>\n<!-- \/ Yoast SEO Premium plugin. -->","yoast_head_json":{"title":"Asesinado a balazos periodista de radio en Per\u00fa - LatAm Journalism Review","description":"Asesinado a balazos periodista de radio en Per\u00fa Violencia contra periodistas. Latin American Journalism Review by The Knight Center at The University of Texas at Austin.","robots":{"index":"index","follow":"follow","max-snippet":"max-snippet:-1","max-image-preview":"max-image-preview:large","max-video-preview":"max-video-preview:-1"},"canonical":"https:\/\/latamjournalismreview.org\/es\/articles\/asesinado-a-balazos-periodista-de-radio-en-peru\/","og_locale":"es_ES","og_type":"article","og_title":"Asesinado a balazos periodista de radio en Per\u00fa","og_description":"Asesinado a balazos periodista de radio en Per\u00fa Violencia contra periodistas. Latin American Journalism Review by The Knight Center at The University of Texas at Austin.","og_url":"https:\/\/latamjournalismreview.org\/es\/articles\/asesinado-a-balazos-periodista-de-radio-en-peru\/","og_site_name":"LatAm Journalism Review","article_published_time":"2011-04-04T17:59:00+00:00","article_modified_time":"2022-06-14T18:00:27+00:00","author":"Monica Medel","twitter_card":"summary_large_image","twitter_creator":"@LatAmJournalism","twitter_site":"@LatAmJournalism","twitter_misc":{"Written by":"Monica Medel","Est. reading time":"1 minuto"},"schema":{"@context":"https:\/\/schema.org","@graph":[{"@type":"Article","@id":"https:\/\/latamjournalismreview.org\/es\/articles\/asesinado-a-balazos-periodista-de-radio-en-peru\/#article","isPartOf":{"@id":"https:\/\/latamjournalismreview.org\/es\/articles\/asesinado-a-balazos-periodista-de-radio-en-peru\/"},"author":{"name":"Monica Medel","@id":"https:\/\/latamjournalismreview.org\/es\/#\/schema\/person\/1746872e9af4abc45355e4a7a4ddcea5"},"headline":"Asesinado a balazos periodista de radio en Per\u00fa","datePublished":"2011-04-04T17:59:00+00:00","dateModified":"2022-06-14T18:00:27+00:00","mainEntityOfPage":{"@id":"https:\/\/latamjournalismreview.org\/es\/articles\/asesinado-a-balazos-periodista-de-radio-en-peru\/"},"wordCount":248,"publisher":{"@id":"https:\/\/latamjournalismreview.org\/es\/#organization"},"keywords":["Amenazas contra periodistas","Asesinato de periodista","Corrupci\u00f3n","Per\u00fa"],"articleSection":["Violencia contra periodistas"],"inLanguage":"es"},{"@type":"WebPage","@id":"https:\/\/latamjournalismreview.org\/es\/articles\/asesinado-a-balazos-periodista-de-radio-en-peru\/","url":"https:\/\/latamjournalismreview.org\/es\/articles\/asesinado-a-balazos-periodista-de-radio-en-peru\/","name":"Asesinado a balazos periodista de radio en Per\u00fa - LatAm Journalism Review","isPartOf":{"@id":"https:\/\/latamjournalismreview.org\/es\/#website"},"datePublished":"2011-04-04T17:59:00+00:00","dateModified":"2022-06-14T18:00:27+00:00","description":"Asesinado a balazos periodista de radio en Per\u00fa Violencia contra periodistas. Latin American Journalism Review by The Knight Center at The University of Texas at Austin.","breadcrumb":{"@id":"https:\/\/latamjournalismreview.org\/es\/articles\/asesinado-a-balazos-periodista-de-radio-en-peru\/#breadcrumb"},"inLanguage":"es","potentialAction":[{"@type":"ReadAction","target":["https:\/\/latamjournalismreview.org\/es\/articles\/asesinado-a-balazos-periodista-de-radio-en-peru\/"]}]},{"@type":"BreadcrumbList","@id":"https:\/\/latamjournalismreview.org\/es\/articles\/asesinado-a-balazos-periodista-de-radio-en-peru\/#breadcrumb","itemListElement":[{"@type":"ListItem","position":1,"name":"Home","item":"https:\/\/latamjournalismreview.org\/es\/"},{"@type":"ListItem","position":2,"name":"Asesinado a balazos periodista de radio en Per\u00fa"}]},{"@type":"WebSite","@id":"https:\/\/latamjournalismreview.org\/es\/#website","url":"https:\/\/latamjournalismreview.org\/es\/","name":"LatAm Journalism Review","description":"Knight Center at The University of Texas","publisher":{"@id":"https:\/\/latamjournalismreview.org\/es\/#organization"},"potentialAction":[{"@type":"SearchAction","target":{"@type":"EntryPoint","urlTemplate":"https:\/\/latamjournalismreview.org\/es\/?s={search_term_string}"},"query-input":{"@type":"PropertyValueSpecification","valueRequired":true,"valueName":"search_term_string"}}],"inLanguage":"es"},{"@type":"Organization","@id":"https:\/\/latamjournalismreview.org\/es\/#organization","name":"LatAm Journalism Review","url":"https:\/\/latamjournalismreview.org\/es\/","logo":{"@type":"ImageObject","inLanguage":"es","@id":"https:\/\/latamjournalismreview.org\/es\/#\/schema\/logo\/image\/","url":"https:\/\/latamjournalismreview.org\/wp-content\/uploads\/2020\/05\/knight-latAm-review-logo.svg","contentUrl":"https:\/\/latamjournalismreview.org\/wp-content\/uploads\/2020\/05\/knight-latAm-review-logo.svg","width":"1024","height":"1024","caption":"LatAm Journalism Review"},"image":{"@id":"https:\/\/latamjournalismreview.org\/es\/#\/schema\/logo\/image\/"},"sameAs":["https:\/\/x.com\/LatAmJournalism"]},{"@type":"Person","@id":"https:\/\/latamjournalismreview.org\/es\/#\/schema\/person\/1746872e9af4abc45355e4a7a4ddcea5","name":"Monica Medel","url":"https:\/\/latamjournalismreview.org\/es\/articles\/author\/monica-medel\/"}]}},"_links":{"self":[{"href":"https:\/\/latamjournalismreview.org\/es\/wp-json\/wp\/v2\/posts\/58135","targetHints":{"allow":["GET"]}}],"collection":[{"href":"https:\/\/latamjournalismreview.org\/es\/wp-json\/wp\/v2\/posts"}],"about":[{"href":"https:\/\/latamjournalismreview.org\/es\/wp-json\/wp\/v2\/types\/post"}],"author":[{"embeddable":true,"href":"https:\/\/latamjournalismreview.org\/es\/wp-json\/wp\/v2\/users\/43"}],"replies":[{"embeddable":true,"href":"https:\/\/latamjournalismreview.org\/es\/wp-json\/wp\/v2\/comments?post=58135"}],"version-history":[{"count":1,"href":"https:\/\/latamjournalismreview.org\/es\/wp-json\/wp\/v2\/posts\/58135\/revisions"}],"predecessor-version":[{"id":58139,"href":"https:\/\/latamjournalismreview.org\/es\/wp-json\/wp\/v2\/posts\/58135\/revisions\/58139"}],"wp:attachment":[{"href":"https:\/\/latamjournalismreview.org\/es\/wp-json\/wp\/v2\/media?parent=58135"}],"wp:term":[{"taxonomy":"category","embeddable":true,"href":"https:\/\/latamjournalismreview.org\/es\/wp-json\/wp\/v2\/categories?post=58135"},{"taxonomy":"post_tag","embeddable":true,"href":"https:\/\/latamjournalismreview.org\/es\/wp-json\/wp\/v2\/tags?post=58135"},{"taxonomy":"author","embeddable":true,"href":"https:\/\/latamjournalismreview.org\/es\/wp-json\/wp\/v2\/coauthors?post=58135"}],"curies":[{"name":"wp","href":"https:\/\/api.w.org\/{rel}","templated":true}]}}