{"id":58187,"date":"2011-05-04T13:22:27","date_gmt":"2011-05-04T18:22:27","guid":{"rendered":"https:\/\/latamjournalismreview.org\/?p=58187"},"modified":"2022-06-14T13:24:20","modified_gmt":"2022-06-14T18:24:20","slug":"unesco-defiende-aprobacion-de-la-ley-brasilena-de-acceso-a-la-informacion","status":"publish","type":"post","link":"https:\/\/latamjournalismreview.org\/es\/articles\/unesco-defiende-aprobacion-de-la-ley-brasilena-de-acceso-a-la-informacion\/","title":{"rendered":"Unesco defiende aprobaci\u00f3n de la ley brasile\u00f1a de acceso a la informaci\u00f3n"},"content":{"rendered":"<p>En un seminario para conmemorar el\u00a0<a href=\"http:\/\/es.wikipedia.org\/wiki\/D%C3%ADa_Mundial_de_la_Libertad_de_Prensa\">D\u00eda Mundial de la Libertad de Prensa<\/a>\u00a0el martes 3 de mayo, el representante de la\u00a0<a href=\"http:\/\/www.unesco.org\/new\/pt\/brasilia\">Unesco<\/a>\u00a0en Brasil, Vincent Defourny,\u00a0<a href=\"http:\/\/g1.globo.com\/politica\/noticia\/2011\/05\/unesco-defende-lei-de-acesso-informacao-e-regulacao-da-midia.html\">defendi\u00f3 la aprobaci\u00f3n del proyecto de ley sobre acceso a informaciones p\u00fablicas<\/a>, report\u00f3 G1.<\/p>\n<p>\u201cLa ley general de acceso a informaciones p\u00fablicas est\u00e1 en v\u00edas de ser aprobada por el Senado, lo que puede\u00a0<a href=\"http:\/\/www1.folha.uol.com.br\/poder\/910612-unesco-defende-lei-que-acaba-com-sigilo-eterno.shtml\">contribuir a una s\u00f3lida reducci\u00f3n de las asimetr\u00edas informativas a\u00fan existentes en Brasil<\/a>\u201d, dijo Defourny, citado por el diario Folha de S. Paulo. El representante de la Unesco tambi\u00e9n se declar\u00f3 a favor de un marco legal para la regulaci\u00f3n de los medios brasile\u00f1os.<\/p>\n<p>Presente tambi\u00e9n en el evento, la ministra de la\u00a0<a href=\"http:\/\/www.secom.gov.br\/\">Secretar\u00eda de Comunicaci\u00f3n Social de la Presidencia<\/a>, Helena Chagas, afirm\u00f3 que\u00a0<a href=\"http:\/\/noticias.terra.com.br\/brasil\/noticias\/0,,OI5108572-EI7896,00-Governo+apoia+Lei+Geral+de+Acesso+a+Informacao+diz+ministra.html\">el gobierno mantiene su apoyo al proyecto de ley<\/a>, seg\u00fan inform\u00f3 Terra. \"Queremos que [la ley] sea aprobada luego. Es un\u00a0<a href=\"http:\/\/www.estadao.com.br\/noticias\/nacional,lei-de-acesso-a-informacao-e-passo-a-democratizacao-diz-ministra,714283,0.htm\">gran paso para la democratizaci\u00f3n del acceso a la informaci\u00f3n<\/a>\u201d, declar\u00f3 Chagas, citada por Estado de S. Paulo.<\/p>\n<p>La ministra a\u00f1adi\u00f3 que uno de los principales objetivos del gobierno es ampliar la inclusi\u00f3n digital para que la poblaci\u00f3n pueda, por medio del acceso a la informaci\u00f3n, \u201ctomar sus decisiones\u201d.<\/p>\n<p>La presidenta\u00a0<a href=\"http:\/\/knightcenter.utexas.edu\/es\/blog\/brasil-da-un-paso-adelante-con-ley-de-acceso-la-informacion-y-se-une-estados-unidos-en-campana-\">Dilma Rousseff esperaba promulgar la ley de acceso a la informaci\u00f3n el 3 de mayo<\/a>, pero la idea fue frustrada por el senador y ex presidente Fernando Collor de Mello, quien\u00a0<a href=\"http:\/\/knightcenter.utexas.edu\/es\/blog\/destituido-ex-presidente-de-brasil-traba-proyecto-de-ley-de-acceso-la-informacion-en-el-senado\">trab\u00f3 la tramitaci\u00f3n de la iniciativa en el Congreso<\/a>.<\/p>\n<p><em>Nota del editor: Esta historia fue publicada originalmente en el blog Periodismo en las Am\u00e9ricas del Centro Knight, el predecesor de LatAm Journalism Review.<\/em><\/p>\n","protected":false},"excerpt":{"rendered":"<p>En un seminario para conmemorar el\u00a0D\u00eda Mundial de la Libertad de Prensa\u00a0el martes 3 de mayo, el representante de la\u00a0Unesco\u00a0en Brasil, Vincent Defourny,\u00a0defendi\u00f3 la aprobaci\u00f3n del proyecto de ley sobre acceso a informaciones p\u00fablicas, report\u00f3 G1.<\/p>\n","protected":false},"author":42,"featured_media":0,"comment_status":"closed","ping_status":"closed","sticky":false,"template":"","format":"standard","meta":{"inline_featured_image":false,"footnotes":""},"categories":[1227],"tags":[1422,1483],"coauthors":[],"class_list":["post-58187","post","type-post","status-publish","format-standard","hentry","category-acceso-a-la-informacion-es","tag-acceso-a-la-informacion-es","tag-legislacion-es"],"acf":[],"yoast_head":"<!-- This site is optimized with the Yoast SEO Premium plugin v22.6 (Yoast SEO v27.4) - https:\/\/yoast.com\/product\/yoast-seo-premium-wordpress\/ -->\n<title>Unesco defiende aprobaci\u00f3n de la ley brasile\u00f1a de acceso a la informaci\u00f3n - LatAm Journalism Review<\/title>\n<meta name=\"description\" content=\"Unesco defiende aprobaci\u00f3n de la ley brasile\u00f1a de acceso a la informaci\u00f3n Acceso a la Informaci\u00f3n. Latin American Journalism Review by The Knight Center at The University of Texas at Austin.\" \/>\n<meta name=\"robots\" content=\"index, follow, max-snippet:-1, max-image-preview:large, max-video-preview:-1\" \/>\n<link rel=\"canonical\" href=\"https:\/\/latamjournalismreview.org\/es\/articles\/unesco-defiende-aprobacion-de-la-ley-brasilena-de-acceso-a-la-informacion\/\" \/>\n<meta property=\"og:locale\" content=\"es_ES\" \/>\n<meta property=\"og:type\" content=\"article\" \/>\n<meta property=\"og:title\" content=\"Unesco defiende aprobaci\u00f3n de la ley brasile\u00f1a de acceso a la informaci\u00f3n\" \/>\n<meta property=\"og:description\" content=\"Unesco defiende aprobaci\u00f3n de la ley brasile\u00f1a de acceso a la informaci\u00f3n Acceso a la Informaci\u00f3n. Latin American Journalism Review by The Knight Center at The University of Texas at Austin.\" \/>\n<meta property=\"og:url\" content=\"https:\/\/latamjournalismreview.org\/es\/articles\/unesco-defiende-aprobacion-de-la-ley-brasilena-de-acceso-a-la-informacion\/\" \/>\n<meta property=\"og:site_name\" content=\"LatAm Journalism Review\" \/>\n<meta property=\"article:published_time\" content=\"2011-05-04T18:22:27+00:00\" \/>\n<meta property=\"article:modified_time\" content=\"2022-06-14T18:24:20+00:00\" \/>\n<meta name=\"author\" content=\"Natalia Mazotte\" \/>\n<meta name=\"twitter:card\" content=\"summary_large_image\" \/>\n<meta name=\"twitter:creator\" content=\"@LatAmJournalism\" \/>\n<meta name=\"twitter:site\" content=\"@LatAmJournalism\" \/>\n<meta name=\"twitter:label1\" content=\"Written by\" \/>\n\t<meta name=\"twitter:data1\" content=\"Natalia Mazotte\" \/>\n\t<meta name=\"twitter:label2\" content=\"Est. reading time\" \/>\n\t<meta name=\"twitter:data2\" content=\"1 minuto\" \/>\n<script type=\"application\/ld+json\" class=\"yoast-schema-graph\">{\"@context\":\"https:\\\/\\\/schema.org\",\"@graph\":[{\"@type\":\"Article\",\"@id\":\"https:\\\/\\\/latamjournalismreview.org\\\/es\\\/articles\\\/unesco-defiende-aprobacion-de-la-ley-brasilena-de-acceso-a-la-informacion\\\/#article\",\"isPartOf\":{\"@id\":\"https:\\\/\\\/latamjournalismreview.org\\\/es\\\/articles\\\/unesco-defiende-aprobacion-de-la-ley-brasilena-de-acceso-a-la-informacion\\\/\"},\"author\":{\"name\":\"Natalia Mazotte\",\"@id\":\"https:\\\/\\\/latamjournalismreview.org\\\/es\\\/#\\\/schema\\\/person\\\/747457e530d741a9d192f00c32c7f884\"},\"headline\":\"Unesco defiende aprobaci\u00f3n de la ley brasile\u00f1a de acceso a la informaci\u00f3n\",\"datePublished\":\"2011-05-04T18:22:27+00:00\",\"dateModified\":\"2022-06-14T18:24:20+00:00\",\"mainEntityOfPage\":{\"@id\":\"https:\\\/\\\/latamjournalismreview.org\\\/es\\\/articles\\\/unesco-defiende-aprobacion-de-la-ley-brasilena-de-acceso-a-la-informacion\\\/\"},\"wordCount\":299,\"publisher\":{\"@id\":\"https:\\\/\\\/latamjournalismreview.org\\\/es\\\/#organization\"},\"keywords\":[\"Acceso a la informaci\u00f3n\",\"Legislaci\u00f3n\"],\"articleSection\":[\"Acceso a la Informaci\u00f3n\"],\"inLanguage\":\"es\"},{\"@type\":\"WebPage\",\"@id\":\"https:\\\/\\\/latamjournalismreview.org\\\/es\\\/articles\\\/unesco-defiende-aprobacion-de-la-ley-brasilena-de-acceso-a-la-informacion\\\/\",\"url\":\"https:\\\/\\\/latamjournalismreview.org\\\/es\\\/articles\\\/unesco-defiende-aprobacion-de-la-ley-brasilena-de-acceso-a-la-informacion\\\/\",\"name\":\"Unesco defiende aprobaci\u00f3n de la ley brasile\u00f1a de acceso a la informaci\u00f3n - LatAm Journalism Review\",\"isPartOf\":{\"@id\":\"https:\\\/\\\/latamjournalismreview.org\\\/es\\\/#website\"},\"datePublished\":\"2011-05-04T18:22:27+00:00\",\"dateModified\":\"2022-06-14T18:24:20+00:00\",\"description\":\"Unesco defiende aprobaci\u00f3n de la ley brasile\u00f1a de acceso a la informaci\u00f3n Acceso a la Informaci\u00f3n. Latin American Journalism Review by The Knight Center at The University of Texas at Austin.\",\"breadcrumb\":{\"@id\":\"https:\\\/\\\/latamjournalismreview.org\\\/es\\\/articles\\\/unesco-defiende-aprobacion-de-la-ley-brasilena-de-acceso-a-la-informacion\\\/#breadcrumb\"},\"inLanguage\":\"es\",\"potentialAction\":[{\"@type\":\"ReadAction\",\"target\":[\"https:\\\/\\\/latamjournalismreview.org\\\/es\\\/articles\\\/unesco-defiende-aprobacion-de-la-ley-brasilena-de-acceso-a-la-informacion\\\/\"]}]},{\"@type\":\"BreadcrumbList\",\"@id\":\"https:\\\/\\\/latamjournalismreview.org\\\/es\\\/articles\\\/unesco-defiende-aprobacion-de-la-ley-brasilena-de-acceso-a-la-informacion\\\/#breadcrumb\",\"itemListElement\":[{\"@type\":\"ListItem\",\"position\":1,\"name\":\"Home\",\"item\":\"https:\\\/\\\/latamjournalismreview.org\\\/es\\\/\"},{\"@type\":\"ListItem\",\"position\":2,\"name\":\"Unesco defiende aprobaci\u00f3n de la ley brasile\u00f1a de acceso a la informaci\u00f3n\"}]},{\"@type\":\"WebSite\",\"@id\":\"https:\\\/\\\/latamjournalismreview.org\\\/es\\\/#website\",\"url\":\"https:\\\/\\\/latamjournalismreview.org\\\/es\\\/\",\"name\":\"LatAm Journalism Review\",\"description\":\"Knight Center at The University of Texas\",\"publisher\":{\"@id\":\"https:\\\/\\\/latamjournalismreview.org\\\/es\\\/#organization\"},\"potentialAction\":[{\"@type\":\"SearchAction\",\"target\":{\"@type\":\"EntryPoint\",\"urlTemplate\":\"https:\\\/\\\/latamjournalismreview.org\\\/es\\\/?s={search_term_string}\"},\"query-input\":{\"@type\":\"PropertyValueSpecification\",\"valueRequired\":true,\"valueName\":\"search_term_string\"}}],\"inLanguage\":\"es\"},{\"@type\":\"Organization\",\"@id\":\"https:\\\/\\\/latamjournalismreview.org\\\/es\\\/#organization\",\"name\":\"LatAm Journalism Review\",\"url\":\"https:\\\/\\\/latamjournalismreview.org\\\/es\\\/\",\"logo\":{\"@type\":\"ImageObject\",\"inLanguage\":\"es\",\"@id\":\"https:\\\/\\\/latamjournalismreview.org\\\/es\\\/#\\\/schema\\\/logo\\\/image\\\/\",\"url\":\"https:\\\/\\\/latamjournalismreview.org\\\/wp-content\\\/uploads\\\/2020\\\/05\\\/knight-latAm-review-logo.svg\",\"contentUrl\":\"https:\\\/\\\/latamjournalismreview.org\\\/wp-content\\\/uploads\\\/2020\\\/05\\\/knight-latAm-review-logo.svg\",\"width\":\"1024\",\"height\":\"1024\",\"caption\":\"LatAm Journalism Review\"},\"image\":{\"@id\":\"https:\\\/\\\/latamjournalismreview.org\\\/es\\\/#\\\/schema\\\/logo\\\/image\\\/\"},\"sameAs\":[\"https:\\\/\\\/x.com\\\/LatAmJournalism\"]},{\"@type\":\"Person\",\"@id\":\"https:\\\/\\\/latamjournalismreview.org\\\/es\\\/#\\\/schema\\\/person\\\/747457e530d741a9d192f00c32c7f884\",\"name\":\"Natalia Mazotte\",\"url\":\"https:\\\/\\\/latamjournalismreview.org\\\/es\\\/articles\\\/author\\\/natalia-mazotte\\\/\"}]}<\/script>\n<!-- \/ Yoast SEO Premium plugin. -->","yoast_head_json":{"title":"Unesco defiende aprobaci\u00f3n de la ley brasile\u00f1a de acceso a la informaci\u00f3n - LatAm Journalism Review","description":"Unesco defiende aprobaci\u00f3n de la ley brasile\u00f1a de acceso a la informaci\u00f3n Acceso a la Informaci\u00f3n. Latin American Journalism Review by The Knight Center at The University of Texas at Austin.","robots":{"index":"index","follow":"follow","max-snippet":"max-snippet:-1","max-image-preview":"max-image-preview:large","max-video-preview":"max-video-preview:-1"},"canonical":"https:\/\/latamjournalismreview.org\/es\/articles\/unesco-defiende-aprobacion-de-la-ley-brasilena-de-acceso-a-la-informacion\/","og_locale":"es_ES","og_type":"article","og_title":"Unesco defiende aprobaci\u00f3n de la ley brasile\u00f1a de acceso a la informaci\u00f3n","og_description":"Unesco defiende aprobaci\u00f3n de la ley brasile\u00f1a de acceso a la informaci\u00f3n Acceso a la Informaci\u00f3n. Latin American Journalism Review by The Knight Center at The University of Texas at Austin.","og_url":"https:\/\/latamjournalismreview.org\/es\/articles\/unesco-defiende-aprobacion-de-la-ley-brasilena-de-acceso-a-la-informacion\/","og_site_name":"LatAm Journalism Review","article_published_time":"2011-05-04T18:22:27+00:00","article_modified_time":"2022-06-14T18:24:20+00:00","author":"Natalia Mazotte","twitter_card":"summary_large_image","twitter_creator":"@LatAmJournalism","twitter_site":"@LatAmJournalism","twitter_misc":{"Written by":"Natalia Mazotte","Est. reading time":"1 minuto"},"schema":{"@context":"https:\/\/schema.org","@graph":[{"@type":"Article","@id":"https:\/\/latamjournalismreview.org\/es\/articles\/unesco-defiende-aprobacion-de-la-ley-brasilena-de-acceso-a-la-informacion\/#article","isPartOf":{"@id":"https:\/\/latamjournalismreview.org\/es\/articles\/unesco-defiende-aprobacion-de-la-ley-brasilena-de-acceso-a-la-informacion\/"},"author":{"name":"Natalia Mazotte","@id":"https:\/\/latamjournalismreview.org\/es\/#\/schema\/person\/747457e530d741a9d192f00c32c7f884"},"headline":"Unesco defiende aprobaci\u00f3n de la ley brasile\u00f1a de acceso a la informaci\u00f3n","datePublished":"2011-05-04T18:22:27+00:00","dateModified":"2022-06-14T18:24:20+00:00","mainEntityOfPage":{"@id":"https:\/\/latamjournalismreview.org\/es\/articles\/unesco-defiende-aprobacion-de-la-ley-brasilena-de-acceso-a-la-informacion\/"},"wordCount":299,"publisher":{"@id":"https:\/\/latamjournalismreview.org\/es\/#organization"},"keywords":["Acceso a la informaci\u00f3n","Legislaci\u00f3n"],"articleSection":["Acceso a la Informaci\u00f3n"],"inLanguage":"es"},{"@type":"WebPage","@id":"https:\/\/latamjournalismreview.org\/es\/articles\/unesco-defiende-aprobacion-de-la-ley-brasilena-de-acceso-a-la-informacion\/","url":"https:\/\/latamjournalismreview.org\/es\/articles\/unesco-defiende-aprobacion-de-la-ley-brasilena-de-acceso-a-la-informacion\/","name":"Unesco defiende aprobaci\u00f3n de la ley brasile\u00f1a de acceso a la informaci\u00f3n - LatAm Journalism Review","isPartOf":{"@id":"https:\/\/latamjournalismreview.org\/es\/#website"},"datePublished":"2011-05-04T18:22:27+00:00","dateModified":"2022-06-14T18:24:20+00:00","description":"Unesco defiende aprobaci\u00f3n de la ley brasile\u00f1a de acceso a la informaci\u00f3n Acceso a la Informaci\u00f3n. Latin American Journalism Review by The Knight Center at The University of Texas at Austin.","breadcrumb":{"@id":"https:\/\/latamjournalismreview.org\/es\/articles\/unesco-defiende-aprobacion-de-la-ley-brasilena-de-acceso-a-la-informacion\/#breadcrumb"},"inLanguage":"es","potentialAction":[{"@type":"ReadAction","target":["https:\/\/latamjournalismreview.org\/es\/articles\/unesco-defiende-aprobacion-de-la-ley-brasilena-de-acceso-a-la-informacion\/"]}]},{"@type":"BreadcrumbList","@id":"https:\/\/latamjournalismreview.org\/es\/articles\/unesco-defiende-aprobacion-de-la-ley-brasilena-de-acceso-a-la-informacion\/#breadcrumb","itemListElement":[{"@type":"ListItem","position":1,"name":"Home","item":"https:\/\/latamjournalismreview.org\/es\/"},{"@type":"ListItem","position":2,"name":"Unesco defiende aprobaci\u00f3n de la ley brasile\u00f1a de acceso a la informaci\u00f3n"}]},{"@type":"WebSite","@id":"https:\/\/latamjournalismreview.org\/es\/#website","url":"https:\/\/latamjournalismreview.org\/es\/","name":"LatAm Journalism Review","description":"Knight Center at The University of Texas","publisher":{"@id":"https:\/\/latamjournalismreview.org\/es\/#organization"},"potentialAction":[{"@type":"SearchAction","target":{"@type":"EntryPoint","urlTemplate":"https:\/\/latamjournalismreview.org\/es\/?s={search_term_string}"},"query-input":{"@type":"PropertyValueSpecification","valueRequired":true,"valueName":"search_term_string"}}],"inLanguage":"es"},{"@type":"Organization","@id":"https:\/\/latamjournalismreview.org\/es\/#organization","name":"LatAm Journalism Review","url":"https:\/\/latamjournalismreview.org\/es\/","logo":{"@type":"ImageObject","inLanguage":"es","@id":"https:\/\/latamjournalismreview.org\/es\/#\/schema\/logo\/image\/","url":"https:\/\/latamjournalismreview.org\/wp-content\/uploads\/2020\/05\/knight-latAm-review-logo.svg","contentUrl":"https:\/\/latamjournalismreview.org\/wp-content\/uploads\/2020\/05\/knight-latAm-review-logo.svg","width":"1024","height":"1024","caption":"LatAm Journalism Review"},"image":{"@id":"https:\/\/latamjournalismreview.org\/es\/#\/schema\/logo\/image\/"},"sameAs":["https:\/\/x.com\/LatAmJournalism"]},{"@type":"Person","@id":"https:\/\/latamjournalismreview.org\/es\/#\/schema\/person\/747457e530d741a9d192f00c32c7f884","name":"Natalia Mazotte","url":"https:\/\/latamjournalismreview.org\/es\/articles\/author\/natalia-mazotte\/"}]}},"_links":{"self":[{"href":"https:\/\/latamjournalismreview.org\/es\/wp-json\/wp\/v2\/posts\/58187","targetHints":{"allow":["GET"]}}],"collection":[{"href":"https:\/\/latamjournalismreview.org\/es\/wp-json\/wp\/v2\/posts"}],"about":[{"href":"https:\/\/latamjournalismreview.org\/es\/wp-json\/wp\/v2\/types\/post"}],"author":[{"embeddable":true,"href":"https:\/\/latamjournalismreview.org\/es\/wp-json\/wp\/v2\/users\/42"}],"replies":[{"embeddable":true,"href":"https:\/\/latamjournalismreview.org\/es\/wp-json\/wp\/v2\/comments?post=58187"}],"version-history":[{"count":1,"href":"https:\/\/latamjournalismreview.org\/es\/wp-json\/wp\/v2\/posts\/58187\/revisions"}],"predecessor-version":[{"id":58191,"href":"https:\/\/latamjournalismreview.org\/es\/wp-json\/wp\/v2\/posts\/58187\/revisions\/58191"}],"wp:attachment":[{"href":"https:\/\/latamjournalismreview.org\/es\/wp-json\/wp\/v2\/media?parent=58187"}],"wp:term":[{"taxonomy":"category","embeddable":true,"href":"https:\/\/latamjournalismreview.org\/es\/wp-json\/wp\/v2\/categories?post=58187"},{"taxonomy":"post_tag","embeddable":true,"href":"https:\/\/latamjournalismreview.org\/es\/wp-json\/wp\/v2\/tags?post=58187"},{"taxonomy":"author","embeddable":true,"href":"https:\/\/latamjournalismreview.org\/es\/wp-json\/wp\/v2\/coauthors?post=58187"}],"curies":[{"name":"wp","href":"https:\/\/api.w.org\/{rel}","templated":true}]}}