{"id":58352,"date":"2011-05-10T17:21:46","date_gmt":"2011-05-10T22:21:46","guid":{"rendered":"https:\/\/latamjournalismreview.org\/?p=58352"},"modified":"2022-06-15T17:22:42","modified_gmt":"2022-06-15T22:22:42","slug":"escuadrones-de-la-muerte-amenazan-de-nuevo-a-periodistas-de-radio-en-el-salvador","status":"publish","type":"post","link":"https:\/\/latamjournalismreview.org\/es\/articles\/escuadrones-de-la-muerte-amenazan-de-nuevo-a-periodistas-de-radio-en-el-salvador\/","title":{"rendered":"Escuadrones de la muerte amenazan de nuevo a periodistas de radio en El Salvador"},"content":{"rendered":"<p>Los periodistas de la radio comunitaria Victoria de El Salvador recibieron\u00a0<a href=\"http:\/\/www.prensadefrente.org\/pdfb2\/index.php\/a\/2011\/05\/06\/el_salvador_amenazan_a_periodistas_de_ra_2\">nuevas amenazas de muerte<\/a>\u00a0de parte de un \u201cgrupo de exterminio\u201d que hostiga a la emisora desde 2006, report\u00f3 Prensa de Frente.<\/p>\n<p>Radio Victoria, ubicada en del departamento de\u00a0<a href=\"http:\/\/es.wikipedia.org\/wiki\/Caba%C3%B1as\">Caba\u00f1as<\/a>, en la zona central del pa\u00eds, es conocida por su posici\u00f3n en contra de ciertos proyectos mineros en la regi\u00f3n y ya en 2009 perdi\u00f3 a\u00a0<a href=\"http:\/\/knightcenter.utexas.edu\/es\/blog\/reporteros-medioambientales-enfrentan-censura-y-amenazas-en-america-latina\">dos de sus cronistas<\/a>, Gustavo Marcelo Rivera y Ramiro Rivera G\u00f3mez,\u00a0<a href=\"http:\/\/chichicaste.blogcindario.com\/2011\/01\/01678-continuan-amenazas-a-muerte-a-periodistas-de-radio-victoria.html\">dos ambientalistas que fueron asesinados<\/a>.<\/p>\n<p>La emisora\u00a0<a href=\"http:\/\/www.aler.org\/produccioninformativa\/index.php\/csm1\/5131-el-salvador-radio-victoria-denuncia-ante-la-fiscalia-las-amenazas-de-muerte\">denunci\u00f3 las nuevas acciones de amedrentamiento ante la fiscal\u00eda general<\/a>.<\/p>\n<p>\"Exigimos a las autoridades, a la fiscal\u00eda, a la polic\u00eda, a que de una vez por todas queremos respuestas. Ya nosotros no vivimos en paz. A mi persona y a otros compa\u00f1eros\u00a0<a href=\"http:\/\/www.laprensagrafica.com\/el-salvador\/lodeldia\/189099-el-salvador-periodistas-de-radio-comunitaria-reciben-amenazas-muerte.html\">nos han puesto plazo hasta ahora para que abandonemos el departamento de Caba\u00f1as, de lo contrario vamos a ser asesinados<\/a>\", dijo Manuel Navarrete, periodista de Radio Victoria, citado por el diario La Prensa Gr\u00e1fica.<\/p>\n<p>Las amenazas, como en ocasiones anteriores, fueron hechas\u00a0<a href=\"http:\/\/www.laprensagrafica.com\/el-salvador\/lodeldia\/189099-el-salvador-periodistas-de-radio-comunitaria-reciben-amenazas-muerte.html\">a trav\u00e9s de una carta el 30 de abril del 2011 y mensajes de texto en sus tel\u00e9fonos celulares<\/a>\u00a0el 2 de mayo, detall\u00f3 la Asociaci\u00f3n Mundial de Radios Comunitarias (AMARC).<\/p>\n<p>El procurador de derechos humanos hab\u00eda demandado a la fiscal\u00eda y a la polic\u00eda a fines de enero\u00a0<a href=\"http:\/\/knightcenter.utexas.edu\/es\/blog\/fiscalia-pide-investigar-supuestas-amenazas-contra-periodistas-de-radio-en-el-salvador\">investigar las amenazas contra la radio<\/a>, que cuenta con\u00a0<a href=\"http:\/\/www.ifex.org\/el_salvador\/2011\/05\/09\/radio_victoria\/es\">medidas cautelares<\/a>\u00a0que le otorg\u00f3 la Comisi\u00f3n Interamericana de Derechos Humanos en 2007 por el mismo motivo, report\u00f3 IFEX.<\/p>\n<p><em>Nota del editor: Esta historia fue publicada originalmente en el blog Periodismo en las Am\u00e9ricas del Centro Knight, el predecesor de LatAm Journalism Review.<\/em><\/p>\n","protected":false},"excerpt":{"rendered":"<p>Los periodistas de la radio comunitaria Victoria de El Salvador recibieron\u00a0nuevas amenazas de muerte\u00a0de parte de un \u201cgrupo de exterminio\u201d que hostiga a la emisora desde 2006, report\u00f3 Prensa de Frente.<\/p>\n","protected":false},"author":43,"featured_media":0,"comment_status":"closed","ping_status":"closed","sticky":false,"template":"","format":"standard","meta":{"inline_featured_image":false,"footnotes":""},"categories":[1222],"tags":[1522,1479,1444,1541],"coauthors":[],"class_list":["post-58352","post","type-post","status-publish","format-standard","hentry","category-violencia-contra-periodistas-es","tag-amenazas-contra-periodistas-es","tag-asesinato-de-periodistas-es","tag-el-salvador-es","tag-periodismo-comunitario-es"],"acf":[],"yoast_head":"<!-- This site is optimized with the Yoast SEO Premium plugin v22.6 (Yoast SEO v27.4) - https:\/\/yoast.com\/product\/yoast-seo-premium-wordpress\/ -->\n<title>Escuadrones de la muerte amenazan de nuevo a periodistas de radio en El Salvador - LatAm Journalism Review<\/title>\n<meta name=\"description\" content=\"Escuadrones de la muerte amenazan de nuevo a periodistas de radio en El Salvador Violencia contra periodistas. Latin American Journalism Review by The Knight Center at The University of Texas at Austin.\" \/>\n<meta name=\"robots\" content=\"index, follow, max-snippet:-1, max-image-preview:large, max-video-preview:-1\" \/>\n<link rel=\"canonical\" href=\"https:\/\/latamjournalismreview.org\/es\/articles\/escuadrones-de-la-muerte-amenazan-de-nuevo-a-periodistas-de-radio-en-el-salvador\/\" \/>\n<meta property=\"og:locale\" content=\"es_ES\" \/>\n<meta property=\"og:type\" content=\"article\" \/>\n<meta property=\"og:title\" content=\"Escuadrones de la muerte amenazan de nuevo a periodistas de radio en El Salvador\" \/>\n<meta property=\"og:description\" content=\"Escuadrones de la muerte amenazan de nuevo a periodistas de radio en El Salvador Violencia contra periodistas. Latin American Journalism Review by The Knight Center at The University of Texas at Austin.\" \/>\n<meta property=\"og:url\" content=\"https:\/\/latamjournalismreview.org\/es\/articles\/escuadrones-de-la-muerte-amenazan-de-nuevo-a-periodistas-de-radio-en-el-salvador\/\" \/>\n<meta property=\"og:site_name\" content=\"LatAm Journalism Review\" \/>\n<meta property=\"article:published_time\" content=\"2011-05-10T22:21:46+00:00\" \/>\n<meta property=\"article:modified_time\" content=\"2022-06-15T22:22:42+00:00\" \/>\n<meta name=\"author\" content=\"Monica Medel\" \/>\n<meta name=\"twitter:card\" content=\"summary_large_image\" \/>\n<meta name=\"twitter:creator\" content=\"@LatAmJournalism\" \/>\n<meta name=\"twitter:site\" content=\"@LatAmJournalism\" \/>\n<meta name=\"twitter:label1\" content=\"Written by\" \/>\n\t<meta name=\"twitter:data1\" content=\"Monica Medel\" \/>\n\t<meta name=\"twitter:label2\" content=\"Est. reading time\" \/>\n\t<meta name=\"twitter:data2\" content=\"1 minuto\" \/>\n<script type=\"application\/ld+json\" class=\"yoast-schema-graph\">{\"@context\":\"https:\\\/\\\/schema.org\",\"@graph\":[{\"@type\":\"Article\",\"@id\":\"https:\\\/\\\/latamjournalismreview.org\\\/es\\\/articles\\\/escuadrones-de-la-muerte-amenazan-de-nuevo-a-periodistas-de-radio-en-el-salvador\\\/#article\",\"isPartOf\":{\"@id\":\"https:\\\/\\\/latamjournalismreview.org\\\/es\\\/articles\\\/escuadrones-de-la-muerte-amenazan-de-nuevo-a-periodistas-de-radio-en-el-salvador\\\/\"},\"author\":{\"name\":\"Monica Medel\",\"@id\":\"https:\\\/\\\/latamjournalismreview.org\\\/es\\\/#\\\/schema\\\/person\\\/1746872e9af4abc45355e4a7a4ddcea5\"},\"headline\":\"Escuadrones de la muerte amenazan de nuevo a periodistas de radio en El Salvador\",\"datePublished\":\"2011-05-10T22:21:46+00:00\",\"dateModified\":\"2022-06-15T22:22:42+00:00\",\"mainEntityOfPage\":{\"@id\":\"https:\\\/\\\/latamjournalismreview.org\\\/es\\\/articles\\\/escuadrones-de-la-muerte-amenazan-de-nuevo-a-periodistas-de-radio-en-el-salvador\\\/\"},\"wordCount\":297,\"publisher\":{\"@id\":\"https:\\\/\\\/latamjournalismreview.org\\\/es\\\/#organization\"},\"keywords\":[\"Amenazas contra periodistas\",\"Asesinato de periodista\",\"El Salvador\",\"Periodismo comunitario\"],\"articleSection\":[\"Violencia contra periodistas\"],\"inLanguage\":\"es\"},{\"@type\":\"WebPage\",\"@id\":\"https:\\\/\\\/latamjournalismreview.org\\\/es\\\/articles\\\/escuadrones-de-la-muerte-amenazan-de-nuevo-a-periodistas-de-radio-en-el-salvador\\\/\",\"url\":\"https:\\\/\\\/latamjournalismreview.org\\\/es\\\/articles\\\/escuadrones-de-la-muerte-amenazan-de-nuevo-a-periodistas-de-radio-en-el-salvador\\\/\",\"name\":\"Escuadrones de la muerte amenazan de nuevo a periodistas de radio en El Salvador - LatAm Journalism Review\",\"isPartOf\":{\"@id\":\"https:\\\/\\\/latamjournalismreview.org\\\/es\\\/#website\"},\"datePublished\":\"2011-05-10T22:21:46+00:00\",\"dateModified\":\"2022-06-15T22:22:42+00:00\",\"description\":\"Escuadrones de la muerte amenazan de nuevo a periodistas de radio en El Salvador Violencia contra periodistas. Latin American Journalism Review by The Knight Center at The University of Texas at Austin.\",\"breadcrumb\":{\"@id\":\"https:\\\/\\\/latamjournalismreview.org\\\/es\\\/articles\\\/escuadrones-de-la-muerte-amenazan-de-nuevo-a-periodistas-de-radio-en-el-salvador\\\/#breadcrumb\"},\"inLanguage\":\"es\",\"potentialAction\":[{\"@type\":\"ReadAction\",\"target\":[\"https:\\\/\\\/latamjournalismreview.org\\\/es\\\/articles\\\/escuadrones-de-la-muerte-amenazan-de-nuevo-a-periodistas-de-radio-en-el-salvador\\\/\"]}]},{\"@type\":\"BreadcrumbList\",\"@id\":\"https:\\\/\\\/latamjournalismreview.org\\\/es\\\/articles\\\/escuadrones-de-la-muerte-amenazan-de-nuevo-a-periodistas-de-radio-en-el-salvador\\\/#breadcrumb\",\"itemListElement\":[{\"@type\":\"ListItem\",\"position\":1,\"name\":\"Home\",\"item\":\"https:\\\/\\\/latamjournalismreview.org\\\/es\\\/\"},{\"@type\":\"ListItem\",\"position\":2,\"name\":\"Escuadrones de la muerte amenazan de nuevo a periodistas de radio en El Salvador\"}]},{\"@type\":\"WebSite\",\"@id\":\"https:\\\/\\\/latamjournalismreview.org\\\/es\\\/#website\",\"url\":\"https:\\\/\\\/latamjournalismreview.org\\\/es\\\/\",\"name\":\"LatAm Journalism Review\",\"description\":\"Knight Center at The University of Texas\",\"publisher\":{\"@id\":\"https:\\\/\\\/latamjournalismreview.org\\\/es\\\/#organization\"},\"potentialAction\":[{\"@type\":\"SearchAction\",\"target\":{\"@type\":\"EntryPoint\",\"urlTemplate\":\"https:\\\/\\\/latamjournalismreview.org\\\/es\\\/?s={search_term_string}\"},\"query-input\":{\"@type\":\"PropertyValueSpecification\",\"valueRequired\":true,\"valueName\":\"search_term_string\"}}],\"inLanguage\":\"es\"},{\"@type\":\"Organization\",\"@id\":\"https:\\\/\\\/latamjournalismreview.org\\\/es\\\/#organization\",\"name\":\"LatAm Journalism Review\",\"url\":\"https:\\\/\\\/latamjournalismreview.org\\\/es\\\/\",\"logo\":{\"@type\":\"ImageObject\",\"inLanguage\":\"es\",\"@id\":\"https:\\\/\\\/latamjournalismreview.org\\\/es\\\/#\\\/schema\\\/logo\\\/image\\\/\",\"url\":\"https:\\\/\\\/latamjournalismreview.org\\\/wp-content\\\/uploads\\\/2020\\\/05\\\/knight-latAm-review-logo.svg\",\"contentUrl\":\"https:\\\/\\\/latamjournalismreview.org\\\/wp-content\\\/uploads\\\/2020\\\/05\\\/knight-latAm-review-logo.svg\",\"width\":\"1024\",\"height\":\"1024\",\"caption\":\"LatAm Journalism Review\"},\"image\":{\"@id\":\"https:\\\/\\\/latamjournalismreview.org\\\/es\\\/#\\\/schema\\\/logo\\\/image\\\/\"},\"sameAs\":[\"https:\\\/\\\/x.com\\\/LatAmJournalism\"]},{\"@type\":\"Person\",\"@id\":\"https:\\\/\\\/latamjournalismreview.org\\\/es\\\/#\\\/schema\\\/person\\\/1746872e9af4abc45355e4a7a4ddcea5\",\"name\":\"Monica Medel\",\"url\":\"https:\\\/\\\/latamjournalismreview.org\\\/es\\\/articles\\\/author\\\/monica-medel\\\/\"}]}<\/script>\n<!-- \/ Yoast SEO Premium plugin. -->","yoast_head_json":{"title":"Escuadrones de la muerte amenazan de nuevo a periodistas de radio en El Salvador - LatAm Journalism Review","description":"Escuadrones de la muerte amenazan de nuevo a periodistas de radio en El Salvador Violencia contra periodistas. Latin American Journalism Review by The Knight Center at The University of Texas at Austin.","robots":{"index":"index","follow":"follow","max-snippet":"max-snippet:-1","max-image-preview":"max-image-preview:large","max-video-preview":"max-video-preview:-1"},"canonical":"https:\/\/latamjournalismreview.org\/es\/articles\/escuadrones-de-la-muerte-amenazan-de-nuevo-a-periodistas-de-radio-en-el-salvador\/","og_locale":"es_ES","og_type":"article","og_title":"Escuadrones de la muerte amenazan de nuevo a periodistas de radio en El Salvador","og_description":"Escuadrones de la muerte amenazan de nuevo a periodistas de radio en El Salvador Violencia contra periodistas. Latin American Journalism Review by The Knight Center at The University of Texas at Austin.","og_url":"https:\/\/latamjournalismreview.org\/es\/articles\/escuadrones-de-la-muerte-amenazan-de-nuevo-a-periodistas-de-radio-en-el-salvador\/","og_site_name":"LatAm Journalism Review","article_published_time":"2011-05-10T22:21:46+00:00","article_modified_time":"2022-06-15T22:22:42+00:00","author":"Monica Medel","twitter_card":"summary_large_image","twitter_creator":"@LatAmJournalism","twitter_site":"@LatAmJournalism","twitter_misc":{"Written by":"Monica Medel","Est. reading time":"1 minuto"},"schema":{"@context":"https:\/\/schema.org","@graph":[{"@type":"Article","@id":"https:\/\/latamjournalismreview.org\/es\/articles\/escuadrones-de-la-muerte-amenazan-de-nuevo-a-periodistas-de-radio-en-el-salvador\/#article","isPartOf":{"@id":"https:\/\/latamjournalismreview.org\/es\/articles\/escuadrones-de-la-muerte-amenazan-de-nuevo-a-periodistas-de-radio-en-el-salvador\/"},"author":{"name":"Monica Medel","@id":"https:\/\/latamjournalismreview.org\/es\/#\/schema\/person\/1746872e9af4abc45355e4a7a4ddcea5"},"headline":"Escuadrones de la muerte amenazan de nuevo a periodistas de radio en El Salvador","datePublished":"2011-05-10T22:21:46+00:00","dateModified":"2022-06-15T22:22:42+00:00","mainEntityOfPage":{"@id":"https:\/\/latamjournalismreview.org\/es\/articles\/escuadrones-de-la-muerte-amenazan-de-nuevo-a-periodistas-de-radio-en-el-salvador\/"},"wordCount":297,"publisher":{"@id":"https:\/\/latamjournalismreview.org\/es\/#organization"},"keywords":["Amenazas contra periodistas","Asesinato de periodista","El Salvador","Periodismo comunitario"],"articleSection":["Violencia contra periodistas"],"inLanguage":"es"},{"@type":"WebPage","@id":"https:\/\/latamjournalismreview.org\/es\/articles\/escuadrones-de-la-muerte-amenazan-de-nuevo-a-periodistas-de-radio-en-el-salvador\/","url":"https:\/\/latamjournalismreview.org\/es\/articles\/escuadrones-de-la-muerte-amenazan-de-nuevo-a-periodistas-de-radio-en-el-salvador\/","name":"Escuadrones de la muerte amenazan de nuevo a periodistas de radio en El Salvador - LatAm Journalism Review","isPartOf":{"@id":"https:\/\/latamjournalismreview.org\/es\/#website"},"datePublished":"2011-05-10T22:21:46+00:00","dateModified":"2022-06-15T22:22:42+00:00","description":"Escuadrones de la muerte amenazan de nuevo a periodistas de radio en El Salvador Violencia contra periodistas. Latin American Journalism Review by The Knight Center at The University of Texas at Austin.","breadcrumb":{"@id":"https:\/\/latamjournalismreview.org\/es\/articles\/escuadrones-de-la-muerte-amenazan-de-nuevo-a-periodistas-de-radio-en-el-salvador\/#breadcrumb"},"inLanguage":"es","potentialAction":[{"@type":"ReadAction","target":["https:\/\/latamjournalismreview.org\/es\/articles\/escuadrones-de-la-muerte-amenazan-de-nuevo-a-periodistas-de-radio-en-el-salvador\/"]}]},{"@type":"BreadcrumbList","@id":"https:\/\/latamjournalismreview.org\/es\/articles\/escuadrones-de-la-muerte-amenazan-de-nuevo-a-periodistas-de-radio-en-el-salvador\/#breadcrumb","itemListElement":[{"@type":"ListItem","position":1,"name":"Home","item":"https:\/\/latamjournalismreview.org\/es\/"},{"@type":"ListItem","position":2,"name":"Escuadrones de la muerte amenazan de nuevo a periodistas de radio en El Salvador"}]},{"@type":"WebSite","@id":"https:\/\/latamjournalismreview.org\/es\/#website","url":"https:\/\/latamjournalismreview.org\/es\/","name":"LatAm Journalism Review","description":"Knight Center at The University of Texas","publisher":{"@id":"https:\/\/latamjournalismreview.org\/es\/#organization"},"potentialAction":[{"@type":"SearchAction","target":{"@type":"EntryPoint","urlTemplate":"https:\/\/latamjournalismreview.org\/es\/?s={search_term_string}"},"query-input":{"@type":"PropertyValueSpecification","valueRequired":true,"valueName":"search_term_string"}}],"inLanguage":"es"},{"@type":"Organization","@id":"https:\/\/latamjournalismreview.org\/es\/#organization","name":"LatAm Journalism Review","url":"https:\/\/latamjournalismreview.org\/es\/","logo":{"@type":"ImageObject","inLanguage":"es","@id":"https:\/\/latamjournalismreview.org\/es\/#\/schema\/logo\/image\/","url":"https:\/\/latamjournalismreview.org\/wp-content\/uploads\/2020\/05\/knight-latAm-review-logo.svg","contentUrl":"https:\/\/latamjournalismreview.org\/wp-content\/uploads\/2020\/05\/knight-latAm-review-logo.svg","width":"1024","height":"1024","caption":"LatAm Journalism Review"},"image":{"@id":"https:\/\/latamjournalismreview.org\/es\/#\/schema\/logo\/image\/"},"sameAs":["https:\/\/x.com\/LatAmJournalism"]},{"@type":"Person","@id":"https:\/\/latamjournalismreview.org\/es\/#\/schema\/person\/1746872e9af4abc45355e4a7a4ddcea5","name":"Monica Medel","url":"https:\/\/latamjournalismreview.org\/es\/articles\/author\/monica-medel\/"}]}},"_links":{"self":[{"href":"https:\/\/latamjournalismreview.org\/es\/wp-json\/wp\/v2\/posts\/58352","targetHints":{"allow":["GET"]}}],"collection":[{"href":"https:\/\/latamjournalismreview.org\/es\/wp-json\/wp\/v2\/posts"}],"about":[{"href":"https:\/\/latamjournalismreview.org\/es\/wp-json\/wp\/v2\/types\/post"}],"author":[{"embeddable":true,"href":"https:\/\/latamjournalismreview.org\/es\/wp-json\/wp\/v2\/users\/43"}],"replies":[{"embeddable":true,"href":"https:\/\/latamjournalismreview.org\/es\/wp-json\/wp\/v2\/comments?post=58352"}],"version-history":[{"count":1,"href":"https:\/\/latamjournalismreview.org\/es\/wp-json\/wp\/v2\/posts\/58352\/revisions"}],"predecessor-version":[{"id":58355,"href":"https:\/\/latamjournalismreview.org\/es\/wp-json\/wp\/v2\/posts\/58352\/revisions\/58355"}],"wp:attachment":[{"href":"https:\/\/latamjournalismreview.org\/es\/wp-json\/wp\/v2\/media?parent=58352"}],"wp:term":[{"taxonomy":"category","embeddable":true,"href":"https:\/\/latamjournalismreview.org\/es\/wp-json\/wp\/v2\/categories?post=58352"},{"taxonomy":"post_tag","embeddable":true,"href":"https:\/\/latamjournalismreview.org\/es\/wp-json\/wp\/v2\/tags?post=58352"},{"taxonomy":"author","embeddable":true,"href":"https:\/\/latamjournalismreview.org\/es\/wp-json\/wp\/v2\/coauthors?post=58352"}],"curies":[{"name":"wp","href":"https:\/\/api.w.org\/{rel}","templated":true}]}}