{"id":58554,"date":"2011-05-16T09:28:13","date_gmt":"2011-05-16T14:28:13","guid":{"rendered":"https:\/\/latamjournalismreview.org\/?p=58554"},"modified":"2022-06-20T09:30:52","modified_gmt":"2022-06-20T14:30:52","slug":"foro-de-periodismo-centroamericano-aborda-desde-el-crimen-organizado-y-wikileaks-hasta-la-realizacion-de-documentales","status":"publish","type":"post","link":"https:\/\/latamjournalismreview.org\/es\/articles\/foro-de-periodismo-centroamericano-aborda-desde-el-crimen-organizado-y-wikileaks-hasta-la-realizacion-de-documentales\/","title":{"rendered":"Foro de periodismo centroamericano aborda desde el crimen organizado y WikiLeaks hasta la realizaci\u00f3n de documentales"},"content":{"rendered":"<p><a href=\"http:\/\/www.elfaro.net\/es\/201105\/opinion\/4103\">Ciudadanos y periodistas profesionales de toda Centroam\u00e9rica se re\u00fanen para discutir sobre los temas m\u00e1s urgentes que enfrenta la regi\u00f3n<\/a>\u00a0como parte del\u00a0<a href=\"https:\/\/www.facebook.com\/pages\/Foro-Centroamericano-de-Periodismo-2011\/148525375215947?sk=info\">Foro Centroamericano de Periodismo 2011<\/a>, organizado por el peri\u00f3dico digital salvadore\u00f1o\u00a0<a href=\"http:\/\/www.elfaro.net\/\">El Faro<\/a>. El encuentro comenz\u00f3 el lunes 16 de mayo y continuar\u00e1 hasta el s\u00e1bado 21 de mayo en San Salvador.<\/p>\n<p><a href=\"http:\/\/www.elfaro.net\/templates\/elfaro\/boletin\/boletin_foro_2011.html\">El foro incluye talleres especializados para reporteros gr\u00e1ficos y periodistas de medios impresos, electr\u00f3nicos y multimedia<\/a>, adem\u00e1s de sesiones p\u00fablicas con participaci\u00f3n ciudadana y el aporte de especialistas internacionales en temas de seguridad. La semana de actividades contempla, asimismo, eventos culturales, exposiciones y producciones teatrales.<\/p>\n<p>La conferencia comenz\u00f3 con una presentaci\u00f3n de\u00a0<a href=\"http:\/\/works.bepress.com\/edgardo_buscaglia\">Edgardo Buscaglia<\/a>, un experto en crimen organizado y consultor de las Naciones Unidas, quien habl\u00f3 sobre \u201cCrimen organizado desde el punto de vista corporativo y financiero\u201d. Tambi\u00e9n como parte de las actividades inaugurales, la renombrada periodista mexicana\u00a0<a href=\"http:\/\/es.wikipedia.org\/wiki\/Carmen_Aristegui\">Carmen Aristegui<\/a>\u00a0entrevistar\u00e1 en vivo al presidente salvadore\u00f1o\u00a0<a href=\"http:\/\/es.wikipedia.org\/wiki\/Mauricio_Funes\">Mauricio Funes<\/a>.<\/p>\n<p><a href=\"https:\/\/www.facebook.com\/photo.php?fbid=149713215097163&amp;set=a.149647535103731.38082.148525375215947&amp;type=1&amp;theater\">Otras sesiones<\/a>\u00a0a lo largo de la semana incluyen discusiones sobre\u00a0<a href=\"http:\/\/knightcenter.utexas.edu\/es\/search\/node\/wikileaks\">WikiLeaks<\/a>\u00a0y el acceso a la informaci\u00f3n, cobertura de temas de alto riesgo y \u00e9tica del fotoperiodismo, adem\u00e1s de la proyecci\u00f3n de pel\u00edculas, como el documental\u00a0<a href=\"http:\/\/www.youtube.com\/watch?v=kxrhhjcP9CE\">El Cielo Abierto<\/a>, sobre el arzobispo salvadore\u00f1o\u00a0<a href=\"http:\/\/es.wikipedia.org\/wiki\/%C3%93scar_Romero\">\u00d3scar Romero<\/a>, asesinado en 1980.<\/p>\n<p>Un festival itinerante de cine documental,\u00a0<a href=\"http:\/\/www.ambulante.com.mx\/sobrefestivalambulante_en.php\">Ambulante 2011<\/a>\u00a0se desarrollar\u00e1 a continuaci\u00f3n del foro hasta el viernes 27 de mayo.<\/p>\n<p>Siga las actividades del foro a trav\u00e9s de Twitter con la etiqueta\u00a0<a href=\"http:\/\/twitter.com\/#!\/search?q=%23Foro2011\">#Foro2011<\/a>.<\/p>\n<p><em>Nota del editor: Esta historia fue publicada originalmente en el blog Periodismo en las Am\u00e9ricas del Centro Knight, el predecesor de LatAm Journalism Review.<\/em><\/p>\n","protected":false},"excerpt":{"rendered":"<p>Ciudadanos y periodistas profesionales de toda Centroam\u00e9rica se re\u00fanen para discutir sobre los temas m\u00e1s urgentes que enfrenta la regi\u00f3n\u00a0como parte del\u00a0Foro Centroamericano de Periodismo 2011, organizado por el peri\u00f3dico digital salvadore\u00f1o\u00a0El Faro. El encuentro comenz\u00f3 el lunes 16 de mayo y continuar\u00e1 hasta el s\u00e1bado 21 de mayo en San Salvador.<\/p>\n","protected":false},"author":41,"featured_media":0,"comment_status":"closed","ping_status":"closed","sticky":false,"template":"","format":"standard","meta":{"inline_featured_image":false,"footnotes":""},"categories":[1227],"tags":[1444,1506],"coauthors":[],"class_list":["post-58554","post","type-post","status-publish","format-standard","hentry","category-acceso-a-la-informacion-es","tag-el-salvador-es","tag-fotoperiodismo-es"],"acf":[],"yoast_head":"<!-- This site is optimized with the Yoast SEO Premium plugin v22.6 (Yoast SEO v27.4) - https:\/\/yoast.com\/product\/yoast-seo-premium-wordpress\/ -->\n<title>Foro de periodismo centroamericano aborda desde el crimen organizado y WikiLeaks hasta la realizaci\u00f3n de documentales - LatAm Journalism Review<\/title>\n<meta name=\"description\" content=\"Foro de periodismo centroamericano aborda desde el crimen organizado y WikiLeaks hasta la realizaci\u00f3n de documentales Acceso a la Informaci\u00f3n. Latin American Journalism Review by The Knight Center at The University of Texas at Austin.\" \/>\n<meta name=\"robots\" content=\"index, follow, max-snippet:-1, max-image-preview:large, max-video-preview:-1\" \/>\n<link rel=\"canonical\" href=\"https:\/\/latamjournalismreview.org\/es\/articles\/foro-de-periodismo-centroamericano-aborda-desde-el-crimen-organizado-y-wikileaks-hasta-la-realizacion-de-documentales\/\" \/>\n<meta property=\"og:locale\" content=\"es_ES\" \/>\n<meta property=\"og:type\" content=\"article\" \/>\n<meta property=\"og:title\" content=\"Foro de periodismo centroamericano aborda desde el crimen organizado y WikiLeaks hasta la realizaci\u00f3n de documentales\" \/>\n<meta property=\"og:description\" content=\"Foro de periodismo centroamericano aborda desde el crimen organizado y WikiLeaks hasta la realizaci\u00f3n de documentales Acceso a la Informaci\u00f3n. Latin American Journalism Review by The Knight Center at The University of Texas at Austin.\" \/>\n<meta property=\"og:url\" content=\"https:\/\/latamjournalismreview.org\/es\/articles\/foro-de-periodismo-centroamericano-aborda-desde-el-crimen-organizado-y-wikileaks-hasta-la-realizacion-de-documentales\/\" \/>\n<meta property=\"og:site_name\" content=\"LatAm Journalism Review\" \/>\n<meta property=\"article:published_time\" content=\"2011-05-16T14:28:13+00:00\" \/>\n<meta property=\"article:modified_time\" content=\"2022-06-20T14:30:52+00:00\" \/>\n<meta name=\"author\" content=\"Summer Harlow\" \/>\n<meta name=\"twitter:card\" content=\"summary_large_image\" \/>\n<meta name=\"twitter:creator\" content=\"@LatAmJournalism\" \/>\n<meta name=\"twitter:site\" content=\"@LatAmJournalism\" \/>\n<meta name=\"twitter:label1\" content=\"Written by\" \/>\n\t<meta name=\"twitter:data1\" content=\"Summer Harlow\" \/>\n\t<meta name=\"twitter:label2\" content=\"Est. reading time\" \/>\n\t<meta name=\"twitter:data2\" content=\"1 minuto\" \/>\n<script type=\"application\/ld+json\" class=\"yoast-schema-graph\">{\"@context\":\"https:\\\/\\\/schema.org\",\"@graph\":[{\"@type\":\"Article\",\"@id\":\"https:\\\/\\\/latamjournalismreview.org\\\/es\\\/articles\\\/foro-de-periodismo-centroamericano-aborda-desde-el-crimen-organizado-y-wikileaks-hasta-la-realizacion-de-documentales\\\/#article\",\"isPartOf\":{\"@id\":\"https:\\\/\\\/latamjournalismreview.org\\\/es\\\/articles\\\/foro-de-periodismo-centroamericano-aborda-desde-el-crimen-organizado-y-wikileaks-hasta-la-realizacion-de-documentales\\\/\"},\"author\":{\"name\":\"Summer Harlow\",\"@id\":\"https:\\\/\\\/latamjournalismreview.org\\\/es\\\/#\\\/schema\\\/person\\\/571a4b578ae1200d03b8c555e5e75663\"},\"headline\":\"Foro de periodismo centroamericano aborda desde el crimen organizado y WikiLeaks hasta la realizaci\u00f3n de documentales\",\"datePublished\":\"2011-05-16T14:28:13+00:00\",\"dateModified\":\"2022-06-20T14:30:52+00:00\",\"mainEntityOfPage\":{\"@id\":\"https:\\\/\\\/latamjournalismreview.org\\\/es\\\/articles\\\/foro-de-periodismo-centroamericano-aborda-desde-el-crimen-organizado-y-wikileaks-hasta-la-realizacion-de-documentales\\\/\"},\"wordCount\":294,\"publisher\":{\"@id\":\"https:\\\/\\\/latamjournalismreview.org\\\/es\\\/#organization\"},\"keywords\":[\"El Salvador\",\"Fotoperiodismo\"],\"articleSection\":[\"Acceso a la Informaci\u00f3n\"],\"inLanguage\":\"es\"},{\"@type\":\"WebPage\",\"@id\":\"https:\\\/\\\/latamjournalismreview.org\\\/es\\\/articles\\\/foro-de-periodismo-centroamericano-aborda-desde-el-crimen-organizado-y-wikileaks-hasta-la-realizacion-de-documentales\\\/\",\"url\":\"https:\\\/\\\/latamjournalismreview.org\\\/es\\\/articles\\\/foro-de-periodismo-centroamericano-aborda-desde-el-crimen-organizado-y-wikileaks-hasta-la-realizacion-de-documentales\\\/\",\"name\":\"Foro de periodismo centroamericano aborda desde el crimen organizado y WikiLeaks hasta la realizaci\u00f3n de documentales - LatAm Journalism Review\",\"isPartOf\":{\"@id\":\"https:\\\/\\\/latamjournalismreview.org\\\/es\\\/#website\"},\"datePublished\":\"2011-05-16T14:28:13+00:00\",\"dateModified\":\"2022-06-20T14:30:52+00:00\",\"description\":\"Foro de periodismo centroamericano aborda desde el crimen organizado y WikiLeaks hasta la realizaci\u00f3n de documentales Acceso a la Informaci\u00f3n. Latin American Journalism Review by The Knight Center at The University of Texas at Austin.\",\"breadcrumb\":{\"@id\":\"https:\\\/\\\/latamjournalismreview.org\\\/es\\\/articles\\\/foro-de-periodismo-centroamericano-aborda-desde-el-crimen-organizado-y-wikileaks-hasta-la-realizacion-de-documentales\\\/#breadcrumb\"},\"inLanguage\":\"es\",\"potentialAction\":[{\"@type\":\"ReadAction\",\"target\":[\"https:\\\/\\\/latamjournalismreview.org\\\/es\\\/articles\\\/foro-de-periodismo-centroamericano-aborda-desde-el-crimen-organizado-y-wikileaks-hasta-la-realizacion-de-documentales\\\/\"]}]},{\"@type\":\"BreadcrumbList\",\"@id\":\"https:\\\/\\\/latamjournalismreview.org\\\/es\\\/articles\\\/foro-de-periodismo-centroamericano-aborda-desde-el-crimen-organizado-y-wikileaks-hasta-la-realizacion-de-documentales\\\/#breadcrumb\",\"itemListElement\":[{\"@type\":\"ListItem\",\"position\":1,\"name\":\"Home\",\"item\":\"https:\\\/\\\/latamjournalismreview.org\\\/es\\\/\"},{\"@type\":\"ListItem\",\"position\":2,\"name\":\"Foro de periodismo centroamericano aborda desde el crimen organizado y WikiLeaks hasta la realizaci\u00f3n de documentales\"}]},{\"@type\":\"WebSite\",\"@id\":\"https:\\\/\\\/latamjournalismreview.org\\\/es\\\/#website\",\"url\":\"https:\\\/\\\/latamjournalismreview.org\\\/es\\\/\",\"name\":\"LatAm Journalism Review\",\"description\":\"Knight Center at The University of Texas\",\"publisher\":{\"@id\":\"https:\\\/\\\/latamjournalismreview.org\\\/es\\\/#organization\"},\"potentialAction\":[{\"@type\":\"SearchAction\",\"target\":{\"@type\":\"EntryPoint\",\"urlTemplate\":\"https:\\\/\\\/latamjournalismreview.org\\\/es\\\/?s={search_term_string}\"},\"query-input\":{\"@type\":\"PropertyValueSpecification\",\"valueRequired\":true,\"valueName\":\"search_term_string\"}}],\"inLanguage\":\"es\"},{\"@type\":\"Organization\",\"@id\":\"https:\\\/\\\/latamjournalismreview.org\\\/es\\\/#organization\",\"name\":\"LatAm Journalism Review\",\"url\":\"https:\\\/\\\/latamjournalismreview.org\\\/es\\\/\",\"logo\":{\"@type\":\"ImageObject\",\"inLanguage\":\"es\",\"@id\":\"https:\\\/\\\/latamjournalismreview.org\\\/es\\\/#\\\/schema\\\/logo\\\/image\\\/\",\"url\":\"https:\\\/\\\/latamjournalismreview.org\\\/wp-content\\\/uploads\\\/2020\\\/05\\\/knight-latAm-review-logo.svg\",\"contentUrl\":\"https:\\\/\\\/latamjournalismreview.org\\\/wp-content\\\/uploads\\\/2020\\\/05\\\/knight-latAm-review-logo.svg\",\"width\":\"1024\",\"height\":\"1024\",\"caption\":\"LatAm Journalism Review\"},\"image\":{\"@id\":\"https:\\\/\\\/latamjournalismreview.org\\\/es\\\/#\\\/schema\\\/logo\\\/image\\\/\"},\"sameAs\":[\"https:\\\/\\\/x.com\\\/LatAmJournalism\"]},{\"@type\":\"Person\",\"@id\":\"https:\\\/\\\/latamjournalismreview.org\\\/es\\\/#\\\/schema\\\/person\\\/571a4b578ae1200d03b8c555e5e75663\",\"name\":\"Summer Harlow\",\"url\":\"https:\\\/\\\/latamjournalismreview.org\\\/es\\\/articles\\\/author\\\/summer-harlow\\\/\"}]}<\/script>\n<!-- \/ Yoast SEO Premium plugin. -->","yoast_head_json":{"title":"Foro de periodismo centroamericano aborda desde el crimen organizado y WikiLeaks hasta la realizaci\u00f3n de documentales - LatAm Journalism Review","description":"Foro de periodismo centroamericano aborda desde el crimen organizado y WikiLeaks hasta la realizaci\u00f3n de documentales Acceso a la Informaci\u00f3n. Latin American Journalism Review by The Knight Center at The University of Texas at Austin.","robots":{"index":"index","follow":"follow","max-snippet":"max-snippet:-1","max-image-preview":"max-image-preview:large","max-video-preview":"max-video-preview:-1"},"canonical":"https:\/\/latamjournalismreview.org\/es\/articles\/foro-de-periodismo-centroamericano-aborda-desde-el-crimen-organizado-y-wikileaks-hasta-la-realizacion-de-documentales\/","og_locale":"es_ES","og_type":"article","og_title":"Foro de periodismo centroamericano aborda desde el crimen organizado y WikiLeaks hasta la realizaci\u00f3n de documentales","og_description":"Foro de periodismo centroamericano aborda desde el crimen organizado y WikiLeaks hasta la realizaci\u00f3n de documentales Acceso a la Informaci\u00f3n. Latin American Journalism Review by The Knight Center at The University of Texas at Austin.","og_url":"https:\/\/latamjournalismreview.org\/es\/articles\/foro-de-periodismo-centroamericano-aborda-desde-el-crimen-organizado-y-wikileaks-hasta-la-realizacion-de-documentales\/","og_site_name":"LatAm Journalism Review","article_published_time":"2011-05-16T14:28:13+00:00","article_modified_time":"2022-06-20T14:30:52+00:00","author":"Summer Harlow","twitter_card":"summary_large_image","twitter_creator":"@LatAmJournalism","twitter_site":"@LatAmJournalism","twitter_misc":{"Written by":"Summer Harlow","Est. reading time":"1 minuto"},"schema":{"@context":"https:\/\/schema.org","@graph":[{"@type":"Article","@id":"https:\/\/latamjournalismreview.org\/es\/articles\/foro-de-periodismo-centroamericano-aborda-desde-el-crimen-organizado-y-wikileaks-hasta-la-realizacion-de-documentales\/#article","isPartOf":{"@id":"https:\/\/latamjournalismreview.org\/es\/articles\/foro-de-periodismo-centroamericano-aborda-desde-el-crimen-organizado-y-wikileaks-hasta-la-realizacion-de-documentales\/"},"author":{"name":"Summer Harlow","@id":"https:\/\/latamjournalismreview.org\/es\/#\/schema\/person\/571a4b578ae1200d03b8c555e5e75663"},"headline":"Foro de periodismo centroamericano aborda desde el crimen organizado y WikiLeaks hasta la realizaci\u00f3n de documentales","datePublished":"2011-05-16T14:28:13+00:00","dateModified":"2022-06-20T14:30:52+00:00","mainEntityOfPage":{"@id":"https:\/\/latamjournalismreview.org\/es\/articles\/foro-de-periodismo-centroamericano-aborda-desde-el-crimen-organizado-y-wikileaks-hasta-la-realizacion-de-documentales\/"},"wordCount":294,"publisher":{"@id":"https:\/\/latamjournalismreview.org\/es\/#organization"},"keywords":["El Salvador","Fotoperiodismo"],"articleSection":["Acceso a la Informaci\u00f3n"],"inLanguage":"es"},{"@type":"WebPage","@id":"https:\/\/latamjournalismreview.org\/es\/articles\/foro-de-periodismo-centroamericano-aborda-desde-el-crimen-organizado-y-wikileaks-hasta-la-realizacion-de-documentales\/","url":"https:\/\/latamjournalismreview.org\/es\/articles\/foro-de-periodismo-centroamericano-aborda-desde-el-crimen-organizado-y-wikileaks-hasta-la-realizacion-de-documentales\/","name":"Foro de periodismo centroamericano aborda desde el crimen organizado y WikiLeaks hasta la realizaci\u00f3n de documentales - LatAm Journalism Review","isPartOf":{"@id":"https:\/\/latamjournalismreview.org\/es\/#website"},"datePublished":"2011-05-16T14:28:13+00:00","dateModified":"2022-06-20T14:30:52+00:00","description":"Foro de periodismo centroamericano aborda desde el crimen organizado y WikiLeaks hasta la realizaci\u00f3n de documentales Acceso a la Informaci\u00f3n. Latin American Journalism Review by The Knight Center at The University of Texas at Austin.","breadcrumb":{"@id":"https:\/\/latamjournalismreview.org\/es\/articles\/foro-de-periodismo-centroamericano-aborda-desde-el-crimen-organizado-y-wikileaks-hasta-la-realizacion-de-documentales\/#breadcrumb"},"inLanguage":"es","potentialAction":[{"@type":"ReadAction","target":["https:\/\/latamjournalismreview.org\/es\/articles\/foro-de-periodismo-centroamericano-aborda-desde-el-crimen-organizado-y-wikileaks-hasta-la-realizacion-de-documentales\/"]}]},{"@type":"BreadcrumbList","@id":"https:\/\/latamjournalismreview.org\/es\/articles\/foro-de-periodismo-centroamericano-aborda-desde-el-crimen-organizado-y-wikileaks-hasta-la-realizacion-de-documentales\/#breadcrumb","itemListElement":[{"@type":"ListItem","position":1,"name":"Home","item":"https:\/\/latamjournalismreview.org\/es\/"},{"@type":"ListItem","position":2,"name":"Foro de periodismo centroamericano aborda desde el crimen organizado y WikiLeaks hasta la realizaci\u00f3n de documentales"}]},{"@type":"WebSite","@id":"https:\/\/latamjournalismreview.org\/es\/#website","url":"https:\/\/latamjournalismreview.org\/es\/","name":"LatAm Journalism Review","description":"Knight Center at The University of Texas","publisher":{"@id":"https:\/\/latamjournalismreview.org\/es\/#organization"},"potentialAction":[{"@type":"SearchAction","target":{"@type":"EntryPoint","urlTemplate":"https:\/\/latamjournalismreview.org\/es\/?s={search_term_string}"},"query-input":{"@type":"PropertyValueSpecification","valueRequired":true,"valueName":"search_term_string"}}],"inLanguage":"es"},{"@type":"Organization","@id":"https:\/\/latamjournalismreview.org\/es\/#organization","name":"LatAm Journalism Review","url":"https:\/\/latamjournalismreview.org\/es\/","logo":{"@type":"ImageObject","inLanguage":"es","@id":"https:\/\/latamjournalismreview.org\/es\/#\/schema\/logo\/image\/","url":"https:\/\/latamjournalismreview.org\/wp-content\/uploads\/2020\/05\/knight-latAm-review-logo.svg","contentUrl":"https:\/\/latamjournalismreview.org\/wp-content\/uploads\/2020\/05\/knight-latAm-review-logo.svg","width":"1024","height":"1024","caption":"LatAm Journalism Review"},"image":{"@id":"https:\/\/latamjournalismreview.org\/es\/#\/schema\/logo\/image\/"},"sameAs":["https:\/\/x.com\/LatAmJournalism"]},{"@type":"Person","@id":"https:\/\/latamjournalismreview.org\/es\/#\/schema\/person\/571a4b578ae1200d03b8c555e5e75663","name":"Summer Harlow","url":"https:\/\/latamjournalismreview.org\/es\/articles\/author\/summer-harlow\/"}]}},"_links":{"self":[{"href":"https:\/\/latamjournalismreview.org\/es\/wp-json\/wp\/v2\/posts\/58554","targetHints":{"allow":["GET"]}}],"collection":[{"href":"https:\/\/latamjournalismreview.org\/es\/wp-json\/wp\/v2\/posts"}],"about":[{"href":"https:\/\/latamjournalismreview.org\/es\/wp-json\/wp\/v2\/types\/post"}],"author":[{"embeddable":true,"href":"https:\/\/latamjournalismreview.org\/es\/wp-json\/wp\/v2\/users\/41"}],"replies":[{"embeddable":true,"href":"https:\/\/latamjournalismreview.org\/es\/wp-json\/wp\/v2\/comments?post=58554"}],"version-history":[{"count":1,"href":"https:\/\/latamjournalismreview.org\/es\/wp-json\/wp\/v2\/posts\/58554\/revisions"}],"predecessor-version":[{"id":58558,"href":"https:\/\/latamjournalismreview.org\/es\/wp-json\/wp\/v2\/posts\/58554\/revisions\/58558"}],"wp:attachment":[{"href":"https:\/\/latamjournalismreview.org\/es\/wp-json\/wp\/v2\/media?parent=58554"}],"wp:term":[{"taxonomy":"category","embeddable":true,"href":"https:\/\/latamjournalismreview.org\/es\/wp-json\/wp\/v2\/categories?post=58554"},{"taxonomy":"post_tag","embeddable":true,"href":"https:\/\/latamjournalismreview.org\/es\/wp-json\/wp\/v2\/tags?post=58554"},{"taxonomy":"author","embeddable":true,"href":"https:\/\/latamjournalismreview.org\/es\/wp-json\/wp\/v2\/coauthors?post=58554"}],"curies":[{"name":"wp","href":"https:\/\/api.w.org\/{rel}","templated":true}]}}