{"id":58636,"date":"2011-05-17T14:15:08","date_gmt":"2011-05-17T19:15:08","guid":{"rendered":"https:\/\/latamjournalismreview.org\/?p=58636"},"modified":"2022-06-20T14:16:16","modified_gmt":"2022-06-20T19:16:16","slug":"mvs-radio-es-primera-emisora-comercial-mexicana-en-crear-figura-de-defensor-del-oyente","status":"publish","type":"post","link":"https:\/\/latamjournalismreview.org\/es\/articles\/mvs-radio-es-primera-emisora-comercial-mexicana-en-crear-figura-de-defensor-del-oyente\/","title":{"rendered":"MVS Radio es primera emisora comercial mexicana en crear figura de defensor del oyente"},"content":{"rendered":"<p><a href=\"http:\/\/www.mvs.com.mx\/#\">Multivisi\u00f3n<\/a>\u00a0(MVS), la misma emisora mexicana que\u00a0<a href=\"http:\/\/knightcenter.utexas.edu\/es\/blog\/polemico-despido-de-periodista-mexicana-lider-en-radio-gobierno-niega-censura\">despidi\u00f3 a una periodista<\/a>\u00a0en febrero de 2011 por comentar sobre denuncias de la oposici\u00f3n acerca de supuestos problemas del presidente Felipe Calder\u00f3n con el alcohol, estableci\u00f3 la figura del\u00a0<a href=\"http:\/\/www.informador.com.mx\/mexico\/2011\/293004\/6\/multivision-anuncia-creacion-de-ombudsman.htm\">defensor del oyente<\/a>, report\u00f3 El Informador.<\/p>\n<p><a href=\"http:\/\/blogs.eluniversal.com.mx\/weblogs_detalle13945.html\">MVS Radio es la primera emisora comercial en instalar esta figura<\/a>, que ya ha sido utilizada por algunos medios en manos del gobierno y universidades, como Canal 22, Canal Once, Radio Educaci\u00f3n y la Universidad de Guadalajara, inform\u00f3 El Universal.<\/p>\n<p><a href=\"http:\/\/www.arrobajuarez.com\/notas.php?IDNOTA=21509&amp;IDSECCION=Portada&amp;IDREPORTERO=De%20la%20Redacci%C3%B3n\">Como defensor del oyente fue nombrado el periodista Gerardo Albarr\u00e1n de Alba<\/a>, ex reportero de la revista\u00a0<a href=\"http:\/\/www.proceso.com.mx\/\">Proceso<\/a>\u00a0e investigador en temas de libertad de expresi\u00f3n y derecho a la informaci\u00f3n, inform\u00f3 @Ju\u00e1rez.<\/p>\n<p>En una entrevista con\u00a0<a href=\"http:\/\/es.wikipedia.org\/wiki\/Carmen_Aristegui\">Carmen Aristegui<\/a>, la\u00a0<a href=\"http:\/\/knightcenter.utexas.edu\/es\/blog\/periodista-mexicana-regresara-la-radio-dos-semanas-despues-de-ser-despedida\">periodista que MVS despidi\u00f3, pero que recontrat\u00f3<\/a>\u00a0tras\u00a0<a href=\"http:\/\/knightcenter.utexas.edu\/es\/blog\/despido-de-periodista-abre-debate-sobre-censura-politica-y-concentracion-de-propiedad-de-medios\">una ola de protestas callejeras y un debate sobre la censura pol\u00edtica en el pa\u00eds<\/a>, Albarr\u00e1n dijo que su labor no ser\u00e1 la de un censor, sino \"la\u00a0<a href=\"http:\/\/www.abc.es\/agencias\/noticia.asp?noticia=817593\">conciencia \u00e9tica de un medio de comunicaci\u00f3n<\/a>\" con una labor que \"viene a transparentar los procesos informativos de cara a la sociedad\".<\/p>\n<p>\"Yo espero que venga a sentar un\u00a0<a href=\"http:\/\/www.google.com\/hostednews\/epa\/article\/ALeqM5h9WVHPtnqDnMydR-ZvyupisSdl8g?docId=1530842\">precedente importante para la radiodifusi\u00f3n privada<\/a>\u00a0en M\u00e9xico\", dijo.<\/p>\n<p>En ese marco,\u00a0<a href=\"http:\/\/periodicosintesis.com.mx\/noticias\/92355\/Unidos-por-la-Libertad-de-Expresion\">representantes de observadores de medios en Latinoam\u00e9rica constituyeron una red de defensores de audiencias<\/a>\u00a0en la regi\u00f3n. Entre las organizaciones firmantes del acuerdo que constituy\u00f3 esta red figuran el\u00a0<a href=\"http:\/\/www.ciespal.net\/\">Centro Internacional de Estudios Superiores de Comunicaci\u00f3n para Am\u00e9rica Latina<\/a>, CIESPAL (Ecuador); el Observatorio de Medios Regionales: Derechos Humanos, Pol\u00edticas y Sistemas (Brasil);\u00a0<a href=\"http:\/\/www.proyectocensurado.org\/\">Proyecto Censurado Latinoam\u00e9rica<\/a>\u00a0(Chile); el\u00a0<a href=\"http:\/\/nueva.unirbolivia.org\/~unir\/index.php?option=com_content&amp;view=category&amp;layout=blog&amp;id=233&amp;Itemid=780&amp;lang=es\">Observatorio Nacional de Medios<\/a>, Onadem (Bolivia);\u00a0<a href=\"http:\/\/ciudadanosenmedios.org.mx\/\">Ciudadanos en Medios, Democracia e Informaci\u00f3n<\/a>\u00a0(M\u00e9xico); la Asociaci\u00f3n Iberoamericana de Derechos de la Informaci\u00f3n y de la Comunicaci\u00f3n, AIDIC (Argentina); Canal 22 (M\u00e9xico); la Fundaci\u00f3n para la Libertad de Expresi\u00f3n,\u00a0<a href=\"http:\/\/www.fundalex.org\/\">Fundalex<\/a>\u00a0(M\u00e9xico); Radio Educaci\u00f3n (M\u00e9xico); y\u00a0<a href=\"http:\/\/www.imer.com.mx\/\">el Instituto Mexicano de la Radio<\/a>, IMER (M\u00e9xico).<\/p>\n<p><em>Nota del editor: Esta historia fue publicada originalmente en el blog Periodismo en las Am\u00e9ricas del Centro Knight, el predecesor de LatAm Journalism Review.<\/em><\/p>\n","protected":false},"excerpt":{"rendered":"<p>Multivisi\u00f3n\u00a0(MVS), la misma emisora mexicana que\u00a0despidi\u00f3 a una periodista\u00a0en febrero de 2011 por comentar sobre denuncias de la oposici\u00f3n acerca de supuestos problemas del presidente Felipe Calder\u00f3n con el alcohol, estableci\u00f3 la figura del\u00a0defensor del oyente, report\u00f3 El Informador.<\/p>\n","protected":false},"author":43,"featured_media":0,"comment_status":"closed","ping_status":"closed","sticky":false,"template":"","format":"standard","meta":{"inline_featured_image":false,"footnotes":""},"categories":[1211],"tags":[1393,1431],"coauthors":[],"class_list":["post-58636","post","type-post","status-publish","format-standard","hentry","category-modelo-de-negocio-es","tag-mexico-es","tag-radio-y-tv-es"],"acf":[],"yoast_head":"<!-- This site is optimized with the Yoast SEO Premium plugin v22.6 (Yoast SEO v27.4) - https:\/\/yoast.com\/product\/yoast-seo-premium-wordpress\/ -->\n<title>MVS Radio es primera emisora comercial mexicana en crear figura de defensor del oyente - LatAm Journalism Review<\/title>\n<meta name=\"description\" content=\"MVS Radio es primera emisora comercial mexicana en crear figura de defensor del oyente Modelo de negocio. Latin American Journalism Review by The Knight Center at The University of Texas at Austin.\" \/>\n<meta name=\"robots\" content=\"index, follow, max-snippet:-1, max-image-preview:large, max-video-preview:-1\" \/>\n<link rel=\"canonical\" href=\"https:\/\/latamjournalismreview.org\/es\/articles\/mvs-radio-es-primera-emisora-comercial-mexicana-en-crear-figura-de-defensor-del-oyente\/\" \/>\n<meta property=\"og:locale\" content=\"es_ES\" \/>\n<meta property=\"og:type\" content=\"article\" \/>\n<meta property=\"og:title\" content=\"MVS Radio es primera emisora comercial mexicana en crear figura de defensor del oyente\" \/>\n<meta property=\"og:description\" content=\"MVS Radio es primera emisora comercial mexicana en crear figura de defensor del oyente Modelo de negocio. Latin American Journalism Review by The Knight Center at The University of Texas at Austin.\" \/>\n<meta property=\"og:url\" content=\"https:\/\/latamjournalismreview.org\/es\/articles\/mvs-radio-es-primera-emisora-comercial-mexicana-en-crear-figura-de-defensor-del-oyente\/\" \/>\n<meta property=\"og:site_name\" content=\"LatAm Journalism Review\" \/>\n<meta property=\"article:published_time\" content=\"2011-05-17T19:15:08+00:00\" \/>\n<meta property=\"article:modified_time\" content=\"2022-06-20T19:16:16+00:00\" \/>\n<meta name=\"author\" content=\"Monica Medel\" \/>\n<meta name=\"twitter:card\" content=\"summary_large_image\" \/>\n<meta name=\"twitter:creator\" content=\"@LatAmJournalism\" \/>\n<meta name=\"twitter:site\" content=\"@LatAmJournalism\" \/>\n<meta name=\"twitter:label1\" content=\"Written by\" \/>\n\t<meta name=\"twitter:data1\" content=\"Monica Medel\" \/>\n\t<meta name=\"twitter:label2\" content=\"Est. reading time\" \/>\n\t<meta name=\"twitter:data2\" content=\"2 minutos\" \/>\n<script type=\"application\/ld+json\" class=\"yoast-schema-graph\">{\"@context\":\"https:\\\/\\\/schema.org\",\"@graph\":[{\"@type\":\"Article\",\"@id\":\"https:\\\/\\\/latamjournalismreview.org\\\/es\\\/articles\\\/mvs-radio-es-primera-emisora-comercial-mexicana-en-crear-figura-de-defensor-del-oyente\\\/#article\",\"isPartOf\":{\"@id\":\"https:\\\/\\\/latamjournalismreview.org\\\/es\\\/articles\\\/mvs-radio-es-primera-emisora-comercial-mexicana-en-crear-figura-de-defensor-del-oyente\\\/\"},\"author\":{\"name\":\"Monica Medel\",\"@id\":\"https:\\\/\\\/latamjournalismreview.org\\\/es\\\/#\\\/schema\\\/person\\\/1746872e9af4abc45355e4a7a4ddcea5\"},\"headline\":\"MVS Radio es primera emisora comercial mexicana en crear figura de defensor del oyente\",\"datePublished\":\"2011-05-17T19:15:08+00:00\",\"dateModified\":\"2022-06-20T19:16:16+00:00\",\"mainEntityOfPage\":{\"@id\":\"https:\\\/\\\/latamjournalismreview.org\\\/es\\\/articles\\\/mvs-radio-es-primera-emisora-comercial-mexicana-en-crear-figura-de-defensor-del-oyente\\\/\"},\"wordCount\":376,\"publisher\":{\"@id\":\"https:\\\/\\\/latamjournalismreview.org\\\/es\\\/#organization\"},\"keywords\":[\"M\u00e9xico\",\"Radio y TV\"],\"articleSection\":[\"Modelo de negocio\"],\"inLanguage\":\"es\"},{\"@type\":\"WebPage\",\"@id\":\"https:\\\/\\\/latamjournalismreview.org\\\/es\\\/articles\\\/mvs-radio-es-primera-emisora-comercial-mexicana-en-crear-figura-de-defensor-del-oyente\\\/\",\"url\":\"https:\\\/\\\/latamjournalismreview.org\\\/es\\\/articles\\\/mvs-radio-es-primera-emisora-comercial-mexicana-en-crear-figura-de-defensor-del-oyente\\\/\",\"name\":\"MVS Radio es primera emisora comercial mexicana en crear figura de defensor del oyente - LatAm Journalism Review\",\"isPartOf\":{\"@id\":\"https:\\\/\\\/latamjournalismreview.org\\\/es\\\/#website\"},\"datePublished\":\"2011-05-17T19:15:08+00:00\",\"dateModified\":\"2022-06-20T19:16:16+00:00\",\"description\":\"MVS Radio es primera emisora comercial mexicana en crear figura de defensor del oyente Modelo de negocio. Latin American Journalism Review by The Knight Center at The University of Texas at Austin.\",\"breadcrumb\":{\"@id\":\"https:\\\/\\\/latamjournalismreview.org\\\/es\\\/articles\\\/mvs-radio-es-primera-emisora-comercial-mexicana-en-crear-figura-de-defensor-del-oyente\\\/#breadcrumb\"},\"inLanguage\":\"es\",\"potentialAction\":[{\"@type\":\"ReadAction\",\"target\":[\"https:\\\/\\\/latamjournalismreview.org\\\/es\\\/articles\\\/mvs-radio-es-primera-emisora-comercial-mexicana-en-crear-figura-de-defensor-del-oyente\\\/\"]}]},{\"@type\":\"BreadcrumbList\",\"@id\":\"https:\\\/\\\/latamjournalismreview.org\\\/es\\\/articles\\\/mvs-radio-es-primera-emisora-comercial-mexicana-en-crear-figura-de-defensor-del-oyente\\\/#breadcrumb\",\"itemListElement\":[{\"@type\":\"ListItem\",\"position\":1,\"name\":\"Home\",\"item\":\"https:\\\/\\\/latamjournalismreview.org\\\/es\\\/\"},{\"@type\":\"ListItem\",\"position\":2,\"name\":\"MVS Radio es primera emisora comercial mexicana en crear figura de defensor del oyente\"}]},{\"@type\":\"WebSite\",\"@id\":\"https:\\\/\\\/latamjournalismreview.org\\\/es\\\/#website\",\"url\":\"https:\\\/\\\/latamjournalismreview.org\\\/es\\\/\",\"name\":\"LatAm Journalism Review\",\"description\":\"Knight Center at The University of Texas\",\"publisher\":{\"@id\":\"https:\\\/\\\/latamjournalismreview.org\\\/es\\\/#organization\"},\"potentialAction\":[{\"@type\":\"SearchAction\",\"target\":{\"@type\":\"EntryPoint\",\"urlTemplate\":\"https:\\\/\\\/latamjournalismreview.org\\\/es\\\/?s={search_term_string}\"},\"query-input\":{\"@type\":\"PropertyValueSpecification\",\"valueRequired\":true,\"valueName\":\"search_term_string\"}}],\"inLanguage\":\"es\"},{\"@type\":\"Organization\",\"@id\":\"https:\\\/\\\/latamjournalismreview.org\\\/es\\\/#organization\",\"name\":\"LatAm Journalism Review\",\"url\":\"https:\\\/\\\/latamjournalismreview.org\\\/es\\\/\",\"logo\":{\"@type\":\"ImageObject\",\"inLanguage\":\"es\",\"@id\":\"https:\\\/\\\/latamjournalismreview.org\\\/es\\\/#\\\/schema\\\/logo\\\/image\\\/\",\"url\":\"https:\\\/\\\/latamjournalismreview.org\\\/wp-content\\\/uploads\\\/2020\\\/05\\\/knight-latAm-review-logo.svg\",\"contentUrl\":\"https:\\\/\\\/latamjournalismreview.org\\\/wp-content\\\/uploads\\\/2020\\\/05\\\/knight-latAm-review-logo.svg\",\"width\":\"1024\",\"height\":\"1024\",\"caption\":\"LatAm Journalism Review\"},\"image\":{\"@id\":\"https:\\\/\\\/latamjournalismreview.org\\\/es\\\/#\\\/schema\\\/logo\\\/image\\\/\"},\"sameAs\":[\"https:\\\/\\\/x.com\\\/LatAmJournalism\"]},{\"@type\":\"Person\",\"@id\":\"https:\\\/\\\/latamjournalismreview.org\\\/es\\\/#\\\/schema\\\/person\\\/1746872e9af4abc45355e4a7a4ddcea5\",\"name\":\"Monica Medel\",\"url\":\"https:\\\/\\\/latamjournalismreview.org\\\/es\\\/articles\\\/author\\\/monica-medel\\\/\"}]}<\/script>\n<!-- \/ Yoast SEO Premium plugin. -->","yoast_head_json":{"title":"MVS Radio es primera emisora comercial mexicana en crear figura de defensor del oyente - LatAm Journalism Review","description":"MVS Radio es primera emisora comercial mexicana en crear figura de defensor del oyente Modelo de negocio. Latin American Journalism Review by The Knight Center at The University of Texas at Austin.","robots":{"index":"index","follow":"follow","max-snippet":"max-snippet:-1","max-image-preview":"max-image-preview:large","max-video-preview":"max-video-preview:-1"},"canonical":"https:\/\/latamjournalismreview.org\/es\/articles\/mvs-radio-es-primera-emisora-comercial-mexicana-en-crear-figura-de-defensor-del-oyente\/","og_locale":"es_ES","og_type":"article","og_title":"MVS Radio es primera emisora comercial mexicana en crear figura de defensor del oyente","og_description":"MVS Radio es primera emisora comercial mexicana en crear figura de defensor del oyente Modelo de negocio. Latin American Journalism Review by The Knight Center at The University of Texas at Austin.","og_url":"https:\/\/latamjournalismreview.org\/es\/articles\/mvs-radio-es-primera-emisora-comercial-mexicana-en-crear-figura-de-defensor-del-oyente\/","og_site_name":"LatAm Journalism Review","article_published_time":"2011-05-17T19:15:08+00:00","article_modified_time":"2022-06-20T19:16:16+00:00","author":"Monica Medel","twitter_card":"summary_large_image","twitter_creator":"@LatAmJournalism","twitter_site":"@LatAmJournalism","twitter_misc":{"Written by":"Monica Medel","Est. reading time":"2 minutos"},"schema":{"@context":"https:\/\/schema.org","@graph":[{"@type":"Article","@id":"https:\/\/latamjournalismreview.org\/es\/articles\/mvs-radio-es-primera-emisora-comercial-mexicana-en-crear-figura-de-defensor-del-oyente\/#article","isPartOf":{"@id":"https:\/\/latamjournalismreview.org\/es\/articles\/mvs-radio-es-primera-emisora-comercial-mexicana-en-crear-figura-de-defensor-del-oyente\/"},"author":{"name":"Monica Medel","@id":"https:\/\/latamjournalismreview.org\/es\/#\/schema\/person\/1746872e9af4abc45355e4a7a4ddcea5"},"headline":"MVS Radio es primera emisora comercial mexicana en crear figura de defensor del oyente","datePublished":"2011-05-17T19:15:08+00:00","dateModified":"2022-06-20T19:16:16+00:00","mainEntityOfPage":{"@id":"https:\/\/latamjournalismreview.org\/es\/articles\/mvs-radio-es-primera-emisora-comercial-mexicana-en-crear-figura-de-defensor-del-oyente\/"},"wordCount":376,"publisher":{"@id":"https:\/\/latamjournalismreview.org\/es\/#organization"},"keywords":["M\u00e9xico","Radio y TV"],"articleSection":["Modelo de negocio"],"inLanguage":"es"},{"@type":"WebPage","@id":"https:\/\/latamjournalismreview.org\/es\/articles\/mvs-radio-es-primera-emisora-comercial-mexicana-en-crear-figura-de-defensor-del-oyente\/","url":"https:\/\/latamjournalismreview.org\/es\/articles\/mvs-radio-es-primera-emisora-comercial-mexicana-en-crear-figura-de-defensor-del-oyente\/","name":"MVS Radio es primera emisora comercial mexicana en crear figura de defensor del oyente - LatAm Journalism Review","isPartOf":{"@id":"https:\/\/latamjournalismreview.org\/es\/#website"},"datePublished":"2011-05-17T19:15:08+00:00","dateModified":"2022-06-20T19:16:16+00:00","description":"MVS Radio es primera emisora comercial mexicana en crear figura de defensor del oyente Modelo de negocio. Latin American Journalism Review by The Knight Center at The University of Texas at Austin.","breadcrumb":{"@id":"https:\/\/latamjournalismreview.org\/es\/articles\/mvs-radio-es-primera-emisora-comercial-mexicana-en-crear-figura-de-defensor-del-oyente\/#breadcrumb"},"inLanguage":"es","potentialAction":[{"@type":"ReadAction","target":["https:\/\/latamjournalismreview.org\/es\/articles\/mvs-radio-es-primera-emisora-comercial-mexicana-en-crear-figura-de-defensor-del-oyente\/"]}]},{"@type":"BreadcrumbList","@id":"https:\/\/latamjournalismreview.org\/es\/articles\/mvs-radio-es-primera-emisora-comercial-mexicana-en-crear-figura-de-defensor-del-oyente\/#breadcrumb","itemListElement":[{"@type":"ListItem","position":1,"name":"Home","item":"https:\/\/latamjournalismreview.org\/es\/"},{"@type":"ListItem","position":2,"name":"MVS Radio es primera emisora comercial mexicana en crear figura de defensor del oyente"}]},{"@type":"WebSite","@id":"https:\/\/latamjournalismreview.org\/es\/#website","url":"https:\/\/latamjournalismreview.org\/es\/","name":"LatAm Journalism Review","description":"Knight Center at The University of Texas","publisher":{"@id":"https:\/\/latamjournalismreview.org\/es\/#organization"},"potentialAction":[{"@type":"SearchAction","target":{"@type":"EntryPoint","urlTemplate":"https:\/\/latamjournalismreview.org\/es\/?s={search_term_string}"},"query-input":{"@type":"PropertyValueSpecification","valueRequired":true,"valueName":"search_term_string"}}],"inLanguage":"es"},{"@type":"Organization","@id":"https:\/\/latamjournalismreview.org\/es\/#organization","name":"LatAm Journalism Review","url":"https:\/\/latamjournalismreview.org\/es\/","logo":{"@type":"ImageObject","inLanguage":"es","@id":"https:\/\/latamjournalismreview.org\/es\/#\/schema\/logo\/image\/","url":"https:\/\/latamjournalismreview.org\/wp-content\/uploads\/2020\/05\/knight-latAm-review-logo.svg","contentUrl":"https:\/\/latamjournalismreview.org\/wp-content\/uploads\/2020\/05\/knight-latAm-review-logo.svg","width":"1024","height":"1024","caption":"LatAm Journalism Review"},"image":{"@id":"https:\/\/latamjournalismreview.org\/es\/#\/schema\/logo\/image\/"},"sameAs":["https:\/\/x.com\/LatAmJournalism"]},{"@type":"Person","@id":"https:\/\/latamjournalismreview.org\/es\/#\/schema\/person\/1746872e9af4abc45355e4a7a4ddcea5","name":"Monica Medel","url":"https:\/\/latamjournalismreview.org\/es\/articles\/author\/monica-medel\/"}]}},"_links":{"self":[{"href":"https:\/\/latamjournalismreview.org\/es\/wp-json\/wp\/v2\/posts\/58636","targetHints":{"allow":["GET"]}}],"collection":[{"href":"https:\/\/latamjournalismreview.org\/es\/wp-json\/wp\/v2\/posts"}],"about":[{"href":"https:\/\/latamjournalismreview.org\/es\/wp-json\/wp\/v2\/types\/post"}],"author":[{"embeddable":true,"href":"https:\/\/latamjournalismreview.org\/es\/wp-json\/wp\/v2\/users\/43"}],"replies":[{"embeddable":true,"href":"https:\/\/latamjournalismreview.org\/es\/wp-json\/wp\/v2\/comments?post=58636"}],"version-history":[{"count":1,"href":"https:\/\/latamjournalismreview.org\/es\/wp-json\/wp\/v2\/posts\/58636\/revisions"}],"predecessor-version":[{"id":58640,"href":"https:\/\/latamjournalismreview.org\/es\/wp-json\/wp\/v2\/posts\/58636\/revisions\/58640"}],"wp:attachment":[{"href":"https:\/\/latamjournalismreview.org\/es\/wp-json\/wp\/v2\/media?parent=58636"}],"wp:term":[{"taxonomy":"category","embeddable":true,"href":"https:\/\/latamjournalismreview.org\/es\/wp-json\/wp\/v2\/categories?post=58636"},{"taxonomy":"post_tag","embeddable":true,"href":"https:\/\/latamjournalismreview.org\/es\/wp-json\/wp\/v2\/tags?post=58636"},{"taxonomy":"author","embeddable":true,"href":"https:\/\/latamjournalismreview.org\/es\/wp-json\/wp\/v2\/coauthors?post=58636"}],"curies":[{"name":"wp","href":"https:\/\/api.w.org\/{rel}","templated":true}]}}