{"id":59535,"date":"2011-06-20T16:34:03","date_gmt":"2011-06-20T21:34:03","guid":{"rendered":"https:\/\/latamjournalismreview.org\/?p=59535"},"modified":"2022-06-28T16:36:36","modified_gmt":"2022-06-28T21:36:36","slug":"fotografos-de-12-paises-de-america-latina-ganan-premio-de-periodismo-visual","status":"publish","type":"post","link":"https:\/\/latamjournalismreview.org\/es\/articles\/fotografos-de-12-paises-de-america-latina-ganan-premio-de-periodismo-visual\/","title":{"rendered":"Fot\u00f3grafos de 12 pa\u00edses de Am\u00e9rica Latina ganan premio de periodismo visual"},"content":{"rendered":"<p><a href=\"http:\/\/www.poyi.org\/\">Fotos del A\u00f1o Internacional<\/a>\u00a0(POYi) y la red latinoamericana\u00a0<a href=\"http:\/\/www.nuestramirada.org\/\">Nuestra Mirada<\/a>\u00a0premiaron a 18 proyectos de periodismo visual en el\u00a0<a href=\"http:\/\/knightcenter.utexas.edu\/es\/nuevo-concurso-de-foto-para-america-latina-comenzara-aceptar-trabajos-el-24-de-enero\">primer concurso de periodismo visual POYi Internacional<\/a>. Los ganadores ser\u00e1n homenajeados en la Fiesta de la Imagen (Image Party) en\u00a0<a href=\"http:\/\/es.wikipedia.org\/wiki\/Cuenca_(Ecuador)\">Cuenca, Ecuador<\/a>, en julio.<\/p>\n<p>El\u00a0<a href=\"http:\/\/knightcenter.utexas.edu\/es\">Centro Knight para el Periodismo en las Am\u00e9ricas<\/a>\u00a0ayud\u00f3 a promover el evento.<\/p>\n<p>De acuerdo con POYi, los jueces evaluaron m\u00e1s de\u00a0<a href=\"http:\/\/www.poyi.org\/newlatino.php\">17,000 im\u00e1genes de 700 fot\u00f3grafos<\/a>, resaltando el trabajo de la peruana Gihan Tubbeh, quien gan\u00f3 el premio de Fot\u00f3grafo Latinoamericano del A\u00f1o.<\/p>\n<p>Otros que obtuvieron el primer lugar en\u00a0<a href=\"http:\/\/www.nuestramirada.org\/page\/premios-especiales\">\"Premios Especiales\"\u00a0<\/a>incluyen a la\u00a0<a href=\"http:\/\/www.sub.coop\/Inicio.php?locale=en\">Sub Cooperativa de Fot\u00f3grafos de Argentina<\/a>, ganadora del premio de Desarrollo Sostenible de AVANTI-Multitrabajos con un ensayo fotogr\u00e1fico sobre el potencial para cambios sociales de base; y el peruano Max Cabello, ganador del premio de identidad de Nuestra Mirada por la mejor \u201cnota c\u00e1ndida, sin posar, que refleje la experiencia humana, celebre la vida, o documente una tendencia cultural\u201d.<\/p>\n<p>Vea la lista de seleccionados y sus fotograf\u00edas ganadoras en la p\u00e1gina de\u00a0<a href=\"http:\/\/www.nuestramirada.org\/\">Nuestra Mirada<\/a>.<\/p>\n<p><em>Nota del editor: Esta historia fue publicada originalmente en el blog Periodismo en las Am\u00e9ricas del Centro Knight, el predecesor de LatAm Journalism Review.<\/em><\/p>\n","protected":false},"excerpt":{"rendered":"<p>Fotos del A\u00f1o Internacional\u00a0(POYi) y la red latinoamericana\u00a0Nuestra Mirada\u00a0premiaron a 18 proyectos de periodismo visual en el\u00a0primer concurso de periodismo visual POYi Internacional. Los ganadores ser\u00e1n homenajeados en la Fiesta de la Imagen (Image Party) en\u00a0Cuenca, Ecuador, en julio.<\/p>\n","protected":false},"author":22,"featured_media":0,"comment_status":"closed","ping_status":"closed","sticky":false,"template":"","format":"standard","meta":{"inline_featured_image":false,"footnotes":""},"categories":[1354],"tags":[1506,1428],"coauthors":[],"class_list":["post-59535","post","type-post","status-publish","format-standard","hentry","category-premios-y-oportunidades-es","tag-fotoperiodismo-es","tag-premios-es"],"acf":[],"yoast_head":"<!-- This site is optimized with the Yoast SEO Premium plugin v22.6 (Yoast SEO v27.4) - https:\/\/yoast.com\/product\/yoast-seo-premium-wordpress\/ -->\n<title>Fot\u00f3grafos de 12 pa\u00edses de Am\u00e9rica Latina ganan premio de periodismo visual - LatAm Journalism Review<\/title>\n<meta name=\"description\" content=\"Fot\u00f3grafos de 12 pa\u00edses de Am\u00e9rica Latina ganan premio de periodismo visual Premios y oportunidades. Latin American Journalism Review by The Knight Center at The University of Texas at Austin.\" \/>\n<meta name=\"robots\" content=\"index, follow, max-snippet:-1, max-image-preview:large, max-video-preview:-1\" \/>\n<link rel=\"canonical\" href=\"https:\/\/latamjournalismreview.org\/es\/articles\/fotografos-de-12-paises-de-america-latina-ganan-premio-de-periodismo-visual\/\" \/>\n<meta property=\"og:locale\" content=\"es_ES\" \/>\n<meta property=\"og:type\" content=\"article\" \/>\n<meta property=\"og:title\" content=\"Fot\u00f3grafos de 12 pa\u00edses de Am\u00e9rica Latina ganan premio de periodismo visual\" \/>\n<meta property=\"og:description\" content=\"Fot\u00f3grafos de 12 pa\u00edses de Am\u00e9rica Latina ganan premio de periodismo visual Premios y oportunidades. Latin American Journalism Review by The Knight Center at The University of Texas at Austin.\" \/>\n<meta property=\"og:url\" content=\"https:\/\/latamjournalismreview.org\/es\/articles\/fotografos-de-12-paises-de-america-latina-ganan-premio-de-periodismo-visual\/\" \/>\n<meta property=\"og:site_name\" content=\"LatAm Journalism Review\" \/>\n<meta property=\"article:published_time\" content=\"2011-06-20T21:34:03+00:00\" \/>\n<meta property=\"article:modified_time\" content=\"2022-06-28T21:36:36+00:00\" \/>\n<meta name=\"author\" content=\"Knight Center\" \/>\n<meta name=\"twitter:card\" content=\"summary_large_image\" \/>\n<meta name=\"twitter:creator\" content=\"@LatAmJournalism\" \/>\n<meta name=\"twitter:site\" content=\"@LatAmJournalism\" \/>\n<meta name=\"twitter:label1\" content=\"Written by\" \/>\n\t<meta name=\"twitter:data1\" content=\"Knight Center\" \/>\n\t<meta name=\"twitter:label2\" content=\"Est. reading time\" \/>\n\t<meta name=\"twitter:data2\" content=\"1 minuto\" \/>\n<script type=\"application\/ld+json\" class=\"yoast-schema-graph\">{\"@context\":\"https:\\\/\\\/schema.org\",\"@graph\":[{\"@type\":\"Article\",\"@id\":\"https:\\\/\\\/latamjournalismreview.org\\\/es\\\/articles\\\/fotografos-de-12-paises-de-america-latina-ganan-premio-de-periodismo-visual\\\/#article\",\"isPartOf\":{\"@id\":\"https:\\\/\\\/latamjournalismreview.org\\\/es\\\/articles\\\/fotografos-de-12-paises-de-america-latina-ganan-premio-de-periodismo-visual\\\/\"},\"author\":{\"name\":\"Knight Center\",\"@id\":\"https:\\\/\\\/latamjournalismreview.org\\\/es\\\/#\\\/schema\\\/person\\\/6c325fd0fef0cd167424c683e6577e19\"},\"headline\":\"Fot\u00f3grafos de 12 pa\u00edses de Am\u00e9rica Latina ganan premio de periodismo visual\",\"datePublished\":\"2011-06-20T21:34:03+00:00\",\"dateModified\":\"2022-06-28T21:36:36+00:00\",\"mainEntityOfPage\":{\"@id\":\"https:\\\/\\\/latamjournalismreview.org\\\/es\\\/articles\\\/fotografos-de-12-paises-de-america-latina-ganan-premio-de-periodismo-visual\\\/\"},\"wordCount\":224,\"publisher\":{\"@id\":\"https:\\\/\\\/latamjournalismreview.org\\\/es\\\/#organization\"},\"keywords\":[\"Fotoperiodismo\",\"Premios\"],\"articleSection\":[\"Premios y oportunidades\"],\"inLanguage\":\"es\"},{\"@type\":\"WebPage\",\"@id\":\"https:\\\/\\\/latamjournalismreview.org\\\/es\\\/articles\\\/fotografos-de-12-paises-de-america-latina-ganan-premio-de-periodismo-visual\\\/\",\"url\":\"https:\\\/\\\/latamjournalismreview.org\\\/es\\\/articles\\\/fotografos-de-12-paises-de-america-latina-ganan-premio-de-periodismo-visual\\\/\",\"name\":\"Fot\u00f3grafos de 12 pa\u00edses de Am\u00e9rica Latina ganan premio de periodismo visual - LatAm Journalism Review\",\"isPartOf\":{\"@id\":\"https:\\\/\\\/latamjournalismreview.org\\\/es\\\/#website\"},\"datePublished\":\"2011-06-20T21:34:03+00:00\",\"dateModified\":\"2022-06-28T21:36:36+00:00\",\"description\":\"Fot\u00f3grafos de 12 pa\u00edses de Am\u00e9rica Latina ganan premio de periodismo visual Premios y oportunidades. Latin American Journalism Review by The Knight Center at The University of Texas at Austin.\",\"breadcrumb\":{\"@id\":\"https:\\\/\\\/latamjournalismreview.org\\\/es\\\/articles\\\/fotografos-de-12-paises-de-america-latina-ganan-premio-de-periodismo-visual\\\/#breadcrumb\"},\"inLanguage\":\"es\",\"potentialAction\":[{\"@type\":\"ReadAction\",\"target\":[\"https:\\\/\\\/latamjournalismreview.org\\\/es\\\/articles\\\/fotografos-de-12-paises-de-america-latina-ganan-premio-de-periodismo-visual\\\/\"]}]},{\"@type\":\"BreadcrumbList\",\"@id\":\"https:\\\/\\\/latamjournalismreview.org\\\/es\\\/articles\\\/fotografos-de-12-paises-de-america-latina-ganan-premio-de-periodismo-visual\\\/#breadcrumb\",\"itemListElement\":[{\"@type\":\"ListItem\",\"position\":1,\"name\":\"Home\",\"item\":\"https:\\\/\\\/latamjournalismreview.org\\\/es\\\/\"},{\"@type\":\"ListItem\",\"position\":2,\"name\":\"Fot\u00f3grafos de 12 pa\u00edses de Am\u00e9rica Latina ganan premio de periodismo visual\"}]},{\"@type\":\"WebSite\",\"@id\":\"https:\\\/\\\/latamjournalismreview.org\\\/es\\\/#website\",\"url\":\"https:\\\/\\\/latamjournalismreview.org\\\/es\\\/\",\"name\":\"LatAm Journalism Review\",\"description\":\"Knight Center at The University of Texas\",\"publisher\":{\"@id\":\"https:\\\/\\\/latamjournalismreview.org\\\/es\\\/#organization\"},\"potentialAction\":[{\"@type\":\"SearchAction\",\"target\":{\"@type\":\"EntryPoint\",\"urlTemplate\":\"https:\\\/\\\/latamjournalismreview.org\\\/es\\\/?s={search_term_string}\"},\"query-input\":{\"@type\":\"PropertyValueSpecification\",\"valueRequired\":true,\"valueName\":\"search_term_string\"}}],\"inLanguage\":\"es\"},{\"@type\":\"Organization\",\"@id\":\"https:\\\/\\\/latamjournalismreview.org\\\/es\\\/#organization\",\"name\":\"LatAm Journalism Review\",\"url\":\"https:\\\/\\\/latamjournalismreview.org\\\/es\\\/\",\"logo\":{\"@type\":\"ImageObject\",\"inLanguage\":\"es\",\"@id\":\"https:\\\/\\\/latamjournalismreview.org\\\/es\\\/#\\\/schema\\\/logo\\\/image\\\/\",\"url\":\"https:\\\/\\\/latamjournalismreview.org\\\/wp-content\\\/uploads\\\/2020\\\/05\\\/knight-latAm-review-logo.svg\",\"contentUrl\":\"https:\\\/\\\/latamjournalismreview.org\\\/wp-content\\\/uploads\\\/2020\\\/05\\\/knight-latAm-review-logo.svg\",\"width\":\"1024\",\"height\":\"1024\",\"caption\":\"LatAm Journalism Review\"},\"image\":{\"@id\":\"https:\\\/\\\/latamjournalismreview.org\\\/es\\\/#\\\/schema\\\/logo\\\/image\\\/\"},\"sameAs\":[\"https:\\\/\\\/x.com\\\/LatAmJournalism\"]},{\"@type\":\"Person\",\"@id\":\"https:\\\/\\\/latamjournalismreview.org\\\/es\\\/#\\\/schema\\\/person\\\/6c325fd0fef0cd167424c683e6577e19\",\"name\":\"Knight Center\",\"url\":\"https:\\\/\\\/latamjournalismreview.org\\\/es\\\/articles\\\/author\\\/knight-center\\\/\"}]}<\/script>\n<!-- \/ Yoast SEO Premium plugin. -->","yoast_head_json":{"title":"Fot\u00f3grafos de 12 pa\u00edses de Am\u00e9rica Latina ganan premio de periodismo visual - LatAm Journalism Review","description":"Fot\u00f3grafos de 12 pa\u00edses de Am\u00e9rica Latina ganan premio de periodismo visual Premios y oportunidades. Latin American Journalism Review by The Knight Center at The University of Texas at Austin.","robots":{"index":"index","follow":"follow","max-snippet":"max-snippet:-1","max-image-preview":"max-image-preview:large","max-video-preview":"max-video-preview:-1"},"canonical":"https:\/\/latamjournalismreview.org\/es\/articles\/fotografos-de-12-paises-de-america-latina-ganan-premio-de-periodismo-visual\/","og_locale":"es_ES","og_type":"article","og_title":"Fot\u00f3grafos de 12 pa\u00edses de Am\u00e9rica Latina ganan premio de periodismo visual","og_description":"Fot\u00f3grafos de 12 pa\u00edses de Am\u00e9rica Latina ganan premio de periodismo visual Premios y oportunidades. Latin American Journalism Review by The Knight Center at The University of Texas at Austin.","og_url":"https:\/\/latamjournalismreview.org\/es\/articles\/fotografos-de-12-paises-de-america-latina-ganan-premio-de-periodismo-visual\/","og_site_name":"LatAm Journalism Review","article_published_time":"2011-06-20T21:34:03+00:00","article_modified_time":"2022-06-28T21:36:36+00:00","author":"Knight Center","twitter_card":"summary_large_image","twitter_creator":"@LatAmJournalism","twitter_site":"@LatAmJournalism","twitter_misc":{"Written by":"Knight Center","Est. reading time":"1 minuto"},"schema":{"@context":"https:\/\/schema.org","@graph":[{"@type":"Article","@id":"https:\/\/latamjournalismreview.org\/es\/articles\/fotografos-de-12-paises-de-america-latina-ganan-premio-de-periodismo-visual\/#article","isPartOf":{"@id":"https:\/\/latamjournalismreview.org\/es\/articles\/fotografos-de-12-paises-de-america-latina-ganan-premio-de-periodismo-visual\/"},"author":{"name":"Knight Center","@id":"https:\/\/latamjournalismreview.org\/es\/#\/schema\/person\/6c325fd0fef0cd167424c683e6577e19"},"headline":"Fot\u00f3grafos de 12 pa\u00edses de Am\u00e9rica Latina ganan premio de periodismo visual","datePublished":"2011-06-20T21:34:03+00:00","dateModified":"2022-06-28T21:36:36+00:00","mainEntityOfPage":{"@id":"https:\/\/latamjournalismreview.org\/es\/articles\/fotografos-de-12-paises-de-america-latina-ganan-premio-de-periodismo-visual\/"},"wordCount":224,"publisher":{"@id":"https:\/\/latamjournalismreview.org\/es\/#organization"},"keywords":["Fotoperiodismo","Premios"],"articleSection":["Premios y oportunidades"],"inLanguage":"es"},{"@type":"WebPage","@id":"https:\/\/latamjournalismreview.org\/es\/articles\/fotografos-de-12-paises-de-america-latina-ganan-premio-de-periodismo-visual\/","url":"https:\/\/latamjournalismreview.org\/es\/articles\/fotografos-de-12-paises-de-america-latina-ganan-premio-de-periodismo-visual\/","name":"Fot\u00f3grafos de 12 pa\u00edses de Am\u00e9rica Latina ganan premio de periodismo visual - LatAm Journalism Review","isPartOf":{"@id":"https:\/\/latamjournalismreview.org\/es\/#website"},"datePublished":"2011-06-20T21:34:03+00:00","dateModified":"2022-06-28T21:36:36+00:00","description":"Fot\u00f3grafos de 12 pa\u00edses de Am\u00e9rica Latina ganan premio de periodismo visual Premios y oportunidades. Latin American Journalism Review by The Knight Center at The University of Texas at Austin.","breadcrumb":{"@id":"https:\/\/latamjournalismreview.org\/es\/articles\/fotografos-de-12-paises-de-america-latina-ganan-premio-de-periodismo-visual\/#breadcrumb"},"inLanguage":"es","potentialAction":[{"@type":"ReadAction","target":["https:\/\/latamjournalismreview.org\/es\/articles\/fotografos-de-12-paises-de-america-latina-ganan-premio-de-periodismo-visual\/"]}]},{"@type":"BreadcrumbList","@id":"https:\/\/latamjournalismreview.org\/es\/articles\/fotografos-de-12-paises-de-america-latina-ganan-premio-de-periodismo-visual\/#breadcrumb","itemListElement":[{"@type":"ListItem","position":1,"name":"Home","item":"https:\/\/latamjournalismreview.org\/es\/"},{"@type":"ListItem","position":2,"name":"Fot\u00f3grafos de 12 pa\u00edses de Am\u00e9rica Latina ganan premio de periodismo visual"}]},{"@type":"WebSite","@id":"https:\/\/latamjournalismreview.org\/es\/#website","url":"https:\/\/latamjournalismreview.org\/es\/","name":"LatAm Journalism Review","description":"Knight Center at The University of Texas","publisher":{"@id":"https:\/\/latamjournalismreview.org\/es\/#organization"},"potentialAction":[{"@type":"SearchAction","target":{"@type":"EntryPoint","urlTemplate":"https:\/\/latamjournalismreview.org\/es\/?s={search_term_string}"},"query-input":{"@type":"PropertyValueSpecification","valueRequired":true,"valueName":"search_term_string"}}],"inLanguage":"es"},{"@type":"Organization","@id":"https:\/\/latamjournalismreview.org\/es\/#organization","name":"LatAm Journalism Review","url":"https:\/\/latamjournalismreview.org\/es\/","logo":{"@type":"ImageObject","inLanguage":"es","@id":"https:\/\/latamjournalismreview.org\/es\/#\/schema\/logo\/image\/","url":"https:\/\/latamjournalismreview.org\/wp-content\/uploads\/2020\/05\/knight-latAm-review-logo.svg","contentUrl":"https:\/\/latamjournalismreview.org\/wp-content\/uploads\/2020\/05\/knight-latAm-review-logo.svg","width":"1024","height":"1024","caption":"LatAm Journalism Review"},"image":{"@id":"https:\/\/latamjournalismreview.org\/es\/#\/schema\/logo\/image\/"},"sameAs":["https:\/\/x.com\/LatAmJournalism"]},{"@type":"Person","@id":"https:\/\/latamjournalismreview.org\/es\/#\/schema\/person\/6c325fd0fef0cd167424c683e6577e19","name":"Knight Center","url":"https:\/\/latamjournalismreview.org\/es\/articles\/author\/knight-center\/"}]}},"_links":{"self":[{"href":"https:\/\/latamjournalismreview.org\/es\/wp-json\/wp\/v2\/posts\/59535","targetHints":{"allow":["GET"]}}],"collection":[{"href":"https:\/\/latamjournalismreview.org\/es\/wp-json\/wp\/v2\/posts"}],"about":[{"href":"https:\/\/latamjournalismreview.org\/es\/wp-json\/wp\/v2\/types\/post"}],"author":[{"embeddable":true,"href":"https:\/\/latamjournalismreview.org\/es\/wp-json\/wp\/v2\/users\/22"}],"replies":[{"embeddable":true,"href":"https:\/\/latamjournalismreview.org\/es\/wp-json\/wp\/v2\/comments?post=59535"}],"version-history":[{"count":1,"href":"https:\/\/latamjournalismreview.org\/es\/wp-json\/wp\/v2\/posts\/59535\/revisions"}],"predecessor-version":[{"id":59540,"href":"https:\/\/latamjournalismreview.org\/es\/wp-json\/wp\/v2\/posts\/59535\/revisions\/59540"}],"wp:attachment":[{"href":"https:\/\/latamjournalismreview.org\/es\/wp-json\/wp\/v2\/media?parent=59535"}],"wp:term":[{"taxonomy":"category","embeddable":true,"href":"https:\/\/latamjournalismreview.org\/es\/wp-json\/wp\/v2\/categories?post=59535"},{"taxonomy":"post_tag","embeddable":true,"href":"https:\/\/latamjournalismreview.org\/es\/wp-json\/wp\/v2\/tags?post=59535"},{"taxonomy":"author","embeddable":true,"href":"https:\/\/latamjournalismreview.org\/es\/wp-json\/wp\/v2\/coauthors?post=59535"}],"curies":[{"name":"wp","href":"https:\/\/api.w.org\/{rel}","templated":true}]}}