{"id":59833,"date":"2011-06-27T16:32:58","date_gmt":"2011-06-27T21:32:58","guid":{"rendered":"https:\/\/latamjournalismreview.org\/?p=59833"},"modified":"2022-06-29T16:34:24","modified_gmt":"2022-06-29T21:34:24","slug":"equipo-de-tv-brasileno-es-agredido-por-aficionados-argentinos-del-futbol","status":"publish","type":"post","link":"https:\/\/latamjournalismreview.org\/es\/articles\/equipo-de-tv-brasileno-es-agredido-por-aficionados-argentinos-del-futbol\/","title":{"rendered":"Equipo de TV brasile\u00f1o es agredido por aficionados argentinos del f\u00fatbol"},"content":{"rendered":"<p>Profesionales del canal brasile\u00f1o\u00a0<a href=\"http:\/\/sportv.globo.com\/\">SporTV<\/a>\u00a0fueron\u00a0<a href=\"http:\/\/esportes.terra.com.br\/futebol\/noticias\/0,,OI5202973-EI16865,00.html\">agredidos por aficionados<\/a>\u00a0del club argentino\u00a0<a href=\"http:\/\/es.wikipedia.org\/wiki\/Club_Atl%C3%A9tico_River_Plate\">River Plate<\/a>, en Buenos Aires, luego de la derrota del equipo por 2 a 0 ante Belgrano, informa Terra.<\/p>\n<p>El reportero Victorino Chermont y el camar\u00f3grafo Diego Barral estaban en un restaurante dentro del estadio de River, el Monumental de N\u00fa\u00f1ez, acompa\u00f1ando a los hinchas cuando\u00a0<a href=\"http:\/\/sportv.globo.com\/site\/noticia\/2011\/06\/equipe-do-sportv-e-agredida-por-torcida-do-river-plate-na-argentina.html\">fueron agredidos por decenas de personas luego de que Belgrano hiciera el segundo gol<\/a>, de acuerdo a Sportv.<\/p>\n<p>Seg\u00fan Lancenet, los\u00a0<a href=\"http:\/\/www.lancenet.com.br\/minuto\/Equipe-Sportv-agredida-torcedores-River_0_504549759.html\">profesionales agredidos no sufrieron ninguna lesi\u00f3n grave<\/a>.<\/p>\n<p><em>Nota del editor: Esta historia fue publicada originalmente en el blog Periodismo en las Am\u00e9ricas del Centro Knight, el predecesor de LatAm Journalism Review.<\/em><\/p>\n","protected":false},"excerpt":{"rendered":"<p>Profesionales del canal brasile\u00f1o\u00a0SporTV\u00a0fueron\u00a0agredidos por aficionados\u00a0del club argentino\u00a0River Plate, en Buenos Aires, luego de la derrota del equipo por 2 a 0 ante Belgrano, informa Terra.<\/p>\n","protected":false},"author":42,"featured_media":0,"comment_status":"closed","ping_status":"closed","sticky":false,"template":"","format":"standard","meta":{"inline_featured_image":false,"footnotes":""},"categories":[1222],"tags":[1426],"coauthors":[],"class_list":["post-59833","post","type-post","status-publish","format-standard","hentry","category-violencia-contra-periodistas-es","tag-argentina-es"],"acf":[],"yoast_head":"<!-- This site is optimized with the Yoast SEO Premium plugin v22.6 (Yoast SEO v27.4) - https:\/\/yoast.com\/product\/yoast-seo-premium-wordpress\/ -->\n<title>Equipo de TV brasile\u00f1o es agredido por aficionados argentinos del f\u00fatbol - LatAm Journalism Review<\/title>\n<meta name=\"description\" content=\"Equipo de TV brasile\u00f1o es agredido por aficionados argentinos del f\u00fatbol Violencia contra periodistas. Latin American Journalism Review by The Knight Center at The University of Texas at Austin.\" \/>\n<meta name=\"robots\" content=\"index, follow, max-snippet:-1, max-image-preview:large, max-video-preview:-1\" \/>\n<link rel=\"canonical\" href=\"https:\/\/latamjournalismreview.org\/es\/articles\/equipo-de-tv-brasileno-es-agredido-por-aficionados-argentinos-del-futbol\/\" \/>\n<meta property=\"og:locale\" content=\"es_ES\" \/>\n<meta property=\"og:type\" content=\"article\" \/>\n<meta property=\"og:title\" content=\"Equipo de TV brasile\u00f1o es agredido por aficionados argentinos del f\u00fatbol\" \/>\n<meta property=\"og:description\" content=\"Equipo de TV brasile\u00f1o es agredido por aficionados argentinos del f\u00fatbol Violencia contra periodistas. Latin American Journalism Review by The Knight Center at The University of Texas at Austin.\" \/>\n<meta property=\"og:url\" content=\"https:\/\/latamjournalismreview.org\/es\/articles\/equipo-de-tv-brasileno-es-agredido-por-aficionados-argentinos-del-futbol\/\" \/>\n<meta property=\"og:site_name\" content=\"LatAm Journalism Review\" \/>\n<meta property=\"article:published_time\" content=\"2011-06-27T21:32:58+00:00\" \/>\n<meta property=\"article:modified_time\" content=\"2022-06-29T21:34:24+00:00\" \/>\n<meta name=\"author\" content=\"Natalia Mazotte\" \/>\n<meta name=\"twitter:card\" content=\"summary_large_image\" \/>\n<meta name=\"twitter:creator\" content=\"@LatAmJournalism\" \/>\n<meta name=\"twitter:site\" content=\"@LatAmJournalism\" \/>\n<meta name=\"twitter:label1\" content=\"Written by\" \/>\n\t<meta name=\"twitter:data1\" content=\"Natalia Mazotte\" \/>\n\t<meta name=\"twitter:label2\" content=\"Est. reading time\" \/>\n\t<meta name=\"twitter:data2\" content=\"1 minuto\" \/>\n<script type=\"application\/ld+json\" class=\"yoast-schema-graph\">{\"@context\":\"https:\\\/\\\/schema.org\",\"@graph\":[{\"@type\":\"Article\",\"@id\":\"https:\\\/\\\/latamjournalismreview.org\\\/es\\\/articles\\\/equipo-de-tv-brasileno-es-agredido-por-aficionados-argentinos-del-futbol\\\/#article\",\"isPartOf\":{\"@id\":\"https:\\\/\\\/latamjournalismreview.org\\\/es\\\/articles\\\/equipo-de-tv-brasileno-es-agredido-por-aficionados-argentinos-del-futbol\\\/\"},\"author\":{\"name\":\"Natalia Mazotte\",\"@id\":\"https:\\\/\\\/latamjournalismreview.org\\\/es\\\/#\\\/schema\\\/person\\\/747457e530d741a9d192f00c32c7f884\"},\"headline\":\"Equipo de TV brasile\u00f1o es agredido por aficionados argentinos del f\u00fatbol\",\"datePublished\":\"2011-06-27T21:32:58+00:00\",\"dateModified\":\"2022-06-29T21:34:24+00:00\",\"mainEntityOfPage\":{\"@id\":\"https:\\\/\\\/latamjournalismreview.org\\\/es\\\/articles\\\/equipo-de-tv-brasileno-es-agredido-por-aficionados-argentinos-del-futbol\\\/\"},\"wordCount\":128,\"publisher\":{\"@id\":\"https:\\\/\\\/latamjournalismreview.org\\\/es\\\/#organization\"},\"keywords\":[\"Argentina\"],\"articleSection\":[\"Violencia contra periodistas\"],\"inLanguage\":\"es\"},{\"@type\":\"WebPage\",\"@id\":\"https:\\\/\\\/latamjournalismreview.org\\\/es\\\/articles\\\/equipo-de-tv-brasileno-es-agredido-por-aficionados-argentinos-del-futbol\\\/\",\"url\":\"https:\\\/\\\/latamjournalismreview.org\\\/es\\\/articles\\\/equipo-de-tv-brasileno-es-agredido-por-aficionados-argentinos-del-futbol\\\/\",\"name\":\"Equipo de TV brasile\u00f1o es agredido por aficionados argentinos del f\u00fatbol - LatAm Journalism Review\",\"isPartOf\":{\"@id\":\"https:\\\/\\\/latamjournalismreview.org\\\/es\\\/#website\"},\"datePublished\":\"2011-06-27T21:32:58+00:00\",\"dateModified\":\"2022-06-29T21:34:24+00:00\",\"description\":\"Equipo de TV brasile\u00f1o es agredido por aficionados argentinos del f\u00fatbol Violencia contra periodistas. Latin American Journalism Review by The Knight Center at The University of Texas at Austin.\",\"breadcrumb\":{\"@id\":\"https:\\\/\\\/latamjournalismreview.org\\\/es\\\/articles\\\/equipo-de-tv-brasileno-es-agredido-por-aficionados-argentinos-del-futbol\\\/#breadcrumb\"},\"inLanguage\":\"es\",\"potentialAction\":[{\"@type\":\"ReadAction\",\"target\":[\"https:\\\/\\\/latamjournalismreview.org\\\/es\\\/articles\\\/equipo-de-tv-brasileno-es-agredido-por-aficionados-argentinos-del-futbol\\\/\"]}]},{\"@type\":\"BreadcrumbList\",\"@id\":\"https:\\\/\\\/latamjournalismreview.org\\\/es\\\/articles\\\/equipo-de-tv-brasileno-es-agredido-por-aficionados-argentinos-del-futbol\\\/#breadcrumb\",\"itemListElement\":[{\"@type\":\"ListItem\",\"position\":1,\"name\":\"Home\",\"item\":\"https:\\\/\\\/latamjournalismreview.org\\\/es\\\/\"},{\"@type\":\"ListItem\",\"position\":2,\"name\":\"Equipo de TV brasile\u00f1o es agredido por aficionados argentinos del f\u00fatbol\"}]},{\"@type\":\"WebSite\",\"@id\":\"https:\\\/\\\/latamjournalismreview.org\\\/es\\\/#website\",\"url\":\"https:\\\/\\\/latamjournalismreview.org\\\/es\\\/\",\"name\":\"LatAm Journalism Review\",\"description\":\"Knight Center at The University of Texas\",\"publisher\":{\"@id\":\"https:\\\/\\\/latamjournalismreview.org\\\/es\\\/#organization\"},\"potentialAction\":[{\"@type\":\"SearchAction\",\"target\":{\"@type\":\"EntryPoint\",\"urlTemplate\":\"https:\\\/\\\/latamjournalismreview.org\\\/es\\\/?s={search_term_string}\"},\"query-input\":{\"@type\":\"PropertyValueSpecification\",\"valueRequired\":true,\"valueName\":\"search_term_string\"}}],\"inLanguage\":\"es\"},{\"@type\":\"Organization\",\"@id\":\"https:\\\/\\\/latamjournalismreview.org\\\/es\\\/#organization\",\"name\":\"LatAm Journalism Review\",\"url\":\"https:\\\/\\\/latamjournalismreview.org\\\/es\\\/\",\"logo\":{\"@type\":\"ImageObject\",\"inLanguage\":\"es\",\"@id\":\"https:\\\/\\\/latamjournalismreview.org\\\/es\\\/#\\\/schema\\\/logo\\\/image\\\/\",\"url\":\"https:\\\/\\\/latamjournalismreview.org\\\/wp-content\\\/uploads\\\/2020\\\/05\\\/knight-latAm-review-logo.svg\",\"contentUrl\":\"https:\\\/\\\/latamjournalismreview.org\\\/wp-content\\\/uploads\\\/2020\\\/05\\\/knight-latAm-review-logo.svg\",\"width\":\"1024\",\"height\":\"1024\",\"caption\":\"LatAm Journalism Review\"},\"image\":{\"@id\":\"https:\\\/\\\/latamjournalismreview.org\\\/es\\\/#\\\/schema\\\/logo\\\/image\\\/\"},\"sameAs\":[\"https:\\\/\\\/x.com\\\/LatAmJournalism\"]},{\"@type\":\"Person\",\"@id\":\"https:\\\/\\\/latamjournalismreview.org\\\/es\\\/#\\\/schema\\\/person\\\/747457e530d741a9d192f00c32c7f884\",\"name\":\"Natalia Mazotte\",\"url\":\"https:\\\/\\\/latamjournalismreview.org\\\/es\\\/articles\\\/author\\\/natalia-mazotte\\\/\"}]}<\/script>\n<!-- \/ Yoast SEO Premium plugin. -->","yoast_head_json":{"title":"Equipo de TV brasile\u00f1o es agredido por aficionados argentinos del f\u00fatbol - LatAm Journalism Review","description":"Equipo de TV brasile\u00f1o es agredido por aficionados argentinos del f\u00fatbol Violencia contra periodistas. Latin American Journalism Review by The Knight Center at The University of Texas at Austin.","robots":{"index":"index","follow":"follow","max-snippet":"max-snippet:-1","max-image-preview":"max-image-preview:large","max-video-preview":"max-video-preview:-1"},"canonical":"https:\/\/latamjournalismreview.org\/es\/articles\/equipo-de-tv-brasileno-es-agredido-por-aficionados-argentinos-del-futbol\/","og_locale":"es_ES","og_type":"article","og_title":"Equipo de TV brasile\u00f1o es agredido por aficionados argentinos del f\u00fatbol","og_description":"Equipo de TV brasile\u00f1o es agredido por aficionados argentinos del f\u00fatbol Violencia contra periodistas. Latin American Journalism Review by The Knight Center at The University of Texas at Austin.","og_url":"https:\/\/latamjournalismreview.org\/es\/articles\/equipo-de-tv-brasileno-es-agredido-por-aficionados-argentinos-del-futbol\/","og_site_name":"LatAm Journalism Review","article_published_time":"2011-06-27T21:32:58+00:00","article_modified_time":"2022-06-29T21:34:24+00:00","author":"Natalia Mazotte","twitter_card":"summary_large_image","twitter_creator":"@LatAmJournalism","twitter_site":"@LatAmJournalism","twitter_misc":{"Written by":"Natalia Mazotte","Est. reading time":"1 minuto"},"schema":{"@context":"https:\/\/schema.org","@graph":[{"@type":"Article","@id":"https:\/\/latamjournalismreview.org\/es\/articles\/equipo-de-tv-brasileno-es-agredido-por-aficionados-argentinos-del-futbol\/#article","isPartOf":{"@id":"https:\/\/latamjournalismreview.org\/es\/articles\/equipo-de-tv-brasileno-es-agredido-por-aficionados-argentinos-del-futbol\/"},"author":{"name":"Natalia Mazotte","@id":"https:\/\/latamjournalismreview.org\/es\/#\/schema\/person\/747457e530d741a9d192f00c32c7f884"},"headline":"Equipo de TV brasile\u00f1o es agredido por aficionados argentinos del f\u00fatbol","datePublished":"2011-06-27T21:32:58+00:00","dateModified":"2022-06-29T21:34:24+00:00","mainEntityOfPage":{"@id":"https:\/\/latamjournalismreview.org\/es\/articles\/equipo-de-tv-brasileno-es-agredido-por-aficionados-argentinos-del-futbol\/"},"wordCount":128,"publisher":{"@id":"https:\/\/latamjournalismreview.org\/es\/#organization"},"keywords":["Argentina"],"articleSection":["Violencia contra periodistas"],"inLanguage":"es"},{"@type":"WebPage","@id":"https:\/\/latamjournalismreview.org\/es\/articles\/equipo-de-tv-brasileno-es-agredido-por-aficionados-argentinos-del-futbol\/","url":"https:\/\/latamjournalismreview.org\/es\/articles\/equipo-de-tv-brasileno-es-agredido-por-aficionados-argentinos-del-futbol\/","name":"Equipo de TV brasile\u00f1o es agredido por aficionados argentinos del f\u00fatbol - LatAm Journalism Review","isPartOf":{"@id":"https:\/\/latamjournalismreview.org\/es\/#website"},"datePublished":"2011-06-27T21:32:58+00:00","dateModified":"2022-06-29T21:34:24+00:00","description":"Equipo de TV brasile\u00f1o es agredido por aficionados argentinos del f\u00fatbol Violencia contra periodistas. Latin American Journalism Review by The Knight Center at The University of Texas at Austin.","breadcrumb":{"@id":"https:\/\/latamjournalismreview.org\/es\/articles\/equipo-de-tv-brasileno-es-agredido-por-aficionados-argentinos-del-futbol\/#breadcrumb"},"inLanguage":"es","potentialAction":[{"@type":"ReadAction","target":["https:\/\/latamjournalismreview.org\/es\/articles\/equipo-de-tv-brasileno-es-agredido-por-aficionados-argentinos-del-futbol\/"]}]},{"@type":"BreadcrumbList","@id":"https:\/\/latamjournalismreview.org\/es\/articles\/equipo-de-tv-brasileno-es-agredido-por-aficionados-argentinos-del-futbol\/#breadcrumb","itemListElement":[{"@type":"ListItem","position":1,"name":"Home","item":"https:\/\/latamjournalismreview.org\/es\/"},{"@type":"ListItem","position":2,"name":"Equipo de TV brasile\u00f1o es agredido por aficionados argentinos del f\u00fatbol"}]},{"@type":"WebSite","@id":"https:\/\/latamjournalismreview.org\/es\/#website","url":"https:\/\/latamjournalismreview.org\/es\/","name":"LatAm Journalism Review","description":"Knight Center at The University of Texas","publisher":{"@id":"https:\/\/latamjournalismreview.org\/es\/#organization"},"potentialAction":[{"@type":"SearchAction","target":{"@type":"EntryPoint","urlTemplate":"https:\/\/latamjournalismreview.org\/es\/?s={search_term_string}"},"query-input":{"@type":"PropertyValueSpecification","valueRequired":true,"valueName":"search_term_string"}}],"inLanguage":"es"},{"@type":"Organization","@id":"https:\/\/latamjournalismreview.org\/es\/#organization","name":"LatAm Journalism Review","url":"https:\/\/latamjournalismreview.org\/es\/","logo":{"@type":"ImageObject","inLanguage":"es","@id":"https:\/\/latamjournalismreview.org\/es\/#\/schema\/logo\/image\/","url":"https:\/\/latamjournalismreview.org\/wp-content\/uploads\/2020\/05\/knight-latAm-review-logo.svg","contentUrl":"https:\/\/latamjournalismreview.org\/wp-content\/uploads\/2020\/05\/knight-latAm-review-logo.svg","width":"1024","height":"1024","caption":"LatAm Journalism Review"},"image":{"@id":"https:\/\/latamjournalismreview.org\/es\/#\/schema\/logo\/image\/"},"sameAs":["https:\/\/x.com\/LatAmJournalism"]},{"@type":"Person","@id":"https:\/\/latamjournalismreview.org\/es\/#\/schema\/person\/747457e530d741a9d192f00c32c7f884","name":"Natalia Mazotte","url":"https:\/\/latamjournalismreview.org\/es\/articles\/author\/natalia-mazotte\/"}]}},"_links":{"self":[{"href":"https:\/\/latamjournalismreview.org\/es\/wp-json\/wp\/v2\/posts\/59833","targetHints":{"allow":["GET"]}}],"collection":[{"href":"https:\/\/latamjournalismreview.org\/es\/wp-json\/wp\/v2\/posts"}],"about":[{"href":"https:\/\/latamjournalismreview.org\/es\/wp-json\/wp\/v2\/types\/post"}],"author":[{"embeddable":true,"href":"https:\/\/latamjournalismreview.org\/es\/wp-json\/wp\/v2\/users\/42"}],"replies":[{"embeddable":true,"href":"https:\/\/latamjournalismreview.org\/es\/wp-json\/wp\/v2\/comments?post=59833"}],"version-history":[{"count":1,"href":"https:\/\/latamjournalismreview.org\/es\/wp-json\/wp\/v2\/posts\/59833\/revisions"}],"predecessor-version":[{"id":59835,"href":"https:\/\/latamjournalismreview.org\/es\/wp-json\/wp\/v2\/posts\/59833\/revisions\/59835"}],"wp:attachment":[{"href":"https:\/\/latamjournalismreview.org\/es\/wp-json\/wp\/v2\/media?parent=59833"}],"wp:term":[{"taxonomy":"category","embeddable":true,"href":"https:\/\/latamjournalismreview.org\/es\/wp-json\/wp\/v2\/categories?post=59833"},{"taxonomy":"post_tag","embeddable":true,"href":"https:\/\/latamjournalismreview.org\/es\/wp-json\/wp\/v2\/tags?post=59833"},{"taxonomy":"author","embeddable":true,"href":"https:\/\/latamjournalismreview.org\/es\/wp-json\/wp\/v2\/coauthors?post=59833"}],"curies":[{"name":"wp","href":"https:\/\/api.w.org\/{rel}","templated":true}]}}