{"id":60090,"date":"2011-07-05T18:19:03","date_gmt":"2011-07-05T23:19:03","guid":{"rendered":"https:\/\/latamjournalismreview.org\/?p=60090"},"modified":"2022-07-01T18:21:47","modified_gmt":"2022-07-01T23:21:47","slug":"escritor-y-periodista-es-asesinado-en-guatemala","status":"publish","type":"post","link":"https:\/\/latamjournalismreview.org\/es\/articles\/escritor-y-periodista-es-asesinado-en-guatemala\/","title":{"rendered":"Escritor y periodista es asesinado en Guatemala"},"content":{"rendered":"<p>El\u00a0<a href=\"http:\/\/www.prensalibre.com\/noticias\/justicia\/Asesinan-PNC-Raul-Manchame-Coatepeque_0_510549076.html\">escritor y periodista Jorge Arqu\u00edmides Mancham\u00e9 Palma fue asesinado<\/a>\u00a0en el municipio de\u00a0<a href=\"http:\/\/es.wikipedia.org\/wiki\/Esquipulas\">Esquipulas<\/a>, en el departamento de Chiquimula, al sureste de Guatemala, el domingo 3 de julio, inform\u00f3 Prensa Libre. Mancham\u00e9 es el segundo periodista en ser asesinado en Guatemala en menos de dos meses.<\/p>\n<p>Mancham\u00e9, de 70 a\u00f1os y padre del ex director de la Polic\u00eda Nacional Civil, Ra\u00fal Mancham\u00e9,\u00a0<a href=\"http:\/\/www.michiquimula.com\/2011\/07\/por-robarle-matan-en-esquipulas-al-poeta-jorge-arquimides-manchame-palma\/\">fue apu\u00f1alado en su casa, presumiblemente para robarle<\/a>, report\u00f3 michiquimula.com.<\/p>\n<p><a href=\"http:\/\/noticiaslaesfinge.blogspot.com\/\">Profesionales de prensa expresaron su consternaci\u00f3n por el homicidio<\/a>, mientras los vecinos exigieron al gobierno m\u00e1s seguridad en el municipio.<\/p>\n<p>Jorge Mancham\u00e9 hab\u00eda trabajado en su juventud en los peri\u00f3dicos Tiempo Nuevo y Faro Magisterial y actualmente se desempe\u00f1aba como corresponsal de radio Perla de Oriente y de Emisoras Unidas de Guatemala.<\/p>\n<p>Aunque el asesinato de periodistas en Guatemala no es com\u00fan, a mediados de mayo, el reportero y conductor\u00a0<a href=\"http:\/\/knightcenter.utexas.edu\/es\/blog\/encuentran-muerto-periodista-con-heridas-de-arma-blanca-en-guatemala\">Yensi Ord\u00f3\u00f1ez fue hallado muerto con heridas de arma blanca<\/a>\u00a0en Escuintla, tambi\u00e9n en el sur de Guatemala.<\/p>\n<p><em>Nota del editor: Esta historia fue publicada originalmente en el blog Periodismo en las Am\u00e9ricas del Centro Knight, el predecesor de LatAm Journalism Review.<\/em><\/p>\n","protected":false},"excerpt":{"rendered":"<p>El\u00a0escritor y periodista Jorge Arqu\u00edmides Mancham\u00e9 Palma fue asesinado\u00a0en el municipio de\u00a0Esquipulas, en el departamento de Chiquimula, al sureste de Guatemala, el domingo 3 de julio, inform\u00f3 Prensa Libre. Mancham\u00e9 es el segundo periodista en ser asesinado en Guatemala en menos de dos meses.<\/p>\n","protected":false},"author":43,"featured_media":0,"comment_status":"closed","ping_status":"closed","sticky":false,"template":"","format":"standard","meta":{"inline_featured_image":false,"footnotes":""},"categories":[1222],"tags":[1479,1459],"coauthors":[],"class_list":["post-60090","post","type-post","status-publish","format-standard","hentry","category-violencia-contra-periodistas-es","tag-asesinato-de-periodistas-es","tag-guatemala-es"],"acf":[],"yoast_head":"<!-- This site is optimized with the Yoast SEO Premium plugin v22.6 (Yoast SEO v27.4) - https:\/\/yoast.com\/product\/yoast-seo-premium-wordpress\/ -->\n<title>Escritor y periodista es asesinado en Guatemala - LatAm Journalism Review<\/title>\n<meta name=\"description\" content=\"Escritor y periodista es asesinado en Guatemala Violencia contra periodistas. Latin American Journalism Review by The Knight Center at The University of Texas at Austin.\" \/>\n<meta name=\"robots\" content=\"index, follow, max-snippet:-1, max-image-preview:large, max-video-preview:-1\" \/>\n<link rel=\"canonical\" href=\"https:\/\/latamjournalismreview.org\/es\/articles\/escritor-y-periodista-es-asesinado-en-guatemala\/\" \/>\n<meta property=\"og:locale\" content=\"es_ES\" \/>\n<meta property=\"og:type\" content=\"article\" \/>\n<meta property=\"og:title\" content=\"Escritor y periodista es asesinado en Guatemala\" \/>\n<meta property=\"og:description\" content=\"Escritor y periodista es asesinado en Guatemala Violencia contra periodistas. Latin American Journalism Review by The Knight Center at The University of Texas at Austin.\" \/>\n<meta property=\"og:url\" content=\"https:\/\/latamjournalismreview.org\/es\/articles\/escritor-y-periodista-es-asesinado-en-guatemala\/\" \/>\n<meta property=\"og:site_name\" content=\"LatAm Journalism Review\" \/>\n<meta property=\"article:published_time\" content=\"2011-07-05T23:19:03+00:00\" \/>\n<meta property=\"article:modified_time\" content=\"2022-07-01T23:21:47+00:00\" \/>\n<meta name=\"author\" content=\"Monica Medel\" \/>\n<meta name=\"twitter:card\" content=\"summary_large_image\" \/>\n<meta name=\"twitter:creator\" content=\"@LatAmJournalism\" \/>\n<meta name=\"twitter:site\" content=\"@LatAmJournalism\" \/>\n<meta name=\"twitter:label1\" content=\"Written by\" \/>\n\t<meta name=\"twitter:data1\" content=\"Monica Medel\" \/>\n\t<meta name=\"twitter:label2\" content=\"Est. reading time\" \/>\n\t<meta name=\"twitter:data2\" content=\"1 minuto\" \/>\n<script type=\"application\/ld+json\" class=\"yoast-schema-graph\">{\"@context\":\"https:\\\/\\\/schema.org\",\"@graph\":[{\"@type\":\"Article\",\"@id\":\"https:\\\/\\\/latamjournalismreview.org\\\/es\\\/articles\\\/escritor-y-periodista-es-asesinado-en-guatemala\\\/#article\",\"isPartOf\":{\"@id\":\"https:\\\/\\\/latamjournalismreview.org\\\/es\\\/articles\\\/escritor-y-periodista-es-asesinado-en-guatemala\\\/\"},\"author\":{\"name\":\"Monica Medel\",\"@id\":\"https:\\\/\\\/latamjournalismreview.org\\\/es\\\/#\\\/schema\\\/person\\\/1746872e9af4abc45355e4a7a4ddcea5\"},\"headline\":\"Escritor y periodista es asesinado en Guatemala\",\"datePublished\":\"2011-07-05T23:19:03+00:00\",\"dateModified\":\"2022-07-01T23:21:47+00:00\",\"mainEntityOfPage\":{\"@id\":\"https:\\\/\\\/latamjournalismreview.org\\\/es\\\/articles\\\/escritor-y-periodista-es-asesinado-en-guatemala\\\/\"},\"wordCount\":205,\"publisher\":{\"@id\":\"https:\\\/\\\/latamjournalismreview.org\\\/es\\\/#organization\"},\"keywords\":[\"Asesinato de periodista\",\"Guatemala\"],\"articleSection\":[\"Violencia contra periodistas\"],\"inLanguage\":\"es\"},{\"@type\":\"WebPage\",\"@id\":\"https:\\\/\\\/latamjournalismreview.org\\\/es\\\/articles\\\/escritor-y-periodista-es-asesinado-en-guatemala\\\/\",\"url\":\"https:\\\/\\\/latamjournalismreview.org\\\/es\\\/articles\\\/escritor-y-periodista-es-asesinado-en-guatemala\\\/\",\"name\":\"Escritor y periodista es asesinado en Guatemala - LatAm Journalism Review\",\"isPartOf\":{\"@id\":\"https:\\\/\\\/latamjournalismreview.org\\\/es\\\/#website\"},\"datePublished\":\"2011-07-05T23:19:03+00:00\",\"dateModified\":\"2022-07-01T23:21:47+00:00\",\"description\":\"Escritor y periodista es asesinado en Guatemala Violencia contra periodistas. Latin American Journalism Review by The Knight Center at The University of Texas at Austin.\",\"breadcrumb\":{\"@id\":\"https:\\\/\\\/latamjournalismreview.org\\\/es\\\/articles\\\/escritor-y-periodista-es-asesinado-en-guatemala\\\/#breadcrumb\"},\"inLanguage\":\"es\",\"potentialAction\":[{\"@type\":\"ReadAction\",\"target\":[\"https:\\\/\\\/latamjournalismreview.org\\\/es\\\/articles\\\/escritor-y-periodista-es-asesinado-en-guatemala\\\/\"]}]},{\"@type\":\"BreadcrumbList\",\"@id\":\"https:\\\/\\\/latamjournalismreview.org\\\/es\\\/articles\\\/escritor-y-periodista-es-asesinado-en-guatemala\\\/#breadcrumb\",\"itemListElement\":[{\"@type\":\"ListItem\",\"position\":1,\"name\":\"Home\",\"item\":\"https:\\\/\\\/latamjournalismreview.org\\\/es\\\/\"},{\"@type\":\"ListItem\",\"position\":2,\"name\":\"Escritor y periodista es asesinado en Guatemala\"}]},{\"@type\":\"WebSite\",\"@id\":\"https:\\\/\\\/latamjournalismreview.org\\\/es\\\/#website\",\"url\":\"https:\\\/\\\/latamjournalismreview.org\\\/es\\\/\",\"name\":\"LatAm Journalism Review\",\"description\":\"Knight Center at The University of Texas\",\"publisher\":{\"@id\":\"https:\\\/\\\/latamjournalismreview.org\\\/es\\\/#organization\"},\"potentialAction\":[{\"@type\":\"SearchAction\",\"target\":{\"@type\":\"EntryPoint\",\"urlTemplate\":\"https:\\\/\\\/latamjournalismreview.org\\\/es\\\/?s={search_term_string}\"},\"query-input\":{\"@type\":\"PropertyValueSpecification\",\"valueRequired\":true,\"valueName\":\"search_term_string\"}}],\"inLanguage\":\"es\"},{\"@type\":\"Organization\",\"@id\":\"https:\\\/\\\/latamjournalismreview.org\\\/es\\\/#organization\",\"name\":\"LatAm Journalism Review\",\"url\":\"https:\\\/\\\/latamjournalismreview.org\\\/es\\\/\",\"logo\":{\"@type\":\"ImageObject\",\"inLanguage\":\"es\",\"@id\":\"https:\\\/\\\/latamjournalismreview.org\\\/es\\\/#\\\/schema\\\/logo\\\/image\\\/\",\"url\":\"https:\\\/\\\/latamjournalismreview.org\\\/wp-content\\\/uploads\\\/2020\\\/05\\\/knight-latAm-review-logo.svg\",\"contentUrl\":\"https:\\\/\\\/latamjournalismreview.org\\\/wp-content\\\/uploads\\\/2020\\\/05\\\/knight-latAm-review-logo.svg\",\"width\":\"1024\",\"height\":\"1024\",\"caption\":\"LatAm Journalism Review\"},\"image\":{\"@id\":\"https:\\\/\\\/latamjournalismreview.org\\\/es\\\/#\\\/schema\\\/logo\\\/image\\\/\"},\"sameAs\":[\"https:\\\/\\\/x.com\\\/LatAmJournalism\"]},{\"@type\":\"Person\",\"@id\":\"https:\\\/\\\/latamjournalismreview.org\\\/es\\\/#\\\/schema\\\/person\\\/1746872e9af4abc45355e4a7a4ddcea5\",\"name\":\"Monica Medel\",\"url\":\"https:\\\/\\\/latamjournalismreview.org\\\/es\\\/articles\\\/author\\\/monica-medel\\\/\"}]}<\/script>\n<!-- \/ Yoast SEO Premium plugin. -->","yoast_head_json":{"title":"Escritor y periodista es asesinado en Guatemala - LatAm Journalism Review","description":"Escritor y periodista es asesinado en Guatemala Violencia contra periodistas. Latin American Journalism Review by The Knight Center at The University of Texas at Austin.","robots":{"index":"index","follow":"follow","max-snippet":"max-snippet:-1","max-image-preview":"max-image-preview:large","max-video-preview":"max-video-preview:-1"},"canonical":"https:\/\/latamjournalismreview.org\/es\/articles\/escritor-y-periodista-es-asesinado-en-guatemala\/","og_locale":"es_ES","og_type":"article","og_title":"Escritor y periodista es asesinado en Guatemala","og_description":"Escritor y periodista es asesinado en Guatemala Violencia contra periodistas. Latin American Journalism Review by The Knight Center at The University of Texas at Austin.","og_url":"https:\/\/latamjournalismreview.org\/es\/articles\/escritor-y-periodista-es-asesinado-en-guatemala\/","og_site_name":"LatAm Journalism Review","article_published_time":"2011-07-05T23:19:03+00:00","article_modified_time":"2022-07-01T23:21:47+00:00","author":"Monica Medel","twitter_card":"summary_large_image","twitter_creator":"@LatAmJournalism","twitter_site":"@LatAmJournalism","twitter_misc":{"Written by":"Monica Medel","Est. reading time":"1 minuto"},"schema":{"@context":"https:\/\/schema.org","@graph":[{"@type":"Article","@id":"https:\/\/latamjournalismreview.org\/es\/articles\/escritor-y-periodista-es-asesinado-en-guatemala\/#article","isPartOf":{"@id":"https:\/\/latamjournalismreview.org\/es\/articles\/escritor-y-periodista-es-asesinado-en-guatemala\/"},"author":{"name":"Monica Medel","@id":"https:\/\/latamjournalismreview.org\/es\/#\/schema\/person\/1746872e9af4abc45355e4a7a4ddcea5"},"headline":"Escritor y periodista es asesinado en Guatemala","datePublished":"2011-07-05T23:19:03+00:00","dateModified":"2022-07-01T23:21:47+00:00","mainEntityOfPage":{"@id":"https:\/\/latamjournalismreview.org\/es\/articles\/escritor-y-periodista-es-asesinado-en-guatemala\/"},"wordCount":205,"publisher":{"@id":"https:\/\/latamjournalismreview.org\/es\/#organization"},"keywords":["Asesinato de periodista","Guatemala"],"articleSection":["Violencia contra periodistas"],"inLanguage":"es"},{"@type":"WebPage","@id":"https:\/\/latamjournalismreview.org\/es\/articles\/escritor-y-periodista-es-asesinado-en-guatemala\/","url":"https:\/\/latamjournalismreview.org\/es\/articles\/escritor-y-periodista-es-asesinado-en-guatemala\/","name":"Escritor y periodista es asesinado en Guatemala - LatAm Journalism Review","isPartOf":{"@id":"https:\/\/latamjournalismreview.org\/es\/#website"},"datePublished":"2011-07-05T23:19:03+00:00","dateModified":"2022-07-01T23:21:47+00:00","description":"Escritor y periodista es asesinado en Guatemala Violencia contra periodistas. Latin American Journalism Review by The Knight Center at The University of Texas at Austin.","breadcrumb":{"@id":"https:\/\/latamjournalismreview.org\/es\/articles\/escritor-y-periodista-es-asesinado-en-guatemala\/#breadcrumb"},"inLanguage":"es","potentialAction":[{"@type":"ReadAction","target":["https:\/\/latamjournalismreview.org\/es\/articles\/escritor-y-periodista-es-asesinado-en-guatemala\/"]}]},{"@type":"BreadcrumbList","@id":"https:\/\/latamjournalismreview.org\/es\/articles\/escritor-y-periodista-es-asesinado-en-guatemala\/#breadcrumb","itemListElement":[{"@type":"ListItem","position":1,"name":"Home","item":"https:\/\/latamjournalismreview.org\/es\/"},{"@type":"ListItem","position":2,"name":"Escritor y periodista es asesinado en Guatemala"}]},{"@type":"WebSite","@id":"https:\/\/latamjournalismreview.org\/es\/#website","url":"https:\/\/latamjournalismreview.org\/es\/","name":"LatAm Journalism Review","description":"Knight Center at The University of Texas","publisher":{"@id":"https:\/\/latamjournalismreview.org\/es\/#organization"},"potentialAction":[{"@type":"SearchAction","target":{"@type":"EntryPoint","urlTemplate":"https:\/\/latamjournalismreview.org\/es\/?s={search_term_string}"},"query-input":{"@type":"PropertyValueSpecification","valueRequired":true,"valueName":"search_term_string"}}],"inLanguage":"es"},{"@type":"Organization","@id":"https:\/\/latamjournalismreview.org\/es\/#organization","name":"LatAm Journalism Review","url":"https:\/\/latamjournalismreview.org\/es\/","logo":{"@type":"ImageObject","inLanguage":"es","@id":"https:\/\/latamjournalismreview.org\/es\/#\/schema\/logo\/image\/","url":"https:\/\/latamjournalismreview.org\/wp-content\/uploads\/2020\/05\/knight-latAm-review-logo.svg","contentUrl":"https:\/\/latamjournalismreview.org\/wp-content\/uploads\/2020\/05\/knight-latAm-review-logo.svg","width":"1024","height":"1024","caption":"LatAm Journalism Review"},"image":{"@id":"https:\/\/latamjournalismreview.org\/es\/#\/schema\/logo\/image\/"},"sameAs":["https:\/\/x.com\/LatAmJournalism"]},{"@type":"Person","@id":"https:\/\/latamjournalismreview.org\/es\/#\/schema\/person\/1746872e9af4abc45355e4a7a4ddcea5","name":"Monica Medel","url":"https:\/\/latamjournalismreview.org\/es\/articles\/author\/monica-medel\/"}]}},"_links":{"self":[{"href":"https:\/\/latamjournalismreview.org\/es\/wp-json\/wp\/v2\/posts\/60090","targetHints":{"allow":["GET"]}}],"collection":[{"href":"https:\/\/latamjournalismreview.org\/es\/wp-json\/wp\/v2\/posts"}],"about":[{"href":"https:\/\/latamjournalismreview.org\/es\/wp-json\/wp\/v2\/types\/post"}],"author":[{"embeddable":true,"href":"https:\/\/latamjournalismreview.org\/es\/wp-json\/wp\/v2\/users\/43"}],"replies":[{"embeddable":true,"href":"https:\/\/latamjournalismreview.org\/es\/wp-json\/wp\/v2\/comments?post=60090"}],"version-history":[{"count":1,"href":"https:\/\/latamjournalismreview.org\/es\/wp-json\/wp\/v2\/posts\/60090\/revisions"}],"predecessor-version":[{"id":60095,"href":"https:\/\/latamjournalismreview.org\/es\/wp-json\/wp\/v2\/posts\/60090\/revisions\/60095"}],"wp:attachment":[{"href":"https:\/\/latamjournalismreview.org\/es\/wp-json\/wp\/v2\/media?parent=60090"}],"wp:term":[{"taxonomy":"category","embeddable":true,"href":"https:\/\/latamjournalismreview.org\/es\/wp-json\/wp\/v2\/categories?post=60090"},{"taxonomy":"post_tag","embeddable":true,"href":"https:\/\/latamjournalismreview.org\/es\/wp-json\/wp\/v2\/tags?post=60090"},{"taxonomy":"author","embeddable":true,"href":"https:\/\/latamjournalismreview.org\/es\/wp-json\/wp\/v2\/coauthors?post=60090"}],"curies":[{"name":"wp","href":"https:\/\/api.w.org\/{rel}","templated":true}]}}