{"id":60680,"date":"2010-12-06T12:18:49","date_gmt":"2010-12-06T17:18:49","guid":{"rendered":"https:\/\/latamjournalismreview.org\/?p=60680"},"modified":"2022-07-07T12:21:14","modified_gmt":"2022-07-07T17:21:14","slug":"periodista-de-alcaldia-colombiana-enfrenta-proceso-disciplinario-por-comentarios-en-facebook","status":"publish","type":"post","link":"https:\/\/latamjournalismreview.org\/es\/articles\/periodista-de-alcaldia-colombiana-enfrenta-proceso-disciplinario-por-comentarios-en-facebook\/","title":{"rendered":"Periodista de alcald\u00eda colombiana enfrenta proceso disciplinario por comentarios en Facebook"},"content":{"rendered":"<p><em>Por Ingrid Bachmann<br \/>\n<\/em><\/p>\n<p><a href=\"http:\/\/www.wradio.com.co\/oir.aspx?id=1349671\">Edwin Echeverry<\/a>\u00a0es parte del equipo de comunicaciones de la\u00a0<a href=\"http:\/\/www.medellin.gov.co\/irj\/portal\/medellin\">alcald\u00eda de Medell\u00edn<\/a>\u00a0y, seg\u00fan denunci\u00f3 la Federaci\u00f3n Colombiana de Periodistas (Fecolper),\u00a0<a href=\"http:\/\/www.fipcolombia.com\/noticiaAmpliar.php?noticia=5526\">enfrenta un \u201cverdadero calvario laboral\u201d por criticar en su perfil en Facebook los costos de un espect\u00e1culo pirot\u00e9cnico contratado por la ciudad<\/a>\u00a0para celebrar el Bicentenario en julio pasado.<\/p>\n<p>El comunicado de Fecolper explica que el periodista est\u00e1 acusado de usar informaci\u00f3n reservada \u2014el costo del espect\u00e1culo\u2014 para hacer su comentario, que los datos usados en su cr\u00edtica constituyen un delito de calumnia y que el periodista particip\u00f3 en pol\u00edtica al discutir en una red social sobre la administraci\u00f3n municipal. Fecolper rechaz\u00f3 cada uno de los cargos. \u201c<a href=\"http:\/\/libretadeapuntes.com\/investigan-a-periodista-por-opinar-en-facebook\">Nos enfrentamos a un descarado acoso laboral<\/a>\u201d, dijo el presidente del organismo.<\/p>\n<p>La Asociaci\u00f3n de Periodismo de Antioquia tambi\u00e9n expres\u00f3 su preocupaci\u00f3n por la situaci\u00f3n de Echeverry.<\/p>\n<p><em><span data-sheets-value=\"{&quot;1&quot;:2,&quot;2&quot;:&quot;Nota del editor: Esta historia fue publicada originalmente en el blog Periodismo en las Am\u00e9ricas del Centro Knight, el predecesor de LatAm Journalism Review.&quot;}\" data-sheets-userformat=\"{&quot;2&quot;:14754,&quot;4&quot;:{&quot;1&quot;:2,&quot;2&quot;:16777215},&quot;8&quot;:{&quot;1&quot;:[{&quot;1&quot;:2,&quot;2&quot;:0,&quot;5&quot;:{&quot;1&quot;:0}},{&quot;1&quot;:0,&quot;2&quot;:0,&quot;3&quot;:3},{&quot;1&quot;:1,&quot;2&quot;:0,&quot;4&quot;:1}]},&quot;10&quot;:2,&quot;11&quot;:0,&quot;14&quot;:{&quot;1&quot;:2,&quot;2&quot;:3358536},&quot;15&quot;:&quot;Arial&quot;,&quot;16&quot;:11}\">Nota del editor: Esta historia fue publicada originalmente en el blog Periodismo en las Am\u00e9ricas del Centro Knight, el predecesor de LatAm Journalism Review.<\/span><\/em><\/p>\n","protected":false},"excerpt":{"rendered":"<p>Edwin Echeverry\u00a0es parte del equipo de comunicaciones de la\u00a0alcald\u00eda de Medell\u00edn\u00a0y, seg\u00fan denunci\u00f3 la Federaci\u00f3n Colombiana de Periodistas (Fecolper),\u00a0enfrenta un \u201cverdadero calvario laboral\u201d por criticar en su perfil en Facebook los costos de un espect\u00e1culo pirot\u00e9cnico contratado por la ciudad\u00a0para celebrar el Bicentenario en julio pasado.<\/p>\n","protected":false},"author":17,"featured_media":0,"comment_status":"closed","ping_status":"closed","sticky":false,"template":"","format":"standard","meta":{"inline_featured_image":false,"footnotes":""},"categories":[1220],"tags":[1395],"coauthors":[],"class_list":["post-60680","post","type-post","status-publish","format-standard","hentry","category-libertad-de-prensa-es","tag-colombia-es-2"],"acf":[],"yoast_head":"<!-- This site is optimized with the Yoast SEO Premium plugin v22.6 (Yoast SEO v27.4) - https:\/\/yoast.com\/product\/yoast-seo-premium-wordpress\/ -->\n<title>Periodista de alcald\u00eda colombiana enfrenta proceso disciplinario por comentarios en Facebook - LatAm Journalism Review<\/title>\n<meta name=\"description\" content=\"Periodista de alcald\u00eda colombiana enfrenta proceso disciplinario por comentarios en Facebook Libertad de prensa. Latin American Journalism Review by The Knight Center at The University of Texas at Austin.\" \/>\n<meta name=\"robots\" content=\"index, follow, max-snippet:-1, max-image-preview:large, max-video-preview:-1\" \/>\n<link rel=\"canonical\" href=\"https:\/\/latamjournalismreview.org\/es\/articles\/periodista-de-alcaldia-colombiana-enfrenta-proceso-disciplinario-por-comentarios-en-facebook\/\" \/>\n<meta property=\"og:locale\" content=\"es_ES\" \/>\n<meta property=\"og:type\" content=\"article\" \/>\n<meta property=\"og:title\" content=\"Periodista de alcald\u00eda colombiana enfrenta proceso disciplinario por comentarios en Facebook\" \/>\n<meta property=\"og:description\" content=\"Periodista de alcald\u00eda colombiana enfrenta proceso disciplinario por comentarios en Facebook Libertad de prensa. Latin American Journalism Review by The Knight Center at The University of Texas at Austin.\" \/>\n<meta property=\"og:url\" content=\"https:\/\/latamjournalismreview.org\/es\/articles\/periodista-de-alcaldia-colombiana-enfrenta-proceso-disciplinario-por-comentarios-en-facebook\/\" \/>\n<meta property=\"og:site_name\" content=\"LatAm Journalism Review\" \/>\n<meta property=\"article:published_time\" content=\"2010-12-06T17:18:49+00:00\" \/>\n<meta property=\"article:modified_time\" content=\"2022-07-07T17:21:14+00:00\" \/>\n<meta name=\"author\" content=\"Guest\" \/>\n<meta name=\"twitter:card\" content=\"summary_large_image\" \/>\n<meta name=\"twitter:creator\" content=\"@LatAmJournalism\" \/>\n<meta name=\"twitter:site\" content=\"@LatAmJournalism\" \/>\n<meta name=\"twitter:label1\" content=\"Written by\" \/>\n\t<meta name=\"twitter:data1\" content=\"Guest\" \/>\n\t<meta name=\"twitter:label2\" content=\"Est. reading time\" \/>\n\t<meta name=\"twitter:data2\" content=\"1 minuto\" \/>\n<script type=\"application\/ld+json\" class=\"yoast-schema-graph\">{\"@context\":\"https:\\\/\\\/schema.org\",\"@graph\":[{\"@type\":\"Article\",\"@id\":\"https:\\\/\\\/latamjournalismreview.org\\\/es\\\/articles\\\/periodista-de-alcaldia-colombiana-enfrenta-proceso-disciplinario-por-comentarios-en-facebook\\\/#article\",\"isPartOf\":{\"@id\":\"https:\\\/\\\/latamjournalismreview.org\\\/es\\\/articles\\\/periodista-de-alcaldia-colombiana-enfrenta-proceso-disciplinario-por-comentarios-en-facebook\\\/\"},\"author\":{\"name\":\"Guest\",\"@id\":\"https:\\\/\\\/latamjournalismreview.org\\\/es\\\/#\\\/schema\\\/person\\\/0315202e0b3c0963a2440f1c3012c360\"},\"headline\":\"Periodista de alcald\u00eda colombiana enfrenta proceso disciplinario por comentarios en Facebook\",\"datePublished\":\"2010-12-06T17:18:49+00:00\",\"dateModified\":\"2022-07-07T17:21:14+00:00\",\"mainEntityOfPage\":{\"@id\":\"https:\\\/\\\/latamjournalismreview.org\\\/es\\\/articles\\\/periodista-de-alcaldia-colombiana-enfrenta-proceso-disciplinario-por-comentarios-en-facebook\\\/\"},\"wordCount\":191,\"publisher\":{\"@id\":\"https:\\\/\\\/latamjournalismreview.org\\\/es\\\/#organization\"},\"keywords\":[\"Colombia\"],\"articleSection\":[\"Libertad de prensa\"],\"inLanguage\":\"es\"},{\"@type\":\"WebPage\",\"@id\":\"https:\\\/\\\/latamjournalismreview.org\\\/es\\\/articles\\\/periodista-de-alcaldia-colombiana-enfrenta-proceso-disciplinario-por-comentarios-en-facebook\\\/\",\"url\":\"https:\\\/\\\/latamjournalismreview.org\\\/es\\\/articles\\\/periodista-de-alcaldia-colombiana-enfrenta-proceso-disciplinario-por-comentarios-en-facebook\\\/\",\"name\":\"Periodista de alcald\u00eda colombiana enfrenta proceso disciplinario por comentarios en Facebook - LatAm Journalism Review\",\"isPartOf\":{\"@id\":\"https:\\\/\\\/latamjournalismreview.org\\\/es\\\/#website\"},\"datePublished\":\"2010-12-06T17:18:49+00:00\",\"dateModified\":\"2022-07-07T17:21:14+00:00\",\"description\":\"Periodista de alcald\u00eda colombiana enfrenta proceso disciplinario por comentarios en Facebook Libertad de prensa. Latin American Journalism Review by The Knight Center at The University of Texas at Austin.\",\"breadcrumb\":{\"@id\":\"https:\\\/\\\/latamjournalismreview.org\\\/es\\\/articles\\\/periodista-de-alcaldia-colombiana-enfrenta-proceso-disciplinario-por-comentarios-en-facebook\\\/#breadcrumb\"},\"inLanguage\":\"es\",\"potentialAction\":[{\"@type\":\"ReadAction\",\"target\":[\"https:\\\/\\\/latamjournalismreview.org\\\/es\\\/articles\\\/periodista-de-alcaldia-colombiana-enfrenta-proceso-disciplinario-por-comentarios-en-facebook\\\/\"]}]},{\"@type\":\"BreadcrumbList\",\"@id\":\"https:\\\/\\\/latamjournalismreview.org\\\/es\\\/articles\\\/periodista-de-alcaldia-colombiana-enfrenta-proceso-disciplinario-por-comentarios-en-facebook\\\/#breadcrumb\",\"itemListElement\":[{\"@type\":\"ListItem\",\"position\":1,\"name\":\"Home\",\"item\":\"https:\\\/\\\/latamjournalismreview.org\\\/es\\\/\"},{\"@type\":\"ListItem\",\"position\":2,\"name\":\"Periodista de alcald\u00eda colombiana enfrenta proceso disciplinario por comentarios en Facebook\"}]},{\"@type\":\"WebSite\",\"@id\":\"https:\\\/\\\/latamjournalismreview.org\\\/es\\\/#website\",\"url\":\"https:\\\/\\\/latamjournalismreview.org\\\/es\\\/\",\"name\":\"LatAm Journalism Review\",\"description\":\"Knight Center at The University of Texas\",\"publisher\":{\"@id\":\"https:\\\/\\\/latamjournalismreview.org\\\/es\\\/#organization\"},\"potentialAction\":[{\"@type\":\"SearchAction\",\"target\":{\"@type\":\"EntryPoint\",\"urlTemplate\":\"https:\\\/\\\/latamjournalismreview.org\\\/es\\\/?s={search_term_string}\"},\"query-input\":{\"@type\":\"PropertyValueSpecification\",\"valueRequired\":true,\"valueName\":\"search_term_string\"}}],\"inLanguage\":\"es\"},{\"@type\":\"Organization\",\"@id\":\"https:\\\/\\\/latamjournalismreview.org\\\/es\\\/#organization\",\"name\":\"LatAm Journalism Review\",\"url\":\"https:\\\/\\\/latamjournalismreview.org\\\/es\\\/\",\"logo\":{\"@type\":\"ImageObject\",\"inLanguage\":\"es\",\"@id\":\"https:\\\/\\\/latamjournalismreview.org\\\/es\\\/#\\\/schema\\\/logo\\\/image\\\/\",\"url\":\"https:\\\/\\\/latamjournalismreview.org\\\/wp-content\\\/uploads\\\/2020\\\/05\\\/knight-latAm-review-logo.svg\",\"contentUrl\":\"https:\\\/\\\/latamjournalismreview.org\\\/wp-content\\\/uploads\\\/2020\\\/05\\\/knight-latAm-review-logo.svg\",\"width\":\"1024\",\"height\":\"1024\",\"caption\":\"LatAm Journalism Review\"},\"image\":{\"@id\":\"https:\\\/\\\/latamjournalismreview.org\\\/es\\\/#\\\/schema\\\/logo\\\/image\\\/\"},\"sameAs\":[\"https:\\\/\\\/x.com\\\/LatAmJournalism\"]},{\"@type\":\"Person\",\"@id\":\"https:\\\/\\\/latamjournalismreview.org\\\/es\\\/#\\\/schema\\\/person\\\/0315202e0b3c0963a2440f1c3012c360\",\"name\":\"Guest\",\"url\":\"https:\\\/\\\/latamjournalismreview.org\\\/es\\\/articles\\\/author\\\/guest\\\/\"}]}<\/script>\n<!-- \/ Yoast SEO Premium plugin. -->","yoast_head_json":{"title":"Periodista de alcald\u00eda colombiana enfrenta proceso disciplinario por comentarios en Facebook - LatAm Journalism Review","description":"Periodista de alcald\u00eda colombiana enfrenta proceso disciplinario por comentarios en Facebook Libertad de prensa. Latin American Journalism Review by The Knight Center at The University of Texas at Austin.","robots":{"index":"index","follow":"follow","max-snippet":"max-snippet:-1","max-image-preview":"max-image-preview:large","max-video-preview":"max-video-preview:-1"},"canonical":"https:\/\/latamjournalismreview.org\/es\/articles\/periodista-de-alcaldia-colombiana-enfrenta-proceso-disciplinario-por-comentarios-en-facebook\/","og_locale":"es_ES","og_type":"article","og_title":"Periodista de alcald\u00eda colombiana enfrenta proceso disciplinario por comentarios en Facebook","og_description":"Periodista de alcald\u00eda colombiana enfrenta proceso disciplinario por comentarios en Facebook Libertad de prensa. Latin American Journalism Review by The Knight Center at The University of Texas at Austin.","og_url":"https:\/\/latamjournalismreview.org\/es\/articles\/periodista-de-alcaldia-colombiana-enfrenta-proceso-disciplinario-por-comentarios-en-facebook\/","og_site_name":"LatAm Journalism Review","article_published_time":"2010-12-06T17:18:49+00:00","article_modified_time":"2022-07-07T17:21:14+00:00","author":"Guest","twitter_card":"summary_large_image","twitter_creator":"@LatAmJournalism","twitter_site":"@LatAmJournalism","twitter_misc":{"Written by":"Guest","Est. reading time":"1 minuto"},"schema":{"@context":"https:\/\/schema.org","@graph":[{"@type":"Article","@id":"https:\/\/latamjournalismreview.org\/es\/articles\/periodista-de-alcaldia-colombiana-enfrenta-proceso-disciplinario-por-comentarios-en-facebook\/#article","isPartOf":{"@id":"https:\/\/latamjournalismreview.org\/es\/articles\/periodista-de-alcaldia-colombiana-enfrenta-proceso-disciplinario-por-comentarios-en-facebook\/"},"author":{"name":"Guest","@id":"https:\/\/latamjournalismreview.org\/es\/#\/schema\/person\/0315202e0b3c0963a2440f1c3012c360"},"headline":"Periodista de alcald\u00eda colombiana enfrenta proceso disciplinario por comentarios en Facebook","datePublished":"2010-12-06T17:18:49+00:00","dateModified":"2022-07-07T17:21:14+00:00","mainEntityOfPage":{"@id":"https:\/\/latamjournalismreview.org\/es\/articles\/periodista-de-alcaldia-colombiana-enfrenta-proceso-disciplinario-por-comentarios-en-facebook\/"},"wordCount":191,"publisher":{"@id":"https:\/\/latamjournalismreview.org\/es\/#organization"},"keywords":["Colombia"],"articleSection":["Libertad de prensa"],"inLanguage":"es"},{"@type":"WebPage","@id":"https:\/\/latamjournalismreview.org\/es\/articles\/periodista-de-alcaldia-colombiana-enfrenta-proceso-disciplinario-por-comentarios-en-facebook\/","url":"https:\/\/latamjournalismreview.org\/es\/articles\/periodista-de-alcaldia-colombiana-enfrenta-proceso-disciplinario-por-comentarios-en-facebook\/","name":"Periodista de alcald\u00eda colombiana enfrenta proceso disciplinario por comentarios en Facebook - LatAm Journalism Review","isPartOf":{"@id":"https:\/\/latamjournalismreview.org\/es\/#website"},"datePublished":"2010-12-06T17:18:49+00:00","dateModified":"2022-07-07T17:21:14+00:00","description":"Periodista de alcald\u00eda colombiana enfrenta proceso disciplinario por comentarios en Facebook Libertad de prensa. Latin American Journalism Review by The Knight Center at The University of Texas at Austin.","breadcrumb":{"@id":"https:\/\/latamjournalismreview.org\/es\/articles\/periodista-de-alcaldia-colombiana-enfrenta-proceso-disciplinario-por-comentarios-en-facebook\/#breadcrumb"},"inLanguage":"es","potentialAction":[{"@type":"ReadAction","target":["https:\/\/latamjournalismreview.org\/es\/articles\/periodista-de-alcaldia-colombiana-enfrenta-proceso-disciplinario-por-comentarios-en-facebook\/"]}]},{"@type":"BreadcrumbList","@id":"https:\/\/latamjournalismreview.org\/es\/articles\/periodista-de-alcaldia-colombiana-enfrenta-proceso-disciplinario-por-comentarios-en-facebook\/#breadcrumb","itemListElement":[{"@type":"ListItem","position":1,"name":"Home","item":"https:\/\/latamjournalismreview.org\/es\/"},{"@type":"ListItem","position":2,"name":"Periodista de alcald\u00eda colombiana enfrenta proceso disciplinario por comentarios en Facebook"}]},{"@type":"WebSite","@id":"https:\/\/latamjournalismreview.org\/es\/#website","url":"https:\/\/latamjournalismreview.org\/es\/","name":"LatAm Journalism Review","description":"Knight Center at The University of Texas","publisher":{"@id":"https:\/\/latamjournalismreview.org\/es\/#organization"},"potentialAction":[{"@type":"SearchAction","target":{"@type":"EntryPoint","urlTemplate":"https:\/\/latamjournalismreview.org\/es\/?s={search_term_string}"},"query-input":{"@type":"PropertyValueSpecification","valueRequired":true,"valueName":"search_term_string"}}],"inLanguage":"es"},{"@type":"Organization","@id":"https:\/\/latamjournalismreview.org\/es\/#organization","name":"LatAm Journalism Review","url":"https:\/\/latamjournalismreview.org\/es\/","logo":{"@type":"ImageObject","inLanguage":"es","@id":"https:\/\/latamjournalismreview.org\/es\/#\/schema\/logo\/image\/","url":"https:\/\/latamjournalismreview.org\/wp-content\/uploads\/2020\/05\/knight-latAm-review-logo.svg","contentUrl":"https:\/\/latamjournalismreview.org\/wp-content\/uploads\/2020\/05\/knight-latAm-review-logo.svg","width":"1024","height":"1024","caption":"LatAm Journalism Review"},"image":{"@id":"https:\/\/latamjournalismreview.org\/es\/#\/schema\/logo\/image\/"},"sameAs":["https:\/\/x.com\/LatAmJournalism"]},{"@type":"Person","@id":"https:\/\/latamjournalismreview.org\/es\/#\/schema\/person\/0315202e0b3c0963a2440f1c3012c360","name":"Guest","url":"https:\/\/latamjournalismreview.org\/es\/articles\/author\/guest\/"}]}},"_links":{"self":[{"href":"https:\/\/latamjournalismreview.org\/es\/wp-json\/wp\/v2\/posts\/60680","targetHints":{"allow":["GET"]}}],"collection":[{"href":"https:\/\/latamjournalismreview.org\/es\/wp-json\/wp\/v2\/posts"}],"about":[{"href":"https:\/\/latamjournalismreview.org\/es\/wp-json\/wp\/v2\/types\/post"}],"author":[{"embeddable":true,"href":"https:\/\/latamjournalismreview.org\/es\/wp-json\/wp\/v2\/users\/17"}],"replies":[{"embeddable":true,"href":"https:\/\/latamjournalismreview.org\/es\/wp-json\/wp\/v2\/comments?post=60680"}],"version-history":[{"count":1,"href":"https:\/\/latamjournalismreview.org\/es\/wp-json\/wp\/v2\/posts\/60680\/revisions"}],"predecessor-version":[{"id":60685,"href":"https:\/\/latamjournalismreview.org\/es\/wp-json\/wp\/v2\/posts\/60680\/revisions\/60685"}],"wp:attachment":[{"href":"https:\/\/latamjournalismreview.org\/es\/wp-json\/wp\/v2\/media?parent=60680"}],"wp:term":[{"taxonomy":"category","embeddable":true,"href":"https:\/\/latamjournalismreview.org\/es\/wp-json\/wp\/v2\/categories?post=60680"},{"taxonomy":"post_tag","embeddable":true,"href":"https:\/\/latamjournalismreview.org\/es\/wp-json\/wp\/v2\/tags?post=60680"},{"taxonomy":"author","embeddable":true,"href":"https:\/\/latamjournalismreview.org\/es\/wp-json\/wp\/v2\/coauthors?post=60680"}],"curies":[{"name":"wp","href":"https:\/\/api.w.org\/{rel}","templated":true}]}}