{"id":60838,"date":"2010-12-13T11:53:06","date_gmt":"2010-12-13T16:53:06","guid":{"rendered":"https:\/\/latamjournalismreview.org\/?p=60838"},"modified":"2022-07-08T11:56:22","modified_gmt":"2022-07-08T16:56:22","slug":"comentarios-del-presidente-frenan-discusion-de-nueva-ley-de-medios-audiovisuales-en-uruguay","status":"publish","type":"post","link":"https:\/\/latamjournalismreview.org\/es\/articles\/comentarios-del-presidente-frenan-discusion-de-nueva-ley-de-medios-audiovisuales-en-uruguay\/","title":{"rendered":"Comentarios del presidente frenan discusi\u00f3n de nueva ley de medios audiovisuales en Uruguay"},"content":{"rendered":"<p><em>Por Maira Magro<br \/>\n<\/em><\/p>\n<p>Una comisi\u00f3n de expertos convocada para elaborar el anteproyecto de una Ley de Servicios de Comunicaci\u00f3n Audiovisual en Uruguay entreg\u00f3 su\u00a0<a href=\"http:\/\/www.prensa-latina.cu\/index.php?option=com_content&amp;task=view&amp;id=246139&amp;Itemid=1\">informe final<\/a>\u00a0al Ministerio de Industria, el 10 de diciembre, informaron la agencia de noticias Prensa Latina y el\u00a0<a href=\"http:\/\/www.elpais.com.uy\/101211\/pnacio-534640\/nacional\/industria-apoya-ley-de-medios\">diario El Pa\u00eds<\/a>. El proyecto ser\u00eda presentado al presidente Jos\u00e9 Mujica en el segundo semestre de 2011.<\/p>\n<p>Sin embargo, la discusi\u00f3n podr\u00eda quedar paralizada tras los comentarios de Mujica de que\u00a0<a href=\"http:\/\/knightcenter.utexas.edu\/es\/blog\/presidente-de-uruguay-dice-que-no-hay-proyecto-de-ley-de-prensa-y-si-lo-hubiera-lo-tiraria-la-b\">tirar\u00eda a la basura una eventual propuesta sobre el asunto<\/a>, y que la\u00a0<a href=\"http:\/\/knightcenter.utexas.edu\/es\/blog\/mejor-ley-de-prensa-es-la-que-no-existe-afirma-presidente-de-uruguay\">\u201cmejor ley de prensa es la que no existe\u201d<\/a>.<\/p>\n<p>Despu\u00e9s de las declaraciones del mandatario, el secretario de la Presidencia de la Rep\u00fablica, Alberto Breccia, afirm\u00f3 que la elaboraci\u00f3n de una\u00a0<a href=\"http:\/\/www.ultimasnoticias.com.uy\/editoriales\/ed111210E2.html\">ley de medios fue postergada por decisi\u00f3n del mandatario<\/a>, reportaron \u00daltimas Noticias y el\u00a0<a href=\"http:\/\/www.180.com.uy\/articulo\/15668_Mujica-paro-el-proceso-para-una-ley-de-medios\">sitio 180<\/a>. La actitud de Mujica fue criticada por los peri\u00f3dicos El Pa\u00eds y La Rep\u00fablica en\u00a0<a href=\"http:\/\/www.elpais.com.uy\/101213\/predit-534993\/editorial\/ley-de-medios\">una editorial<\/a>\u00a0y un\u00a0<a href=\"http:\/\/www.larepublica.com.uy\/contratapa\/434399-querido-pepe-aqui-esta-tu-papelera\">art\u00edculo de opini\u00f3n<\/a>, respectivamente.<\/p>\n<p>Seg\u00fan Prensa Latina, el informe del llamado Comit\u00e9 T\u00e9cnico Consultivo, que reuni\u00f3 a acad\u00e9micos, integrantes de la sociedad civil y de los propios medios, aborda temas como la diversidad y la transparencia, adem\u00e1s de la promoci\u00f3n de la responsabilidad social de los servicios de comunicaci\u00f3n y el fomento de contenidos nacionales que difundan el patrimonio cultural y la diversidad local y nacional.<\/p>\n<p>Vea\u00a0<a href=\"http:\/\/www.consultapublica.info\/index.php?option=com_content&amp;view=article&amp;id=72&amp;Itemid=151\">un resumen del informe final del Comit\u00e9 T\u00e9cnico Consultivo<\/a>\u00a0o un documento de PDF con el\u00a0<a href=\"http:\/\/164.73.168.210\/conspublica\/images\/stories\/documents\/Informe_final_CTC.pdf\">informe completo en espa\u00f1ol<\/a>.<\/p>\n<p><em>Nota del editor: Esta historia fue publicada originalmente en el blog Periodismo en las Am\u00e9ricas del Centro Knight, el predecesor de LatAm Journalism Review.<\/em><\/p>\n","protected":false},"excerpt":{"rendered":"<p>Una comisi\u00f3n de expertos convocada para elaborar el anteproyecto de una Ley de Servicios de Comunicaci\u00f3n Audiovisual en Uruguay entreg\u00f3 su\u00a0informe final\u00a0al Ministerio de Industria, el 10 de diciembre, informaron la agencia de noticias Prensa Latina y el\u00a0diario El Pa\u00eds. El proyecto ser\u00eda presentado al presidente Jos\u00e9 Mujica en el segundo semestre de 2011.<\/p>\n","protected":false},"author":17,"featured_media":0,"comment_status":"closed","ping_status":"closed","sticky":false,"template":"","format":"standard","meta":{"inline_featured_image":false,"footnotes":""},"categories":[1220],"tags":[1483,1382],"coauthors":[],"class_list":["post-60838","post","type-post","status-publish","format-standard","hentry","category-libertad-de-prensa-es","tag-legislacion-es","tag-uruguay-es"],"acf":[],"yoast_head":"<!-- This site is optimized with the Yoast SEO Premium plugin v22.6 (Yoast SEO v27.4) - https:\/\/yoast.com\/product\/yoast-seo-premium-wordpress\/ -->\n<title>Comentarios del presidente frenan discusi\u00f3n de nueva ley de medios audiovisuales en Uruguay - LatAm Journalism Review<\/title>\n<meta name=\"description\" content=\"Comentarios del presidente frenan discusi\u00f3n de nueva ley de medios audiovisuales en Uruguay Libertad de prensa. Latin American Journalism Review by The Knight Center at The University of Texas at Austin.\" \/>\n<meta name=\"robots\" content=\"index, follow, max-snippet:-1, max-image-preview:large, max-video-preview:-1\" \/>\n<link rel=\"canonical\" href=\"https:\/\/latamjournalismreview.org\/es\/articles\/comentarios-del-presidente-frenan-discusion-de-nueva-ley-de-medios-audiovisuales-en-uruguay\/\" \/>\n<meta property=\"og:locale\" content=\"es_ES\" \/>\n<meta property=\"og:type\" content=\"article\" \/>\n<meta property=\"og:title\" content=\"Comentarios del presidente frenan discusi\u00f3n de nueva ley de medios audiovisuales en Uruguay\" \/>\n<meta property=\"og:description\" content=\"Comentarios del presidente frenan discusi\u00f3n de nueva ley de medios audiovisuales en Uruguay Libertad de prensa. Latin American Journalism Review by The Knight Center at The University of Texas at Austin.\" \/>\n<meta property=\"og:url\" content=\"https:\/\/latamjournalismreview.org\/es\/articles\/comentarios-del-presidente-frenan-discusion-de-nueva-ley-de-medios-audiovisuales-en-uruguay\/\" \/>\n<meta property=\"og:site_name\" content=\"LatAm Journalism Review\" \/>\n<meta property=\"article:published_time\" content=\"2010-12-13T16:53:06+00:00\" \/>\n<meta property=\"article:modified_time\" content=\"2022-07-08T16:56:22+00:00\" \/>\n<meta name=\"author\" content=\"Guest\" \/>\n<meta name=\"twitter:card\" content=\"summary_large_image\" \/>\n<meta name=\"twitter:creator\" content=\"@LatAmJournalism\" \/>\n<meta name=\"twitter:site\" content=\"@LatAmJournalism\" \/>\n<meta name=\"twitter:label1\" content=\"Written by\" \/>\n\t<meta name=\"twitter:data1\" content=\"Guest\" \/>\n\t<meta name=\"twitter:label2\" content=\"Est. reading time\" \/>\n\t<meta name=\"twitter:data2\" content=\"1 minuto\" \/>\n<script type=\"application\/ld+json\" class=\"yoast-schema-graph\">{\"@context\":\"https:\\\/\\\/schema.org\",\"@graph\":[{\"@type\":\"Article\",\"@id\":\"https:\\\/\\\/latamjournalismreview.org\\\/es\\\/articles\\\/comentarios-del-presidente-frenan-discusion-de-nueva-ley-de-medios-audiovisuales-en-uruguay\\\/#article\",\"isPartOf\":{\"@id\":\"https:\\\/\\\/latamjournalismreview.org\\\/es\\\/articles\\\/comentarios-del-presidente-frenan-discusion-de-nueva-ley-de-medios-audiovisuales-en-uruguay\\\/\"},\"author\":{\"name\":\"Guest\",\"@id\":\"https:\\\/\\\/latamjournalismreview.org\\\/es\\\/#\\\/schema\\\/person\\\/0315202e0b3c0963a2440f1c3012c360\"},\"headline\":\"Comentarios del presidente frenan discusi\u00f3n de nueva ley de medios audiovisuales en Uruguay\",\"datePublished\":\"2010-12-13T16:53:06+00:00\",\"dateModified\":\"2022-07-08T16:56:22+00:00\",\"mainEntityOfPage\":{\"@id\":\"https:\\\/\\\/latamjournalismreview.org\\\/es\\\/articles\\\/comentarios-del-presidente-frenan-discusion-de-nueva-ley-de-medios-audiovisuales-en-uruguay\\\/\"},\"wordCount\":300,\"publisher\":{\"@id\":\"https:\\\/\\\/latamjournalismreview.org\\\/es\\\/#organization\"},\"keywords\":[\"Legislaci\u00f3n\",\"Uruguay\"],\"articleSection\":[\"Libertad de prensa\"],\"inLanguage\":\"es\"},{\"@type\":\"WebPage\",\"@id\":\"https:\\\/\\\/latamjournalismreview.org\\\/es\\\/articles\\\/comentarios-del-presidente-frenan-discusion-de-nueva-ley-de-medios-audiovisuales-en-uruguay\\\/\",\"url\":\"https:\\\/\\\/latamjournalismreview.org\\\/es\\\/articles\\\/comentarios-del-presidente-frenan-discusion-de-nueva-ley-de-medios-audiovisuales-en-uruguay\\\/\",\"name\":\"Comentarios del presidente frenan discusi\u00f3n de nueva ley de medios audiovisuales en Uruguay - LatAm Journalism Review\",\"isPartOf\":{\"@id\":\"https:\\\/\\\/latamjournalismreview.org\\\/es\\\/#website\"},\"datePublished\":\"2010-12-13T16:53:06+00:00\",\"dateModified\":\"2022-07-08T16:56:22+00:00\",\"description\":\"Comentarios del presidente frenan discusi\u00f3n de nueva ley de medios audiovisuales en Uruguay Libertad de prensa. Latin American Journalism Review by The Knight Center at The University of Texas at Austin.\",\"breadcrumb\":{\"@id\":\"https:\\\/\\\/latamjournalismreview.org\\\/es\\\/articles\\\/comentarios-del-presidente-frenan-discusion-de-nueva-ley-de-medios-audiovisuales-en-uruguay\\\/#breadcrumb\"},\"inLanguage\":\"es\",\"potentialAction\":[{\"@type\":\"ReadAction\",\"target\":[\"https:\\\/\\\/latamjournalismreview.org\\\/es\\\/articles\\\/comentarios-del-presidente-frenan-discusion-de-nueva-ley-de-medios-audiovisuales-en-uruguay\\\/\"]}]},{\"@type\":\"BreadcrumbList\",\"@id\":\"https:\\\/\\\/latamjournalismreview.org\\\/es\\\/articles\\\/comentarios-del-presidente-frenan-discusion-de-nueva-ley-de-medios-audiovisuales-en-uruguay\\\/#breadcrumb\",\"itemListElement\":[{\"@type\":\"ListItem\",\"position\":1,\"name\":\"Home\",\"item\":\"https:\\\/\\\/latamjournalismreview.org\\\/es\\\/\"},{\"@type\":\"ListItem\",\"position\":2,\"name\":\"Comentarios del presidente frenan discusi\u00f3n de nueva ley de medios audiovisuales en Uruguay\"}]},{\"@type\":\"WebSite\",\"@id\":\"https:\\\/\\\/latamjournalismreview.org\\\/es\\\/#website\",\"url\":\"https:\\\/\\\/latamjournalismreview.org\\\/es\\\/\",\"name\":\"LatAm Journalism Review\",\"description\":\"Knight Center at The University of Texas\",\"publisher\":{\"@id\":\"https:\\\/\\\/latamjournalismreview.org\\\/es\\\/#organization\"},\"potentialAction\":[{\"@type\":\"SearchAction\",\"target\":{\"@type\":\"EntryPoint\",\"urlTemplate\":\"https:\\\/\\\/latamjournalismreview.org\\\/es\\\/?s={search_term_string}\"},\"query-input\":{\"@type\":\"PropertyValueSpecification\",\"valueRequired\":true,\"valueName\":\"search_term_string\"}}],\"inLanguage\":\"es\"},{\"@type\":\"Organization\",\"@id\":\"https:\\\/\\\/latamjournalismreview.org\\\/es\\\/#organization\",\"name\":\"LatAm Journalism Review\",\"url\":\"https:\\\/\\\/latamjournalismreview.org\\\/es\\\/\",\"logo\":{\"@type\":\"ImageObject\",\"inLanguage\":\"es\",\"@id\":\"https:\\\/\\\/latamjournalismreview.org\\\/es\\\/#\\\/schema\\\/logo\\\/image\\\/\",\"url\":\"https:\\\/\\\/latamjournalismreview.org\\\/wp-content\\\/uploads\\\/2020\\\/05\\\/knight-latAm-review-logo.svg\",\"contentUrl\":\"https:\\\/\\\/latamjournalismreview.org\\\/wp-content\\\/uploads\\\/2020\\\/05\\\/knight-latAm-review-logo.svg\",\"width\":\"1024\",\"height\":\"1024\",\"caption\":\"LatAm Journalism Review\"},\"image\":{\"@id\":\"https:\\\/\\\/latamjournalismreview.org\\\/es\\\/#\\\/schema\\\/logo\\\/image\\\/\"},\"sameAs\":[\"https:\\\/\\\/x.com\\\/LatAmJournalism\"]},{\"@type\":\"Person\",\"@id\":\"https:\\\/\\\/latamjournalismreview.org\\\/es\\\/#\\\/schema\\\/person\\\/0315202e0b3c0963a2440f1c3012c360\",\"name\":\"Guest\",\"url\":\"https:\\\/\\\/latamjournalismreview.org\\\/es\\\/articles\\\/author\\\/guest\\\/\"}]}<\/script>\n<!-- \/ Yoast SEO Premium plugin. -->","yoast_head_json":{"title":"Comentarios del presidente frenan discusi\u00f3n de nueva ley de medios audiovisuales en Uruguay - LatAm Journalism Review","description":"Comentarios del presidente frenan discusi\u00f3n de nueva ley de medios audiovisuales en Uruguay Libertad de prensa. Latin American Journalism Review by The Knight Center at The University of Texas at Austin.","robots":{"index":"index","follow":"follow","max-snippet":"max-snippet:-1","max-image-preview":"max-image-preview:large","max-video-preview":"max-video-preview:-1"},"canonical":"https:\/\/latamjournalismreview.org\/es\/articles\/comentarios-del-presidente-frenan-discusion-de-nueva-ley-de-medios-audiovisuales-en-uruguay\/","og_locale":"es_ES","og_type":"article","og_title":"Comentarios del presidente frenan discusi\u00f3n de nueva ley de medios audiovisuales en Uruguay","og_description":"Comentarios del presidente frenan discusi\u00f3n de nueva ley de medios audiovisuales en Uruguay Libertad de prensa. Latin American Journalism Review by The Knight Center at The University of Texas at Austin.","og_url":"https:\/\/latamjournalismreview.org\/es\/articles\/comentarios-del-presidente-frenan-discusion-de-nueva-ley-de-medios-audiovisuales-en-uruguay\/","og_site_name":"LatAm Journalism Review","article_published_time":"2010-12-13T16:53:06+00:00","article_modified_time":"2022-07-08T16:56:22+00:00","author":"Guest","twitter_card":"summary_large_image","twitter_creator":"@LatAmJournalism","twitter_site":"@LatAmJournalism","twitter_misc":{"Written by":"Guest","Est. reading time":"1 minuto"},"schema":{"@context":"https:\/\/schema.org","@graph":[{"@type":"Article","@id":"https:\/\/latamjournalismreview.org\/es\/articles\/comentarios-del-presidente-frenan-discusion-de-nueva-ley-de-medios-audiovisuales-en-uruguay\/#article","isPartOf":{"@id":"https:\/\/latamjournalismreview.org\/es\/articles\/comentarios-del-presidente-frenan-discusion-de-nueva-ley-de-medios-audiovisuales-en-uruguay\/"},"author":{"name":"Guest","@id":"https:\/\/latamjournalismreview.org\/es\/#\/schema\/person\/0315202e0b3c0963a2440f1c3012c360"},"headline":"Comentarios del presidente frenan discusi\u00f3n de nueva ley de medios audiovisuales en Uruguay","datePublished":"2010-12-13T16:53:06+00:00","dateModified":"2022-07-08T16:56:22+00:00","mainEntityOfPage":{"@id":"https:\/\/latamjournalismreview.org\/es\/articles\/comentarios-del-presidente-frenan-discusion-de-nueva-ley-de-medios-audiovisuales-en-uruguay\/"},"wordCount":300,"publisher":{"@id":"https:\/\/latamjournalismreview.org\/es\/#organization"},"keywords":["Legislaci\u00f3n","Uruguay"],"articleSection":["Libertad de prensa"],"inLanguage":"es"},{"@type":"WebPage","@id":"https:\/\/latamjournalismreview.org\/es\/articles\/comentarios-del-presidente-frenan-discusion-de-nueva-ley-de-medios-audiovisuales-en-uruguay\/","url":"https:\/\/latamjournalismreview.org\/es\/articles\/comentarios-del-presidente-frenan-discusion-de-nueva-ley-de-medios-audiovisuales-en-uruguay\/","name":"Comentarios del presidente frenan discusi\u00f3n de nueva ley de medios audiovisuales en Uruguay - LatAm Journalism Review","isPartOf":{"@id":"https:\/\/latamjournalismreview.org\/es\/#website"},"datePublished":"2010-12-13T16:53:06+00:00","dateModified":"2022-07-08T16:56:22+00:00","description":"Comentarios del presidente frenan discusi\u00f3n de nueva ley de medios audiovisuales en Uruguay Libertad de prensa. Latin American Journalism Review by The Knight Center at The University of Texas at Austin.","breadcrumb":{"@id":"https:\/\/latamjournalismreview.org\/es\/articles\/comentarios-del-presidente-frenan-discusion-de-nueva-ley-de-medios-audiovisuales-en-uruguay\/#breadcrumb"},"inLanguage":"es","potentialAction":[{"@type":"ReadAction","target":["https:\/\/latamjournalismreview.org\/es\/articles\/comentarios-del-presidente-frenan-discusion-de-nueva-ley-de-medios-audiovisuales-en-uruguay\/"]}]},{"@type":"BreadcrumbList","@id":"https:\/\/latamjournalismreview.org\/es\/articles\/comentarios-del-presidente-frenan-discusion-de-nueva-ley-de-medios-audiovisuales-en-uruguay\/#breadcrumb","itemListElement":[{"@type":"ListItem","position":1,"name":"Home","item":"https:\/\/latamjournalismreview.org\/es\/"},{"@type":"ListItem","position":2,"name":"Comentarios del presidente frenan discusi\u00f3n de nueva ley de medios audiovisuales en Uruguay"}]},{"@type":"WebSite","@id":"https:\/\/latamjournalismreview.org\/es\/#website","url":"https:\/\/latamjournalismreview.org\/es\/","name":"LatAm Journalism Review","description":"Knight Center at The University of Texas","publisher":{"@id":"https:\/\/latamjournalismreview.org\/es\/#organization"},"potentialAction":[{"@type":"SearchAction","target":{"@type":"EntryPoint","urlTemplate":"https:\/\/latamjournalismreview.org\/es\/?s={search_term_string}"},"query-input":{"@type":"PropertyValueSpecification","valueRequired":true,"valueName":"search_term_string"}}],"inLanguage":"es"},{"@type":"Organization","@id":"https:\/\/latamjournalismreview.org\/es\/#organization","name":"LatAm Journalism Review","url":"https:\/\/latamjournalismreview.org\/es\/","logo":{"@type":"ImageObject","inLanguage":"es","@id":"https:\/\/latamjournalismreview.org\/es\/#\/schema\/logo\/image\/","url":"https:\/\/latamjournalismreview.org\/wp-content\/uploads\/2020\/05\/knight-latAm-review-logo.svg","contentUrl":"https:\/\/latamjournalismreview.org\/wp-content\/uploads\/2020\/05\/knight-latAm-review-logo.svg","width":"1024","height":"1024","caption":"LatAm Journalism Review"},"image":{"@id":"https:\/\/latamjournalismreview.org\/es\/#\/schema\/logo\/image\/"},"sameAs":["https:\/\/x.com\/LatAmJournalism"]},{"@type":"Person","@id":"https:\/\/latamjournalismreview.org\/es\/#\/schema\/person\/0315202e0b3c0963a2440f1c3012c360","name":"Guest","url":"https:\/\/latamjournalismreview.org\/es\/articles\/author\/guest\/"}]}},"_links":{"self":[{"href":"https:\/\/latamjournalismreview.org\/es\/wp-json\/wp\/v2\/posts\/60838","targetHints":{"allow":["GET"]}}],"collection":[{"href":"https:\/\/latamjournalismreview.org\/es\/wp-json\/wp\/v2\/posts"}],"about":[{"href":"https:\/\/latamjournalismreview.org\/es\/wp-json\/wp\/v2\/types\/post"}],"author":[{"embeddable":true,"href":"https:\/\/latamjournalismreview.org\/es\/wp-json\/wp\/v2\/users\/17"}],"replies":[{"embeddable":true,"href":"https:\/\/latamjournalismreview.org\/es\/wp-json\/wp\/v2\/comments?post=60838"}],"version-history":[{"count":1,"href":"https:\/\/latamjournalismreview.org\/es\/wp-json\/wp\/v2\/posts\/60838\/revisions"}],"predecessor-version":[{"id":60842,"href":"https:\/\/latamjournalismreview.org\/es\/wp-json\/wp\/v2\/posts\/60838\/revisions\/60842"}],"wp:attachment":[{"href":"https:\/\/latamjournalismreview.org\/es\/wp-json\/wp\/v2\/media?parent=60838"}],"wp:term":[{"taxonomy":"category","embeddable":true,"href":"https:\/\/latamjournalismreview.org\/es\/wp-json\/wp\/v2\/categories?post=60838"},{"taxonomy":"post_tag","embeddable":true,"href":"https:\/\/latamjournalismreview.org\/es\/wp-json\/wp\/v2\/tags?post=60838"},{"taxonomy":"author","embeddable":true,"href":"https:\/\/latamjournalismreview.org\/es\/wp-json\/wp\/v2\/coauthors?post=60838"}],"curies":[{"name":"wp","href":"https:\/\/api.w.org\/{rel}","templated":true}]}}