{"id":61358,"date":"2010-11-12T18:17:46","date_gmt":"2010-11-12T23:17:46","guid":{"rendered":"https:\/\/latamjournalismreview.org\/?p=61358"},"modified":"2022-07-12T18:20:25","modified_gmt":"2022-07-12T23:20:25","slug":"presidente-paraguayo-veta-proyecto-de-ley-que-restringe-la-actividad-de-las-radios-comunitarias","status":"publish","type":"post","link":"https:\/\/latamjournalismreview.org\/es\/articles\/presidente-paraguayo-veta-proyecto-de-ley-que-restringe-la-actividad-de-las-radios-comunitarias\/","title":{"rendered":"Presidente paraguayo veta proyecto de ley que restringe la actividad de las radios comunitarias"},"content":{"rendered":"<p><em>Por Maira Magro<br \/>\n<\/em><\/p>\n<p>Fernando Lugo\u00a0<a href=\"http:\/\/www.ultimahora.com\/notas\/377053-Lugo-veta-el-proyecto-que-modificaba-la-Ley-de-Telecomunicaciones\">vet\u00f3 el proyecto que modificaba la Ley de Telecomunicaciones de Paraguay<\/a>, por el cual se buscaba\u00a0<a href=\"http:\/\/www.google.com\/hostednews\/epa\/article\/ALeqM5i61ru7A8A94mx966piatnG7xExAg?docId=1404779\">restringir la potencia de las radios comunitarias<\/a>\u00a0y prohibirles la difusi\u00f3n de publicidad, reportaron \u00daltima Hora y la agencia EFE.<\/p>\n<p><a href=\"http:\/\/www.abc.com.py\/nota\/sancionan-ley-que-regula-potencia-maxima-de-las-radios-comunitarias\">Aprobado la semana pasada en el Senado<\/a>, el proyecto\u00a0<a href=\"http:\/\/www.abc.com.py\/nota\/lugo-veto-la-ley-de-telecomunicaciones\">estipulaba nuevas exigencias para el funcionamiento de las radios comunitarias<\/a>\u00a0, entre ellas la definici\u00f3n de una potencia de 50 a 300 watts, explica el diario ABC Color. Las radios comerciales operan con una potencia de 1.000 a 50.000 watts.<\/p>\n<p>Seg\u00fan \u00daltima Hora,\u00a0<a href=\"http:\/\/www.ultimahora.com\/notas\/376759-Radios-comunitarias-piden-al-Ejecutivo-veto-de-ley-que-atenta-contra-democracia-\">las emisoras comunitarias solicitaron el veto a la propuesta<\/a>, ya que a su juicio atenta contra la libertad de expresi\u00f3n. Sin embargo, la\u00a0<a href=\"http:\/\/www.ultimahora.com\/notas\/376805-Radiodifusores-dicen-que-Ejecutivo-favorecera-pirateria-si-veta-ley-de-Telecomunicaciones\">Uni\u00f3n de Radiodifusores del Paraguay critic\u00f3 la decisi\u00f3n presidencial<\/a>\u00a0y acus\u00f3 al gobierno de favorecer nuevamente la pirater\u00eda al vetar la ley. Para la entidad, las normas actuales facilitan el funcionamiento de emisoras pirata.<\/p>\n<p>El proyecto volver\u00e1 a ser discutido en el Congreso.<\/p>\n<p><em>Nota del editor: Esta historia fue publicada originalmente en el blog Periodismo en las Am\u00e9ricas del Centro Knight, el predecesor de LatAm Journalism Review.<\/em><\/p>\n","protected":false},"excerpt":{"rendered":"<p>Fernando Lugo\u00a0vet\u00f3 el proyecto que modificaba la Ley de Telecomunicaciones de Paraguay, por el cual se buscaba\u00a0restringir la potencia de las radios comunitarias\u00a0y prohibirles la difusi\u00f3n de publicidad, reportaron \u00daltima Hora y la agencia EFE.<\/p>\n","protected":false},"author":17,"featured_media":0,"comment_status":"closed","ping_status":"closed","sticky":false,"template":"","format":"standard","meta":{"inline_featured_image":false,"footnotes":""},"categories":[1220],"tags":[1483,1501,1541,1431],"coauthors":[],"class_list":["post-61358","post","type-post","status-publish","format-standard","hentry","category-libertad-de-prensa-es","tag-legislacion-es","tag-paraguay-es","tag-periodismo-comunitario-es","tag-radio-y-tv-es"],"acf":[],"yoast_head":"<!-- This site is optimized with the Yoast SEO Premium plugin v22.6 (Yoast SEO v27.4) - https:\/\/yoast.com\/product\/yoast-seo-premium-wordpress\/ -->\n<title>Presidente paraguayo veta proyecto de ley que restringe la actividad de las radios comunitarias - LatAm Journalism Review<\/title>\n<meta name=\"description\" content=\"Presidente paraguayo veta proyecto de ley que restringe la actividad de las radios comunitarias Libertad de prensa. Latin American Journalism Review by The Knight Center at The University of Texas at Austin.\" \/>\n<meta name=\"robots\" content=\"index, follow, max-snippet:-1, max-image-preview:large, max-video-preview:-1\" \/>\n<link rel=\"canonical\" href=\"https:\/\/latamjournalismreview.org\/es\/articles\/presidente-paraguayo-veta-proyecto-de-ley-que-restringe-la-actividad-de-las-radios-comunitarias\/\" \/>\n<meta property=\"og:locale\" content=\"es_ES\" \/>\n<meta property=\"og:type\" content=\"article\" \/>\n<meta property=\"og:title\" content=\"Presidente paraguayo veta proyecto de ley que restringe la actividad de las radios comunitarias\" \/>\n<meta property=\"og:description\" content=\"Presidente paraguayo veta proyecto de ley que restringe la actividad de las radios comunitarias Libertad de prensa. Latin American Journalism Review by The Knight Center at The University of Texas at Austin.\" \/>\n<meta property=\"og:url\" content=\"https:\/\/latamjournalismreview.org\/es\/articles\/presidente-paraguayo-veta-proyecto-de-ley-que-restringe-la-actividad-de-las-radios-comunitarias\/\" \/>\n<meta property=\"og:site_name\" content=\"LatAm Journalism Review\" \/>\n<meta property=\"article:published_time\" content=\"2010-11-12T23:17:46+00:00\" \/>\n<meta property=\"article:modified_time\" content=\"2022-07-12T23:20:25+00:00\" \/>\n<meta name=\"author\" content=\"Guest\" \/>\n<meta name=\"twitter:card\" content=\"summary_large_image\" \/>\n<meta name=\"twitter:creator\" content=\"@LatAmJournalism\" \/>\n<meta name=\"twitter:site\" content=\"@LatAmJournalism\" \/>\n<meta name=\"twitter:label1\" content=\"Written by\" \/>\n\t<meta name=\"twitter:data1\" content=\"Guest\" \/>\n\t<meta name=\"twitter:label2\" content=\"Est. reading time\" \/>\n\t<meta name=\"twitter:data2\" content=\"1 minuto\" \/>\n<script type=\"application\/ld+json\" class=\"yoast-schema-graph\">{\"@context\":\"https:\\\/\\\/schema.org\",\"@graph\":[{\"@type\":\"Article\",\"@id\":\"https:\\\/\\\/latamjournalismreview.org\\\/es\\\/articles\\\/presidente-paraguayo-veta-proyecto-de-ley-que-restringe-la-actividad-de-las-radios-comunitarias\\\/#article\",\"isPartOf\":{\"@id\":\"https:\\\/\\\/latamjournalismreview.org\\\/es\\\/articles\\\/presidente-paraguayo-veta-proyecto-de-ley-que-restringe-la-actividad-de-las-radios-comunitarias\\\/\"},\"author\":{\"name\":\"Guest\",\"@id\":\"https:\\\/\\\/latamjournalismreview.org\\\/es\\\/#\\\/schema\\\/person\\\/0315202e0b3c0963a2440f1c3012c360\"},\"headline\":\"Presidente paraguayo veta proyecto de ley que restringe la actividad de las radios comunitarias\",\"datePublished\":\"2010-11-12T23:17:46+00:00\",\"dateModified\":\"2022-07-12T23:20:25+00:00\",\"mainEntityOfPage\":{\"@id\":\"https:\\\/\\\/latamjournalismreview.org\\\/es\\\/articles\\\/presidente-paraguayo-veta-proyecto-de-ley-que-restringe-la-actividad-de-las-radios-comunitarias\\\/\"},\"wordCount\":200,\"publisher\":{\"@id\":\"https:\\\/\\\/latamjournalismreview.org\\\/es\\\/#organization\"},\"keywords\":[\"Legislaci\u00f3n\",\"Paraguay\",\"Periodismo comunitario\",\"Radio y TV\"],\"articleSection\":[\"Libertad de prensa\"],\"inLanguage\":\"es\"},{\"@type\":\"WebPage\",\"@id\":\"https:\\\/\\\/latamjournalismreview.org\\\/es\\\/articles\\\/presidente-paraguayo-veta-proyecto-de-ley-que-restringe-la-actividad-de-las-radios-comunitarias\\\/\",\"url\":\"https:\\\/\\\/latamjournalismreview.org\\\/es\\\/articles\\\/presidente-paraguayo-veta-proyecto-de-ley-que-restringe-la-actividad-de-las-radios-comunitarias\\\/\",\"name\":\"Presidente paraguayo veta proyecto de ley que restringe la actividad de las radios comunitarias - LatAm Journalism Review\",\"isPartOf\":{\"@id\":\"https:\\\/\\\/latamjournalismreview.org\\\/es\\\/#website\"},\"datePublished\":\"2010-11-12T23:17:46+00:00\",\"dateModified\":\"2022-07-12T23:20:25+00:00\",\"description\":\"Presidente paraguayo veta proyecto de ley que restringe la actividad de las radios comunitarias Libertad de prensa. Latin American Journalism Review by The Knight Center at The University of Texas at Austin.\",\"breadcrumb\":{\"@id\":\"https:\\\/\\\/latamjournalismreview.org\\\/es\\\/articles\\\/presidente-paraguayo-veta-proyecto-de-ley-que-restringe-la-actividad-de-las-radios-comunitarias\\\/#breadcrumb\"},\"inLanguage\":\"es\",\"potentialAction\":[{\"@type\":\"ReadAction\",\"target\":[\"https:\\\/\\\/latamjournalismreview.org\\\/es\\\/articles\\\/presidente-paraguayo-veta-proyecto-de-ley-que-restringe-la-actividad-de-las-radios-comunitarias\\\/\"]}]},{\"@type\":\"BreadcrumbList\",\"@id\":\"https:\\\/\\\/latamjournalismreview.org\\\/es\\\/articles\\\/presidente-paraguayo-veta-proyecto-de-ley-que-restringe-la-actividad-de-las-radios-comunitarias\\\/#breadcrumb\",\"itemListElement\":[{\"@type\":\"ListItem\",\"position\":1,\"name\":\"Home\",\"item\":\"https:\\\/\\\/latamjournalismreview.org\\\/es\\\/\"},{\"@type\":\"ListItem\",\"position\":2,\"name\":\"Presidente paraguayo veta proyecto de ley que restringe la actividad de las radios comunitarias\"}]},{\"@type\":\"WebSite\",\"@id\":\"https:\\\/\\\/latamjournalismreview.org\\\/es\\\/#website\",\"url\":\"https:\\\/\\\/latamjournalismreview.org\\\/es\\\/\",\"name\":\"LatAm Journalism Review\",\"description\":\"Knight Center at The University of Texas\",\"publisher\":{\"@id\":\"https:\\\/\\\/latamjournalismreview.org\\\/es\\\/#organization\"},\"potentialAction\":[{\"@type\":\"SearchAction\",\"target\":{\"@type\":\"EntryPoint\",\"urlTemplate\":\"https:\\\/\\\/latamjournalismreview.org\\\/es\\\/?s={search_term_string}\"},\"query-input\":{\"@type\":\"PropertyValueSpecification\",\"valueRequired\":true,\"valueName\":\"search_term_string\"}}],\"inLanguage\":\"es\"},{\"@type\":\"Organization\",\"@id\":\"https:\\\/\\\/latamjournalismreview.org\\\/es\\\/#organization\",\"name\":\"LatAm Journalism Review\",\"url\":\"https:\\\/\\\/latamjournalismreview.org\\\/es\\\/\",\"logo\":{\"@type\":\"ImageObject\",\"inLanguage\":\"es\",\"@id\":\"https:\\\/\\\/latamjournalismreview.org\\\/es\\\/#\\\/schema\\\/logo\\\/image\\\/\",\"url\":\"https:\\\/\\\/latamjournalismreview.org\\\/wp-content\\\/uploads\\\/2020\\\/05\\\/knight-latAm-review-logo.svg\",\"contentUrl\":\"https:\\\/\\\/latamjournalismreview.org\\\/wp-content\\\/uploads\\\/2020\\\/05\\\/knight-latAm-review-logo.svg\",\"width\":\"1024\",\"height\":\"1024\",\"caption\":\"LatAm Journalism Review\"},\"image\":{\"@id\":\"https:\\\/\\\/latamjournalismreview.org\\\/es\\\/#\\\/schema\\\/logo\\\/image\\\/\"},\"sameAs\":[\"https:\\\/\\\/x.com\\\/LatAmJournalism\"]},{\"@type\":\"Person\",\"@id\":\"https:\\\/\\\/latamjournalismreview.org\\\/es\\\/#\\\/schema\\\/person\\\/0315202e0b3c0963a2440f1c3012c360\",\"name\":\"Guest\",\"url\":\"https:\\\/\\\/latamjournalismreview.org\\\/es\\\/articles\\\/author\\\/guest\\\/\"}]}<\/script>\n<!-- \/ Yoast SEO Premium plugin. -->","yoast_head_json":{"title":"Presidente paraguayo veta proyecto de ley que restringe la actividad de las radios comunitarias - LatAm Journalism Review","description":"Presidente paraguayo veta proyecto de ley que restringe la actividad de las radios comunitarias Libertad de prensa. Latin American Journalism Review by The Knight Center at The University of Texas at Austin.","robots":{"index":"index","follow":"follow","max-snippet":"max-snippet:-1","max-image-preview":"max-image-preview:large","max-video-preview":"max-video-preview:-1"},"canonical":"https:\/\/latamjournalismreview.org\/es\/articles\/presidente-paraguayo-veta-proyecto-de-ley-que-restringe-la-actividad-de-las-radios-comunitarias\/","og_locale":"es_ES","og_type":"article","og_title":"Presidente paraguayo veta proyecto de ley que restringe la actividad de las radios comunitarias","og_description":"Presidente paraguayo veta proyecto de ley que restringe la actividad de las radios comunitarias Libertad de prensa. Latin American Journalism Review by The Knight Center at The University of Texas at Austin.","og_url":"https:\/\/latamjournalismreview.org\/es\/articles\/presidente-paraguayo-veta-proyecto-de-ley-que-restringe-la-actividad-de-las-radios-comunitarias\/","og_site_name":"LatAm Journalism Review","article_published_time":"2010-11-12T23:17:46+00:00","article_modified_time":"2022-07-12T23:20:25+00:00","author":"Guest","twitter_card":"summary_large_image","twitter_creator":"@LatAmJournalism","twitter_site":"@LatAmJournalism","twitter_misc":{"Written by":"Guest","Est. reading time":"1 minuto"},"schema":{"@context":"https:\/\/schema.org","@graph":[{"@type":"Article","@id":"https:\/\/latamjournalismreview.org\/es\/articles\/presidente-paraguayo-veta-proyecto-de-ley-que-restringe-la-actividad-de-las-radios-comunitarias\/#article","isPartOf":{"@id":"https:\/\/latamjournalismreview.org\/es\/articles\/presidente-paraguayo-veta-proyecto-de-ley-que-restringe-la-actividad-de-las-radios-comunitarias\/"},"author":{"name":"Guest","@id":"https:\/\/latamjournalismreview.org\/es\/#\/schema\/person\/0315202e0b3c0963a2440f1c3012c360"},"headline":"Presidente paraguayo veta proyecto de ley que restringe la actividad de las radios comunitarias","datePublished":"2010-11-12T23:17:46+00:00","dateModified":"2022-07-12T23:20:25+00:00","mainEntityOfPage":{"@id":"https:\/\/latamjournalismreview.org\/es\/articles\/presidente-paraguayo-veta-proyecto-de-ley-que-restringe-la-actividad-de-las-radios-comunitarias\/"},"wordCount":200,"publisher":{"@id":"https:\/\/latamjournalismreview.org\/es\/#organization"},"keywords":["Legislaci\u00f3n","Paraguay","Periodismo comunitario","Radio y TV"],"articleSection":["Libertad de prensa"],"inLanguage":"es"},{"@type":"WebPage","@id":"https:\/\/latamjournalismreview.org\/es\/articles\/presidente-paraguayo-veta-proyecto-de-ley-que-restringe-la-actividad-de-las-radios-comunitarias\/","url":"https:\/\/latamjournalismreview.org\/es\/articles\/presidente-paraguayo-veta-proyecto-de-ley-que-restringe-la-actividad-de-las-radios-comunitarias\/","name":"Presidente paraguayo veta proyecto de ley que restringe la actividad de las radios comunitarias - LatAm Journalism Review","isPartOf":{"@id":"https:\/\/latamjournalismreview.org\/es\/#website"},"datePublished":"2010-11-12T23:17:46+00:00","dateModified":"2022-07-12T23:20:25+00:00","description":"Presidente paraguayo veta proyecto de ley que restringe la actividad de las radios comunitarias Libertad de prensa. Latin American Journalism Review by The Knight Center at The University of Texas at Austin.","breadcrumb":{"@id":"https:\/\/latamjournalismreview.org\/es\/articles\/presidente-paraguayo-veta-proyecto-de-ley-que-restringe-la-actividad-de-las-radios-comunitarias\/#breadcrumb"},"inLanguage":"es","potentialAction":[{"@type":"ReadAction","target":["https:\/\/latamjournalismreview.org\/es\/articles\/presidente-paraguayo-veta-proyecto-de-ley-que-restringe-la-actividad-de-las-radios-comunitarias\/"]}]},{"@type":"BreadcrumbList","@id":"https:\/\/latamjournalismreview.org\/es\/articles\/presidente-paraguayo-veta-proyecto-de-ley-que-restringe-la-actividad-de-las-radios-comunitarias\/#breadcrumb","itemListElement":[{"@type":"ListItem","position":1,"name":"Home","item":"https:\/\/latamjournalismreview.org\/es\/"},{"@type":"ListItem","position":2,"name":"Presidente paraguayo veta proyecto de ley que restringe la actividad de las radios comunitarias"}]},{"@type":"WebSite","@id":"https:\/\/latamjournalismreview.org\/es\/#website","url":"https:\/\/latamjournalismreview.org\/es\/","name":"LatAm Journalism Review","description":"Knight Center at The University of Texas","publisher":{"@id":"https:\/\/latamjournalismreview.org\/es\/#organization"},"potentialAction":[{"@type":"SearchAction","target":{"@type":"EntryPoint","urlTemplate":"https:\/\/latamjournalismreview.org\/es\/?s={search_term_string}"},"query-input":{"@type":"PropertyValueSpecification","valueRequired":true,"valueName":"search_term_string"}}],"inLanguage":"es"},{"@type":"Organization","@id":"https:\/\/latamjournalismreview.org\/es\/#organization","name":"LatAm Journalism Review","url":"https:\/\/latamjournalismreview.org\/es\/","logo":{"@type":"ImageObject","inLanguage":"es","@id":"https:\/\/latamjournalismreview.org\/es\/#\/schema\/logo\/image\/","url":"https:\/\/latamjournalismreview.org\/wp-content\/uploads\/2020\/05\/knight-latAm-review-logo.svg","contentUrl":"https:\/\/latamjournalismreview.org\/wp-content\/uploads\/2020\/05\/knight-latAm-review-logo.svg","width":"1024","height":"1024","caption":"LatAm Journalism Review"},"image":{"@id":"https:\/\/latamjournalismreview.org\/es\/#\/schema\/logo\/image\/"},"sameAs":["https:\/\/x.com\/LatAmJournalism"]},{"@type":"Person","@id":"https:\/\/latamjournalismreview.org\/es\/#\/schema\/person\/0315202e0b3c0963a2440f1c3012c360","name":"Guest","url":"https:\/\/latamjournalismreview.org\/es\/articles\/author\/guest\/"}]}},"_links":{"self":[{"href":"https:\/\/latamjournalismreview.org\/es\/wp-json\/wp\/v2\/posts\/61358","targetHints":{"allow":["GET"]}}],"collection":[{"href":"https:\/\/latamjournalismreview.org\/es\/wp-json\/wp\/v2\/posts"}],"about":[{"href":"https:\/\/latamjournalismreview.org\/es\/wp-json\/wp\/v2\/types\/post"}],"author":[{"embeddable":true,"href":"https:\/\/latamjournalismreview.org\/es\/wp-json\/wp\/v2\/users\/17"}],"replies":[{"embeddable":true,"href":"https:\/\/latamjournalismreview.org\/es\/wp-json\/wp\/v2\/comments?post=61358"}],"version-history":[{"count":1,"href":"https:\/\/latamjournalismreview.org\/es\/wp-json\/wp\/v2\/posts\/61358\/revisions"}],"predecessor-version":[{"id":61363,"href":"https:\/\/latamjournalismreview.org\/es\/wp-json\/wp\/v2\/posts\/61358\/revisions\/61363"}],"wp:attachment":[{"href":"https:\/\/latamjournalismreview.org\/es\/wp-json\/wp\/v2\/media?parent=61358"}],"wp:term":[{"taxonomy":"category","embeddable":true,"href":"https:\/\/latamjournalismreview.org\/es\/wp-json\/wp\/v2\/categories?post=61358"},{"taxonomy":"post_tag","embeddable":true,"href":"https:\/\/latamjournalismreview.org\/es\/wp-json\/wp\/v2\/tags?post=61358"},{"taxonomy":"author","embeddable":true,"href":"https:\/\/latamjournalismreview.org\/es\/wp-json\/wp\/v2\/coauthors?post=61358"}],"curies":[{"name":"wp","href":"https:\/\/api.w.org\/{rel}","templated":true}]}}