{"id":61468,"date":"2010-11-18T21:30:41","date_gmt":"2010-11-19T02:30:41","guid":{"rendered":"https:\/\/latamjournalismreview.org\/?p=61468"},"modified":"2022-07-12T21:36:07","modified_gmt":"2022-07-13T02:36:07","slug":"celap-organiza-foro-regional-de-periodismo-sobre-el-narcotrafico-y-el-crimen-organizado-en-panama","status":"publish","type":"post","link":"https:\/\/latamjournalismreview.org\/es\/articles\/celap-organiza-foro-regional-de-periodismo-sobre-el-narcotrafico-y-el-crimen-organizado-en-panama\/","title":{"rendered":"CELAP organiza foro regional de periodismo sobre el narcotr\u00e1fico y el crimen organizado en Panam\u00e1"},"content":{"rendered":"<p>El\u00a0<a href=\"http:\/\/www.celap.net\/\">Centro Latinoamericano de Periodismo<\/a>\u00a0(CELAP), con sede en Panam\u00e1, realizar\u00e1 el foro regional \"Periodismo de Investigaci\u00f3n contra el Narcotr\u00e1fico y Crimen Organizado\" el 18 y 19 de noviembre de 2010 en\u00a0<a href=\"http:\/\/es.wikipedia.org\/wiki\/Ciudad_de_Panam%C3%A1\">Ciudad de Panam\u00e1<\/a>. El Centro Knight para el Periodismo en las Am\u00e9ricas es uno de los copatrocinadores del evento.<\/p>\n<p>El seminario incluir\u00e1 las siguientes presentaciones de parte de periodistas que viven y trabajan en Am\u00e9rica Latina y El Caribe:<\/p>\n<p>* \u201cCorresponsal\u00edas en Ciudad Ju\u00e1rez: \u00bfPeriodistas bajo sitio?\u201d, por\u00a0<a href=\"http:\/\/knightcenter.utexas.edu\/es\/search\/node\/judith%20torrea%20type:blog\">Judith Torrea<\/a>, una periodista independiente cuyo blog gan\u00f3 el\u00a0<a href=\"http:\/\/knightcenter.utexas.edu\/es\/node\/269\">Premio Ortega y Gasset de Periodismo Digital<\/a>\u00a0en Espa\u00f1a este a\u00f1o.<\/p>\n<p>* \u201cMi Panam\u00e1 transparente: Radiograf\u00eda de Panam\u00e1\u201d, por\u00a0<a href=\"http:\/\/knight.icfj.org\/OurFellows\/FellowProfiles\/JorgeLuisSierra\/tabid\/1503\/Default.aspx\">Jorge Luis Sierra<\/a>, periodista, escritor y consultor para organizaciones de periodistas de Estados Unidos y Panam\u00e1, quien encabeza un proyecto de investigaci\u00f3n sobre delincuencia y corrupci\u00f3n en Panam\u00e1.<\/p>\n<p>* \u201cLas mujeres detr\u00e1s del narcotr\u00e1fico\u201d, por Ana Victoria Ochoa, periodista, documentalista e investigadora con sede en la\u00a0<a href=\"http:\/\/www.udea.edu.co\/portal\/page\/portal\/portal\">Universidad de Antioquia<\/a>\u00a0(Colombia).<\/p>\n<p>* \u201cNarcotr\u00e1fico en el Caribe: El caso\u00a0<a href=\"http:\/\/www.elnacional.com.do\/nacional\/2010\/11\/16\/66713\/EU-acusaria-a-Figueroa-narcotrafico\">Figueroa-Agosto<\/a>, \u2018El Capo del Caribe\u2018\u201d, por Jos\u00e9 Patricio Monegro, subeditor de El D\u00eda en Rep\u00fablica Dominicana.<\/p>\n<p>* \u201cRelaci\u00f3n de Colombia, Panam\u00e1, Centroam\u00e9rica, M\u00e9xico\u201d, por\u00a0<a href=\"http:\/\/www.eldeber.com.bo\/2010\/2010-02-01\/vernotasantacruz.php?id=100131231737\">Martha Soto<\/a>, directora de la unidad investigativa del peri\u00f3dico El Tiempo de Colombia. Tambi\u00e9n es especialista en narcotr\u00e1fico y paramilitares.<\/p>\n<p>* \u201cCobertura del narcotr\u00e1fico y el crimen organizado en Guatemala\u201d, por\u00a0<a href=\"http:\/\/twitter.com\/luisangelsas\">Luis \u00c1ngel Sas<\/a>, periodista del equipo investigativo de elPeri\u00f3dico de Guatemala.<\/p>\n<p>* \u201cLa guerra contra el narcotr\u00e1fico en M\u00e9xico y sus consecuencias\u201d, por\u00a0<a href=\"http:\/\/twitter.com\/dariodavila\">Dar\u00edo D\u00e1vila<\/a>, instructor de periodistas en temas de seguridad y editor en M\u00e9xico para la Red Internacional de Periodistas (IJNet, por su nombre en ingl\u00e9s).<\/p>\n<p>* \u201cHonduras: Entre los c\u00e1rteles de M\u00e9xico y Colombia\u201d, por Nelson Flores, editor gerente de\u00a0<a href=\"http:\/\/www.laprensa.hn\/\">La Prensa<\/a>, de Honduras, quien ha encabezado varias investigaciones.<\/p>\n<p>* \u201c\u00bfHay c\u00e1rteles en Venezuela?\u201d, por\u00a0<a href=\"http:\/\/twitter.com\/cbatiz\">C\u00e9sar Batiz<\/a>, un periodista de investigaci\u00f3n del diario \u00daltimas Noticias de Venezuela.<\/p>\n<p>Vea m\u00e1s informaciones\u00a0<a href=\"http:\/\/www.celap.net\/proximoseventos.htm\">aqu\u00ed<\/a>, o contacte a Dilmar Rosas en\u00a0<a href=\"mailto:dilmar@celap.net\">dilmar@celap.net<\/a>.<\/p>\n<p><em>Nota del editor: Esta historia fue publicada originalmente en el blog Periodismo en las Am\u00e9ricas del Centro Knight, el predecesor de LatAm Journalism Review.<\/em><\/p>\n","protected":false},"excerpt":{"rendered":"<p>El\u00a0Centro Latinoamericano de Periodismo\u00a0(CELAP), con sede en Panam\u00e1, realizar\u00e1 el foro regional \"Periodismo de Investigaci\u00f3n contra el Narcotr\u00e1fico y Crimen Organizado\" el 18 y 19 de noviembre de 2010 en\u00a0Ciudad de Panam\u00e1. El Centro Knight para el Periodismo en las Am\u00e9ricas es uno de los copatrocinadores del evento.<\/p>\n","protected":false},"author":22,"featured_media":0,"comment_status":"closed","ping_status":"closed","sticky":false,"template":"","format":"standard","meta":{"inline_featured_image":false,"footnotes":""},"categories":[1227],"tags":[1387],"coauthors":[],"class_list":["post-61468","post","type-post","status-publish","format-standard","hentry","category-acceso-a-la-informacion-es","tag-panama-es"],"acf":[],"yoast_head":"<!-- This site is optimized with the Yoast SEO Premium plugin v22.6 (Yoast SEO v27.4) - https:\/\/yoast.com\/product\/yoast-seo-premium-wordpress\/ -->\n<title>CELAP organiza foro regional de periodismo sobre el narcotr\u00e1fico y el crimen organizado en Panam\u00e1 - LatAm Journalism Review<\/title>\n<meta name=\"description\" content=\"CELAP organiza foro regional de periodismo sobre el narcotr\u00e1fico y el crimen organizado en Panam\u00e1 Acceso a la Informaci\u00f3n. Latin American Journalism Review by The Knight Center at The University of Texas at Austin.\" \/>\n<meta name=\"robots\" content=\"index, follow, max-snippet:-1, max-image-preview:large, max-video-preview:-1\" \/>\n<link rel=\"canonical\" href=\"https:\/\/latamjournalismreview.org\/es\/articles\/celap-organiza-foro-regional-de-periodismo-sobre-el-narcotrafico-y-el-crimen-organizado-en-panama\/\" \/>\n<meta property=\"og:locale\" content=\"es_ES\" \/>\n<meta property=\"og:type\" content=\"article\" \/>\n<meta property=\"og:title\" content=\"CELAP organiza foro regional de periodismo sobre el narcotr\u00e1fico y el crimen organizado en Panam\u00e1\" \/>\n<meta property=\"og:description\" content=\"CELAP organiza foro regional de periodismo sobre el narcotr\u00e1fico y el crimen organizado en Panam\u00e1 Acceso a la Informaci\u00f3n. Latin American Journalism Review by The Knight Center at The University of Texas at Austin.\" \/>\n<meta property=\"og:url\" content=\"https:\/\/latamjournalismreview.org\/es\/articles\/celap-organiza-foro-regional-de-periodismo-sobre-el-narcotrafico-y-el-crimen-organizado-en-panama\/\" \/>\n<meta property=\"og:site_name\" content=\"LatAm Journalism Review\" \/>\n<meta property=\"article:published_time\" content=\"2010-11-19T02:30:41+00:00\" \/>\n<meta property=\"article:modified_time\" content=\"2022-07-13T02:36:07+00:00\" \/>\n<meta name=\"author\" content=\"Knight Center\" \/>\n<meta name=\"twitter:card\" content=\"summary_large_image\" \/>\n<meta name=\"twitter:creator\" content=\"@LatAmJournalism\" \/>\n<meta name=\"twitter:site\" content=\"@LatAmJournalism\" \/>\n<meta name=\"twitter:label1\" content=\"Written by\" \/>\n\t<meta name=\"twitter:data1\" content=\"Knight Center\" \/>\n\t<meta name=\"twitter:label2\" content=\"Est. reading time\" \/>\n\t<meta name=\"twitter:data2\" content=\"2 minutos\" \/>\n<script type=\"application\/ld+json\" class=\"yoast-schema-graph\">{\"@context\":\"https:\\\/\\\/schema.org\",\"@graph\":[{\"@type\":\"Article\",\"@id\":\"https:\\\/\\\/latamjournalismreview.org\\\/es\\\/articles\\\/celap-organiza-foro-regional-de-periodismo-sobre-el-narcotrafico-y-el-crimen-organizado-en-panama\\\/#article\",\"isPartOf\":{\"@id\":\"https:\\\/\\\/latamjournalismreview.org\\\/es\\\/articles\\\/celap-organiza-foro-regional-de-periodismo-sobre-el-narcotrafico-y-el-crimen-organizado-en-panama\\\/\"},\"author\":{\"name\":\"Knight Center\",\"@id\":\"https:\\\/\\\/latamjournalismreview.org\\\/es\\\/#\\\/schema\\\/person\\\/6c325fd0fef0cd167424c683e6577e19\"},\"headline\":\"CELAP organiza foro regional de periodismo sobre el narcotr\u00e1fico y el crimen organizado en Panam\u00e1\",\"datePublished\":\"2010-11-19T02:30:41+00:00\",\"dateModified\":\"2022-07-13T02:36:07+00:00\",\"mainEntityOfPage\":{\"@id\":\"https:\\\/\\\/latamjournalismreview.org\\\/es\\\/articles\\\/celap-organiza-foro-regional-de-periodismo-sobre-el-narcotrafico-y-el-crimen-organizado-en-panama\\\/\"},\"wordCount\":388,\"publisher\":{\"@id\":\"https:\\\/\\\/latamjournalismreview.org\\\/es\\\/#organization\"},\"keywords\":[\"Panam\u00e1\"],\"articleSection\":[\"Acceso a la Informaci\u00f3n\"],\"inLanguage\":\"es\"},{\"@type\":\"WebPage\",\"@id\":\"https:\\\/\\\/latamjournalismreview.org\\\/es\\\/articles\\\/celap-organiza-foro-regional-de-periodismo-sobre-el-narcotrafico-y-el-crimen-organizado-en-panama\\\/\",\"url\":\"https:\\\/\\\/latamjournalismreview.org\\\/es\\\/articles\\\/celap-organiza-foro-regional-de-periodismo-sobre-el-narcotrafico-y-el-crimen-organizado-en-panama\\\/\",\"name\":\"CELAP organiza foro regional de periodismo sobre el narcotr\u00e1fico y el crimen organizado en Panam\u00e1 - LatAm Journalism Review\",\"isPartOf\":{\"@id\":\"https:\\\/\\\/latamjournalismreview.org\\\/es\\\/#website\"},\"datePublished\":\"2010-11-19T02:30:41+00:00\",\"dateModified\":\"2022-07-13T02:36:07+00:00\",\"description\":\"CELAP organiza foro regional de periodismo sobre el narcotr\u00e1fico y el crimen organizado en Panam\u00e1 Acceso a la Informaci\u00f3n. Latin American Journalism Review by The Knight Center at The University of Texas at Austin.\",\"breadcrumb\":{\"@id\":\"https:\\\/\\\/latamjournalismreview.org\\\/es\\\/articles\\\/celap-organiza-foro-regional-de-periodismo-sobre-el-narcotrafico-y-el-crimen-organizado-en-panama\\\/#breadcrumb\"},\"inLanguage\":\"es\",\"potentialAction\":[{\"@type\":\"ReadAction\",\"target\":[\"https:\\\/\\\/latamjournalismreview.org\\\/es\\\/articles\\\/celap-organiza-foro-regional-de-periodismo-sobre-el-narcotrafico-y-el-crimen-organizado-en-panama\\\/\"]}]},{\"@type\":\"BreadcrumbList\",\"@id\":\"https:\\\/\\\/latamjournalismreview.org\\\/es\\\/articles\\\/celap-organiza-foro-regional-de-periodismo-sobre-el-narcotrafico-y-el-crimen-organizado-en-panama\\\/#breadcrumb\",\"itemListElement\":[{\"@type\":\"ListItem\",\"position\":1,\"name\":\"Home\",\"item\":\"https:\\\/\\\/latamjournalismreview.org\\\/es\\\/\"},{\"@type\":\"ListItem\",\"position\":2,\"name\":\"CELAP organiza foro regional de periodismo sobre el narcotr\u00e1fico y el crimen organizado en Panam\u00e1\"}]},{\"@type\":\"WebSite\",\"@id\":\"https:\\\/\\\/latamjournalismreview.org\\\/es\\\/#website\",\"url\":\"https:\\\/\\\/latamjournalismreview.org\\\/es\\\/\",\"name\":\"LatAm Journalism Review\",\"description\":\"Knight Center at The University of Texas\",\"publisher\":{\"@id\":\"https:\\\/\\\/latamjournalismreview.org\\\/es\\\/#organization\"},\"potentialAction\":[{\"@type\":\"SearchAction\",\"target\":{\"@type\":\"EntryPoint\",\"urlTemplate\":\"https:\\\/\\\/latamjournalismreview.org\\\/es\\\/?s={search_term_string}\"},\"query-input\":{\"@type\":\"PropertyValueSpecification\",\"valueRequired\":true,\"valueName\":\"search_term_string\"}}],\"inLanguage\":\"es\"},{\"@type\":\"Organization\",\"@id\":\"https:\\\/\\\/latamjournalismreview.org\\\/es\\\/#organization\",\"name\":\"LatAm Journalism Review\",\"url\":\"https:\\\/\\\/latamjournalismreview.org\\\/es\\\/\",\"logo\":{\"@type\":\"ImageObject\",\"inLanguage\":\"es\",\"@id\":\"https:\\\/\\\/latamjournalismreview.org\\\/es\\\/#\\\/schema\\\/logo\\\/image\\\/\",\"url\":\"https:\\\/\\\/latamjournalismreview.org\\\/wp-content\\\/uploads\\\/2020\\\/05\\\/knight-latAm-review-logo.svg\",\"contentUrl\":\"https:\\\/\\\/latamjournalismreview.org\\\/wp-content\\\/uploads\\\/2020\\\/05\\\/knight-latAm-review-logo.svg\",\"width\":\"1024\",\"height\":\"1024\",\"caption\":\"LatAm Journalism Review\"},\"image\":{\"@id\":\"https:\\\/\\\/latamjournalismreview.org\\\/es\\\/#\\\/schema\\\/logo\\\/image\\\/\"},\"sameAs\":[\"https:\\\/\\\/x.com\\\/LatAmJournalism\"]},{\"@type\":\"Person\",\"@id\":\"https:\\\/\\\/latamjournalismreview.org\\\/es\\\/#\\\/schema\\\/person\\\/6c325fd0fef0cd167424c683e6577e19\",\"name\":\"Knight Center\",\"url\":\"https:\\\/\\\/latamjournalismreview.org\\\/es\\\/articles\\\/author\\\/knight-center\\\/\"}]}<\/script>\n<!-- \/ Yoast SEO Premium plugin. -->","yoast_head_json":{"title":"CELAP organiza foro regional de periodismo sobre el narcotr\u00e1fico y el crimen organizado en Panam\u00e1 - LatAm Journalism Review","description":"CELAP organiza foro regional de periodismo sobre el narcotr\u00e1fico y el crimen organizado en Panam\u00e1 Acceso a la Informaci\u00f3n. Latin American Journalism Review by The Knight Center at The University of Texas at Austin.","robots":{"index":"index","follow":"follow","max-snippet":"max-snippet:-1","max-image-preview":"max-image-preview:large","max-video-preview":"max-video-preview:-1"},"canonical":"https:\/\/latamjournalismreview.org\/es\/articles\/celap-organiza-foro-regional-de-periodismo-sobre-el-narcotrafico-y-el-crimen-organizado-en-panama\/","og_locale":"es_ES","og_type":"article","og_title":"CELAP organiza foro regional de periodismo sobre el narcotr\u00e1fico y el crimen organizado en Panam\u00e1","og_description":"CELAP organiza foro regional de periodismo sobre el narcotr\u00e1fico y el crimen organizado en Panam\u00e1 Acceso a la Informaci\u00f3n. Latin American Journalism Review by The Knight Center at The University of Texas at Austin.","og_url":"https:\/\/latamjournalismreview.org\/es\/articles\/celap-organiza-foro-regional-de-periodismo-sobre-el-narcotrafico-y-el-crimen-organizado-en-panama\/","og_site_name":"LatAm Journalism Review","article_published_time":"2010-11-19T02:30:41+00:00","article_modified_time":"2022-07-13T02:36:07+00:00","author":"Knight Center","twitter_card":"summary_large_image","twitter_creator":"@LatAmJournalism","twitter_site":"@LatAmJournalism","twitter_misc":{"Written by":"Knight Center","Est. reading time":"2 minutos"},"schema":{"@context":"https:\/\/schema.org","@graph":[{"@type":"Article","@id":"https:\/\/latamjournalismreview.org\/es\/articles\/celap-organiza-foro-regional-de-periodismo-sobre-el-narcotrafico-y-el-crimen-organizado-en-panama\/#article","isPartOf":{"@id":"https:\/\/latamjournalismreview.org\/es\/articles\/celap-organiza-foro-regional-de-periodismo-sobre-el-narcotrafico-y-el-crimen-organizado-en-panama\/"},"author":{"name":"Knight Center","@id":"https:\/\/latamjournalismreview.org\/es\/#\/schema\/person\/6c325fd0fef0cd167424c683e6577e19"},"headline":"CELAP organiza foro regional de periodismo sobre el narcotr\u00e1fico y el crimen organizado en Panam\u00e1","datePublished":"2010-11-19T02:30:41+00:00","dateModified":"2022-07-13T02:36:07+00:00","mainEntityOfPage":{"@id":"https:\/\/latamjournalismreview.org\/es\/articles\/celap-organiza-foro-regional-de-periodismo-sobre-el-narcotrafico-y-el-crimen-organizado-en-panama\/"},"wordCount":388,"publisher":{"@id":"https:\/\/latamjournalismreview.org\/es\/#organization"},"keywords":["Panam\u00e1"],"articleSection":["Acceso a la Informaci\u00f3n"],"inLanguage":"es"},{"@type":"WebPage","@id":"https:\/\/latamjournalismreview.org\/es\/articles\/celap-organiza-foro-regional-de-periodismo-sobre-el-narcotrafico-y-el-crimen-organizado-en-panama\/","url":"https:\/\/latamjournalismreview.org\/es\/articles\/celap-organiza-foro-regional-de-periodismo-sobre-el-narcotrafico-y-el-crimen-organizado-en-panama\/","name":"CELAP organiza foro regional de periodismo sobre el narcotr\u00e1fico y el crimen organizado en Panam\u00e1 - LatAm Journalism Review","isPartOf":{"@id":"https:\/\/latamjournalismreview.org\/es\/#website"},"datePublished":"2010-11-19T02:30:41+00:00","dateModified":"2022-07-13T02:36:07+00:00","description":"CELAP organiza foro regional de periodismo sobre el narcotr\u00e1fico y el crimen organizado en Panam\u00e1 Acceso a la Informaci\u00f3n. Latin American Journalism Review by The Knight Center at The University of Texas at Austin.","breadcrumb":{"@id":"https:\/\/latamjournalismreview.org\/es\/articles\/celap-organiza-foro-regional-de-periodismo-sobre-el-narcotrafico-y-el-crimen-organizado-en-panama\/#breadcrumb"},"inLanguage":"es","potentialAction":[{"@type":"ReadAction","target":["https:\/\/latamjournalismreview.org\/es\/articles\/celap-organiza-foro-regional-de-periodismo-sobre-el-narcotrafico-y-el-crimen-organizado-en-panama\/"]}]},{"@type":"BreadcrumbList","@id":"https:\/\/latamjournalismreview.org\/es\/articles\/celap-organiza-foro-regional-de-periodismo-sobre-el-narcotrafico-y-el-crimen-organizado-en-panama\/#breadcrumb","itemListElement":[{"@type":"ListItem","position":1,"name":"Home","item":"https:\/\/latamjournalismreview.org\/es\/"},{"@type":"ListItem","position":2,"name":"CELAP organiza foro regional de periodismo sobre el narcotr\u00e1fico y el crimen organizado en Panam\u00e1"}]},{"@type":"WebSite","@id":"https:\/\/latamjournalismreview.org\/es\/#website","url":"https:\/\/latamjournalismreview.org\/es\/","name":"LatAm Journalism Review","description":"Knight Center at The University of Texas","publisher":{"@id":"https:\/\/latamjournalismreview.org\/es\/#organization"},"potentialAction":[{"@type":"SearchAction","target":{"@type":"EntryPoint","urlTemplate":"https:\/\/latamjournalismreview.org\/es\/?s={search_term_string}"},"query-input":{"@type":"PropertyValueSpecification","valueRequired":true,"valueName":"search_term_string"}}],"inLanguage":"es"},{"@type":"Organization","@id":"https:\/\/latamjournalismreview.org\/es\/#organization","name":"LatAm Journalism Review","url":"https:\/\/latamjournalismreview.org\/es\/","logo":{"@type":"ImageObject","inLanguage":"es","@id":"https:\/\/latamjournalismreview.org\/es\/#\/schema\/logo\/image\/","url":"https:\/\/latamjournalismreview.org\/wp-content\/uploads\/2020\/05\/knight-latAm-review-logo.svg","contentUrl":"https:\/\/latamjournalismreview.org\/wp-content\/uploads\/2020\/05\/knight-latAm-review-logo.svg","width":"1024","height":"1024","caption":"LatAm Journalism Review"},"image":{"@id":"https:\/\/latamjournalismreview.org\/es\/#\/schema\/logo\/image\/"},"sameAs":["https:\/\/x.com\/LatAmJournalism"]},{"@type":"Person","@id":"https:\/\/latamjournalismreview.org\/es\/#\/schema\/person\/6c325fd0fef0cd167424c683e6577e19","name":"Knight Center","url":"https:\/\/latamjournalismreview.org\/es\/articles\/author\/knight-center\/"}]}},"_links":{"self":[{"href":"https:\/\/latamjournalismreview.org\/es\/wp-json\/wp\/v2\/posts\/61468","targetHints":{"allow":["GET"]}}],"collection":[{"href":"https:\/\/latamjournalismreview.org\/es\/wp-json\/wp\/v2\/posts"}],"about":[{"href":"https:\/\/latamjournalismreview.org\/es\/wp-json\/wp\/v2\/types\/post"}],"author":[{"embeddable":true,"href":"https:\/\/latamjournalismreview.org\/es\/wp-json\/wp\/v2\/users\/22"}],"replies":[{"embeddable":true,"href":"https:\/\/latamjournalismreview.org\/es\/wp-json\/wp\/v2\/comments?post=61468"}],"version-history":[{"count":1,"href":"https:\/\/latamjournalismreview.org\/es\/wp-json\/wp\/v2\/posts\/61468\/revisions"}],"predecessor-version":[{"id":61472,"href":"https:\/\/latamjournalismreview.org\/es\/wp-json\/wp\/v2\/posts\/61468\/revisions\/61472"}],"wp:attachment":[{"href":"https:\/\/latamjournalismreview.org\/es\/wp-json\/wp\/v2\/media?parent=61468"}],"wp:term":[{"taxonomy":"category","embeddable":true,"href":"https:\/\/latamjournalismreview.org\/es\/wp-json\/wp\/v2\/categories?post=61468"},{"taxonomy":"post_tag","embeddable":true,"href":"https:\/\/latamjournalismreview.org\/es\/wp-json\/wp\/v2\/tags?post=61468"},{"taxonomy":"author","embeddable":true,"href":"https:\/\/latamjournalismreview.org\/es\/wp-json\/wp\/v2\/coauthors?post=61468"}],"curies":[{"name":"wp","href":"https:\/\/api.w.org\/{rel}","templated":true}]}}