{"id":62560,"date":"2010-10-14T12:21:15","date_gmt":"2010-10-14T17:21:15","guid":{"rendered":"https:\/\/latamjournalismreview.org\/?p=62560"},"modified":"2022-07-28T12:24:05","modified_gmt":"2022-07-28T17:24:05","slug":"candidato-brasileno-jose-serra-abandona-conferencia-de-prensa-molesto-con-los-medios","status":"publish","type":"post","link":"https:\/\/latamjournalismreview.org\/es\/articles\/candidato-brasileno-jose-serra-abandona-conferencia-de-prensa-molesto-con-los-medios\/","title":{"rendered":"Candidato brasile\u00f1o Jos\u00e9 Serra abandona conferencia de prensa molesto con los medios"},"content":{"rendered":"<p><em>Por Maira Magro<\/em><\/p>\n<p>El candidato a la presidencia del Partido de la Social Democracia Brasile\u00f1a (PSDB), Jos\u00e9 Serra,\u00a0<a href=\"http:\/\/ultimosegundo.ig.com.br\/eleicoes\/serra+se+irrita+com+pergunta+sobre+exdiretor+da+dersa\/n1237797836382.html\">se molest\u00f3 con la prensa durante una entrevista coletiva<\/a>\u00a0el mi\u00e9rcoles 13 de octubre en\u00a0<a href=\"http:\/\/es.wikipedia.org\/wiki\/Porto_Alegre\">Porto Alegre<\/a>, y\u00a0<a href=\"http:\/\/oglobo.globo.com\/pais\/noblat\/posts\/2010\/10\/14\/serra-ignora-perguntas-critica-jornal-332451.asp\">acus\u00f3 al peri\u00f3dico Valor Econ\u00f4mico de actuar en favor de su adversaria, la candidata Dilma Rousseff<\/a>, reportaron iG y Folha de S. Paulo.<\/p>\n<p>Interrogado sobre la denuncia que hiciera el ex director de Ingenier\u00eda de Dersa (empresa estatal paulista responsable de obras viales) sobre el desv\u00edo de fondos a la campa\u00f1a del PSDB, Serra pregunt\u00f3 al reportero para qu\u00e9 medio trabajaba, explica iG. Al ver que era un periodista de Valor Econ\u00f4mico, el candidato asegur\u00f3 que ese peri\u00f3dico no se interesa por el\u00a0<a href=\"http:\/\/www.bbc.co.uk\/mundo\/america_latina\/2010\/09\/100916_brasil_renuncia_ministra_presidencia_lav.shtml\">esc\u00e1ndalo que salpic\u00f3 a la Secretar\u00eda de Gobierno<\/a>\u00a0\u2014que encabezaba Rousseff\u2014 y \u201ccrea titulares\" para beneficiar al oficial Partido de los Trabajadores. Tras estas declaraciones, Serra abandon\u00f3 el lugar.<\/p>\n<p>En septiembre pasado, ante una serie de\u00a0<a href=\"http:\/\/veja.abril.com.br\/tema\/erenice-guerra-escandalo-na-casa-civil\">denuncias sobre tr\u00e1fico de influencias en la llamada \u201cCasa Civil\u201d<\/a>, Rousseff asegur\u00f3 que defiende la libertad de prensa, pero reclam\u00f3 que\u00a0<a href=\"http:\/\/noticias.terra.com.br\/eleicoes\/2010\/noticias\/0,,OI4692621-EI15315,00-Dilma+desabafa+jornais+estao+exagerando+pesado+comigo.html\">hay momentos en los que los peri\u00f3dicos son particularmente negativos con ella<\/a>, inform\u00f3 Terra. El presidente Luiz In\u00e1cio Lula da Silva tambi\u00e9n critic\u00f3 la cobertura del caso de cara a las elecciones del 3 de octubre, lo que gener\u00f3\u00a0<a href=\"http:\/\/knightcenter.utexas.edu\/es\/blog\/debate-sobre-libertad-de-expresion-se-polariza-mientras-elecciones-en-brasil-se-acercan\">varias manifestaciones<\/a>\u00a0a favor y en contra.<\/p>\n<p><em>Nota del editor: Esta historia fue publicada originalmente en el blog Periodismo en las Am\u00e9ricas del Centro Knight, el predecesor de LatAm Journalism Review.<\/em><\/p>\n","protected":false},"excerpt":{"rendered":"<p>El candidato a la presidencia del Partido de la Social Democracia Brasile\u00f1a (PSDB), Jos\u00e9 Serra,\u00a0se molest\u00f3 con la prensa durante una entrevista coletiva\u00a0el mi\u00e9rcoles 13 de octubre en\u00a0Porto Alegre, y\u00a0acus\u00f3 al peri\u00f3dico Valor Econ\u00f4mico de actuar en favor de su adversaria, la candidata Dilma Rousseff, reportaron iG y Folha de S. Paulo.<\/p>\n","protected":false},"author":17,"featured_media":0,"comment_status":"closed","ping_status":"closed","sticky":false,"template":"","format":"standard","meta":{"inline_featured_image":false,"footnotes":""},"categories":[1211],"tags":[1545],"coauthors":[],"class_list":["post-62560","post","type-post","status-publish","format-standard","hentry","category-modelo-de-negocio-es","tag-elecciones-es"],"acf":[],"yoast_head":"<!-- This site is optimized with the Yoast SEO Premium plugin v22.6 (Yoast SEO v27.4) - https:\/\/yoast.com\/product\/yoast-seo-premium-wordpress\/ -->\n<title>Candidato brasile\u00f1o Jos\u00e9 Serra abandona conferencia de prensa molesto con los medios - LatAm Journalism Review<\/title>\n<meta name=\"description\" content=\"Candidato brasile\u00f1o Jos\u00e9 Serra abandona conferencia de prensa molesto con los medios Modelo de negocio. Latin American Journalism Review by The Knight Center at The University of Texas at Austin.\" \/>\n<meta name=\"robots\" content=\"index, follow, max-snippet:-1, max-image-preview:large, max-video-preview:-1\" \/>\n<link rel=\"canonical\" href=\"https:\/\/latamjournalismreview.org\/es\/articles\/candidato-brasileno-jose-serra-abandona-conferencia-de-prensa-molesto-con-los-medios\/\" \/>\n<meta property=\"og:locale\" content=\"es_ES\" \/>\n<meta property=\"og:type\" content=\"article\" \/>\n<meta property=\"og:title\" content=\"Candidato brasile\u00f1o Jos\u00e9 Serra abandona conferencia de prensa molesto con los medios\" \/>\n<meta property=\"og:description\" content=\"Candidato brasile\u00f1o Jos\u00e9 Serra abandona conferencia de prensa molesto con los medios Modelo de negocio. Latin American Journalism Review by The Knight Center at The University of Texas at Austin.\" \/>\n<meta property=\"og:url\" content=\"https:\/\/latamjournalismreview.org\/es\/articles\/candidato-brasileno-jose-serra-abandona-conferencia-de-prensa-molesto-con-los-medios\/\" \/>\n<meta property=\"og:site_name\" content=\"LatAm Journalism Review\" \/>\n<meta property=\"article:published_time\" content=\"2010-10-14T17:21:15+00:00\" \/>\n<meta property=\"article:modified_time\" content=\"2022-07-28T17:24:05+00:00\" \/>\n<meta name=\"author\" content=\"Guest\" \/>\n<meta name=\"twitter:card\" content=\"summary_large_image\" \/>\n<meta name=\"twitter:creator\" content=\"@LatAmJournalism\" \/>\n<meta name=\"twitter:site\" content=\"@LatAmJournalism\" \/>\n<meta name=\"twitter:label1\" content=\"Written by\" \/>\n\t<meta name=\"twitter:data1\" content=\"Guest\" \/>\n\t<meta name=\"twitter:label2\" content=\"Est. reading time\" \/>\n\t<meta name=\"twitter:data2\" content=\"1 minuto\" \/>\n<script type=\"application\/ld+json\" class=\"yoast-schema-graph\">{\"@context\":\"https:\\\/\\\/schema.org\",\"@graph\":[{\"@type\":\"Article\",\"@id\":\"https:\\\/\\\/latamjournalismreview.org\\\/es\\\/articles\\\/candidato-brasileno-jose-serra-abandona-conferencia-de-prensa-molesto-con-los-medios\\\/#article\",\"isPartOf\":{\"@id\":\"https:\\\/\\\/latamjournalismreview.org\\\/es\\\/articles\\\/candidato-brasileno-jose-serra-abandona-conferencia-de-prensa-molesto-con-los-medios\\\/\"},\"author\":{\"name\":\"Guest\",\"@id\":\"https:\\\/\\\/latamjournalismreview.org\\\/es\\\/#\\\/schema\\\/person\\\/0315202e0b3c0963a2440f1c3012c360\"},\"headline\":\"Candidato brasile\u00f1o Jos\u00e9 Serra abandona conferencia de prensa molesto con los medios\",\"datePublished\":\"2010-10-14T17:21:15+00:00\",\"dateModified\":\"2022-07-28T17:24:05+00:00\",\"mainEntityOfPage\":{\"@id\":\"https:\\\/\\\/latamjournalismreview.org\\\/es\\\/articles\\\/candidato-brasileno-jose-serra-abandona-conferencia-de-prensa-molesto-con-los-medios\\\/\"},\"wordCount\":273,\"publisher\":{\"@id\":\"https:\\\/\\\/latamjournalismreview.org\\\/es\\\/#organization\"},\"keywords\":[\"Elecciones\"],\"articleSection\":[\"Modelo de negocio\"],\"inLanguage\":\"es\"},{\"@type\":\"WebPage\",\"@id\":\"https:\\\/\\\/latamjournalismreview.org\\\/es\\\/articles\\\/candidato-brasileno-jose-serra-abandona-conferencia-de-prensa-molesto-con-los-medios\\\/\",\"url\":\"https:\\\/\\\/latamjournalismreview.org\\\/es\\\/articles\\\/candidato-brasileno-jose-serra-abandona-conferencia-de-prensa-molesto-con-los-medios\\\/\",\"name\":\"Candidato brasile\u00f1o Jos\u00e9 Serra abandona conferencia de prensa molesto con los medios - LatAm Journalism Review\",\"isPartOf\":{\"@id\":\"https:\\\/\\\/latamjournalismreview.org\\\/es\\\/#website\"},\"datePublished\":\"2010-10-14T17:21:15+00:00\",\"dateModified\":\"2022-07-28T17:24:05+00:00\",\"description\":\"Candidato brasile\u00f1o Jos\u00e9 Serra abandona conferencia de prensa molesto con los medios Modelo de negocio. Latin American Journalism Review by The Knight Center at The University of Texas at Austin.\",\"breadcrumb\":{\"@id\":\"https:\\\/\\\/latamjournalismreview.org\\\/es\\\/articles\\\/candidato-brasileno-jose-serra-abandona-conferencia-de-prensa-molesto-con-los-medios\\\/#breadcrumb\"},\"inLanguage\":\"es\",\"potentialAction\":[{\"@type\":\"ReadAction\",\"target\":[\"https:\\\/\\\/latamjournalismreview.org\\\/es\\\/articles\\\/candidato-brasileno-jose-serra-abandona-conferencia-de-prensa-molesto-con-los-medios\\\/\"]}]},{\"@type\":\"BreadcrumbList\",\"@id\":\"https:\\\/\\\/latamjournalismreview.org\\\/es\\\/articles\\\/candidato-brasileno-jose-serra-abandona-conferencia-de-prensa-molesto-con-los-medios\\\/#breadcrumb\",\"itemListElement\":[{\"@type\":\"ListItem\",\"position\":1,\"name\":\"Home\",\"item\":\"https:\\\/\\\/latamjournalismreview.org\\\/es\\\/\"},{\"@type\":\"ListItem\",\"position\":2,\"name\":\"Candidato brasile\u00f1o Jos\u00e9 Serra abandona conferencia de prensa molesto con los medios\"}]},{\"@type\":\"WebSite\",\"@id\":\"https:\\\/\\\/latamjournalismreview.org\\\/es\\\/#website\",\"url\":\"https:\\\/\\\/latamjournalismreview.org\\\/es\\\/\",\"name\":\"LatAm Journalism Review\",\"description\":\"Knight Center at The University of Texas\",\"publisher\":{\"@id\":\"https:\\\/\\\/latamjournalismreview.org\\\/es\\\/#organization\"},\"potentialAction\":[{\"@type\":\"SearchAction\",\"target\":{\"@type\":\"EntryPoint\",\"urlTemplate\":\"https:\\\/\\\/latamjournalismreview.org\\\/es\\\/?s={search_term_string}\"},\"query-input\":{\"@type\":\"PropertyValueSpecification\",\"valueRequired\":true,\"valueName\":\"search_term_string\"}}],\"inLanguage\":\"es\"},{\"@type\":\"Organization\",\"@id\":\"https:\\\/\\\/latamjournalismreview.org\\\/es\\\/#organization\",\"name\":\"LatAm Journalism Review\",\"url\":\"https:\\\/\\\/latamjournalismreview.org\\\/es\\\/\",\"logo\":{\"@type\":\"ImageObject\",\"inLanguage\":\"es\",\"@id\":\"https:\\\/\\\/latamjournalismreview.org\\\/es\\\/#\\\/schema\\\/logo\\\/image\\\/\",\"url\":\"https:\\\/\\\/latamjournalismreview.org\\\/wp-content\\\/uploads\\\/2020\\\/05\\\/knight-latAm-review-logo.svg\",\"contentUrl\":\"https:\\\/\\\/latamjournalismreview.org\\\/wp-content\\\/uploads\\\/2020\\\/05\\\/knight-latAm-review-logo.svg\",\"width\":\"1024\",\"height\":\"1024\",\"caption\":\"LatAm Journalism Review\"},\"image\":{\"@id\":\"https:\\\/\\\/latamjournalismreview.org\\\/es\\\/#\\\/schema\\\/logo\\\/image\\\/\"},\"sameAs\":[\"https:\\\/\\\/x.com\\\/LatAmJournalism\"]},{\"@type\":\"Person\",\"@id\":\"https:\\\/\\\/latamjournalismreview.org\\\/es\\\/#\\\/schema\\\/person\\\/0315202e0b3c0963a2440f1c3012c360\",\"name\":\"Guest\",\"url\":\"https:\\\/\\\/latamjournalismreview.org\\\/es\\\/articles\\\/author\\\/guest\\\/\"}]}<\/script>\n<!-- \/ Yoast SEO Premium plugin. -->","yoast_head_json":{"title":"Candidato brasile\u00f1o Jos\u00e9 Serra abandona conferencia de prensa molesto con los medios - LatAm Journalism Review","description":"Candidato brasile\u00f1o Jos\u00e9 Serra abandona conferencia de prensa molesto con los medios Modelo de negocio. Latin American Journalism Review by The Knight Center at The University of Texas at Austin.","robots":{"index":"index","follow":"follow","max-snippet":"max-snippet:-1","max-image-preview":"max-image-preview:large","max-video-preview":"max-video-preview:-1"},"canonical":"https:\/\/latamjournalismreview.org\/es\/articles\/candidato-brasileno-jose-serra-abandona-conferencia-de-prensa-molesto-con-los-medios\/","og_locale":"es_ES","og_type":"article","og_title":"Candidato brasile\u00f1o Jos\u00e9 Serra abandona conferencia de prensa molesto con los medios","og_description":"Candidato brasile\u00f1o Jos\u00e9 Serra abandona conferencia de prensa molesto con los medios Modelo de negocio. Latin American Journalism Review by The Knight Center at The University of Texas at Austin.","og_url":"https:\/\/latamjournalismreview.org\/es\/articles\/candidato-brasileno-jose-serra-abandona-conferencia-de-prensa-molesto-con-los-medios\/","og_site_name":"LatAm Journalism Review","article_published_time":"2010-10-14T17:21:15+00:00","article_modified_time":"2022-07-28T17:24:05+00:00","author":"Guest","twitter_card":"summary_large_image","twitter_creator":"@LatAmJournalism","twitter_site":"@LatAmJournalism","twitter_misc":{"Written by":"Guest","Est. reading time":"1 minuto"},"schema":{"@context":"https:\/\/schema.org","@graph":[{"@type":"Article","@id":"https:\/\/latamjournalismreview.org\/es\/articles\/candidato-brasileno-jose-serra-abandona-conferencia-de-prensa-molesto-con-los-medios\/#article","isPartOf":{"@id":"https:\/\/latamjournalismreview.org\/es\/articles\/candidato-brasileno-jose-serra-abandona-conferencia-de-prensa-molesto-con-los-medios\/"},"author":{"name":"Guest","@id":"https:\/\/latamjournalismreview.org\/es\/#\/schema\/person\/0315202e0b3c0963a2440f1c3012c360"},"headline":"Candidato brasile\u00f1o Jos\u00e9 Serra abandona conferencia de prensa molesto con los medios","datePublished":"2010-10-14T17:21:15+00:00","dateModified":"2022-07-28T17:24:05+00:00","mainEntityOfPage":{"@id":"https:\/\/latamjournalismreview.org\/es\/articles\/candidato-brasileno-jose-serra-abandona-conferencia-de-prensa-molesto-con-los-medios\/"},"wordCount":273,"publisher":{"@id":"https:\/\/latamjournalismreview.org\/es\/#organization"},"keywords":["Elecciones"],"articleSection":["Modelo de negocio"],"inLanguage":"es"},{"@type":"WebPage","@id":"https:\/\/latamjournalismreview.org\/es\/articles\/candidato-brasileno-jose-serra-abandona-conferencia-de-prensa-molesto-con-los-medios\/","url":"https:\/\/latamjournalismreview.org\/es\/articles\/candidato-brasileno-jose-serra-abandona-conferencia-de-prensa-molesto-con-los-medios\/","name":"Candidato brasile\u00f1o Jos\u00e9 Serra abandona conferencia de prensa molesto con los medios - LatAm Journalism Review","isPartOf":{"@id":"https:\/\/latamjournalismreview.org\/es\/#website"},"datePublished":"2010-10-14T17:21:15+00:00","dateModified":"2022-07-28T17:24:05+00:00","description":"Candidato brasile\u00f1o Jos\u00e9 Serra abandona conferencia de prensa molesto con los medios Modelo de negocio. Latin American Journalism Review by The Knight Center at The University of Texas at Austin.","breadcrumb":{"@id":"https:\/\/latamjournalismreview.org\/es\/articles\/candidato-brasileno-jose-serra-abandona-conferencia-de-prensa-molesto-con-los-medios\/#breadcrumb"},"inLanguage":"es","potentialAction":[{"@type":"ReadAction","target":["https:\/\/latamjournalismreview.org\/es\/articles\/candidato-brasileno-jose-serra-abandona-conferencia-de-prensa-molesto-con-los-medios\/"]}]},{"@type":"BreadcrumbList","@id":"https:\/\/latamjournalismreview.org\/es\/articles\/candidato-brasileno-jose-serra-abandona-conferencia-de-prensa-molesto-con-los-medios\/#breadcrumb","itemListElement":[{"@type":"ListItem","position":1,"name":"Home","item":"https:\/\/latamjournalismreview.org\/es\/"},{"@type":"ListItem","position":2,"name":"Candidato brasile\u00f1o Jos\u00e9 Serra abandona conferencia de prensa molesto con los medios"}]},{"@type":"WebSite","@id":"https:\/\/latamjournalismreview.org\/es\/#website","url":"https:\/\/latamjournalismreview.org\/es\/","name":"LatAm Journalism Review","description":"Knight Center at The University of Texas","publisher":{"@id":"https:\/\/latamjournalismreview.org\/es\/#organization"},"potentialAction":[{"@type":"SearchAction","target":{"@type":"EntryPoint","urlTemplate":"https:\/\/latamjournalismreview.org\/es\/?s={search_term_string}"},"query-input":{"@type":"PropertyValueSpecification","valueRequired":true,"valueName":"search_term_string"}}],"inLanguage":"es"},{"@type":"Organization","@id":"https:\/\/latamjournalismreview.org\/es\/#organization","name":"LatAm Journalism Review","url":"https:\/\/latamjournalismreview.org\/es\/","logo":{"@type":"ImageObject","inLanguage":"es","@id":"https:\/\/latamjournalismreview.org\/es\/#\/schema\/logo\/image\/","url":"https:\/\/latamjournalismreview.org\/wp-content\/uploads\/2020\/05\/knight-latAm-review-logo.svg","contentUrl":"https:\/\/latamjournalismreview.org\/wp-content\/uploads\/2020\/05\/knight-latAm-review-logo.svg","width":"1024","height":"1024","caption":"LatAm Journalism Review"},"image":{"@id":"https:\/\/latamjournalismreview.org\/es\/#\/schema\/logo\/image\/"},"sameAs":["https:\/\/x.com\/LatAmJournalism"]},{"@type":"Person","@id":"https:\/\/latamjournalismreview.org\/es\/#\/schema\/person\/0315202e0b3c0963a2440f1c3012c360","name":"Guest","url":"https:\/\/latamjournalismreview.org\/es\/articles\/author\/guest\/"}]}},"_links":{"self":[{"href":"https:\/\/latamjournalismreview.org\/es\/wp-json\/wp\/v2\/posts\/62560","targetHints":{"allow":["GET"]}}],"collection":[{"href":"https:\/\/latamjournalismreview.org\/es\/wp-json\/wp\/v2\/posts"}],"about":[{"href":"https:\/\/latamjournalismreview.org\/es\/wp-json\/wp\/v2\/types\/post"}],"author":[{"embeddable":true,"href":"https:\/\/latamjournalismreview.org\/es\/wp-json\/wp\/v2\/users\/17"}],"replies":[{"embeddable":true,"href":"https:\/\/latamjournalismreview.org\/es\/wp-json\/wp\/v2\/comments?post=62560"}],"version-history":[{"count":2,"href":"https:\/\/latamjournalismreview.org\/es\/wp-json\/wp\/v2\/posts\/62560\/revisions"}],"predecessor-version":[{"id":62567,"href":"https:\/\/latamjournalismreview.org\/es\/wp-json\/wp\/v2\/posts\/62560\/revisions\/62567"}],"wp:attachment":[{"href":"https:\/\/latamjournalismreview.org\/es\/wp-json\/wp\/v2\/media?parent=62560"}],"wp:term":[{"taxonomy":"category","embeddable":true,"href":"https:\/\/latamjournalismreview.org\/es\/wp-json\/wp\/v2\/categories?post=62560"},{"taxonomy":"post_tag","embeddable":true,"href":"https:\/\/latamjournalismreview.org\/es\/wp-json\/wp\/v2\/tags?post=62560"},{"taxonomy":"author","embeddable":true,"href":"https:\/\/latamjournalismreview.org\/es\/wp-json\/wp\/v2\/coauthors?post=62560"}],"curies":[{"name":"wp","href":"https:\/\/api.w.org\/{rel}","templated":true}]}}