{"id":62711,"date":"2010-10-21T13:18:21","date_gmt":"2010-10-21T18:18:21","guid":{"rendered":"https:\/\/latamjournalismreview.org\/?p=62711"},"modified":"2022-07-29T13:20:48","modified_gmt":"2022-07-29T18:20:48","slug":"union-europea-otorga-premio-al-periodista-y-disidente-cubano-guillermo-farinas","status":"publish","type":"post","link":"https:\/\/latamjournalismreview.org\/es\/articles\/union-europea-otorga-premio-al-periodista-y-disidente-cubano-guillermo-farinas\/","title":{"rendered":"Uni\u00f3n Europea otorga premio al periodista y disidente cubano Guillermo Fari\u00f1as"},"content":{"rendered":"<p><em>Por Ingrid Bachmann<\/em><\/p>\n<p>El\u00a0<a href=\"http:\/\/www.elnuevoherald.com\/2010\/10\/21\/823521\/ue-otorga-premio-sajarov-a-disidente.html\">Parlamento Europeo concedi\u00f3 el Premio Sajarov<\/a>\u00a0a la\u00a0<a href=\"http:\/\/www.europapress.es\/epsocial\/politica-social\/noticia-cuba-disidente-cubano-guillermo-farinas-premio-sajarov-libertad-conciencia-20101021123208.html\">libertad de conciencia al cubano Guillermo Fari\u00f1as<\/a>, el periodista y disidente que pasara\u00a0<a href=\"http:\/\/knightcenter.utexas.edu\/es\/search\/node\/guillermo%20fari%C3%B1as%20type%3Ablog\">m\u00e1s de 4 meses en huelga de hambre<\/a>\u00a0como presi\u00f3n para que las autoridades liberaran a los presos pol\u00edticos en la isla, reportaron las agencias Europa Press y Associated Press. El premio contempla la entrega de 60.000 d\u00f3lares.<\/p>\n<p>Seg\u00fan la agencia AFP, Fari\u00f1as es\u00a0<a href=\"http:\/\/www.google.com\/hostednews\/afp\/article\/ALeqM5gyWzRFkXQvsPCAXk9vsxUOZ0TlVw\">el tercer opositor cubano en recibir este galard\u00f3n<\/a>\u00a0a la libertad y los derechos humanos. El activista\u00a0<a href=\"http:\/\/es.wikipedia.org\/wiki\/Oswaldo_Pay%C3%A1\">Oswaldo Pay\u00e1<\/a>\u00a0lo obtuvo en 2002 y las\u00a0<a href=\"http:\/\/es.wikipedia.org\/wiki\/Damas_de_Blanco\">Damas de Blanco<\/a>, grupo que re\u00fane a esposas y familiares de presos pol\u00edticos, en 2005.<\/p>\n<p>\u201c<a href=\"http:\/\/www.elnuevoherald.com\/2010\/10\/21\/823513\/farinas-acoge-el-premio-sajarov.html\">No es un premio a Guillermo Fari\u00f1as, sino a todo el pueblo cubano<\/a>\u00a0que hace 50 a\u00f1os est\u00e1 luchando por salir de esta dictadura\u201d, dijo el disidente, citado por El Nuevo Herald. \u201cEl premio es un mensaje bastante directo a los gobernante cubanos que han hecho bien poco\u201d a\u00f1adi\u00f3 en una entrevista con la Associated Press.<\/p>\n<p>Fari\u00f1as asegur\u00f3 que\u00a0<a href=\"http:\/\/www.ansa.it\/ansalatina\/notizie\/notiziari\/cuba\/20101021174235163763.html\">pretende viajar en diciembre a recibir el premio<\/a>\u00a0y no descart\u00f3 iniciar una nueva huelga de hambre si las autoridades cubanas no le dan el permiso de salida del pa\u00eds, explica la agencia ANSA.<\/p>\n<p><em>Nota del editor: Esta historia fue publicada originalmente en el blog Periodismo en las Am\u00e9ricas del Centro Knight, el predecesor de LatAm Journalism Review.<\/em><\/p>\n","protected":false},"excerpt":{"rendered":"<p>El\u00a0Parlamento Europeo concedi\u00f3 el Premio Sajarov\u00a0a la\u00a0libertad de conciencia al cubano Guillermo Fari\u00f1as, el periodista y disidente que pasara\u00a0m\u00e1s de 4 meses en huelga de hambre\u00a0como presi\u00f3n para que las autoridades liberaran a los presos pol\u00edticos en la isla, reportaron las agencias Europa Press y Associated Press. El premio contempla la entrega de 60.000 d\u00f3lares.<\/p>\n","protected":false},"author":17,"featured_media":0,"comment_status":"closed","ping_status":"closed","sticky":false,"template":"","format":"standard","meta":{"inline_featured_image":false,"footnotes":""},"categories":[1354],"tags":[1399,1428],"coauthors":[],"class_list":["post-62711","post","type-post","status-publish","format-standard","hentry","category-premios-y-oportunidades-es","tag-cuba-es-2","tag-premios-es"],"acf":[],"yoast_head":"<!-- This site is optimized with the Yoast SEO Premium plugin v22.6 (Yoast SEO v27.4) - https:\/\/yoast.com\/product\/yoast-seo-premium-wordpress\/ -->\n<title>Uni\u00f3n Europea otorga premio al periodista y disidente cubano Guillermo Fari\u00f1as - LatAm Journalism Review<\/title>\n<meta name=\"description\" content=\"Uni\u00f3n Europea otorga premio al periodista y disidente cubano Guillermo Fari\u00f1as Premios y oportunidades. Latin American Journalism Review by The Knight Center at The University of Texas at Austin.\" \/>\n<meta name=\"robots\" content=\"index, follow, max-snippet:-1, max-image-preview:large, max-video-preview:-1\" \/>\n<link rel=\"canonical\" href=\"https:\/\/latamjournalismreview.org\/es\/articles\/union-europea-otorga-premio-al-periodista-y-disidente-cubano-guillermo-farinas\/\" \/>\n<meta property=\"og:locale\" content=\"es_ES\" \/>\n<meta property=\"og:type\" content=\"article\" \/>\n<meta property=\"og:title\" content=\"Uni\u00f3n Europea otorga premio al periodista y disidente cubano Guillermo Fari\u00f1as\" \/>\n<meta property=\"og:description\" content=\"Uni\u00f3n Europea otorga premio al periodista y disidente cubano Guillermo Fari\u00f1as Premios y oportunidades. Latin American Journalism Review by The Knight Center at The University of Texas at Austin.\" \/>\n<meta property=\"og:url\" content=\"https:\/\/latamjournalismreview.org\/es\/articles\/union-europea-otorga-premio-al-periodista-y-disidente-cubano-guillermo-farinas\/\" \/>\n<meta property=\"og:site_name\" content=\"LatAm Journalism Review\" \/>\n<meta property=\"article:published_time\" content=\"2010-10-21T18:18:21+00:00\" \/>\n<meta property=\"article:modified_time\" content=\"2022-07-29T18:20:48+00:00\" \/>\n<meta name=\"author\" content=\"Guest\" \/>\n<meta name=\"twitter:card\" content=\"summary_large_image\" \/>\n<meta name=\"twitter:creator\" content=\"@LatAmJournalism\" \/>\n<meta name=\"twitter:site\" content=\"@LatAmJournalism\" \/>\n<meta name=\"twitter:label1\" content=\"Written by\" \/>\n\t<meta name=\"twitter:data1\" content=\"Guest\" \/>\n\t<meta name=\"twitter:label2\" content=\"Est. reading time\" \/>\n\t<meta name=\"twitter:data2\" content=\"1 minuto\" \/>\n<script type=\"application\/ld+json\" class=\"yoast-schema-graph\">{\"@context\":\"https:\\\/\\\/schema.org\",\"@graph\":[{\"@type\":\"Article\",\"@id\":\"https:\\\/\\\/latamjournalismreview.org\\\/es\\\/articles\\\/union-europea-otorga-premio-al-periodista-y-disidente-cubano-guillermo-farinas\\\/#article\",\"isPartOf\":{\"@id\":\"https:\\\/\\\/latamjournalismreview.org\\\/es\\\/articles\\\/union-europea-otorga-premio-al-periodista-y-disidente-cubano-guillermo-farinas\\\/\"},\"author\":{\"name\":\"Guest\",\"@id\":\"https:\\\/\\\/latamjournalismreview.org\\\/es\\\/#\\\/schema\\\/person\\\/0315202e0b3c0963a2440f1c3012c360\"},\"headline\":\"Uni\u00f3n Europea otorga premio al periodista y disidente cubano Guillermo Fari\u00f1as\",\"datePublished\":\"2010-10-21T18:18:21+00:00\",\"dateModified\":\"2022-07-29T18:20:48+00:00\",\"mainEntityOfPage\":{\"@id\":\"https:\\\/\\\/latamjournalismreview.org\\\/es\\\/articles\\\/union-europea-otorga-premio-al-periodista-y-disidente-cubano-guillermo-farinas\\\/\"},\"wordCount\":250,\"publisher\":{\"@id\":\"https:\\\/\\\/latamjournalismreview.org\\\/es\\\/#organization\"},\"keywords\":[\"Cuba\",\"Premios\"],\"articleSection\":[\"Premios y oportunidades\"],\"inLanguage\":\"es\"},{\"@type\":\"WebPage\",\"@id\":\"https:\\\/\\\/latamjournalismreview.org\\\/es\\\/articles\\\/union-europea-otorga-premio-al-periodista-y-disidente-cubano-guillermo-farinas\\\/\",\"url\":\"https:\\\/\\\/latamjournalismreview.org\\\/es\\\/articles\\\/union-europea-otorga-premio-al-periodista-y-disidente-cubano-guillermo-farinas\\\/\",\"name\":\"Uni\u00f3n Europea otorga premio al periodista y disidente cubano Guillermo Fari\u00f1as - LatAm Journalism Review\",\"isPartOf\":{\"@id\":\"https:\\\/\\\/latamjournalismreview.org\\\/es\\\/#website\"},\"datePublished\":\"2010-10-21T18:18:21+00:00\",\"dateModified\":\"2022-07-29T18:20:48+00:00\",\"description\":\"Uni\u00f3n Europea otorga premio al periodista y disidente cubano Guillermo Fari\u00f1as Premios y oportunidades. Latin American Journalism Review by The Knight Center at The University of Texas at Austin.\",\"breadcrumb\":{\"@id\":\"https:\\\/\\\/latamjournalismreview.org\\\/es\\\/articles\\\/union-europea-otorga-premio-al-periodista-y-disidente-cubano-guillermo-farinas\\\/#breadcrumb\"},\"inLanguage\":\"es\",\"potentialAction\":[{\"@type\":\"ReadAction\",\"target\":[\"https:\\\/\\\/latamjournalismreview.org\\\/es\\\/articles\\\/union-europea-otorga-premio-al-periodista-y-disidente-cubano-guillermo-farinas\\\/\"]}]},{\"@type\":\"BreadcrumbList\",\"@id\":\"https:\\\/\\\/latamjournalismreview.org\\\/es\\\/articles\\\/union-europea-otorga-premio-al-periodista-y-disidente-cubano-guillermo-farinas\\\/#breadcrumb\",\"itemListElement\":[{\"@type\":\"ListItem\",\"position\":1,\"name\":\"Home\",\"item\":\"https:\\\/\\\/latamjournalismreview.org\\\/es\\\/\"},{\"@type\":\"ListItem\",\"position\":2,\"name\":\"Uni\u00f3n Europea otorga premio al periodista y disidente cubano Guillermo Fari\u00f1as\"}]},{\"@type\":\"WebSite\",\"@id\":\"https:\\\/\\\/latamjournalismreview.org\\\/es\\\/#website\",\"url\":\"https:\\\/\\\/latamjournalismreview.org\\\/es\\\/\",\"name\":\"LatAm Journalism Review\",\"description\":\"Knight Center at The University of Texas\",\"publisher\":{\"@id\":\"https:\\\/\\\/latamjournalismreview.org\\\/es\\\/#organization\"},\"potentialAction\":[{\"@type\":\"SearchAction\",\"target\":{\"@type\":\"EntryPoint\",\"urlTemplate\":\"https:\\\/\\\/latamjournalismreview.org\\\/es\\\/?s={search_term_string}\"},\"query-input\":{\"@type\":\"PropertyValueSpecification\",\"valueRequired\":true,\"valueName\":\"search_term_string\"}}],\"inLanguage\":\"es\"},{\"@type\":\"Organization\",\"@id\":\"https:\\\/\\\/latamjournalismreview.org\\\/es\\\/#organization\",\"name\":\"LatAm Journalism Review\",\"url\":\"https:\\\/\\\/latamjournalismreview.org\\\/es\\\/\",\"logo\":{\"@type\":\"ImageObject\",\"inLanguage\":\"es\",\"@id\":\"https:\\\/\\\/latamjournalismreview.org\\\/es\\\/#\\\/schema\\\/logo\\\/image\\\/\",\"url\":\"https:\\\/\\\/latamjournalismreview.org\\\/wp-content\\\/uploads\\\/2020\\\/05\\\/knight-latAm-review-logo.svg\",\"contentUrl\":\"https:\\\/\\\/latamjournalismreview.org\\\/wp-content\\\/uploads\\\/2020\\\/05\\\/knight-latAm-review-logo.svg\",\"width\":\"1024\",\"height\":\"1024\",\"caption\":\"LatAm Journalism Review\"},\"image\":{\"@id\":\"https:\\\/\\\/latamjournalismreview.org\\\/es\\\/#\\\/schema\\\/logo\\\/image\\\/\"},\"sameAs\":[\"https:\\\/\\\/x.com\\\/LatAmJournalism\"]},{\"@type\":\"Person\",\"@id\":\"https:\\\/\\\/latamjournalismreview.org\\\/es\\\/#\\\/schema\\\/person\\\/0315202e0b3c0963a2440f1c3012c360\",\"name\":\"Guest\",\"url\":\"https:\\\/\\\/latamjournalismreview.org\\\/es\\\/articles\\\/author\\\/guest\\\/\"}]}<\/script>\n<!-- \/ Yoast SEO Premium plugin. -->","yoast_head_json":{"title":"Uni\u00f3n Europea otorga premio al periodista y disidente cubano Guillermo Fari\u00f1as - LatAm Journalism Review","description":"Uni\u00f3n Europea otorga premio al periodista y disidente cubano Guillermo Fari\u00f1as Premios y oportunidades. Latin American Journalism Review by The Knight Center at The University of Texas at Austin.","robots":{"index":"index","follow":"follow","max-snippet":"max-snippet:-1","max-image-preview":"max-image-preview:large","max-video-preview":"max-video-preview:-1"},"canonical":"https:\/\/latamjournalismreview.org\/es\/articles\/union-europea-otorga-premio-al-periodista-y-disidente-cubano-guillermo-farinas\/","og_locale":"es_ES","og_type":"article","og_title":"Uni\u00f3n Europea otorga premio al periodista y disidente cubano Guillermo Fari\u00f1as","og_description":"Uni\u00f3n Europea otorga premio al periodista y disidente cubano Guillermo Fari\u00f1as Premios y oportunidades. Latin American Journalism Review by The Knight Center at The University of Texas at Austin.","og_url":"https:\/\/latamjournalismreview.org\/es\/articles\/union-europea-otorga-premio-al-periodista-y-disidente-cubano-guillermo-farinas\/","og_site_name":"LatAm Journalism Review","article_published_time":"2010-10-21T18:18:21+00:00","article_modified_time":"2022-07-29T18:20:48+00:00","author":"Guest","twitter_card":"summary_large_image","twitter_creator":"@LatAmJournalism","twitter_site":"@LatAmJournalism","twitter_misc":{"Written by":"Guest","Est. reading time":"1 minuto"},"schema":{"@context":"https:\/\/schema.org","@graph":[{"@type":"Article","@id":"https:\/\/latamjournalismreview.org\/es\/articles\/union-europea-otorga-premio-al-periodista-y-disidente-cubano-guillermo-farinas\/#article","isPartOf":{"@id":"https:\/\/latamjournalismreview.org\/es\/articles\/union-europea-otorga-premio-al-periodista-y-disidente-cubano-guillermo-farinas\/"},"author":{"name":"Guest","@id":"https:\/\/latamjournalismreview.org\/es\/#\/schema\/person\/0315202e0b3c0963a2440f1c3012c360"},"headline":"Uni\u00f3n Europea otorga premio al periodista y disidente cubano Guillermo Fari\u00f1as","datePublished":"2010-10-21T18:18:21+00:00","dateModified":"2022-07-29T18:20:48+00:00","mainEntityOfPage":{"@id":"https:\/\/latamjournalismreview.org\/es\/articles\/union-europea-otorga-premio-al-periodista-y-disidente-cubano-guillermo-farinas\/"},"wordCount":250,"publisher":{"@id":"https:\/\/latamjournalismreview.org\/es\/#organization"},"keywords":["Cuba","Premios"],"articleSection":["Premios y oportunidades"],"inLanguage":"es"},{"@type":"WebPage","@id":"https:\/\/latamjournalismreview.org\/es\/articles\/union-europea-otorga-premio-al-periodista-y-disidente-cubano-guillermo-farinas\/","url":"https:\/\/latamjournalismreview.org\/es\/articles\/union-europea-otorga-premio-al-periodista-y-disidente-cubano-guillermo-farinas\/","name":"Uni\u00f3n Europea otorga premio al periodista y disidente cubano Guillermo Fari\u00f1as - LatAm Journalism Review","isPartOf":{"@id":"https:\/\/latamjournalismreview.org\/es\/#website"},"datePublished":"2010-10-21T18:18:21+00:00","dateModified":"2022-07-29T18:20:48+00:00","description":"Uni\u00f3n Europea otorga premio al periodista y disidente cubano Guillermo Fari\u00f1as Premios y oportunidades. Latin American Journalism Review by The Knight Center at The University of Texas at Austin.","breadcrumb":{"@id":"https:\/\/latamjournalismreview.org\/es\/articles\/union-europea-otorga-premio-al-periodista-y-disidente-cubano-guillermo-farinas\/#breadcrumb"},"inLanguage":"es","potentialAction":[{"@type":"ReadAction","target":["https:\/\/latamjournalismreview.org\/es\/articles\/union-europea-otorga-premio-al-periodista-y-disidente-cubano-guillermo-farinas\/"]}]},{"@type":"BreadcrumbList","@id":"https:\/\/latamjournalismreview.org\/es\/articles\/union-europea-otorga-premio-al-periodista-y-disidente-cubano-guillermo-farinas\/#breadcrumb","itemListElement":[{"@type":"ListItem","position":1,"name":"Home","item":"https:\/\/latamjournalismreview.org\/es\/"},{"@type":"ListItem","position":2,"name":"Uni\u00f3n Europea otorga premio al periodista y disidente cubano Guillermo Fari\u00f1as"}]},{"@type":"WebSite","@id":"https:\/\/latamjournalismreview.org\/es\/#website","url":"https:\/\/latamjournalismreview.org\/es\/","name":"LatAm Journalism Review","description":"Knight Center at The University of Texas","publisher":{"@id":"https:\/\/latamjournalismreview.org\/es\/#organization"},"potentialAction":[{"@type":"SearchAction","target":{"@type":"EntryPoint","urlTemplate":"https:\/\/latamjournalismreview.org\/es\/?s={search_term_string}"},"query-input":{"@type":"PropertyValueSpecification","valueRequired":true,"valueName":"search_term_string"}}],"inLanguage":"es"},{"@type":"Organization","@id":"https:\/\/latamjournalismreview.org\/es\/#organization","name":"LatAm Journalism Review","url":"https:\/\/latamjournalismreview.org\/es\/","logo":{"@type":"ImageObject","inLanguage":"es","@id":"https:\/\/latamjournalismreview.org\/es\/#\/schema\/logo\/image\/","url":"https:\/\/latamjournalismreview.org\/wp-content\/uploads\/2020\/05\/knight-latAm-review-logo.svg","contentUrl":"https:\/\/latamjournalismreview.org\/wp-content\/uploads\/2020\/05\/knight-latAm-review-logo.svg","width":"1024","height":"1024","caption":"LatAm Journalism Review"},"image":{"@id":"https:\/\/latamjournalismreview.org\/es\/#\/schema\/logo\/image\/"},"sameAs":["https:\/\/x.com\/LatAmJournalism"]},{"@type":"Person","@id":"https:\/\/latamjournalismreview.org\/es\/#\/schema\/person\/0315202e0b3c0963a2440f1c3012c360","name":"Guest","url":"https:\/\/latamjournalismreview.org\/es\/articles\/author\/guest\/"}]}},"_links":{"self":[{"href":"https:\/\/latamjournalismreview.org\/es\/wp-json\/wp\/v2\/posts\/62711","targetHints":{"allow":["GET"]}}],"collection":[{"href":"https:\/\/latamjournalismreview.org\/es\/wp-json\/wp\/v2\/posts"}],"about":[{"href":"https:\/\/latamjournalismreview.org\/es\/wp-json\/wp\/v2\/types\/post"}],"author":[{"embeddable":true,"href":"https:\/\/latamjournalismreview.org\/es\/wp-json\/wp\/v2\/users\/17"}],"replies":[{"embeddable":true,"href":"https:\/\/latamjournalismreview.org\/es\/wp-json\/wp\/v2\/comments?post=62711"}],"version-history":[{"count":1,"href":"https:\/\/latamjournalismreview.org\/es\/wp-json\/wp\/v2\/posts\/62711\/revisions"}],"predecessor-version":[{"id":62715,"href":"https:\/\/latamjournalismreview.org\/es\/wp-json\/wp\/v2\/posts\/62711\/revisions\/62715"}],"wp:attachment":[{"href":"https:\/\/latamjournalismreview.org\/es\/wp-json\/wp\/v2\/media?parent=62711"}],"wp:term":[{"taxonomy":"category","embeddable":true,"href":"https:\/\/latamjournalismreview.org\/es\/wp-json\/wp\/v2\/categories?post=62711"},{"taxonomy":"post_tag","embeddable":true,"href":"https:\/\/latamjournalismreview.org\/es\/wp-json\/wp\/v2\/tags?post=62711"},{"taxonomy":"author","embeddable":true,"href":"https:\/\/latamjournalismreview.org\/es\/wp-json\/wp\/v2\/coauthors?post=62711"}],"curies":[{"name":"wp","href":"https:\/\/api.w.org\/{rel}","templated":true}]}}