{"id":62891,"date":"2010-10-28T20:38:48","date_gmt":"2010-10-29T01:38:48","guid":{"rendered":"https:\/\/latamjournalismreview.org\/?p=62891"},"modified":"2022-07-31T20:41:06","modified_gmt":"2022-08-01T01:41:06","slug":"policia-federal-brasilena-cita-a-director-de-periodico-a-declarar-en-caso-de-violacion-de-secreto-fiscal","status":"publish","type":"post","link":"https:\/\/latamjournalismreview.org\/es\/articles\/policia-federal-brasilena-cita-a-director-de-periodico-a-declarar-en-caso-de-violacion-de-secreto-fiscal\/","title":{"rendered":"Pol\u00edcia federal brasile\u00f1a cita a director de peri\u00f3dico a declarar en caso de violaci\u00f3n de secreto fiscal"},"content":{"rendered":"<p><em>Por Maira Magro<\/em><\/p>\n<p>En Brasil, el\u00a0<a href=\"http:\/\/noticias.terra.com.br\/eleicoes\/2010\/noticias\/0,,OI4759071-EI15315,00-PF+vai+convocar+diretor+do+iEstado+de+Minasi+para+depor.html\">director de redacci\u00f3n del diario Estado de Minas<\/a>, Josemar Gimenez, ser\u00e1 citado por la polic\u00eda federal para que declare en la\u00a0<a href=\"http:\/\/knightcenter.utexas.edu\/es\/blog\/periodista-podria-ser-procesado-por-violar-secreto-fiscal-en-brasil\">investigaci\u00f3n por la violaci\u00f3n al secreto fiscal de familiares y otras personas vinculadas al candidato presidencial Jos\u00e9 Serra<\/a>, del opositor Partido de la Social Democracia Brasile\u00f1a (PSDB), informaci\u00f3n que ser\u00eda usada en un supuesto reportaje en el peri\u00f3dico, inform\u00f3 Terra.<\/p>\n<p>El objetivo es confirmar si Amaury Ribeiro J\u00fanior, ex reportero de Estado de Minas, solicitaba documentos confidenciales a nombre del peri\u00f3dico. El lunes 25 de octubre, explica \u00c9poca,\u00a0<a href=\"http:\/\/revistaepoca.globo.com\/Revista\/Epoca\/0,,EMI182175-18176,00-JORNALISTA+AMAURY+RIBEIRO+JUNIOR+E+INDICIADO+POR+VIOLACAO+DE+SIGILO.html\">Ribeiro fue procesado por cuatro delitos en relaci\u00f3n a este caso<\/a>: violaci\u00f3n de secreto fiscal, cohecho, uso de documentos falsos y ofrecimiento de soborno a un testigo.<\/p>\n<p>Ribeiro asegura que comenz\u00f3 sus indagaciones\u00a0<a href=\"http:\/\/www.cartacapital.com.br\/politica\/quebra-do-sigilo-fiscal-ribeiro-jr-agia-em-nome-do-jornal-estado-de-minas\">cuando trabajaba para el diario<\/a>\u00a0y que los\u00a0<a href=\"http:\/\/g1.globo.com\/especiais\/eleicoes-2010\/noticia\/2010\/10\/deputado-do-pt-nega-que-tenha-roubado-dados-de-laptop-de-jornalista.html\">documentos recolectados habr\u00edan sido robados de su computadora personal<\/a>\u00a0por miembros del oficialista Partido de los Trabajadores.<\/p>\n<p><em><span data-sheets-value=\"{&quot;1&quot;:2,&quot;2&quot;:&quot;Nota del editor: Esta historia fue publicada originalmente en el blog Periodismo en las Am\u00e9ricas del Centro Knight, el predecesor de LatAm Journalism Review.&quot;}\" data-sheets-userformat=\"{&quot;2&quot;:14754,&quot;4&quot;:{&quot;1&quot;:2,&quot;2&quot;:16777215},&quot;8&quot;:{&quot;1&quot;:[{&quot;1&quot;:2,&quot;2&quot;:0,&quot;5&quot;:{&quot;1&quot;:0}},{&quot;1&quot;:0,&quot;2&quot;:0,&quot;3&quot;:3},{&quot;1&quot;:1,&quot;2&quot;:0,&quot;4&quot;:1}]},&quot;10&quot;:2,&quot;11&quot;:0,&quot;14&quot;:{&quot;1&quot;:2,&quot;2&quot;:3358536},&quot;15&quot;:&quot;Arial&quot;,&quot;16&quot;:11}\">Nota del editor: Esta historia fue publicada originalmente en el blog Periodismo en las Am\u00e9ricas del Centro Knight, el predecesor de LatAm Journalism Review.<\/span><\/em><\/p>\n","protected":false},"excerpt":{"rendered":"<p>En Brasil, el\u00a0director de redacci\u00f3n del diario Estado de Minas, Josemar Gimenez, ser\u00e1 citado por la polic\u00eda federal para que declare en la\u00a0investigaci\u00f3n por la violaci\u00f3n al secreto fiscal de familiares y otras personas vinculadas al candidato presidencial Jos\u00e9 Serra, del opositor Partido de la Social Democracia Brasile\u00f1a (PSDB), informaci\u00f3n que ser\u00eda usada en un supuesto reportaje en el peri\u00f3dico, inform\u00f3 Terra.<\/p>\n","protected":false},"author":17,"featured_media":0,"comment_status":"closed","ping_status":"closed","sticky":false,"template":"","format":"standard","meta":{"inline_featured_image":false,"footnotes":""},"categories":[1227],"tags":[1545],"coauthors":[],"class_list":["post-62891","post","type-post","status-publish","format-standard","hentry","category-acceso-a-la-informacion-es","tag-elecciones-es"],"acf":[],"yoast_head":"<!-- This site is optimized with the Yoast SEO Premium plugin v22.6 (Yoast SEO v27.4) - https:\/\/yoast.com\/product\/yoast-seo-premium-wordpress\/ -->\n<title>Pol\u00edcia federal brasile\u00f1a cita a director de peri\u00f3dico a declarar en caso de violaci\u00f3n de secreto fiscal - LatAm Journalism Review<\/title>\n<meta name=\"description\" content=\"Pol\u00edcia federal brasile\u00f1a cita a director de peri\u00f3dico a declarar en caso de violaci\u00f3n de secreto fiscal Acceso a la Informaci\u00f3n. Latin American Journalism Review by The Knight Center at The University of Texas at Austin.\" \/>\n<meta name=\"robots\" content=\"index, follow, max-snippet:-1, max-image-preview:large, max-video-preview:-1\" \/>\n<link rel=\"canonical\" href=\"https:\/\/latamjournalismreview.org\/es\/articles\/policia-federal-brasilena-cita-a-director-de-periodico-a-declarar-en-caso-de-violacion-de-secreto-fiscal\/\" \/>\n<meta property=\"og:locale\" content=\"es_ES\" \/>\n<meta property=\"og:type\" content=\"article\" \/>\n<meta property=\"og:title\" content=\"Pol\u00edcia federal brasile\u00f1a cita a director de peri\u00f3dico a declarar en caso de violaci\u00f3n de secreto fiscal\" \/>\n<meta property=\"og:description\" content=\"Pol\u00edcia federal brasile\u00f1a cita a director de peri\u00f3dico a declarar en caso de violaci\u00f3n de secreto fiscal Acceso a la Informaci\u00f3n. Latin American Journalism Review by The Knight Center at The University of Texas at Austin.\" \/>\n<meta property=\"og:url\" content=\"https:\/\/latamjournalismreview.org\/es\/articles\/policia-federal-brasilena-cita-a-director-de-periodico-a-declarar-en-caso-de-violacion-de-secreto-fiscal\/\" \/>\n<meta property=\"og:site_name\" content=\"LatAm Journalism Review\" \/>\n<meta property=\"article:published_time\" content=\"2010-10-29T01:38:48+00:00\" \/>\n<meta property=\"article:modified_time\" content=\"2022-08-01T01:41:06+00:00\" \/>\n<meta name=\"author\" content=\"Guest\" \/>\n<meta name=\"twitter:card\" content=\"summary_large_image\" \/>\n<meta name=\"twitter:creator\" content=\"@LatAmJournalism\" \/>\n<meta name=\"twitter:site\" content=\"@LatAmJournalism\" \/>\n<meta name=\"twitter:label1\" content=\"Written by\" \/>\n\t<meta name=\"twitter:data1\" content=\"Guest\" \/>\n\t<meta name=\"twitter:label2\" content=\"Est. reading time\" \/>\n\t<meta name=\"twitter:data2\" content=\"1 minuto\" \/>\n<script type=\"application\/ld+json\" class=\"yoast-schema-graph\">{\"@context\":\"https:\\\/\\\/schema.org\",\"@graph\":[{\"@type\":\"Article\",\"@id\":\"https:\\\/\\\/latamjournalismreview.org\\\/es\\\/articles\\\/policia-federal-brasilena-cita-a-director-de-periodico-a-declarar-en-caso-de-violacion-de-secreto-fiscal\\\/#article\",\"isPartOf\":{\"@id\":\"https:\\\/\\\/latamjournalismreview.org\\\/es\\\/articles\\\/policia-federal-brasilena-cita-a-director-de-periodico-a-declarar-en-caso-de-violacion-de-secreto-fiscal\\\/\"},\"author\":{\"name\":\"Guest\",\"@id\":\"https:\\\/\\\/latamjournalismreview.org\\\/es\\\/#\\\/schema\\\/person\\\/0315202e0b3c0963a2440f1c3012c360\"},\"headline\":\"Pol\u00edcia federal brasile\u00f1a cita a director de peri\u00f3dico a declarar en caso de violaci\u00f3n de secreto fiscal\",\"datePublished\":\"2010-10-29T01:38:48+00:00\",\"dateModified\":\"2022-08-01T01:41:06+00:00\",\"mainEntityOfPage\":{\"@id\":\"https:\\\/\\\/latamjournalismreview.org\\\/es\\\/articles\\\/policia-federal-brasilena-cita-a-director-de-periodico-a-declarar-en-caso-de-violacion-de-secreto-fiscal\\\/\"},\"wordCount\":211,\"publisher\":{\"@id\":\"https:\\\/\\\/latamjournalismreview.org\\\/es\\\/#organization\"},\"keywords\":[\"Elecciones\"],\"articleSection\":[\"Acceso a la Informaci\u00f3n\"],\"inLanguage\":\"es\"},{\"@type\":\"WebPage\",\"@id\":\"https:\\\/\\\/latamjournalismreview.org\\\/es\\\/articles\\\/policia-federal-brasilena-cita-a-director-de-periodico-a-declarar-en-caso-de-violacion-de-secreto-fiscal\\\/\",\"url\":\"https:\\\/\\\/latamjournalismreview.org\\\/es\\\/articles\\\/policia-federal-brasilena-cita-a-director-de-periodico-a-declarar-en-caso-de-violacion-de-secreto-fiscal\\\/\",\"name\":\"Pol\u00edcia federal brasile\u00f1a cita a director de peri\u00f3dico a declarar en caso de violaci\u00f3n de secreto fiscal - LatAm Journalism Review\",\"isPartOf\":{\"@id\":\"https:\\\/\\\/latamjournalismreview.org\\\/es\\\/#website\"},\"datePublished\":\"2010-10-29T01:38:48+00:00\",\"dateModified\":\"2022-08-01T01:41:06+00:00\",\"description\":\"Pol\u00edcia federal brasile\u00f1a cita a director de peri\u00f3dico a declarar en caso de violaci\u00f3n de secreto fiscal Acceso a la Informaci\u00f3n. Latin American Journalism Review by The Knight Center at The University of Texas at Austin.\",\"breadcrumb\":{\"@id\":\"https:\\\/\\\/latamjournalismreview.org\\\/es\\\/articles\\\/policia-federal-brasilena-cita-a-director-de-periodico-a-declarar-en-caso-de-violacion-de-secreto-fiscal\\\/#breadcrumb\"},\"inLanguage\":\"es\",\"potentialAction\":[{\"@type\":\"ReadAction\",\"target\":[\"https:\\\/\\\/latamjournalismreview.org\\\/es\\\/articles\\\/policia-federal-brasilena-cita-a-director-de-periodico-a-declarar-en-caso-de-violacion-de-secreto-fiscal\\\/\"]}]},{\"@type\":\"BreadcrumbList\",\"@id\":\"https:\\\/\\\/latamjournalismreview.org\\\/es\\\/articles\\\/policia-federal-brasilena-cita-a-director-de-periodico-a-declarar-en-caso-de-violacion-de-secreto-fiscal\\\/#breadcrumb\",\"itemListElement\":[{\"@type\":\"ListItem\",\"position\":1,\"name\":\"Home\",\"item\":\"https:\\\/\\\/latamjournalismreview.org\\\/es\\\/\"},{\"@type\":\"ListItem\",\"position\":2,\"name\":\"Pol\u00edcia federal brasile\u00f1a cita a director de peri\u00f3dico a declarar en caso de violaci\u00f3n de secreto fiscal\"}]},{\"@type\":\"WebSite\",\"@id\":\"https:\\\/\\\/latamjournalismreview.org\\\/es\\\/#website\",\"url\":\"https:\\\/\\\/latamjournalismreview.org\\\/es\\\/\",\"name\":\"LatAm Journalism Review\",\"description\":\"Knight Center at The University of Texas\",\"publisher\":{\"@id\":\"https:\\\/\\\/latamjournalismreview.org\\\/es\\\/#organization\"},\"potentialAction\":[{\"@type\":\"SearchAction\",\"target\":{\"@type\":\"EntryPoint\",\"urlTemplate\":\"https:\\\/\\\/latamjournalismreview.org\\\/es\\\/?s={search_term_string}\"},\"query-input\":{\"@type\":\"PropertyValueSpecification\",\"valueRequired\":true,\"valueName\":\"search_term_string\"}}],\"inLanguage\":\"es\"},{\"@type\":\"Organization\",\"@id\":\"https:\\\/\\\/latamjournalismreview.org\\\/es\\\/#organization\",\"name\":\"LatAm Journalism Review\",\"url\":\"https:\\\/\\\/latamjournalismreview.org\\\/es\\\/\",\"logo\":{\"@type\":\"ImageObject\",\"inLanguage\":\"es\",\"@id\":\"https:\\\/\\\/latamjournalismreview.org\\\/es\\\/#\\\/schema\\\/logo\\\/image\\\/\",\"url\":\"https:\\\/\\\/latamjournalismreview.org\\\/wp-content\\\/uploads\\\/2020\\\/05\\\/knight-latAm-review-logo.svg\",\"contentUrl\":\"https:\\\/\\\/latamjournalismreview.org\\\/wp-content\\\/uploads\\\/2020\\\/05\\\/knight-latAm-review-logo.svg\",\"width\":\"1024\",\"height\":\"1024\",\"caption\":\"LatAm Journalism Review\"},\"image\":{\"@id\":\"https:\\\/\\\/latamjournalismreview.org\\\/es\\\/#\\\/schema\\\/logo\\\/image\\\/\"},\"sameAs\":[\"https:\\\/\\\/x.com\\\/LatAmJournalism\"]},{\"@type\":\"Person\",\"@id\":\"https:\\\/\\\/latamjournalismreview.org\\\/es\\\/#\\\/schema\\\/person\\\/0315202e0b3c0963a2440f1c3012c360\",\"name\":\"Guest\",\"url\":\"https:\\\/\\\/latamjournalismreview.org\\\/es\\\/articles\\\/author\\\/guest\\\/\"}]}<\/script>\n<!-- \/ Yoast SEO Premium plugin. -->","yoast_head_json":{"title":"Pol\u00edcia federal brasile\u00f1a cita a director de peri\u00f3dico a declarar en caso de violaci\u00f3n de secreto fiscal - LatAm Journalism Review","description":"Pol\u00edcia federal brasile\u00f1a cita a director de peri\u00f3dico a declarar en caso de violaci\u00f3n de secreto fiscal Acceso a la Informaci\u00f3n. Latin American Journalism Review by The Knight Center at The University of Texas at Austin.","robots":{"index":"index","follow":"follow","max-snippet":"max-snippet:-1","max-image-preview":"max-image-preview:large","max-video-preview":"max-video-preview:-1"},"canonical":"https:\/\/latamjournalismreview.org\/es\/articles\/policia-federal-brasilena-cita-a-director-de-periodico-a-declarar-en-caso-de-violacion-de-secreto-fiscal\/","og_locale":"es_ES","og_type":"article","og_title":"Pol\u00edcia federal brasile\u00f1a cita a director de peri\u00f3dico a declarar en caso de violaci\u00f3n de secreto fiscal","og_description":"Pol\u00edcia federal brasile\u00f1a cita a director de peri\u00f3dico a declarar en caso de violaci\u00f3n de secreto fiscal Acceso a la Informaci\u00f3n. Latin American Journalism Review by The Knight Center at The University of Texas at Austin.","og_url":"https:\/\/latamjournalismreview.org\/es\/articles\/policia-federal-brasilena-cita-a-director-de-periodico-a-declarar-en-caso-de-violacion-de-secreto-fiscal\/","og_site_name":"LatAm Journalism Review","article_published_time":"2010-10-29T01:38:48+00:00","article_modified_time":"2022-08-01T01:41:06+00:00","author":"Guest","twitter_card":"summary_large_image","twitter_creator":"@LatAmJournalism","twitter_site":"@LatAmJournalism","twitter_misc":{"Written by":"Guest","Est. reading time":"1 minuto"},"schema":{"@context":"https:\/\/schema.org","@graph":[{"@type":"Article","@id":"https:\/\/latamjournalismreview.org\/es\/articles\/policia-federal-brasilena-cita-a-director-de-periodico-a-declarar-en-caso-de-violacion-de-secreto-fiscal\/#article","isPartOf":{"@id":"https:\/\/latamjournalismreview.org\/es\/articles\/policia-federal-brasilena-cita-a-director-de-periodico-a-declarar-en-caso-de-violacion-de-secreto-fiscal\/"},"author":{"name":"Guest","@id":"https:\/\/latamjournalismreview.org\/es\/#\/schema\/person\/0315202e0b3c0963a2440f1c3012c360"},"headline":"Pol\u00edcia federal brasile\u00f1a cita a director de peri\u00f3dico a declarar en caso de violaci\u00f3n de secreto fiscal","datePublished":"2010-10-29T01:38:48+00:00","dateModified":"2022-08-01T01:41:06+00:00","mainEntityOfPage":{"@id":"https:\/\/latamjournalismreview.org\/es\/articles\/policia-federal-brasilena-cita-a-director-de-periodico-a-declarar-en-caso-de-violacion-de-secreto-fiscal\/"},"wordCount":211,"publisher":{"@id":"https:\/\/latamjournalismreview.org\/es\/#organization"},"keywords":["Elecciones"],"articleSection":["Acceso a la Informaci\u00f3n"],"inLanguage":"es"},{"@type":"WebPage","@id":"https:\/\/latamjournalismreview.org\/es\/articles\/policia-federal-brasilena-cita-a-director-de-periodico-a-declarar-en-caso-de-violacion-de-secreto-fiscal\/","url":"https:\/\/latamjournalismreview.org\/es\/articles\/policia-federal-brasilena-cita-a-director-de-periodico-a-declarar-en-caso-de-violacion-de-secreto-fiscal\/","name":"Pol\u00edcia federal brasile\u00f1a cita a director de peri\u00f3dico a declarar en caso de violaci\u00f3n de secreto fiscal - LatAm Journalism Review","isPartOf":{"@id":"https:\/\/latamjournalismreview.org\/es\/#website"},"datePublished":"2010-10-29T01:38:48+00:00","dateModified":"2022-08-01T01:41:06+00:00","description":"Pol\u00edcia federal brasile\u00f1a cita a director de peri\u00f3dico a declarar en caso de violaci\u00f3n de secreto fiscal Acceso a la Informaci\u00f3n. Latin American Journalism Review by The Knight Center at The University of Texas at Austin.","breadcrumb":{"@id":"https:\/\/latamjournalismreview.org\/es\/articles\/policia-federal-brasilena-cita-a-director-de-periodico-a-declarar-en-caso-de-violacion-de-secreto-fiscal\/#breadcrumb"},"inLanguage":"es","potentialAction":[{"@type":"ReadAction","target":["https:\/\/latamjournalismreview.org\/es\/articles\/policia-federal-brasilena-cita-a-director-de-periodico-a-declarar-en-caso-de-violacion-de-secreto-fiscal\/"]}]},{"@type":"BreadcrumbList","@id":"https:\/\/latamjournalismreview.org\/es\/articles\/policia-federal-brasilena-cita-a-director-de-periodico-a-declarar-en-caso-de-violacion-de-secreto-fiscal\/#breadcrumb","itemListElement":[{"@type":"ListItem","position":1,"name":"Home","item":"https:\/\/latamjournalismreview.org\/es\/"},{"@type":"ListItem","position":2,"name":"Pol\u00edcia federal brasile\u00f1a cita a director de peri\u00f3dico a declarar en caso de violaci\u00f3n de secreto fiscal"}]},{"@type":"WebSite","@id":"https:\/\/latamjournalismreview.org\/es\/#website","url":"https:\/\/latamjournalismreview.org\/es\/","name":"LatAm Journalism Review","description":"Knight Center at The University of Texas","publisher":{"@id":"https:\/\/latamjournalismreview.org\/es\/#organization"},"potentialAction":[{"@type":"SearchAction","target":{"@type":"EntryPoint","urlTemplate":"https:\/\/latamjournalismreview.org\/es\/?s={search_term_string}"},"query-input":{"@type":"PropertyValueSpecification","valueRequired":true,"valueName":"search_term_string"}}],"inLanguage":"es"},{"@type":"Organization","@id":"https:\/\/latamjournalismreview.org\/es\/#organization","name":"LatAm Journalism Review","url":"https:\/\/latamjournalismreview.org\/es\/","logo":{"@type":"ImageObject","inLanguage":"es","@id":"https:\/\/latamjournalismreview.org\/es\/#\/schema\/logo\/image\/","url":"https:\/\/latamjournalismreview.org\/wp-content\/uploads\/2020\/05\/knight-latAm-review-logo.svg","contentUrl":"https:\/\/latamjournalismreview.org\/wp-content\/uploads\/2020\/05\/knight-latAm-review-logo.svg","width":"1024","height":"1024","caption":"LatAm Journalism Review"},"image":{"@id":"https:\/\/latamjournalismreview.org\/es\/#\/schema\/logo\/image\/"},"sameAs":["https:\/\/x.com\/LatAmJournalism"]},{"@type":"Person","@id":"https:\/\/latamjournalismreview.org\/es\/#\/schema\/person\/0315202e0b3c0963a2440f1c3012c360","name":"Guest","url":"https:\/\/latamjournalismreview.org\/es\/articles\/author\/guest\/"}]}},"_links":{"self":[{"href":"https:\/\/latamjournalismreview.org\/es\/wp-json\/wp\/v2\/posts\/62891","targetHints":{"allow":["GET"]}}],"collection":[{"href":"https:\/\/latamjournalismreview.org\/es\/wp-json\/wp\/v2\/posts"}],"about":[{"href":"https:\/\/latamjournalismreview.org\/es\/wp-json\/wp\/v2\/types\/post"}],"author":[{"embeddable":true,"href":"https:\/\/latamjournalismreview.org\/es\/wp-json\/wp\/v2\/users\/17"}],"replies":[{"embeddable":true,"href":"https:\/\/latamjournalismreview.org\/es\/wp-json\/wp\/v2\/comments?post=62891"}],"version-history":[{"count":1,"href":"https:\/\/latamjournalismreview.org\/es\/wp-json\/wp\/v2\/posts\/62891\/revisions"}],"predecessor-version":[{"id":62895,"href":"https:\/\/latamjournalismreview.org\/es\/wp-json\/wp\/v2\/posts\/62891\/revisions\/62895"}],"wp:attachment":[{"href":"https:\/\/latamjournalismreview.org\/es\/wp-json\/wp\/v2\/media?parent=62891"}],"wp:term":[{"taxonomy":"category","embeddable":true,"href":"https:\/\/latamjournalismreview.org\/es\/wp-json\/wp\/v2\/categories?post=62891"},{"taxonomy":"post_tag","embeddable":true,"href":"https:\/\/latamjournalismreview.org\/es\/wp-json\/wp\/v2\/tags?post=62891"},{"taxonomy":"author","embeddable":true,"href":"https:\/\/latamjournalismreview.org\/es\/wp-json\/wp\/v2\/coauthors?post=62891"}],"curies":[{"name":"wp","href":"https:\/\/api.w.org\/{rel}","templated":true}]}}