{"id":6290,"date":"2019-07-16T12:45:51","date_gmt":"2019-07-16T17:45:51","guid":{"rendered":"https:\/\/live-lajr.pantheonsite.io\/?p=6290"},"modified":"2020-06-10T20:21:51","modified_gmt":"2020-06-11T01:21:51","slug":"periodistas-de-brasil-y-nicaragua-recibiran-premio-internacional-a-la-libertad-de-prensa-2019-del-cpj","status":"publish","type":"post","link":"https:\/\/latamjournalismreview.org\/es\/articles\/periodistas-de-brasil-y-nicaragua-recibiran-premio-internacional-a-la-libertad-de-prensa-2019-del-cpj\/","title":{"rendered":"Periodistas de Brasil y Nicaragua recibir\u00e1n Premio Internacional a la Libertad de Prensa 2019 del CPJ"},"content":{"rendered":"<p>La periodista brasile\u00f1a Patr\u00edcia Campos Mello y los periodistas nicarag\u00fcenses Luc\u00eda Pineda Ubau y Miguel Mora\u00a0<a href=\"https:\/\/cpj.org\/es\/2019\/07\/el-cpj-anuncia-los-ganadores-del-premio-internacio-1.php\" target=\"_blank\" rel=\"noopener noreferrer\">recibir\u00e1n el Premio Internacional a la Libertad de Prensa 2019<\/a> que entrega el Comit\u00e9 para la Protecci\u00f3n de los Periodistas (CJP, por sus siglas en ingl\u00e9s) cada a\u00f1o.<\/p>\n<div id=\"attachment_6296\" style=\"width: 430px\" class=\"wp-caption alignleft\"><img loading=\"lazy\" decoding=\"async\" aria-describedby=\"caption-attachment-6296\" class=\"wp-image-6296\" src=\"https:\/\/live-lajr.pantheonsite.io\/wp-content\/uploads\/2020\/06\/Patricia-Campos-Mello-at-20th-ISOJ--1024x996.jpg\" alt=\"Patr\u00edcia Campos Mello de Brasil\" width=\"420\" height=\"409\" srcset=\"https:\/\/latamjournalismreview.org\/wp-content\/uploads\/2020\/06\/Patricia-Campos-Mello-at-20th-ISOJ--1024x996.jpg 1024w, https:\/\/latamjournalismreview.org\/wp-content\/uploads\/2020\/06\/Patricia-Campos-Mello-at-20th-ISOJ--300x292.jpg 300w, https:\/\/latamjournalismreview.org\/wp-content\/uploads\/2020\/06\/Patricia-Campos-Mello-at-20th-ISOJ--768x747.jpg 768w, https:\/\/latamjournalismreview.org\/wp-content\/uploads\/2020\/06\/Patricia-Campos-Mello-at-20th-ISOJ-.jpg 1040w\" sizes=\"auto, (max-width: 420px) 100vw, 420px\" \/><p id=\"caption-attachment-6296\" class=\"wp-caption-text\">Patr\u00edcia Campos Mello habla durante el 20\u00ba ISOJ. (Foto: Erika Rich\/ Centro Knight).<\/p><\/div>\n<p>\u201cLos ganadores del Premio Internacional de la Libertad de Prensa de 2019, que el CPJ otorga, <a href=\"https:\/\/cpj.org\/es\/2019\/07\/el-cpj-anuncia-los-ganadores-del-premio-internacio-1.php\" target=\"_blank\" rel=\"noopener noreferrer\">representan lo mejor del periodismo: personas que han arriesgado su vida y su libertad para traernos las noticias<\/a>. Si bien celebramos su valor, lamentamos que sea necesario\u201d, dijo Joel Simon, director ejecutivo del CPJ, en un comunicado de la organizaci\u00f3n anunciando los premios este 16 de julio. \u201cLa triste realidad es que en todas partes del mundo el periodismo independiente est\u00e1 amenazado por l\u00edderes autoritarios y populistas que desprecian y descalifican la labor de la prensa independiente. Tal es el caso de los pa\u00edses representados por los periodistas premiados y de muchos otros\u201d.<\/p>\n<p>Campos Mello, periodista y columnista del diario Folha de S. Paulo, se convirti\u00f3 en un\u00a0<a href=\"https:\/\/live-lajr.pantheonsite.io\/es\/articles\/periodistas-brasilenos-sufren-agresiones-en-el-contexto-de-las-elecciones-presidenciales\/?preview_id=5403&amp;preview_nonce=fee718bb9d&amp;_thumbnail_id=4988&amp;preview=true\" target=\"_blank\" rel=\"noopener noreferrer\">objeto de ataques en el marco de la campa\u00f1a de las elecciones presidenciales de Brasil<\/a>\u00a0en 2018. Los ataques comenzaron\u00a0<a href=\"https:\/\/live-lajr.pantheonsite.io\/es\/articles\/en-vispera-de-nuevo-gobierno-en-brasil-bolsonaro-critica-a-la-prensa-y-periodistas-son-atacados-en-redes-sociales\/\" target=\"_blank\" rel=\"noopener noreferrer\">despu\u00e9s de que ella publicara un informe sobre un presunto fraude electoral<\/a>\u00a0por parte de empresas partidarias del entonces candidato y actual presidente del pa\u00eds Jair Bolsonaro.<\/p>\n<p>A ra\u00edz de esto fue\u00a0<a href=\"https:\/\/cpj.org\/es\/2019\/07\/el-cpj-anuncia-los-ganadores-del-premio-internacio-1.php\" target=\"_blank\" rel=\"noopener noreferrer\">v\u00edctima de ataques en redes sociales y su privacidad fue violada<\/a>, inform\u00f3 el CPJ.<\/p>\n<p>\u201cEste es un premio muy simb\u00f3lico. Me lo dieron, pero en realidad estoy representando a varias mujeres periodistas de Brasil y de todo el mundo que han sido v\u00edctimas de acoso en l\u00ednea y tambi\u00e9n en la vida real en los \u00faltimos meses. Esto se ha vuelto en algo muy com\u00fan en Brasil, estos ataques a la reputaci\u00f3n, esta misoginia en l\u00ednea, estos matones de tel\u00e9fonos celulares. As\u00ed que creo que es un mensaje muy importante de que estas cosas no son aceptables\u201d, le dijo Campos Mello al\u00a0<strong>Centro Knight<\/strong>\u00a0sobre la\u00a0<a href=\"http:\/\/twitter.com\/camposmello\/status\/1151120497486307328\" target=\"_blank\" rel=\"noopener noreferrer\">dedicatoria en Twitter de su premio a otras mujeres<\/a>. \u201cEs un premio para m\u00ed y para Folha, y para otros medios de comunicaci\u00f3n que contin\u00faan manteniendo su independencia y haciendo periodismo cr\u00edtico, no periodismo de oposici\u00f3n, sino periodismo independiente y cr\u00edtico, a pesar de las presiones. Y las presiones simplemente crecen\u201d.<\/p>\n<div id=\"attachment_6326\" style=\"width: 330px\" class=\"wp-caption alignright\"><img loading=\"lazy\" decoding=\"async\" aria-describedby=\"caption-attachment-6326\" class=\"wp-image-6326\" src=\"https:\/\/live-lajr.pantheonsite.io\/wp-content\/uploads\/2020\/06\/Miguel-Mora-de-Nicaragua.jpg\" alt=\"Miguel Mora de Nicaragua\" width=\"320\" height=\"320\" srcset=\"https:\/\/latamjournalismreview.org\/wp-content\/uploads\/2020\/06\/Miguel-Mora-de-Nicaragua.jpg 400w, https:\/\/latamjournalismreview.org\/wp-content\/uploads\/2020\/06\/Miguel-Mora-de-Nicaragua-300x300.jpg 300w, https:\/\/latamjournalismreview.org\/wp-content\/uploads\/2020\/06\/Miguel-Mora-de-Nicaragua-150x150.jpg 150w\" sizes=\"auto, (max-width: 320px) 100vw, 320px\" \/><p id=\"caption-attachment-6326\" class=\"wp-caption-text\">Miguel Mora. (Foto: Twitter).<\/p><\/div>\n<p>Pineda y Mora, directora de noticias y fundador y director del canal 100% Noticias respectivamente, fueron encarcelados en diciembre de 2018 por parte del r\u00e9gimen de Daniel Ortega que les acus\u00f3 de \u201c<a href=\"https:\/\/live-lajr.pantheonsite.io\/es\/articles\/periodistas-nicaraguenses-encarcelados-e-incomunicados-mientras-el-gobierno-de-ortega-continua-apuntando-a-medios-independientes\/\" target=\"_blank\" rel=\"noopener noreferrer\">fomentar e incitar el odio y la violencia<\/a>\u201d y de \u201cprovocaci\u00f3n, proposici\u00f3n y conspiraci\u00f3n para cometer actos terroristas\u201d.<\/p>\n<p>El canal se hab\u00eda caracterizado por cubrir la crisis pol\u00edtica que vive el pa\u00eds desde abril de 2018 cuando comenzaron las protestas en contra del gobierno.<\/p>\n<p>Durante su detenci\u00f3n denunciaron diferentes violaciones al debido proceso como por ejemplo que\u00a0<a href=\"https:\/\/www.voanoticias.com\/a\/periodistas-de-100-noticias-seran-juzgados-hoy-en-nicaragua\/4931079.html\" target=\"_blank\" rel=\"noopener noreferrer\">sus audiencias fueran suspendidas al menos en cinco<\/a>\u00a0ocasiones. Tambi\u00e9n\u00a0<a href=\"https:\/\/live-lajr.pantheonsite.io\/es\/articles\/periodistas-nicaraguenses-encarcelados-e-incomunicados-mientras-el-gobierno-de-ortega-continua-apuntando-a-medios-independientes\/\" target=\"_blank\" rel=\"noopener noreferrer\">estuvieron incomunicados y eran vigilados por el r\u00e9gimen<\/a>.<\/p>\n<p>Ambos\u00a0<a href=\"https:\/\/live-lajr.pantheonsite.io\/es\/articles\/periodistas-nicaraguenses-miguel-mora-y-lucia-pineda-fueron-liberados-gracias-a-polemica-ley-de-amnistia\/\" target=\"_blank\" rel=\"noopener noreferrer\">fueron liberados<\/a>\u00a0el pasado 11 de junio en el marco de una pol\u00e9mica ley de amnist\u00eda.<\/p>\n<p>Recientemente, se conoci\u00f3 que\u00a0<a href=\"https:\/\/live-lajr.pantheonsite.io\/es\/articles\/periodista-nicaraguense-que-fue-encarcelada-por-el-gobierno-de-ortega-recibe-premio-a-la-valentia-en-periodismo-de-iwmf\/\" target=\"_blank\" rel=\"noopener noreferrer\">Pineda tambi\u00e9n recibir\u00e1 el Premio a la Valent\u00eda en Periodismo 2019<\/a> de la International Women\u2019s Media Foundation (IWMF).<\/p>\n<p>\u201cOtro galard\u00f3n que anuncian para la Gloria de Dios\u201d, escribi\u00f3\u00a0<a href=\"http:\/\/twitter.com\/LuciaPinedaU\/status\/1151128152694906882\" target=\"_blank\" rel=\"noopener noreferrer\">Pineda<\/a>\u00a0en Twitter sobre el reciente reconocimiento del CPJ.<\/p>\n<div id=\"attachment_6366\" style=\"width: 340px\" class=\"wp-caption alignleft\"><img loading=\"lazy\" decoding=\"async\" aria-describedby=\"caption-attachment-6366\" class=\"wp-image-6366\" src=\"https:\/\/live-lajr.pantheonsite.io\/wp-content\/uploads\/2020\/06\/Luci\u0301a-Pineda-Ubau-Nicaragua.jpg\" alt=\"Luci\u0301a Pineda Ubau de Nicaragua\" width=\"330\" height=\"330\" srcset=\"https:\/\/latamjournalismreview.org\/wp-content\/uploads\/2020\/06\/Luci\u0301a-Pineda-Ubau-Nicaragua.jpg 400w, https:\/\/latamjournalismreview.org\/wp-content\/uploads\/2020\/06\/Luci\u0301a-Pineda-Ubau-Nicaragua-300x300.jpg 300w, https:\/\/latamjournalismreview.org\/wp-content\/uploads\/2020\/06\/Luci\u0301a-Pineda-Ubau-Nicaragua-150x150.jpg 150w\" sizes=\"auto, (max-width: 330px) 100vw, 330px\" \/><p id=\"caption-attachment-6366\" class=\"wp-caption-text\">Luci\u0301a Pineda Ubau. (Foto: Twitter).<\/p><\/div>\n<p>Adem\u00e1s de Campos Mello, Pineda y Mora tambi\u00e9n ser\u00e1n galardonados Neha Dixit de India y Maxence Melo Mubyazi de Tanzania,\u00a0<a href=\"https:\/\/cpj.org\/es\/2019\/07\/el-cpj-anuncia-los-ganadores-del-premio-internacio-1.php\" target=\"_blank\" rel=\"noopener noreferrer\">inform\u00f3 el CPJ<\/a>. El director del peri\u00f3dico pakistan\u00ed Dawn, Zaffar Abbas, recibir\u00e1 el Premio Gwen Ifill de la Libertad de Prensa que resalta una \u201ctrayectoria extraordinaria y sostenida a favor de la libertad de prensa\u201d, escribi\u00f3 la organizaci\u00f3n.<\/p>\n<p>La ceremonia de entrega del premio tendr\u00e1 lugar el pr\u00f3ximo 21 de noviembre en Nueva York, Estados Unidos.<\/p>\n","protected":false},"excerpt":{"rendered":"<p>La periodista brasile\u00f1a Patr\u00edcia Campos Mello y los periodistas nicarag\u00fcenses Luc\u00eda Pineda Ubau y Miguel Mora\u00a0recibir\u00e1n el Premio Internacional a la Libertad de Prensa 2019 que entrega el Comit\u00e9 para la Protecci\u00f3n de los Periodistas cada a\u00f1o.<\/p>\n","protected":false},"author":13,"featured_media":0,"comment_status":"closed","ping_status":"closed","sticky":false,"template":"","format":"standard","meta":{"inline_featured_image":false,"footnotes":""},"categories":[1354],"tags":[1497,1428],"coauthors":[],"class_list":["post-6290","post","type-post","status-publish","format-standard","hentry","category-premios-y-oportunidades-es","tag-nicaragua-es","tag-premios-es"],"acf":[],"yoast_head":"<!-- This site is optimized with the Yoast SEO Premium plugin v22.6 (Yoast SEO v27.4) - https:\/\/yoast.com\/product\/yoast-seo-premium-wordpress\/ -->\n<title>Periodistas de Brasil y Nicaragua recibir\u00e1n Premio Internacional a la Libertad de Prensa 2019 del CPJ - LatAm Journalism Review<\/title>\n<meta name=\"description\" content=\"Periodistas de Brasil y Nicaragua recibir\u00e1n Premio Internacional a la Libertad de Prensa 2019 del CPJ Premios y oportunidades. Latin American Journalism Review by The Knight Center at The University of Texas at Austin.\" \/>\n<meta name=\"robots\" content=\"index, follow, max-snippet:-1, max-image-preview:large, max-video-preview:-1\" \/>\n<link rel=\"canonical\" href=\"https:\/\/latamjournalismreview.org\/es\/articles\/periodistas-de-brasil-y-nicaragua-recibiran-premio-internacional-a-la-libertad-de-prensa-2019-del-cpj\/\" \/>\n<meta property=\"og:locale\" content=\"es_ES\" \/>\n<meta property=\"og:type\" content=\"article\" \/>\n<meta property=\"og:title\" content=\"Periodistas de Brasil y Nicaragua recibir\u00e1n Premio Internacional a la Libertad de Prensa 2019 del CPJ\" \/>\n<meta property=\"og:description\" content=\"Periodistas de Brasil y Nicaragua recibir\u00e1n Premio Internacional a la Libertad de Prensa 2019 del CPJ Premios y oportunidades. Latin American Journalism Review by The Knight Center at The University of Texas at Austin.\" \/>\n<meta property=\"og:url\" content=\"https:\/\/latamjournalismreview.org\/es\/articles\/periodistas-de-brasil-y-nicaragua-recibiran-premio-internacional-a-la-libertad-de-prensa-2019-del-cpj\/\" \/>\n<meta property=\"og:site_name\" content=\"LatAm Journalism Review\" \/>\n<meta property=\"article:published_time\" content=\"2019-07-16T17:45:51+00:00\" \/>\n<meta property=\"article:modified_time\" content=\"2020-06-11T01:21:51+00:00\" \/>\n<meta property=\"og:image\" content=\"https:\/\/live-lajr.pantheonsite.io\/wp-content\/uploads\/2020\/06\/Patricia-Campos-Mello-at-20th-ISOJ--1024x996.jpg\" \/>\n<meta name=\"author\" content=\"Silvia Higuera\" \/>\n<meta name=\"twitter:card\" content=\"summary_large_image\" \/>\n<meta name=\"twitter:creator\" content=\"@shiguerita\" \/>\n<meta name=\"twitter:site\" content=\"@LatAmJournalism\" \/>\n<meta name=\"twitter:label1\" content=\"Written by\" \/>\n\t<meta name=\"twitter:data1\" content=\"Silvia Higuera\" \/>\n\t<meta name=\"twitter:label2\" content=\"Est. reading time\" \/>\n\t<meta name=\"twitter:data2\" content=\"4 minutos\" \/>\n<script type=\"application\/ld+json\" class=\"yoast-schema-graph\">{\"@context\":\"https:\\\/\\\/schema.org\",\"@graph\":[{\"@type\":\"Article\",\"@id\":\"https:\\\/\\\/latamjournalismreview.org\\\/es\\\/articles\\\/periodistas-de-brasil-y-nicaragua-recibiran-premio-internacional-a-la-libertad-de-prensa-2019-del-cpj\\\/#article\",\"isPartOf\":{\"@id\":\"https:\\\/\\\/latamjournalismreview.org\\\/es\\\/articles\\\/periodistas-de-brasil-y-nicaragua-recibiran-premio-internacional-a-la-libertad-de-prensa-2019-del-cpj\\\/\"},\"author\":{\"name\":\"Silvia Higuera\",\"@id\":\"https:\\\/\\\/latamjournalismreview.org\\\/es\\\/#\\\/schema\\\/person\\\/eac7baa6afada0957e047be9fc15703a\"},\"headline\":\"Periodistas de Brasil y Nicaragua recibir\u00e1n Premio Internacional a la Libertad de Prensa 2019 del CPJ\",\"datePublished\":\"2019-07-16T17:45:51+00:00\",\"dateModified\":\"2020-06-11T01:21:51+00:00\",\"mainEntityOfPage\":{\"@id\":\"https:\\\/\\\/latamjournalismreview.org\\\/es\\\/articles\\\/periodistas-de-brasil-y-nicaragua-recibiran-premio-internacional-a-la-libertad-de-prensa-2019-del-cpj\\\/\"},\"wordCount\":719,\"publisher\":{\"@id\":\"https:\\\/\\\/latamjournalismreview.org\\\/es\\\/#organization\"},\"image\":{\"@id\":\"https:\\\/\\\/latamjournalismreview.org\\\/es\\\/articles\\\/periodistas-de-brasil-y-nicaragua-recibiran-premio-internacional-a-la-libertad-de-prensa-2019-del-cpj\\\/#primaryimage\"},\"thumbnailUrl\":\"https:\\\/\\\/live-lajr.pantheonsite.io\\\/wp-content\\\/uploads\\\/2020\\\/06\\\/Patricia-Campos-Mello-at-20th-ISOJ--1024x996.jpg\",\"keywords\":[\"Nicaragua\",\"Premios\"],\"articleSection\":[\"Premios y oportunidades\"],\"inLanguage\":\"es\"},{\"@type\":\"WebPage\",\"@id\":\"https:\\\/\\\/latamjournalismreview.org\\\/es\\\/articles\\\/periodistas-de-brasil-y-nicaragua-recibiran-premio-internacional-a-la-libertad-de-prensa-2019-del-cpj\\\/\",\"url\":\"https:\\\/\\\/latamjournalismreview.org\\\/es\\\/articles\\\/periodistas-de-brasil-y-nicaragua-recibiran-premio-internacional-a-la-libertad-de-prensa-2019-del-cpj\\\/\",\"name\":\"Periodistas de Brasil y Nicaragua recibir\u00e1n Premio Internacional a la Libertad de Prensa 2019 del CPJ - LatAm Journalism Review\",\"isPartOf\":{\"@id\":\"https:\\\/\\\/latamjournalismreview.org\\\/es\\\/#website\"},\"primaryImageOfPage\":{\"@id\":\"https:\\\/\\\/latamjournalismreview.org\\\/es\\\/articles\\\/periodistas-de-brasil-y-nicaragua-recibiran-premio-internacional-a-la-libertad-de-prensa-2019-del-cpj\\\/#primaryimage\"},\"image\":{\"@id\":\"https:\\\/\\\/latamjournalismreview.org\\\/es\\\/articles\\\/periodistas-de-brasil-y-nicaragua-recibiran-premio-internacional-a-la-libertad-de-prensa-2019-del-cpj\\\/#primaryimage\"},\"thumbnailUrl\":\"https:\\\/\\\/live-lajr.pantheonsite.io\\\/wp-content\\\/uploads\\\/2020\\\/06\\\/Patricia-Campos-Mello-at-20th-ISOJ--1024x996.jpg\",\"datePublished\":\"2019-07-16T17:45:51+00:00\",\"dateModified\":\"2020-06-11T01:21:51+00:00\",\"description\":\"Periodistas de Brasil y Nicaragua recibir\u00e1n Premio Internacional a la Libertad de Prensa 2019 del CPJ Premios y oportunidades. Latin American Journalism Review by The Knight Center at The University of Texas at Austin.\",\"breadcrumb\":{\"@id\":\"https:\\\/\\\/latamjournalismreview.org\\\/es\\\/articles\\\/periodistas-de-brasil-y-nicaragua-recibiran-premio-internacional-a-la-libertad-de-prensa-2019-del-cpj\\\/#breadcrumb\"},\"inLanguage\":\"es\",\"potentialAction\":[{\"@type\":\"ReadAction\",\"target\":[\"https:\\\/\\\/latamjournalismreview.org\\\/es\\\/articles\\\/periodistas-de-brasil-y-nicaragua-recibiran-premio-internacional-a-la-libertad-de-prensa-2019-del-cpj\\\/\"]}]},{\"@type\":\"ImageObject\",\"inLanguage\":\"es\",\"@id\":\"https:\\\/\\\/latamjournalismreview.org\\\/es\\\/articles\\\/periodistas-de-brasil-y-nicaragua-recibiran-premio-internacional-a-la-libertad-de-prensa-2019-del-cpj\\\/#primaryimage\",\"url\":\"https:\\\/\\\/live-lajr.pantheonsite.io\\\/wp-content\\\/uploads\\\/2020\\\/06\\\/Patricia-Campos-Mello-at-20th-ISOJ--1024x996.jpg\",\"contentUrl\":\"https:\\\/\\\/live-lajr.pantheonsite.io\\\/wp-content\\\/uploads\\\/2020\\\/06\\\/Patricia-Campos-Mello-at-20th-ISOJ--1024x996.jpg\"},{\"@type\":\"BreadcrumbList\",\"@id\":\"https:\\\/\\\/latamjournalismreview.org\\\/es\\\/articles\\\/periodistas-de-brasil-y-nicaragua-recibiran-premio-internacional-a-la-libertad-de-prensa-2019-del-cpj\\\/#breadcrumb\",\"itemListElement\":[{\"@type\":\"ListItem\",\"position\":1,\"name\":\"Home\",\"item\":\"https:\\\/\\\/latamjournalismreview.org\\\/es\\\/\"},{\"@type\":\"ListItem\",\"position\":2,\"name\":\"Periodistas de Brasil y Nicaragua recibir\u00e1n Premio Internacional a la Libertad de Prensa 2019 del CPJ\"}]},{\"@type\":\"WebSite\",\"@id\":\"https:\\\/\\\/latamjournalismreview.org\\\/es\\\/#website\",\"url\":\"https:\\\/\\\/latamjournalismreview.org\\\/es\\\/\",\"name\":\"LatAm Journalism Review\",\"description\":\"Knight Center at The University of Texas\",\"publisher\":{\"@id\":\"https:\\\/\\\/latamjournalismreview.org\\\/es\\\/#organization\"},\"potentialAction\":[{\"@type\":\"SearchAction\",\"target\":{\"@type\":\"EntryPoint\",\"urlTemplate\":\"https:\\\/\\\/latamjournalismreview.org\\\/es\\\/?s={search_term_string}\"},\"query-input\":{\"@type\":\"PropertyValueSpecification\",\"valueRequired\":true,\"valueName\":\"search_term_string\"}}],\"inLanguage\":\"es\"},{\"@type\":\"Organization\",\"@id\":\"https:\\\/\\\/latamjournalismreview.org\\\/es\\\/#organization\",\"name\":\"LatAm Journalism Review\",\"url\":\"https:\\\/\\\/latamjournalismreview.org\\\/es\\\/\",\"logo\":{\"@type\":\"ImageObject\",\"inLanguage\":\"es\",\"@id\":\"https:\\\/\\\/latamjournalismreview.org\\\/es\\\/#\\\/schema\\\/logo\\\/image\\\/\",\"url\":\"https:\\\/\\\/latamjournalismreview.org\\\/wp-content\\\/uploads\\\/2020\\\/05\\\/knight-latAm-review-logo.svg\",\"contentUrl\":\"https:\\\/\\\/latamjournalismreview.org\\\/wp-content\\\/uploads\\\/2020\\\/05\\\/knight-latAm-review-logo.svg\",\"width\":\"1024\",\"height\":\"1024\",\"caption\":\"LatAm Journalism Review\"},\"image\":{\"@id\":\"https:\\\/\\\/latamjournalismreview.org\\\/es\\\/#\\\/schema\\\/logo\\\/image\\\/\"},\"sameAs\":[\"https:\\\/\\\/x.com\\\/LatAmJournalism\"]},{\"@type\":\"Person\",\"@id\":\"https:\\\/\\\/latamjournalismreview.org\\\/es\\\/#\\\/schema\\\/person\\\/eac7baa6afada0957e047be9fc15703a\",\"name\":\"Silvia Higuera\",\"description\":\"Silvia A. Higuera Fl\u00f3rez is a Colombian journalist interested in covering Latin American issues and human rights, especially the right to freedom of expression, and investigative journalism. She studied Social Communication and Journalism at Universidad Pontificia Bolivariana in Bucaramanga (Colombia), and received her Master's of Arts in Journalism from the University of Texas at Austin in 2015. She worked with the Office of the Special Rapporteur for Freedom of Expression of the Inter-American Commission on Human Rights (IACHR) under the Orlando Sierra fellowship during 2014. She also worked for the Colombian newspaper Vanguardia Liberal and wrote for different magazines about local, economic and public order issues. Her work has also appeared in The Miami Herald and El Nuevo Herald of Miami. Email: silvia.knightcenter@gmail.com Silvia A. Higuera Fl\u00f3rez es una periodista colombiana con inter\u00e9s period\u00edstico es Am\u00e9rica Latina y los derechos humanos, particularmente el derecho a la libertad de expresi\u00f3n, as\u00ed como el periodismo de investigaci\u00f3n. Estudi\u00f3 Comunicaci\u00f3n Social \u2013 Periodismo en la Universidad Pontificia Bolivariana de Bucaramanga (Colombia), y recibi\u00f3 su maestr\u00eda en Periodismo en la Universidad de Texas, en Austin en 2015. Trabaj\u00f3 para la Relator\u00eda Especial para la Libertad de Expresi\u00f3n de la Comisi\u00f3n Interamericana de Derechos Humanos (CIDH) en el marco de la beca Orlando Sierra, durante 2014. Tambi\u00e9n hizo parte del diario Vanguardia Liberal y escribi\u00f3 para otras revistas colombianas cubriendo fuentes locales, econ\u00f3micas y judiciales. Algunos de sus trabajos han aparecido en The Miami Herald y El Nuevo Herald de Miami. Silvia A. Higuera Fl\u00f3rez \u00e9 uma jornalista colombiana e seu interesse jornal\u00edstico \u00e9 a Am\u00e9rica Latina e os direitos humanos, nomeadamente o direito \u00e0 liberdade de express\u00e3o. Estudou Comunica\u00e7\u00e3o Social \u2013 Jornalismo na Universidade Pontif\u00edcia Bolivariana de Bucaramanga, na Col\u00f4mbia e completou seu mestrado em jornalismo na Universidade do Texas em Austin. Silvia trabalhou na Relatoria para a Liberdade de Express\u00e3o da CIDH pela bolsa Orlando Sierra, em 2014. Trabalhou para o jornal Vanguardia Liberal e escreveu para outras revistas colombianas cobrindo temas locais, econ\u00f4micas e judici\u00e1rias. Alguns de seus trabalhos apareceram no The Miami Herald e no El Nuevo Herald de Miami.\",\"sameAs\":[\"https:\\\/\\\/x.com\\\/shiguerita\"],\"url\":\"https:\\\/\\\/latamjournalismreview.org\\\/es\\\/articles\\\/author\\\/silvia-higuera\\\/\"}]}<\/script>\n<!-- \/ Yoast SEO Premium plugin. -->","yoast_head_json":{"title":"Periodistas de Brasil y Nicaragua recibir\u00e1n Premio Internacional a la Libertad de Prensa 2019 del CPJ - LatAm Journalism Review","description":"Periodistas de Brasil y Nicaragua recibir\u00e1n Premio Internacional a la Libertad de Prensa 2019 del CPJ Premios y oportunidades. Latin American Journalism Review by The Knight Center at The University of Texas at Austin.","robots":{"index":"index","follow":"follow","max-snippet":"max-snippet:-1","max-image-preview":"max-image-preview:large","max-video-preview":"max-video-preview:-1"},"canonical":"https:\/\/latamjournalismreview.org\/es\/articles\/periodistas-de-brasil-y-nicaragua-recibiran-premio-internacional-a-la-libertad-de-prensa-2019-del-cpj\/","og_locale":"es_ES","og_type":"article","og_title":"Periodistas de Brasil y Nicaragua recibir\u00e1n Premio Internacional a la Libertad de Prensa 2019 del CPJ","og_description":"Periodistas de Brasil y Nicaragua recibir\u00e1n Premio Internacional a la Libertad de Prensa 2019 del CPJ Premios y oportunidades. Latin American Journalism Review by The Knight Center at The University of Texas at Austin.","og_url":"https:\/\/latamjournalismreview.org\/es\/articles\/periodistas-de-brasil-y-nicaragua-recibiran-premio-internacional-a-la-libertad-de-prensa-2019-del-cpj\/","og_site_name":"LatAm Journalism Review","article_published_time":"2019-07-16T17:45:51+00:00","article_modified_time":"2020-06-11T01:21:51+00:00","og_image":[{"url":"https:\/\/live-lajr.pantheonsite.io\/wp-content\/uploads\/2020\/06\/Patricia-Campos-Mello-at-20th-ISOJ--1024x996.jpg","type":"","width":"","height":""}],"author":"Silvia Higuera","twitter_card":"summary_large_image","twitter_creator":"@shiguerita","twitter_site":"@LatAmJournalism","twitter_misc":{"Written by":"Silvia Higuera","Est. reading time":"4 minutos"},"schema":{"@context":"https:\/\/schema.org","@graph":[{"@type":"Article","@id":"https:\/\/latamjournalismreview.org\/es\/articles\/periodistas-de-brasil-y-nicaragua-recibiran-premio-internacional-a-la-libertad-de-prensa-2019-del-cpj\/#article","isPartOf":{"@id":"https:\/\/latamjournalismreview.org\/es\/articles\/periodistas-de-brasil-y-nicaragua-recibiran-premio-internacional-a-la-libertad-de-prensa-2019-del-cpj\/"},"author":{"name":"Silvia Higuera","@id":"https:\/\/latamjournalismreview.org\/es\/#\/schema\/person\/eac7baa6afada0957e047be9fc15703a"},"headline":"Periodistas de Brasil y Nicaragua recibir\u00e1n Premio Internacional a la Libertad de Prensa 2019 del CPJ","datePublished":"2019-07-16T17:45:51+00:00","dateModified":"2020-06-11T01:21:51+00:00","mainEntityOfPage":{"@id":"https:\/\/latamjournalismreview.org\/es\/articles\/periodistas-de-brasil-y-nicaragua-recibiran-premio-internacional-a-la-libertad-de-prensa-2019-del-cpj\/"},"wordCount":719,"publisher":{"@id":"https:\/\/latamjournalismreview.org\/es\/#organization"},"image":{"@id":"https:\/\/latamjournalismreview.org\/es\/articles\/periodistas-de-brasil-y-nicaragua-recibiran-premio-internacional-a-la-libertad-de-prensa-2019-del-cpj\/#primaryimage"},"thumbnailUrl":"https:\/\/live-lajr.pantheonsite.io\/wp-content\/uploads\/2020\/06\/Patricia-Campos-Mello-at-20th-ISOJ--1024x996.jpg","keywords":["Nicaragua","Premios"],"articleSection":["Premios y oportunidades"],"inLanguage":"es"},{"@type":"WebPage","@id":"https:\/\/latamjournalismreview.org\/es\/articles\/periodistas-de-brasil-y-nicaragua-recibiran-premio-internacional-a-la-libertad-de-prensa-2019-del-cpj\/","url":"https:\/\/latamjournalismreview.org\/es\/articles\/periodistas-de-brasil-y-nicaragua-recibiran-premio-internacional-a-la-libertad-de-prensa-2019-del-cpj\/","name":"Periodistas de Brasil y Nicaragua recibir\u00e1n Premio Internacional a la Libertad de Prensa 2019 del CPJ - LatAm Journalism Review","isPartOf":{"@id":"https:\/\/latamjournalismreview.org\/es\/#website"},"primaryImageOfPage":{"@id":"https:\/\/latamjournalismreview.org\/es\/articles\/periodistas-de-brasil-y-nicaragua-recibiran-premio-internacional-a-la-libertad-de-prensa-2019-del-cpj\/#primaryimage"},"image":{"@id":"https:\/\/latamjournalismreview.org\/es\/articles\/periodistas-de-brasil-y-nicaragua-recibiran-premio-internacional-a-la-libertad-de-prensa-2019-del-cpj\/#primaryimage"},"thumbnailUrl":"https:\/\/live-lajr.pantheonsite.io\/wp-content\/uploads\/2020\/06\/Patricia-Campos-Mello-at-20th-ISOJ--1024x996.jpg","datePublished":"2019-07-16T17:45:51+00:00","dateModified":"2020-06-11T01:21:51+00:00","description":"Periodistas de Brasil y Nicaragua recibir\u00e1n Premio Internacional a la Libertad de Prensa 2019 del CPJ Premios y oportunidades. Latin American Journalism Review by The Knight Center at The University of Texas at Austin.","breadcrumb":{"@id":"https:\/\/latamjournalismreview.org\/es\/articles\/periodistas-de-brasil-y-nicaragua-recibiran-premio-internacional-a-la-libertad-de-prensa-2019-del-cpj\/#breadcrumb"},"inLanguage":"es","potentialAction":[{"@type":"ReadAction","target":["https:\/\/latamjournalismreview.org\/es\/articles\/periodistas-de-brasil-y-nicaragua-recibiran-premio-internacional-a-la-libertad-de-prensa-2019-del-cpj\/"]}]},{"@type":"ImageObject","inLanguage":"es","@id":"https:\/\/latamjournalismreview.org\/es\/articles\/periodistas-de-brasil-y-nicaragua-recibiran-premio-internacional-a-la-libertad-de-prensa-2019-del-cpj\/#primaryimage","url":"https:\/\/live-lajr.pantheonsite.io\/wp-content\/uploads\/2020\/06\/Patricia-Campos-Mello-at-20th-ISOJ--1024x996.jpg","contentUrl":"https:\/\/live-lajr.pantheonsite.io\/wp-content\/uploads\/2020\/06\/Patricia-Campos-Mello-at-20th-ISOJ--1024x996.jpg"},{"@type":"BreadcrumbList","@id":"https:\/\/latamjournalismreview.org\/es\/articles\/periodistas-de-brasil-y-nicaragua-recibiran-premio-internacional-a-la-libertad-de-prensa-2019-del-cpj\/#breadcrumb","itemListElement":[{"@type":"ListItem","position":1,"name":"Home","item":"https:\/\/latamjournalismreview.org\/es\/"},{"@type":"ListItem","position":2,"name":"Periodistas de Brasil y Nicaragua recibir\u00e1n Premio Internacional a la Libertad de Prensa 2019 del CPJ"}]},{"@type":"WebSite","@id":"https:\/\/latamjournalismreview.org\/es\/#website","url":"https:\/\/latamjournalismreview.org\/es\/","name":"LatAm Journalism Review","description":"Knight Center at The University of Texas","publisher":{"@id":"https:\/\/latamjournalismreview.org\/es\/#organization"},"potentialAction":[{"@type":"SearchAction","target":{"@type":"EntryPoint","urlTemplate":"https:\/\/latamjournalismreview.org\/es\/?s={search_term_string}"},"query-input":{"@type":"PropertyValueSpecification","valueRequired":true,"valueName":"search_term_string"}}],"inLanguage":"es"},{"@type":"Organization","@id":"https:\/\/latamjournalismreview.org\/es\/#organization","name":"LatAm Journalism Review","url":"https:\/\/latamjournalismreview.org\/es\/","logo":{"@type":"ImageObject","inLanguage":"es","@id":"https:\/\/latamjournalismreview.org\/es\/#\/schema\/logo\/image\/","url":"https:\/\/latamjournalismreview.org\/wp-content\/uploads\/2020\/05\/knight-latAm-review-logo.svg","contentUrl":"https:\/\/latamjournalismreview.org\/wp-content\/uploads\/2020\/05\/knight-latAm-review-logo.svg","width":"1024","height":"1024","caption":"LatAm Journalism Review"},"image":{"@id":"https:\/\/latamjournalismreview.org\/es\/#\/schema\/logo\/image\/"},"sameAs":["https:\/\/x.com\/LatAmJournalism"]},{"@type":"Person","@id":"https:\/\/latamjournalismreview.org\/es\/#\/schema\/person\/eac7baa6afada0957e047be9fc15703a","name":"Silvia Higuera","description":"Silvia A. Higuera Fl\u00f3rez is a Colombian journalist interested in covering Latin American issues and human rights, especially the right to freedom of expression, and investigative journalism. She studied Social Communication and Journalism at Universidad Pontificia Bolivariana in Bucaramanga (Colombia), and received her Master's of Arts in Journalism from the University of Texas at Austin in 2015. She worked with the Office of the Special Rapporteur for Freedom of Expression of the Inter-American Commission on Human Rights (IACHR) under the Orlando Sierra fellowship during 2014. She also worked for the Colombian newspaper Vanguardia Liberal and wrote for different magazines about local, economic and public order issues. Her work has also appeared in The Miami Herald and El Nuevo Herald of Miami. Email: silvia.knightcenter@gmail.com Silvia A. Higuera Fl\u00f3rez es una periodista colombiana con inter\u00e9s period\u00edstico es Am\u00e9rica Latina y los derechos humanos, particularmente el derecho a la libertad de expresi\u00f3n, as\u00ed como el periodismo de investigaci\u00f3n. Estudi\u00f3 Comunicaci\u00f3n Social \u2013 Periodismo en la Universidad Pontificia Bolivariana de Bucaramanga (Colombia), y recibi\u00f3 su maestr\u00eda en Periodismo en la Universidad de Texas, en Austin en 2015. Trabaj\u00f3 para la Relator\u00eda Especial para la Libertad de Expresi\u00f3n de la Comisi\u00f3n Interamericana de Derechos Humanos (CIDH) en el marco de la beca Orlando Sierra, durante 2014. Tambi\u00e9n hizo parte del diario Vanguardia Liberal y escribi\u00f3 para otras revistas colombianas cubriendo fuentes locales, econ\u00f3micas y judiciales. Algunos de sus trabajos han aparecido en The Miami Herald y El Nuevo Herald de Miami. Silvia A. Higuera Fl\u00f3rez \u00e9 uma jornalista colombiana e seu interesse jornal\u00edstico \u00e9 a Am\u00e9rica Latina e os direitos humanos, nomeadamente o direito \u00e0 liberdade de express\u00e3o. Estudou Comunica\u00e7\u00e3o Social \u2013 Jornalismo na Universidade Pontif\u00edcia Bolivariana de Bucaramanga, na Col\u00f4mbia e completou seu mestrado em jornalismo na Universidade do Texas em Austin. Silvia trabalhou na Relatoria para a Liberdade de Express\u00e3o da CIDH pela bolsa Orlando Sierra, em 2014. Trabalhou para o jornal Vanguardia Liberal e escreveu para outras revistas colombianas cobrindo temas locais, econ\u00f4micas e judici\u00e1rias. Alguns de seus trabalhos apareceram no The Miami Herald e no El Nuevo Herald de Miami.","sameAs":["https:\/\/x.com\/shiguerita"],"url":"https:\/\/latamjournalismreview.org\/es\/articles\/author\/silvia-higuera\/"}]}},"_links":{"self":[{"href":"https:\/\/latamjournalismreview.org\/es\/wp-json\/wp\/v2\/posts\/6290","targetHints":{"allow":["GET"]}}],"collection":[{"href":"https:\/\/latamjournalismreview.org\/es\/wp-json\/wp\/v2\/posts"}],"about":[{"href":"https:\/\/latamjournalismreview.org\/es\/wp-json\/wp\/v2\/types\/post"}],"author":[{"embeddable":true,"href":"https:\/\/latamjournalismreview.org\/es\/wp-json\/wp\/v2\/users\/13"}],"replies":[{"embeddable":true,"href":"https:\/\/latamjournalismreview.org\/es\/wp-json\/wp\/v2\/comments?post=6290"}],"version-history":[{"count":18,"href":"https:\/\/latamjournalismreview.org\/es\/wp-json\/wp\/v2\/posts\/6290\/revisions"}],"predecessor-version":[{"id":6478,"href":"https:\/\/latamjournalismreview.org\/es\/wp-json\/wp\/v2\/posts\/6290\/revisions\/6478"}],"wp:attachment":[{"href":"https:\/\/latamjournalismreview.org\/es\/wp-json\/wp\/v2\/media?parent=6290"}],"wp:term":[{"taxonomy":"category","embeddable":true,"href":"https:\/\/latamjournalismreview.org\/es\/wp-json\/wp\/v2\/categories?post=6290"},{"taxonomy":"post_tag","embeddable":true,"href":"https:\/\/latamjournalismreview.org\/es\/wp-json\/wp\/v2\/tags?post=6290"},{"taxonomy":"author","embeddable":true,"href":"https:\/\/latamjournalismreview.org\/es\/wp-json\/wp\/v2\/coauthors?post=6290"}],"curies":[{"name":"wp","href":"https:\/\/api.w.org\/{rel}","templated":true}]}}