{"id":63061,"date":"2010-09-07T10:09:16","date_gmt":"2010-09-07T15:09:16","guid":{"rendered":"https:\/\/latamjournalismreview.org\/?p=63061"},"modified":"2022-08-01T10:11:04","modified_gmt":"2022-08-01T15:11:04","slug":"periodistas-repudian-ataque-a-televisora-en-brasil","status":"publish","type":"post","link":"https:\/\/latamjournalismreview.org\/es\/articles\/periodistas-repudian-ataque-a-televisora-en-brasil\/","title":{"rendered":"Periodistas repudian ataque a televisora en Brasil"},"content":{"rendered":"<p><em>Por Maira Magro<\/em><\/p>\n<p>La\u00a0<a href=\"http:\/\/www.fenaj.org.br\/\">Federaci\u00f3n Nacional de Periodistas<\/a>\u00a0(FENAJ) y el Sindicato de Periodistas de Amap\u00e1 emitieron un comunicado en el que condenan el ataque del 3 de septiembre a TV Marco Zero, afiliada a la cadena Record en\u00a0<a href=\"http:\/\/es.wikipedia.org\/wiki\/Macap%C3%A1\">Macap\u00e1<\/a>, de acuerdo con\u00a0<a href=\"http:\/\/www.amapadigital.net\/noticias\/2010\/geral\/setembro\/5-09-10-geral2.html\">Amap\u00e1 Digital<\/a>.<\/p>\n<p>Tres desconocidos entraron al edificio de la emisora, asaltaron a los empleados, tomaron al director como reh\u00e9n y prendieron fuego a una habitaci\u00f3n, report\u00f3\u00a0<a href=\"http:\/\/www1.folha.uol.com.br\/cotidiano\/794154-homens-armados-invadem-afiliada-da-record-em-macapa-e-agridem-funcionarios.shtml\">Folha Online<\/a>.<\/p>\n<p><a href=\"http:\/\/noticias.terra.com.br\/brasil\/noticias\/0,,OI4660470-EI5030,00-Afiliada+da+Record+no+AP+afirma+ter+sido+vitima+de+atentado.html\">Seg\u00fan Terra<\/a>, los asaltantes gritaron que el canal deber\u00eda mantenerse alejado de la pol\u00edtica. El periodista Gilvan Barbosa, presentador del programa Balance General (Balan\u00e7o Geral), dijo a Terra que cre\u00eda que el programa era el blanco del ataque porque hab\u00eda estado recibiendo amenazas y advertencias de no hablar de pol\u00edtica.<\/p>\n<p>La estaci\u00f3n emiti\u00f3 una declaraci\u00f3n diciendo que la \u201clibertad de prensa est\u00e1 siendo coartada a tiros\u201d, seg\u00fan Terra.\u00a0<a href=\"http:\/\/noticias.r7.com\/videos\/afiliada-da-rede-record-no-amapa-sofre-atentado-\/idmedia\/8ce1e38d9e701e4ed9b8b5aa1d178be5.html\">R7<\/a>\u00a0dijo que los tres due\u00f1os de TV Marco Zero est\u00e1n compitiendo en las elecciones de este a\u00f1o.<\/p>\n<p><em>Nota del editor: Esta historia fue publicada originalmente en el blog Periodismo en las Am\u00e9ricas del Centro Knight, el predecesor de LatAm Journalism Review.<\/em><\/p>\n","protected":false},"excerpt":{"rendered":"<p>La\u00a0Federaci\u00f3n Nacional de Periodistas\u00a0(FENAJ) y el Sindicato de Periodistas de Amap\u00e1 emitieron un comunicado en el que condenan el ataque del 3 de septiembre a TV Marco Zero, afiliada a la cadena Record en\u00a0Macap\u00e1, de acuerdo con\u00a0Amap\u00e1 Digital.<\/p>\n","protected":false},"author":17,"featured_media":0,"comment_status":"closed","ping_status":"closed","sticky":false,"template":"","format":"standard","meta":{"inline_featured_image":false,"footnotes":""},"categories":[1222],"tags":[1545,1431],"coauthors":[],"class_list":["post-63061","post","type-post","status-publish","format-standard","hentry","category-violencia-contra-periodistas-es","tag-elecciones-es","tag-radio-y-tv-es"],"acf":[],"yoast_head":"<!-- This site is optimized with the Yoast SEO Premium plugin v22.6 (Yoast SEO v27.4) - https:\/\/yoast.com\/product\/yoast-seo-premium-wordpress\/ -->\n<title>Periodistas repudian ataque a televisora en Brasil - LatAm Journalism Review<\/title>\n<meta name=\"description\" content=\"Periodistas repudian ataque a televisora en Brasil Violencia contra periodistas. Latin American Journalism Review by The Knight Center at The University of Texas at Austin.\" \/>\n<meta name=\"robots\" content=\"index, follow, max-snippet:-1, max-image-preview:large, max-video-preview:-1\" \/>\n<link rel=\"canonical\" href=\"https:\/\/latamjournalismreview.org\/es\/articles\/periodistas-repudian-ataque-a-televisora-en-brasil\/\" \/>\n<meta property=\"og:locale\" content=\"es_ES\" \/>\n<meta property=\"og:type\" content=\"article\" \/>\n<meta property=\"og:title\" content=\"Periodistas repudian ataque a televisora en Brasil\" \/>\n<meta property=\"og:description\" content=\"Periodistas repudian ataque a televisora en Brasil Violencia contra periodistas. Latin American Journalism Review by The Knight Center at The University of Texas at Austin.\" \/>\n<meta property=\"og:url\" content=\"https:\/\/latamjournalismreview.org\/es\/articles\/periodistas-repudian-ataque-a-televisora-en-brasil\/\" \/>\n<meta property=\"og:site_name\" content=\"LatAm Journalism Review\" \/>\n<meta property=\"article:published_time\" content=\"2010-09-07T15:09:16+00:00\" \/>\n<meta property=\"article:modified_time\" content=\"2022-08-01T15:11:04+00:00\" \/>\n<meta name=\"author\" content=\"Guest\" \/>\n<meta name=\"twitter:card\" content=\"summary_large_image\" \/>\n<meta name=\"twitter:creator\" content=\"@LatAmJournalism\" \/>\n<meta name=\"twitter:site\" content=\"@LatAmJournalism\" \/>\n<meta name=\"twitter:label1\" content=\"Written by\" \/>\n\t<meta name=\"twitter:data1\" content=\"Guest\" \/>\n\t<meta name=\"twitter:label2\" content=\"Est. reading time\" \/>\n\t<meta name=\"twitter:data2\" content=\"1 minuto\" \/>\n<script type=\"application\/ld+json\" class=\"yoast-schema-graph\">{\"@context\":\"https:\\\/\\\/schema.org\",\"@graph\":[{\"@type\":\"Article\",\"@id\":\"https:\\\/\\\/latamjournalismreview.org\\\/es\\\/articles\\\/periodistas-repudian-ataque-a-televisora-en-brasil\\\/#article\",\"isPartOf\":{\"@id\":\"https:\\\/\\\/latamjournalismreview.org\\\/es\\\/articles\\\/periodistas-repudian-ataque-a-televisora-en-brasil\\\/\"},\"author\":{\"name\":\"Guest\",\"@id\":\"https:\\\/\\\/latamjournalismreview.org\\\/es\\\/#\\\/schema\\\/person\\\/0315202e0b3c0963a2440f1c3012c360\"},\"headline\":\"Periodistas repudian ataque a televisora en Brasil\",\"datePublished\":\"2010-09-07T15:09:16+00:00\",\"dateModified\":\"2022-08-01T15:11:04+00:00\",\"mainEntityOfPage\":{\"@id\":\"https:\\\/\\\/latamjournalismreview.org\\\/es\\\/articles\\\/periodistas-repudian-ataque-a-televisora-en-brasil\\\/\"},\"wordCount\":204,\"publisher\":{\"@id\":\"https:\\\/\\\/latamjournalismreview.org\\\/es\\\/#organization\"},\"keywords\":[\"Elecciones\",\"Radio y TV\"],\"articleSection\":[\"Violencia contra periodistas\"],\"inLanguage\":\"es\"},{\"@type\":\"WebPage\",\"@id\":\"https:\\\/\\\/latamjournalismreview.org\\\/es\\\/articles\\\/periodistas-repudian-ataque-a-televisora-en-brasil\\\/\",\"url\":\"https:\\\/\\\/latamjournalismreview.org\\\/es\\\/articles\\\/periodistas-repudian-ataque-a-televisora-en-brasil\\\/\",\"name\":\"Periodistas repudian ataque a televisora en Brasil - LatAm Journalism Review\",\"isPartOf\":{\"@id\":\"https:\\\/\\\/latamjournalismreview.org\\\/es\\\/#website\"},\"datePublished\":\"2010-09-07T15:09:16+00:00\",\"dateModified\":\"2022-08-01T15:11:04+00:00\",\"description\":\"Periodistas repudian ataque a televisora en Brasil Violencia contra periodistas. Latin American Journalism Review by The Knight Center at The University of Texas at Austin.\",\"breadcrumb\":{\"@id\":\"https:\\\/\\\/latamjournalismreview.org\\\/es\\\/articles\\\/periodistas-repudian-ataque-a-televisora-en-brasil\\\/#breadcrumb\"},\"inLanguage\":\"es\",\"potentialAction\":[{\"@type\":\"ReadAction\",\"target\":[\"https:\\\/\\\/latamjournalismreview.org\\\/es\\\/articles\\\/periodistas-repudian-ataque-a-televisora-en-brasil\\\/\"]}]},{\"@type\":\"BreadcrumbList\",\"@id\":\"https:\\\/\\\/latamjournalismreview.org\\\/es\\\/articles\\\/periodistas-repudian-ataque-a-televisora-en-brasil\\\/#breadcrumb\",\"itemListElement\":[{\"@type\":\"ListItem\",\"position\":1,\"name\":\"Home\",\"item\":\"https:\\\/\\\/latamjournalismreview.org\\\/es\\\/\"},{\"@type\":\"ListItem\",\"position\":2,\"name\":\"Periodistas repudian ataque a televisora en Brasil\"}]},{\"@type\":\"WebSite\",\"@id\":\"https:\\\/\\\/latamjournalismreview.org\\\/es\\\/#website\",\"url\":\"https:\\\/\\\/latamjournalismreview.org\\\/es\\\/\",\"name\":\"LatAm Journalism Review\",\"description\":\"Knight Center at The University of Texas\",\"publisher\":{\"@id\":\"https:\\\/\\\/latamjournalismreview.org\\\/es\\\/#organization\"},\"potentialAction\":[{\"@type\":\"SearchAction\",\"target\":{\"@type\":\"EntryPoint\",\"urlTemplate\":\"https:\\\/\\\/latamjournalismreview.org\\\/es\\\/?s={search_term_string}\"},\"query-input\":{\"@type\":\"PropertyValueSpecification\",\"valueRequired\":true,\"valueName\":\"search_term_string\"}}],\"inLanguage\":\"es\"},{\"@type\":\"Organization\",\"@id\":\"https:\\\/\\\/latamjournalismreview.org\\\/es\\\/#organization\",\"name\":\"LatAm Journalism Review\",\"url\":\"https:\\\/\\\/latamjournalismreview.org\\\/es\\\/\",\"logo\":{\"@type\":\"ImageObject\",\"inLanguage\":\"es\",\"@id\":\"https:\\\/\\\/latamjournalismreview.org\\\/es\\\/#\\\/schema\\\/logo\\\/image\\\/\",\"url\":\"https:\\\/\\\/latamjournalismreview.org\\\/wp-content\\\/uploads\\\/2020\\\/05\\\/knight-latAm-review-logo.svg\",\"contentUrl\":\"https:\\\/\\\/latamjournalismreview.org\\\/wp-content\\\/uploads\\\/2020\\\/05\\\/knight-latAm-review-logo.svg\",\"width\":\"1024\",\"height\":\"1024\",\"caption\":\"LatAm Journalism Review\"},\"image\":{\"@id\":\"https:\\\/\\\/latamjournalismreview.org\\\/es\\\/#\\\/schema\\\/logo\\\/image\\\/\"},\"sameAs\":[\"https:\\\/\\\/x.com\\\/LatAmJournalism\"]},{\"@type\":\"Person\",\"@id\":\"https:\\\/\\\/latamjournalismreview.org\\\/es\\\/#\\\/schema\\\/person\\\/0315202e0b3c0963a2440f1c3012c360\",\"name\":\"Guest\",\"url\":\"https:\\\/\\\/latamjournalismreview.org\\\/es\\\/articles\\\/author\\\/guest\\\/\"}]}<\/script>\n<!-- \/ Yoast SEO Premium plugin. -->","yoast_head_json":{"title":"Periodistas repudian ataque a televisora en Brasil - LatAm Journalism Review","description":"Periodistas repudian ataque a televisora en Brasil Violencia contra periodistas. Latin American Journalism Review by The Knight Center at The University of Texas at Austin.","robots":{"index":"index","follow":"follow","max-snippet":"max-snippet:-1","max-image-preview":"max-image-preview:large","max-video-preview":"max-video-preview:-1"},"canonical":"https:\/\/latamjournalismreview.org\/es\/articles\/periodistas-repudian-ataque-a-televisora-en-brasil\/","og_locale":"es_ES","og_type":"article","og_title":"Periodistas repudian ataque a televisora en Brasil","og_description":"Periodistas repudian ataque a televisora en Brasil Violencia contra periodistas. Latin American Journalism Review by The Knight Center at The University of Texas at Austin.","og_url":"https:\/\/latamjournalismreview.org\/es\/articles\/periodistas-repudian-ataque-a-televisora-en-brasil\/","og_site_name":"LatAm Journalism Review","article_published_time":"2010-09-07T15:09:16+00:00","article_modified_time":"2022-08-01T15:11:04+00:00","author":"Guest","twitter_card":"summary_large_image","twitter_creator":"@LatAmJournalism","twitter_site":"@LatAmJournalism","twitter_misc":{"Written by":"Guest","Est. reading time":"1 minuto"},"schema":{"@context":"https:\/\/schema.org","@graph":[{"@type":"Article","@id":"https:\/\/latamjournalismreview.org\/es\/articles\/periodistas-repudian-ataque-a-televisora-en-brasil\/#article","isPartOf":{"@id":"https:\/\/latamjournalismreview.org\/es\/articles\/periodistas-repudian-ataque-a-televisora-en-brasil\/"},"author":{"name":"Guest","@id":"https:\/\/latamjournalismreview.org\/es\/#\/schema\/person\/0315202e0b3c0963a2440f1c3012c360"},"headline":"Periodistas repudian ataque a televisora en Brasil","datePublished":"2010-09-07T15:09:16+00:00","dateModified":"2022-08-01T15:11:04+00:00","mainEntityOfPage":{"@id":"https:\/\/latamjournalismreview.org\/es\/articles\/periodistas-repudian-ataque-a-televisora-en-brasil\/"},"wordCount":204,"publisher":{"@id":"https:\/\/latamjournalismreview.org\/es\/#organization"},"keywords":["Elecciones","Radio y TV"],"articleSection":["Violencia contra periodistas"],"inLanguage":"es"},{"@type":"WebPage","@id":"https:\/\/latamjournalismreview.org\/es\/articles\/periodistas-repudian-ataque-a-televisora-en-brasil\/","url":"https:\/\/latamjournalismreview.org\/es\/articles\/periodistas-repudian-ataque-a-televisora-en-brasil\/","name":"Periodistas repudian ataque a televisora en Brasil - LatAm Journalism Review","isPartOf":{"@id":"https:\/\/latamjournalismreview.org\/es\/#website"},"datePublished":"2010-09-07T15:09:16+00:00","dateModified":"2022-08-01T15:11:04+00:00","description":"Periodistas repudian ataque a televisora en Brasil Violencia contra periodistas. Latin American Journalism Review by The Knight Center at The University of Texas at Austin.","breadcrumb":{"@id":"https:\/\/latamjournalismreview.org\/es\/articles\/periodistas-repudian-ataque-a-televisora-en-brasil\/#breadcrumb"},"inLanguage":"es","potentialAction":[{"@type":"ReadAction","target":["https:\/\/latamjournalismreview.org\/es\/articles\/periodistas-repudian-ataque-a-televisora-en-brasil\/"]}]},{"@type":"BreadcrumbList","@id":"https:\/\/latamjournalismreview.org\/es\/articles\/periodistas-repudian-ataque-a-televisora-en-brasil\/#breadcrumb","itemListElement":[{"@type":"ListItem","position":1,"name":"Home","item":"https:\/\/latamjournalismreview.org\/es\/"},{"@type":"ListItem","position":2,"name":"Periodistas repudian ataque a televisora en Brasil"}]},{"@type":"WebSite","@id":"https:\/\/latamjournalismreview.org\/es\/#website","url":"https:\/\/latamjournalismreview.org\/es\/","name":"LatAm Journalism Review","description":"Knight Center at The University of Texas","publisher":{"@id":"https:\/\/latamjournalismreview.org\/es\/#organization"},"potentialAction":[{"@type":"SearchAction","target":{"@type":"EntryPoint","urlTemplate":"https:\/\/latamjournalismreview.org\/es\/?s={search_term_string}"},"query-input":{"@type":"PropertyValueSpecification","valueRequired":true,"valueName":"search_term_string"}}],"inLanguage":"es"},{"@type":"Organization","@id":"https:\/\/latamjournalismreview.org\/es\/#organization","name":"LatAm Journalism Review","url":"https:\/\/latamjournalismreview.org\/es\/","logo":{"@type":"ImageObject","inLanguage":"es","@id":"https:\/\/latamjournalismreview.org\/es\/#\/schema\/logo\/image\/","url":"https:\/\/latamjournalismreview.org\/wp-content\/uploads\/2020\/05\/knight-latAm-review-logo.svg","contentUrl":"https:\/\/latamjournalismreview.org\/wp-content\/uploads\/2020\/05\/knight-latAm-review-logo.svg","width":"1024","height":"1024","caption":"LatAm Journalism Review"},"image":{"@id":"https:\/\/latamjournalismreview.org\/es\/#\/schema\/logo\/image\/"},"sameAs":["https:\/\/x.com\/LatAmJournalism"]},{"@type":"Person","@id":"https:\/\/latamjournalismreview.org\/es\/#\/schema\/person\/0315202e0b3c0963a2440f1c3012c360","name":"Guest","url":"https:\/\/latamjournalismreview.org\/es\/articles\/author\/guest\/"}]}},"_links":{"self":[{"href":"https:\/\/latamjournalismreview.org\/es\/wp-json\/wp\/v2\/posts\/63061","targetHints":{"allow":["GET"]}}],"collection":[{"href":"https:\/\/latamjournalismreview.org\/es\/wp-json\/wp\/v2\/posts"}],"about":[{"href":"https:\/\/latamjournalismreview.org\/es\/wp-json\/wp\/v2\/types\/post"}],"author":[{"embeddable":true,"href":"https:\/\/latamjournalismreview.org\/es\/wp-json\/wp\/v2\/users\/17"}],"replies":[{"embeddable":true,"href":"https:\/\/latamjournalismreview.org\/es\/wp-json\/wp\/v2\/comments?post=63061"}],"version-history":[{"count":1,"href":"https:\/\/latamjournalismreview.org\/es\/wp-json\/wp\/v2\/posts\/63061\/revisions"}],"predecessor-version":[{"id":63065,"href":"https:\/\/latamjournalismreview.org\/es\/wp-json\/wp\/v2\/posts\/63061\/revisions\/63065"}],"wp:attachment":[{"href":"https:\/\/latamjournalismreview.org\/es\/wp-json\/wp\/v2\/media?parent=63061"}],"wp:term":[{"taxonomy":"category","embeddable":true,"href":"https:\/\/latamjournalismreview.org\/es\/wp-json\/wp\/v2\/categories?post=63061"},{"taxonomy":"post_tag","embeddable":true,"href":"https:\/\/latamjournalismreview.org\/es\/wp-json\/wp\/v2\/tags?post=63061"},{"taxonomy":"author","embeddable":true,"href":"https:\/\/latamjournalismreview.org\/es\/wp-json\/wp\/v2\/coauthors?post=63061"}],"curies":[{"name":"wp","href":"https:\/\/api.w.org\/{rel}","templated":true}]}}