{"id":63578,"date":"2010-09-16T13:30:32","date_gmt":"2010-09-16T18:30:32","guid":{"rendered":"https:\/\/latamjournalismreview.org\/?p=63578"},"modified":"2022-08-04T13:32:15","modified_gmt":"2022-08-04T18:32:15","slug":"periodista-hondureno-sale-ileso-de-ataque-de-pistoleros","status":"publish","type":"post","link":"https:\/\/latamjournalismreview.org\/es\/articles\/periodista-hondureno-sale-ileso-de-ataque-de-pistoleros\/","title":{"rendered":"Periodista hondure\u00f1o sale ileso de ataque de pistoleros"},"content":{"rendered":"<p><em>Por Ingrid Bachmann<\/em><\/p>\n<p>Tres individuos\u00a0<a href=\"http:\/\/www.latribuna.hn\/web2.0\/?p=182452\">atentaron contra el periodista de Radio Globo y Globo TV Luis Gald\u00e1mez<\/a>, a quien dispararon frente a su casa la noche del martes en la capital hondure\u00f1a, report\u00f3 La Tribuna. El periodista repeli\u00f3 el ataque con su propia arma.<\/p>\n<p>El periodista tiene un programa matutino en la radio donde\u00a0<a href=\"http:\/\/www.revistazo.biz\/cms\/index.php?option=com_content&amp;view=article&amp;id=1422:atentan-contra-la-vida-de-periodista-de-radio-globo&amp;catid=19:proyectos&amp;Itemid=19\">acostumbra criticar el golpe de Estado<\/a>\u00a0que\u00a0<a href=\"http:\/\/knightcenter.utexas.edu\/archive\/blog\/?q=es\/node\/4485\">derroc\u00f3 al presidente Manuel Zelaya<\/a>, a\u00f1ade Revistazo. Tambi\u00e9n fue uno de los periodistas que\u00a0<a href=\"http:\/\/knightcenter.utexas.edu\/archive\/blog\/?q=es\/node\/5271\">permaneci\u00f3 en la embajada de Brasil<\/a>\u00a0con el depuesto mandatario.<\/p>\n<p>\u00c9ste es\u00a0<a href=\"http:\/\/www.tiempo.hn\/web2\/secciones\/sucesos\/22611-atentan-contra-la-vida-del-periodista-luis-galdamez.html\">el segundo atentado contra Gald\u00e1mez<\/a>, quien en 2006 sufri\u00f3 un ataque similar por el que recibi\u00f3 medidas cautelares por parte de la\u00a0<a href=\"http:\/\/www.cidh.org\/Default.htm\">Comisi\u00f3n Interamericana de Derechos Humanos<\/a>\u00a0(CIDH), explica El Tiempo. Sin embargo, el periodista se quej\u00f3 de la lenta respuesta policial tras el ataque del martes. \u201cLos periodistas en Honduras estamos en las garras de la delincuencia, del crimen organizado y aqu\u00ed no hay justicia ni seguridad para nadie\u201d, dijo.<\/p>\n<p><em>Nota del editor: Esta historia fue publicada originalmente en el blog Periodismo en las Am\u00e9ricas del Centro Knight, el predecesor de LatAm Journalism Review.<\/em><\/p>\n","protected":false},"excerpt":{"rendered":"<p>Tres individuos\u00a0atentaron contra el periodista de Radio Globo y Globo TV Luis Gald\u00e1mez, a quien dispararon frente a su casa la noche del martes en la capital hondure\u00f1a, report\u00f3 La Tribuna. El periodista repeli\u00f3 el ataque con su propia arma.<\/p>\n","protected":false},"author":17,"featured_media":0,"comment_status":"closed","ping_status":"closed","sticky":false,"template":"","format":"standard","meta":{"inline_featured_image":false,"footnotes":""},"categories":[1222],"tags":[1462],"coauthors":[],"class_list":["post-63578","post","type-post","status-publish","format-standard","hentry","category-violencia-contra-periodistas-es","tag-honduras-es"],"acf":[],"yoast_head":"<!-- This site is optimized with the Yoast SEO Premium plugin v22.6 (Yoast SEO v27.4) - https:\/\/yoast.com\/product\/yoast-seo-premium-wordpress\/ -->\n<title>Periodista hondure\u00f1o sale ileso de ataque de pistoleros - LatAm Journalism Review<\/title>\n<meta name=\"description\" content=\"Periodista hondure\u00f1o sale ileso de ataque de pistoleros Violencia contra periodistas. Latin American Journalism Review by The Knight Center at The University of Texas at Austin.\" \/>\n<meta name=\"robots\" content=\"index, follow, max-snippet:-1, max-image-preview:large, max-video-preview:-1\" \/>\n<link rel=\"canonical\" href=\"https:\/\/latamjournalismreview.org\/es\/articles\/periodista-hondureno-sale-ileso-de-ataque-de-pistoleros\/\" \/>\n<meta property=\"og:locale\" content=\"es_ES\" \/>\n<meta property=\"og:type\" content=\"article\" \/>\n<meta property=\"og:title\" content=\"Periodista hondure\u00f1o sale ileso de ataque de pistoleros\" \/>\n<meta property=\"og:description\" content=\"Periodista hondure\u00f1o sale ileso de ataque de pistoleros Violencia contra periodistas. Latin American Journalism Review by The Knight Center at The University of Texas at Austin.\" \/>\n<meta property=\"og:url\" content=\"https:\/\/latamjournalismreview.org\/es\/articles\/periodista-hondureno-sale-ileso-de-ataque-de-pistoleros\/\" \/>\n<meta property=\"og:site_name\" content=\"LatAm Journalism Review\" \/>\n<meta property=\"article:published_time\" content=\"2010-09-16T18:30:32+00:00\" \/>\n<meta property=\"article:modified_time\" content=\"2022-08-04T18:32:15+00:00\" \/>\n<meta name=\"author\" content=\"Guest\" \/>\n<meta name=\"twitter:card\" content=\"summary_large_image\" \/>\n<meta name=\"twitter:creator\" content=\"@LatAmJournalism\" \/>\n<meta name=\"twitter:site\" content=\"@LatAmJournalism\" \/>\n<meta name=\"twitter:label1\" content=\"Written by\" \/>\n\t<meta name=\"twitter:data1\" content=\"Guest\" \/>\n\t<meta name=\"twitter:label2\" content=\"Est. reading time\" \/>\n\t<meta name=\"twitter:data2\" content=\"1 minuto\" \/>\n<script type=\"application\/ld+json\" class=\"yoast-schema-graph\">{\"@context\":\"https:\\\/\\\/schema.org\",\"@graph\":[{\"@type\":\"Article\",\"@id\":\"https:\\\/\\\/latamjournalismreview.org\\\/es\\\/articles\\\/periodista-hondureno-sale-ileso-de-ataque-de-pistoleros\\\/#article\",\"isPartOf\":{\"@id\":\"https:\\\/\\\/latamjournalismreview.org\\\/es\\\/articles\\\/periodista-hondureno-sale-ileso-de-ataque-de-pistoleros\\\/\"},\"author\":{\"name\":\"Guest\",\"@id\":\"https:\\\/\\\/latamjournalismreview.org\\\/es\\\/#\\\/schema\\\/person\\\/0315202e0b3c0963a2440f1c3012c360\"},\"headline\":\"Periodista hondure\u00f1o sale ileso de ataque de pistoleros\",\"datePublished\":\"2010-09-16T18:30:32+00:00\",\"dateModified\":\"2022-08-04T18:32:15+00:00\",\"mainEntityOfPage\":{\"@id\":\"https:\\\/\\\/latamjournalismreview.org\\\/es\\\/articles\\\/periodista-hondureno-sale-ileso-de-ataque-de-pistoleros\\\/\"},\"wordCount\":197,\"publisher\":{\"@id\":\"https:\\\/\\\/latamjournalismreview.org\\\/es\\\/#organization\"},\"keywords\":[\"Honduras\"],\"articleSection\":[\"Violencia contra periodistas\"],\"inLanguage\":\"es\"},{\"@type\":\"WebPage\",\"@id\":\"https:\\\/\\\/latamjournalismreview.org\\\/es\\\/articles\\\/periodista-hondureno-sale-ileso-de-ataque-de-pistoleros\\\/\",\"url\":\"https:\\\/\\\/latamjournalismreview.org\\\/es\\\/articles\\\/periodista-hondureno-sale-ileso-de-ataque-de-pistoleros\\\/\",\"name\":\"Periodista hondure\u00f1o sale ileso de ataque de pistoleros - LatAm Journalism Review\",\"isPartOf\":{\"@id\":\"https:\\\/\\\/latamjournalismreview.org\\\/es\\\/#website\"},\"datePublished\":\"2010-09-16T18:30:32+00:00\",\"dateModified\":\"2022-08-04T18:32:15+00:00\",\"description\":\"Periodista hondure\u00f1o sale ileso de ataque de pistoleros Violencia contra periodistas. Latin American Journalism Review by The Knight Center at The University of Texas at Austin.\",\"breadcrumb\":{\"@id\":\"https:\\\/\\\/latamjournalismreview.org\\\/es\\\/articles\\\/periodista-hondureno-sale-ileso-de-ataque-de-pistoleros\\\/#breadcrumb\"},\"inLanguage\":\"es\",\"potentialAction\":[{\"@type\":\"ReadAction\",\"target\":[\"https:\\\/\\\/latamjournalismreview.org\\\/es\\\/articles\\\/periodista-hondureno-sale-ileso-de-ataque-de-pistoleros\\\/\"]}]},{\"@type\":\"BreadcrumbList\",\"@id\":\"https:\\\/\\\/latamjournalismreview.org\\\/es\\\/articles\\\/periodista-hondureno-sale-ileso-de-ataque-de-pistoleros\\\/#breadcrumb\",\"itemListElement\":[{\"@type\":\"ListItem\",\"position\":1,\"name\":\"Home\",\"item\":\"https:\\\/\\\/latamjournalismreview.org\\\/es\\\/\"},{\"@type\":\"ListItem\",\"position\":2,\"name\":\"Periodista hondure\u00f1o sale ileso de ataque de pistoleros\"}]},{\"@type\":\"WebSite\",\"@id\":\"https:\\\/\\\/latamjournalismreview.org\\\/es\\\/#website\",\"url\":\"https:\\\/\\\/latamjournalismreview.org\\\/es\\\/\",\"name\":\"LatAm Journalism Review\",\"description\":\"Knight Center at The University of Texas\",\"publisher\":{\"@id\":\"https:\\\/\\\/latamjournalismreview.org\\\/es\\\/#organization\"},\"potentialAction\":[{\"@type\":\"SearchAction\",\"target\":{\"@type\":\"EntryPoint\",\"urlTemplate\":\"https:\\\/\\\/latamjournalismreview.org\\\/es\\\/?s={search_term_string}\"},\"query-input\":{\"@type\":\"PropertyValueSpecification\",\"valueRequired\":true,\"valueName\":\"search_term_string\"}}],\"inLanguage\":\"es\"},{\"@type\":\"Organization\",\"@id\":\"https:\\\/\\\/latamjournalismreview.org\\\/es\\\/#organization\",\"name\":\"LatAm Journalism Review\",\"url\":\"https:\\\/\\\/latamjournalismreview.org\\\/es\\\/\",\"logo\":{\"@type\":\"ImageObject\",\"inLanguage\":\"es\",\"@id\":\"https:\\\/\\\/latamjournalismreview.org\\\/es\\\/#\\\/schema\\\/logo\\\/image\\\/\",\"url\":\"https:\\\/\\\/latamjournalismreview.org\\\/wp-content\\\/uploads\\\/2020\\\/05\\\/knight-latAm-review-logo.svg\",\"contentUrl\":\"https:\\\/\\\/latamjournalismreview.org\\\/wp-content\\\/uploads\\\/2020\\\/05\\\/knight-latAm-review-logo.svg\",\"width\":\"1024\",\"height\":\"1024\",\"caption\":\"LatAm Journalism Review\"},\"image\":{\"@id\":\"https:\\\/\\\/latamjournalismreview.org\\\/es\\\/#\\\/schema\\\/logo\\\/image\\\/\"},\"sameAs\":[\"https:\\\/\\\/x.com\\\/LatAmJournalism\"]},{\"@type\":\"Person\",\"@id\":\"https:\\\/\\\/latamjournalismreview.org\\\/es\\\/#\\\/schema\\\/person\\\/0315202e0b3c0963a2440f1c3012c360\",\"name\":\"Guest\",\"url\":\"https:\\\/\\\/latamjournalismreview.org\\\/es\\\/articles\\\/author\\\/guest\\\/\"}]}<\/script>\n<!-- \/ Yoast SEO Premium plugin. -->","yoast_head_json":{"title":"Periodista hondure\u00f1o sale ileso de ataque de pistoleros - LatAm Journalism Review","description":"Periodista hondure\u00f1o sale ileso de ataque de pistoleros Violencia contra periodistas. Latin American Journalism Review by The Knight Center at The University of Texas at Austin.","robots":{"index":"index","follow":"follow","max-snippet":"max-snippet:-1","max-image-preview":"max-image-preview:large","max-video-preview":"max-video-preview:-1"},"canonical":"https:\/\/latamjournalismreview.org\/es\/articles\/periodista-hondureno-sale-ileso-de-ataque-de-pistoleros\/","og_locale":"es_ES","og_type":"article","og_title":"Periodista hondure\u00f1o sale ileso de ataque de pistoleros","og_description":"Periodista hondure\u00f1o sale ileso de ataque de pistoleros Violencia contra periodistas. Latin American Journalism Review by The Knight Center at The University of Texas at Austin.","og_url":"https:\/\/latamjournalismreview.org\/es\/articles\/periodista-hondureno-sale-ileso-de-ataque-de-pistoleros\/","og_site_name":"LatAm Journalism Review","article_published_time":"2010-09-16T18:30:32+00:00","article_modified_time":"2022-08-04T18:32:15+00:00","author":"Guest","twitter_card":"summary_large_image","twitter_creator":"@LatAmJournalism","twitter_site":"@LatAmJournalism","twitter_misc":{"Written by":"Guest","Est. reading time":"1 minuto"},"schema":{"@context":"https:\/\/schema.org","@graph":[{"@type":"Article","@id":"https:\/\/latamjournalismreview.org\/es\/articles\/periodista-hondureno-sale-ileso-de-ataque-de-pistoleros\/#article","isPartOf":{"@id":"https:\/\/latamjournalismreview.org\/es\/articles\/periodista-hondureno-sale-ileso-de-ataque-de-pistoleros\/"},"author":{"name":"Guest","@id":"https:\/\/latamjournalismreview.org\/es\/#\/schema\/person\/0315202e0b3c0963a2440f1c3012c360"},"headline":"Periodista hondure\u00f1o sale ileso de ataque de pistoleros","datePublished":"2010-09-16T18:30:32+00:00","dateModified":"2022-08-04T18:32:15+00:00","mainEntityOfPage":{"@id":"https:\/\/latamjournalismreview.org\/es\/articles\/periodista-hondureno-sale-ileso-de-ataque-de-pistoleros\/"},"wordCount":197,"publisher":{"@id":"https:\/\/latamjournalismreview.org\/es\/#organization"},"keywords":["Honduras"],"articleSection":["Violencia contra periodistas"],"inLanguage":"es"},{"@type":"WebPage","@id":"https:\/\/latamjournalismreview.org\/es\/articles\/periodista-hondureno-sale-ileso-de-ataque-de-pistoleros\/","url":"https:\/\/latamjournalismreview.org\/es\/articles\/periodista-hondureno-sale-ileso-de-ataque-de-pistoleros\/","name":"Periodista hondure\u00f1o sale ileso de ataque de pistoleros - LatAm Journalism Review","isPartOf":{"@id":"https:\/\/latamjournalismreview.org\/es\/#website"},"datePublished":"2010-09-16T18:30:32+00:00","dateModified":"2022-08-04T18:32:15+00:00","description":"Periodista hondure\u00f1o sale ileso de ataque de pistoleros Violencia contra periodistas. Latin American Journalism Review by The Knight Center at The University of Texas at Austin.","breadcrumb":{"@id":"https:\/\/latamjournalismreview.org\/es\/articles\/periodista-hondureno-sale-ileso-de-ataque-de-pistoleros\/#breadcrumb"},"inLanguage":"es","potentialAction":[{"@type":"ReadAction","target":["https:\/\/latamjournalismreview.org\/es\/articles\/periodista-hondureno-sale-ileso-de-ataque-de-pistoleros\/"]}]},{"@type":"BreadcrumbList","@id":"https:\/\/latamjournalismreview.org\/es\/articles\/periodista-hondureno-sale-ileso-de-ataque-de-pistoleros\/#breadcrumb","itemListElement":[{"@type":"ListItem","position":1,"name":"Home","item":"https:\/\/latamjournalismreview.org\/es\/"},{"@type":"ListItem","position":2,"name":"Periodista hondure\u00f1o sale ileso de ataque de pistoleros"}]},{"@type":"WebSite","@id":"https:\/\/latamjournalismreview.org\/es\/#website","url":"https:\/\/latamjournalismreview.org\/es\/","name":"LatAm Journalism Review","description":"Knight Center at The University of Texas","publisher":{"@id":"https:\/\/latamjournalismreview.org\/es\/#organization"},"potentialAction":[{"@type":"SearchAction","target":{"@type":"EntryPoint","urlTemplate":"https:\/\/latamjournalismreview.org\/es\/?s={search_term_string}"},"query-input":{"@type":"PropertyValueSpecification","valueRequired":true,"valueName":"search_term_string"}}],"inLanguage":"es"},{"@type":"Organization","@id":"https:\/\/latamjournalismreview.org\/es\/#organization","name":"LatAm Journalism Review","url":"https:\/\/latamjournalismreview.org\/es\/","logo":{"@type":"ImageObject","inLanguage":"es","@id":"https:\/\/latamjournalismreview.org\/es\/#\/schema\/logo\/image\/","url":"https:\/\/latamjournalismreview.org\/wp-content\/uploads\/2020\/05\/knight-latAm-review-logo.svg","contentUrl":"https:\/\/latamjournalismreview.org\/wp-content\/uploads\/2020\/05\/knight-latAm-review-logo.svg","width":"1024","height":"1024","caption":"LatAm Journalism Review"},"image":{"@id":"https:\/\/latamjournalismreview.org\/es\/#\/schema\/logo\/image\/"},"sameAs":["https:\/\/x.com\/LatAmJournalism"]},{"@type":"Person","@id":"https:\/\/latamjournalismreview.org\/es\/#\/schema\/person\/0315202e0b3c0963a2440f1c3012c360","name":"Guest","url":"https:\/\/latamjournalismreview.org\/es\/articles\/author\/guest\/"}]}},"_links":{"self":[{"href":"https:\/\/latamjournalismreview.org\/es\/wp-json\/wp\/v2\/posts\/63578","targetHints":{"allow":["GET"]}}],"collection":[{"href":"https:\/\/latamjournalismreview.org\/es\/wp-json\/wp\/v2\/posts"}],"about":[{"href":"https:\/\/latamjournalismreview.org\/es\/wp-json\/wp\/v2\/types\/post"}],"author":[{"embeddable":true,"href":"https:\/\/latamjournalismreview.org\/es\/wp-json\/wp\/v2\/users\/17"}],"replies":[{"embeddable":true,"href":"https:\/\/latamjournalismreview.org\/es\/wp-json\/wp\/v2\/comments?post=63578"}],"version-history":[{"count":1,"href":"https:\/\/latamjournalismreview.org\/es\/wp-json\/wp\/v2\/posts\/63578\/revisions"}],"predecessor-version":[{"id":63582,"href":"https:\/\/latamjournalismreview.org\/es\/wp-json\/wp\/v2\/posts\/63578\/revisions\/63582"}],"wp:attachment":[{"href":"https:\/\/latamjournalismreview.org\/es\/wp-json\/wp\/v2\/media?parent=63578"}],"wp:term":[{"taxonomy":"category","embeddable":true,"href":"https:\/\/latamjournalismreview.org\/es\/wp-json\/wp\/v2\/categories?post=63578"},{"taxonomy":"post_tag","embeddable":true,"href":"https:\/\/latamjournalismreview.org\/es\/wp-json\/wp\/v2\/tags?post=63578"},{"taxonomy":"author","embeddable":true,"href":"https:\/\/latamjournalismreview.org\/es\/wp-json\/wp\/v2\/coauthors?post=63578"}],"curies":[{"name":"wp","href":"https:\/\/api.w.org\/{rel}","templated":true}]}}