{"id":63705,"date":"2010-09-21T16:46:20","date_gmt":"2010-09-21T21:46:20","guid":{"rendered":"https:\/\/latamjournalismreview.org\/?p=63705"},"modified":"2022-08-04T16:48:39","modified_gmt":"2022-08-04T21:48:39","slug":"periodistas-del-miami-herald-hartos-del-mal-uso-de-twitter-en-el-periodico","status":"publish","type":"post","link":"https:\/\/latamjournalismreview.org\/es\/articles\/periodistas-del-miami-herald-hartos-del-mal-uso-de-twitter-en-el-periodico\/","title":{"rendered":"Periodistas del Miami Herald hartos del mal uso de Twitter en el peri\u00f3dico"},"content":{"rendered":"<p>Periodistas del\u00a0<a href=\"http:\/\/www.miamiherald.com\/\">Miami Herald<\/a>\u00a0se quejaron del\u00a0<a href=\"http:\/\/www.guardian.co.uk\/media\/greenslade\/2010\/sep\/21\/twitter-newspapers\">mal uso de Twitter en el peri\u00f3dico<\/a>, seg\u00fanThe Guardian.<\/p>\n<p>Veintitr\u00e9s reporteros de planta firmaron una\u00a0<a href=\"http:\/\/blogs.browardpalmbeach.com\/pulp\/2010\/09\/miami_herald_reporters.php\">queja en contra del abuso de Twitter como fuente<\/a>: \u201cEl mes pasado, una historia importante sobre una ni\u00f1a de 15 a\u00f1os y su madre [...] ambas asesinadas por el novio de la adolescente [...] incluy\u00f3 una cita de alguien llamada\u00a0<i>lagordita<\/i>\u00a0[...] Su cita, [...] \u2018Absolutamente nada bueno podr\u00eda haber resultado de esta relaci\u00f3n\u2019 [...] no a\u00f1adi\u00f3 mayor informaci\u00f3n a la historia\u201d, dice la queja.<\/p>\n<p>Adem\u00e1s, reclam\u00f3 que \u201cel domingo, dedicamos la secci\u00f3n m\u00e1s deseada del peri\u00f3dico a una serie de alertas de Twitter de nuestros lectores sobre los ataques del 11 de septiembre de 2001. No conocemos nada sobre estas personas. Sus nombres podr\u00edan ser reales o no. Realmente no importa en el mundo de Twitter\u201d.<\/p>\n<p>Mientras los reporteros de planta dijeron que entend\u00edan que la industria enfrenta un per\u00edodo de cambio e incertidumbre, \u00e9sa no es raz\u00f3n para \u201cimitar\u201d a Twitter, lo cual ser\u00eda un error, argumentaron. \u201cLas noticias locales no tienen que ser superficiales y cursis\u201d, escribieron.<\/p>\n<p>Ryan Derousseau, de MediaBistro escribi\u00f3 que \u201cmientras\u00a0<a href=\"http:\/\/www.mediabistro.com\/mediajobsdaily\/newspapers\/the_miami_herald_staff_compares_the_newspaper_to_a_flea_market_173917.asp\">los peri\u00f3dicos reaccionen al mundo de las redes sociales<\/a>, es probable que este debate contin\u00fae en las redacciones\u201d.<\/p>\n<p><em>Nota del editor: Esta historia fue publicada originalmente en el blog Periodismo en las Am\u00e9ricas del Centro Knight, el predecesor de LatAm Journalism Review.<\/em><\/p>\n","protected":false},"excerpt":{"rendered":"<p>Periodistas del\u00a0Miami Herald\u00a0se quejaron del\u00a0mal uso de Twitter en el peri\u00f3dico, seg\u00fanThe Guardian.<\/p>\n","protected":false},"author":41,"featured_media":0,"comment_status":"closed","ping_status":"closed","sticky":false,"template":"","format":"standard","meta":{"inline_featured_image":false,"footnotes":""},"categories":[1236],"tags":[],"coauthors":[],"class_list":["post-63705","post","type-post","status-publish","format-standard","hentry","category-noticias-falsas-y-desinformacion-es"],"acf":[],"yoast_head":"<!-- This site is optimized with the Yoast SEO Premium plugin v22.6 (Yoast SEO v27.4) - https:\/\/yoast.com\/product\/yoast-seo-premium-wordpress\/ -->\n<title>Periodistas del Miami Herald hartos del mal uso de Twitter en el peri\u00f3dico - LatAm Journalism Review<\/title>\n<meta name=\"description\" content=\"Periodistas del Miami Herald hartos del mal uso de Twitter en el peri\u00f3dico Noticias falsas y desinformaci\u00f3n. Latin American Journalism Review by The Knight Center at The University of Texas at Austin.\" \/>\n<meta name=\"robots\" content=\"index, follow, max-snippet:-1, max-image-preview:large, max-video-preview:-1\" \/>\n<link rel=\"canonical\" href=\"https:\/\/latamjournalismreview.org\/es\/articles\/periodistas-del-miami-herald-hartos-del-mal-uso-de-twitter-en-el-periodico\/\" \/>\n<meta property=\"og:locale\" content=\"es_ES\" \/>\n<meta property=\"og:type\" content=\"article\" \/>\n<meta property=\"og:title\" content=\"Periodistas del Miami Herald hartos del mal uso de Twitter en el peri\u00f3dico\" \/>\n<meta property=\"og:description\" content=\"Periodistas del Miami Herald hartos del mal uso de Twitter en el peri\u00f3dico Noticias falsas y desinformaci\u00f3n. Latin American Journalism Review by The Knight Center at The University of Texas at Austin.\" \/>\n<meta property=\"og:url\" content=\"https:\/\/latamjournalismreview.org\/es\/articles\/periodistas-del-miami-herald-hartos-del-mal-uso-de-twitter-en-el-periodico\/\" \/>\n<meta property=\"og:site_name\" content=\"LatAm Journalism Review\" \/>\n<meta property=\"article:published_time\" content=\"2010-09-21T21:46:20+00:00\" \/>\n<meta property=\"article:modified_time\" content=\"2022-08-04T21:48:39+00:00\" \/>\n<meta name=\"author\" content=\"Summer Harlow\" \/>\n<meta name=\"twitter:card\" content=\"summary_large_image\" \/>\n<meta name=\"twitter:creator\" content=\"@LatAmJournalism\" \/>\n<meta name=\"twitter:site\" content=\"@LatAmJournalism\" \/>\n<meta name=\"twitter:label1\" content=\"Written by\" \/>\n\t<meta name=\"twitter:data1\" content=\"Summer Harlow\" \/>\n\t<meta name=\"twitter:label2\" content=\"Est. reading time\" \/>\n\t<meta name=\"twitter:data2\" content=\"1 minuto\" \/>\n<script type=\"application\/ld+json\" class=\"yoast-schema-graph\">{\"@context\":\"https:\\\/\\\/schema.org\",\"@graph\":[{\"@type\":\"Article\",\"@id\":\"https:\\\/\\\/latamjournalismreview.org\\\/es\\\/articles\\\/periodistas-del-miami-herald-hartos-del-mal-uso-de-twitter-en-el-periodico\\\/#article\",\"isPartOf\":{\"@id\":\"https:\\\/\\\/latamjournalismreview.org\\\/es\\\/articles\\\/periodistas-del-miami-herald-hartos-del-mal-uso-de-twitter-en-el-periodico\\\/\"},\"author\":{\"name\":\"Summer Harlow\",\"@id\":\"https:\\\/\\\/latamjournalismreview.org\\\/es\\\/#\\\/schema\\\/person\\\/571a4b578ae1200d03b8c555e5e75663\"},\"headline\":\"Periodistas del Miami Herald hartos del mal uso de Twitter en el peri\u00f3dico\",\"datePublished\":\"2010-09-21T21:46:20+00:00\",\"dateModified\":\"2022-08-04T21:48:39+00:00\",\"mainEntityOfPage\":{\"@id\":\"https:\\\/\\\/latamjournalismreview.org\\\/es\\\/articles\\\/periodistas-del-miami-herald-hartos-del-mal-uso-de-twitter-en-el-periodico\\\/\"},\"wordCount\":258,\"publisher\":{\"@id\":\"https:\\\/\\\/latamjournalismreview.org\\\/es\\\/#organization\"},\"articleSection\":[\"Noticias falsas y desinformaci\u00f3n\"],\"inLanguage\":\"es\"},{\"@type\":\"WebPage\",\"@id\":\"https:\\\/\\\/latamjournalismreview.org\\\/es\\\/articles\\\/periodistas-del-miami-herald-hartos-del-mal-uso-de-twitter-en-el-periodico\\\/\",\"url\":\"https:\\\/\\\/latamjournalismreview.org\\\/es\\\/articles\\\/periodistas-del-miami-herald-hartos-del-mal-uso-de-twitter-en-el-periodico\\\/\",\"name\":\"Periodistas del Miami Herald hartos del mal uso de Twitter en el peri\u00f3dico - LatAm Journalism Review\",\"isPartOf\":{\"@id\":\"https:\\\/\\\/latamjournalismreview.org\\\/es\\\/#website\"},\"datePublished\":\"2010-09-21T21:46:20+00:00\",\"dateModified\":\"2022-08-04T21:48:39+00:00\",\"description\":\"Periodistas del Miami Herald hartos del mal uso de Twitter en el peri\u00f3dico Noticias falsas y desinformaci\u00f3n. Latin American Journalism Review by The Knight Center at The University of Texas at Austin.\",\"breadcrumb\":{\"@id\":\"https:\\\/\\\/latamjournalismreview.org\\\/es\\\/articles\\\/periodistas-del-miami-herald-hartos-del-mal-uso-de-twitter-en-el-periodico\\\/#breadcrumb\"},\"inLanguage\":\"es\",\"potentialAction\":[{\"@type\":\"ReadAction\",\"target\":[\"https:\\\/\\\/latamjournalismreview.org\\\/es\\\/articles\\\/periodistas-del-miami-herald-hartos-del-mal-uso-de-twitter-en-el-periodico\\\/\"]}]},{\"@type\":\"BreadcrumbList\",\"@id\":\"https:\\\/\\\/latamjournalismreview.org\\\/es\\\/articles\\\/periodistas-del-miami-herald-hartos-del-mal-uso-de-twitter-en-el-periodico\\\/#breadcrumb\",\"itemListElement\":[{\"@type\":\"ListItem\",\"position\":1,\"name\":\"Home\",\"item\":\"https:\\\/\\\/latamjournalismreview.org\\\/es\\\/\"},{\"@type\":\"ListItem\",\"position\":2,\"name\":\"Periodistas del Miami Herald hartos del mal uso de Twitter en el peri\u00f3dico\"}]},{\"@type\":\"WebSite\",\"@id\":\"https:\\\/\\\/latamjournalismreview.org\\\/es\\\/#website\",\"url\":\"https:\\\/\\\/latamjournalismreview.org\\\/es\\\/\",\"name\":\"LatAm Journalism Review\",\"description\":\"Knight Center at The University of Texas\",\"publisher\":{\"@id\":\"https:\\\/\\\/latamjournalismreview.org\\\/es\\\/#organization\"},\"potentialAction\":[{\"@type\":\"SearchAction\",\"target\":{\"@type\":\"EntryPoint\",\"urlTemplate\":\"https:\\\/\\\/latamjournalismreview.org\\\/es\\\/?s={search_term_string}\"},\"query-input\":{\"@type\":\"PropertyValueSpecification\",\"valueRequired\":true,\"valueName\":\"search_term_string\"}}],\"inLanguage\":\"es\"},{\"@type\":\"Organization\",\"@id\":\"https:\\\/\\\/latamjournalismreview.org\\\/es\\\/#organization\",\"name\":\"LatAm Journalism Review\",\"url\":\"https:\\\/\\\/latamjournalismreview.org\\\/es\\\/\",\"logo\":{\"@type\":\"ImageObject\",\"inLanguage\":\"es\",\"@id\":\"https:\\\/\\\/latamjournalismreview.org\\\/es\\\/#\\\/schema\\\/logo\\\/image\\\/\",\"url\":\"https:\\\/\\\/latamjournalismreview.org\\\/wp-content\\\/uploads\\\/2020\\\/05\\\/knight-latAm-review-logo.svg\",\"contentUrl\":\"https:\\\/\\\/latamjournalismreview.org\\\/wp-content\\\/uploads\\\/2020\\\/05\\\/knight-latAm-review-logo.svg\",\"width\":\"1024\",\"height\":\"1024\",\"caption\":\"LatAm Journalism Review\"},\"image\":{\"@id\":\"https:\\\/\\\/latamjournalismreview.org\\\/es\\\/#\\\/schema\\\/logo\\\/image\\\/\"},\"sameAs\":[\"https:\\\/\\\/x.com\\\/LatAmJournalism\"]},{\"@type\":\"Person\",\"@id\":\"https:\\\/\\\/latamjournalismreview.org\\\/es\\\/#\\\/schema\\\/person\\\/571a4b578ae1200d03b8c555e5e75663\",\"name\":\"Summer Harlow\",\"url\":\"https:\\\/\\\/latamjournalismreview.org\\\/es\\\/articles\\\/author\\\/summer-harlow\\\/\"}]}<\/script>\n<!-- \/ Yoast SEO Premium plugin. -->","yoast_head_json":{"title":"Periodistas del Miami Herald hartos del mal uso de Twitter en el peri\u00f3dico - LatAm Journalism Review","description":"Periodistas del Miami Herald hartos del mal uso de Twitter en el peri\u00f3dico Noticias falsas y desinformaci\u00f3n. Latin American Journalism Review by The Knight Center at The University of Texas at Austin.","robots":{"index":"index","follow":"follow","max-snippet":"max-snippet:-1","max-image-preview":"max-image-preview:large","max-video-preview":"max-video-preview:-1"},"canonical":"https:\/\/latamjournalismreview.org\/es\/articles\/periodistas-del-miami-herald-hartos-del-mal-uso-de-twitter-en-el-periodico\/","og_locale":"es_ES","og_type":"article","og_title":"Periodistas del Miami Herald hartos del mal uso de Twitter en el peri\u00f3dico","og_description":"Periodistas del Miami Herald hartos del mal uso de Twitter en el peri\u00f3dico Noticias falsas y desinformaci\u00f3n. Latin American Journalism Review by The Knight Center at The University of Texas at Austin.","og_url":"https:\/\/latamjournalismreview.org\/es\/articles\/periodistas-del-miami-herald-hartos-del-mal-uso-de-twitter-en-el-periodico\/","og_site_name":"LatAm Journalism Review","article_published_time":"2010-09-21T21:46:20+00:00","article_modified_time":"2022-08-04T21:48:39+00:00","author":"Summer Harlow","twitter_card":"summary_large_image","twitter_creator":"@LatAmJournalism","twitter_site":"@LatAmJournalism","twitter_misc":{"Written by":"Summer Harlow","Est. reading time":"1 minuto"},"schema":{"@context":"https:\/\/schema.org","@graph":[{"@type":"Article","@id":"https:\/\/latamjournalismreview.org\/es\/articles\/periodistas-del-miami-herald-hartos-del-mal-uso-de-twitter-en-el-periodico\/#article","isPartOf":{"@id":"https:\/\/latamjournalismreview.org\/es\/articles\/periodistas-del-miami-herald-hartos-del-mal-uso-de-twitter-en-el-periodico\/"},"author":{"name":"Summer Harlow","@id":"https:\/\/latamjournalismreview.org\/es\/#\/schema\/person\/571a4b578ae1200d03b8c555e5e75663"},"headline":"Periodistas del Miami Herald hartos del mal uso de Twitter en el peri\u00f3dico","datePublished":"2010-09-21T21:46:20+00:00","dateModified":"2022-08-04T21:48:39+00:00","mainEntityOfPage":{"@id":"https:\/\/latamjournalismreview.org\/es\/articles\/periodistas-del-miami-herald-hartos-del-mal-uso-de-twitter-en-el-periodico\/"},"wordCount":258,"publisher":{"@id":"https:\/\/latamjournalismreview.org\/es\/#organization"},"articleSection":["Noticias falsas y desinformaci\u00f3n"],"inLanguage":"es"},{"@type":"WebPage","@id":"https:\/\/latamjournalismreview.org\/es\/articles\/periodistas-del-miami-herald-hartos-del-mal-uso-de-twitter-en-el-periodico\/","url":"https:\/\/latamjournalismreview.org\/es\/articles\/periodistas-del-miami-herald-hartos-del-mal-uso-de-twitter-en-el-periodico\/","name":"Periodistas del Miami Herald hartos del mal uso de Twitter en el peri\u00f3dico - LatAm Journalism Review","isPartOf":{"@id":"https:\/\/latamjournalismreview.org\/es\/#website"},"datePublished":"2010-09-21T21:46:20+00:00","dateModified":"2022-08-04T21:48:39+00:00","description":"Periodistas del Miami Herald hartos del mal uso de Twitter en el peri\u00f3dico Noticias falsas y desinformaci\u00f3n. Latin American Journalism Review by The Knight Center at The University of Texas at Austin.","breadcrumb":{"@id":"https:\/\/latamjournalismreview.org\/es\/articles\/periodistas-del-miami-herald-hartos-del-mal-uso-de-twitter-en-el-periodico\/#breadcrumb"},"inLanguage":"es","potentialAction":[{"@type":"ReadAction","target":["https:\/\/latamjournalismreview.org\/es\/articles\/periodistas-del-miami-herald-hartos-del-mal-uso-de-twitter-en-el-periodico\/"]}]},{"@type":"BreadcrumbList","@id":"https:\/\/latamjournalismreview.org\/es\/articles\/periodistas-del-miami-herald-hartos-del-mal-uso-de-twitter-en-el-periodico\/#breadcrumb","itemListElement":[{"@type":"ListItem","position":1,"name":"Home","item":"https:\/\/latamjournalismreview.org\/es\/"},{"@type":"ListItem","position":2,"name":"Periodistas del Miami Herald hartos del mal uso de Twitter en el peri\u00f3dico"}]},{"@type":"WebSite","@id":"https:\/\/latamjournalismreview.org\/es\/#website","url":"https:\/\/latamjournalismreview.org\/es\/","name":"LatAm Journalism Review","description":"Knight Center at The University of Texas","publisher":{"@id":"https:\/\/latamjournalismreview.org\/es\/#organization"},"potentialAction":[{"@type":"SearchAction","target":{"@type":"EntryPoint","urlTemplate":"https:\/\/latamjournalismreview.org\/es\/?s={search_term_string}"},"query-input":{"@type":"PropertyValueSpecification","valueRequired":true,"valueName":"search_term_string"}}],"inLanguage":"es"},{"@type":"Organization","@id":"https:\/\/latamjournalismreview.org\/es\/#organization","name":"LatAm Journalism Review","url":"https:\/\/latamjournalismreview.org\/es\/","logo":{"@type":"ImageObject","inLanguage":"es","@id":"https:\/\/latamjournalismreview.org\/es\/#\/schema\/logo\/image\/","url":"https:\/\/latamjournalismreview.org\/wp-content\/uploads\/2020\/05\/knight-latAm-review-logo.svg","contentUrl":"https:\/\/latamjournalismreview.org\/wp-content\/uploads\/2020\/05\/knight-latAm-review-logo.svg","width":"1024","height":"1024","caption":"LatAm Journalism Review"},"image":{"@id":"https:\/\/latamjournalismreview.org\/es\/#\/schema\/logo\/image\/"},"sameAs":["https:\/\/x.com\/LatAmJournalism"]},{"@type":"Person","@id":"https:\/\/latamjournalismreview.org\/es\/#\/schema\/person\/571a4b578ae1200d03b8c555e5e75663","name":"Summer Harlow","url":"https:\/\/latamjournalismreview.org\/es\/articles\/author\/summer-harlow\/"}]}},"_links":{"self":[{"href":"https:\/\/latamjournalismreview.org\/es\/wp-json\/wp\/v2\/posts\/63705","targetHints":{"allow":["GET"]}}],"collection":[{"href":"https:\/\/latamjournalismreview.org\/es\/wp-json\/wp\/v2\/posts"}],"about":[{"href":"https:\/\/latamjournalismreview.org\/es\/wp-json\/wp\/v2\/types\/post"}],"author":[{"embeddable":true,"href":"https:\/\/latamjournalismreview.org\/es\/wp-json\/wp\/v2\/users\/41"}],"replies":[{"embeddable":true,"href":"https:\/\/latamjournalismreview.org\/es\/wp-json\/wp\/v2\/comments?post=63705"}],"version-history":[{"count":1,"href":"https:\/\/latamjournalismreview.org\/es\/wp-json\/wp\/v2\/posts\/63705\/revisions"}],"predecessor-version":[{"id":63711,"href":"https:\/\/latamjournalismreview.org\/es\/wp-json\/wp\/v2\/posts\/63705\/revisions\/63711"}],"wp:attachment":[{"href":"https:\/\/latamjournalismreview.org\/es\/wp-json\/wp\/v2\/media?parent=63705"}],"wp:term":[{"taxonomy":"category","embeddable":true,"href":"https:\/\/latamjournalismreview.org\/es\/wp-json\/wp\/v2\/categories?post=63705"},{"taxonomy":"post_tag","embeddable":true,"href":"https:\/\/latamjournalismreview.org\/es\/wp-json\/wp\/v2\/tags?post=63705"},{"taxonomy":"author","embeddable":true,"href":"https:\/\/latamjournalismreview.org\/es\/wp-json\/wp\/v2\/coauthors?post=63705"}],"curies":[{"name":"wp","href":"https:\/\/api.w.org\/{rel}","templated":true}]}}