{"id":63876,"date":"2010-09-25T22:28:42","date_gmt":"2010-09-26T03:28:42","guid":{"rendered":"https:\/\/latamjournalismreview.org\/?p=63876"},"modified":"2022-08-07T22:31:36","modified_gmt":"2022-08-08T03:31:36","slug":"cientos-de-brasilenos-se-manifiestan-para-exigir-medios-mas-democraticos","status":"publish","type":"post","link":"https:\/\/latamjournalismreview.org\/es\/articles\/cientos-de-brasilenos-se-manifiestan-para-exigir-medios-mas-democraticos\/","title":{"rendered":"Cientos de brasile\u00f1os se manifiestan para exigir medios m\u00e1s democr\u00e1ticos"},"content":{"rendered":"<p><em>Por Maira Magro<\/em><\/p>\n<p>Unos 500 miembros de centrales sindicales, organizaciones de periodistas y movimientos sociales se reunieron el jueves 23 de septiembre en la sede del sindicato de periodistas de S\u00e3o Paulo para\u00a0<a href=\"http:\/\/g1.globo.com\/politica\/noticia\/2010\/09\/partidos-e-entidades-fazem-ato-contra-golpismo-midiatico.html\">manifestarse \u201cen defensa de la democracia y en contra del golpismo medi\u00e1tico\u201d<\/a>\u00a0en Brasil, inform\u00f3 G1.<\/p>\n<p>Los organizadores acusaron a sectores de la prensa de favorecer a una candidatura con vistas a las pr\u00f3ximas elecciones de octubre y se manifestaron en favor de\u00a0<a href=\"http:\/\/noticias.terra.com.br\/eleicoes\/2010\/noticias\/0,,OI4695123-EI15311,00-Jornalistas+se+reunem+e+propoem+novo+controle+social+da+midia.html\">medios m\u00e1s democr\u00e1ticos<\/a>. Asimismo, propusieron hacer p\u00fablicos los contratos y cuentas de publicidad de grandes empresas de comunicaci\u00f3n, reportaron Terra y G1. Tambi\u00e9n emitieron la declaraci\u00f3n en portugu\u00e9s\u00a0<a href=\"http:\/\/www.baraodeitarare.org.br\/index.php?option=com_content&amp;view=article&amp;id=77:pela-mais-ampla-liberdade-de-expressao&amp;catid=8:noticias\">\u201cPara una libertad de expresi\u00f3n m\u00e1s amplia\u201d<\/a>, donde explicaron sus propuestas.<\/p>\n<p>\u201cDistorsionar, seleccionar, divulgar opiniones como si fuesen hechos no es ejercer el periodismo, sino manipular las noticias cotidianas de acuerdo con los intereses de otros que no tienen un compromiso con la veracidad de la informaci\u00f3n\u201d, afirm\u00f3 el presidente del Sindicato de Periodistas de S\u00e3o Paulo y secretario general de la Federaci\u00f3n Nacional de Periodistas (FENAJ), Jos\u00e9 Augusto Camargo, quien adem\u00e1s acus\u00f3 a algunos sectores de la prensa de estar detr\u00e1s de un \u201cgolpe medi\u00e1tico\u201d para interferir en la voluntad popular.<\/p>\n<p><em>Nota del editor: Esta historia fue publicada originalmente en el blog Periodismo en las Am\u00e9ricas del Centro Knight, el predecesor de LatAm Journalism Review.<\/em><\/p>\n","protected":false},"excerpt":{"rendered":"<p>Unos 500 miembros de centrales sindicales, organizaciones de periodistas y movimientos sociales se reunieron el jueves 23 de septiembre en la sede del sindicato de periodistas de S\u00e3o Paulo para\u00a0manifestarse \u201cen defensa de la democracia y en contra del golpismo medi\u00e1tico\u201d\u00a0en Brasil, inform\u00f3 G1.<\/p>\n","protected":false},"author":17,"featured_media":0,"comment_status":"closed","ping_status":"closed","sticky":false,"template":"","format":"standard","meta":{"inline_featured_image":false,"footnotes":""},"categories":[1669],"tags":[1543,1439,1545],"coauthors":[],"class_list":["post-63876","post","type-post","status-publish","format-standard","hentry","category-mercado-laboral","tag-corrupcion-es","tag-democracia-es","tag-elecciones-es"],"acf":[],"yoast_head":"<!-- This site is optimized with the Yoast SEO Premium plugin v22.6 (Yoast SEO v27.4) - https:\/\/yoast.com\/product\/yoast-seo-premium-wordpress\/ -->\n<title>Cientos de brasile\u00f1os se manifiestan para exigir medios m\u00e1s democr\u00e1ticos - LatAm Journalism Review<\/title>\n<meta name=\"description\" content=\"Cientos de brasile\u00f1os se manifiestan para exigir medios m\u00e1s democr\u00e1ticos Mercado laboral. Latin American Journalism Review by The Knight Center at The University of Texas at Austin.\" \/>\n<meta name=\"robots\" content=\"index, follow, max-snippet:-1, max-image-preview:large, max-video-preview:-1\" \/>\n<link rel=\"canonical\" href=\"https:\/\/latamjournalismreview.org\/es\/articles\/cientos-de-brasilenos-se-manifiestan-para-exigir-medios-mas-democraticos\/\" \/>\n<meta property=\"og:locale\" content=\"es_ES\" \/>\n<meta property=\"og:type\" content=\"article\" \/>\n<meta property=\"og:title\" content=\"Cientos de brasile\u00f1os se manifiestan para exigir medios m\u00e1s democr\u00e1ticos\" \/>\n<meta property=\"og:description\" content=\"Cientos de brasile\u00f1os se manifiestan para exigir medios m\u00e1s democr\u00e1ticos Mercado laboral. Latin American Journalism Review by The Knight Center at The University of Texas at Austin.\" \/>\n<meta property=\"og:url\" content=\"https:\/\/latamjournalismreview.org\/es\/articles\/cientos-de-brasilenos-se-manifiestan-para-exigir-medios-mas-democraticos\/\" \/>\n<meta property=\"og:site_name\" content=\"LatAm Journalism Review\" \/>\n<meta property=\"article:published_time\" content=\"2010-09-26T03:28:42+00:00\" \/>\n<meta property=\"article:modified_time\" content=\"2022-08-08T03:31:36+00:00\" \/>\n<meta name=\"author\" content=\"Guest\" \/>\n<meta name=\"twitter:card\" content=\"summary_large_image\" \/>\n<meta name=\"twitter:creator\" content=\"@LatAmJournalism\" \/>\n<meta name=\"twitter:site\" content=\"@LatAmJournalism\" \/>\n<meta name=\"twitter:label1\" content=\"Written by\" \/>\n\t<meta name=\"twitter:data1\" content=\"Guest\" \/>\n\t<meta name=\"twitter:label2\" content=\"Est. reading time\" \/>\n\t<meta name=\"twitter:data2\" content=\"1 minuto\" \/>\n<script type=\"application\/ld+json\" class=\"yoast-schema-graph\">{\"@context\":\"https:\\\/\\\/schema.org\",\"@graph\":[{\"@type\":\"Article\",\"@id\":\"https:\\\/\\\/latamjournalismreview.org\\\/es\\\/articles\\\/cientos-de-brasilenos-se-manifiestan-para-exigir-medios-mas-democraticos\\\/#article\",\"isPartOf\":{\"@id\":\"https:\\\/\\\/latamjournalismreview.org\\\/es\\\/articles\\\/cientos-de-brasilenos-se-manifiestan-para-exigir-medios-mas-democraticos\\\/\"},\"author\":{\"name\":\"Guest\",\"@id\":\"https:\\\/\\\/latamjournalismreview.org\\\/es\\\/#\\\/schema\\\/person\\\/0315202e0b3c0963a2440f1c3012c360\"},\"headline\":\"Cientos de brasile\u00f1os se manifiestan para exigir medios m\u00e1s democr\u00e1ticos\",\"datePublished\":\"2010-09-26T03:28:42+00:00\",\"dateModified\":\"2022-08-08T03:31:36+00:00\",\"mainEntityOfPage\":{\"@id\":\"https:\\\/\\\/latamjournalismreview.org\\\/es\\\/articles\\\/cientos-de-brasilenos-se-manifiestan-para-exigir-medios-mas-democraticos\\\/\"},\"wordCount\":250,\"publisher\":{\"@id\":\"https:\\\/\\\/latamjournalismreview.org\\\/es\\\/#organization\"},\"keywords\":[\"Corrupci\u00f3n\",\"Democracia\",\"Elecciones\"],\"articleSection\":[\"Mercado laboral\"],\"inLanguage\":\"es\"},{\"@type\":\"WebPage\",\"@id\":\"https:\\\/\\\/latamjournalismreview.org\\\/es\\\/articles\\\/cientos-de-brasilenos-se-manifiestan-para-exigir-medios-mas-democraticos\\\/\",\"url\":\"https:\\\/\\\/latamjournalismreview.org\\\/es\\\/articles\\\/cientos-de-brasilenos-se-manifiestan-para-exigir-medios-mas-democraticos\\\/\",\"name\":\"Cientos de brasile\u00f1os se manifiestan para exigir medios m\u00e1s democr\u00e1ticos - LatAm Journalism Review\",\"isPartOf\":{\"@id\":\"https:\\\/\\\/latamjournalismreview.org\\\/es\\\/#website\"},\"datePublished\":\"2010-09-26T03:28:42+00:00\",\"dateModified\":\"2022-08-08T03:31:36+00:00\",\"description\":\"Cientos de brasile\u00f1os se manifiestan para exigir medios m\u00e1s democr\u00e1ticos Mercado laboral. Latin American Journalism Review by The Knight Center at The University of Texas at Austin.\",\"breadcrumb\":{\"@id\":\"https:\\\/\\\/latamjournalismreview.org\\\/es\\\/articles\\\/cientos-de-brasilenos-se-manifiestan-para-exigir-medios-mas-democraticos\\\/#breadcrumb\"},\"inLanguage\":\"es\",\"potentialAction\":[{\"@type\":\"ReadAction\",\"target\":[\"https:\\\/\\\/latamjournalismreview.org\\\/es\\\/articles\\\/cientos-de-brasilenos-se-manifiestan-para-exigir-medios-mas-democraticos\\\/\"]}]},{\"@type\":\"BreadcrumbList\",\"@id\":\"https:\\\/\\\/latamjournalismreview.org\\\/es\\\/articles\\\/cientos-de-brasilenos-se-manifiestan-para-exigir-medios-mas-democraticos\\\/#breadcrumb\",\"itemListElement\":[{\"@type\":\"ListItem\",\"position\":1,\"name\":\"Home\",\"item\":\"https:\\\/\\\/latamjournalismreview.org\\\/es\\\/\"},{\"@type\":\"ListItem\",\"position\":2,\"name\":\"Cientos de brasile\u00f1os se manifiestan para exigir medios m\u00e1s democr\u00e1ticos\"}]},{\"@type\":\"WebSite\",\"@id\":\"https:\\\/\\\/latamjournalismreview.org\\\/es\\\/#website\",\"url\":\"https:\\\/\\\/latamjournalismreview.org\\\/es\\\/\",\"name\":\"LatAm Journalism Review\",\"description\":\"Knight Center at The University of Texas\",\"publisher\":{\"@id\":\"https:\\\/\\\/latamjournalismreview.org\\\/es\\\/#organization\"},\"potentialAction\":[{\"@type\":\"SearchAction\",\"target\":{\"@type\":\"EntryPoint\",\"urlTemplate\":\"https:\\\/\\\/latamjournalismreview.org\\\/es\\\/?s={search_term_string}\"},\"query-input\":{\"@type\":\"PropertyValueSpecification\",\"valueRequired\":true,\"valueName\":\"search_term_string\"}}],\"inLanguage\":\"es\"},{\"@type\":\"Organization\",\"@id\":\"https:\\\/\\\/latamjournalismreview.org\\\/es\\\/#organization\",\"name\":\"LatAm Journalism Review\",\"url\":\"https:\\\/\\\/latamjournalismreview.org\\\/es\\\/\",\"logo\":{\"@type\":\"ImageObject\",\"inLanguage\":\"es\",\"@id\":\"https:\\\/\\\/latamjournalismreview.org\\\/es\\\/#\\\/schema\\\/logo\\\/image\\\/\",\"url\":\"https:\\\/\\\/latamjournalismreview.org\\\/wp-content\\\/uploads\\\/2020\\\/05\\\/knight-latAm-review-logo.svg\",\"contentUrl\":\"https:\\\/\\\/latamjournalismreview.org\\\/wp-content\\\/uploads\\\/2020\\\/05\\\/knight-latAm-review-logo.svg\",\"width\":\"1024\",\"height\":\"1024\",\"caption\":\"LatAm Journalism Review\"},\"image\":{\"@id\":\"https:\\\/\\\/latamjournalismreview.org\\\/es\\\/#\\\/schema\\\/logo\\\/image\\\/\"},\"sameAs\":[\"https:\\\/\\\/x.com\\\/LatAmJournalism\"]},{\"@type\":\"Person\",\"@id\":\"https:\\\/\\\/latamjournalismreview.org\\\/es\\\/#\\\/schema\\\/person\\\/0315202e0b3c0963a2440f1c3012c360\",\"name\":\"Guest\",\"url\":\"https:\\\/\\\/latamjournalismreview.org\\\/es\\\/articles\\\/author\\\/guest\\\/\"}]}<\/script>\n<!-- \/ Yoast SEO Premium plugin. -->","yoast_head_json":{"title":"Cientos de brasile\u00f1os se manifiestan para exigir medios m\u00e1s democr\u00e1ticos - LatAm Journalism Review","description":"Cientos de brasile\u00f1os se manifiestan para exigir medios m\u00e1s democr\u00e1ticos Mercado laboral. Latin American Journalism Review by The Knight Center at The University of Texas at Austin.","robots":{"index":"index","follow":"follow","max-snippet":"max-snippet:-1","max-image-preview":"max-image-preview:large","max-video-preview":"max-video-preview:-1"},"canonical":"https:\/\/latamjournalismreview.org\/es\/articles\/cientos-de-brasilenos-se-manifiestan-para-exigir-medios-mas-democraticos\/","og_locale":"es_ES","og_type":"article","og_title":"Cientos de brasile\u00f1os se manifiestan para exigir medios m\u00e1s democr\u00e1ticos","og_description":"Cientos de brasile\u00f1os se manifiestan para exigir medios m\u00e1s democr\u00e1ticos Mercado laboral. Latin American Journalism Review by The Knight Center at The University of Texas at Austin.","og_url":"https:\/\/latamjournalismreview.org\/es\/articles\/cientos-de-brasilenos-se-manifiestan-para-exigir-medios-mas-democraticos\/","og_site_name":"LatAm Journalism Review","article_published_time":"2010-09-26T03:28:42+00:00","article_modified_time":"2022-08-08T03:31:36+00:00","author":"Guest","twitter_card":"summary_large_image","twitter_creator":"@LatAmJournalism","twitter_site":"@LatAmJournalism","twitter_misc":{"Written by":"Guest","Est. reading time":"1 minuto"},"schema":{"@context":"https:\/\/schema.org","@graph":[{"@type":"Article","@id":"https:\/\/latamjournalismreview.org\/es\/articles\/cientos-de-brasilenos-se-manifiestan-para-exigir-medios-mas-democraticos\/#article","isPartOf":{"@id":"https:\/\/latamjournalismreview.org\/es\/articles\/cientos-de-brasilenos-se-manifiestan-para-exigir-medios-mas-democraticos\/"},"author":{"name":"Guest","@id":"https:\/\/latamjournalismreview.org\/es\/#\/schema\/person\/0315202e0b3c0963a2440f1c3012c360"},"headline":"Cientos de brasile\u00f1os se manifiestan para exigir medios m\u00e1s democr\u00e1ticos","datePublished":"2010-09-26T03:28:42+00:00","dateModified":"2022-08-08T03:31:36+00:00","mainEntityOfPage":{"@id":"https:\/\/latamjournalismreview.org\/es\/articles\/cientos-de-brasilenos-se-manifiestan-para-exigir-medios-mas-democraticos\/"},"wordCount":250,"publisher":{"@id":"https:\/\/latamjournalismreview.org\/es\/#organization"},"keywords":["Corrupci\u00f3n","Democracia","Elecciones"],"articleSection":["Mercado laboral"],"inLanguage":"es"},{"@type":"WebPage","@id":"https:\/\/latamjournalismreview.org\/es\/articles\/cientos-de-brasilenos-se-manifiestan-para-exigir-medios-mas-democraticos\/","url":"https:\/\/latamjournalismreview.org\/es\/articles\/cientos-de-brasilenos-se-manifiestan-para-exigir-medios-mas-democraticos\/","name":"Cientos de brasile\u00f1os se manifiestan para exigir medios m\u00e1s democr\u00e1ticos - LatAm Journalism Review","isPartOf":{"@id":"https:\/\/latamjournalismreview.org\/es\/#website"},"datePublished":"2010-09-26T03:28:42+00:00","dateModified":"2022-08-08T03:31:36+00:00","description":"Cientos de brasile\u00f1os se manifiestan para exigir medios m\u00e1s democr\u00e1ticos Mercado laboral. Latin American Journalism Review by The Knight Center at The University of Texas at Austin.","breadcrumb":{"@id":"https:\/\/latamjournalismreview.org\/es\/articles\/cientos-de-brasilenos-se-manifiestan-para-exigir-medios-mas-democraticos\/#breadcrumb"},"inLanguage":"es","potentialAction":[{"@type":"ReadAction","target":["https:\/\/latamjournalismreview.org\/es\/articles\/cientos-de-brasilenos-se-manifiestan-para-exigir-medios-mas-democraticos\/"]}]},{"@type":"BreadcrumbList","@id":"https:\/\/latamjournalismreview.org\/es\/articles\/cientos-de-brasilenos-se-manifiestan-para-exigir-medios-mas-democraticos\/#breadcrumb","itemListElement":[{"@type":"ListItem","position":1,"name":"Home","item":"https:\/\/latamjournalismreview.org\/es\/"},{"@type":"ListItem","position":2,"name":"Cientos de brasile\u00f1os se manifiestan para exigir medios m\u00e1s democr\u00e1ticos"}]},{"@type":"WebSite","@id":"https:\/\/latamjournalismreview.org\/es\/#website","url":"https:\/\/latamjournalismreview.org\/es\/","name":"LatAm Journalism Review","description":"Knight Center at The University of Texas","publisher":{"@id":"https:\/\/latamjournalismreview.org\/es\/#organization"},"potentialAction":[{"@type":"SearchAction","target":{"@type":"EntryPoint","urlTemplate":"https:\/\/latamjournalismreview.org\/es\/?s={search_term_string}"},"query-input":{"@type":"PropertyValueSpecification","valueRequired":true,"valueName":"search_term_string"}}],"inLanguage":"es"},{"@type":"Organization","@id":"https:\/\/latamjournalismreview.org\/es\/#organization","name":"LatAm Journalism Review","url":"https:\/\/latamjournalismreview.org\/es\/","logo":{"@type":"ImageObject","inLanguage":"es","@id":"https:\/\/latamjournalismreview.org\/es\/#\/schema\/logo\/image\/","url":"https:\/\/latamjournalismreview.org\/wp-content\/uploads\/2020\/05\/knight-latAm-review-logo.svg","contentUrl":"https:\/\/latamjournalismreview.org\/wp-content\/uploads\/2020\/05\/knight-latAm-review-logo.svg","width":"1024","height":"1024","caption":"LatAm Journalism Review"},"image":{"@id":"https:\/\/latamjournalismreview.org\/es\/#\/schema\/logo\/image\/"},"sameAs":["https:\/\/x.com\/LatAmJournalism"]},{"@type":"Person","@id":"https:\/\/latamjournalismreview.org\/es\/#\/schema\/person\/0315202e0b3c0963a2440f1c3012c360","name":"Guest","url":"https:\/\/latamjournalismreview.org\/es\/articles\/author\/guest\/"}]}},"_links":{"self":[{"href":"https:\/\/latamjournalismreview.org\/es\/wp-json\/wp\/v2\/posts\/63876","targetHints":{"allow":["GET"]}}],"collection":[{"href":"https:\/\/latamjournalismreview.org\/es\/wp-json\/wp\/v2\/posts"}],"about":[{"href":"https:\/\/latamjournalismreview.org\/es\/wp-json\/wp\/v2\/types\/post"}],"author":[{"embeddable":true,"href":"https:\/\/latamjournalismreview.org\/es\/wp-json\/wp\/v2\/users\/17"}],"replies":[{"embeddable":true,"href":"https:\/\/latamjournalismreview.org\/es\/wp-json\/wp\/v2\/comments?post=63876"}],"version-history":[{"count":1,"href":"https:\/\/latamjournalismreview.org\/es\/wp-json\/wp\/v2\/posts\/63876\/revisions"}],"predecessor-version":[{"id":63880,"href":"https:\/\/latamjournalismreview.org\/es\/wp-json\/wp\/v2\/posts\/63876\/revisions\/63880"}],"wp:attachment":[{"href":"https:\/\/latamjournalismreview.org\/es\/wp-json\/wp\/v2\/media?parent=63876"}],"wp:term":[{"taxonomy":"category","embeddable":true,"href":"https:\/\/latamjournalismreview.org\/es\/wp-json\/wp\/v2\/categories?post=63876"},{"taxonomy":"post_tag","embeddable":true,"href":"https:\/\/latamjournalismreview.org\/es\/wp-json\/wp\/v2\/tags?post=63876"},{"taxonomy":"author","embeddable":true,"href":"https:\/\/latamjournalismreview.org\/es\/wp-json\/wp\/v2\/coauthors?post=63876"}],"curies":[{"name":"wp","href":"https:\/\/api.w.org\/{rel}","templated":true}]}}