{"id":63925,"date":"2010-09-28T22:57:10","date_gmt":"2010-09-29T03:57:10","guid":{"rendered":"https:\/\/latamjournalismreview.org\/?p=63925"},"modified":"2022-08-07T22:59:59","modified_gmt":"2022-08-08T03:59:59","slug":"corte-salvadorena-elimina-inmunidad-penal-de-periodistas-por-calumnias","status":"publish","type":"post","link":"https:\/\/latamjournalismreview.org\/es\/articles\/corte-salvadorena-elimina-inmunidad-penal-de-periodistas-por-calumnias\/","title":{"rendered":"Corte salvadore\u00f1a elimina inmunidad penal de periodistas por calumnias"},"content":{"rendered":"<p><em>Por Ingrid Bachmann<\/em><\/p>\n<p>En lo que fue calificado como un \u201c<a href=\"http:\/\/www.elmundo.com.sv\/nacionales-\/2611-golpe-contra-los-medios-de-comunicacion.html\">golpe a los medios de comunicaci\u00f3n<\/a>\u201d, la Corte Suprema de Justicia de El Salvador\u00a0<a>declar\u00f3 inconstitucional el inciso del C\u00f3digo Penal que exclu\u00eda de responsabilidades penales<\/a>\u00a0a medios, periodistas, editores y propietarios por posibles delitos de difamaci\u00f3n. Seg\u00fan\u00a0<a href=\"http:\/\/www.elsalvador.com\/mc\/files\/2010\/sentencia_final_191.pdf\">el fallo<\/a>, el inciso violaba el principio de igualdad ante la ley, reportaron El Mundo y El Faro.<\/p>\n<p>La P\u00e1gina explica que aunque la Corte Suprema estableci\u00f3 la penalizaci\u00f3n de los delitos de injurias y calumnias \u2014que hasta ahora s\u00f3lo ten\u00edan car\u00e1cter civil, no penal\u2014 el fallo\u00a0<a href=\"http:\/\/www.lapagina.com.sv\/nacionales\/40059\/2010\/09\/24\/Informan-que-CSJ-se-apresta-a-declarar-inconstitucional-el-articulo-191\">mantuvo la protecci\u00f3n<\/a>\u00a0a la llamada\u00a0<a href=\"http:\/\/knightcenter.utexas.edu\/es\/blog\/corte-suprema-salvadorena-prepara-fallo-clave-sobre-la-penalizacion-de-la-critica-periodistica\">\u201ccr\u00edtica period\u00edstica\u201d<\/a>. Es decir, no son punibles los \u201cjuicios desfavorables\u201d difundidos por quienes ejercen el periodismo.<\/p>\n<p>En un editorial, El Faro valor\u00f3 que el fallo salvaguarde el ejercicio period\u00edstico, pero plante\u00f3 como necesario que\u00a0<a href=\"http:\/\/www.elfaro.net\/es\/201009\/opinion\/2537\">nuevas normativas garanticen a\u00fan m\u00e1s el derecho a la informaci\u00f3n y la libertad de expresi\u00f3n<\/a>. \u201cSi la sentencia de la Corte no va acompa\u00f1ada de un debate en la Asamblea para crear nueva legislaci\u00f3n, estaremos a merced de que un juez decida cu\u00e1ndo es difamaci\u00f3n y cu\u00e1ndo es cr\u00edtica, y esto es tambi\u00e9n peligroso\u201d.<\/p>\n<p><em>Nota del editor: Esta historia fue publicada originalmente en el blog Periodismo en las Am\u00e9ricas del Centro Knight, el predecesor de LatAm Journalism Review.<\/em><\/p>\n","protected":false},"excerpt":{"rendered":"<p>En lo que fue calificado como un \u201cgolpe a los medios de comunicaci\u00f3n\u201d, la Corte Suprema de Justicia de El Salvador\u00a0declar\u00f3 inconstitucional el inciso del C\u00f3digo Penal que exclu\u00eda de responsabilidades penales\u00a0a medios, periodistas, editores y propietarios por posibles delitos de difamaci\u00f3n. Seg\u00fan\u00a0el fallo, el inciso violaba el principio de igualdad ante la ley, reportaron El Mundo y El Faro.<\/p>\n","protected":false},"author":17,"featured_media":0,"comment_status":"closed","ping_status":"closed","sticky":false,"template":"","format":"standard","meta":{"inline_featured_image":false,"footnotes":""},"categories":[1220],"tags":[1438,1444],"coauthors":[],"class_list":["post-63925","post","type-post","status-publish","format-standard","hentry","category-libertad-de-prensa-es","tag-difamacion-es","tag-el-salvador-es"],"acf":[],"yoast_head":"<!-- This site is optimized with the Yoast SEO Premium plugin v22.6 (Yoast SEO v27.4) - https:\/\/yoast.com\/product\/yoast-seo-premium-wordpress\/ -->\n<title>Corte salvadore\u00f1a elimina inmunidad penal de periodistas por calumnias - LatAm Journalism Review<\/title>\n<meta name=\"description\" content=\"Corte salvadore\u00f1a elimina inmunidad penal de periodistas por calumnias Libertad de prensa. Latin American Journalism Review by The Knight Center at The University of Texas at Austin.\" \/>\n<meta name=\"robots\" content=\"index, follow, max-snippet:-1, max-image-preview:large, max-video-preview:-1\" \/>\n<link rel=\"canonical\" href=\"https:\/\/latamjournalismreview.org\/es\/articles\/corte-salvadorena-elimina-inmunidad-penal-de-periodistas-por-calumnias\/\" \/>\n<meta property=\"og:locale\" content=\"es_ES\" \/>\n<meta property=\"og:type\" content=\"article\" \/>\n<meta property=\"og:title\" content=\"Corte salvadore\u00f1a elimina inmunidad penal de periodistas por calumnias\" \/>\n<meta property=\"og:description\" content=\"Corte salvadore\u00f1a elimina inmunidad penal de periodistas por calumnias Libertad de prensa. Latin American Journalism Review by The Knight Center at The University of Texas at Austin.\" \/>\n<meta property=\"og:url\" content=\"https:\/\/latamjournalismreview.org\/es\/articles\/corte-salvadorena-elimina-inmunidad-penal-de-periodistas-por-calumnias\/\" \/>\n<meta property=\"og:site_name\" content=\"LatAm Journalism Review\" \/>\n<meta property=\"article:published_time\" content=\"2010-09-29T03:57:10+00:00\" \/>\n<meta property=\"article:modified_time\" content=\"2022-08-08T03:59:59+00:00\" \/>\n<meta name=\"author\" content=\"Guest\" \/>\n<meta name=\"twitter:card\" content=\"summary_large_image\" \/>\n<meta name=\"twitter:creator\" content=\"@LatAmJournalism\" \/>\n<meta name=\"twitter:site\" content=\"@LatAmJournalism\" \/>\n<meta name=\"twitter:label1\" content=\"Written by\" \/>\n\t<meta name=\"twitter:data1\" content=\"Guest\" \/>\n\t<meta name=\"twitter:label2\" content=\"Est. reading time\" \/>\n\t<meta name=\"twitter:data2\" content=\"1 minuto\" \/>\n<script type=\"application\/ld+json\" class=\"yoast-schema-graph\">{\"@context\":\"https:\\\/\\\/schema.org\",\"@graph\":[{\"@type\":\"Article\",\"@id\":\"https:\\\/\\\/latamjournalismreview.org\\\/es\\\/articles\\\/corte-salvadorena-elimina-inmunidad-penal-de-periodistas-por-calumnias\\\/#article\",\"isPartOf\":{\"@id\":\"https:\\\/\\\/latamjournalismreview.org\\\/es\\\/articles\\\/corte-salvadorena-elimina-inmunidad-penal-de-periodistas-por-calumnias\\\/\"},\"author\":{\"name\":\"Guest\",\"@id\":\"https:\\\/\\\/latamjournalismreview.org\\\/es\\\/#\\\/schema\\\/person\\\/0315202e0b3c0963a2440f1c3012c360\"},\"headline\":\"Corte salvadore\u00f1a elimina inmunidad penal de periodistas por calumnias\",\"datePublished\":\"2010-09-29T03:57:10+00:00\",\"dateModified\":\"2022-08-08T03:59:59+00:00\",\"mainEntityOfPage\":{\"@id\":\"https:\\\/\\\/latamjournalismreview.org\\\/es\\\/articles\\\/corte-salvadorena-elimina-inmunidad-penal-de-periodistas-por-calumnias\\\/\"},\"wordCount\":249,\"publisher\":{\"@id\":\"https:\\\/\\\/latamjournalismreview.org\\\/es\\\/#organization\"},\"keywords\":[\"Difamaci\u00f3n\",\"El Salvador\"],\"articleSection\":[\"Libertad de prensa\"],\"inLanguage\":\"es\"},{\"@type\":\"WebPage\",\"@id\":\"https:\\\/\\\/latamjournalismreview.org\\\/es\\\/articles\\\/corte-salvadorena-elimina-inmunidad-penal-de-periodistas-por-calumnias\\\/\",\"url\":\"https:\\\/\\\/latamjournalismreview.org\\\/es\\\/articles\\\/corte-salvadorena-elimina-inmunidad-penal-de-periodistas-por-calumnias\\\/\",\"name\":\"Corte salvadore\u00f1a elimina inmunidad penal de periodistas por calumnias - LatAm Journalism Review\",\"isPartOf\":{\"@id\":\"https:\\\/\\\/latamjournalismreview.org\\\/es\\\/#website\"},\"datePublished\":\"2010-09-29T03:57:10+00:00\",\"dateModified\":\"2022-08-08T03:59:59+00:00\",\"description\":\"Corte salvadore\u00f1a elimina inmunidad penal de periodistas por calumnias Libertad de prensa. Latin American Journalism Review by The Knight Center at The University of Texas at Austin.\",\"breadcrumb\":{\"@id\":\"https:\\\/\\\/latamjournalismreview.org\\\/es\\\/articles\\\/corte-salvadorena-elimina-inmunidad-penal-de-periodistas-por-calumnias\\\/#breadcrumb\"},\"inLanguage\":\"es\",\"potentialAction\":[{\"@type\":\"ReadAction\",\"target\":[\"https:\\\/\\\/latamjournalismreview.org\\\/es\\\/articles\\\/corte-salvadorena-elimina-inmunidad-penal-de-periodistas-por-calumnias\\\/\"]}]},{\"@type\":\"BreadcrumbList\",\"@id\":\"https:\\\/\\\/latamjournalismreview.org\\\/es\\\/articles\\\/corte-salvadorena-elimina-inmunidad-penal-de-periodistas-por-calumnias\\\/#breadcrumb\",\"itemListElement\":[{\"@type\":\"ListItem\",\"position\":1,\"name\":\"Home\",\"item\":\"https:\\\/\\\/latamjournalismreview.org\\\/es\\\/\"},{\"@type\":\"ListItem\",\"position\":2,\"name\":\"Corte salvadore\u00f1a elimina inmunidad penal de periodistas por calumnias\"}]},{\"@type\":\"WebSite\",\"@id\":\"https:\\\/\\\/latamjournalismreview.org\\\/es\\\/#website\",\"url\":\"https:\\\/\\\/latamjournalismreview.org\\\/es\\\/\",\"name\":\"LatAm Journalism Review\",\"description\":\"Knight Center at The University of Texas\",\"publisher\":{\"@id\":\"https:\\\/\\\/latamjournalismreview.org\\\/es\\\/#organization\"},\"potentialAction\":[{\"@type\":\"SearchAction\",\"target\":{\"@type\":\"EntryPoint\",\"urlTemplate\":\"https:\\\/\\\/latamjournalismreview.org\\\/es\\\/?s={search_term_string}\"},\"query-input\":{\"@type\":\"PropertyValueSpecification\",\"valueRequired\":true,\"valueName\":\"search_term_string\"}}],\"inLanguage\":\"es\"},{\"@type\":\"Organization\",\"@id\":\"https:\\\/\\\/latamjournalismreview.org\\\/es\\\/#organization\",\"name\":\"LatAm Journalism Review\",\"url\":\"https:\\\/\\\/latamjournalismreview.org\\\/es\\\/\",\"logo\":{\"@type\":\"ImageObject\",\"inLanguage\":\"es\",\"@id\":\"https:\\\/\\\/latamjournalismreview.org\\\/es\\\/#\\\/schema\\\/logo\\\/image\\\/\",\"url\":\"https:\\\/\\\/latamjournalismreview.org\\\/wp-content\\\/uploads\\\/2020\\\/05\\\/knight-latAm-review-logo.svg\",\"contentUrl\":\"https:\\\/\\\/latamjournalismreview.org\\\/wp-content\\\/uploads\\\/2020\\\/05\\\/knight-latAm-review-logo.svg\",\"width\":\"1024\",\"height\":\"1024\",\"caption\":\"LatAm Journalism Review\"},\"image\":{\"@id\":\"https:\\\/\\\/latamjournalismreview.org\\\/es\\\/#\\\/schema\\\/logo\\\/image\\\/\"},\"sameAs\":[\"https:\\\/\\\/x.com\\\/LatAmJournalism\"]},{\"@type\":\"Person\",\"@id\":\"https:\\\/\\\/latamjournalismreview.org\\\/es\\\/#\\\/schema\\\/person\\\/0315202e0b3c0963a2440f1c3012c360\",\"name\":\"Guest\",\"url\":\"https:\\\/\\\/latamjournalismreview.org\\\/es\\\/articles\\\/author\\\/guest\\\/\"}]}<\/script>\n<!-- \/ Yoast SEO Premium plugin. -->","yoast_head_json":{"title":"Corte salvadore\u00f1a elimina inmunidad penal de periodistas por calumnias - LatAm Journalism Review","description":"Corte salvadore\u00f1a elimina inmunidad penal de periodistas por calumnias Libertad de prensa. Latin American Journalism Review by The Knight Center at The University of Texas at Austin.","robots":{"index":"index","follow":"follow","max-snippet":"max-snippet:-1","max-image-preview":"max-image-preview:large","max-video-preview":"max-video-preview:-1"},"canonical":"https:\/\/latamjournalismreview.org\/es\/articles\/corte-salvadorena-elimina-inmunidad-penal-de-periodistas-por-calumnias\/","og_locale":"es_ES","og_type":"article","og_title":"Corte salvadore\u00f1a elimina inmunidad penal de periodistas por calumnias","og_description":"Corte salvadore\u00f1a elimina inmunidad penal de periodistas por calumnias Libertad de prensa. Latin American Journalism Review by The Knight Center at The University of Texas at Austin.","og_url":"https:\/\/latamjournalismreview.org\/es\/articles\/corte-salvadorena-elimina-inmunidad-penal-de-periodistas-por-calumnias\/","og_site_name":"LatAm Journalism Review","article_published_time":"2010-09-29T03:57:10+00:00","article_modified_time":"2022-08-08T03:59:59+00:00","author":"Guest","twitter_card":"summary_large_image","twitter_creator":"@LatAmJournalism","twitter_site":"@LatAmJournalism","twitter_misc":{"Written by":"Guest","Est. reading time":"1 minuto"},"schema":{"@context":"https:\/\/schema.org","@graph":[{"@type":"Article","@id":"https:\/\/latamjournalismreview.org\/es\/articles\/corte-salvadorena-elimina-inmunidad-penal-de-periodistas-por-calumnias\/#article","isPartOf":{"@id":"https:\/\/latamjournalismreview.org\/es\/articles\/corte-salvadorena-elimina-inmunidad-penal-de-periodistas-por-calumnias\/"},"author":{"name":"Guest","@id":"https:\/\/latamjournalismreview.org\/es\/#\/schema\/person\/0315202e0b3c0963a2440f1c3012c360"},"headline":"Corte salvadore\u00f1a elimina inmunidad penal de periodistas por calumnias","datePublished":"2010-09-29T03:57:10+00:00","dateModified":"2022-08-08T03:59:59+00:00","mainEntityOfPage":{"@id":"https:\/\/latamjournalismreview.org\/es\/articles\/corte-salvadorena-elimina-inmunidad-penal-de-periodistas-por-calumnias\/"},"wordCount":249,"publisher":{"@id":"https:\/\/latamjournalismreview.org\/es\/#organization"},"keywords":["Difamaci\u00f3n","El Salvador"],"articleSection":["Libertad de prensa"],"inLanguage":"es"},{"@type":"WebPage","@id":"https:\/\/latamjournalismreview.org\/es\/articles\/corte-salvadorena-elimina-inmunidad-penal-de-periodistas-por-calumnias\/","url":"https:\/\/latamjournalismreview.org\/es\/articles\/corte-salvadorena-elimina-inmunidad-penal-de-periodistas-por-calumnias\/","name":"Corte salvadore\u00f1a elimina inmunidad penal de periodistas por calumnias - LatAm Journalism Review","isPartOf":{"@id":"https:\/\/latamjournalismreview.org\/es\/#website"},"datePublished":"2010-09-29T03:57:10+00:00","dateModified":"2022-08-08T03:59:59+00:00","description":"Corte salvadore\u00f1a elimina inmunidad penal de periodistas por calumnias Libertad de prensa. Latin American Journalism Review by The Knight Center at The University of Texas at Austin.","breadcrumb":{"@id":"https:\/\/latamjournalismreview.org\/es\/articles\/corte-salvadorena-elimina-inmunidad-penal-de-periodistas-por-calumnias\/#breadcrumb"},"inLanguage":"es","potentialAction":[{"@type":"ReadAction","target":["https:\/\/latamjournalismreview.org\/es\/articles\/corte-salvadorena-elimina-inmunidad-penal-de-periodistas-por-calumnias\/"]}]},{"@type":"BreadcrumbList","@id":"https:\/\/latamjournalismreview.org\/es\/articles\/corte-salvadorena-elimina-inmunidad-penal-de-periodistas-por-calumnias\/#breadcrumb","itemListElement":[{"@type":"ListItem","position":1,"name":"Home","item":"https:\/\/latamjournalismreview.org\/es\/"},{"@type":"ListItem","position":2,"name":"Corte salvadore\u00f1a elimina inmunidad penal de periodistas por calumnias"}]},{"@type":"WebSite","@id":"https:\/\/latamjournalismreview.org\/es\/#website","url":"https:\/\/latamjournalismreview.org\/es\/","name":"LatAm Journalism Review","description":"Knight Center at The University of Texas","publisher":{"@id":"https:\/\/latamjournalismreview.org\/es\/#organization"},"potentialAction":[{"@type":"SearchAction","target":{"@type":"EntryPoint","urlTemplate":"https:\/\/latamjournalismreview.org\/es\/?s={search_term_string}"},"query-input":{"@type":"PropertyValueSpecification","valueRequired":true,"valueName":"search_term_string"}}],"inLanguage":"es"},{"@type":"Organization","@id":"https:\/\/latamjournalismreview.org\/es\/#organization","name":"LatAm Journalism Review","url":"https:\/\/latamjournalismreview.org\/es\/","logo":{"@type":"ImageObject","inLanguage":"es","@id":"https:\/\/latamjournalismreview.org\/es\/#\/schema\/logo\/image\/","url":"https:\/\/latamjournalismreview.org\/wp-content\/uploads\/2020\/05\/knight-latAm-review-logo.svg","contentUrl":"https:\/\/latamjournalismreview.org\/wp-content\/uploads\/2020\/05\/knight-latAm-review-logo.svg","width":"1024","height":"1024","caption":"LatAm Journalism Review"},"image":{"@id":"https:\/\/latamjournalismreview.org\/es\/#\/schema\/logo\/image\/"},"sameAs":["https:\/\/x.com\/LatAmJournalism"]},{"@type":"Person","@id":"https:\/\/latamjournalismreview.org\/es\/#\/schema\/person\/0315202e0b3c0963a2440f1c3012c360","name":"Guest","url":"https:\/\/latamjournalismreview.org\/es\/articles\/author\/guest\/"}]}},"_links":{"self":[{"href":"https:\/\/latamjournalismreview.org\/es\/wp-json\/wp\/v2\/posts\/63925","targetHints":{"allow":["GET"]}}],"collection":[{"href":"https:\/\/latamjournalismreview.org\/es\/wp-json\/wp\/v2\/posts"}],"about":[{"href":"https:\/\/latamjournalismreview.org\/es\/wp-json\/wp\/v2\/types\/post"}],"author":[{"embeddable":true,"href":"https:\/\/latamjournalismreview.org\/es\/wp-json\/wp\/v2\/users\/17"}],"replies":[{"embeddable":true,"href":"https:\/\/latamjournalismreview.org\/es\/wp-json\/wp\/v2\/comments?post=63925"}],"version-history":[{"count":1,"href":"https:\/\/latamjournalismreview.org\/es\/wp-json\/wp\/v2\/posts\/63925\/revisions"}],"predecessor-version":[{"id":63929,"href":"https:\/\/latamjournalismreview.org\/es\/wp-json\/wp\/v2\/posts\/63925\/revisions\/63929"}],"wp:attachment":[{"href":"https:\/\/latamjournalismreview.org\/es\/wp-json\/wp\/v2\/media?parent=63925"}],"wp:term":[{"taxonomy":"category","embeddable":true,"href":"https:\/\/latamjournalismreview.org\/es\/wp-json\/wp\/v2\/categories?post=63925"},{"taxonomy":"post_tag","embeddable":true,"href":"https:\/\/latamjournalismreview.org\/es\/wp-json\/wp\/v2\/tags?post=63925"},{"taxonomy":"author","embeddable":true,"href":"https:\/\/latamjournalismreview.org\/es\/wp-json\/wp\/v2\/coauthors?post=63925"}],"curies":[{"name":"wp","href":"https:\/\/api.w.org\/{rel}","templated":true}]}}