{"id":64101,"date":"2010-08-03T09:39:05","date_gmt":"2010-08-03T14:39:05","guid":{"rendered":"https:\/\/latamjournalismreview.org\/?p=64101"},"modified":"2022-08-09T09:40:29","modified_gmt":"2022-08-09T14:40:29","slug":"aspirante-a-regidor-en-peru-renuncia-a-candidatura-tras-admitir-agresion-a-periodista","status":"publish","type":"post","link":"https:\/\/latamjournalismreview.org\/es\/articles\/aspirante-a-regidor-en-peru-renuncia-a-candidatura-tras-admitir-agresion-a-periodista\/","title":{"rendered":"Aspirante a regidor en Per\u00fa renuncia a candidatura tras admitir agresi\u00f3n a periodista"},"content":{"rendered":"<p><em>Por Ingrid Bachmann<br \/>\n<\/em><\/p>\n<p><a href=\"http:\/\/elcomercio.pe\/noticia\/617956\/sujeto-que-desfiguro-periodista-dice-estarapenado\">El Comercio<\/a>\u00a0reporta que Jorge Luis Marim\u00f3n Lino Montes reconoci\u00f3 que agredi\u00f3 brutalmente al periodista \u00c1ngel Salazar en un incidente en una discoteca y anunci\u00f3 que retirar\u00e1 su candidatura a regidor.<\/p>\n<p>\u201cS\u00ed hubo una agresi\u00f3n de parte m\u00eda pero fue por una reacci\u00f3n a una agresi\u00f3n inicial de parte de \u00e9l\u201d, asegur\u00f3 el pol\u00edtico, citado por\u00a0<a href=\"http:\/\/www.rpp.com.pe\/2010-08-02-agresor-de-periodista-angel-salazar-dimite-como-candidato-a-regidor-noticia_284699.html\">RPP<\/a>.<\/p>\n<p>Seg\u00fan\u00a0<a href=\"http:\/\/www.peru.com\/noticias\/policial20100803\/110818\/Candidato-a-regidor-de-Accion-Popular-desfigura-rostro-a-periodista\">Per\u00fa.com<\/a>. Lino Montes quiere evitar una politizaci\u00f3n del incidente y que apoyar\u00eda al comunicador en su tratamiento m\u00e9dico.<\/p>\n<p><em>Nota del editor: Esta historia fue publicada originalmente en el blog Periodismo en las Am\u00e9ricas del Centro Knight, el predecesor de LatAm Journalism Review.<\/em><\/p>\n","protected":false},"excerpt":{"rendered":"<p>El Comercio\u00a0reporta que Jorge Luis Marim\u00f3n Lino Montes reconoci\u00f3 que agredi\u00f3 brutalmente al periodista \u00c1ngel Salazar en un incidente en una discoteca y anunci\u00f3 que retirar\u00e1 su candidatura a regidor.<\/p>\n","protected":false},"author":17,"featured_media":0,"comment_status":"closed","ping_status":"closed","sticky":false,"template":"","format":"standard","meta":{"inline_featured_image":false,"footnotes":""},"categories":[1222],"tags":[],"coauthors":[],"class_list":["post-64101","post","type-post","status-publish","format-standard","hentry","category-violencia-contra-periodistas-es"],"acf":[],"yoast_head":"<!-- This site is optimized with the Yoast SEO Premium plugin v22.6 (Yoast SEO v27.4) - https:\/\/yoast.com\/product\/yoast-seo-premium-wordpress\/ -->\n<title>Aspirante a regidor en Per\u00fa renuncia a candidatura tras admitir agresi\u00f3n a periodista - LatAm Journalism Review<\/title>\n<meta name=\"description\" content=\"Aspirante a regidor en Per\u00fa renuncia a candidatura tras admitir agresi\u00f3n a periodista Violencia contra periodistas. Latin American Journalism Review by The Knight Center at The University of Texas at Austin.\" \/>\n<meta name=\"robots\" content=\"index, follow, max-snippet:-1, max-image-preview:large, max-video-preview:-1\" \/>\n<link rel=\"canonical\" href=\"https:\/\/latamjournalismreview.org\/es\/articles\/aspirante-a-regidor-en-peru-renuncia-a-candidatura-tras-admitir-agresion-a-periodista\/\" \/>\n<meta property=\"og:locale\" content=\"es_ES\" \/>\n<meta property=\"og:type\" content=\"article\" \/>\n<meta property=\"og:title\" content=\"Aspirante a regidor en Per\u00fa renuncia a candidatura tras admitir agresi\u00f3n a periodista\" \/>\n<meta property=\"og:description\" content=\"Aspirante a regidor en Per\u00fa renuncia a candidatura tras admitir agresi\u00f3n a periodista Violencia contra periodistas. Latin American Journalism Review by The Knight Center at The University of Texas at Austin.\" \/>\n<meta property=\"og:url\" content=\"https:\/\/latamjournalismreview.org\/es\/articles\/aspirante-a-regidor-en-peru-renuncia-a-candidatura-tras-admitir-agresion-a-periodista\/\" \/>\n<meta property=\"og:site_name\" content=\"LatAm Journalism Review\" \/>\n<meta property=\"article:published_time\" content=\"2010-08-03T14:39:05+00:00\" \/>\n<meta property=\"article:modified_time\" content=\"2022-08-09T14:40:29+00:00\" \/>\n<meta name=\"author\" content=\"Guest\" \/>\n<meta name=\"twitter:card\" content=\"summary_large_image\" \/>\n<meta name=\"twitter:creator\" content=\"@LatAmJournalism\" \/>\n<meta name=\"twitter:site\" content=\"@LatAmJournalism\" \/>\n<meta name=\"twitter:label1\" content=\"Written by\" \/>\n\t<meta name=\"twitter:data1\" content=\"Guest\" \/>\n\t<meta name=\"twitter:label2\" content=\"Est. reading time\" \/>\n\t<meta name=\"twitter:data2\" content=\"1 minuto\" \/>\n<script type=\"application\/ld+json\" class=\"yoast-schema-graph\">{\"@context\":\"https:\\\/\\\/schema.org\",\"@graph\":[{\"@type\":\"Article\",\"@id\":\"https:\\\/\\\/latamjournalismreview.org\\\/es\\\/articles\\\/aspirante-a-regidor-en-peru-renuncia-a-candidatura-tras-admitir-agresion-a-periodista\\\/#article\",\"isPartOf\":{\"@id\":\"https:\\\/\\\/latamjournalismreview.org\\\/es\\\/articles\\\/aspirante-a-regidor-en-peru-renuncia-a-candidatura-tras-admitir-agresion-a-periodista\\\/\"},\"author\":{\"name\":\"Guest\",\"@id\":\"https:\\\/\\\/latamjournalismreview.org\\\/es\\\/#\\\/schema\\\/person\\\/0315202e0b3c0963a2440f1c3012c360\"},\"headline\":\"Aspirante a regidor en Per\u00fa renuncia a candidatura tras admitir agresi\u00f3n a periodista\",\"datePublished\":\"2010-08-03T14:39:05+00:00\",\"dateModified\":\"2022-08-09T14:40:29+00:00\",\"mainEntityOfPage\":{\"@id\":\"https:\\\/\\\/latamjournalismreview.org\\\/es\\\/articles\\\/aspirante-a-regidor-en-peru-renuncia-a-candidatura-tras-admitir-agresion-a-periodista\\\/\"},\"wordCount\":129,\"publisher\":{\"@id\":\"https:\\\/\\\/latamjournalismreview.org\\\/es\\\/#organization\"},\"articleSection\":[\"Violencia contra periodistas\"],\"inLanguage\":\"es\"},{\"@type\":\"WebPage\",\"@id\":\"https:\\\/\\\/latamjournalismreview.org\\\/es\\\/articles\\\/aspirante-a-regidor-en-peru-renuncia-a-candidatura-tras-admitir-agresion-a-periodista\\\/\",\"url\":\"https:\\\/\\\/latamjournalismreview.org\\\/es\\\/articles\\\/aspirante-a-regidor-en-peru-renuncia-a-candidatura-tras-admitir-agresion-a-periodista\\\/\",\"name\":\"Aspirante a regidor en Per\u00fa renuncia a candidatura tras admitir agresi\u00f3n a periodista - LatAm Journalism Review\",\"isPartOf\":{\"@id\":\"https:\\\/\\\/latamjournalismreview.org\\\/es\\\/#website\"},\"datePublished\":\"2010-08-03T14:39:05+00:00\",\"dateModified\":\"2022-08-09T14:40:29+00:00\",\"description\":\"Aspirante a regidor en Per\u00fa renuncia a candidatura tras admitir agresi\u00f3n a periodista Violencia contra periodistas. Latin American Journalism Review by The Knight Center at The University of Texas at Austin.\",\"breadcrumb\":{\"@id\":\"https:\\\/\\\/latamjournalismreview.org\\\/es\\\/articles\\\/aspirante-a-regidor-en-peru-renuncia-a-candidatura-tras-admitir-agresion-a-periodista\\\/#breadcrumb\"},\"inLanguage\":\"es\",\"potentialAction\":[{\"@type\":\"ReadAction\",\"target\":[\"https:\\\/\\\/latamjournalismreview.org\\\/es\\\/articles\\\/aspirante-a-regidor-en-peru-renuncia-a-candidatura-tras-admitir-agresion-a-periodista\\\/\"]}]},{\"@type\":\"BreadcrumbList\",\"@id\":\"https:\\\/\\\/latamjournalismreview.org\\\/es\\\/articles\\\/aspirante-a-regidor-en-peru-renuncia-a-candidatura-tras-admitir-agresion-a-periodista\\\/#breadcrumb\",\"itemListElement\":[{\"@type\":\"ListItem\",\"position\":1,\"name\":\"Home\",\"item\":\"https:\\\/\\\/latamjournalismreview.org\\\/es\\\/\"},{\"@type\":\"ListItem\",\"position\":2,\"name\":\"Aspirante a regidor en Per\u00fa renuncia a candidatura tras admitir agresi\u00f3n a periodista\"}]},{\"@type\":\"WebSite\",\"@id\":\"https:\\\/\\\/latamjournalismreview.org\\\/es\\\/#website\",\"url\":\"https:\\\/\\\/latamjournalismreview.org\\\/es\\\/\",\"name\":\"LatAm Journalism Review\",\"description\":\"Knight Center at The University of Texas\",\"publisher\":{\"@id\":\"https:\\\/\\\/latamjournalismreview.org\\\/es\\\/#organization\"},\"potentialAction\":[{\"@type\":\"SearchAction\",\"target\":{\"@type\":\"EntryPoint\",\"urlTemplate\":\"https:\\\/\\\/latamjournalismreview.org\\\/es\\\/?s={search_term_string}\"},\"query-input\":{\"@type\":\"PropertyValueSpecification\",\"valueRequired\":true,\"valueName\":\"search_term_string\"}}],\"inLanguage\":\"es\"},{\"@type\":\"Organization\",\"@id\":\"https:\\\/\\\/latamjournalismreview.org\\\/es\\\/#organization\",\"name\":\"LatAm Journalism Review\",\"url\":\"https:\\\/\\\/latamjournalismreview.org\\\/es\\\/\",\"logo\":{\"@type\":\"ImageObject\",\"inLanguage\":\"es\",\"@id\":\"https:\\\/\\\/latamjournalismreview.org\\\/es\\\/#\\\/schema\\\/logo\\\/image\\\/\",\"url\":\"https:\\\/\\\/latamjournalismreview.org\\\/wp-content\\\/uploads\\\/2020\\\/05\\\/knight-latAm-review-logo.svg\",\"contentUrl\":\"https:\\\/\\\/latamjournalismreview.org\\\/wp-content\\\/uploads\\\/2020\\\/05\\\/knight-latAm-review-logo.svg\",\"width\":\"1024\",\"height\":\"1024\",\"caption\":\"LatAm Journalism Review\"},\"image\":{\"@id\":\"https:\\\/\\\/latamjournalismreview.org\\\/es\\\/#\\\/schema\\\/logo\\\/image\\\/\"},\"sameAs\":[\"https:\\\/\\\/x.com\\\/LatAmJournalism\"]},{\"@type\":\"Person\",\"@id\":\"https:\\\/\\\/latamjournalismreview.org\\\/es\\\/#\\\/schema\\\/person\\\/0315202e0b3c0963a2440f1c3012c360\",\"name\":\"Guest\",\"url\":\"https:\\\/\\\/latamjournalismreview.org\\\/es\\\/articles\\\/author\\\/guest\\\/\"}]}<\/script>\n<!-- \/ Yoast SEO Premium plugin. -->","yoast_head_json":{"title":"Aspirante a regidor en Per\u00fa renuncia a candidatura tras admitir agresi\u00f3n a periodista - LatAm Journalism Review","description":"Aspirante a regidor en Per\u00fa renuncia a candidatura tras admitir agresi\u00f3n a periodista Violencia contra periodistas. Latin American Journalism Review by The Knight Center at The University of Texas at Austin.","robots":{"index":"index","follow":"follow","max-snippet":"max-snippet:-1","max-image-preview":"max-image-preview:large","max-video-preview":"max-video-preview:-1"},"canonical":"https:\/\/latamjournalismreview.org\/es\/articles\/aspirante-a-regidor-en-peru-renuncia-a-candidatura-tras-admitir-agresion-a-periodista\/","og_locale":"es_ES","og_type":"article","og_title":"Aspirante a regidor en Per\u00fa renuncia a candidatura tras admitir agresi\u00f3n a periodista","og_description":"Aspirante a regidor en Per\u00fa renuncia a candidatura tras admitir agresi\u00f3n a periodista Violencia contra periodistas. Latin American Journalism Review by The Knight Center at The University of Texas at Austin.","og_url":"https:\/\/latamjournalismreview.org\/es\/articles\/aspirante-a-regidor-en-peru-renuncia-a-candidatura-tras-admitir-agresion-a-periodista\/","og_site_name":"LatAm Journalism Review","article_published_time":"2010-08-03T14:39:05+00:00","article_modified_time":"2022-08-09T14:40:29+00:00","author":"Guest","twitter_card":"summary_large_image","twitter_creator":"@LatAmJournalism","twitter_site":"@LatAmJournalism","twitter_misc":{"Written by":"Guest","Est. reading time":"1 minuto"},"schema":{"@context":"https:\/\/schema.org","@graph":[{"@type":"Article","@id":"https:\/\/latamjournalismreview.org\/es\/articles\/aspirante-a-regidor-en-peru-renuncia-a-candidatura-tras-admitir-agresion-a-periodista\/#article","isPartOf":{"@id":"https:\/\/latamjournalismreview.org\/es\/articles\/aspirante-a-regidor-en-peru-renuncia-a-candidatura-tras-admitir-agresion-a-periodista\/"},"author":{"name":"Guest","@id":"https:\/\/latamjournalismreview.org\/es\/#\/schema\/person\/0315202e0b3c0963a2440f1c3012c360"},"headline":"Aspirante a regidor en Per\u00fa renuncia a candidatura tras admitir agresi\u00f3n a periodista","datePublished":"2010-08-03T14:39:05+00:00","dateModified":"2022-08-09T14:40:29+00:00","mainEntityOfPage":{"@id":"https:\/\/latamjournalismreview.org\/es\/articles\/aspirante-a-regidor-en-peru-renuncia-a-candidatura-tras-admitir-agresion-a-periodista\/"},"wordCount":129,"publisher":{"@id":"https:\/\/latamjournalismreview.org\/es\/#organization"},"articleSection":["Violencia contra periodistas"],"inLanguage":"es"},{"@type":"WebPage","@id":"https:\/\/latamjournalismreview.org\/es\/articles\/aspirante-a-regidor-en-peru-renuncia-a-candidatura-tras-admitir-agresion-a-periodista\/","url":"https:\/\/latamjournalismreview.org\/es\/articles\/aspirante-a-regidor-en-peru-renuncia-a-candidatura-tras-admitir-agresion-a-periodista\/","name":"Aspirante a regidor en Per\u00fa renuncia a candidatura tras admitir agresi\u00f3n a periodista - LatAm Journalism Review","isPartOf":{"@id":"https:\/\/latamjournalismreview.org\/es\/#website"},"datePublished":"2010-08-03T14:39:05+00:00","dateModified":"2022-08-09T14:40:29+00:00","description":"Aspirante a regidor en Per\u00fa renuncia a candidatura tras admitir agresi\u00f3n a periodista Violencia contra periodistas. Latin American Journalism Review by The Knight Center at The University of Texas at Austin.","breadcrumb":{"@id":"https:\/\/latamjournalismreview.org\/es\/articles\/aspirante-a-regidor-en-peru-renuncia-a-candidatura-tras-admitir-agresion-a-periodista\/#breadcrumb"},"inLanguage":"es","potentialAction":[{"@type":"ReadAction","target":["https:\/\/latamjournalismreview.org\/es\/articles\/aspirante-a-regidor-en-peru-renuncia-a-candidatura-tras-admitir-agresion-a-periodista\/"]}]},{"@type":"BreadcrumbList","@id":"https:\/\/latamjournalismreview.org\/es\/articles\/aspirante-a-regidor-en-peru-renuncia-a-candidatura-tras-admitir-agresion-a-periodista\/#breadcrumb","itemListElement":[{"@type":"ListItem","position":1,"name":"Home","item":"https:\/\/latamjournalismreview.org\/es\/"},{"@type":"ListItem","position":2,"name":"Aspirante a regidor en Per\u00fa renuncia a candidatura tras admitir agresi\u00f3n a periodista"}]},{"@type":"WebSite","@id":"https:\/\/latamjournalismreview.org\/es\/#website","url":"https:\/\/latamjournalismreview.org\/es\/","name":"LatAm Journalism Review","description":"Knight Center at The University of Texas","publisher":{"@id":"https:\/\/latamjournalismreview.org\/es\/#organization"},"potentialAction":[{"@type":"SearchAction","target":{"@type":"EntryPoint","urlTemplate":"https:\/\/latamjournalismreview.org\/es\/?s={search_term_string}"},"query-input":{"@type":"PropertyValueSpecification","valueRequired":true,"valueName":"search_term_string"}}],"inLanguage":"es"},{"@type":"Organization","@id":"https:\/\/latamjournalismreview.org\/es\/#organization","name":"LatAm Journalism Review","url":"https:\/\/latamjournalismreview.org\/es\/","logo":{"@type":"ImageObject","inLanguage":"es","@id":"https:\/\/latamjournalismreview.org\/es\/#\/schema\/logo\/image\/","url":"https:\/\/latamjournalismreview.org\/wp-content\/uploads\/2020\/05\/knight-latAm-review-logo.svg","contentUrl":"https:\/\/latamjournalismreview.org\/wp-content\/uploads\/2020\/05\/knight-latAm-review-logo.svg","width":"1024","height":"1024","caption":"LatAm Journalism Review"},"image":{"@id":"https:\/\/latamjournalismreview.org\/es\/#\/schema\/logo\/image\/"},"sameAs":["https:\/\/x.com\/LatAmJournalism"]},{"@type":"Person","@id":"https:\/\/latamjournalismreview.org\/es\/#\/schema\/person\/0315202e0b3c0963a2440f1c3012c360","name":"Guest","url":"https:\/\/latamjournalismreview.org\/es\/articles\/author\/guest\/"}]}},"_links":{"self":[{"href":"https:\/\/latamjournalismreview.org\/es\/wp-json\/wp\/v2\/posts\/64101","targetHints":{"allow":["GET"]}}],"collection":[{"href":"https:\/\/latamjournalismreview.org\/es\/wp-json\/wp\/v2\/posts"}],"about":[{"href":"https:\/\/latamjournalismreview.org\/es\/wp-json\/wp\/v2\/types\/post"}],"author":[{"embeddable":true,"href":"https:\/\/latamjournalismreview.org\/es\/wp-json\/wp\/v2\/users\/17"}],"replies":[{"embeddable":true,"href":"https:\/\/latamjournalismreview.org\/es\/wp-json\/wp\/v2\/comments?post=64101"}],"version-history":[{"count":1,"href":"https:\/\/latamjournalismreview.org\/es\/wp-json\/wp\/v2\/posts\/64101\/revisions"}],"predecessor-version":[{"id":64105,"href":"https:\/\/latamjournalismreview.org\/es\/wp-json\/wp\/v2\/posts\/64101\/revisions\/64105"}],"wp:attachment":[{"href":"https:\/\/latamjournalismreview.org\/es\/wp-json\/wp\/v2\/media?parent=64101"}],"wp:term":[{"taxonomy":"category","embeddable":true,"href":"https:\/\/latamjournalismreview.org\/es\/wp-json\/wp\/v2\/categories?post=64101"},{"taxonomy":"post_tag","embeddable":true,"href":"https:\/\/latamjournalismreview.org\/es\/wp-json\/wp\/v2\/tags?post=64101"},{"taxonomy":"author","embeddable":true,"href":"https:\/\/latamjournalismreview.org\/es\/wp-json\/wp\/v2\/coauthors?post=64101"}],"curies":[{"name":"wp","href":"https:\/\/api.w.org\/{rel}","templated":true}]}}