{"id":64239,"date":"2010-08-09T18:18:40","date_gmt":"2010-08-09T23:18:40","guid":{"rendered":"https:\/\/latamjournalismreview.org\/?p=64239"},"modified":"2022-08-09T18:20:40","modified_gmt":"2022-08-09T23:20:40","slug":"periodistas-mexicanos-marchan-para-exigir-fin-de-agresiones-e-intimidacion","status":"publish","type":"post","link":"https:\/\/latamjournalismreview.org\/es\/articles\/periodistas-mexicanos-marchan-para-exigir-fin-de-agresiones-e-intimidacion\/","title":{"rendered":"Periodistas mexicanos marchan para exigir fin de agresiones e intimidaci\u00f3n"},"content":{"rendered":"<p><em>Por Ingrid Bachmann<\/em><\/p>\n<p>Cientos de reporteros, editores, camar\u00f3grafos y fot\u00f3grafos\u00a0<a href=\"http:\/\/www.terra.com.mx\/noticias\/articulo\/936964\/Marchan+periodistas+para+pedir+alto+a+los+asesinatos.htm\">salieron a la calle<\/a>\u00a0en la\u00a0<a href=\"http:\/\/www.milenio.com\/node\/503382\">capital mexicana<\/a>\u00a0y\u00a0<a href=\"http:\/\/www.jornada.unam.mx\/2010\/08\/08\/index.php?section=politica&amp;article=010n2pol\">otras ciudades<\/a>\u00a0en 10 estados en defensa de la libertad de expresi\u00f3n y exigir el cese de la violencia contra periodistas, que ha cobrado al menos 64 vidas en la \u00faltima d\u00e9cada y mantiene a otros 12 desaparecidos, reportaron\u00a0<a href=\"http:\/\/www.elpais.com\/articulo\/internacional\/periodistas\/mexicanos\/marchan\/exigir\/cese\/agresiones\/intimidaciones\/elpepuintlat\/20100807elpepuint_10\/Tes\">El Pa\u00eds<\/a>\u00a0y\u00a0<a href=\"http:\/\/www.bbc.co.uk\/mundo\/america_latina\/2010\/08\/100807_mexico_periodistas_marcha_pea.shtml\">BBC Mundo<\/a>.<\/p>\n<p>En el caso de la capital, una marcha silenciosa hacia la Secretar\u00eda de Gobernaci\u00f3n concluy\u00f3 con el grito de \u201c<a href=\"http:\/\/www.noroeste.com.mx\/imagen.php?archivo=10080721213644943431.jpg&amp;medida=9\">ni uno m\u00e1s<\/a>\u201d y exigencias al gobierno federal de garantizar la seguridad de los comunicadores, adem\u00e1s de fin de la impunidad en los cr\u00edmenes contra la prensa, a\u00f1aden\u00a0<a href=\"http:\/\/eleconomista.com.mx\/sociedad\/2010\/08\/07\/concluye-marcha-periodistas-grito-ni-mas\">El Economista<\/a>\u00a0y\u00a0<a href=\"http:\/\/www.jornada.unam.mx\/2010\/08\/08\/index.php?section=politica&amp;article=010n1pol\">La Jornada<\/a>.<\/p>\n<p>Las protestas ocurrieron d\u00edas despu\u00e9s de que\u00a0<a href=\"http:\/\/knightcenter.utexas.edu\/archive\/blog\/?q=es\/node\/8017\">cuatro comunicadores fueran secuestrados<\/a>\u00a0en el norte del pa\u00eds por el crimen organizado con el objetivo de obligar a los medios a transmitir determinados mensajes.<\/p>\n<p>La\u00a0<a href=\"http:\/\/www.elnuevoherald.com\/2010\/08\/07\/779228\/periodistas-mexicanos-marchan.html\">Associated Press<\/a>\u00a0informa que los periodistas asistentes confiaron que la movilizaci\u00f3n abrir\u00e1 la puerta a la colaboraci\u00f3n entre medios y autoridades en materia de protocolos de seguridad que garanticen la cobertura informativa, en particular dada la autocensura que ha generado\u00a0<a href=\"http:\/\/knightcenter.utexas.edu\/archive\/blog\/?q=es\/node\/8098\">la violencia ligada al narcotr\u00e1fico<\/a>.<\/p>\n<p><em>Nota del editor: Esta historia fue publicada originalmente en el blog Periodismo en las Am\u00e9ricas del Centro Knight, el predecesor de LatAm Journalism Review.<\/em><\/p>\n","protected":false},"excerpt":{"rendered":"<p>Cientos de reporteros, editores, camar\u00f3grafos y fot\u00f3grafos\u00a0salieron a la calle\u00a0en la\u00a0capital mexicana\u00a0y\u00a0otras ciudades\u00a0en 10 estados en defensa de la libertad de expresi\u00f3n y exigir el cese de la violencia contra periodistas, que ha cobrado al menos 64 vidas en la \u00faltima d\u00e9cada y mantiene a otros 12 desaparecidos, reportaron\u00a0El Pa\u00eds\u00a0y\u00a0BBC Mundo.<\/p>\n","protected":false},"author":17,"featured_media":0,"comment_status":"closed","ping_status":"closed","sticky":false,"template":"","format":"standard","meta":{"inline_featured_image":false,"footnotes":""},"categories":[1222],"tags":[1522,1393],"coauthors":[],"class_list":["post-64239","post","type-post","status-publish","format-standard","hentry","category-violencia-contra-periodistas-es","tag-amenazas-contra-periodistas-es","tag-mexico-es"],"acf":[],"yoast_head":"<!-- This site is optimized with the Yoast SEO Premium plugin v22.6 (Yoast SEO v27.4) - https:\/\/yoast.com\/product\/yoast-seo-premium-wordpress\/ -->\n<title>Periodistas mexicanos marchan para exigir fin de agresiones e intimidaci\u00f3n - LatAm Journalism Review<\/title>\n<meta name=\"description\" content=\"Periodistas mexicanos marchan para exigir fin de agresiones e intimidaci\u00f3n Violencia contra periodistas. Latin American Journalism Review by The Knight Center at The University of Texas at Austin.\" \/>\n<meta name=\"robots\" content=\"index, follow, max-snippet:-1, max-image-preview:large, max-video-preview:-1\" \/>\n<link rel=\"canonical\" href=\"https:\/\/latamjournalismreview.org\/es\/articles\/periodistas-mexicanos-marchan-para-exigir-fin-de-agresiones-e-intimidacion\/\" \/>\n<meta property=\"og:locale\" content=\"es_ES\" \/>\n<meta property=\"og:type\" content=\"article\" \/>\n<meta property=\"og:title\" content=\"Periodistas mexicanos marchan para exigir fin de agresiones e intimidaci\u00f3n\" \/>\n<meta property=\"og:description\" content=\"Periodistas mexicanos marchan para exigir fin de agresiones e intimidaci\u00f3n Violencia contra periodistas. Latin American Journalism Review by The Knight Center at The University of Texas at Austin.\" \/>\n<meta property=\"og:url\" content=\"https:\/\/latamjournalismreview.org\/es\/articles\/periodistas-mexicanos-marchan-para-exigir-fin-de-agresiones-e-intimidacion\/\" \/>\n<meta property=\"og:site_name\" content=\"LatAm Journalism Review\" \/>\n<meta property=\"article:published_time\" content=\"2010-08-09T23:18:40+00:00\" \/>\n<meta property=\"article:modified_time\" content=\"2022-08-09T23:20:40+00:00\" \/>\n<meta name=\"author\" content=\"Guest\" \/>\n<meta name=\"twitter:card\" content=\"summary_large_image\" \/>\n<meta name=\"twitter:creator\" content=\"@LatAmJournalism\" \/>\n<meta name=\"twitter:site\" content=\"@LatAmJournalism\" \/>\n<meta name=\"twitter:label1\" content=\"Written by\" \/>\n\t<meta name=\"twitter:data1\" content=\"Guest\" \/>\n\t<meta name=\"twitter:label2\" content=\"Est. reading time\" \/>\n\t<meta name=\"twitter:data2\" content=\"1 minuto\" \/>\n<script type=\"application\/ld+json\" class=\"yoast-schema-graph\">{\"@context\":\"https:\\\/\\\/schema.org\",\"@graph\":[{\"@type\":\"Article\",\"@id\":\"https:\\\/\\\/latamjournalismreview.org\\\/es\\\/articles\\\/periodistas-mexicanos-marchan-para-exigir-fin-de-agresiones-e-intimidacion\\\/#article\",\"isPartOf\":{\"@id\":\"https:\\\/\\\/latamjournalismreview.org\\\/es\\\/articles\\\/periodistas-mexicanos-marchan-para-exigir-fin-de-agresiones-e-intimidacion\\\/\"},\"author\":{\"name\":\"Guest\",\"@id\":\"https:\\\/\\\/latamjournalismreview.org\\\/es\\\/#\\\/schema\\\/person\\\/0315202e0b3c0963a2440f1c3012c360\"},\"headline\":\"Periodistas mexicanos marchan para exigir fin de agresiones e intimidaci\u00f3n\",\"datePublished\":\"2010-08-09T23:18:40+00:00\",\"dateModified\":\"2022-08-09T23:20:40+00:00\",\"mainEntityOfPage\":{\"@id\":\"https:\\\/\\\/latamjournalismreview.org\\\/es\\\/articles\\\/periodistas-mexicanos-marchan-para-exigir-fin-de-agresiones-e-intimidacion\\\/\"},\"wordCount\":243,\"publisher\":{\"@id\":\"https:\\\/\\\/latamjournalismreview.org\\\/es\\\/#organization\"},\"keywords\":[\"Amenazas contra periodistas\",\"M\u00e9xico\"],\"articleSection\":[\"Violencia contra periodistas\"],\"inLanguage\":\"es\"},{\"@type\":\"WebPage\",\"@id\":\"https:\\\/\\\/latamjournalismreview.org\\\/es\\\/articles\\\/periodistas-mexicanos-marchan-para-exigir-fin-de-agresiones-e-intimidacion\\\/\",\"url\":\"https:\\\/\\\/latamjournalismreview.org\\\/es\\\/articles\\\/periodistas-mexicanos-marchan-para-exigir-fin-de-agresiones-e-intimidacion\\\/\",\"name\":\"Periodistas mexicanos marchan para exigir fin de agresiones e intimidaci\u00f3n - LatAm Journalism Review\",\"isPartOf\":{\"@id\":\"https:\\\/\\\/latamjournalismreview.org\\\/es\\\/#website\"},\"datePublished\":\"2010-08-09T23:18:40+00:00\",\"dateModified\":\"2022-08-09T23:20:40+00:00\",\"description\":\"Periodistas mexicanos marchan para exigir fin de agresiones e intimidaci\u00f3n Violencia contra periodistas. Latin American Journalism Review by The Knight Center at The University of Texas at Austin.\",\"breadcrumb\":{\"@id\":\"https:\\\/\\\/latamjournalismreview.org\\\/es\\\/articles\\\/periodistas-mexicanos-marchan-para-exigir-fin-de-agresiones-e-intimidacion\\\/#breadcrumb\"},\"inLanguage\":\"es\",\"potentialAction\":[{\"@type\":\"ReadAction\",\"target\":[\"https:\\\/\\\/latamjournalismreview.org\\\/es\\\/articles\\\/periodistas-mexicanos-marchan-para-exigir-fin-de-agresiones-e-intimidacion\\\/\"]}]},{\"@type\":\"BreadcrumbList\",\"@id\":\"https:\\\/\\\/latamjournalismreview.org\\\/es\\\/articles\\\/periodistas-mexicanos-marchan-para-exigir-fin-de-agresiones-e-intimidacion\\\/#breadcrumb\",\"itemListElement\":[{\"@type\":\"ListItem\",\"position\":1,\"name\":\"Home\",\"item\":\"https:\\\/\\\/latamjournalismreview.org\\\/es\\\/\"},{\"@type\":\"ListItem\",\"position\":2,\"name\":\"Periodistas mexicanos marchan para exigir fin de agresiones e intimidaci\u00f3n\"}]},{\"@type\":\"WebSite\",\"@id\":\"https:\\\/\\\/latamjournalismreview.org\\\/es\\\/#website\",\"url\":\"https:\\\/\\\/latamjournalismreview.org\\\/es\\\/\",\"name\":\"LatAm Journalism Review\",\"description\":\"Knight Center at The University of Texas\",\"publisher\":{\"@id\":\"https:\\\/\\\/latamjournalismreview.org\\\/es\\\/#organization\"},\"potentialAction\":[{\"@type\":\"SearchAction\",\"target\":{\"@type\":\"EntryPoint\",\"urlTemplate\":\"https:\\\/\\\/latamjournalismreview.org\\\/es\\\/?s={search_term_string}\"},\"query-input\":{\"@type\":\"PropertyValueSpecification\",\"valueRequired\":true,\"valueName\":\"search_term_string\"}}],\"inLanguage\":\"es\"},{\"@type\":\"Organization\",\"@id\":\"https:\\\/\\\/latamjournalismreview.org\\\/es\\\/#organization\",\"name\":\"LatAm Journalism Review\",\"url\":\"https:\\\/\\\/latamjournalismreview.org\\\/es\\\/\",\"logo\":{\"@type\":\"ImageObject\",\"inLanguage\":\"es\",\"@id\":\"https:\\\/\\\/latamjournalismreview.org\\\/es\\\/#\\\/schema\\\/logo\\\/image\\\/\",\"url\":\"https:\\\/\\\/latamjournalismreview.org\\\/wp-content\\\/uploads\\\/2020\\\/05\\\/knight-latAm-review-logo.svg\",\"contentUrl\":\"https:\\\/\\\/latamjournalismreview.org\\\/wp-content\\\/uploads\\\/2020\\\/05\\\/knight-latAm-review-logo.svg\",\"width\":\"1024\",\"height\":\"1024\",\"caption\":\"LatAm Journalism Review\"},\"image\":{\"@id\":\"https:\\\/\\\/latamjournalismreview.org\\\/es\\\/#\\\/schema\\\/logo\\\/image\\\/\"},\"sameAs\":[\"https:\\\/\\\/x.com\\\/LatAmJournalism\"]},{\"@type\":\"Person\",\"@id\":\"https:\\\/\\\/latamjournalismreview.org\\\/es\\\/#\\\/schema\\\/person\\\/0315202e0b3c0963a2440f1c3012c360\",\"name\":\"Guest\",\"url\":\"https:\\\/\\\/latamjournalismreview.org\\\/es\\\/articles\\\/author\\\/guest\\\/\"}]}<\/script>\n<!-- \/ Yoast SEO Premium plugin. -->","yoast_head_json":{"title":"Periodistas mexicanos marchan para exigir fin de agresiones e intimidaci\u00f3n - LatAm Journalism Review","description":"Periodistas mexicanos marchan para exigir fin de agresiones e intimidaci\u00f3n Violencia contra periodistas. Latin American Journalism Review by The Knight Center at The University of Texas at Austin.","robots":{"index":"index","follow":"follow","max-snippet":"max-snippet:-1","max-image-preview":"max-image-preview:large","max-video-preview":"max-video-preview:-1"},"canonical":"https:\/\/latamjournalismreview.org\/es\/articles\/periodistas-mexicanos-marchan-para-exigir-fin-de-agresiones-e-intimidacion\/","og_locale":"es_ES","og_type":"article","og_title":"Periodistas mexicanos marchan para exigir fin de agresiones e intimidaci\u00f3n","og_description":"Periodistas mexicanos marchan para exigir fin de agresiones e intimidaci\u00f3n Violencia contra periodistas. Latin American Journalism Review by The Knight Center at The University of Texas at Austin.","og_url":"https:\/\/latamjournalismreview.org\/es\/articles\/periodistas-mexicanos-marchan-para-exigir-fin-de-agresiones-e-intimidacion\/","og_site_name":"LatAm Journalism Review","article_published_time":"2010-08-09T23:18:40+00:00","article_modified_time":"2022-08-09T23:20:40+00:00","author":"Guest","twitter_card":"summary_large_image","twitter_creator":"@LatAmJournalism","twitter_site":"@LatAmJournalism","twitter_misc":{"Written by":"Guest","Est. reading time":"1 minuto"},"schema":{"@context":"https:\/\/schema.org","@graph":[{"@type":"Article","@id":"https:\/\/latamjournalismreview.org\/es\/articles\/periodistas-mexicanos-marchan-para-exigir-fin-de-agresiones-e-intimidacion\/#article","isPartOf":{"@id":"https:\/\/latamjournalismreview.org\/es\/articles\/periodistas-mexicanos-marchan-para-exigir-fin-de-agresiones-e-intimidacion\/"},"author":{"name":"Guest","@id":"https:\/\/latamjournalismreview.org\/es\/#\/schema\/person\/0315202e0b3c0963a2440f1c3012c360"},"headline":"Periodistas mexicanos marchan para exigir fin de agresiones e intimidaci\u00f3n","datePublished":"2010-08-09T23:18:40+00:00","dateModified":"2022-08-09T23:20:40+00:00","mainEntityOfPage":{"@id":"https:\/\/latamjournalismreview.org\/es\/articles\/periodistas-mexicanos-marchan-para-exigir-fin-de-agresiones-e-intimidacion\/"},"wordCount":243,"publisher":{"@id":"https:\/\/latamjournalismreview.org\/es\/#organization"},"keywords":["Amenazas contra periodistas","M\u00e9xico"],"articleSection":["Violencia contra periodistas"],"inLanguage":"es"},{"@type":"WebPage","@id":"https:\/\/latamjournalismreview.org\/es\/articles\/periodistas-mexicanos-marchan-para-exigir-fin-de-agresiones-e-intimidacion\/","url":"https:\/\/latamjournalismreview.org\/es\/articles\/periodistas-mexicanos-marchan-para-exigir-fin-de-agresiones-e-intimidacion\/","name":"Periodistas mexicanos marchan para exigir fin de agresiones e intimidaci\u00f3n - LatAm Journalism Review","isPartOf":{"@id":"https:\/\/latamjournalismreview.org\/es\/#website"},"datePublished":"2010-08-09T23:18:40+00:00","dateModified":"2022-08-09T23:20:40+00:00","description":"Periodistas mexicanos marchan para exigir fin de agresiones e intimidaci\u00f3n Violencia contra periodistas. Latin American Journalism Review by The Knight Center at The University of Texas at Austin.","breadcrumb":{"@id":"https:\/\/latamjournalismreview.org\/es\/articles\/periodistas-mexicanos-marchan-para-exigir-fin-de-agresiones-e-intimidacion\/#breadcrumb"},"inLanguage":"es","potentialAction":[{"@type":"ReadAction","target":["https:\/\/latamjournalismreview.org\/es\/articles\/periodistas-mexicanos-marchan-para-exigir-fin-de-agresiones-e-intimidacion\/"]}]},{"@type":"BreadcrumbList","@id":"https:\/\/latamjournalismreview.org\/es\/articles\/periodistas-mexicanos-marchan-para-exigir-fin-de-agresiones-e-intimidacion\/#breadcrumb","itemListElement":[{"@type":"ListItem","position":1,"name":"Home","item":"https:\/\/latamjournalismreview.org\/es\/"},{"@type":"ListItem","position":2,"name":"Periodistas mexicanos marchan para exigir fin de agresiones e intimidaci\u00f3n"}]},{"@type":"WebSite","@id":"https:\/\/latamjournalismreview.org\/es\/#website","url":"https:\/\/latamjournalismreview.org\/es\/","name":"LatAm Journalism Review","description":"Knight Center at The University of Texas","publisher":{"@id":"https:\/\/latamjournalismreview.org\/es\/#organization"},"potentialAction":[{"@type":"SearchAction","target":{"@type":"EntryPoint","urlTemplate":"https:\/\/latamjournalismreview.org\/es\/?s={search_term_string}"},"query-input":{"@type":"PropertyValueSpecification","valueRequired":true,"valueName":"search_term_string"}}],"inLanguage":"es"},{"@type":"Organization","@id":"https:\/\/latamjournalismreview.org\/es\/#organization","name":"LatAm Journalism Review","url":"https:\/\/latamjournalismreview.org\/es\/","logo":{"@type":"ImageObject","inLanguage":"es","@id":"https:\/\/latamjournalismreview.org\/es\/#\/schema\/logo\/image\/","url":"https:\/\/latamjournalismreview.org\/wp-content\/uploads\/2020\/05\/knight-latAm-review-logo.svg","contentUrl":"https:\/\/latamjournalismreview.org\/wp-content\/uploads\/2020\/05\/knight-latAm-review-logo.svg","width":"1024","height":"1024","caption":"LatAm Journalism Review"},"image":{"@id":"https:\/\/latamjournalismreview.org\/es\/#\/schema\/logo\/image\/"},"sameAs":["https:\/\/x.com\/LatAmJournalism"]},{"@type":"Person","@id":"https:\/\/latamjournalismreview.org\/es\/#\/schema\/person\/0315202e0b3c0963a2440f1c3012c360","name":"Guest","url":"https:\/\/latamjournalismreview.org\/es\/articles\/author\/guest\/"}]}},"_links":{"self":[{"href":"https:\/\/latamjournalismreview.org\/es\/wp-json\/wp\/v2\/posts\/64239","targetHints":{"allow":["GET"]}}],"collection":[{"href":"https:\/\/latamjournalismreview.org\/es\/wp-json\/wp\/v2\/posts"}],"about":[{"href":"https:\/\/latamjournalismreview.org\/es\/wp-json\/wp\/v2\/types\/post"}],"author":[{"embeddable":true,"href":"https:\/\/latamjournalismreview.org\/es\/wp-json\/wp\/v2\/users\/17"}],"replies":[{"embeddable":true,"href":"https:\/\/latamjournalismreview.org\/es\/wp-json\/wp\/v2\/comments?post=64239"}],"version-history":[{"count":1,"href":"https:\/\/latamjournalismreview.org\/es\/wp-json\/wp\/v2\/posts\/64239\/revisions"}],"predecessor-version":[{"id":64244,"href":"https:\/\/latamjournalismreview.org\/es\/wp-json\/wp\/v2\/posts\/64239\/revisions\/64244"}],"wp:attachment":[{"href":"https:\/\/latamjournalismreview.org\/es\/wp-json\/wp\/v2\/media?parent=64239"}],"wp:term":[{"taxonomy":"category","embeddable":true,"href":"https:\/\/latamjournalismreview.org\/es\/wp-json\/wp\/v2\/categories?post=64239"},{"taxonomy":"post_tag","embeddable":true,"href":"https:\/\/latamjournalismreview.org\/es\/wp-json\/wp\/v2\/tags?post=64239"},{"taxonomy":"author","embeddable":true,"href":"https:\/\/latamjournalismreview.org\/es\/wp-json\/wp\/v2\/coauthors?post=64239"}],"curies":[{"name":"wp","href":"https:\/\/api.w.org\/{rel}","templated":true}]}}