{"id":64683,"date":"2010-08-25T08:11:58","date_gmt":"2010-08-25T13:11:58","guid":{"rendered":"https:\/\/latamjournalismreview.org\/?p=64683"},"modified":"2022-08-16T08:13:15","modified_gmt":"2022-08-16T13:13:15","slug":"veterano-periodista-es-asesinado-a-tiros-en-honduras","status":"publish","type":"post","link":"https:\/\/latamjournalismreview.org\/es\/articles\/veterano-periodista-es-asesinado-a-tiros-en-honduras\/","title":{"rendered":"Veterano periodista es asesinado a tiros en Honduras"},"content":{"rendered":"<p><em>Por Ingrid Bachmann<\/em><\/p>\n<p>Israel Zelaya D\u00edaz, un destacado periodista de\u00a0<a href=\"http:\/\/es.wikipedia.org\/wiki\/San_Pedro_Sula\">San Pedro Sula<\/a>, fue encontrado muerto a las afueras de la ciudad con tres heridas de bala, report\u00f3\u00a0<a href=\"http:\/\/www.latribuna.hn\/web2.0\/?p=173310\">La Tribuna<\/a>. Se trata del\u00a0<a href=\"http:\/\/knightcenter.utexas.edu\/archive\/blog\/?q=es\/search\/node\/Honduras+asesinatos\">d\u00e9cimo comunicador asesinado<\/a>\u00a0en Honduras este a\u00f1o, explica\u00a0<a href=\"http:\/\/www.rnw.nl\/espanol\/bulletin\/honduras-ya-van-diez-periodistas-asesinados-en-el-2010\">Radio Nederland<\/a>.<\/p>\n<p>Seg\u00fan la agencia\u00a0<a href=\"http:\/\/www.elnuevoherald.com\/2010\/08\/25\/789111\/otro-periodista-muerto-a-tiros.html\">Associated Press<\/a>, Zelaya era comentarista de Radio Internacional y hace tres meses denunci\u00f3 que un grupo de desconocidos hab\u00eda incendiado su casa.<\/p>\n<p>Se desconoce el motivo del crimen, explica\u00a0<a href=\"http:\/\/www.laprensa.hn\/Sucesos\/Ediciones\/2010\/08\/25\/Noticias\/En-caneras-asesinan-a-periodista-de-radio\">La Prensa<\/a>, pero la polic\u00eda descart\u00f3 el robo como m\u00f3vil, ya que el cuerpo fue encontrado con documentos, un reloj y un tel\u00e9fono celular.<\/p>\n<p><em>Nota del editor: Esta historia fue publicada originalmente en el blog Periodismo en las Am\u00e9ricas del Centro Knight, el predecesor de LatAm Journalism Review.<\/em><\/p>\n","protected":false},"excerpt":{"rendered":"<p>Israel Zelaya D\u00edaz, un destacado periodista de\u00a0San Pedro Sula, fue encontrado muerto a las afueras de la ciudad con tres heridas de bala, report\u00f3\u00a0La Tribuna. Se trata del\u00a0d\u00e9cimo comunicador asesinado\u00a0en Honduras este a\u00f1o, explica\u00a0Radio Nederland.<\/p>\n","protected":false},"author":17,"featured_media":0,"comment_status":"closed","ping_status":"closed","sticky":false,"template":"","format":"standard","meta":{"inline_featured_image":false,"footnotes":""},"categories":[1222],"tags":[1479,1462,1431],"coauthors":[],"class_list":["post-64683","post","type-post","status-publish","format-standard","hentry","category-violencia-contra-periodistas-es","tag-asesinato-de-periodistas-es","tag-honduras-es","tag-radio-y-tv-es"],"acf":[],"yoast_head":"<!-- This site is optimized with the Yoast SEO Premium plugin v22.6 (Yoast SEO v27.4) - https:\/\/yoast.com\/product\/yoast-seo-premium-wordpress\/ -->\n<title>Veterano periodista es asesinado a tiros en Honduras - LatAm Journalism Review<\/title>\n<meta name=\"description\" content=\"Veterano periodista es asesinado a tiros en Honduras Violencia Contra Periodistas. Latin American Journalism Review by The Knight Center at The University of Texas at Austin.\" \/>\n<meta name=\"robots\" content=\"index, follow, max-snippet:-1, max-image-preview:large, max-video-preview:-1\" \/>\n<link rel=\"canonical\" href=\"https:\/\/latamjournalismreview.org\/es\/articles\/veterano-periodista-es-asesinado-a-tiros-en-honduras\/\" \/>\n<meta property=\"og:locale\" content=\"es_ES\" \/>\n<meta property=\"og:type\" content=\"article\" \/>\n<meta property=\"og:title\" content=\"Veterano periodista es asesinado a tiros en Honduras\" \/>\n<meta property=\"og:description\" content=\"Veterano periodista es asesinado a tiros en Honduras Violencia Contra Periodistas. Latin American Journalism Review by The Knight Center at The University of Texas at Austin.\" \/>\n<meta property=\"og:url\" content=\"https:\/\/latamjournalismreview.org\/es\/articles\/veterano-periodista-es-asesinado-a-tiros-en-honduras\/\" \/>\n<meta property=\"og:site_name\" content=\"LatAm Journalism Review\" \/>\n<meta property=\"article:published_time\" content=\"2010-08-25T13:11:58+00:00\" \/>\n<meta property=\"article:modified_time\" content=\"2022-08-16T13:13:15+00:00\" \/>\n<meta name=\"author\" content=\"Guest\" \/>\n<meta name=\"twitter:card\" content=\"summary_large_image\" \/>\n<meta name=\"twitter:creator\" content=\"@LatAmJournalism\" \/>\n<meta name=\"twitter:site\" content=\"@LatAmJournalism\" \/>\n<meta name=\"twitter:label1\" content=\"Written by\" \/>\n\t<meta name=\"twitter:data1\" content=\"Guest\" \/>\n\t<meta name=\"twitter:label2\" content=\"Est. reading time\" \/>\n\t<meta name=\"twitter:data2\" content=\"1 minuto\" \/>\n<script type=\"application\/ld+json\" class=\"yoast-schema-graph\">{\"@context\":\"https:\\\/\\\/schema.org\",\"@graph\":[{\"@type\":\"Article\",\"@id\":\"https:\\\/\\\/latamjournalismreview.org\\\/es\\\/articles\\\/veterano-periodista-es-asesinado-a-tiros-en-honduras\\\/#article\",\"isPartOf\":{\"@id\":\"https:\\\/\\\/latamjournalismreview.org\\\/es\\\/articles\\\/veterano-periodista-es-asesinado-a-tiros-en-honduras\\\/\"},\"author\":{\"name\":\"Guest\",\"@id\":\"https:\\\/\\\/latamjournalismreview.org\\\/es\\\/#\\\/schema\\\/person\\\/0315202e0b3c0963a2440f1c3012c360\"},\"headline\":\"Veterano periodista es asesinado a tiros en Honduras\",\"datePublished\":\"2010-08-25T13:11:58+00:00\",\"dateModified\":\"2022-08-16T13:13:15+00:00\",\"mainEntityOfPage\":{\"@id\":\"https:\\\/\\\/latamjournalismreview.org\\\/es\\\/articles\\\/veterano-periodista-es-asesinado-a-tiros-en-honduras\\\/\"},\"wordCount\":140,\"publisher\":{\"@id\":\"https:\\\/\\\/latamjournalismreview.org\\\/es\\\/#organization\"},\"keywords\":[\"Asesinato de periodistas\",\"Honduras\",\"Radio y TV\"],\"articleSection\":[\"Violencia Contra Periodistas\"],\"inLanguage\":\"es\"},{\"@type\":\"WebPage\",\"@id\":\"https:\\\/\\\/latamjournalismreview.org\\\/es\\\/articles\\\/veterano-periodista-es-asesinado-a-tiros-en-honduras\\\/\",\"url\":\"https:\\\/\\\/latamjournalismreview.org\\\/es\\\/articles\\\/veterano-periodista-es-asesinado-a-tiros-en-honduras\\\/\",\"name\":\"Veterano periodista es asesinado a tiros en Honduras - LatAm Journalism Review\",\"isPartOf\":{\"@id\":\"https:\\\/\\\/latamjournalismreview.org\\\/es\\\/#website\"},\"datePublished\":\"2010-08-25T13:11:58+00:00\",\"dateModified\":\"2022-08-16T13:13:15+00:00\",\"description\":\"Veterano periodista es asesinado a tiros en Honduras Violencia Contra Periodistas. Latin American Journalism Review by The Knight Center at The University of Texas at Austin.\",\"breadcrumb\":{\"@id\":\"https:\\\/\\\/latamjournalismreview.org\\\/es\\\/articles\\\/veterano-periodista-es-asesinado-a-tiros-en-honduras\\\/#breadcrumb\"},\"inLanguage\":\"es\",\"potentialAction\":[{\"@type\":\"ReadAction\",\"target\":[\"https:\\\/\\\/latamjournalismreview.org\\\/es\\\/articles\\\/veterano-periodista-es-asesinado-a-tiros-en-honduras\\\/\"]}]},{\"@type\":\"BreadcrumbList\",\"@id\":\"https:\\\/\\\/latamjournalismreview.org\\\/es\\\/articles\\\/veterano-periodista-es-asesinado-a-tiros-en-honduras\\\/#breadcrumb\",\"itemListElement\":[{\"@type\":\"ListItem\",\"position\":1,\"name\":\"Home\",\"item\":\"https:\\\/\\\/latamjournalismreview.org\\\/es\\\/\"},{\"@type\":\"ListItem\",\"position\":2,\"name\":\"Veterano periodista es asesinado a tiros en Honduras\"}]},{\"@type\":\"WebSite\",\"@id\":\"https:\\\/\\\/latamjournalismreview.org\\\/es\\\/#website\",\"url\":\"https:\\\/\\\/latamjournalismreview.org\\\/es\\\/\",\"name\":\"LatAm Journalism Review\",\"description\":\"Knight Center at The University of Texas\",\"publisher\":{\"@id\":\"https:\\\/\\\/latamjournalismreview.org\\\/es\\\/#organization\"},\"potentialAction\":[{\"@type\":\"SearchAction\",\"target\":{\"@type\":\"EntryPoint\",\"urlTemplate\":\"https:\\\/\\\/latamjournalismreview.org\\\/es\\\/?s={search_term_string}\"},\"query-input\":{\"@type\":\"PropertyValueSpecification\",\"valueRequired\":true,\"valueName\":\"search_term_string\"}}],\"inLanguage\":\"es\"},{\"@type\":\"Organization\",\"@id\":\"https:\\\/\\\/latamjournalismreview.org\\\/es\\\/#organization\",\"name\":\"LatAm Journalism Review\",\"url\":\"https:\\\/\\\/latamjournalismreview.org\\\/es\\\/\",\"logo\":{\"@type\":\"ImageObject\",\"inLanguage\":\"es\",\"@id\":\"https:\\\/\\\/latamjournalismreview.org\\\/es\\\/#\\\/schema\\\/logo\\\/image\\\/\",\"url\":\"https:\\\/\\\/latamjournalismreview.org\\\/wp-content\\\/uploads\\\/2020\\\/05\\\/knight-latAm-review-logo.svg\",\"contentUrl\":\"https:\\\/\\\/latamjournalismreview.org\\\/wp-content\\\/uploads\\\/2020\\\/05\\\/knight-latAm-review-logo.svg\",\"width\":\"1024\",\"height\":\"1024\",\"caption\":\"LatAm Journalism Review\"},\"image\":{\"@id\":\"https:\\\/\\\/latamjournalismreview.org\\\/es\\\/#\\\/schema\\\/logo\\\/image\\\/\"},\"sameAs\":[\"https:\\\/\\\/x.com\\\/LatAmJournalism\"]},{\"@type\":\"Person\",\"@id\":\"https:\\\/\\\/latamjournalismreview.org\\\/es\\\/#\\\/schema\\\/person\\\/0315202e0b3c0963a2440f1c3012c360\",\"name\":\"Guest\",\"url\":\"https:\\\/\\\/latamjournalismreview.org\\\/es\\\/articles\\\/author\\\/guest\\\/\"}]}<\/script>\n<!-- \/ Yoast SEO Premium plugin. -->","yoast_head_json":{"title":"Veterano periodista es asesinado a tiros en Honduras - LatAm Journalism Review","description":"Veterano periodista es asesinado a tiros en Honduras Violencia Contra Periodistas. Latin American Journalism Review by The Knight Center at The University of Texas at Austin.","robots":{"index":"index","follow":"follow","max-snippet":"max-snippet:-1","max-image-preview":"max-image-preview:large","max-video-preview":"max-video-preview:-1"},"canonical":"https:\/\/latamjournalismreview.org\/es\/articles\/veterano-periodista-es-asesinado-a-tiros-en-honduras\/","og_locale":"es_ES","og_type":"article","og_title":"Veterano periodista es asesinado a tiros en Honduras","og_description":"Veterano periodista es asesinado a tiros en Honduras Violencia Contra Periodistas. Latin American Journalism Review by The Knight Center at The University of Texas at Austin.","og_url":"https:\/\/latamjournalismreview.org\/es\/articles\/veterano-periodista-es-asesinado-a-tiros-en-honduras\/","og_site_name":"LatAm Journalism Review","article_published_time":"2010-08-25T13:11:58+00:00","article_modified_time":"2022-08-16T13:13:15+00:00","author":"Guest","twitter_card":"summary_large_image","twitter_creator":"@LatAmJournalism","twitter_site":"@LatAmJournalism","twitter_misc":{"Written by":"Guest","Est. reading time":"1 minuto"},"schema":{"@context":"https:\/\/schema.org","@graph":[{"@type":"Article","@id":"https:\/\/latamjournalismreview.org\/es\/articles\/veterano-periodista-es-asesinado-a-tiros-en-honduras\/#article","isPartOf":{"@id":"https:\/\/latamjournalismreview.org\/es\/articles\/veterano-periodista-es-asesinado-a-tiros-en-honduras\/"},"author":{"name":"Guest","@id":"https:\/\/latamjournalismreview.org\/es\/#\/schema\/person\/0315202e0b3c0963a2440f1c3012c360"},"headline":"Veterano periodista es asesinado a tiros en Honduras","datePublished":"2010-08-25T13:11:58+00:00","dateModified":"2022-08-16T13:13:15+00:00","mainEntityOfPage":{"@id":"https:\/\/latamjournalismreview.org\/es\/articles\/veterano-periodista-es-asesinado-a-tiros-en-honduras\/"},"wordCount":140,"publisher":{"@id":"https:\/\/latamjournalismreview.org\/es\/#organization"},"keywords":["Asesinato de periodistas","Honduras","Radio y TV"],"articleSection":["Violencia Contra Periodistas"],"inLanguage":"es"},{"@type":"WebPage","@id":"https:\/\/latamjournalismreview.org\/es\/articles\/veterano-periodista-es-asesinado-a-tiros-en-honduras\/","url":"https:\/\/latamjournalismreview.org\/es\/articles\/veterano-periodista-es-asesinado-a-tiros-en-honduras\/","name":"Veterano periodista es asesinado a tiros en Honduras - LatAm Journalism Review","isPartOf":{"@id":"https:\/\/latamjournalismreview.org\/es\/#website"},"datePublished":"2010-08-25T13:11:58+00:00","dateModified":"2022-08-16T13:13:15+00:00","description":"Veterano periodista es asesinado a tiros en Honduras Violencia Contra Periodistas. Latin American Journalism Review by The Knight Center at The University of Texas at Austin.","breadcrumb":{"@id":"https:\/\/latamjournalismreview.org\/es\/articles\/veterano-periodista-es-asesinado-a-tiros-en-honduras\/#breadcrumb"},"inLanguage":"es","potentialAction":[{"@type":"ReadAction","target":["https:\/\/latamjournalismreview.org\/es\/articles\/veterano-periodista-es-asesinado-a-tiros-en-honduras\/"]}]},{"@type":"BreadcrumbList","@id":"https:\/\/latamjournalismreview.org\/es\/articles\/veterano-periodista-es-asesinado-a-tiros-en-honduras\/#breadcrumb","itemListElement":[{"@type":"ListItem","position":1,"name":"Home","item":"https:\/\/latamjournalismreview.org\/es\/"},{"@type":"ListItem","position":2,"name":"Veterano periodista es asesinado a tiros en Honduras"}]},{"@type":"WebSite","@id":"https:\/\/latamjournalismreview.org\/es\/#website","url":"https:\/\/latamjournalismreview.org\/es\/","name":"LatAm Journalism Review","description":"Knight Center at The University of Texas","publisher":{"@id":"https:\/\/latamjournalismreview.org\/es\/#organization"},"potentialAction":[{"@type":"SearchAction","target":{"@type":"EntryPoint","urlTemplate":"https:\/\/latamjournalismreview.org\/es\/?s={search_term_string}"},"query-input":{"@type":"PropertyValueSpecification","valueRequired":true,"valueName":"search_term_string"}}],"inLanguage":"es"},{"@type":"Organization","@id":"https:\/\/latamjournalismreview.org\/es\/#organization","name":"LatAm Journalism Review","url":"https:\/\/latamjournalismreview.org\/es\/","logo":{"@type":"ImageObject","inLanguage":"es","@id":"https:\/\/latamjournalismreview.org\/es\/#\/schema\/logo\/image\/","url":"https:\/\/latamjournalismreview.org\/wp-content\/uploads\/2020\/05\/knight-latAm-review-logo.svg","contentUrl":"https:\/\/latamjournalismreview.org\/wp-content\/uploads\/2020\/05\/knight-latAm-review-logo.svg","width":"1024","height":"1024","caption":"LatAm Journalism Review"},"image":{"@id":"https:\/\/latamjournalismreview.org\/es\/#\/schema\/logo\/image\/"},"sameAs":["https:\/\/x.com\/LatAmJournalism"]},{"@type":"Person","@id":"https:\/\/latamjournalismreview.org\/es\/#\/schema\/person\/0315202e0b3c0963a2440f1c3012c360","name":"Guest","url":"https:\/\/latamjournalismreview.org\/es\/articles\/author\/guest\/"}]}},"_links":{"self":[{"href":"https:\/\/latamjournalismreview.org\/es\/wp-json\/wp\/v2\/posts\/64683","targetHints":{"allow":["GET"]}}],"collection":[{"href":"https:\/\/latamjournalismreview.org\/es\/wp-json\/wp\/v2\/posts"}],"about":[{"href":"https:\/\/latamjournalismreview.org\/es\/wp-json\/wp\/v2\/types\/post"}],"author":[{"embeddable":true,"href":"https:\/\/latamjournalismreview.org\/es\/wp-json\/wp\/v2\/users\/17"}],"replies":[{"embeddable":true,"href":"https:\/\/latamjournalismreview.org\/es\/wp-json\/wp\/v2\/comments?post=64683"}],"version-history":[{"count":1,"href":"https:\/\/latamjournalismreview.org\/es\/wp-json\/wp\/v2\/posts\/64683\/revisions"}],"predecessor-version":[{"id":64687,"href":"https:\/\/latamjournalismreview.org\/es\/wp-json\/wp\/v2\/posts\/64683\/revisions\/64687"}],"wp:attachment":[{"href":"https:\/\/latamjournalismreview.org\/es\/wp-json\/wp\/v2\/media?parent=64683"}],"wp:term":[{"taxonomy":"category","embeddable":true,"href":"https:\/\/latamjournalismreview.org\/es\/wp-json\/wp\/v2\/categories?post=64683"},{"taxonomy":"post_tag","embeddable":true,"href":"https:\/\/latamjournalismreview.org\/es\/wp-json\/wp\/v2\/tags?post=64683"},{"taxonomy":"author","embeddable":true,"href":"https:\/\/latamjournalismreview.org\/es\/wp-json\/wp\/v2\/coauthors?post=64683"}],"curies":[{"name":"wp","href":"https:\/\/api.w.org\/{rel}","templated":true}]}}