{"id":64685,"date":"2010-08-25T08:12:02","date_gmt":"2010-08-25T13:12:02","guid":{"rendered":"https:\/\/latamjournalismreview.org\/?p=64685"},"modified":"2022-08-16T08:14:02","modified_gmt":"2022-08-16T13:14:02","slug":"robo-y-ataque-incendiario-dejan-radio-fuera-del-aire-en-argentina","status":"publish","type":"post","link":"https:\/\/latamjournalismreview.org\/es\/articles\/robo-y-ataque-incendiario-dejan-radio-fuera-del-aire-en-argentina\/","title":{"rendered":"Robo y ataque incendiario dejan radio fuera del aire en Argentina"},"content":{"rendered":"<p>La radio FM Cerrillos, de la localidad San Jos\u00e9 de Cerrillos, en la provincia de\u00a0<a href=\"http:\/\/es.wikipedia.org\/wiki\/Provincia_de_Salta\">Salta<\/a>\u00a0en Argentina, qued\u00f3 fuera del aire luego de que desconocidos robaran su equipo transmisor y, adem\u00e1s, iniciaran un incendio que dej\u00f3 herida a una persona, informaron\u00a0<a href=\"http:\/\/www.lahoradejujuy.com.ar\/index.php?option=com_content&amp;view=article&amp;id=22269:trabajador-de-prensa-herido-y-emisora-de-salta-fuera-del-aire-por-atentado-incendiario-y-robo&amp;catid=90:politica&amp;Itemid=279\">La Hora de Jujuy<\/a>\u00a0y\u00a0<a href=\"http:\/\/noticias.iruya.com\/sociedad\/comunicacion\/4633-villanueva-corimayo-atentado-cerrillos.html\">Noticias Iruya<\/a>.<\/p>\n<p>La emisora es propiedad del periodista Carlos Villanueva y se ubica en la residencia del profesional. El ataque ocurri\u00f3 el martes 24 de agosto.<\/p>\n<p>Villanueva\u00a0<a href=\"http:\/\/www.fm899.com.ar\/notas.asp?Id=42933&amp;IdSeccion=2\">acus\u00f3 al intendente local Rub\u00e9n Corimayo<\/a>, cuya gesti\u00f3n ha criticado abiertamente, de ser responsable del incendio que destruy\u00f3 su veh\u00edculo y provoc\u00f3 destrozos en su vivienda, y que, adem\u00e1s, dej\u00f3 a su hijo con quemaduras en rodillas y manos al intentar sofocarlo. \u201cVenimos denunciando sistem\u00e1ticamente las innumerables irregularidades que tiene este intendente [\u2026] nos robaron los equipos de la radio, nos han amenazado, y ahora llegaron a atentar contra mi vida, contra mi familia\u201d,\u00a0<a href=\"http:\/\/www.fmalba.com.ar\/fma_129296250810.php\">dijo el periodista a FM Alba<\/a>.<\/p>\n<p>Vecinos del reportero\u00a0<a href=\"http:\/\/www.radiosalta.com\/noticia.php?idn=223795\">organizaron una marcha<\/a>\u00a0en repudio al atentado, dijo Radio Salta, mientras que la Asociaci\u00f3n de Periodistas de Salta (APES) conden\u00f3 el ataque y el\u00a0<a href=\"http:\/\/www.fopea.org\/Comunicados\/2010\/Trabajador_de_prensa_herido_y_emisora_de_Salta_fuera_del_aire_por_atentado_incendiario_y_robo\">Foro de Periodismo Argentino (FOPEA)<\/a>\u00a0exigi\u00f3 a las autoridades otorgar las garant\u00edas necesarias para que Villanueva pueda seguir realizando su tarea period\u00edstica \"sin temor a represalias\u201d.<\/p>\n<p><em>Nota del editor: Esta historia fue publicada originalmente en el blog Periodismo en las Am\u00e9ricas del Centro Knight, el predecesor de LatAm Journalism Review.<\/em><\/p>\n","protected":false},"excerpt":{"rendered":"<p>La radio FM Cerrillos, de la localidad San Jos\u00e9 de Cerrillos, en la provincia de\u00a0Salta\u00a0en Argentina, qued\u00f3 fuera del aire luego de que desconocidos robaran su equipo transmisor y, adem\u00e1s, iniciaran un incendio que dej\u00f3 herida a una persona, informaron\u00a0La Hora de Jujuy\u00a0y\u00a0Noticias Iruya.<\/p>\n","protected":false},"author":43,"featured_media":0,"comment_status":"closed","ping_status":"closed","sticky":false,"template":"","format":"standard","meta":{"inline_featured_image":false,"footnotes":""},"categories":[1222],"tags":[1426,1431],"coauthors":[],"class_list":["post-64685","post","type-post","status-publish","format-standard","hentry","category-violencia-contra-periodistas-es","tag-argentina-es","tag-radio-y-tv-es"],"acf":[],"yoast_head":"<!-- This site is optimized with the Yoast SEO Premium plugin v22.6 (Yoast SEO v27.4) - https:\/\/yoast.com\/product\/yoast-seo-premium-wordpress\/ -->\n<title>Robo y ataque incendiario dejan radio fuera del aire en Argentina - LatAm Journalism Review<\/title>\n<meta name=\"description\" content=\"Robo y ataque incendiario dejan radio fuera del aire en Argentina Violencia contra periodistas. Latin American Journalism Review by The Knight Center at The University of Texas at Austin.\" \/>\n<meta name=\"robots\" content=\"index, follow, max-snippet:-1, max-image-preview:large, max-video-preview:-1\" \/>\n<link rel=\"canonical\" href=\"https:\/\/latamjournalismreview.org\/es\/articles\/robo-y-ataque-incendiario-dejan-radio-fuera-del-aire-en-argentina\/\" \/>\n<meta property=\"og:locale\" content=\"es_ES\" \/>\n<meta property=\"og:type\" content=\"article\" \/>\n<meta property=\"og:title\" content=\"Robo y ataque incendiario dejan radio fuera del aire en Argentina\" \/>\n<meta property=\"og:description\" content=\"Robo y ataque incendiario dejan radio fuera del aire en Argentina Violencia contra periodistas. Latin American Journalism Review by The Knight Center at The University of Texas at Austin.\" \/>\n<meta property=\"og:url\" content=\"https:\/\/latamjournalismreview.org\/es\/articles\/robo-y-ataque-incendiario-dejan-radio-fuera-del-aire-en-argentina\/\" \/>\n<meta property=\"og:site_name\" content=\"LatAm Journalism Review\" \/>\n<meta property=\"article:published_time\" content=\"2010-08-25T13:12:02+00:00\" \/>\n<meta property=\"article:modified_time\" content=\"2022-08-16T13:14:02+00:00\" \/>\n<meta name=\"author\" content=\"Monica Medel\" \/>\n<meta name=\"twitter:card\" content=\"summary_large_image\" \/>\n<meta name=\"twitter:creator\" content=\"@LatAmJournalism\" \/>\n<meta name=\"twitter:site\" content=\"@LatAmJournalism\" \/>\n<meta name=\"twitter:label1\" content=\"Written by\" \/>\n\t<meta name=\"twitter:data1\" content=\"Monica Medel\" \/>\n\t<meta name=\"twitter:label2\" content=\"Est. reading time\" \/>\n\t<meta name=\"twitter:data2\" content=\"1 minuto\" \/>\n<script type=\"application\/ld+json\" class=\"yoast-schema-graph\">{\"@context\":\"https:\\\/\\\/schema.org\",\"@graph\":[{\"@type\":\"Article\",\"@id\":\"https:\\\/\\\/latamjournalismreview.org\\\/es\\\/articles\\\/robo-y-ataque-incendiario-dejan-radio-fuera-del-aire-en-argentina\\\/#article\",\"isPartOf\":{\"@id\":\"https:\\\/\\\/latamjournalismreview.org\\\/es\\\/articles\\\/robo-y-ataque-incendiario-dejan-radio-fuera-del-aire-en-argentina\\\/\"},\"author\":{\"name\":\"Monica Medel\",\"@id\":\"https:\\\/\\\/latamjournalismreview.org\\\/es\\\/#\\\/schema\\\/person\\\/1746872e9af4abc45355e4a7a4ddcea5\"},\"headline\":\"Robo y ataque incendiario dejan radio fuera del aire en Argentina\",\"datePublished\":\"2010-08-25T13:12:02+00:00\",\"dateModified\":\"2022-08-16T13:14:02+00:00\",\"mainEntityOfPage\":{\"@id\":\"https:\\\/\\\/latamjournalismreview.org\\\/es\\\/articles\\\/robo-y-ataque-incendiario-dejan-radio-fuera-del-aire-en-argentina\\\/\"},\"wordCount\":250,\"publisher\":{\"@id\":\"https:\\\/\\\/latamjournalismreview.org\\\/es\\\/#organization\"},\"keywords\":[\"Argentina\",\"Radio y TV\"],\"articleSection\":[\"Violencia contra periodistas\"],\"inLanguage\":\"es\"},{\"@type\":\"WebPage\",\"@id\":\"https:\\\/\\\/latamjournalismreview.org\\\/es\\\/articles\\\/robo-y-ataque-incendiario-dejan-radio-fuera-del-aire-en-argentina\\\/\",\"url\":\"https:\\\/\\\/latamjournalismreview.org\\\/es\\\/articles\\\/robo-y-ataque-incendiario-dejan-radio-fuera-del-aire-en-argentina\\\/\",\"name\":\"Robo y ataque incendiario dejan radio fuera del aire en Argentina - LatAm Journalism Review\",\"isPartOf\":{\"@id\":\"https:\\\/\\\/latamjournalismreview.org\\\/es\\\/#website\"},\"datePublished\":\"2010-08-25T13:12:02+00:00\",\"dateModified\":\"2022-08-16T13:14:02+00:00\",\"description\":\"Robo y ataque incendiario dejan radio fuera del aire en Argentina Violencia contra periodistas. Latin American Journalism Review by The Knight Center at The University of Texas at Austin.\",\"breadcrumb\":{\"@id\":\"https:\\\/\\\/latamjournalismreview.org\\\/es\\\/articles\\\/robo-y-ataque-incendiario-dejan-radio-fuera-del-aire-en-argentina\\\/#breadcrumb\"},\"inLanguage\":\"es\",\"potentialAction\":[{\"@type\":\"ReadAction\",\"target\":[\"https:\\\/\\\/latamjournalismreview.org\\\/es\\\/articles\\\/robo-y-ataque-incendiario-dejan-radio-fuera-del-aire-en-argentina\\\/\"]}]},{\"@type\":\"BreadcrumbList\",\"@id\":\"https:\\\/\\\/latamjournalismreview.org\\\/es\\\/articles\\\/robo-y-ataque-incendiario-dejan-radio-fuera-del-aire-en-argentina\\\/#breadcrumb\",\"itemListElement\":[{\"@type\":\"ListItem\",\"position\":1,\"name\":\"Home\",\"item\":\"https:\\\/\\\/latamjournalismreview.org\\\/es\\\/\"},{\"@type\":\"ListItem\",\"position\":2,\"name\":\"Robo y ataque incendiario dejan radio fuera del aire en Argentina\"}]},{\"@type\":\"WebSite\",\"@id\":\"https:\\\/\\\/latamjournalismreview.org\\\/es\\\/#website\",\"url\":\"https:\\\/\\\/latamjournalismreview.org\\\/es\\\/\",\"name\":\"LatAm Journalism Review\",\"description\":\"Knight Center at The University of Texas\",\"publisher\":{\"@id\":\"https:\\\/\\\/latamjournalismreview.org\\\/es\\\/#organization\"},\"potentialAction\":[{\"@type\":\"SearchAction\",\"target\":{\"@type\":\"EntryPoint\",\"urlTemplate\":\"https:\\\/\\\/latamjournalismreview.org\\\/es\\\/?s={search_term_string}\"},\"query-input\":{\"@type\":\"PropertyValueSpecification\",\"valueRequired\":true,\"valueName\":\"search_term_string\"}}],\"inLanguage\":\"es\"},{\"@type\":\"Organization\",\"@id\":\"https:\\\/\\\/latamjournalismreview.org\\\/es\\\/#organization\",\"name\":\"LatAm Journalism Review\",\"url\":\"https:\\\/\\\/latamjournalismreview.org\\\/es\\\/\",\"logo\":{\"@type\":\"ImageObject\",\"inLanguage\":\"es\",\"@id\":\"https:\\\/\\\/latamjournalismreview.org\\\/es\\\/#\\\/schema\\\/logo\\\/image\\\/\",\"url\":\"https:\\\/\\\/latamjournalismreview.org\\\/wp-content\\\/uploads\\\/2020\\\/05\\\/knight-latAm-review-logo.svg\",\"contentUrl\":\"https:\\\/\\\/latamjournalismreview.org\\\/wp-content\\\/uploads\\\/2020\\\/05\\\/knight-latAm-review-logo.svg\",\"width\":\"1024\",\"height\":\"1024\",\"caption\":\"LatAm Journalism Review\"},\"image\":{\"@id\":\"https:\\\/\\\/latamjournalismreview.org\\\/es\\\/#\\\/schema\\\/logo\\\/image\\\/\"},\"sameAs\":[\"https:\\\/\\\/x.com\\\/LatAmJournalism\"]},{\"@type\":\"Person\",\"@id\":\"https:\\\/\\\/latamjournalismreview.org\\\/es\\\/#\\\/schema\\\/person\\\/1746872e9af4abc45355e4a7a4ddcea5\",\"name\":\"Monica Medel\",\"url\":\"https:\\\/\\\/latamjournalismreview.org\\\/es\\\/articles\\\/author\\\/monica-medel\\\/\"}]}<\/script>\n<!-- \/ Yoast SEO Premium plugin. -->","yoast_head_json":{"title":"Robo y ataque incendiario dejan radio fuera del aire en Argentina - LatAm Journalism Review","description":"Robo y ataque incendiario dejan radio fuera del aire en Argentina Violencia contra periodistas. Latin American Journalism Review by The Knight Center at The University of Texas at Austin.","robots":{"index":"index","follow":"follow","max-snippet":"max-snippet:-1","max-image-preview":"max-image-preview:large","max-video-preview":"max-video-preview:-1"},"canonical":"https:\/\/latamjournalismreview.org\/es\/articles\/robo-y-ataque-incendiario-dejan-radio-fuera-del-aire-en-argentina\/","og_locale":"es_ES","og_type":"article","og_title":"Robo y ataque incendiario dejan radio fuera del aire en Argentina","og_description":"Robo y ataque incendiario dejan radio fuera del aire en Argentina Violencia contra periodistas. Latin American Journalism Review by The Knight Center at The University of Texas at Austin.","og_url":"https:\/\/latamjournalismreview.org\/es\/articles\/robo-y-ataque-incendiario-dejan-radio-fuera-del-aire-en-argentina\/","og_site_name":"LatAm Journalism Review","article_published_time":"2010-08-25T13:12:02+00:00","article_modified_time":"2022-08-16T13:14:02+00:00","author":"Monica Medel","twitter_card":"summary_large_image","twitter_creator":"@LatAmJournalism","twitter_site":"@LatAmJournalism","twitter_misc":{"Written by":"Monica Medel","Est. reading time":"1 minuto"},"schema":{"@context":"https:\/\/schema.org","@graph":[{"@type":"Article","@id":"https:\/\/latamjournalismreview.org\/es\/articles\/robo-y-ataque-incendiario-dejan-radio-fuera-del-aire-en-argentina\/#article","isPartOf":{"@id":"https:\/\/latamjournalismreview.org\/es\/articles\/robo-y-ataque-incendiario-dejan-radio-fuera-del-aire-en-argentina\/"},"author":{"name":"Monica Medel","@id":"https:\/\/latamjournalismreview.org\/es\/#\/schema\/person\/1746872e9af4abc45355e4a7a4ddcea5"},"headline":"Robo y ataque incendiario dejan radio fuera del aire en Argentina","datePublished":"2010-08-25T13:12:02+00:00","dateModified":"2022-08-16T13:14:02+00:00","mainEntityOfPage":{"@id":"https:\/\/latamjournalismreview.org\/es\/articles\/robo-y-ataque-incendiario-dejan-radio-fuera-del-aire-en-argentina\/"},"wordCount":250,"publisher":{"@id":"https:\/\/latamjournalismreview.org\/es\/#organization"},"keywords":["Argentina","Radio y TV"],"articleSection":["Violencia contra periodistas"],"inLanguage":"es"},{"@type":"WebPage","@id":"https:\/\/latamjournalismreview.org\/es\/articles\/robo-y-ataque-incendiario-dejan-radio-fuera-del-aire-en-argentina\/","url":"https:\/\/latamjournalismreview.org\/es\/articles\/robo-y-ataque-incendiario-dejan-radio-fuera-del-aire-en-argentina\/","name":"Robo y ataque incendiario dejan radio fuera del aire en Argentina - LatAm Journalism Review","isPartOf":{"@id":"https:\/\/latamjournalismreview.org\/es\/#website"},"datePublished":"2010-08-25T13:12:02+00:00","dateModified":"2022-08-16T13:14:02+00:00","description":"Robo y ataque incendiario dejan radio fuera del aire en Argentina Violencia contra periodistas. Latin American Journalism Review by The Knight Center at The University of Texas at Austin.","breadcrumb":{"@id":"https:\/\/latamjournalismreview.org\/es\/articles\/robo-y-ataque-incendiario-dejan-radio-fuera-del-aire-en-argentina\/#breadcrumb"},"inLanguage":"es","potentialAction":[{"@type":"ReadAction","target":["https:\/\/latamjournalismreview.org\/es\/articles\/robo-y-ataque-incendiario-dejan-radio-fuera-del-aire-en-argentina\/"]}]},{"@type":"BreadcrumbList","@id":"https:\/\/latamjournalismreview.org\/es\/articles\/robo-y-ataque-incendiario-dejan-radio-fuera-del-aire-en-argentina\/#breadcrumb","itemListElement":[{"@type":"ListItem","position":1,"name":"Home","item":"https:\/\/latamjournalismreview.org\/es\/"},{"@type":"ListItem","position":2,"name":"Robo y ataque incendiario dejan radio fuera del aire en Argentina"}]},{"@type":"WebSite","@id":"https:\/\/latamjournalismreview.org\/es\/#website","url":"https:\/\/latamjournalismreview.org\/es\/","name":"LatAm Journalism Review","description":"Knight Center at The University of Texas","publisher":{"@id":"https:\/\/latamjournalismreview.org\/es\/#organization"},"potentialAction":[{"@type":"SearchAction","target":{"@type":"EntryPoint","urlTemplate":"https:\/\/latamjournalismreview.org\/es\/?s={search_term_string}"},"query-input":{"@type":"PropertyValueSpecification","valueRequired":true,"valueName":"search_term_string"}}],"inLanguage":"es"},{"@type":"Organization","@id":"https:\/\/latamjournalismreview.org\/es\/#organization","name":"LatAm Journalism Review","url":"https:\/\/latamjournalismreview.org\/es\/","logo":{"@type":"ImageObject","inLanguage":"es","@id":"https:\/\/latamjournalismreview.org\/es\/#\/schema\/logo\/image\/","url":"https:\/\/latamjournalismreview.org\/wp-content\/uploads\/2020\/05\/knight-latAm-review-logo.svg","contentUrl":"https:\/\/latamjournalismreview.org\/wp-content\/uploads\/2020\/05\/knight-latAm-review-logo.svg","width":"1024","height":"1024","caption":"LatAm Journalism Review"},"image":{"@id":"https:\/\/latamjournalismreview.org\/es\/#\/schema\/logo\/image\/"},"sameAs":["https:\/\/x.com\/LatAmJournalism"]},{"@type":"Person","@id":"https:\/\/latamjournalismreview.org\/es\/#\/schema\/person\/1746872e9af4abc45355e4a7a4ddcea5","name":"Monica Medel","url":"https:\/\/latamjournalismreview.org\/es\/articles\/author\/monica-medel\/"}]}},"_links":{"self":[{"href":"https:\/\/latamjournalismreview.org\/es\/wp-json\/wp\/v2\/posts\/64685","targetHints":{"allow":["GET"]}}],"collection":[{"href":"https:\/\/latamjournalismreview.org\/es\/wp-json\/wp\/v2\/posts"}],"about":[{"href":"https:\/\/latamjournalismreview.org\/es\/wp-json\/wp\/v2\/types\/post"}],"author":[{"embeddable":true,"href":"https:\/\/latamjournalismreview.org\/es\/wp-json\/wp\/v2\/users\/43"}],"replies":[{"embeddable":true,"href":"https:\/\/latamjournalismreview.org\/es\/wp-json\/wp\/v2\/comments?post=64685"}],"version-history":[{"count":1,"href":"https:\/\/latamjournalismreview.org\/es\/wp-json\/wp\/v2\/posts\/64685\/revisions"}],"predecessor-version":[{"id":64689,"href":"https:\/\/latamjournalismreview.org\/es\/wp-json\/wp\/v2\/posts\/64685\/revisions\/64689"}],"wp:attachment":[{"href":"https:\/\/latamjournalismreview.org\/es\/wp-json\/wp\/v2\/media?parent=64685"}],"wp:term":[{"taxonomy":"category","embeddable":true,"href":"https:\/\/latamjournalismreview.org\/es\/wp-json\/wp\/v2\/categories?post=64685"},{"taxonomy":"post_tag","embeddable":true,"href":"https:\/\/latamjournalismreview.org\/es\/wp-json\/wp\/v2\/tags?post=64685"},{"taxonomy":"author","embeddable":true,"href":"https:\/\/latamjournalismreview.org\/es\/wp-json\/wp\/v2\/coauthors?post=64685"}],"curies":[{"name":"wp","href":"https:\/\/api.w.org\/{rel}","templated":true}]}}