{"id":65028,"date":"2010-07-06T15:59:48","date_gmt":"2010-07-06T20:59:48","guid":{"rendered":"https:\/\/latamjournalismreview.org\/?p=65028"},"modified":"2022-08-17T16:02:00","modified_gmt":"2022-08-17T21:02:00","slug":"mexico-crea-una-fiscalia-especial-para-delitos-contra-la-libertad-de-expresion","status":"publish","type":"post","link":"https:\/\/latamjournalismreview.org\/es\/articles\/mexico-crea-una-fiscalia-especial-para-delitos-contra-la-libertad-de-expresion\/","title":{"rendered":"M\u00e9xico crea una fiscal\u00eda especial para delitos contra la libertad de expresi\u00f3n"},"content":{"rendered":"<p><em>Por Ingrid Bachmann<\/em><\/p>\n<p>La\u00a0<a href=\"http:\/\/www.pgr.gob.mx\/\">Procuradur\u00eda General de la Rep\u00fablica<\/a>\u00a0(PGR) de M\u00e9xico decidi\u00f3 reestructurar la Fiscal\u00eda Especial para la Atenci\u00f3n de Delitos contra Periodistas, que ahora se concentrar\u00e1 exclusivamente en los delitos cometidos contra comunicadores atacados por ejercer su profesi\u00f3n, reportaron\u00a0<a href=\"http:\/\/www.eluniversal.com.mx\/notas\/693312.html\">El Universal<\/a>\u00a0y\u00a0<a href=\"http:\/\/www.google.com\/hostednews\/epa\/article\/ALeqM5g4llQUzYCZ_-lQDWlNeZnFIuDfXA\">EFE<\/a>.<\/p>\n<p>La nueva\u00a0<a href=\"http:\/\/www.google.com\/hostednews\/epa\/article\/ALeqM5g4llQUzYCZ_-lQDWlNeZnFIuDfXA\">Fiscal\u00eda Especial para la Atenci\u00f3n de Delitos cometidos contra la Libertad de Expresi\u00f3n<\/a>\u00a0deber\u00e1 dirigir, coordinar y supervisar las investigaciones y, en su caso, la persecuci\u00f3n de los delitos cometidos contra quienes ejerzan la actividad period\u00edstica, a\u00f1ade\u00a0<a href=\"http:\/\/www.jornada.unam.mx\/2010\/07\/06\/index.php?section=politica&amp;article=020n3pol\">La Jornada<\/a>. A diferencia de su predecesora, la nueva unidad podr\u00e1 atraer investigaciones abiertas por procuradur\u00edas estatales.<\/p>\n<p>M\u00e9xico es uno de los pa\u00edses\u00a0<a href=\"http:\/\/www.google.com\/hostednews\/epa\/article\/ALeqM5g72zloL2zDz4iv02k8BmhdGT0I4A\">m\u00e1s peligrosos<\/a>\u00a0para el ejercicio del periodismo y el 89 por ciento de los asesinatos de periodistas\u00a0<a href=\"http:\/\/mexico.cnn.com\/nacional\/2010\/02\/16\/autoridades-mexicanas-dejan-impune-89-de-los-asesinatos-de-periodistas\">quedan impunes<\/a>. En tres a\u00f1os y medio, la fiscal\u00eda a cargo de estos delitos present\u00f3 acciones penales en\u00a0<a href=\"http:\/\/knightcenter.utexas.edu\/archive\/blog\/?q=es\/node\/3010\">menos del 5% de los casos investigados<\/a>. La ONG\u00a0<a href=\"http:\/\/www.articulo19.org\/articulo\/node\/96\">Art\u00edculo 19<\/a>\u00a0plante\u00f3 que la creaci\u00f3n de la nueva unidad es insuficiente, ya que sigue la misma regulaci\u00f3n general que obstaculiz\u00f3 la atenci\u00f3n efectiva de los casos investigados por su predecesora.<\/p>\n<p><em>Nota del editor: Esta historia fue publicada originalmente en el blog Periodismo en las Am\u00e9ricas del Centro Knight, el predecesor de LatAm Journalism Review.<\/em><\/p>\n","protected":false},"excerpt":{"rendered":"<p>La\u00a0Procuradur\u00eda General de la Rep\u00fablica\u00a0(PGR) de M\u00e9xico decidi\u00f3 reestructurar la Fiscal\u00eda Especial para la Atenci\u00f3n de Delitos contra Periodistas, que ahora se concentrar\u00e1 exclusivamente en los delitos cometidos contra comunicadores atacados por ejercer su profesi\u00f3n, reportaron\u00a0El Universal\u00a0y\u00a0EFE.<\/p>\n","protected":false},"author":17,"featured_media":0,"comment_status":"closed","ping_status":"closed","sticky":false,"template":"","format":"standard","meta":{"inline_featured_image":false,"footnotes":""},"categories":[1222],"tags":[1393],"coauthors":[],"class_list":["post-65028","post","type-post","status-publish","format-standard","hentry","category-violencia-contra-periodistas-es","tag-mexico-es"],"acf":[],"yoast_head":"<!-- This site is optimized with the Yoast SEO Premium plugin v22.6 (Yoast SEO v27.4) - https:\/\/yoast.com\/product\/yoast-seo-premium-wordpress\/ -->\n<title>M\u00e9xico crea una fiscal\u00eda especial para delitos contra la libertad de expresi\u00f3n - LatAm Journalism Review<\/title>\n<meta name=\"description\" content=\"M\u00e9xico crea una fiscal\u00eda especial para delitos contra la libertad de expresi\u00f3n Violencia contra periodistas. Latin American Journalism Review by The Knight Center at The University of Texas at Austin.\" \/>\n<meta name=\"robots\" content=\"index, follow, max-snippet:-1, max-image-preview:large, max-video-preview:-1\" \/>\n<link rel=\"canonical\" href=\"https:\/\/latamjournalismreview.org\/es\/articles\/mexico-crea-una-fiscalia-especial-para-delitos-contra-la-libertad-de-expresion\/\" \/>\n<meta property=\"og:locale\" content=\"es_ES\" \/>\n<meta property=\"og:type\" content=\"article\" \/>\n<meta property=\"og:title\" content=\"M\u00e9xico crea una fiscal\u00eda especial para delitos contra la libertad de expresi\u00f3n\" \/>\n<meta property=\"og:description\" content=\"M\u00e9xico crea una fiscal\u00eda especial para delitos contra la libertad de expresi\u00f3n Violencia contra periodistas. Latin American Journalism Review by The Knight Center at The University of Texas at Austin.\" \/>\n<meta property=\"og:url\" content=\"https:\/\/latamjournalismreview.org\/es\/articles\/mexico-crea-una-fiscalia-especial-para-delitos-contra-la-libertad-de-expresion\/\" \/>\n<meta property=\"og:site_name\" content=\"LatAm Journalism Review\" \/>\n<meta property=\"article:published_time\" content=\"2010-07-06T20:59:48+00:00\" \/>\n<meta property=\"article:modified_time\" content=\"2022-08-17T21:02:00+00:00\" \/>\n<meta name=\"author\" content=\"Guest\" \/>\n<meta name=\"twitter:card\" content=\"summary_large_image\" \/>\n<meta name=\"twitter:creator\" content=\"@LatAmJournalism\" \/>\n<meta name=\"twitter:site\" content=\"@LatAmJournalism\" \/>\n<meta name=\"twitter:label1\" content=\"Written by\" \/>\n\t<meta name=\"twitter:data1\" content=\"Guest\" \/>\n\t<meta name=\"twitter:label2\" content=\"Est. reading time\" \/>\n\t<meta name=\"twitter:data2\" content=\"1 minuto\" \/>\n<script type=\"application\/ld+json\" class=\"yoast-schema-graph\">{\"@context\":\"https:\\\/\\\/schema.org\",\"@graph\":[{\"@type\":\"Article\",\"@id\":\"https:\\\/\\\/latamjournalismreview.org\\\/es\\\/articles\\\/mexico-crea-una-fiscalia-especial-para-delitos-contra-la-libertad-de-expresion\\\/#article\",\"isPartOf\":{\"@id\":\"https:\\\/\\\/latamjournalismreview.org\\\/es\\\/articles\\\/mexico-crea-una-fiscalia-especial-para-delitos-contra-la-libertad-de-expresion\\\/\"},\"author\":{\"name\":\"Guest\",\"@id\":\"https:\\\/\\\/latamjournalismreview.org\\\/es\\\/#\\\/schema\\\/person\\\/0315202e0b3c0963a2440f1c3012c360\"},\"headline\":\"M\u00e9xico crea una fiscal\u00eda especial para delitos contra la libertad de expresi\u00f3n\",\"datePublished\":\"2010-07-06T20:59:48+00:00\",\"dateModified\":\"2022-08-17T21:02:00+00:00\",\"mainEntityOfPage\":{\"@id\":\"https:\\\/\\\/latamjournalismreview.org\\\/es\\\/articles\\\/mexico-crea-una-fiscalia-especial-para-delitos-contra-la-libertad-de-expresion\\\/\"},\"wordCount\":241,\"publisher\":{\"@id\":\"https:\\\/\\\/latamjournalismreview.org\\\/es\\\/#organization\"},\"keywords\":[\"M\u00e9xico\"],\"articleSection\":[\"Violencia contra periodistas\"],\"inLanguage\":\"es\"},{\"@type\":\"WebPage\",\"@id\":\"https:\\\/\\\/latamjournalismreview.org\\\/es\\\/articles\\\/mexico-crea-una-fiscalia-especial-para-delitos-contra-la-libertad-de-expresion\\\/\",\"url\":\"https:\\\/\\\/latamjournalismreview.org\\\/es\\\/articles\\\/mexico-crea-una-fiscalia-especial-para-delitos-contra-la-libertad-de-expresion\\\/\",\"name\":\"M\u00e9xico crea una fiscal\u00eda especial para delitos contra la libertad de expresi\u00f3n - LatAm Journalism Review\",\"isPartOf\":{\"@id\":\"https:\\\/\\\/latamjournalismreview.org\\\/es\\\/#website\"},\"datePublished\":\"2010-07-06T20:59:48+00:00\",\"dateModified\":\"2022-08-17T21:02:00+00:00\",\"description\":\"M\u00e9xico crea una fiscal\u00eda especial para delitos contra la libertad de expresi\u00f3n Violencia contra periodistas. Latin American Journalism Review by The Knight Center at The University of Texas at Austin.\",\"breadcrumb\":{\"@id\":\"https:\\\/\\\/latamjournalismreview.org\\\/es\\\/articles\\\/mexico-crea-una-fiscalia-especial-para-delitos-contra-la-libertad-de-expresion\\\/#breadcrumb\"},\"inLanguage\":\"es\",\"potentialAction\":[{\"@type\":\"ReadAction\",\"target\":[\"https:\\\/\\\/latamjournalismreview.org\\\/es\\\/articles\\\/mexico-crea-una-fiscalia-especial-para-delitos-contra-la-libertad-de-expresion\\\/\"]}]},{\"@type\":\"BreadcrumbList\",\"@id\":\"https:\\\/\\\/latamjournalismreview.org\\\/es\\\/articles\\\/mexico-crea-una-fiscalia-especial-para-delitos-contra-la-libertad-de-expresion\\\/#breadcrumb\",\"itemListElement\":[{\"@type\":\"ListItem\",\"position\":1,\"name\":\"Home\",\"item\":\"https:\\\/\\\/latamjournalismreview.org\\\/es\\\/\"},{\"@type\":\"ListItem\",\"position\":2,\"name\":\"M\u00e9xico crea una fiscal\u00eda especial para delitos contra la libertad de expresi\u00f3n\"}]},{\"@type\":\"WebSite\",\"@id\":\"https:\\\/\\\/latamjournalismreview.org\\\/es\\\/#website\",\"url\":\"https:\\\/\\\/latamjournalismreview.org\\\/es\\\/\",\"name\":\"LatAm Journalism Review\",\"description\":\"Knight Center at The University of Texas\",\"publisher\":{\"@id\":\"https:\\\/\\\/latamjournalismreview.org\\\/es\\\/#organization\"},\"potentialAction\":[{\"@type\":\"SearchAction\",\"target\":{\"@type\":\"EntryPoint\",\"urlTemplate\":\"https:\\\/\\\/latamjournalismreview.org\\\/es\\\/?s={search_term_string}\"},\"query-input\":{\"@type\":\"PropertyValueSpecification\",\"valueRequired\":true,\"valueName\":\"search_term_string\"}}],\"inLanguage\":\"es\"},{\"@type\":\"Organization\",\"@id\":\"https:\\\/\\\/latamjournalismreview.org\\\/es\\\/#organization\",\"name\":\"LatAm Journalism Review\",\"url\":\"https:\\\/\\\/latamjournalismreview.org\\\/es\\\/\",\"logo\":{\"@type\":\"ImageObject\",\"inLanguage\":\"es\",\"@id\":\"https:\\\/\\\/latamjournalismreview.org\\\/es\\\/#\\\/schema\\\/logo\\\/image\\\/\",\"url\":\"https:\\\/\\\/latamjournalismreview.org\\\/wp-content\\\/uploads\\\/2020\\\/05\\\/knight-latAm-review-logo.svg\",\"contentUrl\":\"https:\\\/\\\/latamjournalismreview.org\\\/wp-content\\\/uploads\\\/2020\\\/05\\\/knight-latAm-review-logo.svg\",\"width\":\"1024\",\"height\":\"1024\",\"caption\":\"LatAm Journalism Review\"},\"image\":{\"@id\":\"https:\\\/\\\/latamjournalismreview.org\\\/es\\\/#\\\/schema\\\/logo\\\/image\\\/\"},\"sameAs\":[\"https:\\\/\\\/x.com\\\/LatAmJournalism\"]},{\"@type\":\"Person\",\"@id\":\"https:\\\/\\\/latamjournalismreview.org\\\/es\\\/#\\\/schema\\\/person\\\/0315202e0b3c0963a2440f1c3012c360\",\"name\":\"Guest\",\"url\":\"https:\\\/\\\/latamjournalismreview.org\\\/es\\\/articles\\\/author\\\/guest\\\/\"}]}<\/script>\n<!-- \/ Yoast SEO Premium plugin. -->","yoast_head_json":{"title":"M\u00e9xico crea una fiscal\u00eda especial para delitos contra la libertad de expresi\u00f3n - LatAm Journalism Review","description":"M\u00e9xico crea una fiscal\u00eda especial para delitos contra la libertad de expresi\u00f3n Violencia contra periodistas. Latin American Journalism Review by The Knight Center at The University of Texas at Austin.","robots":{"index":"index","follow":"follow","max-snippet":"max-snippet:-1","max-image-preview":"max-image-preview:large","max-video-preview":"max-video-preview:-1"},"canonical":"https:\/\/latamjournalismreview.org\/es\/articles\/mexico-crea-una-fiscalia-especial-para-delitos-contra-la-libertad-de-expresion\/","og_locale":"es_ES","og_type":"article","og_title":"M\u00e9xico crea una fiscal\u00eda especial para delitos contra la libertad de expresi\u00f3n","og_description":"M\u00e9xico crea una fiscal\u00eda especial para delitos contra la libertad de expresi\u00f3n Violencia contra periodistas. Latin American Journalism Review by The Knight Center at The University of Texas at Austin.","og_url":"https:\/\/latamjournalismreview.org\/es\/articles\/mexico-crea-una-fiscalia-especial-para-delitos-contra-la-libertad-de-expresion\/","og_site_name":"LatAm Journalism Review","article_published_time":"2010-07-06T20:59:48+00:00","article_modified_time":"2022-08-17T21:02:00+00:00","author":"Guest","twitter_card":"summary_large_image","twitter_creator":"@LatAmJournalism","twitter_site":"@LatAmJournalism","twitter_misc":{"Written by":"Guest","Est. reading time":"1 minuto"},"schema":{"@context":"https:\/\/schema.org","@graph":[{"@type":"Article","@id":"https:\/\/latamjournalismreview.org\/es\/articles\/mexico-crea-una-fiscalia-especial-para-delitos-contra-la-libertad-de-expresion\/#article","isPartOf":{"@id":"https:\/\/latamjournalismreview.org\/es\/articles\/mexico-crea-una-fiscalia-especial-para-delitos-contra-la-libertad-de-expresion\/"},"author":{"name":"Guest","@id":"https:\/\/latamjournalismreview.org\/es\/#\/schema\/person\/0315202e0b3c0963a2440f1c3012c360"},"headline":"M\u00e9xico crea una fiscal\u00eda especial para delitos contra la libertad de expresi\u00f3n","datePublished":"2010-07-06T20:59:48+00:00","dateModified":"2022-08-17T21:02:00+00:00","mainEntityOfPage":{"@id":"https:\/\/latamjournalismreview.org\/es\/articles\/mexico-crea-una-fiscalia-especial-para-delitos-contra-la-libertad-de-expresion\/"},"wordCount":241,"publisher":{"@id":"https:\/\/latamjournalismreview.org\/es\/#organization"},"keywords":["M\u00e9xico"],"articleSection":["Violencia contra periodistas"],"inLanguage":"es"},{"@type":"WebPage","@id":"https:\/\/latamjournalismreview.org\/es\/articles\/mexico-crea-una-fiscalia-especial-para-delitos-contra-la-libertad-de-expresion\/","url":"https:\/\/latamjournalismreview.org\/es\/articles\/mexico-crea-una-fiscalia-especial-para-delitos-contra-la-libertad-de-expresion\/","name":"M\u00e9xico crea una fiscal\u00eda especial para delitos contra la libertad de expresi\u00f3n - LatAm Journalism Review","isPartOf":{"@id":"https:\/\/latamjournalismreview.org\/es\/#website"},"datePublished":"2010-07-06T20:59:48+00:00","dateModified":"2022-08-17T21:02:00+00:00","description":"M\u00e9xico crea una fiscal\u00eda especial para delitos contra la libertad de expresi\u00f3n Violencia contra periodistas. Latin American Journalism Review by The Knight Center at The University of Texas at Austin.","breadcrumb":{"@id":"https:\/\/latamjournalismreview.org\/es\/articles\/mexico-crea-una-fiscalia-especial-para-delitos-contra-la-libertad-de-expresion\/#breadcrumb"},"inLanguage":"es","potentialAction":[{"@type":"ReadAction","target":["https:\/\/latamjournalismreview.org\/es\/articles\/mexico-crea-una-fiscalia-especial-para-delitos-contra-la-libertad-de-expresion\/"]}]},{"@type":"BreadcrumbList","@id":"https:\/\/latamjournalismreview.org\/es\/articles\/mexico-crea-una-fiscalia-especial-para-delitos-contra-la-libertad-de-expresion\/#breadcrumb","itemListElement":[{"@type":"ListItem","position":1,"name":"Home","item":"https:\/\/latamjournalismreview.org\/es\/"},{"@type":"ListItem","position":2,"name":"M\u00e9xico crea una fiscal\u00eda especial para delitos contra la libertad de expresi\u00f3n"}]},{"@type":"WebSite","@id":"https:\/\/latamjournalismreview.org\/es\/#website","url":"https:\/\/latamjournalismreview.org\/es\/","name":"LatAm Journalism Review","description":"Knight Center at The University of Texas","publisher":{"@id":"https:\/\/latamjournalismreview.org\/es\/#organization"},"potentialAction":[{"@type":"SearchAction","target":{"@type":"EntryPoint","urlTemplate":"https:\/\/latamjournalismreview.org\/es\/?s={search_term_string}"},"query-input":{"@type":"PropertyValueSpecification","valueRequired":true,"valueName":"search_term_string"}}],"inLanguage":"es"},{"@type":"Organization","@id":"https:\/\/latamjournalismreview.org\/es\/#organization","name":"LatAm Journalism Review","url":"https:\/\/latamjournalismreview.org\/es\/","logo":{"@type":"ImageObject","inLanguage":"es","@id":"https:\/\/latamjournalismreview.org\/es\/#\/schema\/logo\/image\/","url":"https:\/\/latamjournalismreview.org\/wp-content\/uploads\/2020\/05\/knight-latAm-review-logo.svg","contentUrl":"https:\/\/latamjournalismreview.org\/wp-content\/uploads\/2020\/05\/knight-latAm-review-logo.svg","width":"1024","height":"1024","caption":"LatAm Journalism Review"},"image":{"@id":"https:\/\/latamjournalismreview.org\/es\/#\/schema\/logo\/image\/"},"sameAs":["https:\/\/x.com\/LatAmJournalism"]},{"@type":"Person","@id":"https:\/\/latamjournalismreview.org\/es\/#\/schema\/person\/0315202e0b3c0963a2440f1c3012c360","name":"Guest","url":"https:\/\/latamjournalismreview.org\/es\/articles\/author\/guest\/"}]}},"_links":{"self":[{"href":"https:\/\/latamjournalismreview.org\/es\/wp-json\/wp\/v2\/posts\/65028","targetHints":{"allow":["GET"]}}],"collection":[{"href":"https:\/\/latamjournalismreview.org\/es\/wp-json\/wp\/v2\/posts"}],"about":[{"href":"https:\/\/latamjournalismreview.org\/es\/wp-json\/wp\/v2\/types\/post"}],"author":[{"embeddable":true,"href":"https:\/\/latamjournalismreview.org\/es\/wp-json\/wp\/v2\/users\/17"}],"replies":[{"embeddable":true,"href":"https:\/\/latamjournalismreview.org\/es\/wp-json\/wp\/v2\/comments?post=65028"}],"version-history":[{"count":1,"href":"https:\/\/latamjournalismreview.org\/es\/wp-json\/wp\/v2\/posts\/65028\/revisions"}],"predecessor-version":[{"id":65032,"href":"https:\/\/latamjournalismreview.org\/es\/wp-json\/wp\/v2\/posts\/65028\/revisions\/65032"}],"wp:attachment":[{"href":"https:\/\/latamjournalismreview.org\/es\/wp-json\/wp\/v2\/media?parent=65028"}],"wp:term":[{"taxonomy":"category","embeddable":true,"href":"https:\/\/latamjournalismreview.org\/es\/wp-json\/wp\/v2\/categories?post=65028"},{"taxonomy":"post_tag","embeddable":true,"href":"https:\/\/latamjournalismreview.org\/es\/wp-json\/wp\/v2\/tags?post=65028"},{"taxonomy":"author","embeddable":true,"href":"https:\/\/latamjournalismreview.org\/es\/wp-json\/wp\/v2\/coauthors?post=65028"}],"curies":[{"name":"wp","href":"https:\/\/api.w.org\/{rel}","templated":true}]}}