{"id":65044,"date":"2010-07-06T16:08:16","date_gmt":"2010-07-06T21:08:16","guid":{"rendered":"https:\/\/latamjournalismreview.org\/?p=65044"},"modified":"2022-08-17T16:10:57","modified_gmt":"2022-08-17T21:10:57","slug":"reportero-muere-asesinado-a-tiros-en-el-oeste-de-mexico","status":"publish","type":"post","link":"https:\/\/latamjournalismreview.org\/es\/articles\/reportero-muere-asesinado-a-tiros-en-el-oeste-de-mexico\/","title":{"rendered":"Reportero muere asesinado a tiros en el oeste de M\u00e9xico"},"content":{"rendered":"<p><em>Por Ingrid Bachmann<\/em><\/p>\n<p>Hugo Olivera Cartas fue asesinado la madrugada del martes de tres tiros. Su cuerpo fue encontraron dentro de su camioneta en un camino que conecta los municipios de\u00a0<a href=\"http:\/\/tinyurl.com\/2dy8mnn\">Tepalcatepec<\/a>\u00a0y\u00a0<a href=\"http:\/\/tinyurl.com\/29qlthk\">Aguililla<\/a>, en el estado de Michoac\u00e1n, report\u00f3 la agencia\u00a0<a href=\"http:\/\/quadratin.com.mx\/www1\/noticia.php?id=71892&amp;seccion=6\">Quadrat\u00edn<\/a>, donde el periodista era colaborador.<\/p>\n<p>Olivera tambi\u00e9n impulsaba una agencia de noticias policiales (con el nombre de ADN Noticias), era corresponsal de\u00a0<a href=\"http:\/\/www.vozdemichoacan.com.mx\/\">La Voz de Michoac\u00e1n<\/a>\u00a0y editaba el peri\u00f3dico\u00a0<a href=\"http:\/\/www.eldiademichoacan.com.mx\/\">El D\u00eda de Michoac\u00e1n<\/a>, a\u00f1ade\u00a0<a href=\"http:\/\/www.proceso.com.mx\/rv\/modHome\/detalleExclusiva\/81096\">Proceso<\/a>. Es el s\u00e9ptimo periodista asesinado en M\u00e9xico este a\u00f1o.<\/p>\n<p>Las autoridades no han detenido a ning\u00fan sospechoso ni han reportado un posible m\u00f3vil del crimen, explica la\u00a0<a href=\"http:\/\/www.elpasotimes.com\/spanish\/ci_15447971\">Associated Press<\/a>, pero\u00a0<a href=\"http:\/\/quadratin.com.mx\/www1\/noticia.php?id=71897\">Quadrat\u00edn a\u00f1ade en otra nota<\/a>\u00a0que la oficina de Olivera fue saqueada mientras los familiares recuperaban el cad\u00e1ver.<\/p>\n<p><em>Nota del editor: Esta historia fue publicada originalmente en el blog Periodismo en las Am\u00e9ricas del Centro Knight, el predecesor de LatAm Journalism Review.<\/em><\/p>\n","protected":false},"excerpt":{"rendered":"<p>Hugo Olivera Cartas fue asesinado la madrugada del martes de tres tiros. Su cuerpo fue encontraron dentro de su camioneta en un camino que conecta los municipios de\u00a0Tepalcatepec\u00a0y\u00a0Aguililla, en el estado de Michoac\u00e1n, report\u00f3 la agencia\u00a0Quadrat\u00edn, donde el periodista era colaborador.<\/p>\n","protected":false},"author":17,"featured_media":0,"comment_status":"closed","ping_status":"closed","sticky":false,"template":"","format":"standard","meta":{"inline_featured_image":false,"footnotes":""},"categories":[1222],"tags":[1479,1393],"coauthors":[],"class_list":["post-65044","post","type-post","status-publish","format-standard","hentry","category-violencia-contra-periodistas-es","tag-asesinato-de-periodistas-es","tag-mexico-es"],"acf":[],"yoast_head":"<!-- This site is optimized with the Yoast SEO Premium plugin v22.6 (Yoast SEO v27.4) - https:\/\/yoast.com\/product\/yoast-seo-premium-wordpress\/ -->\n<title>Reportero muere asesinado a tiros en el oeste de M\u00e9xico - LatAm Journalism Review<\/title>\n<meta name=\"description\" content=\"Reportero muere asesinado a tiros en el oeste de M\u00e9xico Violencia contra periodistas. Latin American Journalism Review by The Knight Center at The University of Texas at Austin.\" \/>\n<meta name=\"robots\" content=\"index, follow, max-snippet:-1, max-image-preview:large, max-video-preview:-1\" \/>\n<link rel=\"canonical\" href=\"https:\/\/latamjournalismreview.org\/es\/articles\/reportero-muere-asesinado-a-tiros-en-el-oeste-de-mexico\/\" \/>\n<meta property=\"og:locale\" content=\"es_ES\" \/>\n<meta property=\"og:type\" content=\"article\" \/>\n<meta property=\"og:title\" content=\"Reportero muere asesinado a tiros en el oeste de M\u00e9xico\" \/>\n<meta property=\"og:description\" content=\"Reportero muere asesinado a tiros en el oeste de M\u00e9xico Violencia contra periodistas. Latin American Journalism Review by The Knight Center at The University of Texas at Austin.\" \/>\n<meta property=\"og:url\" content=\"https:\/\/latamjournalismreview.org\/es\/articles\/reportero-muere-asesinado-a-tiros-en-el-oeste-de-mexico\/\" \/>\n<meta property=\"og:site_name\" content=\"LatAm Journalism Review\" \/>\n<meta property=\"article:published_time\" content=\"2010-07-06T21:08:16+00:00\" \/>\n<meta property=\"article:modified_time\" content=\"2022-08-17T21:10:57+00:00\" \/>\n<meta name=\"author\" content=\"Guest\" \/>\n<meta name=\"twitter:card\" content=\"summary_large_image\" \/>\n<meta name=\"twitter:creator\" content=\"@LatAmJournalism\" \/>\n<meta name=\"twitter:site\" content=\"@LatAmJournalism\" \/>\n<meta name=\"twitter:label1\" content=\"Written by\" \/>\n\t<meta name=\"twitter:data1\" content=\"Guest\" \/>\n\t<meta name=\"twitter:label2\" content=\"Est. reading time\" \/>\n\t<meta name=\"twitter:data2\" content=\"1 minuto\" \/>\n<script type=\"application\/ld+json\" class=\"yoast-schema-graph\">{\"@context\":\"https:\\\/\\\/schema.org\",\"@graph\":[{\"@type\":\"Article\",\"@id\":\"https:\\\/\\\/latamjournalismreview.org\\\/es\\\/articles\\\/reportero-muere-asesinado-a-tiros-en-el-oeste-de-mexico\\\/#article\",\"isPartOf\":{\"@id\":\"https:\\\/\\\/latamjournalismreview.org\\\/es\\\/articles\\\/reportero-muere-asesinado-a-tiros-en-el-oeste-de-mexico\\\/\"},\"author\":{\"name\":\"Guest\",\"@id\":\"https:\\\/\\\/latamjournalismreview.org\\\/es\\\/#\\\/schema\\\/person\\\/0315202e0b3c0963a2440f1c3012c360\"},\"headline\":\"Reportero muere asesinado a tiros en el oeste de M\u00e9xico\",\"datePublished\":\"2010-07-06T21:08:16+00:00\",\"dateModified\":\"2022-08-17T21:10:57+00:00\",\"mainEntityOfPage\":{\"@id\":\"https:\\\/\\\/latamjournalismreview.org\\\/es\\\/articles\\\/reportero-muere-asesinado-a-tiros-en-el-oeste-de-mexico\\\/\"},\"wordCount\":179,\"publisher\":{\"@id\":\"https:\\\/\\\/latamjournalismreview.org\\\/es\\\/#organization\"},\"keywords\":[\"Asesinato de periodista\",\"M\u00e9xico\"],\"articleSection\":[\"Violencia contra periodistas\"],\"inLanguage\":\"es\"},{\"@type\":\"WebPage\",\"@id\":\"https:\\\/\\\/latamjournalismreview.org\\\/es\\\/articles\\\/reportero-muere-asesinado-a-tiros-en-el-oeste-de-mexico\\\/\",\"url\":\"https:\\\/\\\/latamjournalismreview.org\\\/es\\\/articles\\\/reportero-muere-asesinado-a-tiros-en-el-oeste-de-mexico\\\/\",\"name\":\"Reportero muere asesinado a tiros en el oeste de M\u00e9xico - LatAm Journalism Review\",\"isPartOf\":{\"@id\":\"https:\\\/\\\/latamjournalismreview.org\\\/es\\\/#website\"},\"datePublished\":\"2010-07-06T21:08:16+00:00\",\"dateModified\":\"2022-08-17T21:10:57+00:00\",\"description\":\"Reportero muere asesinado a tiros en el oeste de M\u00e9xico Violencia contra periodistas. Latin American Journalism Review by The Knight Center at The University of Texas at Austin.\",\"breadcrumb\":{\"@id\":\"https:\\\/\\\/latamjournalismreview.org\\\/es\\\/articles\\\/reportero-muere-asesinado-a-tiros-en-el-oeste-de-mexico\\\/#breadcrumb\"},\"inLanguage\":\"es\",\"potentialAction\":[{\"@type\":\"ReadAction\",\"target\":[\"https:\\\/\\\/latamjournalismreview.org\\\/es\\\/articles\\\/reportero-muere-asesinado-a-tiros-en-el-oeste-de-mexico\\\/\"]}]},{\"@type\":\"BreadcrumbList\",\"@id\":\"https:\\\/\\\/latamjournalismreview.org\\\/es\\\/articles\\\/reportero-muere-asesinado-a-tiros-en-el-oeste-de-mexico\\\/#breadcrumb\",\"itemListElement\":[{\"@type\":\"ListItem\",\"position\":1,\"name\":\"Home\",\"item\":\"https:\\\/\\\/latamjournalismreview.org\\\/es\\\/\"},{\"@type\":\"ListItem\",\"position\":2,\"name\":\"Reportero muere asesinado a tiros en el oeste de M\u00e9xico\"}]},{\"@type\":\"WebSite\",\"@id\":\"https:\\\/\\\/latamjournalismreview.org\\\/es\\\/#website\",\"url\":\"https:\\\/\\\/latamjournalismreview.org\\\/es\\\/\",\"name\":\"LatAm Journalism Review\",\"description\":\"Knight Center at The University of Texas\",\"publisher\":{\"@id\":\"https:\\\/\\\/latamjournalismreview.org\\\/es\\\/#organization\"},\"potentialAction\":[{\"@type\":\"SearchAction\",\"target\":{\"@type\":\"EntryPoint\",\"urlTemplate\":\"https:\\\/\\\/latamjournalismreview.org\\\/es\\\/?s={search_term_string}\"},\"query-input\":{\"@type\":\"PropertyValueSpecification\",\"valueRequired\":true,\"valueName\":\"search_term_string\"}}],\"inLanguage\":\"es\"},{\"@type\":\"Organization\",\"@id\":\"https:\\\/\\\/latamjournalismreview.org\\\/es\\\/#organization\",\"name\":\"LatAm Journalism Review\",\"url\":\"https:\\\/\\\/latamjournalismreview.org\\\/es\\\/\",\"logo\":{\"@type\":\"ImageObject\",\"inLanguage\":\"es\",\"@id\":\"https:\\\/\\\/latamjournalismreview.org\\\/es\\\/#\\\/schema\\\/logo\\\/image\\\/\",\"url\":\"https:\\\/\\\/latamjournalismreview.org\\\/wp-content\\\/uploads\\\/2020\\\/05\\\/knight-latAm-review-logo.svg\",\"contentUrl\":\"https:\\\/\\\/latamjournalismreview.org\\\/wp-content\\\/uploads\\\/2020\\\/05\\\/knight-latAm-review-logo.svg\",\"width\":\"1024\",\"height\":\"1024\",\"caption\":\"LatAm Journalism Review\"},\"image\":{\"@id\":\"https:\\\/\\\/latamjournalismreview.org\\\/es\\\/#\\\/schema\\\/logo\\\/image\\\/\"},\"sameAs\":[\"https:\\\/\\\/x.com\\\/LatAmJournalism\"]},{\"@type\":\"Person\",\"@id\":\"https:\\\/\\\/latamjournalismreview.org\\\/es\\\/#\\\/schema\\\/person\\\/0315202e0b3c0963a2440f1c3012c360\",\"name\":\"Guest\",\"url\":\"https:\\\/\\\/latamjournalismreview.org\\\/es\\\/articles\\\/author\\\/guest\\\/\"}]}<\/script>\n<!-- \/ Yoast SEO Premium plugin. -->","yoast_head_json":{"title":"Reportero muere asesinado a tiros en el oeste de M\u00e9xico - LatAm Journalism Review","description":"Reportero muere asesinado a tiros en el oeste de M\u00e9xico Violencia contra periodistas. Latin American Journalism Review by The Knight Center at The University of Texas at Austin.","robots":{"index":"index","follow":"follow","max-snippet":"max-snippet:-1","max-image-preview":"max-image-preview:large","max-video-preview":"max-video-preview:-1"},"canonical":"https:\/\/latamjournalismreview.org\/es\/articles\/reportero-muere-asesinado-a-tiros-en-el-oeste-de-mexico\/","og_locale":"es_ES","og_type":"article","og_title":"Reportero muere asesinado a tiros en el oeste de M\u00e9xico","og_description":"Reportero muere asesinado a tiros en el oeste de M\u00e9xico Violencia contra periodistas. Latin American Journalism Review by The Knight Center at The University of Texas at Austin.","og_url":"https:\/\/latamjournalismreview.org\/es\/articles\/reportero-muere-asesinado-a-tiros-en-el-oeste-de-mexico\/","og_site_name":"LatAm Journalism Review","article_published_time":"2010-07-06T21:08:16+00:00","article_modified_time":"2022-08-17T21:10:57+00:00","author":"Guest","twitter_card":"summary_large_image","twitter_creator":"@LatAmJournalism","twitter_site":"@LatAmJournalism","twitter_misc":{"Written by":"Guest","Est. reading time":"1 minuto"},"schema":{"@context":"https:\/\/schema.org","@graph":[{"@type":"Article","@id":"https:\/\/latamjournalismreview.org\/es\/articles\/reportero-muere-asesinado-a-tiros-en-el-oeste-de-mexico\/#article","isPartOf":{"@id":"https:\/\/latamjournalismreview.org\/es\/articles\/reportero-muere-asesinado-a-tiros-en-el-oeste-de-mexico\/"},"author":{"name":"Guest","@id":"https:\/\/latamjournalismreview.org\/es\/#\/schema\/person\/0315202e0b3c0963a2440f1c3012c360"},"headline":"Reportero muere asesinado a tiros en el oeste de M\u00e9xico","datePublished":"2010-07-06T21:08:16+00:00","dateModified":"2022-08-17T21:10:57+00:00","mainEntityOfPage":{"@id":"https:\/\/latamjournalismreview.org\/es\/articles\/reportero-muere-asesinado-a-tiros-en-el-oeste-de-mexico\/"},"wordCount":179,"publisher":{"@id":"https:\/\/latamjournalismreview.org\/es\/#organization"},"keywords":["Asesinato de periodista","M\u00e9xico"],"articleSection":["Violencia contra periodistas"],"inLanguage":"es"},{"@type":"WebPage","@id":"https:\/\/latamjournalismreview.org\/es\/articles\/reportero-muere-asesinado-a-tiros-en-el-oeste-de-mexico\/","url":"https:\/\/latamjournalismreview.org\/es\/articles\/reportero-muere-asesinado-a-tiros-en-el-oeste-de-mexico\/","name":"Reportero muere asesinado a tiros en el oeste de M\u00e9xico - LatAm Journalism Review","isPartOf":{"@id":"https:\/\/latamjournalismreview.org\/es\/#website"},"datePublished":"2010-07-06T21:08:16+00:00","dateModified":"2022-08-17T21:10:57+00:00","description":"Reportero muere asesinado a tiros en el oeste de M\u00e9xico Violencia contra periodistas. Latin American Journalism Review by The Knight Center at The University of Texas at Austin.","breadcrumb":{"@id":"https:\/\/latamjournalismreview.org\/es\/articles\/reportero-muere-asesinado-a-tiros-en-el-oeste-de-mexico\/#breadcrumb"},"inLanguage":"es","potentialAction":[{"@type":"ReadAction","target":["https:\/\/latamjournalismreview.org\/es\/articles\/reportero-muere-asesinado-a-tiros-en-el-oeste-de-mexico\/"]}]},{"@type":"BreadcrumbList","@id":"https:\/\/latamjournalismreview.org\/es\/articles\/reportero-muere-asesinado-a-tiros-en-el-oeste-de-mexico\/#breadcrumb","itemListElement":[{"@type":"ListItem","position":1,"name":"Home","item":"https:\/\/latamjournalismreview.org\/es\/"},{"@type":"ListItem","position":2,"name":"Reportero muere asesinado a tiros en el oeste de M\u00e9xico"}]},{"@type":"WebSite","@id":"https:\/\/latamjournalismreview.org\/es\/#website","url":"https:\/\/latamjournalismreview.org\/es\/","name":"LatAm Journalism Review","description":"Knight Center at The University of Texas","publisher":{"@id":"https:\/\/latamjournalismreview.org\/es\/#organization"},"potentialAction":[{"@type":"SearchAction","target":{"@type":"EntryPoint","urlTemplate":"https:\/\/latamjournalismreview.org\/es\/?s={search_term_string}"},"query-input":{"@type":"PropertyValueSpecification","valueRequired":true,"valueName":"search_term_string"}}],"inLanguage":"es"},{"@type":"Organization","@id":"https:\/\/latamjournalismreview.org\/es\/#organization","name":"LatAm Journalism Review","url":"https:\/\/latamjournalismreview.org\/es\/","logo":{"@type":"ImageObject","inLanguage":"es","@id":"https:\/\/latamjournalismreview.org\/es\/#\/schema\/logo\/image\/","url":"https:\/\/latamjournalismreview.org\/wp-content\/uploads\/2020\/05\/knight-latAm-review-logo.svg","contentUrl":"https:\/\/latamjournalismreview.org\/wp-content\/uploads\/2020\/05\/knight-latAm-review-logo.svg","width":"1024","height":"1024","caption":"LatAm Journalism Review"},"image":{"@id":"https:\/\/latamjournalismreview.org\/es\/#\/schema\/logo\/image\/"},"sameAs":["https:\/\/x.com\/LatAmJournalism"]},{"@type":"Person","@id":"https:\/\/latamjournalismreview.org\/es\/#\/schema\/person\/0315202e0b3c0963a2440f1c3012c360","name":"Guest","url":"https:\/\/latamjournalismreview.org\/es\/articles\/author\/guest\/"}]}},"_links":{"self":[{"href":"https:\/\/latamjournalismreview.org\/es\/wp-json\/wp\/v2\/posts\/65044","targetHints":{"allow":["GET"]}}],"collection":[{"href":"https:\/\/latamjournalismreview.org\/es\/wp-json\/wp\/v2\/posts"}],"about":[{"href":"https:\/\/latamjournalismreview.org\/es\/wp-json\/wp\/v2\/types\/post"}],"author":[{"embeddable":true,"href":"https:\/\/latamjournalismreview.org\/es\/wp-json\/wp\/v2\/users\/17"}],"replies":[{"embeddable":true,"href":"https:\/\/latamjournalismreview.org\/es\/wp-json\/wp\/v2\/comments?post=65044"}],"version-history":[{"count":1,"href":"https:\/\/latamjournalismreview.org\/es\/wp-json\/wp\/v2\/posts\/65044\/revisions"}],"predecessor-version":[{"id":65049,"href":"https:\/\/latamjournalismreview.org\/es\/wp-json\/wp\/v2\/posts\/65044\/revisions\/65049"}],"wp:attachment":[{"href":"https:\/\/latamjournalismreview.org\/es\/wp-json\/wp\/v2\/media?parent=65044"}],"wp:term":[{"taxonomy":"category","embeddable":true,"href":"https:\/\/latamjournalismreview.org\/es\/wp-json\/wp\/v2\/categories?post=65044"},{"taxonomy":"post_tag","embeddable":true,"href":"https:\/\/latamjournalismreview.org\/es\/wp-json\/wp\/v2\/tags?post=65044"},{"taxonomy":"author","embeddable":true,"href":"https:\/\/latamjournalismreview.org\/es\/wp-json\/wp\/v2\/coauthors?post=65044"}],"curies":[{"name":"wp","href":"https:\/\/api.w.org\/{rel}","templated":true}]}}