{"id":65179,"date":"2010-07-09T16:58:41","date_gmt":"2010-07-09T21:58:41","guid":{"rendered":"https:\/\/latamjournalismreview.org\/?p=65179"},"modified":"2022-08-18T16:59:56","modified_gmt":"2022-08-18T21:59:56","slug":"periodista-acusada-de-espionaje-es-deportada-a-rusia-y-podria-volver-a-peru","status":"publish","type":"post","link":"https:\/\/latamjournalismreview.org\/es\/articles\/periodista-acusada-de-espionaje-es-deportada-a-rusia-y-podria-volver-a-peru\/","title":{"rendered":"Periodista acusada de espionaje es deportada a Rusia y podr\u00eda volver a Per\u00fa"},"content":{"rendered":"<p><em>Por Ingrid Bachmann<\/em><\/p>\n<p>Vicky Pel\u00e1ez y su esposo ya est\u00e1n en Rusia tras ser expulsados de Estados Unidos juntos a otros ocho esp\u00edas, luego de que\u00a0<a href=\"http:\/\/peru21.pe\/noticia\/507618\/vicky-pelaez-se-declara-culpable-espionaje\">admitieran<\/a>\u00a0que eran\u00a0<a href=\"http:\/\/knightcenter.utexas.edu\/archive\/blog\/?q=es\/node\/7627\">agentes clandestinos rusos<\/a>, report\u00f3\u00a0<a href=\"http:\/\/www.rpp.com.pe\/2010-07-09-vicky-pelaez-llega-a-moscu-junto-a-otros-espias-rusos-noticia_278546.html\">RPP<\/a>.<\/p>\n<p>Seg\u00fan\u00a0<a href=\"http:\/\/www.elcomercio.com\/2010-07-09\/Noticias\/Mundo\/Relacionados\/Vicky-Pelaez_espia_Rusia_EEUU.aspx\">AFP<\/a>, la periodista de 55 a\u00f1os es la \u00fanica de la red de espionaje que no era rusa, pero la deportaci\u00f3n la oblig\u00f3 a dejar atr\u00e1s toda su vida en Estados Unidos, incluidos sus dos hijos.<\/p>\n<p>Sin embargo, Pel\u00e1ez no se quedar\u00eda en Mosc\u00fa, informa\u00a0<a href=\"http:\/\/peru21.pe\/noticia\/508000\/vicky-pelaez-no-descarta-volver-peru\">Per\u00fa 21<\/a>. La periodista no est\u00e1 convencida del acuerdo ofrecido por Rusia \u2014que incluye 2 mil d\u00f3lares al mes por el resto de su vida y alojamiento gratis\u2014 y podr\u00eda volver a Per\u00fa. El gobierno de ese pa\u00eds no puede ponerle trabas si entra a Per\u00fa con sus papeles en regla, a\u00f1ade\u00a0<a href=\"http:\/\/www.ansa.it\/ansalatina\/notizie\/notiziari\/peru\/20100709150635110909.html\">ANSA<\/a>.<\/p>\n<p><em>Nota del editor: Esta historia fue publicada originalmente en el blog Periodismo en las Am\u00e9ricas del Centro Knight, el predecesor de LatAm Journalism Review.<\/em><\/p>\n","protected":false},"excerpt":{"rendered":"<p>Vicky Pel\u00e1ez y su esposo ya est\u00e1n en Rusia tras ser expulsados de Estados Unidos juntos a otros ocho esp\u00edas, luego de que\u00a0admitieran\u00a0que eran\u00a0agentes clandestinos rusos, report\u00f3\u00a0RPP.<\/p>\n","protected":false},"author":17,"featured_media":0,"comment_status":"closed","ping_status":"closed","sticky":false,"template":"","format":"standard","meta":{"inline_featured_image":false,"footnotes":""},"categories":[2074],"tags":[1446,1505],"coauthors":[],"class_list":["post-65179","post","type-post","status-publish","format-standard","hentry","category-reportajes-especiales","tag-espionaje-es","tag-peru-es"],"acf":[],"yoast_head":"<!-- This site is optimized with the Yoast SEO Premium plugin v22.6 (Yoast SEO v27.4) - https:\/\/yoast.com\/product\/yoast-seo-premium-wordpress\/ -->\n<title>Periodista acusada de espionaje es deportada a Rusia y podr\u00eda volver a Per\u00fa - LatAm Journalism Review<\/title>\n<meta name=\"description\" content=\"Periodista acusada de espionaje es deportada a Rusia y podr\u00eda volver a Per\u00fa Reportajes especiales. Latin American Journalism Review by The Knight Center at The University of Texas at Austin.\" \/>\n<meta name=\"robots\" content=\"index, follow, max-snippet:-1, max-image-preview:large, max-video-preview:-1\" \/>\n<link rel=\"canonical\" href=\"https:\/\/latamjournalismreview.org\/es\/articles\/periodista-acusada-de-espionaje-es-deportada-a-rusia-y-podria-volver-a-peru\/\" \/>\n<meta property=\"og:locale\" content=\"es_ES\" \/>\n<meta property=\"og:type\" content=\"article\" \/>\n<meta property=\"og:title\" content=\"Periodista acusada de espionaje es deportada a Rusia y podr\u00eda volver a Per\u00fa\" \/>\n<meta property=\"og:description\" content=\"Periodista acusada de espionaje es deportada a Rusia y podr\u00eda volver a Per\u00fa Reportajes especiales. Latin American Journalism Review by The Knight Center at The University of Texas at Austin.\" \/>\n<meta property=\"og:url\" content=\"https:\/\/latamjournalismreview.org\/es\/articles\/periodista-acusada-de-espionaje-es-deportada-a-rusia-y-podria-volver-a-peru\/\" \/>\n<meta property=\"og:site_name\" content=\"LatAm Journalism Review\" \/>\n<meta property=\"article:published_time\" content=\"2010-07-09T21:58:41+00:00\" \/>\n<meta property=\"article:modified_time\" content=\"2022-08-18T21:59:56+00:00\" \/>\n<meta name=\"author\" content=\"Guest\" \/>\n<meta name=\"twitter:card\" content=\"summary_large_image\" \/>\n<meta name=\"twitter:creator\" content=\"@LatAmJournalism\" \/>\n<meta name=\"twitter:site\" content=\"@LatAmJournalism\" \/>\n<meta name=\"twitter:label1\" content=\"Written by\" \/>\n\t<meta name=\"twitter:data1\" content=\"Guest\" \/>\n\t<meta name=\"twitter:label2\" content=\"Est. reading time\" \/>\n\t<meta name=\"twitter:data2\" content=\"1 minuto\" \/>\n<script type=\"application\/ld+json\" class=\"yoast-schema-graph\">{\"@context\":\"https:\\\/\\\/schema.org\",\"@graph\":[{\"@type\":\"Article\",\"@id\":\"https:\\\/\\\/latamjournalismreview.org\\\/es\\\/articles\\\/periodista-acusada-de-espionaje-es-deportada-a-rusia-y-podria-volver-a-peru\\\/#article\",\"isPartOf\":{\"@id\":\"https:\\\/\\\/latamjournalismreview.org\\\/es\\\/articles\\\/periodista-acusada-de-espionaje-es-deportada-a-rusia-y-podria-volver-a-peru\\\/\"},\"author\":{\"name\":\"Guest\",\"@id\":\"https:\\\/\\\/latamjournalismreview.org\\\/es\\\/#\\\/schema\\\/person\\\/0315202e0b3c0963a2440f1c3012c360\"},\"headline\":\"Periodista acusada de espionaje es deportada a Rusia y podr\u00eda volver a Per\u00fa\",\"datePublished\":\"2010-07-09T21:58:41+00:00\",\"dateModified\":\"2022-08-18T21:59:56+00:00\",\"mainEntityOfPage\":{\"@id\":\"https:\\\/\\\/latamjournalismreview.org\\\/es\\\/articles\\\/periodista-acusada-de-espionaje-es-deportada-a-rusia-y-podria-volver-a-peru\\\/\"},\"wordCount\":182,\"publisher\":{\"@id\":\"https:\\\/\\\/latamjournalismreview.org\\\/es\\\/#organization\"},\"keywords\":[\"Espionaje\",\"Per\u00fa\"],\"articleSection\":[\"Reportajes especiales\"],\"inLanguage\":\"es\"},{\"@type\":\"WebPage\",\"@id\":\"https:\\\/\\\/latamjournalismreview.org\\\/es\\\/articles\\\/periodista-acusada-de-espionaje-es-deportada-a-rusia-y-podria-volver-a-peru\\\/\",\"url\":\"https:\\\/\\\/latamjournalismreview.org\\\/es\\\/articles\\\/periodista-acusada-de-espionaje-es-deportada-a-rusia-y-podria-volver-a-peru\\\/\",\"name\":\"Periodista acusada de espionaje es deportada a Rusia y podr\u00eda volver a Per\u00fa - LatAm Journalism Review\",\"isPartOf\":{\"@id\":\"https:\\\/\\\/latamjournalismreview.org\\\/es\\\/#website\"},\"datePublished\":\"2010-07-09T21:58:41+00:00\",\"dateModified\":\"2022-08-18T21:59:56+00:00\",\"description\":\"Periodista acusada de espionaje es deportada a Rusia y podr\u00eda volver a Per\u00fa Reportajes especiales. Latin American Journalism Review by The Knight Center at The University of Texas at Austin.\",\"breadcrumb\":{\"@id\":\"https:\\\/\\\/latamjournalismreview.org\\\/es\\\/articles\\\/periodista-acusada-de-espionaje-es-deportada-a-rusia-y-podria-volver-a-peru\\\/#breadcrumb\"},\"inLanguage\":\"es\",\"potentialAction\":[{\"@type\":\"ReadAction\",\"target\":[\"https:\\\/\\\/latamjournalismreview.org\\\/es\\\/articles\\\/periodista-acusada-de-espionaje-es-deportada-a-rusia-y-podria-volver-a-peru\\\/\"]}]},{\"@type\":\"BreadcrumbList\",\"@id\":\"https:\\\/\\\/latamjournalismreview.org\\\/es\\\/articles\\\/periodista-acusada-de-espionaje-es-deportada-a-rusia-y-podria-volver-a-peru\\\/#breadcrumb\",\"itemListElement\":[{\"@type\":\"ListItem\",\"position\":1,\"name\":\"Home\",\"item\":\"https:\\\/\\\/latamjournalismreview.org\\\/es\\\/\"},{\"@type\":\"ListItem\",\"position\":2,\"name\":\"Periodista acusada de espionaje es deportada a Rusia y podr\u00eda volver a Per\u00fa\"}]},{\"@type\":\"WebSite\",\"@id\":\"https:\\\/\\\/latamjournalismreview.org\\\/es\\\/#website\",\"url\":\"https:\\\/\\\/latamjournalismreview.org\\\/es\\\/\",\"name\":\"LatAm Journalism Review\",\"description\":\"Knight Center at The University of Texas\",\"publisher\":{\"@id\":\"https:\\\/\\\/latamjournalismreview.org\\\/es\\\/#organization\"},\"potentialAction\":[{\"@type\":\"SearchAction\",\"target\":{\"@type\":\"EntryPoint\",\"urlTemplate\":\"https:\\\/\\\/latamjournalismreview.org\\\/es\\\/?s={search_term_string}\"},\"query-input\":{\"@type\":\"PropertyValueSpecification\",\"valueRequired\":true,\"valueName\":\"search_term_string\"}}],\"inLanguage\":\"es\"},{\"@type\":\"Organization\",\"@id\":\"https:\\\/\\\/latamjournalismreview.org\\\/es\\\/#organization\",\"name\":\"LatAm Journalism Review\",\"url\":\"https:\\\/\\\/latamjournalismreview.org\\\/es\\\/\",\"logo\":{\"@type\":\"ImageObject\",\"inLanguage\":\"es\",\"@id\":\"https:\\\/\\\/latamjournalismreview.org\\\/es\\\/#\\\/schema\\\/logo\\\/image\\\/\",\"url\":\"https:\\\/\\\/latamjournalismreview.org\\\/wp-content\\\/uploads\\\/2020\\\/05\\\/knight-latAm-review-logo.svg\",\"contentUrl\":\"https:\\\/\\\/latamjournalismreview.org\\\/wp-content\\\/uploads\\\/2020\\\/05\\\/knight-latAm-review-logo.svg\",\"width\":\"1024\",\"height\":\"1024\",\"caption\":\"LatAm Journalism Review\"},\"image\":{\"@id\":\"https:\\\/\\\/latamjournalismreview.org\\\/es\\\/#\\\/schema\\\/logo\\\/image\\\/\"},\"sameAs\":[\"https:\\\/\\\/x.com\\\/LatAmJournalism\"]},{\"@type\":\"Person\",\"@id\":\"https:\\\/\\\/latamjournalismreview.org\\\/es\\\/#\\\/schema\\\/person\\\/0315202e0b3c0963a2440f1c3012c360\",\"name\":\"Guest\",\"url\":\"https:\\\/\\\/latamjournalismreview.org\\\/es\\\/articles\\\/author\\\/guest\\\/\"}]}<\/script>\n<!-- \/ Yoast SEO Premium plugin. -->","yoast_head_json":{"title":"Periodista acusada de espionaje es deportada a Rusia y podr\u00eda volver a Per\u00fa - LatAm Journalism Review","description":"Periodista acusada de espionaje es deportada a Rusia y podr\u00eda volver a Per\u00fa Reportajes especiales. Latin American Journalism Review by The Knight Center at The University of Texas at Austin.","robots":{"index":"index","follow":"follow","max-snippet":"max-snippet:-1","max-image-preview":"max-image-preview:large","max-video-preview":"max-video-preview:-1"},"canonical":"https:\/\/latamjournalismreview.org\/es\/articles\/periodista-acusada-de-espionaje-es-deportada-a-rusia-y-podria-volver-a-peru\/","og_locale":"es_ES","og_type":"article","og_title":"Periodista acusada de espionaje es deportada a Rusia y podr\u00eda volver a Per\u00fa","og_description":"Periodista acusada de espionaje es deportada a Rusia y podr\u00eda volver a Per\u00fa Reportajes especiales. Latin American Journalism Review by The Knight Center at The University of Texas at Austin.","og_url":"https:\/\/latamjournalismreview.org\/es\/articles\/periodista-acusada-de-espionaje-es-deportada-a-rusia-y-podria-volver-a-peru\/","og_site_name":"LatAm Journalism Review","article_published_time":"2010-07-09T21:58:41+00:00","article_modified_time":"2022-08-18T21:59:56+00:00","author":"Guest","twitter_card":"summary_large_image","twitter_creator":"@LatAmJournalism","twitter_site":"@LatAmJournalism","twitter_misc":{"Written by":"Guest","Est. reading time":"1 minuto"},"schema":{"@context":"https:\/\/schema.org","@graph":[{"@type":"Article","@id":"https:\/\/latamjournalismreview.org\/es\/articles\/periodista-acusada-de-espionaje-es-deportada-a-rusia-y-podria-volver-a-peru\/#article","isPartOf":{"@id":"https:\/\/latamjournalismreview.org\/es\/articles\/periodista-acusada-de-espionaje-es-deportada-a-rusia-y-podria-volver-a-peru\/"},"author":{"name":"Guest","@id":"https:\/\/latamjournalismreview.org\/es\/#\/schema\/person\/0315202e0b3c0963a2440f1c3012c360"},"headline":"Periodista acusada de espionaje es deportada a Rusia y podr\u00eda volver a Per\u00fa","datePublished":"2010-07-09T21:58:41+00:00","dateModified":"2022-08-18T21:59:56+00:00","mainEntityOfPage":{"@id":"https:\/\/latamjournalismreview.org\/es\/articles\/periodista-acusada-de-espionaje-es-deportada-a-rusia-y-podria-volver-a-peru\/"},"wordCount":182,"publisher":{"@id":"https:\/\/latamjournalismreview.org\/es\/#organization"},"keywords":["Espionaje","Per\u00fa"],"articleSection":["Reportajes especiales"],"inLanguage":"es"},{"@type":"WebPage","@id":"https:\/\/latamjournalismreview.org\/es\/articles\/periodista-acusada-de-espionaje-es-deportada-a-rusia-y-podria-volver-a-peru\/","url":"https:\/\/latamjournalismreview.org\/es\/articles\/periodista-acusada-de-espionaje-es-deportada-a-rusia-y-podria-volver-a-peru\/","name":"Periodista acusada de espionaje es deportada a Rusia y podr\u00eda volver a Per\u00fa - LatAm Journalism Review","isPartOf":{"@id":"https:\/\/latamjournalismreview.org\/es\/#website"},"datePublished":"2010-07-09T21:58:41+00:00","dateModified":"2022-08-18T21:59:56+00:00","description":"Periodista acusada de espionaje es deportada a Rusia y podr\u00eda volver a Per\u00fa Reportajes especiales. Latin American Journalism Review by The Knight Center at The University of Texas at Austin.","breadcrumb":{"@id":"https:\/\/latamjournalismreview.org\/es\/articles\/periodista-acusada-de-espionaje-es-deportada-a-rusia-y-podria-volver-a-peru\/#breadcrumb"},"inLanguage":"es","potentialAction":[{"@type":"ReadAction","target":["https:\/\/latamjournalismreview.org\/es\/articles\/periodista-acusada-de-espionaje-es-deportada-a-rusia-y-podria-volver-a-peru\/"]}]},{"@type":"BreadcrumbList","@id":"https:\/\/latamjournalismreview.org\/es\/articles\/periodista-acusada-de-espionaje-es-deportada-a-rusia-y-podria-volver-a-peru\/#breadcrumb","itemListElement":[{"@type":"ListItem","position":1,"name":"Home","item":"https:\/\/latamjournalismreview.org\/es\/"},{"@type":"ListItem","position":2,"name":"Periodista acusada de espionaje es deportada a Rusia y podr\u00eda volver a Per\u00fa"}]},{"@type":"WebSite","@id":"https:\/\/latamjournalismreview.org\/es\/#website","url":"https:\/\/latamjournalismreview.org\/es\/","name":"LatAm Journalism Review","description":"Knight Center at The University of Texas","publisher":{"@id":"https:\/\/latamjournalismreview.org\/es\/#organization"},"potentialAction":[{"@type":"SearchAction","target":{"@type":"EntryPoint","urlTemplate":"https:\/\/latamjournalismreview.org\/es\/?s={search_term_string}"},"query-input":{"@type":"PropertyValueSpecification","valueRequired":true,"valueName":"search_term_string"}}],"inLanguage":"es"},{"@type":"Organization","@id":"https:\/\/latamjournalismreview.org\/es\/#organization","name":"LatAm Journalism Review","url":"https:\/\/latamjournalismreview.org\/es\/","logo":{"@type":"ImageObject","inLanguage":"es","@id":"https:\/\/latamjournalismreview.org\/es\/#\/schema\/logo\/image\/","url":"https:\/\/latamjournalismreview.org\/wp-content\/uploads\/2020\/05\/knight-latAm-review-logo.svg","contentUrl":"https:\/\/latamjournalismreview.org\/wp-content\/uploads\/2020\/05\/knight-latAm-review-logo.svg","width":"1024","height":"1024","caption":"LatAm Journalism Review"},"image":{"@id":"https:\/\/latamjournalismreview.org\/es\/#\/schema\/logo\/image\/"},"sameAs":["https:\/\/x.com\/LatAmJournalism"]},{"@type":"Person","@id":"https:\/\/latamjournalismreview.org\/es\/#\/schema\/person\/0315202e0b3c0963a2440f1c3012c360","name":"Guest","url":"https:\/\/latamjournalismreview.org\/es\/articles\/author\/guest\/"}]}},"_links":{"self":[{"href":"https:\/\/latamjournalismreview.org\/es\/wp-json\/wp\/v2\/posts\/65179","targetHints":{"allow":["GET"]}}],"collection":[{"href":"https:\/\/latamjournalismreview.org\/es\/wp-json\/wp\/v2\/posts"}],"about":[{"href":"https:\/\/latamjournalismreview.org\/es\/wp-json\/wp\/v2\/types\/post"}],"author":[{"embeddable":true,"href":"https:\/\/latamjournalismreview.org\/es\/wp-json\/wp\/v2\/users\/17"}],"replies":[{"embeddable":true,"href":"https:\/\/latamjournalismreview.org\/es\/wp-json\/wp\/v2\/comments?post=65179"}],"version-history":[{"count":1,"href":"https:\/\/latamjournalismreview.org\/es\/wp-json\/wp\/v2\/posts\/65179\/revisions"}],"predecessor-version":[{"id":65182,"href":"https:\/\/latamjournalismreview.org\/es\/wp-json\/wp\/v2\/posts\/65179\/revisions\/65182"}],"wp:attachment":[{"href":"https:\/\/latamjournalismreview.org\/es\/wp-json\/wp\/v2\/media?parent=65179"}],"wp:term":[{"taxonomy":"category","embeddable":true,"href":"https:\/\/latamjournalismreview.org\/es\/wp-json\/wp\/v2\/categories?post=65179"},{"taxonomy":"post_tag","embeddable":true,"href":"https:\/\/latamjournalismreview.org\/es\/wp-json\/wp\/v2\/tags?post=65179"},{"taxonomy":"author","embeddable":true,"href":"https:\/\/latamjournalismreview.org\/es\/wp-json\/wp\/v2\/coauthors?post=65179"}],"curies":[{"name":"wp","href":"https:\/\/api.w.org\/{rel}","templated":true}]}}