{"id":65390,"date":"2010-07-20T13:02:25","date_gmt":"2010-07-20T18:02:25","guid":{"rendered":"https:\/\/latamjournalismreview.org\/?p=65390"},"modified":"2022-08-19T13:06:16","modified_gmt":"2022-08-19T18:06:16","slug":"camarografo-resulta-herido-mientras-cubria-ataque-con-coche-bomba-en-el-norte-de-mexico","status":"publish","type":"post","link":"https:\/\/latamjournalismreview.org\/es\/articles\/camarografo-resulta-herido-mientras-cubria-ataque-con-coche-bomba-en-el-norte-de-mexico\/","title":{"rendered":"Camar\u00f3grafo resulta herido mientras cubr\u00eda ataque con coche bomba en el norte de M\u00e9xico"},"content":{"rendered":"<p><em>Por Ingrid Bachmann<\/em><\/p>\n<p><a href=\"http:\/\/es.wikipedia.org\/wiki\/Ciudad_Ju%C3%A1rez\">Ciudad Ju\u00e1rez<\/a>\u00a0es considerada\u00a0<a href=\"http:\/\/knightcenter.utexas.edu\/archive\/blog\/?q=es\/node\/4425\">una de las ciudades m\u00e1s violentas del mundo<\/a>\u00a0y la semana pasada vivi\u00f3 un hecho in\u00e9dito en M\u00e9xico:\u00a0<a href=\"http:\/\/eleconomista.com.mx\/seguridad-publica\/2010\/07\/17\/claves-coche-bomba-ciudad-juarez\">el ataque a agentes federales con un coche bomba<\/a>. El camar\u00f3grafo Luis Hern\u00e1ndez N\u00fa\u00f1ez, de la cadena Telecinco, grab\u00f3 el momento de la explosi\u00f3n y result\u00f3 herido, report\u00f3\u00a0<a href=\"http:\/\/www.eluniversal.com.mx\/notas\/695991.html\">El Universal<\/a>.<\/p>\n<p>Hern\u00e1ndez sobrevivi\u00f3 al atentado, en el que murieron cuatro personas. Pese a las heridas, sigui\u00f3 grabando y registr\u00f3 lo que\u00a0<a href=\"http:\/\/impreso.milenio.com\/node\/8801966\">Milenio<\/a>\u00a0llama \u201c<a href=\"http:\/\/www.youtube.com\/watch?v=5CItXmyWbOg\">un documento period\u00edstico invaluable<\/a>\u201d (video en YouTube). La pol\u00edtica editorial de Telecinco ordenaba que el camar\u00f3grafo s\u00f3lo acudiera a lugares protegidos por la polic\u00eda, pero Hern\u00e1ndez se termin\u00f3 topando con la noticia.<\/p>\n<p>Seg\u00fan\u00a0<a href=\"http:\/\/www.veracruzanos.info\/2010\/07\/estable-camarografo-herido-en-atentado-en-juarez\">Veracruzanos.info<\/a>, el camar\u00f3grafo fue hospitalizado y posteriormente fue reportado como estable por el equipo m\u00e9dico del centro asistencial. En una entrevista a\u00a0<a href=\"http:\/\/ifex.org\/mexico\/2010\/07\/20\/hernandez_nunez_injured\/es\">CEPET\/IFEX<\/a>, Hern\u00e1ndez dijo que result\u00f3 con heridas en un pie, el est\u00f3mago y el pecho y que fue intervenido para retirarle los fragmentos que ten\u00eda alojados.<\/p>\n<p><em>Nota del editor: Esta historia fue publicada originalmente en el blog Periodismo en las Am\u00e9ricas del Centro Knight, el predecesor de LatAm Journalism Review.<\/em><\/p>\n","protected":false},"excerpt":{"rendered":"<p>Ciudad Ju\u00e1rez\u00a0es considerada\u00a0una de las ciudades m\u00e1s violentas del mundo\u00a0y la semana pasada vivi\u00f3 un hecho in\u00e9dito en M\u00e9xico:\u00a0el ataque a agentes federales con un coche bomba. El camar\u00f3grafo Luis Hern\u00e1ndez N\u00fa\u00f1ez, de la cadena Telecinco, grab\u00f3 el momento de la explosi\u00f3n y result\u00f3 herido, report\u00f3\u00a0El Universal.<\/p>\n","protected":false},"author":17,"featured_media":0,"comment_status":"closed","ping_status":"closed","sticky":false,"template":"","format":"standard","meta":{"inline_featured_image":false,"footnotes":""},"categories":[1222],"tags":[1393],"coauthors":[],"class_list":["post-65390","post","type-post","status-publish","format-standard","hentry","category-violencia-contra-periodistas-es","tag-mexico-es"],"acf":[],"yoast_head":"<!-- This site is optimized with the Yoast SEO Premium plugin v22.6 (Yoast SEO v27.4) - https:\/\/yoast.com\/product\/yoast-seo-premium-wordpress\/ -->\n<title>Camar\u00f3grafo resulta herido mientras cubr\u00eda ataque con coche bomba en el norte de M\u00e9xico - LatAm Journalism Review<\/title>\n<meta name=\"description\" content=\"Camar\u00f3grafo resulta herido mientras cubr\u00eda ataque con coche bomba en el norte de M\u00e9xico Violencia contra periodistas. Latin American Journalism Review by The Knight Center at The University of Texas at Austin.\" \/>\n<meta name=\"robots\" content=\"index, follow, max-snippet:-1, max-image-preview:large, max-video-preview:-1\" \/>\n<link rel=\"canonical\" href=\"https:\/\/latamjournalismreview.org\/es\/articles\/camarografo-resulta-herido-mientras-cubria-ataque-con-coche-bomba-en-el-norte-de-mexico\/\" \/>\n<meta property=\"og:locale\" content=\"es_ES\" \/>\n<meta property=\"og:type\" content=\"article\" \/>\n<meta property=\"og:title\" content=\"Camar\u00f3grafo resulta herido mientras cubr\u00eda ataque con coche bomba en el norte de M\u00e9xico\" \/>\n<meta property=\"og:description\" content=\"Camar\u00f3grafo resulta herido mientras cubr\u00eda ataque con coche bomba en el norte de M\u00e9xico Violencia contra periodistas. Latin American Journalism Review by The Knight Center at The University of Texas at Austin.\" \/>\n<meta property=\"og:url\" content=\"https:\/\/latamjournalismreview.org\/es\/articles\/camarografo-resulta-herido-mientras-cubria-ataque-con-coche-bomba-en-el-norte-de-mexico\/\" \/>\n<meta property=\"og:site_name\" content=\"LatAm Journalism Review\" \/>\n<meta property=\"article:published_time\" content=\"2010-07-20T18:02:25+00:00\" \/>\n<meta property=\"article:modified_time\" content=\"2022-08-19T18:06:16+00:00\" \/>\n<meta name=\"author\" content=\"Guest\" \/>\n<meta name=\"twitter:card\" content=\"summary_large_image\" \/>\n<meta name=\"twitter:creator\" content=\"@LatAmJournalism\" \/>\n<meta name=\"twitter:site\" content=\"@LatAmJournalism\" \/>\n<meta name=\"twitter:label1\" content=\"Written by\" \/>\n\t<meta name=\"twitter:data1\" content=\"Guest\" \/>\n\t<meta name=\"twitter:label2\" content=\"Est. reading time\" \/>\n\t<meta name=\"twitter:data2\" content=\"1 minuto\" \/>\n<script type=\"application\/ld+json\" class=\"yoast-schema-graph\">{\"@context\":\"https:\\\/\\\/schema.org\",\"@graph\":[{\"@type\":\"Article\",\"@id\":\"https:\\\/\\\/latamjournalismreview.org\\\/es\\\/articles\\\/camarografo-resulta-herido-mientras-cubria-ataque-con-coche-bomba-en-el-norte-de-mexico\\\/#article\",\"isPartOf\":{\"@id\":\"https:\\\/\\\/latamjournalismreview.org\\\/es\\\/articles\\\/camarografo-resulta-herido-mientras-cubria-ataque-con-coche-bomba-en-el-norte-de-mexico\\\/\"},\"author\":{\"name\":\"Guest\",\"@id\":\"https:\\\/\\\/latamjournalismreview.org\\\/es\\\/#\\\/schema\\\/person\\\/0315202e0b3c0963a2440f1c3012c360\"},\"headline\":\"Camar\u00f3grafo resulta herido mientras cubr\u00eda ataque con coche bomba en el norte de M\u00e9xico\",\"datePublished\":\"2010-07-20T18:02:25+00:00\",\"dateModified\":\"2022-08-19T18:06:16+00:00\",\"mainEntityOfPage\":{\"@id\":\"https:\\\/\\\/latamjournalismreview.org\\\/es\\\/articles\\\/camarografo-resulta-herido-mientras-cubria-ataque-con-coche-bomba-en-el-norte-de-mexico\\\/\"},\"wordCount\":223,\"publisher\":{\"@id\":\"https:\\\/\\\/latamjournalismreview.org\\\/es\\\/#organization\"},\"keywords\":[\"M\u00e9xico\"],\"articleSection\":[\"Violencia contra periodistas\"],\"inLanguage\":\"es\"},{\"@type\":\"WebPage\",\"@id\":\"https:\\\/\\\/latamjournalismreview.org\\\/es\\\/articles\\\/camarografo-resulta-herido-mientras-cubria-ataque-con-coche-bomba-en-el-norte-de-mexico\\\/\",\"url\":\"https:\\\/\\\/latamjournalismreview.org\\\/es\\\/articles\\\/camarografo-resulta-herido-mientras-cubria-ataque-con-coche-bomba-en-el-norte-de-mexico\\\/\",\"name\":\"Camar\u00f3grafo resulta herido mientras cubr\u00eda ataque con coche bomba en el norte de M\u00e9xico - LatAm Journalism Review\",\"isPartOf\":{\"@id\":\"https:\\\/\\\/latamjournalismreview.org\\\/es\\\/#website\"},\"datePublished\":\"2010-07-20T18:02:25+00:00\",\"dateModified\":\"2022-08-19T18:06:16+00:00\",\"description\":\"Camar\u00f3grafo resulta herido mientras cubr\u00eda ataque con coche bomba en el norte de M\u00e9xico Violencia contra periodistas. Latin American Journalism Review by The Knight Center at The University of Texas at Austin.\",\"breadcrumb\":{\"@id\":\"https:\\\/\\\/latamjournalismreview.org\\\/es\\\/articles\\\/camarografo-resulta-herido-mientras-cubria-ataque-con-coche-bomba-en-el-norte-de-mexico\\\/#breadcrumb\"},\"inLanguage\":\"es\",\"potentialAction\":[{\"@type\":\"ReadAction\",\"target\":[\"https:\\\/\\\/latamjournalismreview.org\\\/es\\\/articles\\\/camarografo-resulta-herido-mientras-cubria-ataque-con-coche-bomba-en-el-norte-de-mexico\\\/\"]}]},{\"@type\":\"BreadcrumbList\",\"@id\":\"https:\\\/\\\/latamjournalismreview.org\\\/es\\\/articles\\\/camarografo-resulta-herido-mientras-cubria-ataque-con-coche-bomba-en-el-norte-de-mexico\\\/#breadcrumb\",\"itemListElement\":[{\"@type\":\"ListItem\",\"position\":1,\"name\":\"Home\",\"item\":\"https:\\\/\\\/latamjournalismreview.org\\\/es\\\/\"},{\"@type\":\"ListItem\",\"position\":2,\"name\":\"Camar\u00f3grafo resulta herido mientras cubr\u00eda ataque con coche bomba en el norte de M\u00e9xico\"}]},{\"@type\":\"WebSite\",\"@id\":\"https:\\\/\\\/latamjournalismreview.org\\\/es\\\/#website\",\"url\":\"https:\\\/\\\/latamjournalismreview.org\\\/es\\\/\",\"name\":\"LatAm Journalism Review\",\"description\":\"Knight Center at The University of Texas\",\"publisher\":{\"@id\":\"https:\\\/\\\/latamjournalismreview.org\\\/es\\\/#organization\"},\"potentialAction\":[{\"@type\":\"SearchAction\",\"target\":{\"@type\":\"EntryPoint\",\"urlTemplate\":\"https:\\\/\\\/latamjournalismreview.org\\\/es\\\/?s={search_term_string}\"},\"query-input\":{\"@type\":\"PropertyValueSpecification\",\"valueRequired\":true,\"valueName\":\"search_term_string\"}}],\"inLanguage\":\"es\"},{\"@type\":\"Organization\",\"@id\":\"https:\\\/\\\/latamjournalismreview.org\\\/es\\\/#organization\",\"name\":\"LatAm Journalism Review\",\"url\":\"https:\\\/\\\/latamjournalismreview.org\\\/es\\\/\",\"logo\":{\"@type\":\"ImageObject\",\"inLanguage\":\"es\",\"@id\":\"https:\\\/\\\/latamjournalismreview.org\\\/es\\\/#\\\/schema\\\/logo\\\/image\\\/\",\"url\":\"https:\\\/\\\/latamjournalismreview.org\\\/wp-content\\\/uploads\\\/2020\\\/05\\\/knight-latAm-review-logo.svg\",\"contentUrl\":\"https:\\\/\\\/latamjournalismreview.org\\\/wp-content\\\/uploads\\\/2020\\\/05\\\/knight-latAm-review-logo.svg\",\"width\":\"1024\",\"height\":\"1024\",\"caption\":\"LatAm Journalism Review\"},\"image\":{\"@id\":\"https:\\\/\\\/latamjournalismreview.org\\\/es\\\/#\\\/schema\\\/logo\\\/image\\\/\"},\"sameAs\":[\"https:\\\/\\\/x.com\\\/LatAmJournalism\"]},{\"@type\":\"Person\",\"@id\":\"https:\\\/\\\/latamjournalismreview.org\\\/es\\\/#\\\/schema\\\/person\\\/0315202e0b3c0963a2440f1c3012c360\",\"name\":\"Guest\",\"url\":\"https:\\\/\\\/latamjournalismreview.org\\\/es\\\/articles\\\/author\\\/guest\\\/\"}]}<\/script>\n<!-- \/ Yoast SEO Premium plugin. -->","yoast_head_json":{"title":"Camar\u00f3grafo resulta herido mientras cubr\u00eda ataque con coche bomba en el norte de M\u00e9xico - LatAm Journalism Review","description":"Camar\u00f3grafo resulta herido mientras cubr\u00eda ataque con coche bomba en el norte de M\u00e9xico Violencia contra periodistas. Latin American Journalism Review by The Knight Center at The University of Texas at Austin.","robots":{"index":"index","follow":"follow","max-snippet":"max-snippet:-1","max-image-preview":"max-image-preview:large","max-video-preview":"max-video-preview:-1"},"canonical":"https:\/\/latamjournalismreview.org\/es\/articles\/camarografo-resulta-herido-mientras-cubria-ataque-con-coche-bomba-en-el-norte-de-mexico\/","og_locale":"es_ES","og_type":"article","og_title":"Camar\u00f3grafo resulta herido mientras cubr\u00eda ataque con coche bomba en el norte de M\u00e9xico","og_description":"Camar\u00f3grafo resulta herido mientras cubr\u00eda ataque con coche bomba en el norte de M\u00e9xico Violencia contra periodistas. Latin American Journalism Review by The Knight Center at The University of Texas at Austin.","og_url":"https:\/\/latamjournalismreview.org\/es\/articles\/camarografo-resulta-herido-mientras-cubria-ataque-con-coche-bomba-en-el-norte-de-mexico\/","og_site_name":"LatAm Journalism Review","article_published_time":"2010-07-20T18:02:25+00:00","article_modified_time":"2022-08-19T18:06:16+00:00","author":"Guest","twitter_card":"summary_large_image","twitter_creator":"@LatAmJournalism","twitter_site":"@LatAmJournalism","twitter_misc":{"Written by":"Guest","Est. reading time":"1 minuto"},"schema":{"@context":"https:\/\/schema.org","@graph":[{"@type":"Article","@id":"https:\/\/latamjournalismreview.org\/es\/articles\/camarografo-resulta-herido-mientras-cubria-ataque-con-coche-bomba-en-el-norte-de-mexico\/#article","isPartOf":{"@id":"https:\/\/latamjournalismreview.org\/es\/articles\/camarografo-resulta-herido-mientras-cubria-ataque-con-coche-bomba-en-el-norte-de-mexico\/"},"author":{"name":"Guest","@id":"https:\/\/latamjournalismreview.org\/es\/#\/schema\/person\/0315202e0b3c0963a2440f1c3012c360"},"headline":"Camar\u00f3grafo resulta herido mientras cubr\u00eda ataque con coche bomba en el norte de M\u00e9xico","datePublished":"2010-07-20T18:02:25+00:00","dateModified":"2022-08-19T18:06:16+00:00","mainEntityOfPage":{"@id":"https:\/\/latamjournalismreview.org\/es\/articles\/camarografo-resulta-herido-mientras-cubria-ataque-con-coche-bomba-en-el-norte-de-mexico\/"},"wordCount":223,"publisher":{"@id":"https:\/\/latamjournalismreview.org\/es\/#organization"},"keywords":["M\u00e9xico"],"articleSection":["Violencia contra periodistas"],"inLanguage":"es"},{"@type":"WebPage","@id":"https:\/\/latamjournalismreview.org\/es\/articles\/camarografo-resulta-herido-mientras-cubria-ataque-con-coche-bomba-en-el-norte-de-mexico\/","url":"https:\/\/latamjournalismreview.org\/es\/articles\/camarografo-resulta-herido-mientras-cubria-ataque-con-coche-bomba-en-el-norte-de-mexico\/","name":"Camar\u00f3grafo resulta herido mientras cubr\u00eda ataque con coche bomba en el norte de M\u00e9xico - LatAm Journalism Review","isPartOf":{"@id":"https:\/\/latamjournalismreview.org\/es\/#website"},"datePublished":"2010-07-20T18:02:25+00:00","dateModified":"2022-08-19T18:06:16+00:00","description":"Camar\u00f3grafo resulta herido mientras cubr\u00eda ataque con coche bomba en el norte de M\u00e9xico Violencia contra periodistas. Latin American Journalism Review by The Knight Center at The University of Texas at Austin.","breadcrumb":{"@id":"https:\/\/latamjournalismreview.org\/es\/articles\/camarografo-resulta-herido-mientras-cubria-ataque-con-coche-bomba-en-el-norte-de-mexico\/#breadcrumb"},"inLanguage":"es","potentialAction":[{"@type":"ReadAction","target":["https:\/\/latamjournalismreview.org\/es\/articles\/camarografo-resulta-herido-mientras-cubria-ataque-con-coche-bomba-en-el-norte-de-mexico\/"]}]},{"@type":"BreadcrumbList","@id":"https:\/\/latamjournalismreview.org\/es\/articles\/camarografo-resulta-herido-mientras-cubria-ataque-con-coche-bomba-en-el-norte-de-mexico\/#breadcrumb","itemListElement":[{"@type":"ListItem","position":1,"name":"Home","item":"https:\/\/latamjournalismreview.org\/es\/"},{"@type":"ListItem","position":2,"name":"Camar\u00f3grafo resulta herido mientras cubr\u00eda ataque con coche bomba en el norte de M\u00e9xico"}]},{"@type":"WebSite","@id":"https:\/\/latamjournalismreview.org\/es\/#website","url":"https:\/\/latamjournalismreview.org\/es\/","name":"LatAm Journalism Review","description":"Knight Center at The University of Texas","publisher":{"@id":"https:\/\/latamjournalismreview.org\/es\/#organization"},"potentialAction":[{"@type":"SearchAction","target":{"@type":"EntryPoint","urlTemplate":"https:\/\/latamjournalismreview.org\/es\/?s={search_term_string}"},"query-input":{"@type":"PropertyValueSpecification","valueRequired":true,"valueName":"search_term_string"}}],"inLanguage":"es"},{"@type":"Organization","@id":"https:\/\/latamjournalismreview.org\/es\/#organization","name":"LatAm Journalism Review","url":"https:\/\/latamjournalismreview.org\/es\/","logo":{"@type":"ImageObject","inLanguage":"es","@id":"https:\/\/latamjournalismreview.org\/es\/#\/schema\/logo\/image\/","url":"https:\/\/latamjournalismreview.org\/wp-content\/uploads\/2020\/05\/knight-latAm-review-logo.svg","contentUrl":"https:\/\/latamjournalismreview.org\/wp-content\/uploads\/2020\/05\/knight-latAm-review-logo.svg","width":"1024","height":"1024","caption":"LatAm Journalism Review"},"image":{"@id":"https:\/\/latamjournalismreview.org\/es\/#\/schema\/logo\/image\/"},"sameAs":["https:\/\/x.com\/LatAmJournalism"]},{"@type":"Person","@id":"https:\/\/latamjournalismreview.org\/es\/#\/schema\/person\/0315202e0b3c0963a2440f1c3012c360","name":"Guest","url":"https:\/\/latamjournalismreview.org\/es\/articles\/author\/guest\/"}]}},"_links":{"self":[{"href":"https:\/\/latamjournalismreview.org\/es\/wp-json\/wp\/v2\/posts\/65390","targetHints":{"allow":["GET"]}}],"collection":[{"href":"https:\/\/latamjournalismreview.org\/es\/wp-json\/wp\/v2\/posts"}],"about":[{"href":"https:\/\/latamjournalismreview.org\/es\/wp-json\/wp\/v2\/types\/post"}],"author":[{"embeddable":true,"href":"https:\/\/latamjournalismreview.org\/es\/wp-json\/wp\/v2\/users\/17"}],"replies":[{"embeddable":true,"href":"https:\/\/latamjournalismreview.org\/es\/wp-json\/wp\/v2\/comments?post=65390"}],"version-history":[{"count":1,"href":"https:\/\/latamjournalismreview.org\/es\/wp-json\/wp\/v2\/posts\/65390\/revisions"}],"predecessor-version":[{"id":65398,"href":"https:\/\/latamjournalismreview.org\/es\/wp-json\/wp\/v2\/posts\/65390\/revisions\/65398"}],"wp:attachment":[{"href":"https:\/\/latamjournalismreview.org\/es\/wp-json\/wp\/v2\/media?parent=65390"}],"wp:term":[{"taxonomy":"category","embeddable":true,"href":"https:\/\/latamjournalismreview.org\/es\/wp-json\/wp\/v2\/categories?post=65390"},{"taxonomy":"post_tag","embeddable":true,"href":"https:\/\/latamjournalismreview.org\/es\/wp-json\/wp\/v2\/tags?post=65390"},{"taxonomy":"author","embeddable":true,"href":"https:\/\/latamjournalismreview.org\/es\/wp-json\/wp\/v2\/coauthors?post=65390"}],"curies":[{"name":"wp","href":"https:\/\/api.w.org\/{rel}","templated":true}]}}