{"id":65769,"date":"2010-06-08T13:07:09","date_gmt":"2010-06-08T18:07:09","guid":{"rendered":"https:\/\/latamjournalismreview.org\/?p=65769"},"modified":"2022-08-22T13:07:56","modified_gmt":"2022-08-22T18:07:56","slug":"prueba-de-adn-busca-determinar-la-filiacion-de-los-herederos-del-grupo-medial-clarin","status":"publish","type":"post","link":"https:\/\/latamjournalismreview.org\/es\/articles\/prueba-de-adn-busca-determinar-la-filiacion-de-los-herederos-del-grupo-medial-clarin\/","title":{"rendered":"Prueba de ADN busca determinar la filiaci\u00f3n de los herederos del grupo medial Clar\u00edn"},"content":{"rendered":"<p><em>Por Maira Magro<\/em><\/p>\n<p>La acci\u00f3n judicial para establecer si la due\u00f1a del grupo multimedios argentino Clar\u00edn,\u00a0<a href=\"http:\/\/es.wikipedia.org\/wiki\/Ernestina_Herrera_de_Noble\">Ernestina Herrera de Noble<\/a>, adopt\u00f3 a dos ni\u00f1os robados a los desaparecidos durante la dictadura militar (1976-1983) entr\u00f3 en una nueva etapa el lunes 7 de junio, con el inicio de las pruebas gen\u00e9ticas a los hermanos Felipe y Marcela Noble, inform\u00f3 la agencia\u00a0<a href=\"http:\/\/www.google.com\/hostednews\/afp\/article\/ALeqM5gvmQvdIXdmIkYDbyJJ7NfRXGRAOA\">AFP<\/a>.<\/p>\n<p>La causa fue iniciada por las\u00a0<a href=\"http:\/\/www.abuelas.org.ar\/\">Abuelas de Plaza de Mayo<\/a>\u00a0en nombre de las dos familias que creen estar relacionadas con los hermanos Noble, adoptados en 1976. Seg\u00fan organizaciones de derechos humanos, unos 500 menores fueron apropiados ilegalmente durante la dictadura y a la fecha la ONG que agrupa a las abuelas de estos ni\u00f1os han logrado reecontrar a\u00a0<a href=\"http:\/\/www.elpais.com\/articulo\/internacional\/reencuentro\/101\/Abuelas\/Plaza\/Mayo\/elpepuint\/20100223elpepuint_19\/Tes\">101 de estos j\u00f3venes<\/a>\u00a0con sus familias biol\u00f3gicas.<\/p>\n<p>El diario\u00a0<a href=\"http:\/\/www.clarin.com\/politica\/Allanaron-casa-hermanos-Noble-Herrera_0_269973250.html\">Clar\u00edn<\/a>\u00a0report\u00f3 que el viernes 28 de mayo, una operaci\u00f3n policial en la casa de la familia Noble recolect\u00f3 ropas \u00edntimas y otros objetos personales para ser usados en las pruebas de ADN. El abogado de la familia\u00a0<a href=\"http:\/\/www.clarin.com\/politica\/gobierno\/Caso-Noble-Herrera-Camara-recusacion_0_274172621.html\">pidi\u00f3<\/a>\u00a0la recusaci\u00f3n de la jueza y la nulidad del procedimiento, en tanto que los herederos de Clar\u00edn defendieron en una entrevista con la\u00a0<a href=\"http:\/\/noticias.terra.com\/articulos\/act2360509\/entrevista_ap_hermanos_noble_confian_corte_frene_analisis_adn_\">Associated Press<\/a>\u00a0su derecho a no conocer su identidad biol\u00f3gica.<\/p>\n<p>Sin embargo, una ley aprobada en noviembre de 2009,\u00a0<a href=\"http:\/\/www.bbc.co.uk\/mundo\/america_latina\/2010\/06\/100607_2053_argentina_abuelas_adn_clarin_jaw.shtml\">explica BBC Mundo<\/a>, estableci\u00f3 que la justicia puede obtener muestras gen\u00e9ticas de forma forzosa si se sospecha que se trata de hijos robados a desaparecidos. Felipe y Marcela Noble ya hab\u00edan tenido que entregar muestras de sangre\u00a0<a href=\"http:\/\/knightcenter.utexas.edu\/archive\/blog\/?q=es\/node\/6129\">en diciembre<\/a>, pero impugnaron judicialmente el procedimiento.<\/p>\n<p>Los cuestionamientos en torno a la adopci\u00f3n de los hijos de los due\u00f1os de Clar\u00edn comenzaron en 2001. Ernestina Herrera de Noble lleg\u00f3 a estar detenida en 2002, acusada de irregularidades en la adopci\u00f3n, en tanto que ella insiste que hay motivaciones pol\u00edticas detr\u00e1s del proceso y que se quiere perjudicar al grupo Clar\u00edn.<\/p>\n<p><em>Nota del editor: Esta historia fue publicada originalmente en el blog Periodismo en las Am\u00e9ricas del Centro Knight, el predecesor de LatAm Journalism Review.<\/em><\/p>\n","protected":false},"excerpt":{"rendered":"<p>La acci\u00f3n judicial para establecer si la due\u00f1a del grupo multimedios argentino Clar\u00edn,\u00a0Ernestina Herrera de Noble, adopt\u00f3 a dos ni\u00f1os robados a los desaparecidos durante la dictadura militar (1976-1983) entr\u00f3 en una nueva etapa el lunes 7 de junio, con el inicio de las pruebas gen\u00e9ticas a los hermanos Felipe y Marcela Noble, inform\u00f3 la agencia\u00a0AFP.<\/p>\n","protected":false},"author":17,"featured_media":0,"comment_status":"closed","ping_status":"closed","sticky":false,"template":"","format":"standard","meta":{"inline_featured_image":false,"footnotes":""},"categories":[1227],"tags":[1426],"coauthors":[],"class_list":["post-65769","post","type-post","status-publish","format-standard","hentry","category-acceso-a-la-informacion-es","tag-argentina-es"],"acf":[],"yoast_head":"<!-- This site is optimized with the Yoast SEO Premium plugin v22.6 (Yoast SEO v27.4) - https:\/\/yoast.com\/product\/yoast-seo-premium-wordpress\/ -->\n<title>Prueba de ADN busca determinar la filiaci\u00f3n de los herederos del grupo medial Clar\u00edn - LatAm Journalism Review<\/title>\n<meta name=\"description\" content=\"Prueba de ADN busca determinar la filiaci\u00f3n de los herederos del grupo medial Clar\u00edn Acceso a la Informaci\u00f3n. Latin American Journalism Review by The Knight Center at The University of Texas at Austin.\" \/>\n<meta name=\"robots\" content=\"index, follow, max-snippet:-1, max-image-preview:large, max-video-preview:-1\" \/>\n<link rel=\"canonical\" href=\"https:\/\/latamjournalismreview.org\/es\/articles\/prueba-de-adn-busca-determinar-la-filiacion-de-los-herederos-del-grupo-medial-clarin\/\" \/>\n<meta property=\"og:locale\" content=\"es_ES\" \/>\n<meta property=\"og:type\" content=\"article\" \/>\n<meta property=\"og:title\" content=\"Prueba de ADN busca determinar la filiaci\u00f3n de los herederos del grupo medial Clar\u00edn\" \/>\n<meta property=\"og:description\" content=\"Prueba de ADN busca determinar la filiaci\u00f3n de los herederos del grupo medial Clar\u00edn Acceso a la Informaci\u00f3n. Latin American Journalism Review by The Knight Center at The University of Texas at Austin.\" \/>\n<meta property=\"og:url\" content=\"https:\/\/latamjournalismreview.org\/es\/articles\/prueba-de-adn-busca-determinar-la-filiacion-de-los-herederos-del-grupo-medial-clarin\/\" \/>\n<meta property=\"og:site_name\" content=\"LatAm Journalism Review\" \/>\n<meta property=\"article:published_time\" content=\"2010-06-08T18:07:09+00:00\" \/>\n<meta property=\"article:modified_time\" content=\"2022-08-22T18:07:56+00:00\" \/>\n<meta name=\"author\" content=\"Guest\" \/>\n<meta name=\"twitter:card\" content=\"summary_large_image\" \/>\n<meta name=\"twitter:creator\" content=\"@LatAmJournalism\" \/>\n<meta name=\"twitter:site\" content=\"@LatAmJournalism\" \/>\n<meta name=\"twitter:label1\" content=\"Written by\" \/>\n\t<meta name=\"twitter:data1\" content=\"Guest\" \/>\n\t<meta name=\"twitter:label2\" content=\"Est. reading time\" \/>\n\t<meta name=\"twitter:data2\" content=\"2 minutos\" \/>\n<script type=\"application\/ld+json\" class=\"yoast-schema-graph\">{\"@context\":\"https:\\\/\\\/schema.org\",\"@graph\":[{\"@type\":\"Article\",\"@id\":\"https:\\\/\\\/latamjournalismreview.org\\\/es\\\/articles\\\/prueba-de-adn-busca-determinar-la-filiacion-de-los-herederos-del-grupo-medial-clarin\\\/#article\",\"isPartOf\":{\"@id\":\"https:\\\/\\\/latamjournalismreview.org\\\/es\\\/articles\\\/prueba-de-adn-busca-determinar-la-filiacion-de-los-herederos-del-grupo-medial-clarin\\\/\"},\"author\":{\"name\":\"Guest\",\"@id\":\"https:\\\/\\\/latamjournalismreview.org\\\/es\\\/#\\\/schema\\\/person\\\/0315202e0b3c0963a2440f1c3012c360\"},\"headline\":\"Prueba de ADN busca determinar la filiaci\u00f3n de los herederos del grupo medial Clar\u00edn\",\"datePublished\":\"2010-06-08T18:07:09+00:00\",\"dateModified\":\"2022-08-22T18:07:56+00:00\",\"mainEntityOfPage\":{\"@id\":\"https:\\\/\\\/latamjournalismreview.org\\\/es\\\/articles\\\/prueba-de-adn-busca-determinar-la-filiacion-de-los-herederos-del-grupo-medial-clarin\\\/\"},\"wordCount\":366,\"publisher\":{\"@id\":\"https:\\\/\\\/latamjournalismreview.org\\\/es\\\/#organization\"},\"keywords\":[\"Argentina\"],\"articleSection\":[\"Acceso a la Informaci\u00f3n\"],\"inLanguage\":\"es\"},{\"@type\":\"WebPage\",\"@id\":\"https:\\\/\\\/latamjournalismreview.org\\\/es\\\/articles\\\/prueba-de-adn-busca-determinar-la-filiacion-de-los-herederos-del-grupo-medial-clarin\\\/\",\"url\":\"https:\\\/\\\/latamjournalismreview.org\\\/es\\\/articles\\\/prueba-de-adn-busca-determinar-la-filiacion-de-los-herederos-del-grupo-medial-clarin\\\/\",\"name\":\"Prueba de ADN busca determinar la filiaci\u00f3n de los herederos del grupo medial Clar\u00edn - LatAm Journalism Review\",\"isPartOf\":{\"@id\":\"https:\\\/\\\/latamjournalismreview.org\\\/es\\\/#website\"},\"datePublished\":\"2010-06-08T18:07:09+00:00\",\"dateModified\":\"2022-08-22T18:07:56+00:00\",\"description\":\"Prueba de ADN busca determinar la filiaci\u00f3n de los herederos del grupo medial Clar\u00edn Acceso a la Informaci\u00f3n. Latin American Journalism Review by The Knight Center at The University of Texas at Austin.\",\"breadcrumb\":{\"@id\":\"https:\\\/\\\/latamjournalismreview.org\\\/es\\\/articles\\\/prueba-de-adn-busca-determinar-la-filiacion-de-los-herederos-del-grupo-medial-clarin\\\/#breadcrumb\"},\"inLanguage\":\"es\",\"potentialAction\":[{\"@type\":\"ReadAction\",\"target\":[\"https:\\\/\\\/latamjournalismreview.org\\\/es\\\/articles\\\/prueba-de-adn-busca-determinar-la-filiacion-de-los-herederos-del-grupo-medial-clarin\\\/\"]}]},{\"@type\":\"BreadcrumbList\",\"@id\":\"https:\\\/\\\/latamjournalismreview.org\\\/es\\\/articles\\\/prueba-de-adn-busca-determinar-la-filiacion-de-los-herederos-del-grupo-medial-clarin\\\/#breadcrumb\",\"itemListElement\":[{\"@type\":\"ListItem\",\"position\":1,\"name\":\"Home\",\"item\":\"https:\\\/\\\/latamjournalismreview.org\\\/es\\\/\"},{\"@type\":\"ListItem\",\"position\":2,\"name\":\"Prueba de ADN busca determinar la filiaci\u00f3n de los herederos del grupo medial Clar\u00edn\"}]},{\"@type\":\"WebSite\",\"@id\":\"https:\\\/\\\/latamjournalismreview.org\\\/es\\\/#website\",\"url\":\"https:\\\/\\\/latamjournalismreview.org\\\/es\\\/\",\"name\":\"LatAm Journalism Review\",\"description\":\"Knight Center at The University of Texas\",\"publisher\":{\"@id\":\"https:\\\/\\\/latamjournalismreview.org\\\/es\\\/#organization\"},\"potentialAction\":[{\"@type\":\"SearchAction\",\"target\":{\"@type\":\"EntryPoint\",\"urlTemplate\":\"https:\\\/\\\/latamjournalismreview.org\\\/es\\\/?s={search_term_string}\"},\"query-input\":{\"@type\":\"PropertyValueSpecification\",\"valueRequired\":true,\"valueName\":\"search_term_string\"}}],\"inLanguage\":\"es\"},{\"@type\":\"Organization\",\"@id\":\"https:\\\/\\\/latamjournalismreview.org\\\/es\\\/#organization\",\"name\":\"LatAm Journalism Review\",\"url\":\"https:\\\/\\\/latamjournalismreview.org\\\/es\\\/\",\"logo\":{\"@type\":\"ImageObject\",\"inLanguage\":\"es\",\"@id\":\"https:\\\/\\\/latamjournalismreview.org\\\/es\\\/#\\\/schema\\\/logo\\\/image\\\/\",\"url\":\"https:\\\/\\\/latamjournalismreview.org\\\/wp-content\\\/uploads\\\/2020\\\/05\\\/knight-latAm-review-logo.svg\",\"contentUrl\":\"https:\\\/\\\/latamjournalismreview.org\\\/wp-content\\\/uploads\\\/2020\\\/05\\\/knight-latAm-review-logo.svg\",\"width\":\"1024\",\"height\":\"1024\",\"caption\":\"LatAm Journalism Review\"},\"image\":{\"@id\":\"https:\\\/\\\/latamjournalismreview.org\\\/es\\\/#\\\/schema\\\/logo\\\/image\\\/\"},\"sameAs\":[\"https:\\\/\\\/x.com\\\/LatAmJournalism\"]},{\"@type\":\"Person\",\"@id\":\"https:\\\/\\\/latamjournalismreview.org\\\/es\\\/#\\\/schema\\\/person\\\/0315202e0b3c0963a2440f1c3012c360\",\"name\":\"Guest\",\"url\":\"https:\\\/\\\/latamjournalismreview.org\\\/es\\\/articles\\\/author\\\/guest\\\/\"}]}<\/script>\n<!-- \/ Yoast SEO Premium plugin. -->","yoast_head_json":{"title":"Prueba de ADN busca determinar la filiaci\u00f3n de los herederos del grupo medial Clar\u00edn - LatAm Journalism Review","description":"Prueba de ADN busca determinar la filiaci\u00f3n de los herederos del grupo medial Clar\u00edn Acceso a la Informaci\u00f3n. Latin American Journalism Review by The Knight Center at The University of Texas at Austin.","robots":{"index":"index","follow":"follow","max-snippet":"max-snippet:-1","max-image-preview":"max-image-preview:large","max-video-preview":"max-video-preview:-1"},"canonical":"https:\/\/latamjournalismreview.org\/es\/articles\/prueba-de-adn-busca-determinar-la-filiacion-de-los-herederos-del-grupo-medial-clarin\/","og_locale":"es_ES","og_type":"article","og_title":"Prueba de ADN busca determinar la filiaci\u00f3n de los herederos del grupo medial Clar\u00edn","og_description":"Prueba de ADN busca determinar la filiaci\u00f3n de los herederos del grupo medial Clar\u00edn Acceso a la Informaci\u00f3n. Latin American Journalism Review by The Knight Center at The University of Texas at Austin.","og_url":"https:\/\/latamjournalismreview.org\/es\/articles\/prueba-de-adn-busca-determinar-la-filiacion-de-los-herederos-del-grupo-medial-clarin\/","og_site_name":"LatAm Journalism Review","article_published_time":"2010-06-08T18:07:09+00:00","article_modified_time":"2022-08-22T18:07:56+00:00","author":"Guest","twitter_card":"summary_large_image","twitter_creator":"@LatAmJournalism","twitter_site":"@LatAmJournalism","twitter_misc":{"Written by":"Guest","Est. reading time":"2 minutos"},"schema":{"@context":"https:\/\/schema.org","@graph":[{"@type":"Article","@id":"https:\/\/latamjournalismreview.org\/es\/articles\/prueba-de-adn-busca-determinar-la-filiacion-de-los-herederos-del-grupo-medial-clarin\/#article","isPartOf":{"@id":"https:\/\/latamjournalismreview.org\/es\/articles\/prueba-de-adn-busca-determinar-la-filiacion-de-los-herederos-del-grupo-medial-clarin\/"},"author":{"name":"Guest","@id":"https:\/\/latamjournalismreview.org\/es\/#\/schema\/person\/0315202e0b3c0963a2440f1c3012c360"},"headline":"Prueba de ADN busca determinar la filiaci\u00f3n de los herederos del grupo medial Clar\u00edn","datePublished":"2010-06-08T18:07:09+00:00","dateModified":"2022-08-22T18:07:56+00:00","mainEntityOfPage":{"@id":"https:\/\/latamjournalismreview.org\/es\/articles\/prueba-de-adn-busca-determinar-la-filiacion-de-los-herederos-del-grupo-medial-clarin\/"},"wordCount":366,"publisher":{"@id":"https:\/\/latamjournalismreview.org\/es\/#organization"},"keywords":["Argentina"],"articleSection":["Acceso a la Informaci\u00f3n"],"inLanguage":"es"},{"@type":"WebPage","@id":"https:\/\/latamjournalismreview.org\/es\/articles\/prueba-de-adn-busca-determinar-la-filiacion-de-los-herederos-del-grupo-medial-clarin\/","url":"https:\/\/latamjournalismreview.org\/es\/articles\/prueba-de-adn-busca-determinar-la-filiacion-de-los-herederos-del-grupo-medial-clarin\/","name":"Prueba de ADN busca determinar la filiaci\u00f3n de los herederos del grupo medial Clar\u00edn - LatAm Journalism Review","isPartOf":{"@id":"https:\/\/latamjournalismreview.org\/es\/#website"},"datePublished":"2010-06-08T18:07:09+00:00","dateModified":"2022-08-22T18:07:56+00:00","description":"Prueba de ADN busca determinar la filiaci\u00f3n de los herederos del grupo medial Clar\u00edn Acceso a la Informaci\u00f3n. Latin American Journalism Review by The Knight Center at The University of Texas at Austin.","breadcrumb":{"@id":"https:\/\/latamjournalismreview.org\/es\/articles\/prueba-de-adn-busca-determinar-la-filiacion-de-los-herederos-del-grupo-medial-clarin\/#breadcrumb"},"inLanguage":"es","potentialAction":[{"@type":"ReadAction","target":["https:\/\/latamjournalismreview.org\/es\/articles\/prueba-de-adn-busca-determinar-la-filiacion-de-los-herederos-del-grupo-medial-clarin\/"]}]},{"@type":"BreadcrumbList","@id":"https:\/\/latamjournalismreview.org\/es\/articles\/prueba-de-adn-busca-determinar-la-filiacion-de-los-herederos-del-grupo-medial-clarin\/#breadcrumb","itemListElement":[{"@type":"ListItem","position":1,"name":"Home","item":"https:\/\/latamjournalismreview.org\/es\/"},{"@type":"ListItem","position":2,"name":"Prueba de ADN busca determinar la filiaci\u00f3n de los herederos del grupo medial Clar\u00edn"}]},{"@type":"WebSite","@id":"https:\/\/latamjournalismreview.org\/es\/#website","url":"https:\/\/latamjournalismreview.org\/es\/","name":"LatAm Journalism Review","description":"Knight Center at The University of Texas","publisher":{"@id":"https:\/\/latamjournalismreview.org\/es\/#organization"},"potentialAction":[{"@type":"SearchAction","target":{"@type":"EntryPoint","urlTemplate":"https:\/\/latamjournalismreview.org\/es\/?s={search_term_string}"},"query-input":{"@type":"PropertyValueSpecification","valueRequired":true,"valueName":"search_term_string"}}],"inLanguage":"es"},{"@type":"Organization","@id":"https:\/\/latamjournalismreview.org\/es\/#organization","name":"LatAm Journalism Review","url":"https:\/\/latamjournalismreview.org\/es\/","logo":{"@type":"ImageObject","inLanguage":"es","@id":"https:\/\/latamjournalismreview.org\/es\/#\/schema\/logo\/image\/","url":"https:\/\/latamjournalismreview.org\/wp-content\/uploads\/2020\/05\/knight-latAm-review-logo.svg","contentUrl":"https:\/\/latamjournalismreview.org\/wp-content\/uploads\/2020\/05\/knight-latAm-review-logo.svg","width":"1024","height":"1024","caption":"LatAm Journalism Review"},"image":{"@id":"https:\/\/latamjournalismreview.org\/es\/#\/schema\/logo\/image\/"},"sameAs":["https:\/\/x.com\/LatAmJournalism"]},{"@type":"Person","@id":"https:\/\/latamjournalismreview.org\/es\/#\/schema\/person\/0315202e0b3c0963a2440f1c3012c360","name":"Guest","url":"https:\/\/latamjournalismreview.org\/es\/articles\/author\/guest\/"}]}},"_links":{"self":[{"href":"https:\/\/latamjournalismreview.org\/es\/wp-json\/wp\/v2\/posts\/65769","targetHints":{"allow":["GET"]}}],"collection":[{"href":"https:\/\/latamjournalismreview.org\/es\/wp-json\/wp\/v2\/posts"}],"about":[{"href":"https:\/\/latamjournalismreview.org\/es\/wp-json\/wp\/v2\/types\/post"}],"author":[{"embeddable":true,"href":"https:\/\/latamjournalismreview.org\/es\/wp-json\/wp\/v2\/users\/17"}],"replies":[{"embeddable":true,"href":"https:\/\/latamjournalismreview.org\/es\/wp-json\/wp\/v2\/comments?post=65769"}],"version-history":[{"count":1,"href":"https:\/\/latamjournalismreview.org\/es\/wp-json\/wp\/v2\/posts\/65769\/revisions"}],"predecessor-version":[{"id":65774,"href":"https:\/\/latamjournalismreview.org\/es\/wp-json\/wp\/v2\/posts\/65769\/revisions\/65774"}],"wp:attachment":[{"href":"https:\/\/latamjournalismreview.org\/es\/wp-json\/wp\/v2\/media?parent=65769"}],"wp:term":[{"taxonomy":"category","embeddable":true,"href":"https:\/\/latamjournalismreview.org\/es\/wp-json\/wp\/v2\/categories?post=65769"},{"taxonomy":"post_tag","embeddable":true,"href":"https:\/\/latamjournalismreview.org\/es\/wp-json\/wp\/v2\/tags?post=65769"},{"taxonomy":"author","embeddable":true,"href":"https:\/\/latamjournalismreview.org\/es\/wp-json\/wp\/v2\/coauthors?post=65769"}],"curies":[{"name":"wp","href":"https:\/\/api.w.org\/{rel}","templated":true}]}}