{"id":66232,"date":"2010-06-28T10:58:39","date_gmt":"2010-06-28T15:58:39","guid":{"rendered":"https:\/\/latamjournalismreview.org\/?p=66232"},"modified":"2022-08-24T10:59:21","modified_gmt":"2022-08-24T15:59:21","slug":"periodista-es-herido-en-la-cara-con-balas-de-goma-durante-partido-de-futbol-en-argentina","status":"publish","type":"post","link":"https:\/\/latamjournalismreview.org\/es\/articles\/periodista-es-herido-en-la-cara-con-balas-de-goma-durante-partido-de-futbol-en-argentina\/","title":{"rendered":"Periodista es herido en la cara con balas de goma durante partido de f\u00fatbol en Argentina"},"content":{"rendered":"<p>El periodista Alberto Leichner result\u00f3 herido en la cara con balas de goma disparadas por un polic\u00eda durante un partido de f\u00fatbol en la ciudad argentina de\u00a0<a href=\"http:\/\/es.wikipedia.org\/wiki\/Las_Rosas_(Santa_Fe)\">Las Rosas<\/a>, report\u00f3\u00a0<a href=\"http:\/\/www.datasantafeonline.com\/noticia.php?noticia_id=22536\">Datasantafe.com<\/a>.<\/p>\n<p>El polic\u00eda dispar\u00f3 su arma despu\u00e9s de que los aficionados empezaron a arrojar diversos objetos al campo de juego. La publicaci\u00f3n dijo que Leichner fue llevado al hospital, donde la bala que hab\u00eda entrado detr\u00e1s de su oreja fue removida. Sin embargo, la bala que entr\u00f3 en su frente a\u00fan no ha sido desalojada.<\/p>\n<p>Adri\u00e1n Beagle, due\u00f1o de la Radio Las Parejas, dijo que de los 40 polic\u00edas en el campo de juego s\u00f3lo uno dispar\u00f3 su arma, agrega el mismo art\u00edculo.<\/p>\n<p>Vea un video del incidente\u00a0<a href=\"http:\/\/www.notiexpress.com.ar\/contentFront\/rosa-locales-8\/hirieron-con-bala-de-goma-a-periodista-de-las-parejas-87203.html\">aqu\u00ed<\/a>.<\/p>\n<p><em>Nota del editor: Esta historia fue publicada originalmente en el blog Periodismo en las Am\u00e9ricas del Centro Knight, el predecesor de LatAm Journalism Review.<\/em><\/p>\n","protected":false},"excerpt":{"rendered":"<p>El periodista Alberto Leichner result\u00f3 herido en la cara con balas de goma disparadas por un polic\u00eda durante un partido de f\u00fatbol en la ciudad argentina de\u00a0Las Rosas, report\u00f3\u00a0Datasantafe.com.<\/p>\n","protected":false},"author":41,"featured_media":0,"comment_status":"closed","ping_status":"closed","sticky":false,"template":"","format":"standard","meta":{"inline_featured_image":false,"footnotes":""},"categories":[1222],"tags":[1426],"coauthors":[],"class_list":["post-66232","post","type-post","status-publish","format-standard","hentry","category-violencia-contra-periodistas-es","tag-argentina-es"],"acf":[],"yoast_head":"<!-- This site is optimized with the Yoast SEO Premium plugin v22.6 (Yoast SEO v27.4) - https:\/\/yoast.com\/product\/yoast-seo-premium-wordpress\/ -->\n<title>Periodista es herido en la cara con balas de goma durante partido de f\u00fatbol en Argentina - LatAm Journalism Review<\/title>\n<meta name=\"description\" content=\"Periodista es herido en la cara con balas de goma durante partido de f\u00fatbol en Argentina Violencia contra periodistas. Latin American Journalism Review by The Knight Center at The University of Texas at Austin.\" \/>\n<meta name=\"robots\" content=\"index, follow, max-snippet:-1, max-image-preview:large, max-video-preview:-1\" \/>\n<link rel=\"canonical\" href=\"https:\/\/latamjournalismreview.org\/es\/articles\/periodista-es-herido-en-la-cara-con-balas-de-goma-durante-partido-de-futbol-en-argentina\/\" \/>\n<meta property=\"og:locale\" content=\"es_ES\" \/>\n<meta property=\"og:type\" content=\"article\" \/>\n<meta property=\"og:title\" content=\"Periodista es herido en la cara con balas de goma durante partido de f\u00fatbol en Argentina\" \/>\n<meta property=\"og:description\" content=\"Periodista es herido en la cara con balas de goma durante partido de f\u00fatbol en Argentina Violencia contra periodistas. Latin American Journalism Review by The Knight Center at The University of Texas at Austin.\" \/>\n<meta property=\"og:url\" content=\"https:\/\/latamjournalismreview.org\/es\/articles\/periodista-es-herido-en-la-cara-con-balas-de-goma-durante-partido-de-futbol-en-argentina\/\" \/>\n<meta property=\"og:site_name\" content=\"LatAm Journalism Review\" \/>\n<meta property=\"article:published_time\" content=\"2010-06-28T15:58:39+00:00\" \/>\n<meta property=\"article:modified_time\" content=\"2022-08-24T15:59:21+00:00\" \/>\n<meta name=\"author\" content=\"Summer Harlow\" \/>\n<meta name=\"twitter:card\" content=\"summary_large_image\" \/>\n<meta name=\"twitter:creator\" content=\"@LatAmJournalism\" \/>\n<meta name=\"twitter:site\" content=\"@LatAmJournalism\" \/>\n<meta name=\"twitter:label1\" content=\"Written by\" \/>\n\t<meta name=\"twitter:data1\" content=\"Summer Harlow\" \/>\n\t<meta name=\"twitter:label2\" content=\"Est. reading time\" \/>\n\t<meta name=\"twitter:data2\" content=\"1 minuto\" \/>\n<script type=\"application\/ld+json\" class=\"yoast-schema-graph\">{\"@context\":\"https:\\\/\\\/schema.org\",\"@graph\":[{\"@type\":\"Article\",\"@id\":\"https:\\\/\\\/latamjournalismreview.org\\\/es\\\/articles\\\/periodista-es-herido-en-la-cara-con-balas-de-goma-durante-partido-de-futbol-en-argentina\\\/#article\",\"isPartOf\":{\"@id\":\"https:\\\/\\\/latamjournalismreview.org\\\/es\\\/articles\\\/periodista-es-herido-en-la-cara-con-balas-de-goma-durante-partido-de-futbol-en-argentina\\\/\"},\"author\":{\"name\":\"Summer Harlow\",\"@id\":\"https:\\\/\\\/latamjournalismreview.org\\\/es\\\/#\\\/schema\\\/person\\\/571a4b578ae1200d03b8c555e5e75663\"},\"headline\":\"Periodista es herido en la cara con balas de goma durante partido de f\u00fatbol en Argentina\",\"datePublished\":\"2010-06-28T15:58:39+00:00\",\"dateModified\":\"2022-08-24T15:59:21+00:00\",\"mainEntityOfPage\":{\"@id\":\"https:\\\/\\\/latamjournalismreview.org\\\/es\\\/articles\\\/periodista-es-herido-en-la-cara-con-balas-de-goma-durante-partido-de-futbol-en-argentina\\\/\"},\"wordCount\":174,\"publisher\":{\"@id\":\"https:\\\/\\\/latamjournalismreview.org\\\/es\\\/#organization\"},\"keywords\":[\"Argentina\"],\"articleSection\":[\"Violencia contra periodistas\"],\"inLanguage\":\"es\"},{\"@type\":\"WebPage\",\"@id\":\"https:\\\/\\\/latamjournalismreview.org\\\/es\\\/articles\\\/periodista-es-herido-en-la-cara-con-balas-de-goma-durante-partido-de-futbol-en-argentina\\\/\",\"url\":\"https:\\\/\\\/latamjournalismreview.org\\\/es\\\/articles\\\/periodista-es-herido-en-la-cara-con-balas-de-goma-durante-partido-de-futbol-en-argentina\\\/\",\"name\":\"Periodista es herido en la cara con balas de goma durante partido de f\u00fatbol en Argentina - LatAm Journalism Review\",\"isPartOf\":{\"@id\":\"https:\\\/\\\/latamjournalismreview.org\\\/es\\\/#website\"},\"datePublished\":\"2010-06-28T15:58:39+00:00\",\"dateModified\":\"2022-08-24T15:59:21+00:00\",\"description\":\"Periodista es herido en la cara con balas de goma durante partido de f\u00fatbol en Argentina Violencia contra periodistas. Latin American Journalism Review by The Knight Center at The University of Texas at Austin.\",\"breadcrumb\":{\"@id\":\"https:\\\/\\\/latamjournalismreview.org\\\/es\\\/articles\\\/periodista-es-herido-en-la-cara-con-balas-de-goma-durante-partido-de-futbol-en-argentina\\\/#breadcrumb\"},\"inLanguage\":\"es\",\"potentialAction\":[{\"@type\":\"ReadAction\",\"target\":[\"https:\\\/\\\/latamjournalismreview.org\\\/es\\\/articles\\\/periodista-es-herido-en-la-cara-con-balas-de-goma-durante-partido-de-futbol-en-argentina\\\/\"]}]},{\"@type\":\"BreadcrumbList\",\"@id\":\"https:\\\/\\\/latamjournalismreview.org\\\/es\\\/articles\\\/periodista-es-herido-en-la-cara-con-balas-de-goma-durante-partido-de-futbol-en-argentina\\\/#breadcrumb\",\"itemListElement\":[{\"@type\":\"ListItem\",\"position\":1,\"name\":\"Home\",\"item\":\"https:\\\/\\\/latamjournalismreview.org\\\/es\\\/\"},{\"@type\":\"ListItem\",\"position\":2,\"name\":\"Periodista es herido en la cara con balas de goma durante partido de f\u00fatbol en Argentina\"}]},{\"@type\":\"WebSite\",\"@id\":\"https:\\\/\\\/latamjournalismreview.org\\\/es\\\/#website\",\"url\":\"https:\\\/\\\/latamjournalismreview.org\\\/es\\\/\",\"name\":\"LatAm Journalism Review\",\"description\":\"Knight Center at The University of Texas\",\"publisher\":{\"@id\":\"https:\\\/\\\/latamjournalismreview.org\\\/es\\\/#organization\"},\"potentialAction\":[{\"@type\":\"SearchAction\",\"target\":{\"@type\":\"EntryPoint\",\"urlTemplate\":\"https:\\\/\\\/latamjournalismreview.org\\\/es\\\/?s={search_term_string}\"},\"query-input\":{\"@type\":\"PropertyValueSpecification\",\"valueRequired\":true,\"valueName\":\"search_term_string\"}}],\"inLanguage\":\"es\"},{\"@type\":\"Organization\",\"@id\":\"https:\\\/\\\/latamjournalismreview.org\\\/es\\\/#organization\",\"name\":\"LatAm Journalism Review\",\"url\":\"https:\\\/\\\/latamjournalismreview.org\\\/es\\\/\",\"logo\":{\"@type\":\"ImageObject\",\"inLanguage\":\"es\",\"@id\":\"https:\\\/\\\/latamjournalismreview.org\\\/es\\\/#\\\/schema\\\/logo\\\/image\\\/\",\"url\":\"https:\\\/\\\/latamjournalismreview.org\\\/wp-content\\\/uploads\\\/2020\\\/05\\\/knight-latAm-review-logo.svg\",\"contentUrl\":\"https:\\\/\\\/latamjournalismreview.org\\\/wp-content\\\/uploads\\\/2020\\\/05\\\/knight-latAm-review-logo.svg\",\"width\":\"1024\",\"height\":\"1024\",\"caption\":\"LatAm Journalism Review\"},\"image\":{\"@id\":\"https:\\\/\\\/latamjournalismreview.org\\\/es\\\/#\\\/schema\\\/logo\\\/image\\\/\"},\"sameAs\":[\"https:\\\/\\\/x.com\\\/LatAmJournalism\"]},{\"@type\":\"Person\",\"@id\":\"https:\\\/\\\/latamjournalismreview.org\\\/es\\\/#\\\/schema\\\/person\\\/571a4b578ae1200d03b8c555e5e75663\",\"name\":\"Summer Harlow\",\"url\":\"https:\\\/\\\/latamjournalismreview.org\\\/es\\\/articles\\\/author\\\/summer-harlow\\\/\"}]}<\/script>\n<!-- \/ Yoast SEO Premium plugin. -->","yoast_head_json":{"title":"Periodista es herido en la cara con balas de goma durante partido de f\u00fatbol en Argentina - LatAm Journalism Review","description":"Periodista es herido en la cara con balas de goma durante partido de f\u00fatbol en Argentina Violencia contra periodistas. Latin American Journalism Review by The Knight Center at The University of Texas at Austin.","robots":{"index":"index","follow":"follow","max-snippet":"max-snippet:-1","max-image-preview":"max-image-preview:large","max-video-preview":"max-video-preview:-1"},"canonical":"https:\/\/latamjournalismreview.org\/es\/articles\/periodista-es-herido-en-la-cara-con-balas-de-goma-durante-partido-de-futbol-en-argentina\/","og_locale":"es_ES","og_type":"article","og_title":"Periodista es herido en la cara con balas de goma durante partido de f\u00fatbol en Argentina","og_description":"Periodista es herido en la cara con balas de goma durante partido de f\u00fatbol en Argentina Violencia contra periodistas. Latin American Journalism Review by The Knight Center at The University of Texas at Austin.","og_url":"https:\/\/latamjournalismreview.org\/es\/articles\/periodista-es-herido-en-la-cara-con-balas-de-goma-durante-partido-de-futbol-en-argentina\/","og_site_name":"LatAm Journalism Review","article_published_time":"2010-06-28T15:58:39+00:00","article_modified_time":"2022-08-24T15:59:21+00:00","author":"Summer Harlow","twitter_card":"summary_large_image","twitter_creator":"@LatAmJournalism","twitter_site":"@LatAmJournalism","twitter_misc":{"Written by":"Summer Harlow","Est. reading time":"1 minuto"},"schema":{"@context":"https:\/\/schema.org","@graph":[{"@type":"Article","@id":"https:\/\/latamjournalismreview.org\/es\/articles\/periodista-es-herido-en-la-cara-con-balas-de-goma-durante-partido-de-futbol-en-argentina\/#article","isPartOf":{"@id":"https:\/\/latamjournalismreview.org\/es\/articles\/periodista-es-herido-en-la-cara-con-balas-de-goma-durante-partido-de-futbol-en-argentina\/"},"author":{"name":"Summer Harlow","@id":"https:\/\/latamjournalismreview.org\/es\/#\/schema\/person\/571a4b578ae1200d03b8c555e5e75663"},"headline":"Periodista es herido en la cara con balas de goma durante partido de f\u00fatbol en Argentina","datePublished":"2010-06-28T15:58:39+00:00","dateModified":"2022-08-24T15:59:21+00:00","mainEntityOfPage":{"@id":"https:\/\/latamjournalismreview.org\/es\/articles\/periodista-es-herido-en-la-cara-con-balas-de-goma-durante-partido-de-futbol-en-argentina\/"},"wordCount":174,"publisher":{"@id":"https:\/\/latamjournalismreview.org\/es\/#organization"},"keywords":["Argentina"],"articleSection":["Violencia contra periodistas"],"inLanguage":"es"},{"@type":"WebPage","@id":"https:\/\/latamjournalismreview.org\/es\/articles\/periodista-es-herido-en-la-cara-con-balas-de-goma-durante-partido-de-futbol-en-argentina\/","url":"https:\/\/latamjournalismreview.org\/es\/articles\/periodista-es-herido-en-la-cara-con-balas-de-goma-durante-partido-de-futbol-en-argentina\/","name":"Periodista es herido en la cara con balas de goma durante partido de f\u00fatbol en Argentina - LatAm Journalism Review","isPartOf":{"@id":"https:\/\/latamjournalismreview.org\/es\/#website"},"datePublished":"2010-06-28T15:58:39+00:00","dateModified":"2022-08-24T15:59:21+00:00","description":"Periodista es herido en la cara con balas de goma durante partido de f\u00fatbol en Argentina Violencia contra periodistas. Latin American Journalism Review by The Knight Center at The University of Texas at Austin.","breadcrumb":{"@id":"https:\/\/latamjournalismreview.org\/es\/articles\/periodista-es-herido-en-la-cara-con-balas-de-goma-durante-partido-de-futbol-en-argentina\/#breadcrumb"},"inLanguage":"es","potentialAction":[{"@type":"ReadAction","target":["https:\/\/latamjournalismreview.org\/es\/articles\/periodista-es-herido-en-la-cara-con-balas-de-goma-durante-partido-de-futbol-en-argentina\/"]}]},{"@type":"BreadcrumbList","@id":"https:\/\/latamjournalismreview.org\/es\/articles\/periodista-es-herido-en-la-cara-con-balas-de-goma-durante-partido-de-futbol-en-argentina\/#breadcrumb","itemListElement":[{"@type":"ListItem","position":1,"name":"Home","item":"https:\/\/latamjournalismreview.org\/es\/"},{"@type":"ListItem","position":2,"name":"Periodista es herido en la cara con balas de goma durante partido de f\u00fatbol en Argentina"}]},{"@type":"WebSite","@id":"https:\/\/latamjournalismreview.org\/es\/#website","url":"https:\/\/latamjournalismreview.org\/es\/","name":"LatAm Journalism Review","description":"Knight Center at The University of Texas","publisher":{"@id":"https:\/\/latamjournalismreview.org\/es\/#organization"},"potentialAction":[{"@type":"SearchAction","target":{"@type":"EntryPoint","urlTemplate":"https:\/\/latamjournalismreview.org\/es\/?s={search_term_string}"},"query-input":{"@type":"PropertyValueSpecification","valueRequired":true,"valueName":"search_term_string"}}],"inLanguage":"es"},{"@type":"Organization","@id":"https:\/\/latamjournalismreview.org\/es\/#organization","name":"LatAm Journalism Review","url":"https:\/\/latamjournalismreview.org\/es\/","logo":{"@type":"ImageObject","inLanguage":"es","@id":"https:\/\/latamjournalismreview.org\/es\/#\/schema\/logo\/image\/","url":"https:\/\/latamjournalismreview.org\/wp-content\/uploads\/2020\/05\/knight-latAm-review-logo.svg","contentUrl":"https:\/\/latamjournalismreview.org\/wp-content\/uploads\/2020\/05\/knight-latAm-review-logo.svg","width":"1024","height":"1024","caption":"LatAm Journalism Review"},"image":{"@id":"https:\/\/latamjournalismreview.org\/es\/#\/schema\/logo\/image\/"},"sameAs":["https:\/\/x.com\/LatAmJournalism"]},{"@type":"Person","@id":"https:\/\/latamjournalismreview.org\/es\/#\/schema\/person\/571a4b578ae1200d03b8c555e5e75663","name":"Summer Harlow","url":"https:\/\/latamjournalismreview.org\/es\/articles\/author\/summer-harlow\/"}]}},"_links":{"self":[{"href":"https:\/\/latamjournalismreview.org\/es\/wp-json\/wp\/v2\/posts\/66232","targetHints":{"allow":["GET"]}}],"collection":[{"href":"https:\/\/latamjournalismreview.org\/es\/wp-json\/wp\/v2\/posts"}],"about":[{"href":"https:\/\/latamjournalismreview.org\/es\/wp-json\/wp\/v2\/types\/post"}],"author":[{"embeddable":true,"href":"https:\/\/latamjournalismreview.org\/es\/wp-json\/wp\/v2\/users\/41"}],"replies":[{"embeddable":true,"href":"https:\/\/latamjournalismreview.org\/es\/wp-json\/wp\/v2\/comments?post=66232"}],"version-history":[{"count":1,"href":"https:\/\/latamjournalismreview.org\/es\/wp-json\/wp\/v2\/posts\/66232\/revisions"}],"predecessor-version":[{"id":66237,"href":"https:\/\/latamjournalismreview.org\/es\/wp-json\/wp\/v2\/posts\/66232\/revisions\/66237"}],"wp:attachment":[{"href":"https:\/\/latamjournalismreview.org\/es\/wp-json\/wp\/v2\/media?parent=66232"}],"wp:term":[{"taxonomy":"category","embeddable":true,"href":"https:\/\/latamjournalismreview.org\/es\/wp-json\/wp\/v2\/categories?post=66232"},{"taxonomy":"post_tag","embeddable":true,"href":"https:\/\/latamjournalismreview.org\/es\/wp-json\/wp\/v2\/tags?post=66232"},{"taxonomy":"author","embeddable":true,"href":"https:\/\/latamjournalismreview.org\/es\/wp-json\/wp\/v2\/coauthors?post=66232"}],"curies":[{"name":"wp","href":"https:\/\/api.w.org\/{rel}","templated":true}]}}