{"id":66416,"date":"2010-05-04T07:50:09","date_gmt":"2010-05-04T12:50:09","guid":{"rendered":"https:\/\/latamjournalismreview.org\/?p=66416"},"modified":"2022-08-25T07:51:12","modified_gmt":"2022-08-25T12:51:12","slug":"investigan-a-agentes-policiales-que-atacaron-a-periodistas-que-cubrian-marcha-en-cali","status":"publish","type":"post","link":"https:\/\/latamjournalismreview.org\/es\/articles\/investigan-a-agentes-policiales-que-atacaron-a-periodistas-que-cubrian-marcha-en-cali\/","title":{"rendered":"Investigan a agentes policiales que atacaron a periodistas que cubr\u00edan marcha en Cali"},"content":{"rendered":"<p><em>Por Ingrid Bachmann<\/em><\/p>\n<p>Directivos policiales anunciaron que investigan las denuncias contra miembros del escuadr\u00f3n antidisturbios de\u00a0<a href=\"http:\/\/es.wikipedia.org\/wiki\/Cali\">Cali<\/a>, en el oeste de Colombia, para determinar si se abre un proceso disciplinario formal contra los agentes acusados de golpear a reporteros y fot\u00f3grafos que cubr\u00edan una\u00a0<a href=\"http:\/\/www.eltiempo.com\/colombia\/occidente\/dia-del-trabajo-en-cali-colombia_7690175-1\">manifestaci\u00f3n en el marco del D\u00eda del Trabajo<\/a>, inform\u00f3\u00a0<a href=\"http:\/\/www.rcnradio.com\/noticias\/nacional\/02-05-10\/investigan-polic-acusados-de-golpear-periodistas\">RCN<\/a>.<\/p>\n<p>Seg\u00fan\u00a0<a href=\"http:\/\/www.eltiempo.com\/colombia\/bogota\/ARTICULO-WEB-PLANTILLA_NOTA_INTERIOR-7690226.html\">El Tiempo<\/a>, los uniformados atacaron a los reporteros gr\u00e1ficos Carlos Ortega, de la agencia EFE, y Cristian Escobar de la Associated Press, adem\u00e1s de dos periodistas de Caracol Televisi\u00f3n y uno de Cable Noticias. Los comunicadores presentaron una denuncia formal.<\/p>\n<p>La\u00a0<a href=\"http:\/\/www.flip.org.co\/new\/alert_display\/0\/871.html\">Fundaci\u00f3n para la Libertad de Prensa<\/a>\u00a0(FLIP) tambi\u00e9n dio cuenta del caso de un periodista espa\u00f1ol independiente agredido violentamente en Bogot\u00e1 y manifest\u00f3 su preocupaci\u00f3n por la continua frecuencia de ataques de la fuerza p\u00fablica contra periodistas en el ejercicio de su trabajo.<\/p>\n<p>El subcomandante de la Polic\u00eda Metropolitana de Cali se\u00f1al\u00f3 que, \u201cen principio\u201d, le parece que \u201chubo un mal entendido por parte de los uniformados\u201d antidisturbios, a\u00f1ade RCN. Sin embargo, los comunicadores dicen que fueron agredidos con \u201cgolpes, pu\u00f1os y bolillo\u201d por los polic\u00edas que quer\u00edan impedir que tomaran im\u00e1genes de los disturbios, agrega\u00a0<a href=\"http:\/\/www.elmundo.com\/sitio\/noticia_detalle.php?idedicion=1726&amp;idcuerpo=1&amp;dscuerpo=Secci%C3%B3n%20A&amp;idseccion=12&amp;dsseccion=Cierre&amp;idnoticia=147723&amp;imagen=&amp;vl=1&amp;r=cierre.php?idedicion=1726\">El Mundo<\/a>.<\/p>\n<p><em>Nota del editor: Esta historia fue publicada originalmente en el blog Periodismo en las Am\u00e9ricas del Centro Knight, el predecesor de LatAm Journalism Review.<\/em><\/p>\n","protected":false},"excerpt":{"rendered":"<p>Directivos policiales anunciaron que investigan las denuncias contra miembros del escuadr\u00f3n antidisturbios de\u00a0Cali, en el oeste de Colombia, para determinar si se abre un proceso disciplinario formal contra los agentes acusados de golpear a reporteros y fot\u00f3grafos que cubr\u00edan una\u00a0manifestaci\u00f3n en el marco del D\u00eda del Trabajo, inform\u00f3\u00a0RCN.<\/p>\n","protected":false},"author":17,"featured_media":0,"comment_status":"closed","ping_status":"closed","sticky":false,"template":"","format":"standard","meta":{"inline_featured_image":false,"footnotes":""},"categories":[1222],"tags":[1395],"coauthors":[],"class_list":["post-66416","post","type-post","status-publish","format-standard","hentry","category-violencia-contra-periodistas-es","tag-colombia-es-2"],"acf":[],"yoast_head":"<!-- This site is optimized with the Yoast SEO Premium plugin v22.6 (Yoast SEO v27.4) - https:\/\/yoast.com\/product\/yoast-seo-premium-wordpress\/ -->\n<title>Investigan a agentes policiales que atacaron a periodistas que cubr\u00edan marcha en Cali - LatAm Journalism Review<\/title>\n<meta name=\"description\" content=\"Investigan a agentes policiales que atacaron a periodistas que cubr\u00edan marcha en Cali Violencia contra periodistas. Latin American Journalism Review by The Knight Center at The University of Texas at Austin.\" \/>\n<meta name=\"robots\" content=\"index, follow, max-snippet:-1, max-image-preview:large, max-video-preview:-1\" \/>\n<link rel=\"canonical\" href=\"https:\/\/latamjournalismreview.org\/es\/articles\/investigan-a-agentes-policiales-que-atacaron-a-periodistas-que-cubrian-marcha-en-cali\/\" \/>\n<meta property=\"og:locale\" content=\"es_ES\" \/>\n<meta property=\"og:type\" content=\"article\" \/>\n<meta property=\"og:title\" content=\"Investigan a agentes policiales que atacaron a periodistas que cubr\u00edan marcha en Cali\" \/>\n<meta property=\"og:description\" content=\"Investigan a agentes policiales que atacaron a periodistas que cubr\u00edan marcha en Cali Violencia contra periodistas. Latin American Journalism Review by The Knight Center at The University of Texas at Austin.\" \/>\n<meta property=\"og:url\" content=\"https:\/\/latamjournalismreview.org\/es\/articles\/investigan-a-agentes-policiales-que-atacaron-a-periodistas-que-cubrian-marcha-en-cali\/\" \/>\n<meta property=\"og:site_name\" content=\"LatAm Journalism Review\" \/>\n<meta property=\"article:published_time\" content=\"2010-05-04T12:50:09+00:00\" \/>\n<meta property=\"article:modified_time\" content=\"2022-08-25T12:51:12+00:00\" \/>\n<meta name=\"author\" content=\"Guest\" \/>\n<meta name=\"twitter:card\" content=\"summary_large_image\" \/>\n<meta name=\"twitter:creator\" content=\"@LatAmJournalism\" \/>\n<meta name=\"twitter:site\" content=\"@LatAmJournalism\" \/>\n<meta name=\"twitter:label1\" content=\"Written by\" \/>\n\t<meta name=\"twitter:data1\" content=\"Guest\" \/>\n\t<meta name=\"twitter:label2\" content=\"Est. reading time\" \/>\n\t<meta name=\"twitter:data2\" content=\"1 minuto\" \/>\n<script type=\"application\/ld+json\" class=\"yoast-schema-graph\">{\"@context\":\"https:\\\/\\\/schema.org\",\"@graph\":[{\"@type\":\"Article\",\"@id\":\"https:\\\/\\\/latamjournalismreview.org\\\/es\\\/articles\\\/investigan-a-agentes-policiales-que-atacaron-a-periodistas-que-cubrian-marcha-en-cali\\\/#article\",\"isPartOf\":{\"@id\":\"https:\\\/\\\/latamjournalismreview.org\\\/es\\\/articles\\\/investigan-a-agentes-policiales-que-atacaron-a-periodistas-que-cubrian-marcha-en-cali\\\/\"},\"author\":{\"name\":\"Guest\",\"@id\":\"https:\\\/\\\/latamjournalismreview.org\\\/es\\\/#\\\/schema\\\/person\\\/0315202e0b3c0963a2440f1c3012c360\"},\"headline\":\"Investigan a agentes policiales que atacaron a periodistas que cubr\u00edan marcha en Cali\",\"datePublished\":\"2010-05-04T12:50:09+00:00\",\"dateModified\":\"2022-08-25T12:51:12+00:00\",\"mainEntityOfPage\":{\"@id\":\"https:\\\/\\\/latamjournalismreview.org\\\/es\\\/articles\\\/investigan-a-agentes-policiales-que-atacaron-a-periodistas-que-cubrian-marcha-en-cali\\\/\"},\"wordCount\":254,\"publisher\":{\"@id\":\"https:\\\/\\\/latamjournalismreview.org\\\/es\\\/#organization\"},\"keywords\":[\"Colombia\"],\"articleSection\":[\"Violencia contra periodistas\"],\"inLanguage\":\"es\"},{\"@type\":\"WebPage\",\"@id\":\"https:\\\/\\\/latamjournalismreview.org\\\/es\\\/articles\\\/investigan-a-agentes-policiales-que-atacaron-a-periodistas-que-cubrian-marcha-en-cali\\\/\",\"url\":\"https:\\\/\\\/latamjournalismreview.org\\\/es\\\/articles\\\/investigan-a-agentes-policiales-que-atacaron-a-periodistas-que-cubrian-marcha-en-cali\\\/\",\"name\":\"Investigan a agentes policiales que atacaron a periodistas que cubr\u00edan marcha en Cali - LatAm Journalism Review\",\"isPartOf\":{\"@id\":\"https:\\\/\\\/latamjournalismreview.org\\\/es\\\/#website\"},\"datePublished\":\"2010-05-04T12:50:09+00:00\",\"dateModified\":\"2022-08-25T12:51:12+00:00\",\"description\":\"Investigan a agentes policiales que atacaron a periodistas que cubr\u00edan marcha en Cali Violencia contra periodistas. Latin American Journalism Review by The Knight Center at The University of Texas at Austin.\",\"breadcrumb\":{\"@id\":\"https:\\\/\\\/latamjournalismreview.org\\\/es\\\/articles\\\/investigan-a-agentes-policiales-que-atacaron-a-periodistas-que-cubrian-marcha-en-cali\\\/#breadcrumb\"},\"inLanguage\":\"es\",\"potentialAction\":[{\"@type\":\"ReadAction\",\"target\":[\"https:\\\/\\\/latamjournalismreview.org\\\/es\\\/articles\\\/investigan-a-agentes-policiales-que-atacaron-a-periodistas-que-cubrian-marcha-en-cali\\\/\"]}]},{\"@type\":\"BreadcrumbList\",\"@id\":\"https:\\\/\\\/latamjournalismreview.org\\\/es\\\/articles\\\/investigan-a-agentes-policiales-que-atacaron-a-periodistas-que-cubrian-marcha-en-cali\\\/#breadcrumb\",\"itemListElement\":[{\"@type\":\"ListItem\",\"position\":1,\"name\":\"Home\",\"item\":\"https:\\\/\\\/latamjournalismreview.org\\\/es\\\/\"},{\"@type\":\"ListItem\",\"position\":2,\"name\":\"Investigan a agentes policiales que atacaron a periodistas que cubr\u00edan marcha en Cali\"}]},{\"@type\":\"WebSite\",\"@id\":\"https:\\\/\\\/latamjournalismreview.org\\\/es\\\/#website\",\"url\":\"https:\\\/\\\/latamjournalismreview.org\\\/es\\\/\",\"name\":\"LatAm Journalism Review\",\"description\":\"Knight Center at The University of Texas\",\"publisher\":{\"@id\":\"https:\\\/\\\/latamjournalismreview.org\\\/es\\\/#organization\"},\"potentialAction\":[{\"@type\":\"SearchAction\",\"target\":{\"@type\":\"EntryPoint\",\"urlTemplate\":\"https:\\\/\\\/latamjournalismreview.org\\\/es\\\/?s={search_term_string}\"},\"query-input\":{\"@type\":\"PropertyValueSpecification\",\"valueRequired\":true,\"valueName\":\"search_term_string\"}}],\"inLanguage\":\"es\"},{\"@type\":\"Organization\",\"@id\":\"https:\\\/\\\/latamjournalismreview.org\\\/es\\\/#organization\",\"name\":\"LatAm Journalism Review\",\"url\":\"https:\\\/\\\/latamjournalismreview.org\\\/es\\\/\",\"logo\":{\"@type\":\"ImageObject\",\"inLanguage\":\"es\",\"@id\":\"https:\\\/\\\/latamjournalismreview.org\\\/es\\\/#\\\/schema\\\/logo\\\/image\\\/\",\"url\":\"https:\\\/\\\/latamjournalismreview.org\\\/wp-content\\\/uploads\\\/2020\\\/05\\\/knight-latAm-review-logo.svg\",\"contentUrl\":\"https:\\\/\\\/latamjournalismreview.org\\\/wp-content\\\/uploads\\\/2020\\\/05\\\/knight-latAm-review-logo.svg\",\"width\":\"1024\",\"height\":\"1024\",\"caption\":\"LatAm Journalism Review\"},\"image\":{\"@id\":\"https:\\\/\\\/latamjournalismreview.org\\\/es\\\/#\\\/schema\\\/logo\\\/image\\\/\"},\"sameAs\":[\"https:\\\/\\\/x.com\\\/LatAmJournalism\"]},{\"@type\":\"Person\",\"@id\":\"https:\\\/\\\/latamjournalismreview.org\\\/es\\\/#\\\/schema\\\/person\\\/0315202e0b3c0963a2440f1c3012c360\",\"name\":\"Guest\",\"url\":\"https:\\\/\\\/latamjournalismreview.org\\\/es\\\/articles\\\/author\\\/guest\\\/\"}]}<\/script>\n<!-- \/ Yoast SEO Premium plugin. -->","yoast_head_json":{"title":"Investigan a agentes policiales que atacaron a periodistas que cubr\u00edan marcha en Cali - LatAm Journalism Review","description":"Investigan a agentes policiales que atacaron a periodistas que cubr\u00edan marcha en Cali Violencia contra periodistas. Latin American Journalism Review by The Knight Center at The University of Texas at Austin.","robots":{"index":"index","follow":"follow","max-snippet":"max-snippet:-1","max-image-preview":"max-image-preview:large","max-video-preview":"max-video-preview:-1"},"canonical":"https:\/\/latamjournalismreview.org\/es\/articles\/investigan-a-agentes-policiales-que-atacaron-a-periodistas-que-cubrian-marcha-en-cali\/","og_locale":"es_ES","og_type":"article","og_title":"Investigan a agentes policiales que atacaron a periodistas que cubr\u00edan marcha en Cali","og_description":"Investigan a agentes policiales que atacaron a periodistas que cubr\u00edan marcha en Cali Violencia contra periodistas. Latin American Journalism Review by The Knight Center at The University of Texas at Austin.","og_url":"https:\/\/latamjournalismreview.org\/es\/articles\/investigan-a-agentes-policiales-que-atacaron-a-periodistas-que-cubrian-marcha-en-cali\/","og_site_name":"LatAm Journalism Review","article_published_time":"2010-05-04T12:50:09+00:00","article_modified_time":"2022-08-25T12:51:12+00:00","author":"Guest","twitter_card":"summary_large_image","twitter_creator":"@LatAmJournalism","twitter_site":"@LatAmJournalism","twitter_misc":{"Written by":"Guest","Est. reading time":"1 minuto"},"schema":{"@context":"https:\/\/schema.org","@graph":[{"@type":"Article","@id":"https:\/\/latamjournalismreview.org\/es\/articles\/investigan-a-agentes-policiales-que-atacaron-a-periodistas-que-cubrian-marcha-en-cali\/#article","isPartOf":{"@id":"https:\/\/latamjournalismreview.org\/es\/articles\/investigan-a-agentes-policiales-que-atacaron-a-periodistas-que-cubrian-marcha-en-cali\/"},"author":{"name":"Guest","@id":"https:\/\/latamjournalismreview.org\/es\/#\/schema\/person\/0315202e0b3c0963a2440f1c3012c360"},"headline":"Investigan a agentes policiales que atacaron a periodistas que cubr\u00edan marcha en Cali","datePublished":"2010-05-04T12:50:09+00:00","dateModified":"2022-08-25T12:51:12+00:00","mainEntityOfPage":{"@id":"https:\/\/latamjournalismreview.org\/es\/articles\/investigan-a-agentes-policiales-que-atacaron-a-periodistas-que-cubrian-marcha-en-cali\/"},"wordCount":254,"publisher":{"@id":"https:\/\/latamjournalismreview.org\/es\/#organization"},"keywords":["Colombia"],"articleSection":["Violencia contra periodistas"],"inLanguage":"es"},{"@type":"WebPage","@id":"https:\/\/latamjournalismreview.org\/es\/articles\/investigan-a-agentes-policiales-que-atacaron-a-periodistas-que-cubrian-marcha-en-cali\/","url":"https:\/\/latamjournalismreview.org\/es\/articles\/investigan-a-agentes-policiales-que-atacaron-a-periodistas-que-cubrian-marcha-en-cali\/","name":"Investigan a agentes policiales que atacaron a periodistas que cubr\u00edan marcha en Cali - LatAm Journalism Review","isPartOf":{"@id":"https:\/\/latamjournalismreview.org\/es\/#website"},"datePublished":"2010-05-04T12:50:09+00:00","dateModified":"2022-08-25T12:51:12+00:00","description":"Investigan a agentes policiales que atacaron a periodistas que cubr\u00edan marcha en Cali Violencia contra periodistas. Latin American Journalism Review by The Knight Center at The University of Texas at Austin.","breadcrumb":{"@id":"https:\/\/latamjournalismreview.org\/es\/articles\/investigan-a-agentes-policiales-que-atacaron-a-periodistas-que-cubrian-marcha-en-cali\/#breadcrumb"},"inLanguage":"es","potentialAction":[{"@type":"ReadAction","target":["https:\/\/latamjournalismreview.org\/es\/articles\/investigan-a-agentes-policiales-que-atacaron-a-periodistas-que-cubrian-marcha-en-cali\/"]}]},{"@type":"BreadcrumbList","@id":"https:\/\/latamjournalismreview.org\/es\/articles\/investigan-a-agentes-policiales-que-atacaron-a-periodistas-que-cubrian-marcha-en-cali\/#breadcrumb","itemListElement":[{"@type":"ListItem","position":1,"name":"Home","item":"https:\/\/latamjournalismreview.org\/es\/"},{"@type":"ListItem","position":2,"name":"Investigan a agentes policiales que atacaron a periodistas que cubr\u00edan marcha en Cali"}]},{"@type":"WebSite","@id":"https:\/\/latamjournalismreview.org\/es\/#website","url":"https:\/\/latamjournalismreview.org\/es\/","name":"LatAm Journalism Review","description":"Knight Center at The University of Texas","publisher":{"@id":"https:\/\/latamjournalismreview.org\/es\/#organization"},"potentialAction":[{"@type":"SearchAction","target":{"@type":"EntryPoint","urlTemplate":"https:\/\/latamjournalismreview.org\/es\/?s={search_term_string}"},"query-input":{"@type":"PropertyValueSpecification","valueRequired":true,"valueName":"search_term_string"}}],"inLanguage":"es"},{"@type":"Organization","@id":"https:\/\/latamjournalismreview.org\/es\/#organization","name":"LatAm Journalism Review","url":"https:\/\/latamjournalismreview.org\/es\/","logo":{"@type":"ImageObject","inLanguage":"es","@id":"https:\/\/latamjournalismreview.org\/es\/#\/schema\/logo\/image\/","url":"https:\/\/latamjournalismreview.org\/wp-content\/uploads\/2020\/05\/knight-latAm-review-logo.svg","contentUrl":"https:\/\/latamjournalismreview.org\/wp-content\/uploads\/2020\/05\/knight-latAm-review-logo.svg","width":"1024","height":"1024","caption":"LatAm Journalism Review"},"image":{"@id":"https:\/\/latamjournalismreview.org\/es\/#\/schema\/logo\/image\/"},"sameAs":["https:\/\/x.com\/LatAmJournalism"]},{"@type":"Person","@id":"https:\/\/latamjournalismreview.org\/es\/#\/schema\/person\/0315202e0b3c0963a2440f1c3012c360","name":"Guest","url":"https:\/\/latamjournalismreview.org\/es\/articles\/author\/guest\/"}]}},"_links":{"self":[{"href":"https:\/\/latamjournalismreview.org\/es\/wp-json\/wp\/v2\/posts\/66416","targetHints":{"allow":["GET"]}}],"collection":[{"href":"https:\/\/latamjournalismreview.org\/es\/wp-json\/wp\/v2\/posts"}],"about":[{"href":"https:\/\/latamjournalismreview.org\/es\/wp-json\/wp\/v2\/types\/post"}],"author":[{"embeddable":true,"href":"https:\/\/latamjournalismreview.org\/es\/wp-json\/wp\/v2\/users\/17"}],"replies":[{"embeddable":true,"href":"https:\/\/latamjournalismreview.org\/es\/wp-json\/wp\/v2\/comments?post=66416"}],"version-history":[{"count":1,"href":"https:\/\/latamjournalismreview.org\/es\/wp-json\/wp\/v2\/posts\/66416\/revisions"}],"predecessor-version":[{"id":66421,"href":"https:\/\/latamjournalismreview.org\/es\/wp-json\/wp\/v2\/posts\/66416\/revisions\/66421"}],"wp:attachment":[{"href":"https:\/\/latamjournalismreview.org\/es\/wp-json\/wp\/v2\/media?parent=66416"}],"wp:term":[{"taxonomy":"category","embeddable":true,"href":"https:\/\/latamjournalismreview.org\/es\/wp-json\/wp\/v2\/categories?post=66416"},{"taxonomy":"post_tag","embeddable":true,"href":"https:\/\/latamjournalismreview.org\/es\/wp-json\/wp\/v2\/tags?post=66416"},{"taxonomy":"author","embeddable":true,"href":"https:\/\/latamjournalismreview.org\/es\/wp-json\/wp\/v2\/coauthors?post=66416"}],"curies":[{"name":"wp","href":"https:\/\/api.w.org\/{rel}","templated":true}]}}