{"id":66989,"date":"2010-04-16T13:27:17","date_gmt":"2010-04-16T18:27:17","guid":{"rendered":"https:\/\/latamjournalismreview.org\/?p=66989"},"modified":"2022-08-29T13:28:57","modified_gmt":"2022-08-29T18:28:57","slug":"argentinos-participan-en-multitudinaria-marcha-en-favor-de-la-ley-de-medios","status":"publish","type":"post","link":"https:\/\/latamjournalismreview.org\/es\/articles\/argentinos-participan-en-multitudinaria-marcha-en-favor-de-la-ley-de-medios\/","title":{"rendered":"Argentinos participan en multitudinaria marcha en favor de la ley de medios"},"content":{"rendered":"<p><em>Por Ingrid Bachmann<br \/>\n<\/em><\/p>\n<p>Representantes de organizaciones sociales, pol\u00edticas y de derechos humanos se manifestaron en Buenos Aires en defensa de la aplicaci\u00f3n de la ley de medios audiovisuales,\u00a0<a href=\"http:\/\/knightcenter.utexas.edu\/archive\/blog\/?q=es\/node\/5457\">sancionada en octubre<\/a>\u00a0pero suspendida por una\u00a0<a href=\"http:\/\/www.larazon.com.ar\/notas\/2010\/03\/26\/02167692.html\">resoluci\u00f3n judicial en marzo pasado<\/a>, reportaron\u00a0<a href=\"http:\/\/www.lanacion.com.ar\/nota.asp?nota_id=1254804\">La Naci\u00f3n<\/a>\u00a0y\u00a0<a href=\"http:\/\/www.google.com\/hostednews\/epa\/article\/ALeqM5j1Eib_zaoD8fhIQ1EK2xZ4jkB4FQ\">EFE<\/a>.<\/p>\n<p>La norma impulsada por el gobierno de Cristina Fern\u00e1ndez de Kirchner reemplaza uno de los\u00a0<a href=\"http:\/\/www.comfer.gov.ar\/leyderadiodifusion22285.php\">\u00faltimos vestigios legales de la dictadura<\/a>, pero ha sido blanco de una\u00a0<a href=\"http:\/\/knightcenter.utexas.edu\/archive\/blog\/?q=es\/node\/5012\">intensa pol\u00e9mica<\/a>\u00a0entre las autoridades, la oposici\u00f3n y los principales grupos de medios del pa\u00eds, explica EFE.<\/p>\n<p>Seg\u00fan\u00a0<a href=\"http:\/\/www.jornada.unam.mx\/2010\/04\/16\/index.php?section=mundo&amp;article=020n3mun\">La Jornada<\/a>, los manifestantes expresaron que existe un \u201cevidente consenso social\u201d a favor de la ley, y que los obst\u00e1culos puestos por empresarios mediales tienen que ver con grupos monop\u00f3licos que buscan proteger sus intereses minoritarios.<\/p>\n<p>Las tensiones entre el gobierno y los medios han sido una constante en los \u00faltimos a\u00f1os en Argentina y abarcan conflictos sobre la\u00a0<a href=\"http:\/\/news.google.es\/news\/search?aq=f&amp;pz=1&amp;cf=all&amp;ned=es&amp;hl=es&amp;q=Papel+prensa\">administraci\u00f3n de la empresa Papel Prensa<\/a>\u00a0\u2014el mayor proveedor local de papel para peri\u00f3dicos\u2014 y objeciones a la\u00a0<a href=\"http:\/\/www.cronista.com\/notas\/227856-el-gobierno-quiere-obligar-clarin-mantener-las-operaciones-multicanal\">concentraci\u00f3n del mercado de cableoperadores<\/a>.<\/p>\n<p>Adem\u00e1s, el grupo Clar\u00edn\u00a0<a href=\"http:\/\/www.clarin.com\/diario\/2010\/04\/16\/elpais\/p-02181881.htm\">ha denunciado<\/a>\u00a0una campa\u00f1a an\u00f3nima que busca desprestigiar al conglomerado medial, con la difusi\u00f3n de afiches que cuestionan la integridad editorial e independencia de sus periodistas.<\/p>\n<p><em>Nota del editor: Esta historia fue publicada originalmente en el blog Periodismo en las Am\u00e9ricas del Centro Knight, el predecesor de LatAm Journalism Review.<\/em><\/p>\n","protected":false},"excerpt":{"rendered":"<p>Representantes de organizaciones sociales, pol\u00edticas y de derechos humanos se manifestaron en Buenos Aires en defensa de la aplicaci\u00f3n de la ley de medios audiovisuales,\u00a0sancionada en octubre\u00a0pero suspendida por una\u00a0resoluci\u00f3n judicial en marzo pasado, reportaron\u00a0La Naci\u00f3n\u00a0y\u00a0EFE.<\/p>\n","protected":false},"author":17,"featured_media":0,"comment_status":"closed","ping_status":"closed","sticky":false,"template":"","format":"standard","meta":{"inline_featured_image":false,"footnotes":""},"categories":[1220],"tags":[1426,1483],"coauthors":[],"class_list":["post-66989","post","type-post","status-publish","format-standard","hentry","category-libertad-de-prensa-es","tag-argentina-es","tag-legislacion-es"],"acf":[],"yoast_head":"<!-- This site is optimized with the Yoast SEO Premium plugin v22.6 (Yoast SEO v27.4) - https:\/\/yoast.com\/product\/yoast-seo-premium-wordpress\/ -->\n<title>Argentinos participan en multitudinaria marcha en favor de la ley de medios - LatAm Journalism Review<\/title>\n<meta name=\"description\" content=\"Argentinos participan en multitudinaria marcha en favor de la ley de medios Libertad de prensa. Latin American Journalism Review by The Knight Center at The University of Texas at Austin.\" \/>\n<meta name=\"robots\" content=\"index, follow, max-snippet:-1, max-image-preview:large, max-video-preview:-1\" \/>\n<link rel=\"canonical\" href=\"https:\/\/latamjournalismreview.org\/es\/articles\/argentinos-participan-en-multitudinaria-marcha-en-favor-de-la-ley-de-medios\/\" \/>\n<meta property=\"og:locale\" content=\"es_ES\" \/>\n<meta property=\"og:type\" content=\"article\" \/>\n<meta property=\"og:title\" content=\"Argentinos participan en multitudinaria marcha en favor de la ley de medios\" \/>\n<meta property=\"og:description\" content=\"Argentinos participan en multitudinaria marcha en favor de la ley de medios Libertad de prensa. Latin American Journalism Review by The Knight Center at The University of Texas at Austin.\" \/>\n<meta property=\"og:url\" content=\"https:\/\/latamjournalismreview.org\/es\/articles\/argentinos-participan-en-multitudinaria-marcha-en-favor-de-la-ley-de-medios\/\" \/>\n<meta property=\"og:site_name\" content=\"LatAm Journalism Review\" \/>\n<meta property=\"article:published_time\" content=\"2010-04-16T18:27:17+00:00\" \/>\n<meta property=\"article:modified_time\" content=\"2022-08-29T18:28:57+00:00\" \/>\n<meta name=\"author\" content=\"Guest\" \/>\n<meta name=\"twitter:card\" content=\"summary_large_image\" \/>\n<meta name=\"twitter:creator\" content=\"@LatAmJournalism\" \/>\n<meta name=\"twitter:site\" content=\"@LatAmJournalism\" \/>\n<meta name=\"twitter:label1\" content=\"Written by\" \/>\n\t<meta name=\"twitter:data1\" content=\"Guest\" \/>\n\t<meta name=\"twitter:label2\" content=\"Est. reading time\" \/>\n\t<meta name=\"twitter:data2\" content=\"1 minuto\" \/>\n<script type=\"application\/ld+json\" class=\"yoast-schema-graph\">{\"@context\":\"https:\\\/\\\/schema.org\",\"@graph\":[{\"@type\":\"Article\",\"@id\":\"https:\\\/\\\/latamjournalismreview.org\\\/es\\\/articles\\\/argentinos-participan-en-multitudinaria-marcha-en-favor-de-la-ley-de-medios\\\/#article\",\"isPartOf\":{\"@id\":\"https:\\\/\\\/latamjournalismreview.org\\\/es\\\/articles\\\/argentinos-participan-en-multitudinaria-marcha-en-favor-de-la-ley-de-medios\\\/\"},\"author\":{\"name\":\"Guest\",\"@id\":\"https:\\\/\\\/latamjournalismreview.org\\\/es\\\/#\\\/schema\\\/person\\\/0315202e0b3c0963a2440f1c3012c360\"},\"headline\":\"Argentinos participan en multitudinaria marcha en favor de la ley de medios\",\"datePublished\":\"2010-04-16T18:27:17+00:00\",\"dateModified\":\"2022-08-29T18:28:57+00:00\",\"mainEntityOfPage\":{\"@id\":\"https:\\\/\\\/latamjournalismreview.org\\\/es\\\/articles\\\/argentinos-participan-en-multitudinaria-marcha-en-favor-de-la-ley-de-medios\\\/\"},\"wordCount\":259,\"publisher\":{\"@id\":\"https:\\\/\\\/latamjournalismreview.org\\\/es\\\/#organization\"},\"keywords\":[\"Argentina\",\"Legislaci\u00f3n\"],\"articleSection\":[\"Libertad de prensa\"],\"inLanguage\":\"es\"},{\"@type\":\"WebPage\",\"@id\":\"https:\\\/\\\/latamjournalismreview.org\\\/es\\\/articles\\\/argentinos-participan-en-multitudinaria-marcha-en-favor-de-la-ley-de-medios\\\/\",\"url\":\"https:\\\/\\\/latamjournalismreview.org\\\/es\\\/articles\\\/argentinos-participan-en-multitudinaria-marcha-en-favor-de-la-ley-de-medios\\\/\",\"name\":\"Argentinos participan en multitudinaria marcha en favor de la ley de medios - LatAm Journalism Review\",\"isPartOf\":{\"@id\":\"https:\\\/\\\/latamjournalismreview.org\\\/es\\\/#website\"},\"datePublished\":\"2010-04-16T18:27:17+00:00\",\"dateModified\":\"2022-08-29T18:28:57+00:00\",\"description\":\"Argentinos participan en multitudinaria marcha en favor de la ley de medios Libertad de prensa. Latin American Journalism Review by The Knight Center at The University of Texas at Austin.\",\"breadcrumb\":{\"@id\":\"https:\\\/\\\/latamjournalismreview.org\\\/es\\\/articles\\\/argentinos-participan-en-multitudinaria-marcha-en-favor-de-la-ley-de-medios\\\/#breadcrumb\"},\"inLanguage\":\"es\",\"potentialAction\":[{\"@type\":\"ReadAction\",\"target\":[\"https:\\\/\\\/latamjournalismreview.org\\\/es\\\/articles\\\/argentinos-participan-en-multitudinaria-marcha-en-favor-de-la-ley-de-medios\\\/\"]}]},{\"@type\":\"BreadcrumbList\",\"@id\":\"https:\\\/\\\/latamjournalismreview.org\\\/es\\\/articles\\\/argentinos-participan-en-multitudinaria-marcha-en-favor-de-la-ley-de-medios\\\/#breadcrumb\",\"itemListElement\":[{\"@type\":\"ListItem\",\"position\":1,\"name\":\"Home\",\"item\":\"https:\\\/\\\/latamjournalismreview.org\\\/es\\\/\"},{\"@type\":\"ListItem\",\"position\":2,\"name\":\"Argentinos participan en multitudinaria marcha en favor de la ley de medios\"}]},{\"@type\":\"WebSite\",\"@id\":\"https:\\\/\\\/latamjournalismreview.org\\\/es\\\/#website\",\"url\":\"https:\\\/\\\/latamjournalismreview.org\\\/es\\\/\",\"name\":\"LatAm Journalism Review\",\"description\":\"Knight Center at The University of Texas\",\"publisher\":{\"@id\":\"https:\\\/\\\/latamjournalismreview.org\\\/es\\\/#organization\"},\"potentialAction\":[{\"@type\":\"SearchAction\",\"target\":{\"@type\":\"EntryPoint\",\"urlTemplate\":\"https:\\\/\\\/latamjournalismreview.org\\\/es\\\/?s={search_term_string}\"},\"query-input\":{\"@type\":\"PropertyValueSpecification\",\"valueRequired\":true,\"valueName\":\"search_term_string\"}}],\"inLanguage\":\"es\"},{\"@type\":\"Organization\",\"@id\":\"https:\\\/\\\/latamjournalismreview.org\\\/es\\\/#organization\",\"name\":\"LatAm Journalism Review\",\"url\":\"https:\\\/\\\/latamjournalismreview.org\\\/es\\\/\",\"logo\":{\"@type\":\"ImageObject\",\"inLanguage\":\"es\",\"@id\":\"https:\\\/\\\/latamjournalismreview.org\\\/es\\\/#\\\/schema\\\/logo\\\/image\\\/\",\"url\":\"https:\\\/\\\/latamjournalismreview.org\\\/wp-content\\\/uploads\\\/2020\\\/05\\\/knight-latAm-review-logo.svg\",\"contentUrl\":\"https:\\\/\\\/latamjournalismreview.org\\\/wp-content\\\/uploads\\\/2020\\\/05\\\/knight-latAm-review-logo.svg\",\"width\":\"1024\",\"height\":\"1024\",\"caption\":\"LatAm Journalism Review\"},\"image\":{\"@id\":\"https:\\\/\\\/latamjournalismreview.org\\\/es\\\/#\\\/schema\\\/logo\\\/image\\\/\"},\"sameAs\":[\"https:\\\/\\\/x.com\\\/LatAmJournalism\"]},{\"@type\":\"Person\",\"@id\":\"https:\\\/\\\/latamjournalismreview.org\\\/es\\\/#\\\/schema\\\/person\\\/0315202e0b3c0963a2440f1c3012c360\",\"name\":\"Guest\",\"url\":\"https:\\\/\\\/latamjournalismreview.org\\\/es\\\/articles\\\/author\\\/guest\\\/\"}]}<\/script>\n<!-- \/ Yoast SEO Premium plugin. -->","yoast_head_json":{"title":"Argentinos participan en multitudinaria marcha en favor de la ley de medios - LatAm Journalism Review","description":"Argentinos participan en multitudinaria marcha en favor de la ley de medios Libertad de prensa. Latin American Journalism Review by The Knight Center at The University of Texas at Austin.","robots":{"index":"index","follow":"follow","max-snippet":"max-snippet:-1","max-image-preview":"max-image-preview:large","max-video-preview":"max-video-preview:-1"},"canonical":"https:\/\/latamjournalismreview.org\/es\/articles\/argentinos-participan-en-multitudinaria-marcha-en-favor-de-la-ley-de-medios\/","og_locale":"es_ES","og_type":"article","og_title":"Argentinos participan en multitudinaria marcha en favor de la ley de medios","og_description":"Argentinos participan en multitudinaria marcha en favor de la ley de medios Libertad de prensa. Latin American Journalism Review by The Knight Center at The University of Texas at Austin.","og_url":"https:\/\/latamjournalismreview.org\/es\/articles\/argentinos-participan-en-multitudinaria-marcha-en-favor-de-la-ley-de-medios\/","og_site_name":"LatAm Journalism Review","article_published_time":"2010-04-16T18:27:17+00:00","article_modified_time":"2022-08-29T18:28:57+00:00","author":"Guest","twitter_card":"summary_large_image","twitter_creator":"@LatAmJournalism","twitter_site":"@LatAmJournalism","twitter_misc":{"Written by":"Guest","Est. reading time":"1 minuto"},"schema":{"@context":"https:\/\/schema.org","@graph":[{"@type":"Article","@id":"https:\/\/latamjournalismreview.org\/es\/articles\/argentinos-participan-en-multitudinaria-marcha-en-favor-de-la-ley-de-medios\/#article","isPartOf":{"@id":"https:\/\/latamjournalismreview.org\/es\/articles\/argentinos-participan-en-multitudinaria-marcha-en-favor-de-la-ley-de-medios\/"},"author":{"name":"Guest","@id":"https:\/\/latamjournalismreview.org\/es\/#\/schema\/person\/0315202e0b3c0963a2440f1c3012c360"},"headline":"Argentinos participan en multitudinaria marcha en favor de la ley de medios","datePublished":"2010-04-16T18:27:17+00:00","dateModified":"2022-08-29T18:28:57+00:00","mainEntityOfPage":{"@id":"https:\/\/latamjournalismreview.org\/es\/articles\/argentinos-participan-en-multitudinaria-marcha-en-favor-de-la-ley-de-medios\/"},"wordCount":259,"publisher":{"@id":"https:\/\/latamjournalismreview.org\/es\/#organization"},"keywords":["Argentina","Legislaci\u00f3n"],"articleSection":["Libertad de prensa"],"inLanguage":"es"},{"@type":"WebPage","@id":"https:\/\/latamjournalismreview.org\/es\/articles\/argentinos-participan-en-multitudinaria-marcha-en-favor-de-la-ley-de-medios\/","url":"https:\/\/latamjournalismreview.org\/es\/articles\/argentinos-participan-en-multitudinaria-marcha-en-favor-de-la-ley-de-medios\/","name":"Argentinos participan en multitudinaria marcha en favor de la ley de medios - LatAm Journalism Review","isPartOf":{"@id":"https:\/\/latamjournalismreview.org\/es\/#website"},"datePublished":"2010-04-16T18:27:17+00:00","dateModified":"2022-08-29T18:28:57+00:00","description":"Argentinos participan en multitudinaria marcha en favor de la ley de medios Libertad de prensa. Latin American Journalism Review by The Knight Center at The University of Texas at Austin.","breadcrumb":{"@id":"https:\/\/latamjournalismreview.org\/es\/articles\/argentinos-participan-en-multitudinaria-marcha-en-favor-de-la-ley-de-medios\/#breadcrumb"},"inLanguage":"es","potentialAction":[{"@type":"ReadAction","target":["https:\/\/latamjournalismreview.org\/es\/articles\/argentinos-participan-en-multitudinaria-marcha-en-favor-de-la-ley-de-medios\/"]}]},{"@type":"BreadcrumbList","@id":"https:\/\/latamjournalismreview.org\/es\/articles\/argentinos-participan-en-multitudinaria-marcha-en-favor-de-la-ley-de-medios\/#breadcrumb","itemListElement":[{"@type":"ListItem","position":1,"name":"Home","item":"https:\/\/latamjournalismreview.org\/es\/"},{"@type":"ListItem","position":2,"name":"Argentinos participan en multitudinaria marcha en favor de la ley de medios"}]},{"@type":"WebSite","@id":"https:\/\/latamjournalismreview.org\/es\/#website","url":"https:\/\/latamjournalismreview.org\/es\/","name":"LatAm Journalism Review","description":"Knight Center at The University of Texas","publisher":{"@id":"https:\/\/latamjournalismreview.org\/es\/#organization"},"potentialAction":[{"@type":"SearchAction","target":{"@type":"EntryPoint","urlTemplate":"https:\/\/latamjournalismreview.org\/es\/?s={search_term_string}"},"query-input":{"@type":"PropertyValueSpecification","valueRequired":true,"valueName":"search_term_string"}}],"inLanguage":"es"},{"@type":"Organization","@id":"https:\/\/latamjournalismreview.org\/es\/#organization","name":"LatAm Journalism Review","url":"https:\/\/latamjournalismreview.org\/es\/","logo":{"@type":"ImageObject","inLanguage":"es","@id":"https:\/\/latamjournalismreview.org\/es\/#\/schema\/logo\/image\/","url":"https:\/\/latamjournalismreview.org\/wp-content\/uploads\/2020\/05\/knight-latAm-review-logo.svg","contentUrl":"https:\/\/latamjournalismreview.org\/wp-content\/uploads\/2020\/05\/knight-latAm-review-logo.svg","width":"1024","height":"1024","caption":"LatAm Journalism Review"},"image":{"@id":"https:\/\/latamjournalismreview.org\/es\/#\/schema\/logo\/image\/"},"sameAs":["https:\/\/x.com\/LatAmJournalism"]},{"@type":"Person","@id":"https:\/\/latamjournalismreview.org\/es\/#\/schema\/person\/0315202e0b3c0963a2440f1c3012c360","name":"Guest","url":"https:\/\/latamjournalismreview.org\/es\/articles\/author\/guest\/"}]}},"_links":{"self":[{"href":"https:\/\/latamjournalismreview.org\/es\/wp-json\/wp\/v2\/posts\/66989","targetHints":{"allow":["GET"]}}],"collection":[{"href":"https:\/\/latamjournalismreview.org\/es\/wp-json\/wp\/v2\/posts"}],"about":[{"href":"https:\/\/latamjournalismreview.org\/es\/wp-json\/wp\/v2\/types\/post"}],"author":[{"embeddable":true,"href":"https:\/\/latamjournalismreview.org\/es\/wp-json\/wp\/v2\/users\/17"}],"replies":[{"embeddable":true,"href":"https:\/\/latamjournalismreview.org\/es\/wp-json\/wp\/v2\/comments?post=66989"}],"version-history":[{"count":1,"href":"https:\/\/latamjournalismreview.org\/es\/wp-json\/wp\/v2\/posts\/66989\/revisions"}],"predecessor-version":[{"id":66993,"href":"https:\/\/latamjournalismreview.org\/es\/wp-json\/wp\/v2\/posts\/66989\/revisions\/66993"}],"wp:attachment":[{"href":"https:\/\/latamjournalismreview.org\/es\/wp-json\/wp\/v2\/media?parent=66989"}],"wp:term":[{"taxonomy":"category","embeddable":true,"href":"https:\/\/latamjournalismreview.org\/es\/wp-json\/wp\/v2\/categories?post=66989"},{"taxonomy":"post_tag","embeddable":true,"href":"https:\/\/latamjournalismreview.org\/es\/wp-json\/wp\/v2\/tags?post=66989"},{"taxonomy":"author","embeddable":true,"href":"https:\/\/latamjournalismreview.org\/es\/wp-json\/wp\/v2\/coauthors?post=66989"}],"curies":[{"name":"wp","href":"https:\/\/api.w.org\/{rel}","templated":true}]}}