{"id":67371,"date":"2010-02-01T17:33:10","date_gmt":"2010-02-01T22:33:10","guid":{"rendered":"https:\/\/latamjournalismreview.org\/?p=67371"},"modified":"2022-08-31T17:34:40","modified_gmt":"2022-08-31T22:34:40","slug":"en-mexico-asesinan-a-tiros-a-director-de-semanario","status":"publish","type":"post","link":"https:\/\/latamjournalismreview.org\/es\/articles\/en-mexico-asesinan-a-tiros-a-director-de-semanario\/","title":{"rendered":"En M\u00e9xico asesinan a tiros a director de semanario"},"content":{"rendered":"<p><em>Por Ingrid Bachmann<\/em><\/p>\n<p>Jorge Ochoa Mart\u00ednez fue asesinado en\u00a0<a href=\"http:\/\/tinyurl.com\/y9fjx7u\">Ayutla<\/a>\u00a0de un balazo en la cabeza, en medio de la ola de violencia que azota al sure\u00f1o estado de Guerrero. Ochoa era director del semanario regional El Sol de la Costa y es el tercer periodista asesinado en M\u00e9xico en lo que va del a\u00f1o, report\u00f3\u00a0<a href=\"http:\/\/www.eluniversal.com.mx\/estados\/74594.html\">El Universal<\/a>.<\/p>\n<p>El jefe policial a cargo del caso dijo que no hab\u00eda indicios a\u00fan que permitieran vincular el asesinato con el crimen organizado. Adem\u00e1s, \u201ccomo sucede en estos casos, ninguna persona que presenci\u00f3 el crimen quiso dar su versi\u00f3n de los hechos\u201d, dijo el polic\u00eda, citado por\u00a0<a href=\"http:\/\/www.jornada.unam.mx\/2010\/01\/31\/index.php?section=estados&amp;article=027n1est\">La Jornada<\/a>.<\/p>\n<p>Seg\u00fan\u00a0<a href=\"http:\/\/www.cronica.com.mx\/nota.php?id_nota=484740\">La Cr\u00f3nica de Hoy<\/a>, el cuerpo de Ochoa fue encontrado dentro de un auto a las afueras de un restaurante y a dos cuadras del ayuntamiento de Ayutla.<\/p>\n<p><em>Nota del editor: Esta historia fue publicada originalmente en el blog Periodismo en las Am\u00e9ricas del Centro Knight, el predecesor de LatAm Journalism Review.<\/em><\/p>\n","protected":false},"excerpt":{"rendered":"<p>Jorge Ochoa Mart\u00ednez fue asesinado en\u00a0Ayutla\u00a0de un balazo en la cabeza, en medio de la ola de violencia que azota al sure\u00f1o estado de Guerrero. Ochoa era director del semanario regional El Sol de la Costa y es el tercer periodista asesinado en M\u00e9xico en lo que va del a\u00f1o, report\u00f3\u00a0El Universal.<\/p>\n","protected":false},"author":17,"featured_media":0,"comment_status":"closed","ping_status":"closed","sticky":false,"template":"","format":"standard","meta":{"inline_featured_image":false,"footnotes":""},"categories":[1222],"tags":[1479,1393],"coauthors":[],"class_list":["post-67371","post","type-post","status-publish","format-standard","hentry","category-violencia-contra-periodistas-es","tag-asesinato-de-periodistas-es","tag-mexico-es"],"acf":[],"yoast_head":"<!-- This site is optimized with the Yoast SEO Premium plugin v22.6 (Yoast SEO v27.4) - https:\/\/yoast.com\/product\/yoast-seo-premium-wordpress\/ -->\n<title>En M\u00e9xico asesinan a tiros a director de semanario - LatAm Journalism Review<\/title>\n<meta name=\"description\" content=\"En M\u00e9xico asesinan a tiros a director de semanario Violencia contra periodistas. Latin American Journalism Review by The Knight Center at The University of Texas at Austin.\" \/>\n<meta name=\"robots\" content=\"index, follow, max-snippet:-1, max-image-preview:large, max-video-preview:-1\" \/>\n<link rel=\"canonical\" href=\"https:\/\/latamjournalismreview.org\/es\/articles\/en-mexico-asesinan-a-tiros-a-director-de-semanario\/\" \/>\n<meta property=\"og:locale\" content=\"es_ES\" \/>\n<meta property=\"og:type\" content=\"article\" \/>\n<meta property=\"og:title\" content=\"En M\u00e9xico asesinan a tiros a director de semanario\" \/>\n<meta property=\"og:description\" content=\"En M\u00e9xico asesinan a tiros a director de semanario Violencia contra periodistas. Latin American Journalism Review by The Knight Center at The University of Texas at Austin.\" \/>\n<meta property=\"og:url\" content=\"https:\/\/latamjournalismreview.org\/es\/articles\/en-mexico-asesinan-a-tiros-a-director-de-semanario\/\" \/>\n<meta property=\"og:site_name\" content=\"LatAm Journalism Review\" \/>\n<meta property=\"article:published_time\" content=\"2010-02-01T22:33:10+00:00\" \/>\n<meta property=\"article:modified_time\" content=\"2022-08-31T22:34:40+00:00\" \/>\n<meta name=\"author\" content=\"Guest\" \/>\n<meta name=\"twitter:card\" content=\"summary_large_image\" \/>\n<meta name=\"twitter:creator\" content=\"@LatAmJournalism\" \/>\n<meta name=\"twitter:site\" content=\"@LatAmJournalism\" \/>\n<meta name=\"twitter:label1\" content=\"Written by\" \/>\n\t<meta name=\"twitter:data1\" content=\"Guest\" \/>\n\t<meta name=\"twitter:label2\" content=\"Est. reading time\" \/>\n\t<meta name=\"twitter:data2\" content=\"1 minuto\" \/>\n<script type=\"application\/ld+json\" class=\"yoast-schema-graph\">{\"@context\":\"https:\\\/\\\/schema.org\",\"@graph\":[{\"@type\":\"Article\",\"@id\":\"https:\\\/\\\/latamjournalismreview.org\\\/es\\\/articles\\\/en-mexico-asesinan-a-tiros-a-director-de-semanario\\\/#article\",\"isPartOf\":{\"@id\":\"https:\\\/\\\/latamjournalismreview.org\\\/es\\\/articles\\\/en-mexico-asesinan-a-tiros-a-director-de-semanario\\\/\"},\"author\":{\"name\":\"Guest\",\"@id\":\"https:\\\/\\\/latamjournalismreview.org\\\/es\\\/#\\\/schema\\\/person\\\/0315202e0b3c0963a2440f1c3012c360\"},\"headline\":\"En M\u00e9xico asesinan a tiros a director de semanario\",\"datePublished\":\"2010-02-01T22:33:10+00:00\",\"dateModified\":\"2022-08-31T22:34:40+00:00\",\"mainEntityOfPage\":{\"@id\":\"https:\\\/\\\/latamjournalismreview.org\\\/es\\\/articles\\\/en-mexico-asesinan-a-tiros-a-director-de-semanario\\\/\"},\"wordCount\":181,\"publisher\":{\"@id\":\"https:\\\/\\\/latamjournalismreview.org\\\/es\\\/#organization\"},\"keywords\":[\"Asesinato de periodista\",\"M\u00e9xico\"],\"articleSection\":[\"Violencia contra periodistas\"],\"inLanguage\":\"es\"},{\"@type\":\"WebPage\",\"@id\":\"https:\\\/\\\/latamjournalismreview.org\\\/es\\\/articles\\\/en-mexico-asesinan-a-tiros-a-director-de-semanario\\\/\",\"url\":\"https:\\\/\\\/latamjournalismreview.org\\\/es\\\/articles\\\/en-mexico-asesinan-a-tiros-a-director-de-semanario\\\/\",\"name\":\"En M\u00e9xico asesinan a tiros a director de semanario - LatAm Journalism Review\",\"isPartOf\":{\"@id\":\"https:\\\/\\\/latamjournalismreview.org\\\/es\\\/#website\"},\"datePublished\":\"2010-02-01T22:33:10+00:00\",\"dateModified\":\"2022-08-31T22:34:40+00:00\",\"description\":\"En M\u00e9xico asesinan a tiros a director de semanario Violencia contra periodistas. Latin American Journalism Review by The Knight Center at The University of Texas at Austin.\",\"breadcrumb\":{\"@id\":\"https:\\\/\\\/latamjournalismreview.org\\\/es\\\/articles\\\/en-mexico-asesinan-a-tiros-a-director-de-semanario\\\/#breadcrumb\"},\"inLanguage\":\"es\",\"potentialAction\":[{\"@type\":\"ReadAction\",\"target\":[\"https:\\\/\\\/latamjournalismreview.org\\\/es\\\/articles\\\/en-mexico-asesinan-a-tiros-a-director-de-semanario\\\/\"]}]},{\"@type\":\"BreadcrumbList\",\"@id\":\"https:\\\/\\\/latamjournalismreview.org\\\/es\\\/articles\\\/en-mexico-asesinan-a-tiros-a-director-de-semanario\\\/#breadcrumb\",\"itemListElement\":[{\"@type\":\"ListItem\",\"position\":1,\"name\":\"Home\",\"item\":\"https:\\\/\\\/latamjournalismreview.org\\\/es\\\/\"},{\"@type\":\"ListItem\",\"position\":2,\"name\":\"En M\u00e9xico asesinan a tiros a director de semanario\"}]},{\"@type\":\"WebSite\",\"@id\":\"https:\\\/\\\/latamjournalismreview.org\\\/es\\\/#website\",\"url\":\"https:\\\/\\\/latamjournalismreview.org\\\/es\\\/\",\"name\":\"LatAm Journalism Review\",\"description\":\"Knight Center at The University of Texas\",\"publisher\":{\"@id\":\"https:\\\/\\\/latamjournalismreview.org\\\/es\\\/#organization\"},\"potentialAction\":[{\"@type\":\"SearchAction\",\"target\":{\"@type\":\"EntryPoint\",\"urlTemplate\":\"https:\\\/\\\/latamjournalismreview.org\\\/es\\\/?s={search_term_string}\"},\"query-input\":{\"@type\":\"PropertyValueSpecification\",\"valueRequired\":true,\"valueName\":\"search_term_string\"}}],\"inLanguage\":\"es\"},{\"@type\":\"Organization\",\"@id\":\"https:\\\/\\\/latamjournalismreview.org\\\/es\\\/#organization\",\"name\":\"LatAm Journalism Review\",\"url\":\"https:\\\/\\\/latamjournalismreview.org\\\/es\\\/\",\"logo\":{\"@type\":\"ImageObject\",\"inLanguage\":\"es\",\"@id\":\"https:\\\/\\\/latamjournalismreview.org\\\/es\\\/#\\\/schema\\\/logo\\\/image\\\/\",\"url\":\"https:\\\/\\\/latamjournalismreview.org\\\/wp-content\\\/uploads\\\/2020\\\/05\\\/knight-latAm-review-logo.svg\",\"contentUrl\":\"https:\\\/\\\/latamjournalismreview.org\\\/wp-content\\\/uploads\\\/2020\\\/05\\\/knight-latAm-review-logo.svg\",\"width\":\"1024\",\"height\":\"1024\",\"caption\":\"LatAm Journalism Review\"},\"image\":{\"@id\":\"https:\\\/\\\/latamjournalismreview.org\\\/es\\\/#\\\/schema\\\/logo\\\/image\\\/\"},\"sameAs\":[\"https:\\\/\\\/x.com\\\/LatAmJournalism\"]},{\"@type\":\"Person\",\"@id\":\"https:\\\/\\\/latamjournalismreview.org\\\/es\\\/#\\\/schema\\\/person\\\/0315202e0b3c0963a2440f1c3012c360\",\"name\":\"Guest\",\"url\":\"https:\\\/\\\/latamjournalismreview.org\\\/es\\\/articles\\\/author\\\/guest\\\/\"}]}<\/script>\n<!-- \/ Yoast SEO Premium plugin. -->","yoast_head_json":{"title":"En M\u00e9xico asesinan a tiros a director de semanario - LatAm Journalism Review","description":"En M\u00e9xico asesinan a tiros a director de semanario Violencia contra periodistas. Latin American Journalism Review by The Knight Center at The University of Texas at Austin.","robots":{"index":"index","follow":"follow","max-snippet":"max-snippet:-1","max-image-preview":"max-image-preview:large","max-video-preview":"max-video-preview:-1"},"canonical":"https:\/\/latamjournalismreview.org\/es\/articles\/en-mexico-asesinan-a-tiros-a-director-de-semanario\/","og_locale":"es_ES","og_type":"article","og_title":"En M\u00e9xico asesinan a tiros a director de semanario","og_description":"En M\u00e9xico asesinan a tiros a director de semanario Violencia contra periodistas. Latin American Journalism Review by The Knight Center at The University of Texas at Austin.","og_url":"https:\/\/latamjournalismreview.org\/es\/articles\/en-mexico-asesinan-a-tiros-a-director-de-semanario\/","og_site_name":"LatAm Journalism Review","article_published_time":"2010-02-01T22:33:10+00:00","article_modified_time":"2022-08-31T22:34:40+00:00","author":"Guest","twitter_card":"summary_large_image","twitter_creator":"@LatAmJournalism","twitter_site":"@LatAmJournalism","twitter_misc":{"Written by":"Guest","Est. reading time":"1 minuto"},"schema":{"@context":"https:\/\/schema.org","@graph":[{"@type":"Article","@id":"https:\/\/latamjournalismreview.org\/es\/articles\/en-mexico-asesinan-a-tiros-a-director-de-semanario\/#article","isPartOf":{"@id":"https:\/\/latamjournalismreview.org\/es\/articles\/en-mexico-asesinan-a-tiros-a-director-de-semanario\/"},"author":{"name":"Guest","@id":"https:\/\/latamjournalismreview.org\/es\/#\/schema\/person\/0315202e0b3c0963a2440f1c3012c360"},"headline":"En M\u00e9xico asesinan a tiros a director de semanario","datePublished":"2010-02-01T22:33:10+00:00","dateModified":"2022-08-31T22:34:40+00:00","mainEntityOfPage":{"@id":"https:\/\/latamjournalismreview.org\/es\/articles\/en-mexico-asesinan-a-tiros-a-director-de-semanario\/"},"wordCount":181,"publisher":{"@id":"https:\/\/latamjournalismreview.org\/es\/#organization"},"keywords":["Asesinato de periodista","M\u00e9xico"],"articleSection":["Violencia contra periodistas"],"inLanguage":"es"},{"@type":"WebPage","@id":"https:\/\/latamjournalismreview.org\/es\/articles\/en-mexico-asesinan-a-tiros-a-director-de-semanario\/","url":"https:\/\/latamjournalismreview.org\/es\/articles\/en-mexico-asesinan-a-tiros-a-director-de-semanario\/","name":"En M\u00e9xico asesinan a tiros a director de semanario - LatAm Journalism Review","isPartOf":{"@id":"https:\/\/latamjournalismreview.org\/es\/#website"},"datePublished":"2010-02-01T22:33:10+00:00","dateModified":"2022-08-31T22:34:40+00:00","description":"En M\u00e9xico asesinan a tiros a director de semanario Violencia contra periodistas. Latin American Journalism Review by The Knight Center at The University of Texas at Austin.","breadcrumb":{"@id":"https:\/\/latamjournalismreview.org\/es\/articles\/en-mexico-asesinan-a-tiros-a-director-de-semanario\/#breadcrumb"},"inLanguage":"es","potentialAction":[{"@type":"ReadAction","target":["https:\/\/latamjournalismreview.org\/es\/articles\/en-mexico-asesinan-a-tiros-a-director-de-semanario\/"]}]},{"@type":"BreadcrumbList","@id":"https:\/\/latamjournalismreview.org\/es\/articles\/en-mexico-asesinan-a-tiros-a-director-de-semanario\/#breadcrumb","itemListElement":[{"@type":"ListItem","position":1,"name":"Home","item":"https:\/\/latamjournalismreview.org\/es\/"},{"@type":"ListItem","position":2,"name":"En M\u00e9xico asesinan a tiros a director de semanario"}]},{"@type":"WebSite","@id":"https:\/\/latamjournalismreview.org\/es\/#website","url":"https:\/\/latamjournalismreview.org\/es\/","name":"LatAm Journalism Review","description":"Knight Center at The University of Texas","publisher":{"@id":"https:\/\/latamjournalismreview.org\/es\/#organization"},"potentialAction":[{"@type":"SearchAction","target":{"@type":"EntryPoint","urlTemplate":"https:\/\/latamjournalismreview.org\/es\/?s={search_term_string}"},"query-input":{"@type":"PropertyValueSpecification","valueRequired":true,"valueName":"search_term_string"}}],"inLanguage":"es"},{"@type":"Organization","@id":"https:\/\/latamjournalismreview.org\/es\/#organization","name":"LatAm Journalism Review","url":"https:\/\/latamjournalismreview.org\/es\/","logo":{"@type":"ImageObject","inLanguage":"es","@id":"https:\/\/latamjournalismreview.org\/es\/#\/schema\/logo\/image\/","url":"https:\/\/latamjournalismreview.org\/wp-content\/uploads\/2020\/05\/knight-latAm-review-logo.svg","contentUrl":"https:\/\/latamjournalismreview.org\/wp-content\/uploads\/2020\/05\/knight-latAm-review-logo.svg","width":"1024","height":"1024","caption":"LatAm Journalism Review"},"image":{"@id":"https:\/\/latamjournalismreview.org\/es\/#\/schema\/logo\/image\/"},"sameAs":["https:\/\/x.com\/LatAmJournalism"]},{"@type":"Person","@id":"https:\/\/latamjournalismreview.org\/es\/#\/schema\/person\/0315202e0b3c0963a2440f1c3012c360","name":"Guest","url":"https:\/\/latamjournalismreview.org\/es\/articles\/author\/guest\/"}]}},"_links":{"self":[{"href":"https:\/\/latamjournalismreview.org\/es\/wp-json\/wp\/v2\/posts\/67371","targetHints":{"allow":["GET"]}}],"collection":[{"href":"https:\/\/latamjournalismreview.org\/es\/wp-json\/wp\/v2\/posts"}],"about":[{"href":"https:\/\/latamjournalismreview.org\/es\/wp-json\/wp\/v2\/types\/post"}],"author":[{"embeddable":true,"href":"https:\/\/latamjournalismreview.org\/es\/wp-json\/wp\/v2\/users\/17"}],"replies":[{"embeddable":true,"href":"https:\/\/latamjournalismreview.org\/es\/wp-json\/wp\/v2\/comments?post=67371"}],"version-history":[{"count":1,"href":"https:\/\/latamjournalismreview.org\/es\/wp-json\/wp\/v2\/posts\/67371\/revisions"}],"predecessor-version":[{"id":67376,"href":"https:\/\/latamjournalismreview.org\/es\/wp-json\/wp\/v2\/posts\/67371\/revisions\/67376"}],"wp:attachment":[{"href":"https:\/\/latamjournalismreview.org\/es\/wp-json\/wp\/v2\/media?parent=67371"}],"wp:term":[{"taxonomy":"category","embeddable":true,"href":"https:\/\/latamjournalismreview.org\/es\/wp-json\/wp\/v2\/categories?post=67371"},{"taxonomy":"post_tag","embeddable":true,"href":"https:\/\/latamjournalismreview.org\/es\/wp-json\/wp\/v2\/tags?post=67371"},{"taxonomy":"author","embeddable":true,"href":"https:\/\/latamjournalismreview.org\/es\/wp-json\/wp\/v2\/coauthors?post=67371"}],"curies":[{"name":"wp","href":"https:\/\/api.w.org\/{rel}","templated":true}]}}