{"id":67665,"date":"2022-09-05T09:44:20","date_gmt":"2022-09-05T14:44:20","guid":{"rendered":"https:\/\/latamjournalismreview.org\/?p=67665"},"modified":"2022-09-05T13:13:22","modified_gmt":"2022-09-05T18:13:22","slug":"periodistas-de-guatemala-hablan-sobre-el-deterioro-de-la-libertad-de-prensa-una-campana-de-caceria-acoso-y-violencia","status":"publish","type":"post","link":"https:\/\/latamjournalismreview.org\/es\/articles\/periodistas-de-guatemala-hablan-sobre-el-deterioro-de-la-libertad-de-prensa-una-campana-de-caceria-acoso-y-violencia\/","title":{"rendered":"Periodistas de Guatemala hablan sobre el deterioro de la libertad de prensa: \u201cuna campa\u00f1a de cacer\u00eda, acoso y violencia\u201d"},"content":{"rendered":"<p>La detenci\u00f3n de Jos\u00e9 Rub\u00e9n Zamora, periodista, fundador y presidente del diario\u00a0<a href=\"https:\/\/elperiodico.com.gt\/\" target=\"_blank\" rel=\"noopener\">elPeri\u00f3dico<\/a>, de Guatemala, ha llamado la atenci\u00f3n internacional hacia el deterioro de la libertad de prensa y el derecho a la informaci\u00f3n en el pa\u00eds centroamericano. Periodistas entrevistados por\u00a0<strong>LatAm Journalism Review (LJR)<\/strong> afirman que la detenci\u00f3n de uno de los nombres m\u00e1s conocidos del periodismo guatemalteco es un hecho grave en la escalada de ataques contra la prensa cr\u00edtica con el gobierno del presidente Alejandro Giammattei.<\/p>\n<p>\u201cEl arresto de Zamora ha sido el peor golpe que ha dado el gobierno de Giammattei hacia la libertad de expresi\u00f3n, los medios cr\u00edticos y los periodistas independientes\u201d, declar\u00f3 a <strong>LJR<\/strong> H\u00e9ctor Coloj, coordinador de la\u00a0<a href=\"https:\/\/twitter.com\/APG_1947\" target=\"_blank\" rel=\"noopener\">Asociaci\u00f3n de Periodistas de Guatemala<\/a> (APG).<\/p>\n<div id=\"attachment_41173\" style=\"width: 310px\" class=\"wp-caption alignright\"><img loading=\"lazy\" decoding=\"async\" aria-describedby=\"caption-attachment-41173\" class=\"size-medium wp-image-41171\" src=\"https:\/\/latamjournalismreview.org\/wp-content\/uploads\/2021\/11\/Featured-JoseRubenZamora-300x201.png\" alt=\"Jos\u00e9 Rub\u00e9n Zamora - Guatemala\" width=\"300\" height=\"201\" srcset=\"https:\/\/latamjournalismreview.org\/wp-content\/uploads\/2021\/11\/Featured-JoseRubenZamora-300x201.png 300w, https:\/\/latamjournalismreview.org\/wp-content\/uploads\/2021\/11\/Featured-JoseRubenZamora.png 507w, https:\/\/latamjournalismreview.org\/wp-content\/uploads\/2021\/11\/Featured-JoseRubenZamora-350x234.png 350w\" sizes=\"auto, (max-width: 300px) 100vw, 300px\" \/><p id=\"caption-attachment-41173\" class=\"wp-caption-text\">Jos\u00e9 Rub\u00e9n Zamora, periodista guatemalteco, fundador y director de elPeri\u00f3dico. (Foto: Cortes\u00eda)<\/p><\/div>\n<p>La APG lleva a\u00f1os haciendo un seguimiento de las agresiones a la prensa y tiene a 2020, el primer a\u00f1o de gobierno de Giammattei, como el periodo con m\u00e1s registros de agresiones: fueron 149, mientras que en el a\u00f1o anterior, 2019, se registraron 85 agresiones. En 2021 hubo 136 registros y en 2022, hasta el 22 de agosto, se registraron 86 casos, dijo Coloj. Entre los registros se encuentran la obstrucci\u00f3n del acceso a las fuentes, las amenazas, el acoso judicial, la agresi\u00f3n material y f\u00edsica, el asesinato, la intimidaci\u00f3n, la difamaci\u00f3n y la censura.<\/p>\n<p>\u201cDesde el Estado se impulsa una permanente campa\u00f1a de persecuci\u00f3n pol\u00edtica contra periodistas, as\u00ed como a todas aquellas voces cr\u00edticas al r\u00e9gimen como tambi\u00e9n hacia participantes de las manifestaciones ciudadanas, lo que se refleja en los procesos de criminalizaci\u00f3n emprendidos por el Ministerio P\u00fablico (MP) y apoyados por el Organismo Judicial (OJ)\u201d, se\u00f1ala <a href=\"https:\/\/drive.google.com\/file\/d\/1OWyrlNlHLd5UO_uhprV1Y1IjFzS18GO0\/view\" target=\"_blank\" rel=\"noopener\">el m\u00e1s reciente informe semestral del observatorio de la APG<\/a>, publicado en julio.<\/p>\n<p>Seg\u00fan el documento, \u201cse suman a estas pr\u00e1cticas las campa\u00f1as de odio divulgadas en redes sociales, el seguimiento a personas inc\u00f3modas a las autoridades, la retenci\u00f3n o negaci\u00f3n de informaci\u00f3n p\u00fablica por parte de funcionarios, la prohibici\u00f3n a la prensa de ingresar a actos p\u00fablicos, el desinter\u00e9s del MP de perseguir las agresiones y cr\u00edmenes contra periodistas, y en los \u00faltimos meses, el incremento de un discurso confrontativo que apela a la \u2018defensa de la soberan\u00eda nacional\u2019 y pretende implantar en el imaginario social como \u2018enemigos de la democracia\u2019\u00a0 y \u2018desestabilizadores\u2019 del gobierno, a sectores cr\u00edticos como la prensa o los l\u00edderes y representantes de los pueblos ind\u00edgenas\u201d.<\/p>\n<p>Para la periodista\u00a0<a href=\"https:\/\/twitter.com\/MarielosMonzon\" target=\"_blank\" rel=\"noopener\">Marielos Monz\u00f3n<\/a>, columnista del diario\u00a0<a href=\"https:\/\/www.prensalibre.com\/tema\/marielos-monzon\/\" target=\"_blank\" rel=\"noopener\">Prensa Libre<\/a> y una de las articuladoras del colectivo\u00a0<a href=\"https:\/\/latamjournalismreview.org\/es\/articles\/periodistas-de-guatemala-se-agrupan-en-un-colectivo-para-resistir-ante-el-autoritarismo-y-la-censura\/\" target=\"_blank\" rel=\"noopener\">Prensa contra la Censura y de la iniciativa #NoNosCallar\u00e1n<\/a>, la detenci\u00f3n de Zamora \u201ctermina de consolidar el r\u00e9gimen autoritario que Alejandro Giammattei y sus socios del pacto de impunidad han configurado en los \u00faltimos a\u00f1os en Guatemala\u201d.<\/p>\n<div id=\"attachment_67637\" style=\"width: 253px\" class=\"wp-caption alignleft\"><img loading=\"lazy\" decoding=\"async\" aria-describedby=\"caption-attachment-67637\" class=\"wp-image-67639 size-medium\" src=\"https:\/\/latamjournalismreview.org\/wp-content\/uploads\/2022\/09\/MM-243x300.jpeg\" alt=\"\" width=\"243\" height=\"300\" srcset=\"https:\/\/latamjournalismreview.org\/wp-content\/uploads\/2022\/09\/MM-243x300.jpeg 243w, https:\/\/latamjournalismreview.org\/wp-content\/uploads\/2022\/09\/MM.jpeg 395w\" sizes=\"auto, (max-width: 243px) 100vw, 243px\" \/><p id=\"caption-attachment-67637\" class=\"wp-caption-text\">Marielos Monz\u00f3n, columnista de Prensa Libre. (Foto: Archivo personal)<\/p><\/div>\n<p>\u201cY se suma al hostigamiento, a la persecuci\u00f3n y al acoso que decenas de periodistas han venido sufriendo en los \u00faltimos a\u00f1os. El objetivo de esta captura y este arresto de Jos\u00e9 Rub\u00e9n Zamora es un intento de acallar a la prensa. La prominencia de Zamora y de elPeri\u00f3dico, siendo un medio emblem\u00e1tico de periodismo de investigaci\u00f3n, lo que quiere tambi\u00e9n es mandar un mensaje. El mensaje es: si ustedes son periodistas cr\u00edticos, si ustedes hacen su trabajo, los vamos a silenciar\u201d, dijo Monz\u00f3n.<\/p>\n<p><a href=\"https:\/\/twitter.com\/quiquenaveda\" target=\"_blank\" rel=\"noopener\">Enrique Naveda<\/a>, uno de los fundadores del medio digital\u00a0<a href=\"https:\/\/www.plazapublica.com.gt\/\" target=\"_blank\" rel=\"noopener\">Plaza P\u00fablica<\/a> y actual becario John S. Knight de la Universidad de Stanford, en Estados Unidos, considera que \u201cZamora es una figura bastante pol\u00e9mica dentro del periodismo nacional, pero es tambi\u00e9n y sobre todo un emblema\u201d, dijo a <strong>LJR<\/strong>.<\/p>\n<p>\u201cEl hecho de que lo hayan capturado a \u00e9l con la fanfarria con la que lo hicieron y que lo est\u00e9n procesando en un juicio a todas luces ama\u00f1ado es un llamado de atenci\u00f3n a todos los dem\u00e1s periodistas y sobre todo una demostraci\u00f3n de desprotecci\u00f3n absoluta frente a este poder cuasi dictatorial, autoritario, que est\u00e1 ejerciendo el presidente Giammattei con el apoyo del resto de los organismos del Estado y de una buena parte del empresariado organizado\u201d, dijo Naveda.<\/p>\n<p><strong>LJR<\/strong> se puso en contacto con la Secretar\u00eda General de la Presidencia de Guatemala por correo electr\u00f3nico, pero no recibi\u00f3 respuesta hasta la publicaci\u00f3n de este art\u00edculo.<\/p>\n<h3>El caso de Zamora<\/h3>\n<p>El 29 de julio,\u00a0<a href=\"https:\/\/latamjournalismreview.org\/es\/articles\/en-guatemala-no-hay-contrapesos-ni-balances-institucionales-dice-periodista-jose-ruben-zamora-tras-reciente-denuncia-de-persecucion\/\" target=\"_blank\" rel=\"noopener\">Jos\u00e9 Rub\u00e9n Zamora<\/a> fue detenido en su domicilio acusado de chantaje, lavado de dinero y tr\u00e1fico de influencias. En lugar de llamar al timbre, los agentes de polic\u00eda irrumpieron en su casa entrando en un patio interior por el tejado, a pesar de tener una orden de registro e incautaci\u00f3n,\u00a0<a href=\"https:\/\/elfaro.net\/es\/202208\/centroamerica\/26325\/El-dudoso-caso-contra-Jos%C3%A9-Rub%C3%A9n-Zamora-se-arm%C3%B3-en-72-horas.htm?ref=home\" target=\"_blank\" rel=\"noopener\">inform\u00f3 el sitio web salvadore\u00f1o El Faro<\/a>. Mientras la polic\u00eda llevaba a cabo la operaci\u00f3n en el domicilio del periodista, otros agentes ocuparon la redacci\u00f3n de elPeri\u00f3dico y mantuvieron incomunicados a los empleados del peri\u00f3dico durante 16 horas.<\/p>\n<p>La primera audiencia del caso se realiz\u00f3 el 9 de agosto, cuando el juez Freddy Orellana acept\u00f3 los cargos presentados por el Ministerio P\u00fablico contra Zamora\u00a0<a href=\"https:\/\/elfaro.net\/es\/202208\/centroamerica\/26325\/El-dudoso-caso-contra-Jos%C3%A9-Rub%C3%A9n-Zamora-se-arm%C3%B3-en-72-horas.htm\" target=\"_blank\" rel=\"noopener\">en un caso armado en 72 horas, seg\u00fan El Faro<\/a>. El juez tambi\u00e9n deneg\u00f3 la petici\u00f3n de la defensa de que el periodista respondiera al caso en libertad o en arresto domiciliario, por riesgo de fuga, aunque el abogado del periodista subray\u00f3 que Zamora ya ha afrontado 185 procesos en la justicia guatemalteca y nunca ha intentado huir,\u00a0<a href=\"https:\/\/elfaro.net\/es\/202208\/centroamerica\/26325\/El-dudoso-caso-contra-Jos%C3%A9-Rub%C3%A9n-Zamora-se-arm%C3%B3-en-72-horas.htm?ref=home\" target=\"_blank\" rel=\"noopener\">inform\u00f3 El Faro<\/a>. La pr\u00f3xima audiencia del caso est\u00e1 prevista para el 8 de diciembre, y hasta entonces se espera que Zamora permanezca en prisi\u00f3n.<\/p>\n<div id=\"attachment_67643\" style=\"width: 232px\" class=\"wp-caption alignright\"><img loading=\"lazy\" decoding=\"async\" aria-describedby=\"caption-attachment-67643\" class=\"size-medium wp-image-67645\" src=\"https:\/\/latamjournalismreview.org\/wp-content\/uploads\/2022\/09\/EnriqueNaveda-222x300.jpeg\" alt=\"\" width=\"222\" height=\"300\" srcset=\"https:\/\/latamjournalismreview.org\/wp-content\/uploads\/2022\/09\/EnriqueNaveda-222x300.jpeg 222w, https:\/\/latamjournalismreview.org\/wp-content\/uploads\/2022\/09\/EnriqueNaveda.jpeg 426w\" sizes=\"auto, (max-width: 222px) 100vw, 222px\" \/><p id=\"caption-attachment-67643\" class=\"wp-caption-text\">Periodista guatemalteco Enrique Naveda. (Foto: Archivo personal)<\/p><\/div>\n<p>Organizaciones como el\u00a0<a href=\"https:\/\/cpj.org\/es\/2022\/08\/el-periodista-guatemalteco-jose-ruben-zamora-es-acusado-de-delitos-financieros-y-continuara-en-prision-preventiva\/\" target=\"_blank\" rel=\"noopener\">Comit\u00e9 para la Protecci\u00f3n de los Periodistas (CPJ)<\/a>,\u00a0<a href=\"https:\/\/www.sipiapa.org\/notas\/1215298-la-sip-exige-garantias-la-libertad-prensa-guatemala-detencion-jose-ruben-zamora\" target=\"_blank\" rel=\"noopener\">la Sociedad Interamericana de Prensa (SIP)<\/a> y la\u00a0<a href=\"https:\/\/ipysvenezuela.org\/2022\/08\/03\/red-voces-del-sur-rechaza-la-detencion-y-criminalizacion-del-periodista-jose-ruben-zamora-en-guatemala\/#:~:text=Zamora%20en%20Guatemala-,Red%20Voces%20Del%20Sur%20rechaza%20la%20detenci%C3%B3n%20y%20criminalizaci%C3%B3n,Jos%C3%A9%20Rub%C3%A9n%20Zamora%20en%20Guatemala&amp;text=Desde%20la%20Red%20Voces%20del,latinoamericana%20en%20los%20%C3%BAltimos%20meses.\" target=\"_blank\" rel=\"noopener\">Red Voces del Sur<\/a>, que agrupa a organizaciones que defienden la democracia y la libertad de prensa en Am\u00e9rica Latina, se han pronunciado sobre el caso. Voces del Sur dijo que se trataba de un caso de \u201cdetenci\u00f3n arbitraria\u201d; el CPJ calific\u00f3 el caso de \u201cpersecuci\u00f3n judicial\u201d y exigi\u00f3 la inmediata liberaci\u00f3n de Zamora; y la SIP se\u00f1al\u00f3 que la \u201cespectacularidad y desproporcionalidad de los operativos de allanamiento aparentan que el gobierno busca intimidar a los periodistas y medios que fiscalizan al poder\u201d.<\/p>\n<p><strong>Lee m\u00e1s detalles sobre el caso: <\/strong><a href=\"https:\/\/latamjournalismreview.org\/es\/articles\/es-el-mensaje-mas-descarado-de-un-gobierno-en-contra-de-la-libertad-de-prensa-subdirectora-de-elperiodico-sobre-caso-jose-ruben-zamora-en-guatemala\/\" target=\"_blank\" rel=\"noopener\"><strong>\u201cEs el mensaje m\u00e1s descarado de un gobierno en contra de la libertad de prensa\u201d: subdirectora de elPeri\u00f3dico, sobre caso Jos\u00e9 Rub\u00e9n Zamora en Guatemala<\/strong><\/a><\/p>\n<h3>\u201cCampa\u00f1a de cacer\u00eda y acoso\u201d<\/h3>\n<p>Zamora es uno de los periodistas m\u00e1s conocidos de Guatemala, habiendo recibido varios reconocimientos internacionales por su trabajo, as\u00ed como violentos ataques durante d\u00e9cadas en su pa\u00eds. Entre los premios que ha recibido Zamora est\u00e1n el Maria Moors Cabot de la Universidad de Columbia (1995) y el Premio Internacional a la Libertad de Prensa del CPJ (1995). En 1996 fund\u00f3 elPeri\u00f3dico, que sigue siendo uno de los peri\u00f3dicos m\u00e1s importantes de Guatemala, y que realiza constantemente investigaciones sobre casos de corrupci\u00f3n en la administraci\u00f3n p\u00fablica. En 2021, elPeri\u00f3dico recibi\u00f3\u00a0<a href=\"https:\/\/agenciaefe.es\/premios-rey-espana\/\" target=\"_blank\" rel=\"noopener\">el Premio Rey de Espa\u00f1a<\/a> como medio de comunicaci\u00f3n destacado en Iberoam\u00e9rica.<\/p>\n<div id=\"attachment_67634\" style=\"width: 198px\" class=\"wp-caption alignleft\"><img loading=\"lazy\" decoding=\"async\" aria-describedby=\"caption-attachment-67634\" class=\"wp-image-67636 size-medium\" src=\"https:\/\/latamjournalismreview.org\/wp-content\/uploads\/2022\/09\/hectorcolojapg-188x300.jpeg\" alt=\"\" width=\"188\" height=\"300\" srcset=\"https:\/\/latamjournalismreview.org\/wp-content\/uploads\/2022\/09\/hectorcolojapg-188x300.jpeg 188w, https:\/\/latamjournalismreview.org\/wp-content\/uploads\/2022\/09\/hectorcolojapg-640x1024.jpeg 640w, https:\/\/latamjournalismreview.org\/wp-content\/uploads\/2022\/09\/hectorcolojapg-768x1229.jpeg 768w, https:\/\/latamjournalismreview.org\/wp-content\/uploads\/2022\/09\/hectorcolojapg.jpeg 800w\" sizes=\"auto, (max-width: 188px) 100vw, 188px\" \/><p id=\"caption-attachment-67634\" class=\"wp-caption-text\">H\u00e9ctor Coloj, de la Asociaci\u00f3n de Periodistas de Guatemala. (Foto: Archivo personal)<\/p><\/div>\n<p>El periodista tambi\u00e9n ha sido objeto de varios atentados, entre ellos un asalto a su domicilio en 2003, en el que \u00e9l y su familia fueron retenidos como rehenes durante varias horas, y un secuestro en 2008, en el que fue dopado, golpeado y dejado inconsciente en un arc\u00e9n. Zamora tambi\u00e9n se ha enfrentado a varias acusaciones penales, incluyendo el haber sido\u00a0<a href=\"https:\/\/latamjournalismreview.org\/es\/articles\/candidata-presidencial-de-guatemala-retira-solicitud-de-medidas-cautelares-contra-editores-de-elperiodico\/\" target=\"_blank\" rel=\"noopener\">procesado m\u00e1s de una vez bajo la Ley de Feminicidio del pa\u00eds<\/a> por empleadas del Estado que lo acusaron de \u201cviolencia psicol\u00f3gica\u201d tras ser nombradas como sospechosas en casos de corrupci\u00f3n investigados por elPeri\u00f3dico.<\/p>\n<p>Coloj considera que la detenci\u00f3n de Zamora forma parte de una \u201ccampa\u00f1a de cacer\u00eda, de acoso y de violencia hacia los derechos humanos que mantiene el Estado de Guatemala\u201d que se remonta al gobierno de Jimmy Morales, quien fue presidente entre enero de 2016 y enero de 2020. Otros periodistas entrevistados por <strong>LJR<\/strong> tambi\u00e9n remontan el inicio de la escalada de ataques del gobierno contra la prensa a la administraci\u00f3n anterior a Giammattei, subrayando que el actual presidente, sin embargo, ha intensificado esta tendencia.<\/p>\n<p>Seg\u00fan\u00a0<a href=\"https:\/\/twitter.com\/elsacoronadogt\" target=\"_blank\" rel=\"noopener\">Elsa Coronado<\/a>, reportera de\u00a0<a href=\"https:\/\/www.plazapublica.com.gt\/users\/elsa-coronado\" target=\"_blank\" rel=\"noopener\">Plaza P\u00fablica<\/a>, \u201cdesde que comenz\u00f3 el gobierno de Giammattei hubo una ruptura\u201d.<\/p>\n<p>\u201cOfrecieron apertura y no cumplieron. El primer a\u00f1o de gobierno coincidi\u00f3 con el primero del COVID-19 y eso sirvi\u00f3 para evitar la relaci\u00f3n con los medios. Ante las cr\u00edticas y cuestionamientos, el presidente cerr\u00f3 las puertas y ha criticado p\u00fablicamente a los periodistas de mentir a la poblaci\u00f3n. Su estrategia, desde el inicio de su gesti\u00f3n ha sido no dar entrevistas a medios y reporteros independientes, en cambio se muestra muy dispuesto a visitar los sets de televisi\u00f3n del grupo Albavisi\u00f3n, de <a href=\"http:\/\/argentina.mom-gmr.org\/es\/propietarios\/propietarios-individuales\/detail\/owner\/owner\/show\/remigio-angel-gonzalez-gonzalez\/\" target=\"_blank\" rel=\"noopener\">\u00c1ngel Gonz\u00e1lez<\/a> [propietario de un conglomerado de medios], en donde le tratan con condescendencia\u201d, dijo Coronado a <strong>LJR<\/strong>.<\/p>\n<div id=\"attachment_67649\" style=\"width: 250px\" class=\"wp-caption alignright\"><img loading=\"lazy\" decoding=\"async\" aria-describedby=\"caption-attachment-67649\" class=\"size-medium wp-image-67651\" src=\"https:\/\/latamjournalismreview.org\/wp-content\/uploads\/2022\/09\/Elsa-Coronado-agosto-2022-240x300.jpg\" alt=\"\" width=\"240\" height=\"300\" srcset=\"https:\/\/latamjournalismreview.org\/wp-content\/uploads\/2022\/09\/Elsa-Coronado-agosto-2022-240x300.jpg 240w, https:\/\/latamjournalismreview.org\/wp-content\/uploads\/2022\/09\/Elsa-Coronado-agosto-2022-820x1024.jpg 820w, https:\/\/latamjournalismreview.org\/wp-content\/uploads\/2022\/09\/Elsa-Coronado-agosto-2022-768x960.jpg 768w, https:\/\/latamjournalismreview.org\/wp-content\/uploads\/2022\/09\/Elsa-Coronado-agosto-2022.jpg 1018w\" sizes=\"auto, (max-width: 240px) 100vw, 240px\" \/><p id=\"caption-attachment-67649\" class=\"wp-caption-text\">Elsa Coronado, reportera del sitio Plaza P\u00fablica. (Foto: Archivo personal)<\/p><\/div>\n<p>Coloj afirma que la hostilidad del gobierno nacional hacia la prensa ha calado en las instituciones a nivel local. \u201cTambi\u00e9n estas mismas actitudes se han replicado en los departamentos, en las municipalidades, con gobernadores departamentales o con diputados distritales quienes buscan de alguna manera limitar la labor de los periodistas al no responder preguntas o al responder de forma grosera o intimidante ante cuestionamientos que no les gusta, invitar \u00fanicamente a medios afines o utilizar la pauta oficial para premiar, castigar o condicionar a los periodistas\u201d, dijo.<\/p>\n<p>La periodista\u00a0<a href=\"https:\/\/twitter.com\/jlobo2011\" target=\"_blank\" rel=\"noopener\">Julie L\u00f3pez<\/a>, que escribe para\u00a0<a href=\"https:\/\/elfaro.net\/\" target=\"_blank\" rel=\"noopener\">El Faro<\/a>, tambi\u00e9n habl\u00f3 con\u00a0<strong>LJR<\/strong> sobre el aspecto local de la hostilidad y la represi\u00f3n contra los periodistas. Record\u00f3 que en los \u00faltimos a\u00f1os ha habido varios casos de profesionales dedicados a la cobertura local que han sido detenidos y criminalizados por hacer su trabajo, como fue el caso de la periodista ind\u00edgena\u00a0<a href=\"https:\/\/latamjournalismreview.org\/es\/news\/periodista-guatemalteca-anastasia-mejia-homenajeada-por-el-cpj-con-el-premio-internacional-de-la-libertad-de-prensa-2021\/\" target=\"_blank\" rel=\"noopener\">Anastasia Mej\u00eda<\/a>, quien fue detenida arbitrariamente por m\u00e1s de un mes entre septiembre y octubre de 2020 y luego casi un a\u00f1o bajo arresto domiciliario.<\/p>\n<p>Para L\u00f3pez, el impacto de la detenci\u00f3n de Zamora en los periodistas guatemaltecos tambi\u00e9n var\u00eda por esta diferencia entre la cobertura local, en municipios y departamentos, y la nacional, en la capital del pa\u00eds.<\/p>\n<p>\u201cHay un cierto n\u00famero [de periodistas] especialmente en la capital, creo yo ah\u00ed hay m\u00e1s gente asustada d\u00e1ndose cuenta de lo que puede ser el Ministerio P\u00fablico\u201d, dijo L\u00f3pez a <strong>LJR<\/strong>. \u201cPero tambi\u00e9n hay voces divididas porque ya, por supuesto, poniendo el tema de que Zamora es una persona de mucho m\u00e1s alto perfil, m\u00e1s conocido a nivel internacional, etc\u00e9tera, eso es una cosa; pero hay varios periodistas en el interior que han pasado d\u00edas en la c\u00e1rcel, semanas, como \u2013 otra vez \u2013 el caso de Anastasia [Mej\u00eda], y nunca tuvo el mismo alto perfil\u201d.<\/p>\n<div id=\"attachment_67646\" style=\"width: 235px\" class=\"wp-caption alignleft\"><img loading=\"lazy\" decoding=\"async\" aria-describedby=\"caption-attachment-67646\" class=\"size-medium wp-image-67648\" src=\"https:\/\/latamjournalismreview.org\/wp-content\/uploads\/2022\/09\/JulieLopez-225x300.jpeg\" alt=\"\" width=\"225\" height=\"300\" srcset=\"https:\/\/latamjournalismreview.org\/wp-content\/uploads\/2022\/09\/JulieLopez-225x300.jpeg 225w, https:\/\/latamjournalismreview.org\/wp-content\/uploads\/2022\/09\/JulieLopez-768x1024.jpeg 768w, https:\/\/latamjournalismreview.org\/wp-content\/uploads\/2022\/09\/JulieLopez.jpeg 960w\" sizes=\"auto, (max-width: 225px) 100vw, 225px\" \/><p id=\"caption-attachment-67646\" class=\"wp-caption-text\">Periodista independiente Julie L\u00f3pez. (Foto: Archivo personal)<\/p><\/div>\n<p>Uno de los temores de los periodistas consultados por\u00a0<strong>LJR<\/strong> es que Guatemala siga el camino de otro pa\u00eds centroamericano, Nicaragua. Desde 2018,\u00a0<a href=\"https:\/\/latamjournalismreview.org\/es\/articles\/a-cuatro-anos-de-las-protestas-sociales-contra-el-autoritarismo-del-gobierno-en-nicaragua-ortega-ha-convertido-al-pais-en-una-carcel-dicen-periodistas-exiliados\/\" target=\"_blank\" rel=\"noopener\">decenas de periodistas han sido detenidos en Nicaragua y al menos 120 se han exiliado<\/a>, y m\u00e1s de 20 medios de comunicaci\u00f3n han visto cerradas sus redacciones por el gobierno de Daniel Ortega.<\/p>\n<p>Sin embargo, el miedo no paraliza a los periodistas guatemaltecos, como destacan los profesionales entrevistados por\u00a0<strong>LJR<\/strong>: \u201cContrario a lo que ha buscado Giammattei, sus aliados pol\u00edticos, sus aliados en el sector privado y la Fiscal General, el arresto de Zamora no ha provocado una autocensura generalizada, sino al contrario: vino a fortalecer el ambiente de hermandad y la unidad en casi todo el gremio period\u00edstico. Los medios no se han quedado callados y a ra\u00edz de esto han salido investigaciones\u201d que han se\u00f1alado <a href=\"https:\/\/elperiodico.com.gt\/politica\/justicia\/2022\/08\/10\/el-juez-fredy-orellana-y-sus-nexos-con-militares-1\/\" target=\"_blank\" rel=\"noopener\">conflictos de intereses de las personas implicadas en las acusaciones contra Zamora<\/a>, subray\u00f3 Coloj.<\/p>\n<h3>Miedo y solidaridad<\/h3>\n<p>A continuaci\u00f3n, otras consideraciones de periodistas consultados por\u00a0<strong>LJR<\/strong> sobre la situaci\u00f3n actual de la libertad de prensa y su impacto en los periodistas de Guatemala:<\/p>\n<p><strong>Relaci\u00f3n entre el gobierno de Alejandro Giammattei y la prensa<\/strong><\/p>\n<p><i><strong>Enrique Naveda:<\/strong><\/i> \u201c[El gobierno] tiene la misma relaci\u00f3n con la prensa que tiene con el resto de los actores sociales. Es decir, exige subordinaci\u00f3n y aplauso. A quien le ofrece subordinaci\u00f3n y aplauso, sea prensa o sea otro tipo de actor, le ofrece gratificaciones. A quien disiente, le excluye, presiona, y en \u00faltima instancia le intenta destruir. As\u00ed pasa con la prensa y as\u00ed pasa con otro tipo de organizaciones. Con la prensa, por ejemplo a la mayor parte de la prensa cr\u00edtica o disidente, independiente, no la invita en muchas ocasiones a conferencias de prensa, no le invita a reuniones, no le concede entrevistas, pues presiona por v\u00edas legales y en algunos casos, como ese de Zamora, incluso llega hasta la captura\u201d.<\/p>\n<p><i><strong>Julie L\u00f3pez:<\/strong><\/i> \u201cDesde un principio fue una relaci\u00f3n tirante que poco a poco se fueron cerrando los espacios. Creo que este gobierno fue dado a ir cerrando los espacios de comunicaci\u00f3n, por ejemplo, pronto las conferencias fueron espacios donde el funcionario anunciaba equis cosa pero no hab\u00eda espacio para hacer preguntas. O era f\u00e1cil de observar que nada m\u00e1s dejaban hacer preguntas a los periodistas afines al gobierno. \u00daltimamente tambi\u00e9n han sido muy dados a que publican audios de declaraciones o comunicados de prensa que los env\u00edan por Whatsapp, porque el periodista no tiene oportunidad de replicar y si haces una pregunta o preguntas de lo que env\u00edan, nunca te los contestan\u201d.<\/p>\n<p><i><strong>Marielos Monz\u00f3n:<\/strong><\/i> \u201cEl gobierno de Alejandro Giammattei ha impuesto una din\u00e1mica de regresi\u00f3n autoritaria y se ha caracterizado por la represi\u00f3n, la censura y las limitaciones al trabajo de la prensa y de medios y periodistas independientes. En el \u00faltimo a\u00f1o se han multiplicado y diversificado diversas formas de limitaciones, agresiones y ataques contra la prensa. Por ejemplo, una presidencia que irrespeta a los medios de comunicaci\u00f3n, un Ministerio P\u00fablico que en sinton\u00eda con algunos jueces\u00a0 fabrican casos y no investigan los abusos contra los periodistas, y tambi\u00e9n estamos viendo Oficinas de Informaci\u00f3n P\u00fablica del Ejecutivo, del Congreso y de otras instituciones del Estado que est\u00e1n obligados a rendir cuentas que optan por convertirse en una barrera de censura al derecho de acceso a la informaci\u00f3n\u201d.<\/p>\n<p><strong>Impacto de la detenci\u00f3n de Zamora y de la situaci\u00f3n actual de los periodistas en el pa\u00eds<\/strong><\/p>\n<p><i><strong>Marielos Monz\u00f3n:<\/strong><\/i> \u201cPor un lado, creo que no podemos negar que hay miedo, que hay zozobra, que nos ponemos a pensar cada vez que vamos a publicar una nota y que estamos investigando un caso, que podemos ser en cualquier momento v\u00edctima de un atropello y de criminalizaci\u00f3n. Eso es innegable y pega fuerte, digamos, en periodistas, que sabemos que en este momento estamos corriendo un peligro frente a este poder que se ha constituido para censurar y acallar a la prensa. Por el otro lado creo que es importante recalcar que los periodistas independientes nos hemos no solo solidarizado con las y los colegas criminalizados, sino que en realidad nos hemos organizado de tal manera que ahora hemos impulsado una iniciativa que se llama \u2018No nos Callar\u00e1n\u2019. Con esta iniciativa queremos evidenciar al pueblo de Guatemala lo que est\u00e1 pasando con la democracia, decirle que cuando se calla a un periodista o se censura a un medio de comunicaci\u00f3n, no es s\u00f3lo un ataque al periodismo. es un ataque a la democracia y al derecho de la ciudadan\u00eda guatemalteca a tener informaci\u00f3n que le permita tomar decisiones y conocer hechos que le afectan\u201d.<\/p>\n<p><strong>\u00bfC\u00f3mo se siente hoy como periodista en Guatemala?<\/strong><\/p>\n<p><i><strong>Julie L\u00f3pez:<\/strong><\/i> \u201cMi opini\u00f3n es que en este pa\u00eds como est\u00e1n las cosas es menos peligroso cubrir narcotr\u00e1fico que cubrir corrupci\u00f3n. Y no estoy diciendo que los narcos no te hacen nada, pues por supuesto que pueden hacerlo, especialmente en el contexto de impunidad actual. Pero creo que de verdad, como periodista corres m\u00e1s riesgo cubriendo corrupci\u00f3n que narcos. Y pues creo que eso te responde el estado de las cosas, porque con el ejemplo de los arrestos el 21 de noviembre de 2020\u00a0<a href=\"https:\/\/www.elmundo.es\/internacional\/2020\/11\/22\/5fbaa2f221efa033248b4590.html\" target=\"_blank\" rel=\"noopener\">[cuando decenas de personas fueron puestas en prisi\u00f3n arbitrariamente por su supuesta participaci\u00f3n en manifestaciones en Ciudad de Guatemala]<\/a> y esto que est\u00e1n haciendo con Zamora, te ense\u00f1a que pueden agarrar a cualquiera y torcer la ley y t\u00fa no puedes hacer nada al respecto. Entonces eso asusta\u201d.<\/p>\n<p><i><strong>Elsa Coronado:<\/strong><\/i> \u201cSiento mayor responsabilidad ante la situaci\u00f3n actual de mi pa\u00eds. Creo que el periodismo serio es necesario y urgente. Algunos piensan que al quitar del camino a los periodistas van a poder actuar sin que les molesten, pero hay medios muy peque\u00f1os y valientes que est\u00e1n decididos a fiscalizar al poder. En el que yo trabajo, que es Plaza P\u00fablica, se hacen esfuerzos importantes por hacer periodismo de investigaci\u00f3n y profundidad. Creemos que las personas tienen derecho a tener acceso a esa informaci\u00f3n y ese es nuestro enfoque y esfuerzo. Hay otros medios que tambi\u00e9n hacen grandes esfuerzos con m\u00ednimo personal desde la ciudad y en las comunidades. Veo un gran compromiso en este tiempo a pesar de los peligros\u201d.<\/p>\n<p><i><strong>Enrique Naveda:<\/strong><\/i> \u201cYo me siento con mucha aprensi\u00f3n sobre el futuro de la prensa en Guatemala y de la democracia guatemalteca. Yo soy de los que opinan que ya no se le puede llamar democracia desde hace un buen tiempo. Considero que pasamos de un r\u00e9gimen h\u00edbrido, que es\u00a0<a href=\"https:\/\/www.economist.com\/the-americas\/democracy-is-quickly-eroding-in-central-america\/21803907\" target=\"_blank\" rel=\"noopener\">como lo calificaba hace unos a\u00f1os todav\u00eda The Economist<\/a>, a un r\u00e9gimen claramente autoritario, en el que todas las instituciones del Estado responden ya a la voluntad del presidente Giammattei, y no creo que eso vaya a ser algo que cambie con las elecciones\u201d.<\/p>\n<p><strong>Papel de la comunidad internacional<\/strong><\/p>\n<p><i><strong>Elsa Coronado:<\/strong><\/i> \u201cEs importante que pongan atenci\u00f3n a lo que aqu\u00ed ocurre. S\u00e9 que esta situaci\u00f3n es global, pero necesitamos de la solidaridad del mundo para que esto que estamos viviendo no quede en el anonimato. Hoy d\u00eda creo que necesitamos de redes de apoyo para emergencias y situaciones de peligro y fortalecer los conocimientos de autoprotecci\u00f3n de las y los periodistas, especialmente de las y los j\u00f3venes que deciden con valent\u00eda seguir esta profesi\u00f3n\u201d.<\/p>\n<p><i><strong>Marielos Monz\u00f3n:<\/strong><\/i> \u201cNecesitamos que pongan sus ojos en Guatemala y en Centroam\u00e9rica, que se den cuenta de lo que podr\u00eda pasar con esta regresi\u00f3n y de vuelta a un pasado que no queremos que tenga esta regi\u00f3n. Pero sobre todo que act\u00faen en consecuencia de la defensa de estos principios de la democracia y de la libertad de expresi\u00f3n en t\u00e9rminos que realmente se sepa que al Gobierno, al Congreso, a las Cortes cooptadas, les va a salir muy caro el ataque a la poblaci\u00f3n y a los derechos y libertades ciudadanas. O sea, no s\u00f3lo se trata de hacer mensajes solidarios, se trata tambi\u00e9n de decir que esta situaci\u00f3n es inaceptable y van a tener una consecuencia para este gobierno y para las personas que est\u00e1n actuando en contra de los derechos y de las libertades\u201d.<\/p>\n","protected":false},"excerpt":{"rendered":"<p>La detenci\u00f3n de Jos\u00e9 Rub\u00e9n Zamora, fundador y director del diario elPeri\u00f3dico, ha llamado la atenci\u00f3n internacional por la degradaci\u00f3n de la libertad de prensa en Guatemala. Periodistas entrevistados por LJR afirman que la detenci\u00f3n de Zamora es un hecho grave en la escalada de ataques a la prensa cr\u00edtica del presidente Alejandro Giammattei.<\/p>\n","protected":false},"author":16,"featured_media":67656,"comment_status":"closed","ping_status":"closed","sticky":false,"template":"","format":"standard","meta":{"inline_featured_image":false,"footnotes":""},"categories":[1220],"tags":[1459],"coauthors":[],"class_list":["post-67665","post","type-post","status-publish","format-standard","has-post-thumbnail","hentry","category-libertad-de-prensa-es","tag-guatemala-es"],"acf":[],"yoast_head":"<!-- This site is optimized with the Yoast SEO Premium plugin v22.6 (Yoast SEO v27.4) - https:\/\/yoast.com\/product\/yoast-seo-premium-wordpress\/ -->\n<title>Periodistas de Guatemala hablan sobre el deterioro de la libertad de prensa: \u201cuna campa\u00f1a de cacer\u00eda, acoso y violencia\u201d - LatAm Journalism Review<\/title>\n<meta name=\"description\" content=\"Periodistas de Guatemala hablan sobre el deterioro de la libertad de prensa: \u201cuna campa\u00f1a de cacer\u00eda, acoso y violencia\u201d Libertad de prensa. Latin American Journalism Review by The Knight Center at The University of Texas at Austin.\" \/>\n<meta name=\"robots\" content=\"index, follow, max-snippet:-1, max-image-preview:large, max-video-preview:-1\" \/>\n<link rel=\"canonical\" href=\"https:\/\/latamjournalismreview.org\/es\/articles\/periodistas-de-guatemala-hablan-sobre-el-deterioro-de-la-libertad-de-prensa-una-campana-de-caceria-acoso-y-violencia\/\" \/>\n<meta property=\"og:locale\" content=\"es_ES\" \/>\n<meta property=\"og:type\" content=\"article\" \/>\n<meta property=\"og:title\" content=\"Periodistas de Guatemala hablan sobre el deterioro de la libertad de prensa: \u201cuna campa\u00f1a de cacer\u00eda, acoso y violencia\u201d\" \/>\n<meta property=\"og:description\" content=\"Periodistas de Guatemala hablan sobre el deterioro de la libertad de prensa: \u201cuna campa\u00f1a de cacer\u00eda, acoso y violencia\u201d Libertad de prensa. Latin American Journalism Review by The Knight Center at The University of Texas at Austin.\" \/>\n<meta property=\"og:url\" content=\"https:\/\/latamjournalismreview.org\/es\/articles\/periodistas-de-guatemala-hablan-sobre-el-deterioro-de-la-libertad-de-prensa-una-campana-de-caceria-acoso-y-violencia\/\" \/>\n<meta property=\"og:site_name\" content=\"LatAm Journalism Review\" \/>\n<meta property=\"article:published_time\" content=\"2022-09-05T14:44:20+00:00\" \/>\n<meta property=\"article:modified_time\" content=\"2022-09-05T18:13:22+00:00\" \/>\n<meta property=\"og:image\" content=\"https:\/\/latamjournalismreview.org\/wp-content\/uploads\/2022\/09\/Featured-jornalistas-guatemala.png\" \/>\n\t<meta property=\"og:image:width\" content=\"507\" \/>\n\t<meta property=\"og:image:height\" content=\"340\" \/>\n\t<meta property=\"og:image:type\" content=\"image\/png\" \/>\n<meta name=\"author\" content=\"Carolina de Assis\" \/>\n<meta name=\"twitter:card\" content=\"summary_large_image\" \/>\n<meta name=\"twitter:creator\" content=\"@LatAmJournalism\" \/>\n<meta name=\"twitter:site\" content=\"@LatAmJournalism\" \/>\n<meta name=\"twitter:label1\" content=\"Written by\" \/>\n\t<meta name=\"twitter:data1\" content=\"Carolina de Assis\" \/>\n\t<meta name=\"twitter:label2\" content=\"Est. reading time\" \/>\n\t<meta name=\"twitter:data2\" content=\"17 minutos\" \/>\n<script type=\"application\/ld+json\" class=\"yoast-schema-graph\">{\"@context\":\"https:\\\/\\\/schema.org\",\"@graph\":[{\"@type\":\"Article\",\"@id\":\"https:\\\/\\\/latamjournalismreview.org\\\/es\\\/articles\\\/periodistas-de-guatemala-hablan-sobre-el-deterioro-de-la-libertad-de-prensa-una-campana-de-caceria-acoso-y-violencia\\\/#article\",\"isPartOf\":{\"@id\":\"https:\\\/\\\/latamjournalismreview.org\\\/es\\\/articles\\\/periodistas-de-guatemala-hablan-sobre-el-deterioro-de-la-libertad-de-prensa-una-campana-de-caceria-acoso-y-violencia\\\/\"},\"author\":{\"name\":\"Carolina de Assis\",\"@id\":\"https:\\\/\\\/latamjournalismreview.org\\\/es\\\/#\\\/schema\\\/person\\\/f98b544e2f231a237f39a56cc9a00a9a\"},\"headline\":\"Periodistas de Guatemala hablan sobre el deterioro de la libertad de prensa: \u201cuna campa\u00f1a de cacer\u00eda, acoso y violencia\u201d\",\"datePublished\":\"2022-09-05T14:44:20+00:00\",\"dateModified\":\"2022-09-05T18:13:22+00:00\",\"mainEntityOfPage\":{\"@id\":\"https:\\\/\\\/latamjournalismreview.org\\\/es\\\/articles\\\/periodistas-de-guatemala-hablan-sobre-el-deterioro-de-la-libertad-de-prensa-una-campana-de-caceria-acoso-y-violencia\\\/\"},\"wordCount\":3424,\"publisher\":{\"@id\":\"https:\\\/\\\/latamjournalismreview.org\\\/es\\\/#organization\"},\"image\":{\"@id\":\"https:\\\/\\\/latamjournalismreview.org\\\/es\\\/articles\\\/periodistas-de-guatemala-hablan-sobre-el-deterioro-de-la-libertad-de-prensa-una-campana-de-caceria-acoso-y-violencia\\\/#primaryimage\"},\"thumbnailUrl\":\"https:\\\/\\\/latamjournalismreview.org\\\/wp-content\\\/uploads\\\/2022\\\/09\\\/Featured-jornalistas-guatemala.png\",\"keywords\":[\"Guatemala\"],\"articleSection\":[\"Libertad de prensa\"],\"inLanguage\":\"es\"},{\"@type\":\"WebPage\",\"@id\":\"https:\\\/\\\/latamjournalismreview.org\\\/es\\\/articles\\\/periodistas-de-guatemala-hablan-sobre-el-deterioro-de-la-libertad-de-prensa-una-campana-de-caceria-acoso-y-violencia\\\/\",\"url\":\"https:\\\/\\\/latamjournalismreview.org\\\/es\\\/articles\\\/periodistas-de-guatemala-hablan-sobre-el-deterioro-de-la-libertad-de-prensa-una-campana-de-caceria-acoso-y-violencia\\\/\",\"name\":\"Periodistas de Guatemala hablan sobre el deterioro de la libertad de prensa: \u201cuna campa\u00f1a de cacer\u00eda, acoso y violencia\u201d - LatAm Journalism Review\",\"isPartOf\":{\"@id\":\"https:\\\/\\\/latamjournalismreview.org\\\/es\\\/#website\"},\"primaryImageOfPage\":{\"@id\":\"https:\\\/\\\/latamjournalismreview.org\\\/es\\\/articles\\\/periodistas-de-guatemala-hablan-sobre-el-deterioro-de-la-libertad-de-prensa-una-campana-de-caceria-acoso-y-violencia\\\/#primaryimage\"},\"image\":{\"@id\":\"https:\\\/\\\/latamjournalismreview.org\\\/es\\\/articles\\\/periodistas-de-guatemala-hablan-sobre-el-deterioro-de-la-libertad-de-prensa-una-campana-de-caceria-acoso-y-violencia\\\/#primaryimage\"},\"thumbnailUrl\":\"https:\\\/\\\/latamjournalismreview.org\\\/wp-content\\\/uploads\\\/2022\\\/09\\\/Featured-jornalistas-guatemala.png\",\"datePublished\":\"2022-09-05T14:44:20+00:00\",\"dateModified\":\"2022-09-05T18:13:22+00:00\",\"description\":\"Periodistas de Guatemala hablan sobre el deterioro de la libertad de prensa: \u201cuna campa\u00f1a de cacer\u00eda, acoso y violencia\u201d Libertad de prensa. Latin American Journalism Review by The Knight Center at The University of Texas at Austin.\",\"breadcrumb\":{\"@id\":\"https:\\\/\\\/latamjournalismreview.org\\\/es\\\/articles\\\/periodistas-de-guatemala-hablan-sobre-el-deterioro-de-la-libertad-de-prensa-una-campana-de-caceria-acoso-y-violencia\\\/#breadcrumb\"},\"inLanguage\":\"es\",\"potentialAction\":[{\"@type\":\"ReadAction\",\"target\":[\"https:\\\/\\\/latamjournalismreview.org\\\/es\\\/articles\\\/periodistas-de-guatemala-hablan-sobre-el-deterioro-de-la-libertad-de-prensa-una-campana-de-caceria-acoso-y-violencia\\\/\"]}]},{\"@type\":\"ImageObject\",\"inLanguage\":\"es\",\"@id\":\"https:\\\/\\\/latamjournalismreview.org\\\/es\\\/articles\\\/periodistas-de-guatemala-hablan-sobre-el-deterioro-de-la-libertad-de-prensa-una-campana-de-caceria-acoso-y-violencia\\\/#primaryimage\",\"url\":\"https:\\\/\\\/latamjournalismreview.org\\\/wp-content\\\/uploads\\\/2022\\\/09\\\/Featured-jornalistas-guatemala.png\",\"contentUrl\":\"https:\\\/\\\/latamjournalismreview.org\\\/wp-content\\\/uploads\\\/2022\\\/09\\\/Featured-jornalistas-guatemala.png\",\"width\":507,\"height\":340,\"caption\":\"group of journalists wearing masks in front of a metal gate in Guatemala\"},{\"@type\":\"BreadcrumbList\",\"@id\":\"https:\\\/\\\/latamjournalismreview.org\\\/es\\\/articles\\\/periodistas-de-guatemala-hablan-sobre-el-deterioro-de-la-libertad-de-prensa-una-campana-de-caceria-acoso-y-violencia\\\/#breadcrumb\",\"itemListElement\":[{\"@type\":\"ListItem\",\"position\":1,\"name\":\"Home\",\"item\":\"https:\\\/\\\/latamjournalismreview.org\\\/es\\\/\"},{\"@type\":\"ListItem\",\"position\":2,\"name\":\"Periodistas de Guatemala hablan sobre el deterioro de la libertad de prensa: \u201cuna campa\u00f1a de cacer\u00eda, acoso y violencia\u201d\"}]},{\"@type\":\"WebSite\",\"@id\":\"https:\\\/\\\/latamjournalismreview.org\\\/es\\\/#website\",\"url\":\"https:\\\/\\\/latamjournalismreview.org\\\/es\\\/\",\"name\":\"LatAm Journalism Review\",\"description\":\"Knight Center at The University of Texas\",\"publisher\":{\"@id\":\"https:\\\/\\\/latamjournalismreview.org\\\/es\\\/#organization\"},\"potentialAction\":[{\"@type\":\"SearchAction\",\"target\":{\"@type\":\"EntryPoint\",\"urlTemplate\":\"https:\\\/\\\/latamjournalismreview.org\\\/es\\\/?s={search_term_string}\"},\"query-input\":{\"@type\":\"PropertyValueSpecification\",\"valueRequired\":true,\"valueName\":\"search_term_string\"}}],\"inLanguage\":\"es\"},{\"@type\":\"Organization\",\"@id\":\"https:\\\/\\\/latamjournalismreview.org\\\/es\\\/#organization\",\"name\":\"LatAm Journalism Review\",\"url\":\"https:\\\/\\\/latamjournalismreview.org\\\/es\\\/\",\"logo\":{\"@type\":\"ImageObject\",\"inLanguage\":\"es\",\"@id\":\"https:\\\/\\\/latamjournalismreview.org\\\/es\\\/#\\\/schema\\\/logo\\\/image\\\/\",\"url\":\"https:\\\/\\\/latamjournalismreview.org\\\/wp-content\\\/uploads\\\/2020\\\/05\\\/knight-latAm-review-logo.svg\",\"contentUrl\":\"https:\\\/\\\/latamjournalismreview.org\\\/wp-content\\\/uploads\\\/2020\\\/05\\\/knight-latAm-review-logo.svg\",\"width\":\"1024\",\"height\":\"1024\",\"caption\":\"LatAm Journalism Review\"},\"image\":{\"@id\":\"https:\\\/\\\/latamjournalismreview.org\\\/es\\\/#\\\/schema\\\/logo\\\/image\\\/\"},\"sameAs\":[\"https:\\\/\\\/x.com\\\/LatAmJournalism\"]},{\"@type\":\"Person\",\"@id\":\"https:\\\/\\\/latamjournalismreview.org\\\/es\\\/#\\\/schema\\\/person\\\/f98b544e2f231a237f39a56cc9a00a9a\",\"name\":\"Carolina de Assis\",\"description\":\"Carolina de Assis is a Brazilian journalist and researcher who lives in Juiz de Fora, MG, Brazil. She holds a master's degree in Women\u2019s and Gender Studies from the GEMMA Programme \u2013 Universit\u00e0 di Bologna (Italy) \\\/ Universiteit Utrecht (The Netherlands) and has worked as an editor at G\u00eanero e N\u00famero, a Brazilian digital magazine focused on data journalism and gender issues. She is especially interested in journalistic initiatives aimed at promoting human rights and gender justice. You can find her on Twitter: @caroldeassis _________ Carolina de Assis es una periodista e investigadora brasile\u00f1a que vive en Juiz de Fora, MG, Brasil . Tiene una maestr\u00eda en Estudios de las Mujeres y de G\u00e9nero del programa GEMMA \u2013 Universit\u00e0 di Bologna (Italia) \\\/ Universiteit Utrecht (Holanda). Trabaj\u00f3 como editora en la revista digital brasile\u00f1a G\u00eanero e N\u00famero. Le interesan especialmente iniciativas period\u00edsticas que tienen el objetivo de promover los derechos humanos y la justicia de g\u00e9nero. Puedes encontrarla en Twitter: @caroldeassis. _______ Carolina de Assis \u00e9 uma jornalista e pesquisadora brasileira que vive em Juiz de Fora (MG). \u00c9 mestra em Estudos da Mulher e de G\u00eanero pelo programa GEMMA \u2013 Universit\u00e0 di Bologna (It\u00e1lia) \\\/ Universiteit Utrecht (Holanda). Trabalhou como editora na revista digital G\u00eanero e N\u00famero e se interessa especialmente por iniciativas jornal\u00edsticas que promovam os direitos humanos e a justi\u00e7a de g\u00eanero. Voc\u00ea pode encontr\u00e1-la no Twitter em @caroldeassis.\",\"url\":\"https:\\\/\\\/latamjournalismreview.org\\\/es\\\/articles\\\/author\\\/carolina-de-assis\\\/\"}]}<\/script>\n<!-- \/ Yoast SEO Premium plugin. -->","yoast_head_json":{"title":"Periodistas de Guatemala hablan sobre el deterioro de la libertad de prensa: \u201cuna campa\u00f1a de cacer\u00eda, acoso y violencia\u201d - LatAm Journalism Review","description":"Periodistas de Guatemala hablan sobre el deterioro de la libertad de prensa: \u201cuna campa\u00f1a de cacer\u00eda, acoso y violencia\u201d Libertad de prensa. Latin American Journalism Review by The Knight Center at The University of Texas at Austin.","robots":{"index":"index","follow":"follow","max-snippet":"max-snippet:-1","max-image-preview":"max-image-preview:large","max-video-preview":"max-video-preview:-1"},"canonical":"https:\/\/latamjournalismreview.org\/es\/articles\/periodistas-de-guatemala-hablan-sobre-el-deterioro-de-la-libertad-de-prensa-una-campana-de-caceria-acoso-y-violencia\/","og_locale":"es_ES","og_type":"article","og_title":"Periodistas de Guatemala hablan sobre el deterioro de la libertad de prensa: \u201cuna campa\u00f1a de cacer\u00eda, acoso y violencia\u201d","og_description":"Periodistas de Guatemala hablan sobre el deterioro de la libertad de prensa: \u201cuna campa\u00f1a de cacer\u00eda, acoso y violencia\u201d Libertad de prensa. Latin American Journalism Review by The Knight Center at The University of Texas at Austin.","og_url":"https:\/\/latamjournalismreview.org\/es\/articles\/periodistas-de-guatemala-hablan-sobre-el-deterioro-de-la-libertad-de-prensa-una-campana-de-caceria-acoso-y-violencia\/","og_site_name":"LatAm Journalism Review","article_published_time":"2022-09-05T14:44:20+00:00","article_modified_time":"2022-09-05T18:13:22+00:00","og_image":[{"width":507,"height":340,"url":"https:\/\/latamjournalismreview.org\/wp-content\/uploads\/2022\/09\/Featured-jornalistas-guatemala.png","type":"image\/png"}],"author":"Carolina de Assis","twitter_card":"summary_large_image","twitter_creator":"@LatAmJournalism","twitter_site":"@LatAmJournalism","twitter_misc":{"Written by":"Carolina de Assis","Est. reading time":"17 minutos"},"schema":{"@context":"https:\/\/schema.org","@graph":[{"@type":"Article","@id":"https:\/\/latamjournalismreview.org\/es\/articles\/periodistas-de-guatemala-hablan-sobre-el-deterioro-de-la-libertad-de-prensa-una-campana-de-caceria-acoso-y-violencia\/#article","isPartOf":{"@id":"https:\/\/latamjournalismreview.org\/es\/articles\/periodistas-de-guatemala-hablan-sobre-el-deterioro-de-la-libertad-de-prensa-una-campana-de-caceria-acoso-y-violencia\/"},"author":{"name":"Carolina de Assis","@id":"https:\/\/latamjournalismreview.org\/es\/#\/schema\/person\/f98b544e2f231a237f39a56cc9a00a9a"},"headline":"Periodistas de Guatemala hablan sobre el deterioro de la libertad de prensa: \u201cuna campa\u00f1a de cacer\u00eda, acoso y violencia\u201d","datePublished":"2022-09-05T14:44:20+00:00","dateModified":"2022-09-05T18:13:22+00:00","mainEntityOfPage":{"@id":"https:\/\/latamjournalismreview.org\/es\/articles\/periodistas-de-guatemala-hablan-sobre-el-deterioro-de-la-libertad-de-prensa-una-campana-de-caceria-acoso-y-violencia\/"},"wordCount":3424,"publisher":{"@id":"https:\/\/latamjournalismreview.org\/es\/#organization"},"image":{"@id":"https:\/\/latamjournalismreview.org\/es\/articles\/periodistas-de-guatemala-hablan-sobre-el-deterioro-de-la-libertad-de-prensa-una-campana-de-caceria-acoso-y-violencia\/#primaryimage"},"thumbnailUrl":"https:\/\/latamjournalismreview.org\/wp-content\/uploads\/2022\/09\/Featured-jornalistas-guatemala.png","keywords":["Guatemala"],"articleSection":["Libertad de prensa"],"inLanguage":"es"},{"@type":"WebPage","@id":"https:\/\/latamjournalismreview.org\/es\/articles\/periodistas-de-guatemala-hablan-sobre-el-deterioro-de-la-libertad-de-prensa-una-campana-de-caceria-acoso-y-violencia\/","url":"https:\/\/latamjournalismreview.org\/es\/articles\/periodistas-de-guatemala-hablan-sobre-el-deterioro-de-la-libertad-de-prensa-una-campana-de-caceria-acoso-y-violencia\/","name":"Periodistas de Guatemala hablan sobre el deterioro de la libertad de prensa: \u201cuna campa\u00f1a de cacer\u00eda, acoso y violencia\u201d - LatAm Journalism Review","isPartOf":{"@id":"https:\/\/latamjournalismreview.org\/es\/#website"},"primaryImageOfPage":{"@id":"https:\/\/latamjournalismreview.org\/es\/articles\/periodistas-de-guatemala-hablan-sobre-el-deterioro-de-la-libertad-de-prensa-una-campana-de-caceria-acoso-y-violencia\/#primaryimage"},"image":{"@id":"https:\/\/latamjournalismreview.org\/es\/articles\/periodistas-de-guatemala-hablan-sobre-el-deterioro-de-la-libertad-de-prensa-una-campana-de-caceria-acoso-y-violencia\/#primaryimage"},"thumbnailUrl":"https:\/\/latamjournalismreview.org\/wp-content\/uploads\/2022\/09\/Featured-jornalistas-guatemala.png","datePublished":"2022-09-05T14:44:20+00:00","dateModified":"2022-09-05T18:13:22+00:00","description":"Periodistas de Guatemala hablan sobre el deterioro de la libertad de prensa: \u201cuna campa\u00f1a de cacer\u00eda, acoso y violencia\u201d Libertad de prensa. Latin American Journalism Review by The Knight Center at The University of Texas at Austin.","breadcrumb":{"@id":"https:\/\/latamjournalismreview.org\/es\/articles\/periodistas-de-guatemala-hablan-sobre-el-deterioro-de-la-libertad-de-prensa-una-campana-de-caceria-acoso-y-violencia\/#breadcrumb"},"inLanguage":"es","potentialAction":[{"@type":"ReadAction","target":["https:\/\/latamjournalismreview.org\/es\/articles\/periodistas-de-guatemala-hablan-sobre-el-deterioro-de-la-libertad-de-prensa-una-campana-de-caceria-acoso-y-violencia\/"]}]},{"@type":"ImageObject","inLanguage":"es","@id":"https:\/\/latamjournalismreview.org\/es\/articles\/periodistas-de-guatemala-hablan-sobre-el-deterioro-de-la-libertad-de-prensa-una-campana-de-caceria-acoso-y-violencia\/#primaryimage","url":"https:\/\/latamjournalismreview.org\/wp-content\/uploads\/2022\/09\/Featured-jornalistas-guatemala.png","contentUrl":"https:\/\/latamjournalismreview.org\/wp-content\/uploads\/2022\/09\/Featured-jornalistas-guatemala.png","width":507,"height":340,"caption":"group of journalists wearing masks in front of a metal gate in Guatemala"},{"@type":"BreadcrumbList","@id":"https:\/\/latamjournalismreview.org\/es\/articles\/periodistas-de-guatemala-hablan-sobre-el-deterioro-de-la-libertad-de-prensa-una-campana-de-caceria-acoso-y-violencia\/#breadcrumb","itemListElement":[{"@type":"ListItem","position":1,"name":"Home","item":"https:\/\/latamjournalismreview.org\/es\/"},{"@type":"ListItem","position":2,"name":"Periodistas de Guatemala hablan sobre el deterioro de la libertad de prensa: \u201cuna campa\u00f1a de cacer\u00eda, acoso y violencia\u201d"}]},{"@type":"WebSite","@id":"https:\/\/latamjournalismreview.org\/es\/#website","url":"https:\/\/latamjournalismreview.org\/es\/","name":"LatAm Journalism Review","description":"Knight Center at The University of Texas","publisher":{"@id":"https:\/\/latamjournalismreview.org\/es\/#organization"},"potentialAction":[{"@type":"SearchAction","target":{"@type":"EntryPoint","urlTemplate":"https:\/\/latamjournalismreview.org\/es\/?s={search_term_string}"},"query-input":{"@type":"PropertyValueSpecification","valueRequired":true,"valueName":"search_term_string"}}],"inLanguage":"es"},{"@type":"Organization","@id":"https:\/\/latamjournalismreview.org\/es\/#organization","name":"LatAm Journalism Review","url":"https:\/\/latamjournalismreview.org\/es\/","logo":{"@type":"ImageObject","inLanguage":"es","@id":"https:\/\/latamjournalismreview.org\/es\/#\/schema\/logo\/image\/","url":"https:\/\/latamjournalismreview.org\/wp-content\/uploads\/2020\/05\/knight-latAm-review-logo.svg","contentUrl":"https:\/\/latamjournalismreview.org\/wp-content\/uploads\/2020\/05\/knight-latAm-review-logo.svg","width":"1024","height":"1024","caption":"LatAm Journalism Review"},"image":{"@id":"https:\/\/latamjournalismreview.org\/es\/#\/schema\/logo\/image\/"},"sameAs":["https:\/\/x.com\/LatAmJournalism"]},{"@type":"Person","@id":"https:\/\/latamjournalismreview.org\/es\/#\/schema\/person\/f98b544e2f231a237f39a56cc9a00a9a","name":"Carolina de Assis","description":"Carolina de Assis is a Brazilian journalist and researcher who lives in Juiz de Fora, MG, Brazil. She holds a master's degree in Women\u2019s and Gender Studies from the GEMMA Programme \u2013 Universit\u00e0 di Bologna (Italy) \/ Universiteit Utrecht (The Netherlands) and has worked as an editor at G\u00eanero e N\u00famero, a Brazilian digital magazine focused on data journalism and gender issues. She is especially interested in journalistic initiatives aimed at promoting human rights and gender justice. You can find her on Twitter: @caroldeassis _________ Carolina de Assis es una periodista e investigadora brasile\u00f1a que vive en Juiz de Fora, MG, Brasil . Tiene una maestr\u00eda en Estudios de las Mujeres y de G\u00e9nero del programa GEMMA \u2013 Universit\u00e0 di Bologna (Italia) \/ Universiteit Utrecht (Holanda). Trabaj\u00f3 como editora en la revista digital brasile\u00f1a G\u00eanero e N\u00famero. Le interesan especialmente iniciativas period\u00edsticas que tienen el objetivo de promover los derechos humanos y la justicia de g\u00e9nero. Puedes encontrarla en Twitter: @caroldeassis. _______ Carolina de Assis \u00e9 uma jornalista e pesquisadora brasileira que vive em Juiz de Fora (MG). \u00c9 mestra em Estudos da Mulher e de G\u00eanero pelo programa GEMMA \u2013 Universit\u00e0 di Bologna (It\u00e1lia) \/ Universiteit Utrecht (Holanda). Trabalhou como editora na revista digital G\u00eanero e N\u00famero e se interessa especialmente por iniciativas jornal\u00edsticas que promovam os direitos humanos e a justi\u00e7a de g\u00eanero. Voc\u00ea pode encontr\u00e1-la no Twitter em @caroldeassis.","url":"https:\/\/latamjournalismreview.org\/es\/articles\/author\/carolina-de-assis\/"}]}},"_links":{"self":[{"href":"https:\/\/latamjournalismreview.org\/es\/wp-json\/wp\/v2\/posts\/67665","targetHints":{"allow":["GET"]}}],"collection":[{"href":"https:\/\/latamjournalismreview.org\/es\/wp-json\/wp\/v2\/posts"}],"about":[{"href":"https:\/\/latamjournalismreview.org\/es\/wp-json\/wp\/v2\/types\/post"}],"author":[{"embeddable":true,"href":"https:\/\/latamjournalismreview.org\/es\/wp-json\/wp\/v2\/users\/16"}],"replies":[{"embeddable":true,"href":"https:\/\/latamjournalismreview.org\/es\/wp-json\/wp\/v2\/comments?post=67665"}],"version-history":[{"count":8,"href":"https:\/\/latamjournalismreview.org\/es\/wp-json\/wp\/v2\/posts\/67665\/revisions"}],"predecessor-version":[{"id":67677,"href":"https:\/\/latamjournalismreview.org\/es\/wp-json\/wp\/v2\/posts\/67665\/revisions\/67677"}],"wp:featuredmedia":[{"embeddable":true,"href":"https:\/\/latamjournalismreview.org\/es\/wp-json\/wp\/v2\/media\/67656"}],"wp:attachment":[{"href":"https:\/\/latamjournalismreview.org\/es\/wp-json\/wp\/v2\/media?parent=67665"}],"wp:term":[{"taxonomy":"category","embeddable":true,"href":"https:\/\/latamjournalismreview.org\/es\/wp-json\/wp\/v2\/categories?post=67665"},{"taxonomy":"post_tag","embeddable":true,"href":"https:\/\/latamjournalismreview.org\/es\/wp-json\/wp\/v2\/tags?post=67665"},{"taxonomy":"author","embeddable":true,"href":"https:\/\/latamjournalismreview.org\/es\/wp-json\/wp\/v2\/coauthors?post=67665"}],"curies":[{"name":"wp","href":"https:\/\/api.w.org\/{rel}","templated":true}]}}