{"id":68071,"date":"2022-09-14T13:45:09","date_gmt":"2022-09-14T18:45:09","guid":{"rendered":"https:\/\/latamjournalismreview.org\/?p=68071"},"modified":"2022-09-14T13:45:55","modified_gmt":"2022-09-14T18:45:55","slug":"galapagos-lanza-segunda-edicion-de-formacion-en-periodismo-digital-con-mas-clases-practicas-para-periodistas-de-brasil","status":"publish","type":"post","link":"https:\/\/latamjournalismreview.org\/es\/articles\/galapagos-lanza-segunda-edicion-de-formacion-en-periodismo-digital-con-mas-clases-practicas-para-periodistas-de-brasil\/","title":{"rendered":"En Brasil, Gal\u00e1pagos lanza segunda edici\u00f3n de formaci\u00f3n en periodismo digital con m\u00e1s clases pr\u00e1cticas"},"content":{"rendered":"<p>La segunda edici\u00f3n de la Jornada Gal\u00e1pagos de Jornalismo tiene las\u00a0<a href=\"https:\/\/jornadagalapagos.com.br\/\" target=\"_blank\" rel=\"noopener\">inscripciones abiertas hasta el 19 de septiembre<\/a>. En esta edici\u00f3n, que se desarrolla tres a\u00f1os despu\u00e9s de la primera, el programa incluye m\u00e1s clases pr\u00e1cticas y m\u00e1s tiempo de interacci\u00f3n entre participantes e invitados.<\/p>\n<p>Se seleccionar\u00e1n 30 periodistas, estudiantes universitarios y profesionales de otras \u00e1reas interesados \u200b\u200ben producir contenidos period\u00edsticos digitales. El curso en portugu\u00e9s se realiza de forma presencial en S\u00e3o Paulo, Brasil, del 20 de noviembre al 2 de diciembre, y los participantes seleccionados tendr\u00e1n todo pago, incluido el pasaje a\u00e9reo y el alojamiento.<\/p>\n<p>\u201cEste a\u00f1o nos estamos enfocando en dar herramientas e inspiraci\u00f3n especialmente al productor de contenido independiente\u201d, dijo a\u00a0<strong>LatAm Journalism Review (LJR)<\/strong> la periodista Alecsandra Zapparoli, fundadora y editora de Gal\u00e1pagos.<\/p>\n<p>Esta edici\u00f3n tiene lugar tres a\u00f1os despu\u00e9s de la primera Jornada Gal\u00e1pagos, que tambi\u00e9n reuni\u00f3 a 30 periodistas de todo Brasil. La pausa fue necesaria por la pandemia de COVID-19, que imposibilitaba los encuentros presenciales que son uno de los grandes atractivos de la formaci\u00f3n.<\/p>\n<p>\u201cHicimos algunos ajustes a la programaci\u00f3n, dejando m\u00e1s tiempo para intercambios entre participantes y ponentes. Esta fue una de las peticiones de los estudiantes en la primera edici\u00f3n\u201d, dijo Zapparoli.<\/p>\n<p>En\u00a0<a href=\"https:\/\/latamjournalismreview.org\/es\/articles\/startup-brasilena-lanza-curso-de-periodismo-enfocado-en-diversidad-y-anuncia-nuevo-tipo-de-cobertura-nacional\/\" target=\"_blank\" rel=\"noopener\">la primera Jornada Gal\u00e1pagos<\/a> participaron periodistas de todas las regiones de Brasil, seleccionados teniendo en cuenta la diversidad regional, de g\u00e9nero, raza y clase, y el modelo se mantiene en 2022. \u201cQueremos gente curiosa y sintonizada, con disponibilidad y disposici\u00f3n para respirar informaci\u00f3n en doce d\u00edas, ya que el entrenamiento es bastante intenso\u201d, dijo Zapparoli.<\/p>\n<div id=\"attachment_67906\" style=\"width: 1090px\" class=\"wp-caption aligncenter\"><img loading=\"lazy\" decoding=\"async\" aria-describedby=\"caption-attachment-67906\" class=\"wp-image-67907 size-full\" src=\"https:\/\/latamjournalismreview.org\/wp-content\/uploads\/2022\/09\/Galapagos-2019.jpg\" alt=\"Participantes de la Jornada Gal\u00e1pagos 2019: entrenamiento intensivo en producci\u00f3n de contenidos period\u00edsticos digitales. (Foto: Cortes\u00eda Gal\u00e1pagos)\" width=\"1080\" height=\"679\" srcset=\"https:\/\/latamjournalismreview.org\/wp-content\/uploads\/2022\/09\/Galapagos-2019.jpg 1080w, https:\/\/latamjournalismreview.org\/wp-content\/uploads\/2022\/09\/Galapagos-2019-300x189.jpg 300w, https:\/\/latamjournalismreview.org\/wp-content\/uploads\/2022\/09\/Galapagos-2019-1024x644.jpg 1024w, https:\/\/latamjournalismreview.org\/wp-content\/uploads\/2022\/09\/Galapagos-2019-768x483.jpg 768w\" sizes=\"auto, (max-width: 1080px) 100vw, 1080px\" \/><p id=\"caption-attachment-67906\" class=\"wp-caption-text\">Participantes de la Jornada Gal\u00e1pagos 2019: entrenamiento intensivo en producci\u00f3n de contenidos period\u00edsticos digitales. (Foto: Cortes\u00eda Gal\u00e1pagos)<\/p><\/div>\n<p>El programa a\u00fan no est\u00e1 100% cerrado, pero incluye nombres como la reportera especial y columnista de Folha de S.Paulo Patricia Campos Mello para hablar sobre la lucha contra el acoso digital. La ganadora del Premio Maria Moors Cabot 2020 lleg\u00f3 a necesitar\u00a0<a href=\"https:\/\/latamjournalismreview.org\/es\/articles\/tuve-que-andar-con-un-guardaespaldas-por-un-tiempo-dice-patricia-campos-mello-ganadora-del-maria-moors-cabot-2020\/\" target=\"_blank\" rel=\"noopener\">andar con guardias de seguridad<\/a> debido al n\u00famero de amenazas que sufri\u00f3 tras revelar un\u00a0<a href=\"https:\/\/www1.folha.uol.com.br\/poder\/2018\/10\/empresarios-bancam-campanha-contra-o-pt-pelo-whatsapp.shtml\" target=\"_blank\" rel=\"noopener\">esquema de financiaci\u00f3n de noticias falsas en la campa\u00f1a presidencial de 2018<\/a>.<\/p>\n<p>Tambi\u00e9n est\u00e1n confirmados Daniel Bramatti, de Estad\u00e3o Verifica, cofundador de Comprova y expresidente de Abraji; Yan Boechat, reportero especializado en cobertura de conflictos armados;\u00a0<a href=\"https:\/\/latamjournalismreview.org\/es\/articles\/la-seguridad-es-el-mayor-desafio-para-los-periodistas-brasilenos-este-ano-dice-juliana-dal-piva-reportera-que-investiga-escandalos-de-la-familia-bolsonaro\/\" target=\"_blank\" rel=\"noopener\">Juliana dal Piva<\/a>, autora de la serie de reportajes \u201cA Vida Secreta de Jair\u201d, sobre esc\u00e1ndalos que involucran al presidente Jair Bolsonaro y su familia, que acaba de convertirse en libro;\u00a0<a href=\"https:\/\/www.linkedin.com\/pulse\/doze-dias-de-aprendizado-e-inspira%25C3%25A7%25C3%25A3o-alecsandra-zapparoli\/?trackingId=jfimLGNMQEKvA5yC2%2B3W0g%3D%3D\" target=\"_blank\" rel=\"noopener\">entre otros<\/a>.<\/p>\n<p>Parte del curso se enfocar\u00e1 en clases pr\u00e1cticas, enfoc\u00e1ndose en la producci\u00f3n de contenido y el uso de herramientas disponibles en las principales plataformas como Google, YouTube, Twitter, TikTok, Spotify, Instagram y gStack (plataforma para crear boletines informativos).<\/p>\n<blockquote class=\"instagram-media\" style=\"background: #FFF; border: 0; border-radius: 3px; box-shadow: 0 0 1px 0 rgba(0,0,0,0.5),0 1px 10px 0 rgba(0,0,0,0.15); margin: 1px; max-width: 540px; min-width: 326px; padding: 0; width: calc(100% - 2px);\" data-instgrm-captioned=\"\" data-instgrm-permalink=\"https:\/\/www.instagram.com\/reel\/CiaO9eeN6K6\/?utm_source=ig_embed&amp;utm_campaign=loading\" data-instgrm-version=\"14\">\n<div style=\"padding: 16px;\">\n<p>&nbsp;<\/p>\n<div style=\"display: flex; flex-direction: row; align-items: center;\">\n<div style=\"background-color: #f4f4f4; border-radius: 50%; flex-grow: 0; height: 40px; margin-right: 14px; width: 40px;\"><\/div>\n<div style=\"display: flex; flex-direction: column; flex-grow: 1; justify-content: center;\">\n<div style=\"background-color: #f4f4f4; border-radius: 4px; flex-grow: 0; height: 14px; margin-bottom: 6px; width: 100px;\"><\/div>\n<div style=\"background-color: #f4f4f4; border-radius: 4px; flex-grow: 0; height: 14px; width: 60px;\"><\/div>\n<\/div>\n<\/div>\n<div style=\"padding: 19% 0;\"><\/div>\n<div style=\"display: block; height: 50px; margin: 0 auto 12px; width: 50px;\"><\/div>\n<div style=\"padding-top: 8px;\">\n<div style=\"color: #3897f0; font-family: Arial,sans-serif; font-size: 14px; font-style: normal; font-weight: 550; line-height: 18px;\">View this post on Instagram<\/div>\n<\/div>\n<div style=\"padding: 12.5% 0;\"><\/div>\n<div style=\"display: flex; flex-direction: row; margin-bottom: 14px; align-items: center;\">\n<div>\n<div style=\"background-color: #f4f4f4; border-radius: 50%; height: 12.5px; width: 12.5px; transform: translateX(0px) translateY(7px);\"><\/div>\n<div style=\"background-color: #f4f4f4; height: 12.5px; transform: rotate(-45deg) translateX(3px) translateY(1px); width: 12.5px; flex-grow: 0; margin-right: 14px; margin-left: 2px;\"><\/div>\n<div style=\"background-color: #f4f4f4; border-radius: 50%; height: 12.5px; width: 12.5px; transform: translateX(9px) translateY(-18px);\"><\/div>\n<\/div>\n<div style=\"margin-left: 8px;\">\n<div style=\"background-color: #f4f4f4; border-radius: 50%; flex-grow: 0; height: 20px; width: 20px;\"><\/div>\n<div style=\"width: 0; height: 0; border-top: 2px solid transparent; border-left: 6px solid #f4f4f4; border-bottom: 2px solid transparent; transform: translateX(16px) translateY(-4px) rotate(30deg);\"><\/div>\n<\/div>\n<div style=\"margin-left: auto;\">\n<div style=\"width: 0px; border-top: 8px solid #F4F4F4; border-right: 8px solid transparent; transform: translateY(16px);\"><\/div>\n<div style=\"background-color: #f4f4f4; flex-grow: 0; height: 12px; width: 16px; transform: translateY(-4px);\"><\/div>\n<div style=\"width: 0; height: 0; border-top: 8px solid #F4F4F4; border-left: 8px solid transparent; transform: translateY(-4px) translateX(8px);\"><\/div>\n<\/div>\n<\/div>\n<div style=\"display: flex; flex-direction: column; flex-grow: 1; justify-content: center; margin-bottom: 24px;\">\n<div style=\"background-color: #f4f4f4; border-radius: 4px; flex-grow: 0; height: 14px; margin-bottom: 6px; width: 224px;\"><\/div>\n<div style=\"background-color: #f4f4f4; border-radius: 4px; flex-grow: 0; height: 14px; width: 144px;\"><\/div>\n<\/div>\n<p>&nbsp;<\/p>\n<p style=\"color: #c9c8cd; font-family: Arial,sans-serif; font-size: 14px; line-height: 17px; margin-bottom: 0; margin-top: 8px; overflow: hidden; padding: 8px 0 7px; text-align: center; text-overflow: ellipsis; white-space: nowrap;\"><a style=\"color: #c9c8cd; font-family: Arial,sans-serif; font-size: 14px; font-style: normal; font-weight: normal; line-height: 17px; text-decoration: none;\" href=\"https:\/\/www.instagram.com\/reel\/CiaO9eeN6K6\/?utm_source=ig_embed&amp;utm_campaign=loading\" target=\"_blank\" rel=\"noopener\">A post shared by Gal\u00e1pagos Newsmaking (@galapagosnewsmaking)<\/a><\/p>\n<\/div>\n<\/blockquote>\n<p><script async src=\"\/\/www.instagram.com\/embed.js\"><\/script><\/p>\n<p>Uno de los objetivos de Jornada Gal\u00e1pagos es contribuir a la formaci\u00f3n de j\u00f3venes periodistas y productores de nuevos contenidos que no han tenido la oportunidad de participar en programas de formaci\u00f3n en organizaciones period\u00edsticas \u2013 cada vez m\u00e1s escasos en el pa\u00eds.<\/p>\n<p>\u201cCon la reducci\u00f3n y la fragilidad econ\u00f3mica de las redacciones tradicionales, es muy dif\u00edcil que un reci\u00e9n graduado, por ejemplo, tenga un lugar para aprender en la pr\u00e1ctica. Cada vez m\u00e1s magras, las redacciones apenas ofrecen la posibilidad de aprender de los m\u00e1s experimentados. No hay tiempo ni gente para eso. Y los m\u00e1s experimentados, siempre inundados de trabajo, rara vez tienen la oportunidad de volver a capacitarse\u201d, dijo Zapparoli.<\/p>\n<p>El periodista Evandro de Almeida J\u00fanior particip\u00f3 en la primera Jornada Gal\u00e1pagos y desde entonces su carrera ha despegado. En el punto m\u00e1s alto, fue parte del equipo Red LATAM de J\u00f3venes Periodistas de Distintas Latitudes responsable del especial\u00a0<a href=\"https:\/\/violentadasencuarentena.distintaslatitudes.net\/\" target=\"_blank\" rel=\"noopener\">\u201cViolentadas en cuarentena\u201d<\/a>, sobre violencia de g\u00e9nero contra las mujeres durante la pandemia de COVID-19 en Am\u00e9rica Latina. El trabajo transfronterizo gan\u00f3 el premio\u00a0<a href=\"https:\/\/oneworldmedia.org.uk\/awards\/2021-winners\/\" target=\"_blank\" rel=\"noopener\">One World Media 2021<\/a> en la categor\u00eda de medios digitales.<\/p>\n<p>\u201cMe inscrib\u00ed a Gal\u00e1pagos porque me acababa de graduar y nunca hab\u00eda trabajado en una redacci\u00f3n en mi vida. As\u00ed que siempre me cost\u00f3 mucho entrar a la sala de redacci\u00f3n\u201d, dijo Almeida J\u00fanior a\u00a0<strong>LJR<\/strong>. \u201cDurante Gal\u00e1pagos, aprendimos t\u00e9cnicas que nos ayudaron a obtener financiamiento, conseguir viajes de reportajes, ganar premios, pensar en historias premiadas\u201d.<\/p>\n<p>El joven periodista ahora es editor de asuntos nacionales en TV Band, despu\u00e9s de una temporada en Estad\u00e3o. Adem\u00e1s de la formaci\u00f3n espec\u00edfica, destaca la creaci\u00f3n de una red de colaboradores y socios entre los participantes de la primera jornada. \u201cCreamos conexiones muy fuertes. Y hoy tambi\u00e9n somos una red de apoyo muy s\u00f3lida\u201d.<\/p>\n","protected":false},"excerpt":{"rendered":"<p>La segunda edici\u00f3n de la Jornada Gal\u00e1pagos de Jornalismo tiene las inscripciones abiertas hasta el 19 de septiembre para periodistas en Brasil. En esta edici\u00f3n, que tiene lugar tres a\u00f1os despu\u00e9s de la primera, el programa incluye m\u00e1s clases pr\u00e1cticas y m\u00e1s tiempo de interacci\u00f3n entre participantes e invitados.<\/p>\n","protected":false},"author":5,"featured_media":67907,"comment_status":"closed","ping_status":"closed","sticky":false,"template":"","format":"standard","meta":{"inline_featured_image":false,"footnotes":""},"categories":[1354],"tags":[1499],"coauthors":[],"class_list":["post-68071","post","type-post","status-publish","format-standard","has-post-thumbnail","hentry","category-premios-y-oportunidades-es","tag-periodismo-digital-es"],"acf":[],"yoast_head":"<!-- This site is optimized with the Yoast SEO Premium plugin v22.6 (Yoast SEO v27.4) - https:\/\/yoast.com\/product\/yoast-seo-premium-wordpress\/ -->\n<title>En Brasil, Gal\u00e1pagos lanza segunda edici\u00f3n de formaci\u00f3n en periodismo digital con m\u00e1s clases pr\u00e1cticas - LatAm Journalism Review<\/title>\n<meta name=\"description\" content=\"En Brasil, Gal\u00e1pagos lanza segunda edici\u00f3n de formaci\u00f3n en periodismo digital con m\u00e1s clases pr\u00e1cticas Premios y oportunidades. Latin American Journalism Review by The Knight Center at The University of Texas at Austin.\" \/>\n<meta name=\"robots\" content=\"index, follow, max-snippet:-1, max-image-preview:large, max-video-preview:-1\" \/>\n<link rel=\"canonical\" href=\"https:\/\/latamjournalismreview.org\/es\/articles\/galapagos-lanza-segunda-edicion-de-formacion-en-periodismo-digital-con-mas-clases-practicas-para-periodistas-de-brasil\/\" \/>\n<meta property=\"og:locale\" content=\"es_ES\" \/>\n<meta property=\"og:type\" content=\"article\" \/>\n<meta property=\"og:title\" content=\"En Brasil, Gal\u00e1pagos lanza segunda edici\u00f3n de formaci\u00f3n en periodismo digital con m\u00e1s clases pr\u00e1cticas\" \/>\n<meta property=\"og:description\" content=\"En Brasil, Gal\u00e1pagos lanza segunda edici\u00f3n de formaci\u00f3n en periodismo digital con m\u00e1s clases pr\u00e1cticas Premios y oportunidades. Latin American Journalism Review by The Knight Center at The University of Texas at Austin.\" \/>\n<meta property=\"og:url\" content=\"https:\/\/latamjournalismreview.org\/es\/articles\/galapagos-lanza-segunda-edicion-de-formacion-en-periodismo-digital-con-mas-clases-practicas-para-periodistas-de-brasil\/\" \/>\n<meta property=\"og:site_name\" content=\"LatAm Journalism Review\" \/>\n<meta property=\"article:published_time\" content=\"2022-09-14T18:45:09+00:00\" \/>\n<meta property=\"article:modified_time\" content=\"2022-09-14T18:45:55+00:00\" \/>\n<meta property=\"og:image\" content=\"https:\/\/latamjournalismreview.org\/wp-content\/uploads\/2022\/09\/Galapagos-2019.jpg\" \/>\n\t<meta property=\"og:image:width\" content=\"1080\" \/>\n\t<meta property=\"og:image:height\" content=\"679\" \/>\n\t<meta property=\"og:image:type\" content=\"image\/jpeg\" \/>\n<meta name=\"author\" content=\"J\u00falio Lubianco\" \/>\n<meta name=\"twitter:card\" content=\"summary_large_image\" \/>\n<meta name=\"twitter:creator\" content=\"@jlubianco\" \/>\n<meta name=\"twitter:site\" content=\"@LatAmJournalism\" \/>\n<meta name=\"twitter:label1\" content=\"Written by\" \/>\n\t<meta name=\"twitter:data1\" content=\"J\u00falio Lubianco\" \/>\n\t<meta name=\"twitter:label2\" content=\"Est. reading time\" \/>\n\t<meta name=\"twitter:data2\" content=\"4 minutos\" \/>\n<script type=\"application\/ld+json\" class=\"yoast-schema-graph\">{\"@context\":\"https:\\\/\\\/schema.org\",\"@graph\":[{\"@type\":\"Article\",\"@id\":\"https:\\\/\\\/latamjournalismreview.org\\\/es\\\/articles\\\/galapagos-lanza-segunda-edicion-de-formacion-en-periodismo-digital-con-mas-clases-practicas-para-periodistas-de-brasil\\\/#article\",\"isPartOf\":{\"@id\":\"https:\\\/\\\/latamjournalismreview.org\\\/es\\\/articles\\\/galapagos-lanza-segunda-edicion-de-formacion-en-periodismo-digital-con-mas-clases-practicas-para-periodistas-de-brasil\\\/\"},\"author\":{\"name\":\"J\u00falio Lubianco\",\"@id\":\"https:\\\/\\\/latamjournalismreview.org\\\/es\\\/#\\\/schema\\\/person\\\/d9517de765982788cd8378b5a229e3dd\"},\"headline\":\"En Brasil, Gal\u00e1pagos lanza segunda edici\u00f3n de formaci\u00f3n en periodismo digital con m\u00e1s clases pr\u00e1cticas\",\"datePublished\":\"2022-09-14T18:45:09+00:00\",\"dateModified\":\"2022-09-14T18:45:55+00:00\",\"mainEntityOfPage\":{\"@id\":\"https:\\\/\\\/latamjournalismreview.org\\\/es\\\/articles\\\/galapagos-lanza-segunda-edicion-de-formacion-en-periodismo-digital-con-mas-clases-practicas-para-periodistas-de-brasil\\\/\"},\"wordCount\":853,\"publisher\":{\"@id\":\"https:\\\/\\\/latamjournalismreview.org\\\/es\\\/#organization\"},\"image\":{\"@id\":\"https:\\\/\\\/latamjournalismreview.org\\\/es\\\/articles\\\/galapagos-lanza-segunda-edicion-de-formacion-en-periodismo-digital-con-mas-clases-practicas-para-periodistas-de-brasil\\\/#primaryimage\"},\"thumbnailUrl\":\"https:\\\/\\\/latamjournalismreview.org\\\/wp-content\\\/uploads\\\/2022\\\/09\\\/Galapagos-2019.jpg\",\"keywords\":[\"Periodismo digital\"],\"articleSection\":[\"Premios y oportunidades\"],\"inLanguage\":\"es\"},{\"@type\":\"WebPage\",\"@id\":\"https:\\\/\\\/latamjournalismreview.org\\\/es\\\/articles\\\/galapagos-lanza-segunda-edicion-de-formacion-en-periodismo-digital-con-mas-clases-practicas-para-periodistas-de-brasil\\\/\",\"url\":\"https:\\\/\\\/latamjournalismreview.org\\\/es\\\/articles\\\/galapagos-lanza-segunda-edicion-de-formacion-en-periodismo-digital-con-mas-clases-practicas-para-periodistas-de-brasil\\\/\",\"name\":\"En Brasil, Gal\u00e1pagos lanza segunda edici\u00f3n de formaci\u00f3n en periodismo digital con m\u00e1s clases pr\u00e1cticas - LatAm Journalism Review\",\"isPartOf\":{\"@id\":\"https:\\\/\\\/latamjournalismreview.org\\\/es\\\/#website\"},\"primaryImageOfPage\":{\"@id\":\"https:\\\/\\\/latamjournalismreview.org\\\/es\\\/articles\\\/galapagos-lanza-segunda-edicion-de-formacion-en-periodismo-digital-con-mas-clases-practicas-para-periodistas-de-brasil\\\/#primaryimage\"},\"image\":{\"@id\":\"https:\\\/\\\/latamjournalismreview.org\\\/es\\\/articles\\\/galapagos-lanza-segunda-edicion-de-formacion-en-periodismo-digital-con-mas-clases-practicas-para-periodistas-de-brasil\\\/#primaryimage\"},\"thumbnailUrl\":\"https:\\\/\\\/latamjournalismreview.org\\\/wp-content\\\/uploads\\\/2022\\\/09\\\/Galapagos-2019.jpg\",\"datePublished\":\"2022-09-14T18:45:09+00:00\",\"dateModified\":\"2022-09-14T18:45:55+00:00\",\"description\":\"En Brasil, Gal\u00e1pagos lanza segunda edici\u00f3n de formaci\u00f3n en periodismo digital con m\u00e1s clases pr\u00e1cticas Premios y oportunidades. Latin American Journalism Review by The Knight Center at The University of Texas at Austin.\",\"breadcrumb\":{\"@id\":\"https:\\\/\\\/latamjournalismreview.org\\\/es\\\/articles\\\/galapagos-lanza-segunda-edicion-de-formacion-en-periodismo-digital-con-mas-clases-practicas-para-periodistas-de-brasil\\\/#breadcrumb\"},\"inLanguage\":\"es\",\"potentialAction\":[{\"@type\":\"ReadAction\",\"target\":[\"https:\\\/\\\/latamjournalismreview.org\\\/es\\\/articles\\\/galapagos-lanza-segunda-edicion-de-formacion-en-periodismo-digital-con-mas-clases-practicas-para-periodistas-de-brasil\\\/\"]}]},{\"@type\":\"ImageObject\",\"inLanguage\":\"es\",\"@id\":\"https:\\\/\\\/latamjournalismreview.org\\\/es\\\/articles\\\/galapagos-lanza-segunda-edicion-de-formacion-en-periodismo-digital-con-mas-clases-practicas-para-periodistas-de-brasil\\\/#primaryimage\",\"url\":\"https:\\\/\\\/latamjournalismreview.org\\\/wp-content\\\/uploads\\\/2022\\\/09\\\/Galapagos-2019.jpg\",\"contentUrl\":\"https:\\\/\\\/latamjournalismreview.org\\\/wp-content\\\/uploads\\\/2022\\\/09\\\/Galapagos-2019.jpg\",\"width\":1080,\"height\":679,\"caption\":\"Participantes da Jornada Gal\u00e1pagos 2019: treinamento intensivo na produ\u00e7\u00e3o de conte\u00fado jornal\u00edstico digital. (Cr\u00e9dito: cortesia Gal\u00e1pagos)\"},{\"@type\":\"BreadcrumbList\",\"@id\":\"https:\\\/\\\/latamjournalismreview.org\\\/es\\\/articles\\\/galapagos-lanza-segunda-edicion-de-formacion-en-periodismo-digital-con-mas-clases-practicas-para-periodistas-de-brasil\\\/#breadcrumb\",\"itemListElement\":[{\"@type\":\"ListItem\",\"position\":1,\"name\":\"Home\",\"item\":\"https:\\\/\\\/latamjournalismreview.org\\\/es\\\/\"},{\"@type\":\"ListItem\",\"position\":2,\"name\":\"En Brasil, Gal\u00e1pagos lanza segunda edici\u00f3n de formaci\u00f3n en periodismo digital con m\u00e1s clases pr\u00e1cticas\"}]},{\"@type\":\"WebSite\",\"@id\":\"https:\\\/\\\/latamjournalismreview.org\\\/es\\\/#website\",\"url\":\"https:\\\/\\\/latamjournalismreview.org\\\/es\\\/\",\"name\":\"LatAm Journalism Review\",\"description\":\"Knight Center at The University of Texas\",\"publisher\":{\"@id\":\"https:\\\/\\\/latamjournalismreview.org\\\/es\\\/#organization\"},\"potentialAction\":[{\"@type\":\"SearchAction\",\"target\":{\"@type\":\"EntryPoint\",\"urlTemplate\":\"https:\\\/\\\/latamjournalismreview.org\\\/es\\\/?s={search_term_string}\"},\"query-input\":{\"@type\":\"PropertyValueSpecification\",\"valueRequired\":true,\"valueName\":\"search_term_string\"}}],\"inLanguage\":\"es\"},{\"@type\":\"Organization\",\"@id\":\"https:\\\/\\\/latamjournalismreview.org\\\/es\\\/#organization\",\"name\":\"LatAm Journalism Review\",\"url\":\"https:\\\/\\\/latamjournalismreview.org\\\/es\\\/\",\"logo\":{\"@type\":\"ImageObject\",\"inLanguage\":\"es\",\"@id\":\"https:\\\/\\\/latamjournalismreview.org\\\/es\\\/#\\\/schema\\\/logo\\\/image\\\/\",\"url\":\"https:\\\/\\\/latamjournalismreview.org\\\/wp-content\\\/uploads\\\/2020\\\/05\\\/knight-latAm-review-logo.svg\",\"contentUrl\":\"https:\\\/\\\/latamjournalismreview.org\\\/wp-content\\\/uploads\\\/2020\\\/05\\\/knight-latAm-review-logo.svg\",\"width\":\"1024\",\"height\":\"1024\",\"caption\":\"LatAm Journalism Review\"},\"image\":{\"@id\":\"https:\\\/\\\/latamjournalismreview.org\\\/es\\\/#\\\/schema\\\/logo\\\/image\\\/\"},\"sameAs\":[\"https:\\\/\\\/x.com\\\/LatAmJournalism\"]},{\"@type\":\"Person\",\"@id\":\"https:\\\/\\\/latamjournalismreview.org\\\/es\\\/#\\\/schema\\\/person\\\/d9517de765982788cd8378b5a229e3dd\",\"name\":\"J\u00falio Lubianco\",\"description\":\"J\u00falio Lubianco studied journalism at Universidade Federal Fluminense (UFF). He began his career on the local desk at Jornal do Brasil, in 2003. He was a reporter, assignment editor and managing editor at R\u00e1dio CBN. He has a Master\u2019s degree in media and communication from the London School of Economics (LSE), with a scholarship from the Journalists of Vision program. He is a professor of journalism at PUC-Rio. He won the Imprensa Embratel award in 2007, the Alexandre Adler award in 2008, and is a two-time winner of the Tim Lopes Award for Investigative Journalism, in 2009 and 2014. J\u00falio Lubianco estudi\u00f3 periodismo en la Universidad Federal Fluminense (UFF). Comenz\u00f3 la carrera en 2003, en el diario Jornal do Brasil. Fue reportero, editor y editor ejecutivo en R\u00e1dio CBN. Hizo su maestr\u00eda en medios de comunicaci\u00f3n en London School of Economics (LSE), becado por el programa Jornalistas de Vis\u00e3o. Es profesor del curso de periodismo de PUC-Rio y es presentador del podcast de BRIO, que trata sobre periodismo, carrera, mercado y tecnolog\u00eda. Gan\u00f3 los premios Imprensa Embratel (2007), Alexandre Adler (2008), y en dos oportunidades el Tim Lopes de Periodismo Investigativo (2009 y 2014). J\u00falio Lubianco estudou jornalismo na Universidade Federal Fluminense (UFF). Come\u00e7ou a carreira em 2003, no caderno Cidade do Jornal do Brasil. Foi rep\u00f3rter, chefe de reportagem e gerente de jornalismo na R\u00e1dio CBN. Fez mestrado em m\u00eddia e comunica\u00e7\u00e3o na London School of Economics (LSE), com bolsa do programa Jornalistas de Vis\u00e3o. \u00c9 professor do curso de jornalismo da PUC-Rio e apresenta o podcast do BRIO, que discute jornalismo, carreira, mercado e tecnologia. Venceu os pr\u00eamios Imprensa Embratel, em 2007, o Alexandre Adler, em 2008, e duas vezes o Tim Lopes de Jornalismo Investigativo, em 2009 e 2014.\",\"sameAs\":[\"https:\\\/\\\/www.linkedin.com\\\/in\\\/julio-lubianco\\\/\",\"https:\\\/\\\/x.com\\\/jlubianco\"],\"url\":\"https:\\\/\\\/latamjournalismreview.org\\\/es\\\/articles\\\/author\\\/julio-lubianco\\\/\"}]}<\/script>\n<!-- \/ Yoast SEO Premium plugin. -->","yoast_head_json":{"title":"En Brasil, Gal\u00e1pagos lanza segunda edici\u00f3n de formaci\u00f3n en periodismo digital con m\u00e1s clases pr\u00e1cticas - LatAm Journalism Review","description":"En Brasil, Gal\u00e1pagos lanza segunda edici\u00f3n de formaci\u00f3n en periodismo digital con m\u00e1s clases pr\u00e1cticas Premios y oportunidades. Latin American Journalism Review by The Knight Center at The University of Texas at Austin.","robots":{"index":"index","follow":"follow","max-snippet":"max-snippet:-1","max-image-preview":"max-image-preview:large","max-video-preview":"max-video-preview:-1"},"canonical":"https:\/\/latamjournalismreview.org\/es\/articles\/galapagos-lanza-segunda-edicion-de-formacion-en-periodismo-digital-con-mas-clases-practicas-para-periodistas-de-brasil\/","og_locale":"es_ES","og_type":"article","og_title":"En Brasil, Gal\u00e1pagos lanza segunda edici\u00f3n de formaci\u00f3n en periodismo digital con m\u00e1s clases pr\u00e1cticas","og_description":"En Brasil, Gal\u00e1pagos lanza segunda edici\u00f3n de formaci\u00f3n en periodismo digital con m\u00e1s clases pr\u00e1cticas Premios y oportunidades. Latin American Journalism Review by The Knight Center at The University of Texas at Austin.","og_url":"https:\/\/latamjournalismreview.org\/es\/articles\/galapagos-lanza-segunda-edicion-de-formacion-en-periodismo-digital-con-mas-clases-practicas-para-periodistas-de-brasil\/","og_site_name":"LatAm Journalism Review","article_published_time":"2022-09-14T18:45:09+00:00","article_modified_time":"2022-09-14T18:45:55+00:00","og_image":[{"width":1080,"height":679,"url":"https:\/\/latamjournalismreview.org\/wp-content\/uploads\/2022\/09\/Galapagos-2019.jpg","type":"image\/jpeg"}],"author":"J\u00falio Lubianco","twitter_card":"summary_large_image","twitter_creator":"@jlubianco","twitter_site":"@LatAmJournalism","twitter_misc":{"Written by":"J\u00falio Lubianco","Est. reading time":"4 minutos"},"schema":{"@context":"https:\/\/schema.org","@graph":[{"@type":"Article","@id":"https:\/\/latamjournalismreview.org\/es\/articles\/galapagos-lanza-segunda-edicion-de-formacion-en-periodismo-digital-con-mas-clases-practicas-para-periodistas-de-brasil\/#article","isPartOf":{"@id":"https:\/\/latamjournalismreview.org\/es\/articles\/galapagos-lanza-segunda-edicion-de-formacion-en-periodismo-digital-con-mas-clases-practicas-para-periodistas-de-brasil\/"},"author":{"name":"J\u00falio Lubianco","@id":"https:\/\/latamjournalismreview.org\/es\/#\/schema\/person\/d9517de765982788cd8378b5a229e3dd"},"headline":"En Brasil, Gal\u00e1pagos lanza segunda edici\u00f3n de formaci\u00f3n en periodismo digital con m\u00e1s clases pr\u00e1cticas","datePublished":"2022-09-14T18:45:09+00:00","dateModified":"2022-09-14T18:45:55+00:00","mainEntityOfPage":{"@id":"https:\/\/latamjournalismreview.org\/es\/articles\/galapagos-lanza-segunda-edicion-de-formacion-en-periodismo-digital-con-mas-clases-practicas-para-periodistas-de-brasil\/"},"wordCount":853,"publisher":{"@id":"https:\/\/latamjournalismreview.org\/es\/#organization"},"image":{"@id":"https:\/\/latamjournalismreview.org\/es\/articles\/galapagos-lanza-segunda-edicion-de-formacion-en-periodismo-digital-con-mas-clases-practicas-para-periodistas-de-brasil\/#primaryimage"},"thumbnailUrl":"https:\/\/latamjournalismreview.org\/wp-content\/uploads\/2022\/09\/Galapagos-2019.jpg","keywords":["Periodismo digital"],"articleSection":["Premios y oportunidades"],"inLanguage":"es"},{"@type":"WebPage","@id":"https:\/\/latamjournalismreview.org\/es\/articles\/galapagos-lanza-segunda-edicion-de-formacion-en-periodismo-digital-con-mas-clases-practicas-para-periodistas-de-brasil\/","url":"https:\/\/latamjournalismreview.org\/es\/articles\/galapagos-lanza-segunda-edicion-de-formacion-en-periodismo-digital-con-mas-clases-practicas-para-periodistas-de-brasil\/","name":"En Brasil, Gal\u00e1pagos lanza segunda edici\u00f3n de formaci\u00f3n en periodismo digital con m\u00e1s clases pr\u00e1cticas - LatAm Journalism Review","isPartOf":{"@id":"https:\/\/latamjournalismreview.org\/es\/#website"},"primaryImageOfPage":{"@id":"https:\/\/latamjournalismreview.org\/es\/articles\/galapagos-lanza-segunda-edicion-de-formacion-en-periodismo-digital-con-mas-clases-practicas-para-periodistas-de-brasil\/#primaryimage"},"image":{"@id":"https:\/\/latamjournalismreview.org\/es\/articles\/galapagos-lanza-segunda-edicion-de-formacion-en-periodismo-digital-con-mas-clases-practicas-para-periodistas-de-brasil\/#primaryimage"},"thumbnailUrl":"https:\/\/latamjournalismreview.org\/wp-content\/uploads\/2022\/09\/Galapagos-2019.jpg","datePublished":"2022-09-14T18:45:09+00:00","dateModified":"2022-09-14T18:45:55+00:00","description":"En Brasil, Gal\u00e1pagos lanza segunda edici\u00f3n de formaci\u00f3n en periodismo digital con m\u00e1s clases pr\u00e1cticas Premios y oportunidades. Latin American Journalism Review by The Knight Center at The University of Texas at Austin.","breadcrumb":{"@id":"https:\/\/latamjournalismreview.org\/es\/articles\/galapagos-lanza-segunda-edicion-de-formacion-en-periodismo-digital-con-mas-clases-practicas-para-periodistas-de-brasil\/#breadcrumb"},"inLanguage":"es","potentialAction":[{"@type":"ReadAction","target":["https:\/\/latamjournalismreview.org\/es\/articles\/galapagos-lanza-segunda-edicion-de-formacion-en-periodismo-digital-con-mas-clases-practicas-para-periodistas-de-brasil\/"]}]},{"@type":"ImageObject","inLanguage":"es","@id":"https:\/\/latamjournalismreview.org\/es\/articles\/galapagos-lanza-segunda-edicion-de-formacion-en-periodismo-digital-con-mas-clases-practicas-para-periodistas-de-brasil\/#primaryimage","url":"https:\/\/latamjournalismreview.org\/wp-content\/uploads\/2022\/09\/Galapagos-2019.jpg","contentUrl":"https:\/\/latamjournalismreview.org\/wp-content\/uploads\/2022\/09\/Galapagos-2019.jpg","width":1080,"height":679,"caption":"Participantes da Jornada Gal\u00e1pagos 2019: treinamento intensivo na produ\u00e7\u00e3o de conte\u00fado jornal\u00edstico digital. (Cr\u00e9dito: cortesia Gal\u00e1pagos)"},{"@type":"BreadcrumbList","@id":"https:\/\/latamjournalismreview.org\/es\/articles\/galapagos-lanza-segunda-edicion-de-formacion-en-periodismo-digital-con-mas-clases-practicas-para-periodistas-de-brasil\/#breadcrumb","itemListElement":[{"@type":"ListItem","position":1,"name":"Home","item":"https:\/\/latamjournalismreview.org\/es\/"},{"@type":"ListItem","position":2,"name":"En Brasil, Gal\u00e1pagos lanza segunda edici\u00f3n de formaci\u00f3n en periodismo digital con m\u00e1s clases pr\u00e1cticas"}]},{"@type":"WebSite","@id":"https:\/\/latamjournalismreview.org\/es\/#website","url":"https:\/\/latamjournalismreview.org\/es\/","name":"LatAm Journalism Review","description":"Knight Center at The University of Texas","publisher":{"@id":"https:\/\/latamjournalismreview.org\/es\/#organization"},"potentialAction":[{"@type":"SearchAction","target":{"@type":"EntryPoint","urlTemplate":"https:\/\/latamjournalismreview.org\/es\/?s={search_term_string}"},"query-input":{"@type":"PropertyValueSpecification","valueRequired":true,"valueName":"search_term_string"}}],"inLanguage":"es"},{"@type":"Organization","@id":"https:\/\/latamjournalismreview.org\/es\/#organization","name":"LatAm Journalism Review","url":"https:\/\/latamjournalismreview.org\/es\/","logo":{"@type":"ImageObject","inLanguage":"es","@id":"https:\/\/latamjournalismreview.org\/es\/#\/schema\/logo\/image\/","url":"https:\/\/latamjournalismreview.org\/wp-content\/uploads\/2020\/05\/knight-latAm-review-logo.svg","contentUrl":"https:\/\/latamjournalismreview.org\/wp-content\/uploads\/2020\/05\/knight-latAm-review-logo.svg","width":"1024","height":"1024","caption":"LatAm Journalism Review"},"image":{"@id":"https:\/\/latamjournalismreview.org\/es\/#\/schema\/logo\/image\/"},"sameAs":["https:\/\/x.com\/LatAmJournalism"]},{"@type":"Person","@id":"https:\/\/latamjournalismreview.org\/es\/#\/schema\/person\/d9517de765982788cd8378b5a229e3dd","name":"J\u00falio Lubianco","description":"J\u00falio Lubianco studied journalism at Universidade Federal Fluminense (UFF). He began his career on the local desk at Jornal do Brasil, in 2003. He was a reporter, assignment editor and managing editor at R\u00e1dio CBN. He has a Master\u2019s degree in media and communication from the London School of Economics (LSE), with a scholarship from the Journalists of Vision program. He is a professor of journalism at PUC-Rio. He won the Imprensa Embratel award in 2007, the Alexandre Adler award in 2008, and is a two-time winner of the Tim Lopes Award for Investigative Journalism, in 2009 and 2014. J\u00falio Lubianco estudi\u00f3 periodismo en la Universidad Federal Fluminense (UFF). Comenz\u00f3 la carrera en 2003, en el diario Jornal do Brasil. Fue reportero, editor y editor ejecutivo en R\u00e1dio CBN. Hizo su maestr\u00eda en medios de comunicaci\u00f3n en London School of Economics (LSE), becado por el programa Jornalistas de Vis\u00e3o. Es profesor del curso de periodismo de PUC-Rio y es presentador del podcast de BRIO, que trata sobre periodismo, carrera, mercado y tecnolog\u00eda. Gan\u00f3 los premios Imprensa Embratel (2007), Alexandre Adler (2008), y en dos oportunidades el Tim Lopes de Periodismo Investigativo (2009 y 2014). J\u00falio Lubianco estudou jornalismo na Universidade Federal Fluminense (UFF). Come\u00e7ou a carreira em 2003, no caderno Cidade do Jornal do Brasil. Foi rep\u00f3rter, chefe de reportagem e gerente de jornalismo na R\u00e1dio CBN. Fez mestrado em m\u00eddia e comunica\u00e7\u00e3o na London School of Economics (LSE), com bolsa do programa Jornalistas de Vis\u00e3o. \u00c9 professor do curso de jornalismo da PUC-Rio e apresenta o podcast do BRIO, que discute jornalismo, carreira, mercado e tecnologia. Venceu os pr\u00eamios Imprensa Embratel, em 2007, o Alexandre Adler, em 2008, e duas vezes o Tim Lopes de Jornalismo Investigativo, em 2009 e 2014.","sameAs":["https:\/\/www.linkedin.com\/in\/julio-lubianco\/","https:\/\/x.com\/jlubianco"],"url":"https:\/\/latamjournalismreview.org\/es\/articles\/author\/julio-lubianco\/"}]}},"_links":{"self":[{"href":"https:\/\/latamjournalismreview.org\/es\/wp-json\/wp\/v2\/posts\/68071","targetHints":{"allow":["GET"]}}],"collection":[{"href":"https:\/\/latamjournalismreview.org\/es\/wp-json\/wp\/v2\/posts"}],"about":[{"href":"https:\/\/latamjournalismreview.org\/es\/wp-json\/wp\/v2\/types\/post"}],"author":[{"embeddable":true,"href":"https:\/\/latamjournalismreview.org\/es\/wp-json\/wp\/v2\/users\/5"}],"replies":[{"embeddable":true,"href":"https:\/\/latamjournalismreview.org\/es\/wp-json\/wp\/v2\/comments?post=68071"}],"version-history":[{"count":4,"href":"https:\/\/latamjournalismreview.org\/es\/wp-json\/wp\/v2\/posts\/68071\/revisions"}],"predecessor-version":[{"id":68076,"href":"https:\/\/latamjournalismreview.org\/es\/wp-json\/wp\/v2\/posts\/68071\/revisions\/68076"}],"wp:featuredmedia":[{"embeddable":true,"href":"https:\/\/latamjournalismreview.org\/es\/wp-json\/wp\/v2\/media\/67907"}],"wp:attachment":[{"href":"https:\/\/latamjournalismreview.org\/es\/wp-json\/wp\/v2\/media?parent=68071"}],"wp:term":[{"taxonomy":"category","embeddable":true,"href":"https:\/\/latamjournalismreview.org\/es\/wp-json\/wp\/v2\/categories?post=68071"},{"taxonomy":"post_tag","embeddable":true,"href":"https:\/\/latamjournalismreview.org\/es\/wp-json\/wp\/v2\/tags?post=68071"},{"taxonomy":"author","embeddable":true,"href":"https:\/\/latamjournalismreview.org\/es\/wp-json\/wp\/v2\/coauthors?post=68071"}],"curies":[{"name":"wp","href":"https:\/\/api.w.org\/{rel}","templated":true}]}}