{"id":68200,"date":"2022-09-19T10:54:58","date_gmt":"2022-09-19T15:54:58","guid":{"rendered":"https:\/\/latamjournalismreview.org\/?p=68200"},"modified":"2022-09-28T10:34:27","modified_gmt":"2022-09-28T15:34:27","slug":"ajor-alcanza-el-centenar-de-miembros-con-el-objetivo-de-hacer-sostenible-el-periodismo-digital-brasileno","status":"publish","type":"post","link":"https:\/\/latamjournalismreview.org\/es\/articles\/ajor-alcanza-el-centenar-de-miembros-con-el-objetivo-de-hacer-sostenible-el-periodismo-digital-brasileno\/","title":{"rendered":"Ajor alcanza el centenar de miembros con el objetivo de hacer sostenible el periodismo digital brasile\u00f1o"},"content":{"rendered":"<p><em>*El 28\/9\/2022, Aner inform\u00f3 a <strong>LJR<\/strong> de que ahora cuenta con 43 miembros. El art\u00edculo se ha actualizado para reflejar esta informaci\u00f3n.<\/em><\/p>\n<p><span style=\"font-weight: 400;\">Poco m\u00e1s de un a\u00f1o despu\u00e9s de ser<\/span> <a href=\"https:\/\/latamjournalismreview.org\/es\/articles\/periodistas-brasilenos-lanzan-la-asociacion-de-periodismo-digital-ajor-en-el-dia-nacional-de-la-libertad-de-prensa\/\" target=\"_blank\" rel=\"noopener\"><span style=\"font-weight: 400;\">fundada por un grupo de 30 organizaciones de noticias brasile\u00f1as<\/span><\/a><span style=\"font-weight: 400;\">, la Asociaci\u00f3n de Periodismo Digital (Ajor) super\u00f3 recientemente la <\/span><a href=\"https:\/\/ajor.org.br\/lista-associadas\/\" target=\"_blank\" rel=\"noopener\"><span style=\"font-weight: 400;\">marca de 100 miembros<\/span><\/a><span style=\"font-weight: 400;\">, un logro para la entidad dedicada a fortalecer el periodismo digital en Brasil. El crecimiento de la asociaci\u00f3n pone de manifiesto la diversidad del sector en el pa\u00eds, al que Ajor pretende ayudar a ser reconocido tambi\u00e9n por su importancia econ\u00f3mica.<\/span><\/p>\n<p><span style=\"font-weight: 400;\">\u201cEste hito es muy importante para nosotros\u201d, dijo Natalia Viana, presidenta de Ajor, a <strong>LatAm Journalism Review (LJR)<\/strong>. <\/span><span style=\"font-weight: 400;\">Ajor cuenta ahora con <\/span><a href=\"https:\/\/ajor.org.br\/lista-associadas\/\" target=\"_blank\" rel=\"noopener\"><span style=\"font-weight: 400;\">101 organizaciones miembros<\/span><\/a><span style=\"font-weight: 400;\">, dijo, superando a otras entidades de este tipo en el pa\u00eds como la <\/span><a href=\"https:\/\/www.anj.org.br\/associados\/\" target=\"_blank\" rel=\"noopener\"><span style=\"font-weight: 400;\">Asociaci\u00f3n Nacional de Peri\u00f3dicos<\/span><\/a><span style=\"font-weight: 400;\"> (ANJ, por sus siglas en portugu\u00e9s), que tiene 99 miembros, y la<\/span> <a href=\"https:\/\/www.aner.org.br\/v2\/associados\" target=\"_blank\" rel=\"noopener\"><span style=\"font-weight: 400;\">Asociaci\u00f3n Nacional de Editores de Revistas<\/span><\/a> <span style=\"font-weight: 400;\">(Aner), que tiene 43.\u00a0<\/span><\/p>\n<p><span style=\"font-weight: 400;\">\u201cAjor ya es una de las mayores asociaciones de medios de comunicaci\u00f3n de Brasil en n\u00famero de miembros, y seguiremos creciendo, porque el mercado est\u00e1 evolucionando\u201d, dijo Viana. Se\u00f1al\u00f3 que el crecimiento de la asociaci\u00f3n es tambi\u00e9n representativo de la diversidad del periodismo online en Brasil.\u00a0<\/span><\/p>\n<p><span style=\"font-weight: 400;\">Las organizaciones reunidas en Ajor se dedican tanto a la cobertura general, ejemplo el <\/span><a href=\"https:\/\/www.terra.com.br\" target=\"_blank\" rel=\"noopener\"><span style=\"font-weight: 400;\">Portal Terra<\/span><\/a><span style=\"font-weight: 400;\">, como a la cobertura especializada, ejemplo el sitio <\/span><a href=\"https:\/\/www.aeconomiab.com\" target=\"_blank\" rel=\"noopener\"><span style=\"font-weight: 400;\">A Economia B<\/span><\/a><span style=\"font-weight: 400;\">. Tambi\u00e9n hay productores de podcast, como <\/span><a href=\"https:\/\/www.trovaomidia.com\" target=\"_blank\" rel=\"noopener\"><span style=\"font-weight: 400;\">Trov\u00e3o M\u00eddia<\/span><\/a><span style=\"font-weight: 400;\">, y el canal de YouTube<\/span> <a href=\"https:\/\/canalmynews.com.br\" target=\"_blank\" rel=\"noopener\"><span style=\"font-weight: 400;\">MyNews<\/span><\/a><span style=\"font-weight: 400;\">. \u201cAjor est\u00e1 consiguiendo reunir a estas organizaciones tan diferentes, pero con un objetivo com\u00fan, que es hacer crecer y solidificar el periodismo diverso y de calidad en todo el pa\u00eds\u201d, afirm\u00f3 la presidente de la entidad.<\/span><\/p>\n<p><span style=\"font-weight: 400;\">El proceso para convertirse en<\/span> <a href=\"https:\/\/ajor.org.br\/associe-se\/\" target=\"_blank\" rel=\"noopener\"><span style=\"font-weight: 400;\">miembro de Ajor<\/span><\/a><span style=\"font-weight: 400;\"> es \u201cmuy meditado y minucioso\u201d, afirm\u00f3 Viana. Los aspirantes deben cumplir con el<\/span> <a href=\"https:\/\/ajor.org.br\/wp-content\/uploads\/2021\/06\/C%C3%B3digo-de-Conduta-Ajor.pdf\" target=\"_blank\" rel=\"noopener\"><span style=\"font-weight: 400;\">C\u00f3digo de Conducta<\/span><\/a><span style=\"font-weight: 400;\"> de la entidad, que incluye criterios relacionados con la organizaci\u00f3n institucional del medio de comunicaci\u00f3n, y tambi\u00e9n directrices de buenas pr\u00e1cticas editoriales y organizativas.<\/span><\/p>\n<p><span style=\"font-weight: 400;\">\u201cEstas cuestiones se eval\u00faan individualmente para cada uno de los solicitantes y se discuten cuidadosamente siguiendo ciertos criterios en las reuniones del Consejo Ejecutivo y Deliberativo, formado en este momento por 10 organizaciones que fueron elegidas por todos los miembros\u201d, explic\u00f3 ella. La intenci\u00f3n es \u201cgarantizar que los miembros de Ajor realicen y promuevan el buen periodismo y con el objetivo de consolidarse en el mercado como empresas viables\u201d.\u00a0<\/span><\/p>\n<p><span style=\"font-weight: 400;\">La principal misi\u00f3n de Ajor, seg\u00fan Viana, es fortalecer a sus miembros \u201cinstitucionalmente y en t\u00e9rminos de un plan de negocios\u201d. En poco m\u00e1s de un a\u00f1o, la entidad se ha consolidado como \u201cuna de las voces que defienden el periodismo y a los periodistas\u201d\u00a0en el actual contexto de ataques al periodismo en Brasil. Pero tambi\u00e9n se ha convertido en \u201cuna organizaci\u00f3n muy activa en el fortalecimiento institucional de las nuevas iniciativas period\u00edsticas, con el objetivo de hacerlas sostenibles y convertir el sector del periodismo digital en uno de los sectores reconocidos en la sociedad no s\u00f3lo por su importancia para la democracia, que es fundamental, sino tambi\u00e9n por su importancia econ\u00f3mica\u201d, dijo.<\/span><\/p>\n<p><span style=\"font-weight: 400;\">Seg\u00fan Viana, las 101 organizaciones miembros de Ajor \u201cya emplean a miles de periodistas\u201d. \u201cEste sector de las <em>startups<\/em> period\u00edsticas ya se ha convertido en un espacio viable o una oportunidad para los estudiantes de periodismo y para los periodistas que quieren convertirse en empresarios. As\u00ed que Ajor tambi\u00e9n se est\u00e1 convirtiendo en un punto de referencia en el periodismo emprendedor en Brasil y continuar\u00e1 en este camino, fortaleci\u00e9ndose cada vez m\u00e1s\u201d, dijo la presidenta de Ajor.<\/span><\/p>\n<h3><span style=\"font-weight: 400;\">Espacios seguros y colaboraciones<\/span><\/h3>\n<p><span style=\"font-weight: 400;\">Ajor se <\/span><a href=\"https:\/\/latamjournalismreview.org\/es\/articles\/periodistas-brasilenos-lanzan-la-asociacion-de-periodismo-digital-ajor-en-el-dia-nacional-de-la-libertad-de-prensa\/\" target=\"_blank\" rel=\"noopener\"><span style=\"font-weight: 400;\">lanz\u00f3 oficialmente el 7 de junio de 2021<\/span><\/a><span style=\"font-weight: 400;\">, tras meses de articulaci\u00f3n entre las organizaciones period\u00edsticas que realizan el <\/span><a href=\"https:\/\/festival3i.org\/\" target=\"_blank\" rel=\"noopener\"><span style=\"font-weight: 400;\">Festival 3i - Periodismo Innovador, Inspirador e Independiente -<\/span><\/a><span style=\"font-weight: 400;\"> y otras organizaciones invitadas. La asociaci\u00f3n cont\u00f3 con el apoyo del Centro Knight para el Periodismo en las Am\u00e9ricas en su creaci\u00f3n y estructuraci\u00f3n, bas\u00e1ndose en la experiencia del Centro Knight en ayudar a la formaci\u00f3n de organizaciones como la <\/span><a href=\"https:\/\/abraji.org.br\/\" target=\"_blank\" rel=\"noopener\"><span style=\"font-weight: 400;\">Asociaci\u00f3n Brasile\u00f1a de Periodismo de Investigaci\u00f3n (Abraji)<\/span><\/a><span style=\"font-weight: 400;\"> y el <\/span><a href=\"https:\/\/www.fopea.org\/\"><span style=\"font-weight: 400;\">Foro Argentino de Periodismo (Fopea)<\/span><\/a><span style=\"font-weight: 400;\">, entre otras.<\/span><\/p>\n<p><span style=\"font-weight: 400;\">Desde antes de su lanzamiento oficial, Ajor celebra quincenalmente Conversaciones Off-The-Record, reuniones en l\u00ednea para el intercambio entre los miembros en un espacio seguro. En estas conversaciones se discuten temas estrat\u00e9gicos de forma confidencial, con intercambio de experiencias y ayuda mutua entre los miembros. Este espacio permite a las organizaciones aprender unas de otras y promover buenas pr\u00e1cticas editoriales e institucionales.<\/span><\/p>\n<p><span style=\"font-weight: 400;\">Maia Gon\u00e7alves Fortes, secretaria ejecutiva de Ajor, dijo a <strong>LJR<\/strong> que las organizaciones que participan en las Conversaciones Off-The-Record se comprometen a respetar este espacio confidencial y a no llevar lo que all\u00ed se comparte fuera de ese entorno. Las organizaciones son invitadas a hablar de temas propuestos por los propios miembros.<\/span><\/p>\n<p><span style=\"font-weight: 400;\">\u201cYa hemos tenido reuniones sobre c\u00f3mo era adaptar su p\u00e1gina web a la LGPD [Ley General de Protecci\u00f3n de Datos Personales, que entr\u00f3 en vigor en Brasil en 2018], c\u00f3mo crear un buen bolet\u00edn informativo, c\u00f3mo elaborar un presupuesto de proyecto, qu\u00e9 es la estrategia de producto y c\u00f3mo <\/span>\u2018celetizar\u2019 <span style=\"font-weight: 400;\">a su equipo [contratarlo bajo las leyes laborales de Brasil]\u201d, dijo Fortes.<\/span><\/p>\n<p><span style=\"font-weight: 400;\">Tambi\u00e9n mencion\u00f3 que Ajor ha forjado alianzas con empresas y otras organizaciones que han contribuido al fortalecimiento institucional y al plan de negocios de sus miembros. Entre ellas se encuentra el programa Acelerando la Transformaci\u00f3n Digital, una asociaci\u00f3n entre Ajor y el Centro Internacional de Periodistas (ICFJ) y el apoyo de Meta (antes conocida como Facebook), a trav\u00e9s del Proyecto de Periodismo Meta. Tambi\u00e9n, la segunda edici\u00f3n del GNI Startups Lab, realizado por Google News Initiative y desarrollado en colaboraci\u00f3n con Ajor.<\/span><\/p>\n<p><span style=\"font-weight: 400;\">Seg\u00fan Fortes, las sesiones de formaci\u00f3n de Aceleraci\u00f3n de la Transformaci\u00f3n Digital, celebradas en el primer semestre de 2022, se dise\u00f1aron a partir de una encuesta de inter\u00e9s realizada a los miembros de Ajor. Estos expresaron el deseo de aprender m\u00e1s sobre la gesti\u00f3n y los modelos de negocio. La segunda fase del programa consisti\u00f3 en tutor\u00edas y subvenciones para el desarrollo de proyectos, y las 15 organizaciones seleccionadas eran miembros de Ajor, dijo.<\/span><\/p>\n<p><span style=\"font-weight: 400;\">En la segunda edici\u00f3n del GNI Startups Lab, que comenz\u00f3 en agosto y se prolongar\u00e1 hasta diciembre, 12 de los 16 medios seleccionados est\u00e1n asociados a Ajor, dijo Fortes. Recibir\u00e1n US 20.000 d\u00f3lares de financiaci\u00f3n y participar\u00e1n en \u201ctalleres y formaci\u00f3n, con tutor\u00eda individual, sobre temas fundamentales para la viabilidad financiera de un medio de comunicaci\u00f3n, como la estrategia de negocio, la identidad del producto, las ventas, el marketing, la creaci\u00f3n de comunidades y la recaudaci\u00f3n de fondos\u201d, seg\u00fan el <\/span><a href=\"https:\/\/blog.google\/intl\/pt-br\/novidades\/iniciativas\/conheca-os-16-veiculos-selecionados-pelo-gni-startups-lab\/\" target=\"_blank\" rel=\"noopener\"><span style=\"font-weight: 400;\">anuncio sobre el programa en el Blog de Google Brasil<\/span><\/a><span style=\"font-weight: 400;\">.\u00a0<\/span><\/p>\n<p><a href=\"https:\/\/www.plural.jor.br\" target=\"_blank\" rel=\"noopener\"><span style=\"font-weight: 400;\">Jornal Plural<\/span><\/a><span style=\"font-weight: 400;\"> es una de las filiales de Ajor que fue seleccionada para ambos programas. El sitio, fundado en enero de 2019, hace periodismo local en la ciudad de Curitiba, capital del estado de Paran\u00e1 en la regi\u00f3n sur de Brasil. El equipo de 12 personas -tres de ellas socios cofundadores- produce y distribuye contenidos a trav\u00e9s de un sitio web, medios sociales, podcasts, <em>newsletter<\/em> y YouTube.<\/span><\/p>\n<p><span style=\"font-weight: 400;\">Rog\u00e9rio Galindo, uno de los cofundadores de Plural, dijo a <strong>LJR<\/strong> que <\/span><span style=\"font-weight: 400;\">participar en Accelerating Digital Transformation fue \u201csensacional\u201d. Tras participar en las sesiones de formaci\u00f3n, el medio de comunicaci\u00f3n fue seleccionado en dos rondas de solicitudes del programa, que financi\u00f3 la realizaci\u00f3n de dos proyectos de Plural. El primero, <\/span><a href=\"https:\/\/www.plural.jor.br\/noticias\/vizinhanca\/periferias\/\" target=\"_blank\" rel=\"noopener\"><span style=\"font-weight: 400;\">Periferias Plurais<\/span><\/a><span style=\"font-weight: 400;\">, ofreci\u00f3 talleres de periodismo gratuitos a j\u00f3venes de la periferia de Curitiba. De ese grupo, se seleccionaron seis j\u00f3venes que ahora son \u201c<\/span><a href=\"https:\/\/www.plural.jor.br\/periferias-plurais\/\" target=\"_blank\" rel=\"noopener\"><span style=\"font-weight: 400;\">corresponsales<\/span><\/a><span style=\"font-weight: 400;\">\u201d del sitio. Colaboran con dos contenidos informativos al mes sobre sus barrios de origen y reciben una beca de 500 reales (cerca de US 100 d\u00f3lares).<\/span><\/p>\n<p><span style=\"font-weight: 400;\">\u201cEstudian, trabajan, as\u00ed que de hecho esta no puede ser su actividad principal\u201d, dijo Galindo. \u201cAs\u00ed que con dos contenidos al mes de cada uno de ellos, 12 en total cada mes, tenemos una buena cobertura de la periferia que s\u00f3lo fue posible gracias al proyecto, a la financiaci\u00f3n. Tanto para nosotros para montar los talleres como para ofrecerles becas [...] Para Plural es fundamental que tengamos un material in\u00e9dito e importante para la ciudad, y para ellos tambi\u00e9n es una oportunidad interesante\u201d, afirm\u00f3.<\/span><\/p>\n<p><span style=\"font-weight: 400;\">El segundo proyecto de Plural seleccionado para el programa est\u00e1 relacionado con el fact-checking durante el periodo electoral en Brasil, con la creaci\u00f3n de un curso v\u00eda <\/span><a href=\"https:\/\/www.plural.jor.br\/noticias\/vizinhanca\/curso-gratuito-por-whatsapp-ensina-a-identificar-fake-news-nas-eleicoes\/\" target=\"_blank\" rel=\"noopener\"><span style=\"font-weight: 400;\">WhatsApp sobre c\u00f3mo identificar las \u201cfake news\u201d en las elecciones<\/span><\/a><span style=\"font-weight: 400;\">. \u201cTambi\u00e9n es un proyecto que consideramos muy importante para nosotros y para la sociedad. Estamos muy contentos de que la financiaci\u00f3n del proyecto haya permitido esto, y tambi\u00e9n de la intermediaci\u00f3n de Ajor, que fue fundamental\u201d, dijo Galindo.<\/span><\/p>\n<p><span style=\"font-weight: 400;\">El GNI Startups Lab, actualmente en marcha, tambi\u00e9n ha tenido un impacto en la organizaci\u00f3n y el trabajo de Plural, dijo. \u201cAdem\u00e1s de la subvenci\u00f3n econ\u00f3mica, que es s\u00faper importante para nosotros, est\u00e1 esta parte de <em>mentoring<\/em>, que nos ayuda a entender los procesos de Google, los procesos de SEO, y c\u00f3mo organizar una <em>startup<\/em>, que es en definitiva lo que somos. Estamos en la quinta semana del programa y ya hemos aprendido mucho. Incluso estamos reformulando algunas cosas en el peri\u00f3dico gracias a esto\u201d, dijo Galindo.<\/span><\/p>\n","protected":false},"excerpt":{"rendered":"<p>A poco m\u00e1s de un a\u00f1o de ser fundada por un grupo de 30 organizaciones de noticias brasile\u00f1as, la Asociaci\u00f3n de Periodismo Digital (Ajor) super\u00f3 recientemente la marca de 100 miembros, un logro para la entidad dedicada a fortalecer el periodismo digital en Brasil. El crecimiento de la asociaci\u00f3n pone de manifiesto la diversidad del sector en el pa\u00eds, al que Ajor pretende ayudar a ser reconocido tambi\u00e9n por su importancia econ\u00f3mica.<\/p>\n","protected":false},"author":16,"featured_media":68167,"comment_status":"closed","ping_status":"closed","sticky":false,"template":"","format":"standard","meta":{"inline_featured_image":false,"footnotes":""},"categories":[1211],"tags":[],"coauthors":[],"class_list":["post-68200","post","type-post","status-publish","format-standard","has-post-thumbnail","hentry","category-modelo-de-negocio-es"],"acf":[],"yoast_head":"<!-- This site is optimized with the Yoast SEO Premium plugin v22.6 (Yoast SEO v27.4) - https:\/\/yoast.com\/product\/yoast-seo-premium-wordpress\/ -->\n<title>Ajor alcanza el centenar de miembros con el objetivo de hacer sostenible el periodismo digital brasile\u00f1o - LatAm Journalism Review<\/title>\n<meta name=\"description\" content=\"Ajor alcanza el centenar de miembros con el objetivo de hacer sostenible el periodismo digital brasile\u00f1o Modelo de negocio. Latin American Journalism Review by The Knight Center at The University of Texas at Austin.\" \/>\n<meta name=\"robots\" content=\"index, follow, max-snippet:-1, max-image-preview:large, max-video-preview:-1\" \/>\n<link rel=\"canonical\" href=\"https:\/\/latamjournalismreview.org\/es\/articles\/ajor-alcanza-el-centenar-de-miembros-con-el-objetivo-de-hacer-sostenible-el-periodismo-digital-brasileno\/\" \/>\n<meta property=\"og:locale\" content=\"es_ES\" \/>\n<meta property=\"og:type\" content=\"article\" \/>\n<meta property=\"og:title\" content=\"Ajor alcanza el centenar de miembros con el objetivo de hacer sostenible el periodismo digital brasile\u00f1o\" \/>\n<meta property=\"og:description\" content=\"Ajor alcanza el centenar de miembros con el objetivo de hacer sostenible el periodismo digital brasile\u00f1o Modelo de negocio. Latin American Journalism Review by The Knight Center at The University of Texas at Austin.\" \/>\n<meta property=\"og:url\" content=\"https:\/\/latamjournalismreview.org\/es\/articles\/ajor-alcanza-el-centenar-de-miembros-con-el-objetivo-de-hacer-sostenible-el-periodismo-digital-brasileno\/\" \/>\n<meta property=\"og:site_name\" content=\"LatAm Journalism Review\" \/>\n<meta property=\"article:published_time\" content=\"2022-09-19T15:54:58+00:00\" \/>\n<meta property=\"article:modified_time\" content=\"2022-09-28T15:34:27+00:00\" \/>\n<meta property=\"og:image\" content=\"https:\/\/latamjournalismreview.org\/wp-content\/uploads\/2022\/09\/Featured-Ajor-100-members.png\" \/>\n\t<meta property=\"og:image:width\" content=\"507\" \/>\n\t<meta property=\"og:image:height\" content=\"340\" \/>\n\t<meta property=\"og:image:type\" content=\"image\/png\" \/>\n<meta name=\"author\" content=\"Carolina de Assis\" \/>\n<meta name=\"twitter:card\" content=\"summary_large_image\" \/>\n<meta name=\"twitter:creator\" content=\"@LatAmJournalism\" \/>\n<meta name=\"twitter:site\" content=\"@LatAmJournalism\" \/>\n<meta name=\"twitter:label1\" content=\"Written by\" \/>\n\t<meta name=\"twitter:data1\" content=\"Carolina de Assis\" \/>\n\t<meta name=\"twitter:label2\" content=\"Est. reading time\" \/>\n\t<meta name=\"twitter:data2\" content=\"8 minutos\" \/>\n<script type=\"application\/ld+json\" class=\"yoast-schema-graph\">{\"@context\":\"https:\\\/\\\/schema.org\",\"@graph\":[{\"@type\":\"Article\",\"@id\":\"https:\\\/\\\/latamjournalismreview.org\\\/es\\\/articles\\\/ajor-alcanza-el-centenar-de-miembros-con-el-objetivo-de-hacer-sostenible-el-periodismo-digital-brasileno\\\/#article\",\"isPartOf\":{\"@id\":\"https:\\\/\\\/latamjournalismreview.org\\\/es\\\/articles\\\/ajor-alcanza-el-centenar-de-miembros-con-el-objetivo-de-hacer-sostenible-el-periodismo-digital-brasileno\\\/\"},\"author\":{\"name\":\"Carolina de Assis\",\"@id\":\"https:\\\/\\\/latamjournalismreview.org\\\/es\\\/#\\\/schema\\\/person\\\/f98b544e2f231a237f39a56cc9a00a9a\"},\"headline\":\"Ajor alcanza el centenar de miembros con el objetivo de hacer sostenible el periodismo digital brasile\u00f1o\",\"datePublished\":\"2022-09-19T15:54:58+00:00\",\"dateModified\":\"2022-09-28T15:34:27+00:00\",\"mainEntityOfPage\":{\"@id\":\"https:\\\/\\\/latamjournalismreview.org\\\/es\\\/articles\\\/ajor-alcanza-el-centenar-de-miembros-con-el-objetivo-de-hacer-sostenible-el-periodismo-digital-brasileno\\\/\"},\"wordCount\":1635,\"publisher\":{\"@id\":\"https:\\\/\\\/latamjournalismreview.org\\\/es\\\/#organization\"},\"image\":{\"@id\":\"https:\\\/\\\/latamjournalismreview.org\\\/es\\\/articles\\\/ajor-alcanza-el-centenar-de-miembros-con-el-objetivo-de-hacer-sostenible-el-periodismo-digital-brasileno\\\/#primaryimage\"},\"thumbnailUrl\":\"https:\\\/\\\/latamjournalismreview.org\\\/wp-content\\\/uploads\\\/2022\\\/09\\\/Featured-Ajor-100-members.png\",\"articleSection\":[\"Modelo de negocio\"],\"inLanguage\":\"es\"},{\"@type\":\"WebPage\",\"@id\":\"https:\\\/\\\/latamjournalismreview.org\\\/es\\\/articles\\\/ajor-alcanza-el-centenar-de-miembros-con-el-objetivo-de-hacer-sostenible-el-periodismo-digital-brasileno\\\/\",\"url\":\"https:\\\/\\\/latamjournalismreview.org\\\/es\\\/articles\\\/ajor-alcanza-el-centenar-de-miembros-con-el-objetivo-de-hacer-sostenible-el-periodismo-digital-brasileno\\\/\",\"name\":\"Ajor alcanza el centenar de miembros con el objetivo de hacer sostenible el periodismo digital brasile\u00f1o - LatAm Journalism Review\",\"isPartOf\":{\"@id\":\"https:\\\/\\\/latamjournalismreview.org\\\/es\\\/#website\"},\"primaryImageOfPage\":{\"@id\":\"https:\\\/\\\/latamjournalismreview.org\\\/es\\\/articles\\\/ajor-alcanza-el-centenar-de-miembros-con-el-objetivo-de-hacer-sostenible-el-periodismo-digital-brasileno\\\/#primaryimage\"},\"image\":{\"@id\":\"https:\\\/\\\/latamjournalismreview.org\\\/es\\\/articles\\\/ajor-alcanza-el-centenar-de-miembros-con-el-objetivo-de-hacer-sostenible-el-periodismo-digital-brasileno\\\/#primaryimage\"},\"thumbnailUrl\":\"https:\\\/\\\/latamjournalismreview.org\\\/wp-content\\\/uploads\\\/2022\\\/09\\\/Featured-Ajor-100-members.png\",\"datePublished\":\"2022-09-19T15:54:58+00:00\",\"dateModified\":\"2022-09-28T15:34:27+00:00\",\"description\":\"Ajor alcanza el centenar de miembros con el objetivo de hacer sostenible el periodismo digital brasile\u00f1o Modelo de negocio. Latin American Journalism Review by The Knight Center at The University of Texas at Austin.\",\"breadcrumb\":{\"@id\":\"https:\\\/\\\/latamjournalismreview.org\\\/es\\\/articles\\\/ajor-alcanza-el-centenar-de-miembros-con-el-objetivo-de-hacer-sostenible-el-periodismo-digital-brasileno\\\/#breadcrumb\"},\"inLanguage\":\"es\",\"potentialAction\":[{\"@type\":\"ReadAction\",\"target\":[\"https:\\\/\\\/latamjournalismreview.org\\\/es\\\/articles\\\/ajor-alcanza-el-centenar-de-miembros-con-el-objetivo-de-hacer-sostenible-el-periodismo-digital-brasileno\\\/\"]}]},{\"@type\":\"ImageObject\",\"inLanguage\":\"es\",\"@id\":\"https:\\\/\\\/latamjournalismreview.org\\\/es\\\/articles\\\/ajor-alcanza-el-centenar-de-miembros-con-el-objetivo-de-hacer-sostenible-el-periodismo-digital-brasileno\\\/#primaryimage\",\"url\":\"https:\\\/\\\/latamjournalismreview.org\\\/wp-content\\\/uploads\\\/2022\\\/09\\\/Featured-Ajor-100-members.png\",\"contentUrl\":\"https:\\\/\\\/latamjournalismreview.org\\\/wp-content\\\/uploads\\\/2022\\\/09\\\/Featured-Ajor-100-members.png\",\"width\":507,\"height\":340,\"caption\":\"Ajor's team gathered at a classroom with a screen with Ajor's logo behind them\"},{\"@type\":\"BreadcrumbList\",\"@id\":\"https:\\\/\\\/latamjournalismreview.org\\\/es\\\/articles\\\/ajor-alcanza-el-centenar-de-miembros-con-el-objetivo-de-hacer-sostenible-el-periodismo-digital-brasileno\\\/#breadcrumb\",\"itemListElement\":[{\"@type\":\"ListItem\",\"position\":1,\"name\":\"Home\",\"item\":\"https:\\\/\\\/latamjournalismreview.org\\\/es\\\/\"},{\"@type\":\"ListItem\",\"position\":2,\"name\":\"Ajor alcanza el centenar de miembros con el objetivo de hacer sostenible el periodismo digital brasile\u00f1o\"}]},{\"@type\":\"WebSite\",\"@id\":\"https:\\\/\\\/latamjournalismreview.org\\\/es\\\/#website\",\"url\":\"https:\\\/\\\/latamjournalismreview.org\\\/es\\\/\",\"name\":\"LatAm Journalism Review\",\"description\":\"Knight Center at The University of Texas\",\"publisher\":{\"@id\":\"https:\\\/\\\/latamjournalismreview.org\\\/es\\\/#organization\"},\"potentialAction\":[{\"@type\":\"SearchAction\",\"target\":{\"@type\":\"EntryPoint\",\"urlTemplate\":\"https:\\\/\\\/latamjournalismreview.org\\\/es\\\/?s={search_term_string}\"},\"query-input\":{\"@type\":\"PropertyValueSpecification\",\"valueRequired\":true,\"valueName\":\"search_term_string\"}}],\"inLanguage\":\"es\"},{\"@type\":\"Organization\",\"@id\":\"https:\\\/\\\/latamjournalismreview.org\\\/es\\\/#organization\",\"name\":\"LatAm Journalism Review\",\"url\":\"https:\\\/\\\/latamjournalismreview.org\\\/es\\\/\",\"logo\":{\"@type\":\"ImageObject\",\"inLanguage\":\"es\",\"@id\":\"https:\\\/\\\/latamjournalismreview.org\\\/es\\\/#\\\/schema\\\/logo\\\/image\\\/\",\"url\":\"https:\\\/\\\/latamjournalismreview.org\\\/wp-content\\\/uploads\\\/2020\\\/05\\\/knight-latAm-review-logo.svg\",\"contentUrl\":\"https:\\\/\\\/latamjournalismreview.org\\\/wp-content\\\/uploads\\\/2020\\\/05\\\/knight-latAm-review-logo.svg\",\"width\":\"1024\",\"height\":\"1024\",\"caption\":\"LatAm Journalism Review\"},\"image\":{\"@id\":\"https:\\\/\\\/latamjournalismreview.org\\\/es\\\/#\\\/schema\\\/logo\\\/image\\\/\"},\"sameAs\":[\"https:\\\/\\\/x.com\\\/LatAmJournalism\"]},{\"@type\":\"Person\",\"@id\":\"https:\\\/\\\/latamjournalismreview.org\\\/es\\\/#\\\/schema\\\/person\\\/f98b544e2f231a237f39a56cc9a00a9a\",\"name\":\"Carolina de Assis\",\"description\":\"Carolina de Assis is a Brazilian journalist and researcher who lives in Juiz de Fora, MG, Brazil. She holds a master's degree in Women\u2019s and Gender Studies from the GEMMA Programme \u2013 Universit\u00e0 di Bologna (Italy) \\\/ Universiteit Utrecht (The Netherlands) and has worked as an editor at G\u00eanero e N\u00famero, a Brazilian digital magazine focused on data journalism and gender issues. She is especially interested in journalistic initiatives aimed at promoting human rights and gender justice. You can find her on Twitter: @caroldeassis _________ Carolina de Assis es una periodista e investigadora brasile\u00f1a que vive en Juiz de Fora, MG, Brasil . Tiene una maestr\u00eda en Estudios de las Mujeres y de G\u00e9nero del programa GEMMA \u2013 Universit\u00e0 di Bologna (Italia) \\\/ Universiteit Utrecht (Holanda). Trabaj\u00f3 como editora en la revista digital brasile\u00f1a G\u00eanero e N\u00famero. Le interesan especialmente iniciativas period\u00edsticas que tienen el objetivo de promover los derechos humanos y la justicia de g\u00e9nero. Puedes encontrarla en Twitter: @caroldeassis. _______ Carolina de Assis \u00e9 uma jornalista e pesquisadora brasileira que vive em Juiz de Fora (MG). \u00c9 mestra em Estudos da Mulher e de G\u00eanero pelo programa GEMMA \u2013 Universit\u00e0 di Bologna (It\u00e1lia) \\\/ Universiteit Utrecht (Holanda). Trabalhou como editora na revista digital G\u00eanero e N\u00famero e se interessa especialmente por iniciativas jornal\u00edsticas que promovam os direitos humanos e a justi\u00e7a de g\u00eanero. Voc\u00ea pode encontr\u00e1-la no Twitter em @caroldeassis.\",\"url\":\"https:\\\/\\\/latamjournalismreview.org\\\/es\\\/articles\\\/author\\\/carolina-de-assis\\\/\"}]}<\/script>\n<!-- \/ Yoast SEO Premium plugin. -->","yoast_head_json":{"title":"Ajor alcanza el centenar de miembros con el objetivo de hacer sostenible el periodismo digital brasile\u00f1o - LatAm Journalism Review","description":"Ajor alcanza el centenar de miembros con el objetivo de hacer sostenible el periodismo digital brasile\u00f1o Modelo de negocio. Latin American Journalism Review by The Knight Center at The University of Texas at Austin.","robots":{"index":"index","follow":"follow","max-snippet":"max-snippet:-1","max-image-preview":"max-image-preview:large","max-video-preview":"max-video-preview:-1"},"canonical":"https:\/\/latamjournalismreview.org\/es\/articles\/ajor-alcanza-el-centenar-de-miembros-con-el-objetivo-de-hacer-sostenible-el-periodismo-digital-brasileno\/","og_locale":"es_ES","og_type":"article","og_title":"Ajor alcanza el centenar de miembros con el objetivo de hacer sostenible el periodismo digital brasile\u00f1o","og_description":"Ajor alcanza el centenar de miembros con el objetivo de hacer sostenible el periodismo digital brasile\u00f1o Modelo de negocio. Latin American Journalism Review by The Knight Center at The University of Texas at Austin.","og_url":"https:\/\/latamjournalismreview.org\/es\/articles\/ajor-alcanza-el-centenar-de-miembros-con-el-objetivo-de-hacer-sostenible-el-periodismo-digital-brasileno\/","og_site_name":"LatAm Journalism Review","article_published_time":"2022-09-19T15:54:58+00:00","article_modified_time":"2022-09-28T15:34:27+00:00","og_image":[{"width":507,"height":340,"url":"https:\/\/latamjournalismreview.org\/wp-content\/uploads\/2022\/09\/Featured-Ajor-100-members.png","type":"image\/png"}],"author":"Carolina de Assis","twitter_card":"summary_large_image","twitter_creator":"@LatAmJournalism","twitter_site":"@LatAmJournalism","twitter_misc":{"Written by":"Carolina de Assis","Est. reading time":"8 minutos"},"schema":{"@context":"https:\/\/schema.org","@graph":[{"@type":"Article","@id":"https:\/\/latamjournalismreview.org\/es\/articles\/ajor-alcanza-el-centenar-de-miembros-con-el-objetivo-de-hacer-sostenible-el-periodismo-digital-brasileno\/#article","isPartOf":{"@id":"https:\/\/latamjournalismreview.org\/es\/articles\/ajor-alcanza-el-centenar-de-miembros-con-el-objetivo-de-hacer-sostenible-el-periodismo-digital-brasileno\/"},"author":{"name":"Carolina de Assis","@id":"https:\/\/latamjournalismreview.org\/es\/#\/schema\/person\/f98b544e2f231a237f39a56cc9a00a9a"},"headline":"Ajor alcanza el centenar de miembros con el objetivo de hacer sostenible el periodismo digital brasile\u00f1o","datePublished":"2022-09-19T15:54:58+00:00","dateModified":"2022-09-28T15:34:27+00:00","mainEntityOfPage":{"@id":"https:\/\/latamjournalismreview.org\/es\/articles\/ajor-alcanza-el-centenar-de-miembros-con-el-objetivo-de-hacer-sostenible-el-periodismo-digital-brasileno\/"},"wordCount":1635,"publisher":{"@id":"https:\/\/latamjournalismreview.org\/es\/#organization"},"image":{"@id":"https:\/\/latamjournalismreview.org\/es\/articles\/ajor-alcanza-el-centenar-de-miembros-con-el-objetivo-de-hacer-sostenible-el-periodismo-digital-brasileno\/#primaryimage"},"thumbnailUrl":"https:\/\/latamjournalismreview.org\/wp-content\/uploads\/2022\/09\/Featured-Ajor-100-members.png","articleSection":["Modelo de negocio"],"inLanguage":"es"},{"@type":"WebPage","@id":"https:\/\/latamjournalismreview.org\/es\/articles\/ajor-alcanza-el-centenar-de-miembros-con-el-objetivo-de-hacer-sostenible-el-periodismo-digital-brasileno\/","url":"https:\/\/latamjournalismreview.org\/es\/articles\/ajor-alcanza-el-centenar-de-miembros-con-el-objetivo-de-hacer-sostenible-el-periodismo-digital-brasileno\/","name":"Ajor alcanza el centenar de miembros con el objetivo de hacer sostenible el periodismo digital brasile\u00f1o - LatAm Journalism Review","isPartOf":{"@id":"https:\/\/latamjournalismreview.org\/es\/#website"},"primaryImageOfPage":{"@id":"https:\/\/latamjournalismreview.org\/es\/articles\/ajor-alcanza-el-centenar-de-miembros-con-el-objetivo-de-hacer-sostenible-el-periodismo-digital-brasileno\/#primaryimage"},"image":{"@id":"https:\/\/latamjournalismreview.org\/es\/articles\/ajor-alcanza-el-centenar-de-miembros-con-el-objetivo-de-hacer-sostenible-el-periodismo-digital-brasileno\/#primaryimage"},"thumbnailUrl":"https:\/\/latamjournalismreview.org\/wp-content\/uploads\/2022\/09\/Featured-Ajor-100-members.png","datePublished":"2022-09-19T15:54:58+00:00","dateModified":"2022-09-28T15:34:27+00:00","description":"Ajor alcanza el centenar de miembros con el objetivo de hacer sostenible el periodismo digital brasile\u00f1o Modelo de negocio. Latin American Journalism Review by The Knight Center at The University of Texas at Austin.","breadcrumb":{"@id":"https:\/\/latamjournalismreview.org\/es\/articles\/ajor-alcanza-el-centenar-de-miembros-con-el-objetivo-de-hacer-sostenible-el-periodismo-digital-brasileno\/#breadcrumb"},"inLanguage":"es","potentialAction":[{"@type":"ReadAction","target":["https:\/\/latamjournalismreview.org\/es\/articles\/ajor-alcanza-el-centenar-de-miembros-con-el-objetivo-de-hacer-sostenible-el-periodismo-digital-brasileno\/"]}]},{"@type":"ImageObject","inLanguage":"es","@id":"https:\/\/latamjournalismreview.org\/es\/articles\/ajor-alcanza-el-centenar-de-miembros-con-el-objetivo-de-hacer-sostenible-el-periodismo-digital-brasileno\/#primaryimage","url":"https:\/\/latamjournalismreview.org\/wp-content\/uploads\/2022\/09\/Featured-Ajor-100-members.png","contentUrl":"https:\/\/latamjournalismreview.org\/wp-content\/uploads\/2022\/09\/Featured-Ajor-100-members.png","width":507,"height":340,"caption":"Ajor's team gathered at a classroom with a screen with Ajor's logo behind them"},{"@type":"BreadcrumbList","@id":"https:\/\/latamjournalismreview.org\/es\/articles\/ajor-alcanza-el-centenar-de-miembros-con-el-objetivo-de-hacer-sostenible-el-periodismo-digital-brasileno\/#breadcrumb","itemListElement":[{"@type":"ListItem","position":1,"name":"Home","item":"https:\/\/latamjournalismreview.org\/es\/"},{"@type":"ListItem","position":2,"name":"Ajor alcanza el centenar de miembros con el objetivo de hacer sostenible el periodismo digital brasile\u00f1o"}]},{"@type":"WebSite","@id":"https:\/\/latamjournalismreview.org\/es\/#website","url":"https:\/\/latamjournalismreview.org\/es\/","name":"LatAm Journalism Review","description":"Knight Center at The University of Texas","publisher":{"@id":"https:\/\/latamjournalismreview.org\/es\/#organization"},"potentialAction":[{"@type":"SearchAction","target":{"@type":"EntryPoint","urlTemplate":"https:\/\/latamjournalismreview.org\/es\/?s={search_term_string}"},"query-input":{"@type":"PropertyValueSpecification","valueRequired":true,"valueName":"search_term_string"}}],"inLanguage":"es"},{"@type":"Organization","@id":"https:\/\/latamjournalismreview.org\/es\/#organization","name":"LatAm Journalism Review","url":"https:\/\/latamjournalismreview.org\/es\/","logo":{"@type":"ImageObject","inLanguage":"es","@id":"https:\/\/latamjournalismreview.org\/es\/#\/schema\/logo\/image\/","url":"https:\/\/latamjournalismreview.org\/wp-content\/uploads\/2020\/05\/knight-latAm-review-logo.svg","contentUrl":"https:\/\/latamjournalismreview.org\/wp-content\/uploads\/2020\/05\/knight-latAm-review-logo.svg","width":"1024","height":"1024","caption":"LatAm Journalism Review"},"image":{"@id":"https:\/\/latamjournalismreview.org\/es\/#\/schema\/logo\/image\/"},"sameAs":["https:\/\/x.com\/LatAmJournalism"]},{"@type":"Person","@id":"https:\/\/latamjournalismreview.org\/es\/#\/schema\/person\/f98b544e2f231a237f39a56cc9a00a9a","name":"Carolina de Assis","description":"Carolina de Assis is a Brazilian journalist and researcher who lives in Juiz de Fora, MG, Brazil. She holds a master's degree in Women\u2019s and Gender Studies from the GEMMA Programme \u2013 Universit\u00e0 di Bologna (Italy) \/ Universiteit Utrecht (The Netherlands) and has worked as an editor at G\u00eanero e N\u00famero, a Brazilian digital magazine focused on data journalism and gender issues. She is especially interested in journalistic initiatives aimed at promoting human rights and gender justice. You can find her on Twitter: @caroldeassis _________ Carolina de Assis es una periodista e investigadora brasile\u00f1a que vive en Juiz de Fora, MG, Brasil . Tiene una maestr\u00eda en Estudios de las Mujeres y de G\u00e9nero del programa GEMMA \u2013 Universit\u00e0 di Bologna (Italia) \/ Universiteit Utrecht (Holanda). Trabaj\u00f3 como editora en la revista digital brasile\u00f1a G\u00eanero e N\u00famero. Le interesan especialmente iniciativas period\u00edsticas que tienen el objetivo de promover los derechos humanos y la justicia de g\u00e9nero. Puedes encontrarla en Twitter: @caroldeassis. _______ Carolina de Assis \u00e9 uma jornalista e pesquisadora brasileira que vive em Juiz de Fora (MG). \u00c9 mestra em Estudos da Mulher e de G\u00eanero pelo programa GEMMA \u2013 Universit\u00e0 di Bologna (It\u00e1lia) \/ Universiteit Utrecht (Holanda). Trabalhou como editora na revista digital G\u00eanero e N\u00famero e se interessa especialmente por iniciativas jornal\u00edsticas que promovam os direitos humanos e a justi\u00e7a de g\u00eanero. Voc\u00ea pode encontr\u00e1-la no Twitter em @caroldeassis.","url":"https:\/\/latamjournalismreview.org\/es\/articles\/author\/carolina-de-assis\/"}]}},"_links":{"self":[{"href":"https:\/\/latamjournalismreview.org\/es\/wp-json\/wp\/v2\/posts\/68200","targetHints":{"allow":["GET"]}}],"collection":[{"href":"https:\/\/latamjournalismreview.org\/es\/wp-json\/wp\/v2\/posts"}],"about":[{"href":"https:\/\/latamjournalismreview.org\/es\/wp-json\/wp\/v2\/types\/post"}],"author":[{"embeddable":true,"href":"https:\/\/latamjournalismreview.org\/es\/wp-json\/wp\/v2\/users\/16"}],"replies":[{"embeddable":true,"href":"https:\/\/latamjournalismreview.org\/es\/wp-json\/wp\/v2\/comments?post=68200"}],"version-history":[{"count":8,"href":"https:\/\/latamjournalismreview.org\/es\/wp-json\/wp\/v2\/posts\/68200\/revisions"}],"predecessor-version":[{"id":68441,"href":"https:\/\/latamjournalismreview.org\/es\/wp-json\/wp\/v2\/posts\/68200\/revisions\/68441"}],"wp:featuredmedia":[{"embeddable":true,"href":"https:\/\/latamjournalismreview.org\/es\/wp-json\/wp\/v2\/media\/68167"}],"wp:attachment":[{"href":"https:\/\/latamjournalismreview.org\/es\/wp-json\/wp\/v2\/media?parent=68200"}],"wp:term":[{"taxonomy":"category","embeddable":true,"href":"https:\/\/latamjournalismreview.org\/es\/wp-json\/wp\/v2\/categories?post=68200"},{"taxonomy":"post_tag","embeddable":true,"href":"https:\/\/latamjournalismreview.org\/es\/wp-json\/wp\/v2\/tags?post=68200"},{"taxonomy":"author","embeddable":true,"href":"https:\/\/latamjournalismreview.org\/es\/wp-json\/wp\/v2\/coauthors?post=68200"}],"curies":[{"name":"wp","href":"https:\/\/api.w.org\/{rel}","templated":true}]}}