{"id":68859,"date":"2022-10-12T06:06:39","date_gmt":"2022-10-12T11:06:39","guid":{"rendered":"https:\/\/latamjournalismreview.org\/?p=68859"},"modified":"2022-10-12T11:27:20","modified_gmt":"2022-10-12T16:27:20","slug":"periodistas-latinoamericanos-tejen-puentes-durante-el-v-congreso-internacional-de-periodismo-de-migraciones-y-desarrollo-en-espana","status":"publish","type":"post","link":"https:\/\/latamjournalismreview.org\/es\/articles\/periodistas-latinoamericanos-tejen-puentes-durante-el-v-congreso-internacional-de-periodismo-de-migraciones-y-desarrollo-en-espana\/","title":{"rendered":"Periodistas latinoamericanos tejen puentes durante el V Congreso Internacional de Periodismo de Migraciones y Desarrollo en Espa\u00f1a"},"content":{"rendered":"<p><span style=\"font-weight: 400;\">Los procesos migratorios son complejos. Sin embargo, cada vez m\u00e1s periodistas se est\u00e1n capacitando para contar y entender mejor los temas sobre migraci\u00f3n. Un ejemplo es el <\/span><a href=\"https:\/\/www.periodismodemigraciones.org\/\" target=\"_blank\" rel=\"noopener\"><span style=\"font-weight: 400;\">Congreso Internacional de Periodismo de Migraciones y Desarrollo<\/span><\/a>\u00a0<span style=\"font-weight: 400;\">que tuvo lugar el pasado 5, 6 y 7 de octubre de 2022, en la ciudad de M\u00e9rida, en Espa\u00f1a.\u00a0<\/span><\/p>\n<p><span style=\"font-weight: 400;\">En la quinta edici\u00f3n de este evento, m\u00e1s de 100 periodistas de todo el mundo se reunieron para hablar sobre periodismo y migraci\u00f3n, as\u00ed como para tejer redes y lazos de colaboraci\u00f3n. El congreso estuvo organizado por <\/span><a href=\"https:\/\/porcausa.org\/quienes-somos\/\" target=\"_blank\" rel=\"noopener\"><span style=\"font-weight: 400;\">Por Causa<\/span><\/a><span style=\"font-weight: 400;\">, una organizaci\u00f3n que, seg\u00fan su p\u00e1gina web, lo conforma \u201cun equipo de expertas, investigadores y periodistas abordando temas migratorios desde un marco \u00fanico que permite entender lo que est\u00e1 pasando y propone alternativas factibles al modelo actual\u201d.<\/span><\/p>\n<p><span style=\"font-weight: 400;\">El evento tambi\u00e9n cont\u00f3 con el apoyo de<\/span> <a href=\"https:\/\/twitter.com\/AEXCID_\" target=\"_blank\" rel=\"noopener\"><span style=\"font-weight: 400;\">AEXCID<\/span><\/a><span style=\"font-weight: 400;\">, Agencia de Cooperaci\u00f3n Internacional gestiona las pol\u00edticas de la Junta de Extremadura (Espa\u00f1a) en materia de cooperaci\u00f3n, construcci\u00f3n de paz y acci\u00f3n humanitaria.\u00a0<\/span><\/p>\n<p><span style=\"font-weight: 400;\">\u201cAqu\u00ed se viene a hablar pero tambi\u00e9n se viene a escuchar. Hay una voluntad de escuchar lo que tienen que compartir los otros. Desde all\u00ed es donde se pueden construir verdaderos puentes que es la finalidad de este congreso\u201d, dijo durante el acto de clausura Eileen Truax, periodista mexicana especializada en migraci\u00f3n y directora de contenidos del congreso.\u00a0<\/span><\/p>\n<p><span style=\"font-weight: 400;\">El congreso cont\u00f3 con un aproximado de 16 mesas de discusi\u00f3n que fueron tambi\u00e9n transmitidas en vivo a trav\u00e9s de <\/span><a href=\"https:\/\/www.youtube.com\/c\/porCausa\" target=\"_blank\" rel=\"noopener\"><span style=\"font-weight: 400;\">Youtube<\/span><\/a><span style=\"font-weight: 400;\">. <strong>LatAm Journalism Review (LJR) <\/strong><\/span><span style=\"font-weight: 400;\">cubri\u00f3 el evento y resume a continuaci\u00f3n las participaciones m\u00e1s importantes de los periodistas latinoamericanos que asistieron.<\/span><\/p>\n<h3><span style=\"font-weight: 400;\">Periodistas como migrantes\u00a0<\/span><\/h3>\n<p><span style=\"font-weight: 400;\">Una de las mesas de conversaci\u00f3n durante el evento fue una entrevista realizada por David Jim\u00e9nez (periodista y escritor espa\u00f1ol. Columnista en The New York Times) a \u00d3scar Mart\u00ednez (escritor, investigador y periodista salvadore\u00f1o. Jefe de redacci\u00f3n de El Faro).\u00a0\u00a0<\/span><\/p>\n<p><span style=\"font-weight: 400;\">Mart\u00ednez inici\u00f3 su conversaci\u00f3n contando que, en esta ocasi\u00f3n, no iba a dar un discurso optimista ya que, hace apenas unas horas, el equipo de El Faro hab\u00eda tenido que sacar a otro periodista de El Salvador producto del asedio y amenazas del gobierno de ese pa\u00eds contra la prensa.\u00a0<\/span><\/p>\n<div id=\"attachment_68866\" style=\"width: 460px\" class=\"wp-caption alignleft\"><img loading=\"lazy\" decoding=\"async\" aria-describedby=\"caption-attachment-68866\" class=\"wp-image-68866\" src=\"https:\/\/latamjournalismreview.org\/wp-content\/uploads\/2022\/10\/oscarMartinezyDavidJimenez-300x200.jpg\" alt=\"Two men having a conversation on a stage\" width=\"450\" height=\"300\" srcset=\"https:\/\/latamjournalismreview.org\/wp-content\/uploads\/2022\/10\/oscarMartinezyDavidJimenez-300x200.jpg 300w, https:\/\/latamjournalismreview.org\/wp-content\/uploads\/2022\/10\/oscarMartinezyDavidJimenez-1024x682.jpg 1024w, https:\/\/latamjournalismreview.org\/wp-content\/uploads\/2022\/10\/oscarMartinezyDavidJimenez-768x512.jpg 768w, https:\/\/latamjournalismreview.org\/wp-content\/uploads\/2022\/10\/oscarMartinezyDavidJimenez-350x234.jpg 350w, https:\/\/latamjournalismreview.org\/wp-content\/uploads\/2022\/10\/oscarMartinezyDavidJimenez.jpg 1280w\" sizes=\"auto, (max-width: 450px) 100vw, 450px\" \/><p id=\"caption-attachment-68866\" class=\"wp-caption-text\">\u00d3scar Mart\u00ednez y David Jim\u00e9nez durante su conversaci\u00f3n en el Congreso de Periodismo de Migraciones. (Foto: Cortes\u00eda)<\/p><\/div>\n<p><span style=\"font-weight: 400;\">\u201cAlgunos de los periodistas que preventivamente hemos sacado del pa\u00eds es porque les lleg\u00f3 un citatorio de la divisi\u00f3n de \u00e9lite contra el crimen organizado. Eso quiere decir que nos quieren acusar de ser pandilleros y, en El Salvador, si te acusan de ser pandillero, con la reforma legal, puedes pasar hasta 30 a\u00f1os preso sin un juicio\u201d, dijo Mart\u00ednez.\u00a0<\/span><\/p>\n<p><span style=\"font-weight: 400;\">Muchas personas de El Salvador salen del pa\u00eds huyendo de la violencia.\u00a0 <\/span><a href=\"https:\/\/datosmacro.expansion.com\/demografia\/migracion\/emigracion\/el-salvador#:~:text=Los%20emigrantes%20de%20El%20Salvador,%2C%20un%202%2C62%25.\" target=\"_blank\" rel=\"noopener\"><span style=\"font-weight: 400;\">Seg\u00fan la Organizaci\u00f3n de Naciones Unidas (ONU)<\/span><\/a>\u00a0<span style=\"font-weight: 400;\">m\u00e1s de 1 mill\u00f3n 600 mil salvadore\u00f1os viven fuera de su pa\u00eds. Y aunque en El Salvador no se ha llegado a niveles de Nicaragua, donde la mayor\u00eda de los periodistas viven en el exilio, los trabajadores de la prensa salvadore\u00f1os est\u00e1n cada vez est\u00e1n m\u00e1s en riesgo; seg\u00fan asegura Mart\u00ednez.\u00a0<\/span><\/p>\n<p><span style=\"font-weight: 400;\">\u201cLa decisi\u00f3n de salir del pa\u00eds para los periodistas implica una evaluaci\u00f3n personal profunda y honesta que necesariamente se debe contrastar con gente en la que conf\u00edas. De esta manera, te evitas porcentaje de fallo\u201d, coment\u00f3 el jefe de redacci\u00f3n de El Faro.<\/span><\/p>\n<p><span style=\"font-weight: 400;\">Mart\u00ednez confes\u00f3 durante su participaci\u00f3n en el congreso que nunca hab\u00eda estado en un momento en su vida tan frustrado con el periodismo como en la actualidad. Adem\u00e1s asegura que hay dos sentimientos que lo han afectado a \u00e9l y a otros periodistas de su pa\u00eds: la frustraci\u00f3n y la rabia. \u201cY con esas dos sensaciones es muy dif\u00edcil tomar decisiones acertadas (como la de salir del pa\u00eds y convertirse en migrante)\u201d.\u00a0<\/span><\/p>\n<p><span style=\"font-weight: 400;\">Sobre el tema de periodistas que se convierten a su vez en migrantes, habl\u00f3 tambi\u00e9n Truax en otra mesa de debate. Para la periodista mexicana es importante que a los periodistas migrantes se les abran las puertas para que puedan seguir\u00a0 ejerciendo su profesi\u00f3n fuera de sus pa\u00edses. \u201cHay que mirar las redacciones. \u00bfCu\u00e1ntas mujeres y hombres migrantes hay? Las redacciones tienen que ser diversas para crear nuevas narrativas\u201d, dijo Truax.\u00a0<\/span><\/p>\n<h3><span style=\"font-weight: 400;\">Cuidando la salud mental de los periodistas<\/span><\/h3>\n<p><span style=\"font-weight: 400;\">La escritora, investigadora y periodista mexicana Marcela Turati fue entrevistada durante el congreso por Gumersindo Lafuente de <\/span><a href=\"https:\/\/www.eldiario.es\/\" target=\"_blank\" rel=\"noopener\"><span style=\"font-weight: 400;\">Eldiario.es<\/span><\/a><span style=\"font-weight: 400;\">.<\/span><\/p>\n<p><span style=\"font-weight: 400;\">Turati lleva a\u00f1os documentando y cubriendo asuntos de desaparecidos en M\u00e9xico. Pero, a su vez, ha creado talleres y grupos de apoyo para proteger a periodistas que se enfrentan a temas extremadamente duros\u00a0 y llevan en su espalda una fuerte carga psicol\u00f3gica. Turati ha buscado maneras de protegerse a s\u00ed misma y de ayudar a otros periodistas a aprender a lidiar con su propio dolor.\u00a0<\/span><\/p>\n<p><span style=\"font-weight: 400;\">\u201cDurante muchos a\u00f1os, periodistas hemos fundados colectivos para cuidar a otros y ense\u00f1ar a otros a cuidarse. Tomamos clases de seguridad digital, seguridad f\u00edsica, protocolos para entrar en zonas peligrosas, etc. Pero, desde hace varios a\u00f1os estamos viendo que nos faltaba la otra gran pata que era la psicoemocional\u201d, cont\u00f3 Turati. \u201cSi no est\u00e1s bien o no est\u00e1s manejando el impacto acumulado de trabajar o vivir en una zona de violencia, pues est\u00e1s muy en riesgo\u201d, agreg\u00f3 la periodista.<\/span><\/p>\n<div id=\"attachment_68869\" style=\"width: 460px\" class=\"wp-caption alignright\"><img loading=\"lazy\" decoding=\"async\" aria-describedby=\"caption-attachment-68869\" class=\"wp-image-68869\" src=\"https:\/\/latamjournalismreview.org\/wp-content\/uploads\/2022\/10\/Marcelaturati-300x200.jpg\" alt=\"A man and a woman having a conversation on a stage\" width=\"450\" height=\"300\" srcset=\"https:\/\/latamjournalismreview.org\/wp-content\/uploads\/2022\/10\/Marcelaturati-300x200.jpg 300w, https:\/\/latamjournalismreview.org\/wp-content\/uploads\/2022\/10\/Marcelaturati-1024x682.jpg 1024w, https:\/\/latamjournalismreview.org\/wp-content\/uploads\/2022\/10\/Marcelaturati-768x512.jpg 768w, https:\/\/latamjournalismreview.org\/wp-content\/uploads\/2022\/10\/Marcelaturati-350x234.jpg 350w, https:\/\/latamjournalismreview.org\/wp-content\/uploads\/2022\/10\/Marcelaturati.jpg 1280w\" sizes=\"auto, (max-width: 450px) 100vw, 450px\" \/><p id=\"caption-attachment-68869\" class=\"wp-caption-text\">La escritora, investigadora y periodista mexicana Marcela Turati fue entrevistada durante el congreso por Gumersindo Lafuente de Eldiario.es. (Foto: Cortes\u00eda)<\/p><\/div>\n<p><span style=\"font-weight: 400;\">Turati resalta que el gran problema en M\u00e9xico es que no ha habido un \u201cdespu\u00e9s\u201d del trauma. Desde 2006, con el inicio de la llamada \u201cguerra contra las drogas\u201d, se ha mantenido un proceso de violencia y tensi\u00f3n en el pa\u00eds que ha afectado tambi\u00e9n a los periodistas. \u201cSiempre se habla del estr\u00e9s postraum\u00e1tico pero el problema es que en M\u00e9xico no hemos tenido un post\u201d.\u00a0<\/span><\/p>\n<p><span style=\"font-weight: 400;\">M\u00e9xico es el pa\u00eds m\u00e1s peligroso para ejercer el periodismo en el mundo,<\/span><a href=\"https:\/\/politica.expansion.mx\/mexico\/2022\/05\/03\/mexico-pais-mas-peligroso-para-periodistas\" target=\"_blank\" rel=\"noopener\"><span style=\"font-weight: 400;\"> seg\u00fan Reporteros sin Fronteras<\/span><\/a><span style=\"font-weight: 400;\">.<\/span><span style=\"font-weight: 400;\"> Recientemente sali\u00f3 a la luz que Turati fue una de las personas espiadas a trav\u00e9s del <em>malware<\/em> Pegasus, un programa que se instala en tel\u00e9fonos m\u00f3viles y es capaz de tomar el control casi absoluto sobre estos. En M\u00e9xico se dio a conocer con la filtraci\u00f3n de datos de Pegasus que m\u00e1s de 15.000 n\u00fameros de tel\u00e9fonos de periodistas, activistas y defensores de derechos humanos fueron intervenidos.\u00a0<\/span><\/p>\n<p><span style=\"font-weight: 400;\">\u201cLas redes salvan. A m\u00ed las redes feministas siempre me han salvado. Creo en este trabajo colectivo y colaborativo donde no est\u00e1s sola y donde entre todas nos cuidamos\u201d, dijo Turati haciendo alusi\u00f3n a la <\/span><a href=\"https:\/\/periodistasdeapie.org.mx\/\" target=\"_blank\" rel=\"noopener\"><span style=\"font-weight: 400;\">Red Periodistas de a Pie<\/span><\/a><span style=\"font-weight: 400;\"> una organizaci\u00f3n integrada mayoritariamente por mujeres periodistas en activo, que busca elevar la calidad del periodismo en M\u00e9xico. \u201cEsto del periodismo son labores compartidas\u2026 defender el periodismo es defender la vida\u201d.<\/span><\/p>\n","protected":false},"excerpt":{"rendered":"<p>El pasado 5, 6 y 7 de octubre de 2022, en la ciudad de M\u00e9rida, Espa\u00f1a, se realiz\u00f3 el V Congreso Internacional de Periodismo de Migraciones y Desarrollo donde periodistas de todo el mundo se reunieron para hablar sobre periodismo y migraci\u00f3n, as\u00ed como para tejer redes y lazos de colaboraci\u00f3n. LJR cubri\u00f3 el evento y resume las participaciones m\u00e1s destacadas de los periodistas latinoamericanos que asistieron.<\/p>\n","protected":false},"author":36,"featured_media":68863,"comment_status":"closed","ping_status":"closed","sticky":false,"template":"","format":"standard","meta":{"inline_featured_image":false,"footnotes":""},"categories":[1213],"tags":[1548],"coauthors":[],"class_list":["post-68859","post","type-post","status-publish","format-standard","has-post-thumbnail","hentry","category-colaboracion-es","tag-migracion-es"],"acf":[],"yoast_head":"<!-- This site is optimized with the Yoast SEO Premium plugin v22.6 (Yoast SEO v27.4) - https:\/\/yoast.com\/product\/yoast-seo-premium-wordpress\/ -->\n<title>Periodistas latinoamericanos tejen puentes durante el V Congreso Internacional de Periodismo de Migraciones y Desarrollo en Espa\u00f1a - LatAm Journalism Review<\/title>\n<meta name=\"description\" content=\"Periodistas latinoamericanos tejen puentes durante el V Congreso Internacional de Periodismo de Migraciones y Desarrollo en Espa\u00f1a Colaboraci\u00f3n. Latin American Journalism Review by The Knight Center at The University of Texas at Austin.\" \/>\n<meta name=\"robots\" content=\"index, follow, max-snippet:-1, max-image-preview:large, max-video-preview:-1\" \/>\n<link rel=\"canonical\" href=\"https:\/\/latamjournalismreview.org\/es\/articles\/periodistas-latinoamericanos-tejen-puentes-durante-el-v-congreso-internacional-de-periodismo-de-migraciones-y-desarrollo-en-espana\/\" \/>\n<meta property=\"og:locale\" content=\"es_ES\" \/>\n<meta property=\"og:type\" content=\"article\" \/>\n<meta property=\"og:title\" content=\"Periodistas latinoamericanos tejen puentes durante el V Congreso Internacional de Periodismo de Migraciones y Desarrollo en Espa\u00f1a\" \/>\n<meta property=\"og:description\" content=\"Periodistas latinoamericanos tejen puentes durante el V Congreso Internacional de Periodismo de Migraciones y Desarrollo en Espa\u00f1a Colaboraci\u00f3n. Latin American Journalism Review by The Knight Center at The University of Texas at Austin.\" \/>\n<meta property=\"og:url\" content=\"https:\/\/latamjournalismreview.org\/es\/articles\/periodistas-latinoamericanos-tejen-puentes-durante-el-v-congreso-internacional-de-periodismo-de-migraciones-y-desarrollo-en-espana\/\" \/>\n<meta property=\"og:site_name\" content=\"LatAm Journalism Review\" \/>\n<meta property=\"article:published_time\" content=\"2022-10-12T11:06:39+00:00\" \/>\n<meta property=\"article:modified_time\" content=\"2022-10-12T16:27:20+00:00\" \/>\n<meta property=\"og:image\" content=\"https:\/\/latamjournalismreview.org\/wp-content\/uploads\/2022\/10\/FeaturedMigraciones.png\" \/>\n\t<meta property=\"og:image:width\" content=\"507\" \/>\n\t<meta property=\"og:image:height\" content=\"340\" \/>\n\t<meta property=\"og:image:type\" content=\"image\/png\" \/>\n<meta name=\"author\" content=\"Katherine Pennacchio\" \/>\n<meta name=\"twitter:card\" content=\"summary_large_image\" \/>\n<meta name=\"twitter:creator\" content=\"@kathypennacchio\" \/>\n<meta name=\"twitter:site\" content=\"@LatAmJournalism\" \/>\n<meta name=\"twitter:label1\" content=\"Written by\" \/>\n\t<meta name=\"twitter:data1\" content=\"Katherine Pennacchio\" \/>\n\t<meta name=\"twitter:label2\" content=\"Est. reading time\" \/>\n\t<meta name=\"twitter:data2\" content=\"6 minutos\" \/>\n<script type=\"application\/ld+json\" class=\"yoast-schema-graph\">{\"@context\":\"https:\\\/\\\/schema.org\",\"@graph\":[{\"@type\":\"Article\",\"@id\":\"https:\\\/\\\/latamjournalismreview.org\\\/es\\\/articles\\\/periodistas-latinoamericanos-tejen-puentes-durante-el-v-congreso-internacional-de-periodismo-de-migraciones-y-desarrollo-en-espana\\\/#article\",\"isPartOf\":{\"@id\":\"https:\\\/\\\/latamjournalismreview.org\\\/es\\\/articles\\\/periodistas-latinoamericanos-tejen-puentes-durante-el-v-congreso-internacional-de-periodismo-de-migraciones-y-desarrollo-en-espana\\\/\"},\"author\":{\"name\":\"Katherine Pennacchio\",\"@id\":\"https:\\\/\\\/latamjournalismreview.org\\\/es\\\/#\\\/schema\\\/person\\\/35fb0fc8541711528b3683cd6bf42190\"},\"headline\":\"Periodistas latinoamericanos tejen puentes durante el V Congreso Internacional de Periodismo de Migraciones y Desarrollo en Espa\u00f1a\",\"datePublished\":\"2022-10-12T11:06:39+00:00\",\"dateModified\":\"2022-10-12T16:27:20+00:00\",\"mainEntityOfPage\":{\"@id\":\"https:\\\/\\\/latamjournalismreview.org\\\/es\\\/articles\\\/periodistas-latinoamericanos-tejen-puentes-durante-el-v-congreso-internacional-de-periodismo-de-migraciones-y-desarrollo-en-espana\\\/\"},\"wordCount\":1233,\"publisher\":{\"@id\":\"https:\\\/\\\/latamjournalismreview.org\\\/es\\\/#organization\"},\"image\":{\"@id\":\"https:\\\/\\\/latamjournalismreview.org\\\/es\\\/articles\\\/periodistas-latinoamericanos-tejen-puentes-durante-el-v-congreso-internacional-de-periodismo-de-migraciones-y-desarrollo-en-espana\\\/#primaryimage\"},\"thumbnailUrl\":\"https:\\\/\\\/latamjournalismreview.org\\\/wp-content\\\/uploads\\\/2022\\\/10\\\/FeaturedMigraciones.png\",\"keywords\":[\"Migraci\u00f3n\"],\"articleSection\":[\"Colaboraci\u00f3n\"],\"inLanguage\":\"es\"},{\"@type\":\"WebPage\",\"@id\":\"https:\\\/\\\/latamjournalismreview.org\\\/es\\\/articles\\\/periodistas-latinoamericanos-tejen-puentes-durante-el-v-congreso-internacional-de-periodismo-de-migraciones-y-desarrollo-en-espana\\\/\",\"url\":\"https:\\\/\\\/latamjournalismreview.org\\\/es\\\/articles\\\/periodistas-latinoamericanos-tejen-puentes-durante-el-v-congreso-internacional-de-periodismo-de-migraciones-y-desarrollo-en-espana\\\/\",\"name\":\"Periodistas latinoamericanos tejen puentes durante el V Congreso Internacional de Periodismo de Migraciones y Desarrollo en Espa\u00f1a - LatAm Journalism Review\",\"isPartOf\":{\"@id\":\"https:\\\/\\\/latamjournalismreview.org\\\/es\\\/#website\"},\"primaryImageOfPage\":{\"@id\":\"https:\\\/\\\/latamjournalismreview.org\\\/es\\\/articles\\\/periodistas-latinoamericanos-tejen-puentes-durante-el-v-congreso-internacional-de-periodismo-de-migraciones-y-desarrollo-en-espana\\\/#primaryimage\"},\"image\":{\"@id\":\"https:\\\/\\\/latamjournalismreview.org\\\/es\\\/articles\\\/periodistas-latinoamericanos-tejen-puentes-durante-el-v-congreso-internacional-de-periodismo-de-migraciones-y-desarrollo-en-espana\\\/#primaryimage\"},\"thumbnailUrl\":\"https:\\\/\\\/latamjournalismreview.org\\\/wp-content\\\/uploads\\\/2022\\\/10\\\/FeaturedMigraciones.png\",\"datePublished\":\"2022-10-12T11:06:39+00:00\",\"dateModified\":\"2022-10-12T16:27:20+00:00\",\"description\":\"Periodistas latinoamericanos tejen puentes durante el V Congreso Internacional de Periodismo de Migraciones y Desarrollo en Espa\u00f1a Colaboraci\u00f3n. Latin American Journalism Review by The Knight Center at The University of Texas at Austin.\",\"breadcrumb\":{\"@id\":\"https:\\\/\\\/latamjournalismreview.org\\\/es\\\/articles\\\/periodistas-latinoamericanos-tejen-puentes-durante-el-v-congreso-internacional-de-periodismo-de-migraciones-y-desarrollo-en-espana\\\/#breadcrumb\"},\"inLanguage\":\"es\",\"potentialAction\":[{\"@type\":\"ReadAction\",\"target\":[\"https:\\\/\\\/latamjournalismreview.org\\\/es\\\/articles\\\/periodistas-latinoamericanos-tejen-puentes-durante-el-v-congreso-internacional-de-periodismo-de-migraciones-y-desarrollo-en-espana\\\/\"]}]},{\"@type\":\"ImageObject\",\"inLanguage\":\"es\",\"@id\":\"https:\\\/\\\/latamjournalismreview.org\\\/es\\\/articles\\\/periodistas-latinoamericanos-tejen-puentes-durante-el-v-congreso-internacional-de-periodismo-de-migraciones-y-desarrollo-en-espana\\\/#primaryimage\",\"url\":\"https:\\\/\\\/latamjournalismreview.org\\\/wp-content\\\/uploads\\\/2022\\\/10\\\/FeaturedMigraciones.png\",\"contentUrl\":\"https:\\\/\\\/latamjournalismreview.org\\\/wp-content\\\/uploads\\\/2022\\\/10\\\/FeaturedMigraciones.png\",\"width\":507,\"height\":340,\"caption\":\"A map with arrows indicating migratory movement and images of journalists covering\"},{\"@type\":\"BreadcrumbList\",\"@id\":\"https:\\\/\\\/latamjournalismreview.org\\\/es\\\/articles\\\/periodistas-latinoamericanos-tejen-puentes-durante-el-v-congreso-internacional-de-periodismo-de-migraciones-y-desarrollo-en-espana\\\/#breadcrumb\",\"itemListElement\":[{\"@type\":\"ListItem\",\"position\":1,\"name\":\"Home\",\"item\":\"https:\\\/\\\/latamjournalismreview.org\\\/es\\\/\"},{\"@type\":\"ListItem\",\"position\":2,\"name\":\"Periodistas latinoamericanos tejen puentes durante el V Congreso Internacional de Periodismo de Migraciones y Desarrollo en Espa\u00f1a\"}]},{\"@type\":\"WebSite\",\"@id\":\"https:\\\/\\\/latamjournalismreview.org\\\/es\\\/#website\",\"url\":\"https:\\\/\\\/latamjournalismreview.org\\\/es\\\/\",\"name\":\"LatAm Journalism Review\",\"description\":\"Knight Center at The University of Texas\",\"publisher\":{\"@id\":\"https:\\\/\\\/latamjournalismreview.org\\\/es\\\/#organization\"},\"potentialAction\":[{\"@type\":\"SearchAction\",\"target\":{\"@type\":\"EntryPoint\",\"urlTemplate\":\"https:\\\/\\\/latamjournalismreview.org\\\/es\\\/?s={search_term_string}\"},\"query-input\":{\"@type\":\"PropertyValueSpecification\",\"valueRequired\":true,\"valueName\":\"search_term_string\"}}],\"inLanguage\":\"es\"},{\"@type\":\"Organization\",\"@id\":\"https:\\\/\\\/latamjournalismreview.org\\\/es\\\/#organization\",\"name\":\"LatAm Journalism Review\",\"url\":\"https:\\\/\\\/latamjournalismreview.org\\\/es\\\/\",\"logo\":{\"@type\":\"ImageObject\",\"inLanguage\":\"es\",\"@id\":\"https:\\\/\\\/latamjournalismreview.org\\\/es\\\/#\\\/schema\\\/logo\\\/image\\\/\",\"url\":\"https:\\\/\\\/latamjournalismreview.org\\\/wp-content\\\/uploads\\\/2020\\\/05\\\/knight-latAm-review-logo.svg\",\"contentUrl\":\"https:\\\/\\\/latamjournalismreview.org\\\/wp-content\\\/uploads\\\/2020\\\/05\\\/knight-latAm-review-logo.svg\",\"width\":\"1024\",\"height\":\"1024\",\"caption\":\"LatAm Journalism Review\"},\"image\":{\"@id\":\"https:\\\/\\\/latamjournalismreview.org\\\/es\\\/#\\\/schema\\\/logo\\\/image\\\/\"},\"sameAs\":[\"https:\\\/\\\/x.com\\\/LatAmJournalism\"]},{\"@type\":\"Person\",\"@id\":\"https:\\\/\\\/latamjournalismreview.org\\\/es\\\/#\\\/schema\\\/person\\\/35fb0fc8541711528b3683cd6bf42190\",\"name\":\"Katherine Pennacchio\",\"description\":\"Katherine Pennacchio is a Venezuelan journalist with a master's degree in Investigative, Data and Visualization Journalism from Unidad Editorial and the Rey Juan Carlos University of Madrid. Katherine is passionate about data analysis and currently works as a freelancer. ____ Katherine Pennacchio es una periodista venezolana con una maestr\u00eda en Periodismo de Investigaci\u00f3n, Datos y Visualizaci\u00f3n de la Unidad Editorial y la Universidad Rey Juan Carlos de Madrid. Katherine es una apasionada del an\u00e1lisis de datos y actualmente trabaja como independiente.\",\"sameAs\":[\"https:\\\/\\\/x.com\\\/kathypennacchio\"],\"url\":\"https:\\\/\\\/latamjournalismreview.org\\\/es\\\/articles\\\/author\\\/katherine-pennacchio\\\/\"}]}<\/script>\n<!-- \/ Yoast SEO Premium plugin. -->","yoast_head_json":{"title":"Periodistas latinoamericanos tejen puentes durante el V Congreso Internacional de Periodismo de Migraciones y Desarrollo en Espa\u00f1a - LatAm Journalism Review","description":"Periodistas latinoamericanos tejen puentes durante el V Congreso Internacional de Periodismo de Migraciones y Desarrollo en Espa\u00f1a Colaboraci\u00f3n. Latin American Journalism Review by The Knight Center at The University of Texas at Austin.","robots":{"index":"index","follow":"follow","max-snippet":"max-snippet:-1","max-image-preview":"max-image-preview:large","max-video-preview":"max-video-preview:-1"},"canonical":"https:\/\/latamjournalismreview.org\/es\/articles\/periodistas-latinoamericanos-tejen-puentes-durante-el-v-congreso-internacional-de-periodismo-de-migraciones-y-desarrollo-en-espana\/","og_locale":"es_ES","og_type":"article","og_title":"Periodistas latinoamericanos tejen puentes durante el V Congreso Internacional de Periodismo de Migraciones y Desarrollo en Espa\u00f1a","og_description":"Periodistas latinoamericanos tejen puentes durante el V Congreso Internacional de Periodismo de Migraciones y Desarrollo en Espa\u00f1a Colaboraci\u00f3n. Latin American Journalism Review by The Knight Center at The University of Texas at Austin.","og_url":"https:\/\/latamjournalismreview.org\/es\/articles\/periodistas-latinoamericanos-tejen-puentes-durante-el-v-congreso-internacional-de-periodismo-de-migraciones-y-desarrollo-en-espana\/","og_site_name":"LatAm Journalism Review","article_published_time":"2022-10-12T11:06:39+00:00","article_modified_time":"2022-10-12T16:27:20+00:00","og_image":[{"width":507,"height":340,"url":"https:\/\/latamjournalismreview.org\/wp-content\/uploads\/2022\/10\/FeaturedMigraciones.png","type":"image\/png"}],"author":"Katherine Pennacchio","twitter_card":"summary_large_image","twitter_creator":"@kathypennacchio","twitter_site":"@LatAmJournalism","twitter_misc":{"Written by":"Katherine Pennacchio","Est. reading time":"6 minutos"},"schema":{"@context":"https:\/\/schema.org","@graph":[{"@type":"Article","@id":"https:\/\/latamjournalismreview.org\/es\/articles\/periodistas-latinoamericanos-tejen-puentes-durante-el-v-congreso-internacional-de-periodismo-de-migraciones-y-desarrollo-en-espana\/#article","isPartOf":{"@id":"https:\/\/latamjournalismreview.org\/es\/articles\/periodistas-latinoamericanos-tejen-puentes-durante-el-v-congreso-internacional-de-periodismo-de-migraciones-y-desarrollo-en-espana\/"},"author":{"name":"Katherine Pennacchio","@id":"https:\/\/latamjournalismreview.org\/es\/#\/schema\/person\/35fb0fc8541711528b3683cd6bf42190"},"headline":"Periodistas latinoamericanos tejen puentes durante el V Congreso Internacional de Periodismo de Migraciones y Desarrollo en Espa\u00f1a","datePublished":"2022-10-12T11:06:39+00:00","dateModified":"2022-10-12T16:27:20+00:00","mainEntityOfPage":{"@id":"https:\/\/latamjournalismreview.org\/es\/articles\/periodistas-latinoamericanos-tejen-puentes-durante-el-v-congreso-internacional-de-periodismo-de-migraciones-y-desarrollo-en-espana\/"},"wordCount":1233,"publisher":{"@id":"https:\/\/latamjournalismreview.org\/es\/#organization"},"image":{"@id":"https:\/\/latamjournalismreview.org\/es\/articles\/periodistas-latinoamericanos-tejen-puentes-durante-el-v-congreso-internacional-de-periodismo-de-migraciones-y-desarrollo-en-espana\/#primaryimage"},"thumbnailUrl":"https:\/\/latamjournalismreview.org\/wp-content\/uploads\/2022\/10\/FeaturedMigraciones.png","keywords":["Migraci\u00f3n"],"articleSection":["Colaboraci\u00f3n"],"inLanguage":"es"},{"@type":"WebPage","@id":"https:\/\/latamjournalismreview.org\/es\/articles\/periodistas-latinoamericanos-tejen-puentes-durante-el-v-congreso-internacional-de-periodismo-de-migraciones-y-desarrollo-en-espana\/","url":"https:\/\/latamjournalismreview.org\/es\/articles\/periodistas-latinoamericanos-tejen-puentes-durante-el-v-congreso-internacional-de-periodismo-de-migraciones-y-desarrollo-en-espana\/","name":"Periodistas latinoamericanos tejen puentes durante el V Congreso Internacional de Periodismo de Migraciones y Desarrollo en Espa\u00f1a - LatAm Journalism Review","isPartOf":{"@id":"https:\/\/latamjournalismreview.org\/es\/#website"},"primaryImageOfPage":{"@id":"https:\/\/latamjournalismreview.org\/es\/articles\/periodistas-latinoamericanos-tejen-puentes-durante-el-v-congreso-internacional-de-periodismo-de-migraciones-y-desarrollo-en-espana\/#primaryimage"},"image":{"@id":"https:\/\/latamjournalismreview.org\/es\/articles\/periodistas-latinoamericanos-tejen-puentes-durante-el-v-congreso-internacional-de-periodismo-de-migraciones-y-desarrollo-en-espana\/#primaryimage"},"thumbnailUrl":"https:\/\/latamjournalismreview.org\/wp-content\/uploads\/2022\/10\/FeaturedMigraciones.png","datePublished":"2022-10-12T11:06:39+00:00","dateModified":"2022-10-12T16:27:20+00:00","description":"Periodistas latinoamericanos tejen puentes durante el V Congreso Internacional de Periodismo de Migraciones y Desarrollo en Espa\u00f1a Colaboraci\u00f3n. Latin American Journalism Review by The Knight Center at The University of Texas at Austin.","breadcrumb":{"@id":"https:\/\/latamjournalismreview.org\/es\/articles\/periodistas-latinoamericanos-tejen-puentes-durante-el-v-congreso-internacional-de-periodismo-de-migraciones-y-desarrollo-en-espana\/#breadcrumb"},"inLanguage":"es","potentialAction":[{"@type":"ReadAction","target":["https:\/\/latamjournalismreview.org\/es\/articles\/periodistas-latinoamericanos-tejen-puentes-durante-el-v-congreso-internacional-de-periodismo-de-migraciones-y-desarrollo-en-espana\/"]}]},{"@type":"ImageObject","inLanguage":"es","@id":"https:\/\/latamjournalismreview.org\/es\/articles\/periodistas-latinoamericanos-tejen-puentes-durante-el-v-congreso-internacional-de-periodismo-de-migraciones-y-desarrollo-en-espana\/#primaryimage","url":"https:\/\/latamjournalismreview.org\/wp-content\/uploads\/2022\/10\/FeaturedMigraciones.png","contentUrl":"https:\/\/latamjournalismreview.org\/wp-content\/uploads\/2022\/10\/FeaturedMigraciones.png","width":507,"height":340,"caption":"A map with arrows indicating migratory movement and images of journalists covering"},{"@type":"BreadcrumbList","@id":"https:\/\/latamjournalismreview.org\/es\/articles\/periodistas-latinoamericanos-tejen-puentes-durante-el-v-congreso-internacional-de-periodismo-de-migraciones-y-desarrollo-en-espana\/#breadcrumb","itemListElement":[{"@type":"ListItem","position":1,"name":"Home","item":"https:\/\/latamjournalismreview.org\/es\/"},{"@type":"ListItem","position":2,"name":"Periodistas latinoamericanos tejen puentes durante el V Congreso Internacional de Periodismo de Migraciones y Desarrollo en Espa\u00f1a"}]},{"@type":"WebSite","@id":"https:\/\/latamjournalismreview.org\/es\/#website","url":"https:\/\/latamjournalismreview.org\/es\/","name":"LatAm Journalism Review","description":"Knight Center at The University of Texas","publisher":{"@id":"https:\/\/latamjournalismreview.org\/es\/#organization"},"potentialAction":[{"@type":"SearchAction","target":{"@type":"EntryPoint","urlTemplate":"https:\/\/latamjournalismreview.org\/es\/?s={search_term_string}"},"query-input":{"@type":"PropertyValueSpecification","valueRequired":true,"valueName":"search_term_string"}}],"inLanguage":"es"},{"@type":"Organization","@id":"https:\/\/latamjournalismreview.org\/es\/#organization","name":"LatAm Journalism Review","url":"https:\/\/latamjournalismreview.org\/es\/","logo":{"@type":"ImageObject","inLanguage":"es","@id":"https:\/\/latamjournalismreview.org\/es\/#\/schema\/logo\/image\/","url":"https:\/\/latamjournalismreview.org\/wp-content\/uploads\/2020\/05\/knight-latAm-review-logo.svg","contentUrl":"https:\/\/latamjournalismreview.org\/wp-content\/uploads\/2020\/05\/knight-latAm-review-logo.svg","width":"1024","height":"1024","caption":"LatAm Journalism Review"},"image":{"@id":"https:\/\/latamjournalismreview.org\/es\/#\/schema\/logo\/image\/"},"sameAs":["https:\/\/x.com\/LatAmJournalism"]},{"@type":"Person","@id":"https:\/\/latamjournalismreview.org\/es\/#\/schema\/person\/35fb0fc8541711528b3683cd6bf42190","name":"Katherine Pennacchio","description":"Katherine Pennacchio is a Venezuelan journalist with a master's degree in Investigative, Data and Visualization Journalism from Unidad Editorial and the Rey Juan Carlos University of Madrid. Katherine is passionate about data analysis and currently works as a freelancer. ____ Katherine Pennacchio es una periodista venezolana con una maestr\u00eda en Periodismo de Investigaci\u00f3n, Datos y Visualizaci\u00f3n de la Unidad Editorial y la Universidad Rey Juan Carlos de Madrid. Katherine es una apasionada del an\u00e1lisis de datos y actualmente trabaja como independiente.","sameAs":["https:\/\/x.com\/kathypennacchio"],"url":"https:\/\/latamjournalismreview.org\/es\/articles\/author\/katherine-pennacchio\/"}]}},"_links":{"self":[{"href":"https:\/\/latamjournalismreview.org\/es\/wp-json\/wp\/v2\/posts\/68859","targetHints":{"allow":["GET"]}}],"collection":[{"href":"https:\/\/latamjournalismreview.org\/es\/wp-json\/wp\/v2\/posts"}],"about":[{"href":"https:\/\/latamjournalismreview.org\/es\/wp-json\/wp\/v2\/types\/post"}],"author":[{"embeddable":true,"href":"https:\/\/latamjournalismreview.org\/es\/wp-json\/wp\/v2\/users\/36"}],"replies":[{"embeddable":true,"href":"https:\/\/latamjournalismreview.org\/es\/wp-json\/wp\/v2\/comments?post=68859"}],"version-history":[{"count":4,"href":"https:\/\/latamjournalismreview.org\/es\/wp-json\/wp\/v2\/posts\/68859\/revisions"}],"predecessor-version":[{"id":68891,"href":"https:\/\/latamjournalismreview.org\/es\/wp-json\/wp\/v2\/posts\/68859\/revisions\/68891"}],"wp:featuredmedia":[{"embeddable":true,"href":"https:\/\/latamjournalismreview.org\/es\/wp-json\/wp\/v2\/media\/68863"}],"wp:attachment":[{"href":"https:\/\/latamjournalismreview.org\/es\/wp-json\/wp\/v2\/media?parent=68859"}],"wp:term":[{"taxonomy":"category","embeddable":true,"href":"https:\/\/latamjournalismreview.org\/es\/wp-json\/wp\/v2\/categories?post=68859"},{"taxonomy":"post_tag","embeddable":true,"href":"https:\/\/latamjournalismreview.org\/es\/wp-json\/wp\/v2\/tags?post=68859"},{"taxonomy":"author","embeddable":true,"href":"https:\/\/latamjournalismreview.org\/es\/wp-json\/wp\/v2\/coauthors?post=68859"}],"curies":[{"name":"wp","href":"https:\/\/api.w.org\/{rel}","templated":true}]}}