{"id":69024,"date":"2022-10-18T16:02:57","date_gmt":"2022-10-18T21:02:57","guid":{"rendered":"https:\/\/latamjournalismreview.org\/?p=69024"},"modified":"2022-10-18T21:41:49","modified_gmt":"2022-10-19T02:41:49","slug":"nueva-generacion-de-periodistas-latinoamericanos-recibe-premio-por-su-liderazgo-e-impacto-social","status":"publish","type":"post","link":"https:\/\/latamjournalismreview.org\/es\/articles\/nueva-generacion-de-periodistas-latinoamericanos-recibe-premio-por-su-liderazgo-e-impacto-social\/","title":{"rendered":"Nueva generaci\u00f3n de periodistas latinoamericanos recibe premio por su liderazgo e impacto social"},"content":{"rendered":"<p><span style=\"font-weight: 400;\">La nueva generaci\u00f3n de periodistas<\/span><i><span style=\"font-weight: 400;\"> rock stars;<\/span><\/i><span style=\"font-weight: 400;\"> as\u00ed fueron presentados\u00a0 los ganadores del Premio de Periodista del A\u00f1o 2022, otorgado por la organizaci\u00f3n <\/span><i><span style=\"font-weight: 400;\">One Young World<\/span><\/i><span style=\"font-weight: 400;\">, durante una ceremonia en Manchester, Reino Unido, el pasado mes de septiembre.<\/span><\/p>\n<p><span style=\"font-weight: 400;\">Esta organizaci\u00f3n, con sede en Reino Unido, re\u00fane a j\u00f3venes l\u00edderes de todo el mundo para desarrollar soluciones a los problemas sociales, sin importar el sector en que se desenvuelven. Este premio, creado en 2020, busca honrar a cinco j\u00f3venes l\u00edderes que hayan tenido un impacto social positivo por su trabajo y que hayan cambiado la forma en que se informan las historias empoderando a otros.\u00a0<\/span><\/p>\n<p><span style=\"font-weight: 400;\">\u201cFui afortunado cuando me pidieron ser uno de los jueces. El contenido de la gente que vimos fue asombroso y notable, y las cinco personas que ven en el escenario han vencido a periodistas incre\u00edbles de todo el mundo. Y sabemos lo importante que es el periodismo poderoso, independiente y basado en la verdad\u201d, dijo Kamal Amhed, editor en jefe y cofundador de <\/span><a href=\"https:\/\/thenewsmovement.com\/\" target=\"_blank\" rel=\"noopener\"><span style=\"font-weight: 400;\">The News Movement<\/span><\/a><span style=\"font-weight: 400;\">.<\/span><\/p>\n<div id=\"attachment_69025\" style=\"width: 460px\" class=\"wp-caption alignleft\"><img loading=\"lazy\" decoding=\"async\" aria-describedby=\"caption-attachment-69025\" class=\"wp-image-69025\" src=\"https:\/\/latamjournalismreview.org\/wp-content\/uploads\/2022\/10\/GanadoresOywceremonia-300x200.jpg\" alt=\"eight people in a stage and smiling for a picture\" width=\"450\" height=\"300\" srcset=\"https:\/\/latamjournalismreview.org\/wp-content\/uploads\/2022\/10\/GanadoresOywceremonia-300x200.jpg 300w, https:\/\/latamjournalismreview.org\/wp-content\/uploads\/2022\/10\/GanadoresOywceremonia-1024x683.jpg 1024w, https:\/\/latamjournalismreview.org\/wp-content\/uploads\/2022\/10\/GanadoresOywceremonia-768x512.jpg 768w, https:\/\/latamjournalismreview.org\/wp-content\/uploads\/2022\/10\/GanadoresOywceremonia-1536x1024.jpg 1536w, https:\/\/latamjournalismreview.org\/wp-content\/uploads\/2022\/10\/GanadoresOywceremonia-2048x1366.jpg 2048w, https:\/\/latamjournalismreview.org\/wp-content\/uploads\/2022\/10\/GanadoresOywceremonia-350x234.jpg 350w\" sizes=\"auto, (max-width: 450px) 100vw, 450px\" \/><p id=\"caption-attachment-69025\" class=\"wp-caption-text\">Los cinco ganadores del Premio de Periodista del A\u00f1o 2022 de One Young World, junto al periodista brit\u00e1nico Kamal Amhed, y presentadores del evento. (Foto: Cortes\u00eda)<\/p><\/div>\n<p><span style=\"font-weight: 400;\">Dos de los cinco periodistas que recibieron el premio este a\u00f1o son latinoamericanos: Daniel Villatoro de Guatemala y Mar\u00eda Paulina Baena de Colombia. Villatoro coordina la Iniciativa Latinoamericana de periodismo LGBT+ de la Fundaci\u00f3n Internacional de las Mujeres en los Medios (<\/span><a href=\"https:\/\/iwmf.com\/\" target=\"_blank\" rel=\"noopener\"><span style=\"font-weight: 400;\">IWMF<\/span><\/a><span style=\"font-weight: 400;\">, por sus siglas en ingl\u00e9s) y sus\u00a0 \u00e1reas de trabajo han sido las narrativas, los datos abiertos y la innovaci\u00f3n social, adem\u00e1s de la discriminaci\u00f3n basada en orientaci\u00f3n sexual. Por su parte, Baena trabaja para <\/span><a href=\"https:\/\/www.elespectador.com\/\" target=\"_blank\" rel=\"noopener\"><span style=\"font-weight: 400;\">El Espectador<\/span><\/a><span style=\"font-weight: 400;\">, el peri\u00f3dico m\u00e1s antiguo de Colombia, siendo una de las creadoras, guionistas y presentadoras de la popular videocolumna sat\u00edrica que acerca las noticias al p\u00fablico joven,<\/span>\u00a0<a href=\"https:\/\/www.youtube.com\/c\/LaPulla\" target=\"_blank\" rel=\"noopener\"><span style=\"font-weight: 400;\">La Pulla<\/span><\/a><span style=\"font-weight: 400;\">.<\/span><\/p>\n<p><span style=\"font-weight: 400;\">Desde <strong>LatAm Journalism Review (LJR)<\/strong><\/span><span style=\"font-weight: 400;\">\u00a0se entrevist\u00f3 a estos periodistas para conocer sus impresiones sobre el premio, c\u00f3mo es hacer periodismo desde Latinoam\u00e9rica y cu\u00e1l es la situaci\u00f3n actual de cada uno de sus pa\u00edses.\u00a0<\/span><\/p>\n<h3><span style=\"font-weight: 400;\">Celebrando el esp\u00edritu joven e innovador<\/span><\/h3>\n<p><span style=\"font-weight: 400;\">El panel de jueces encargados de elegir a los ganadores del Premio de Periodista del A\u00f1o en <\/span><i><span style=\"font-weight: 400;\">One Young World<\/span><\/i><span style=\"font-weight: 400;\"> estuvo conformado por personas de renombre ligados a los medios de comunicaci\u00f3n. El periodista brit\u00e1nico Kamal Ahmed; Biz Stone, cofundador de Twitter; James Chau, presentador de The China Current; Lagipoiva Cherelle Jackson, periodista de las Islas del Pac\u00edfico; Stephanie Busari, periodista nigeriana; e Ilia Calder\u00f3n, ancla de Univisi\u00f3n y \u00fanica latina del grupo.\u00a0<\/span><\/p>\n<p><span style=\"font-weight: 400;\">\u201cEllos buscan a personas que hayan tenido un impacto social y no necesariamente que hayan hecho una pieza investigativa en particular. Primero hubo una selecci\u00f3n m\u00e1s grande y luego un <\/span><i><span style=\"font-weight: 400;\">shortlist <\/span><\/i><span style=\"font-weight: 400;\">de 15 periodistas\u201d, cont\u00f3 Villatoro a <strong>LJR<\/strong>. <\/span><span style=\"font-weight: 400;\">\u201cCreo que en la decisi\u00f3n de mi premio pudieron influir los programas de entrenamiento que he hecho (tanto con la IWMF y el <\/span><a href=\"https:\/\/knightcenter.utexas.edu\/es\/postule-al-nuevo-curso-en-espanol-sobre-cobertura-periodistica-con-perspectiva-de-genero\/\" target=\"_blank\" rel=\"noopener\"><span style=\"font-weight: 400;\">Centro Knight<\/span><\/a><span style=\"font-weight: 400;\">) que han tenido mucho alcance. As\u00ed como el movimiento de la agenda de diversidad, el mover la agenda de diversidad en Am\u00e9rica Latina\u201d, agreg\u00f3 el periodista.\u00a0<\/span><\/p>\n<p><span style=\"font-weight: 400;\">En la lista previa de 15 candidatos hab\u00eda periodistas de todas partes del mundo: Inglaterra, Nueva Zelanda, Afganist\u00e1n, Kenia, etc.<\/span><\/p>\n<div id=\"attachment_69029\" style=\"width: 410px\" class=\"wp-caption alignright\"><img loading=\"lazy\" decoding=\"async\" aria-describedby=\"caption-attachment-69029\" class=\"wp-image-69029\" src=\"https:\/\/latamjournalismreview.org\/wp-content\/uploads\/2022\/10\/MariaPaulinaduranteceremoniapremio-300x200.jpg\" alt=\"blonde girl speaks from a lectern on a stage\" width=\"400\" height=\"267\" srcset=\"https:\/\/latamjournalismreview.org\/wp-content\/uploads\/2022\/10\/MariaPaulinaduranteceremoniapremio-300x200.jpg 300w, https:\/\/latamjournalismreview.org\/wp-content\/uploads\/2022\/10\/MariaPaulinaduranteceremoniapremio-1024x683.jpg 1024w, https:\/\/latamjournalismreview.org\/wp-content\/uploads\/2022\/10\/MariaPaulinaduranteceremoniapremio-768x512.jpg 768w, https:\/\/latamjournalismreview.org\/wp-content\/uploads\/2022\/10\/MariaPaulinaduranteceremoniapremio-1536x1024.jpg 1536w, https:\/\/latamjournalismreview.org\/wp-content\/uploads\/2022\/10\/MariaPaulinaduranteceremoniapremio-2048x1366.jpg 2048w, https:\/\/latamjournalismreview.org\/wp-content\/uploads\/2022\/10\/MariaPaulinaduranteceremoniapremio-507x340.jpg 507w, https:\/\/latamjournalismreview.org\/wp-content\/uploads\/2022\/10\/MariaPaulinaduranteceremoniapremio-350x234.jpg 350w\" sizes=\"auto, (max-width: 400px) 100vw, 400px\" \/><p id=\"caption-attachment-69029\" class=\"wp-caption-text\">La periodista colombiana Mar\u00eda Paulina Baena recibiendo el galard\u00f3n, en Machester, Reino Unido, como Periodista del A\u00f1o 2022 de One Young World. (Foto: Cortes\u00eda)<\/p><\/div>\n<p><span style=\"font-weight: 400;\">\u201cA m\u00ed me motivaron a presentar un curr\u00edculo, un perfil corto, y enviarlo a Londres porque me dijeron que ten\u00eda chance de estar entre los elegidos, pero nunca me imagin\u00e9 que iba a quedar entre los cinco\u201d, explic\u00f3 Baena a <strong>LJR<\/strong>.<\/span><\/p>\n<p><span style=\"font-weight: 400;\">Usualmente los reconocimientos que exaltan la trayectoria de un periodista, se reciben a una avanzada edad o luego de muchos a\u00f1os de experiencia. All\u00ed radica la particularidad de este premio que reconoce y celebra el liderazgo y trabajo period\u00edstico de menores de 35 a\u00f1os.\u00a0<\/span><\/p>\n<p><span style=\"font-weight: 400;\">\u201cPremios como estos son un ejemplo para otros j\u00f3venes que quieren cambiar las cosas, porque si consigues mucha resistencia en el ecosistema desde temprana edad puedes perder ese esp\u00edritu joven e innovador\u201d, dijo Villatoro. \u201cEste premio me permiti\u00f3 reflexionar mucho sobre las decisiones de carrera que he tomado y de lo que he aprendido de mis editores\u201d.\u00a0<\/span><\/p>\n<h3><span style=\"font-weight: 400;\">\u201cAm\u00e9rica Latina es un laboratorio no solo de conflicto, sino de periodismo\u201d<\/span><\/h3>\n<p><span style=\"font-weight: 400;\">Es la primera vez que se le otorga este premio a alg\u00fan periodista de Latinoam\u00e9rica. Los otros tres periodistas ganadores del premio este a\u00f1o son de Jap\u00f3n, Reino Unido y Afganist\u00e1n, pa\u00edses con conflictos y realidades muy diferentes a Am\u00e9rica Latina.<\/span><\/p>\n<p><span style=\"font-weight: 400;\">Para Baena, en Am\u00e9rica Latina hay muchas amenazas para periodistas y l\u00edderes de opini\u00f3n. Y, aunque hacer periodismo sigue siendo un gran reto, es necesario para sacar la violencia de la regi\u00f3n a la luz. \u201cAm\u00e9rica Latina es un laboratorio no solo de conflicto sino de periodismo y de que hay que insistir en que se siga haciendo buen periodismo para que esas l\u00f3gicas se empiecen a invertir y para que el periodismo cumpla, de verdad, una funci\u00f3n social. No solo informativa sino para hacer mejores ciudadanos, m\u00e1s cr\u00edticos y comprometidos por la paz\u201d, dijo la periodista colombiana.\u00a0<\/span><\/p>\n<div id=\"attachment_69032\" style=\"width: 410px\" class=\"wp-caption alignleft\"><img loading=\"lazy\" decoding=\"async\" aria-describedby=\"caption-attachment-69032\" class=\"wp-image-69032\" src=\"https:\/\/latamjournalismreview.org\/wp-content\/uploads\/2022\/10\/DanielVillatoroenceremoniapremio-300x200.jpg\" alt=\"a young man wearing a gray jacket speaking from a stage\" width=\"400\" height=\"267\" srcset=\"https:\/\/latamjournalismreview.org\/wp-content\/uploads\/2022\/10\/DanielVillatoroenceremoniapremio-300x200.jpg 300w, https:\/\/latamjournalismreview.org\/wp-content\/uploads\/2022\/10\/DanielVillatoroenceremoniapremio-1024x683.jpg 1024w, https:\/\/latamjournalismreview.org\/wp-content\/uploads\/2022\/10\/DanielVillatoroenceremoniapremio-768x512.jpg 768w, https:\/\/latamjournalismreview.org\/wp-content\/uploads\/2022\/10\/DanielVillatoroenceremoniapremio-1536x1024.jpg 1536w, https:\/\/latamjournalismreview.org\/wp-content\/uploads\/2022\/10\/DanielVillatoroenceremoniapremio-2048x1366.jpg 2048w, https:\/\/latamjournalismreview.org\/wp-content\/uploads\/2022\/10\/DanielVillatoroenceremoniapremio-507x340.jpg 507w, https:\/\/latamjournalismreview.org\/wp-content\/uploads\/2022\/10\/DanielVillatoroenceremoniapremio-350x234.jpg 350w\" sizes=\"auto, (max-width: 400px) 100vw, 400px\" \/><p id=\"caption-attachment-69032\" class=\"wp-caption-text\">\u201cEste premio me permiti\u00f3 reflexionar mucho sobre las decisiones de carrera que he tomado y\u00a0 lo que he aprendido de mis editores\u201d, dijo el periodista guatemalteco Daniel Villatoro a LJR sobre su premio como Periodista del A\u00f1o 2022, otorgado por One Young World. (Foto: Cortes\u00eda).<\/p><\/div>\n<p><span style=\"font-weight: 400;\">En cuanto a Villatoro, el periodista asegura que haber recibido el premio se debe mucho a su trabajo con la comunidad LGBT+, pero m\u00e1s a realizarlo desde Guatemala. Esto debido a las dificultades propias del pa\u00eds y las m\u00ednimas garant\u00edas sociales que tienen.<\/span><\/p>\n<p><span style=\"font-weight: 400;\">\u201cEn otros entornos, el LGBT+ tiene algunas conquistas pol\u00edticas. En cambio, en Guatemala, las \u00fanicas conquistas son narrativas y culturales, lo pol\u00edtico no ha garantizado un piso pol\u00edtico importante\u201d, dijo Villatoro.<\/span><\/p>\n<p><span style=\"font-weight: 400;\">\u00a0A\u00fan as\u00ed, el estar en Latinoam\u00e9rica tiene sus ventajas. \u201cEn ciertos lugares no hay una percepci\u00f3n de regionalidad tan fuerte como en Am\u00e9rica Latina. Hay un tema cultural de la percepci\u00f3n de Am\u00e9rica Latina como un espacio integrado\u201d, dijo el periodista guatemalteco. \u201cLa red de Am\u00e9rica Latina siempre est\u00e1 conectada y sincronizada y hay una propuesta colaborativa de funcionamiento en el periodismo de la regi\u00f3n\u201d.<\/span><\/p>\n","protected":false},"excerpt":{"rendered":"<p>La organizaci\u00f3n One Young World premi\u00f3 a Daniel Villatoro de Guatemala y Mar\u00eda Paulina Baena de Colombia con el galard\u00f3n Periodistas del A\u00f1o 2022. LJR entrevist\u00f3 a ambos periodistas para conocer sus impresiones sobre el premio, c\u00f3mo es hacer periodismo desde Latinoam\u00e9rica y cu\u00e1l es la situaci\u00f3n actual de sus pa\u00edses. <\/p>\n","protected":false},"author":36,"featured_media":69038,"comment_status":"closed","ping_status":"closed","sticky":false,"template":"","format":"standard","meta":{"inline_featured_image":false,"footnotes":""},"categories":[1354],"tags":[],"coauthors":[],"class_list":["post-69024","post","type-post","status-publish","format-standard","has-post-thumbnail","hentry","category-premios-y-oportunidades-es"],"acf":[],"yoast_head":"<!-- This site is optimized with the Yoast SEO Premium plugin v22.6 (Yoast SEO v27.4) - https:\/\/yoast.com\/product\/yoast-seo-premium-wordpress\/ -->\n<title>Nueva generaci\u00f3n de periodistas latinoamericanos recibe premio por su liderazgo e impacto social - LatAm Journalism Review<\/title>\n<meta name=\"description\" content=\"Nueva generaci\u00f3n de periodistas latinoamericanos recibe premio por su liderazgo e impacto social Premios y oportunidades. Latin American Journalism Review by The Knight Center at The University of Texas at Austin.\" \/>\n<meta name=\"robots\" content=\"index, follow, max-snippet:-1, max-image-preview:large, max-video-preview:-1\" \/>\n<link rel=\"canonical\" href=\"https:\/\/latamjournalismreview.org\/es\/articles\/nueva-generacion-de-periodistas-latinoamericanos-recibe-premio-por-su-liderazgo-e-impacto-social\/\" \/>\n<meta property=\"og:locale\" content=\"es_ES\" \/>\n<meta property=\"og:type\" content=\"article\" \/>\n<meta property=\"og:title\" content=\"Nueva generaci\u00f3n de periodistas latinoamericanos recibe premio por su liderazgo e impacto social\" \/>\n<meta property=\"og:description\" content=\"Nueva generaci\u00f3n de periodistas latinoamericanos recibe premio por su liderazgo e impacto social Premios y oportunidades. Latin American Journalism Review by The Knight Center at The University of Texas at Austin.\" \/>\n<meta property=\"og:url\" content=\"https:\/\/latamjournalismreview.org\/es\/articles\/nueva-generacion-de-periodistas-latinoamericanos-recibe-premio-por-su-liderazgo-e-impacto-social\/\" \/>\n<meta property=\"og:site_name\" content=\"LatAm Journalism Review\" \/>\n<meta property=\"article:published_time\" content=\"2022-10-18T21:02:57+00:00\" \/>\n<meta property=\"article:modified_time\" content=\"2022-10-19T02:41:49+00:00\" \/>\n<meta property=\"og:image\" content=\"https:\/\/latamjournalismreview.org\/wp-content\/uploads\/2022\/10\/FeatureOYWawards.png\" \/>\n\t<meta property=\"og:image:width\" content=\"507\" \/>\n\t<meta property=\"og:image:height\" content=\"340\" \/>\n\t<meta property=\"og:image:type\" content=\"image\/png\" \/>\n<meta name=\"author\" content=\"Katherine Pennacchio\" \/>\n<meta name=\"twitter:card\" content=\"summary_large_image\" \/>\n<meta name=\"twitter:creator\" content=\"@kathypennacchio\" \/>\n<meta name=\"twitter:site\" content=\"@LatAmJournalism\" \/>\n<meta name=\"twitter:label1\" content=\"Written by\" \/>\n\t<meta name=\"twitter:data1\" content=\"Katherine Pennacchio\" \/>\n\t<meta name=\"twitter:label2\" content=\"Est. reading time\" \/>\n\t<meta name=\"twitter:data2\" content=\"6 minutos\" \/>\n<script type=\"application\/ld+json\" class=\"yoast-schema-graph\">{\"@context\":\"https:\\\/\\\/schema.org\",\"@graph\":[{\"@type\":\"Article\",\"@id\":\"https:\\\/\\\/latamjournalismreview.org\\\/es\\\/articles\\\/nueva-generacion-de-periodistas-latinoamericanos-recibe-premio-por-su-liderazgo-e-impacto-social\\\/#article\",\"isPartOf\":{\"@id\":\"https:\\\/\\\/latamjournalismreview.org\\\/es\\\/articles\\\/nueva-generacion-de-periodistas-latinoamericanos-recibe-premio-por-su-liderazgo-e-impacto-social\\\/\"},\"author\":{\"name\":\"Katherine Pennacchio\",\"@id\":\"https:\\\/\\\/latamjournalismreview.org\\\/es\\\/#\\\/schema\\\/person\\\/35fb0fc8541711528b3683cd6bf42190\"},\"headline\":\"Nueva generaci\u00f3n de periodistas latinoamericanos recibe premio por su liderazgo e impacto social\",\"datePublished\":\"2022-10-18T21:02:57+00:00\",\"dateModified\":\"2022-10-19T02:41:49+00:00\",\"mainEntityOfPage\":{\"@id\":\"https:\\\/\\\/latamjournalismreview.org\\\/es\\\/articles\\\/nueva-generacion-de-periodistas-latinoamericanos-recibe-premio-por-su-liderazgo-e-impacto-social\\\/\"},\"wordCount\":1142,\"publisher\":{\"@id\":\"https:\\\/\\\/latamjournalismreview.org\\\/es\\\/#organization\"},\"image\":{\"@id\":\"https:\\\/\\\/latamjournalismreview.org\\\/es\\\/articles\\\/nueva-generacion-de-periodistas-latinoamericanos-recibe-premio-por-su-liderazgo-e-impacto-social\\\/#primaryimage\"},\"thumbnailUrl\":\"https:\\\/\\\/latamjournalismreview.org\\\/wp-content\\\/uploads\\\/2022\\\/10\\\/FeatureOYWawards.png\",\"articleSection\":[\"Premios y oportunidades\"],\"inLanguage\":\"es\"},{\"@type\":\"WebPage\",\"@id\":\"https:\\\/\\\/latamjournalismreview.org\\\/es\\\/articles\\\/nueva-generacion-de-periodistas-latinoamericanos-recibe-premio-por-su-liderazgo-e-impacto-social\\\/\",\"url\":\"https:\\\/\\\/latamjournalismreview.org\\\/es\\\/articles\\\/nueva-generacion-de-periodistas-latinoamericanos-recibe-premio-por-su-liderazgo-e-impacto-social\\\/\",\"name\":\"Nueva generaci\u00f3n de periodistas latinoamericanos recibe premio por su liderazgo e impacto social - LatAm Journalism Review\",\"isPartOf\":{\"@id\":\"https:\\\/\\\/latamjournalismreview.org\\\/es\\\/#website\"},\"primaryImageOfPage\":{\"@id\":\"https:\\\/\\\/latamjournalismreview.org\\\/es\\\/articles\\\/nueva-generacion-de-periodistas-latinoamericanos-recibe-premio-por-su-liderazgo-e-impacto-social\\\/#primaryimage\"},\"image\":{\"@id\":\"https:\\\/\\\/latamjournalismreview.org\\\/es\\\/articles\\\/nueva-generacion-de-periodistas-latinoamericanos-recibe-premio-por-su-liderazgo-e-impacto-social\\\/#primaryimage\"},\"thumbnailUrl\":\"https:\\\/\\\/latamjournalismreview.org\\\/wp-content\\\/uploads\\\/2022\\\/10\\\/FeatureOYWawards.png\",\"datePublished\":\"2022-10-18T21:02:57+00:00\",\"dateModified\":\"2022-10-19T02:41:49+00:00\",\"description\":\"Nueva generaci\u00f3n de periodistas latinoamericanos recibe premio por su liderazgo e impacto social Premios y oportunidades. Latin American Journalism Review by The Knight Center at The University of Texas at Austin.\",\"breadcrumb\":{\"@id\":\"https:\\\/\\\/latamjournalismreview.org\\\/es\\\/articles\\\/nueva-generacion-de-periodistas-latinoamericanos-recibe-premio-por-su-liderazgo-e-impacto-social\\\/#breadcrumb\"},\"inLanguage\":\"es\",\"potentialAction\":[{\"@type\":\"ReadAction\",\"target\":[\"https:\\\/\\\/latamjournalismreview.org\\\/es\\\/articles\\\/nueva-generacion-de-periodistas-latinoamericanos-recibe-premio-por-su-liderazgo-e-impacto-social\\\/\"]}]},{\"@type\":\"ImageObject\",\"inLanguage\":\"es\",\"@id\":\"https:\\\/\\\/latamjournalismreview.org\\\/es\\\/articles\\\/nueva-generacion-de-periodistas-latinoamericanos-recibe-premio-por-su-liderazgo-e-impacto-social\\\/#primaryimage\",\"url\":\"https:\\\/\\\/latamjournalismreview.org\\\/wp-content\\\/uploads\\\/2022\\\/10\\\/FeatureOYWawards.png\",\"contentUrl\":\"https:\\\/\\\/latamjournalismreview.org\\\/wp-content\\\/uploads\\\/2022\\\/10\\\/FeatureOYWawards.png\",\"width\":507,\"height\":340},{\"@type\":\"BreadcrumbList\",\"@id\":\"https:\\\/\\\/latamjournalismreview.org\\\/es\\\/articles\\\/nueva-generacion-de-periodistas-latinoamericanos-recibe-premio-por-su-liderazgo-e-impacto-social\\\/#breadcrumb\",\"itemListElement\":[{\"@type\":\"ListItem\",\"position\":1,\"name\":\"Home\",\"item\":\"https:\\\/\\\/latamjournalismreview.org\\\/es\\\/\"},{\"@type\":\"ListItem\",\"position\":2,\"name\":\"Nueva generaci\u00f3n de periodistas latinoamericanos recibe premio por su liderazgo e impacto social\"}]},{\"@type\":\"WebSite\",\"@id\":\"https:\\\/\\\/latamjournalismreview.org\\\/es\\\/#website\",\"url\":\"https:\\\/\\\/latamjournalismreview.org\\\/es\\\/\",\"name\":\"LatAm Journalism Review\",\"description\":\"Knight Center at The University of Texas\",\"publisher\":{\"@id\":\"https:\\\/\\\/latamjournalismreview.org\\\/es\\\/#organization\"},\"potentialAction\":[{\"@type\":\"SearchAction\",\"target\":{\"@type\":\"EntryPoint\",\"urlTemplate\":\"https:\\\/\\\/latamjournalismreview.org\\\/es\\\/?s={search_term_string}\"},\"query-input\":{\"@type\":\"PropertyValueSpecification\",\"valueRequired\":true,\"valueName\":\"search_term_string\"}}],\"inLanguage\":\"es\"},{\"@type\":\"Organization\",\"@id\":\"https:\\\/\\\/latamjournalismreview.org\\\/es\\\/#organization\",\"name\":\"LatAm Journalism Review\",\"url\":\"https:\\\/\\\/latamjournalismreview.org\\\/es\\\/\",\"logo\":{\"@type\":\"ImageObject\",\"inLanguage\":\"es\",\"@id\":\"https:\\\/\\\/latamjournalismreview.org\\\/es\\\/#\\\/schema\\\/logo\\\/image\\\/\",\"url\":\"https:\\\/\\\/latamjournalismreview.org\\\/wp-content\\\/uploads\\\/2020\\\/05\\\/knight-latAm-review-logo.svg\",\"contentUrl\":\"https:\\\/\\\/latamjournalismreview.org\\\/wp-content\\\/uploads\\\/2020\\\/05\\\/knight-latAm-review-logo.svg\",\"width\":\"1024\",\"height\":\"1024\",\"caption\":\"LatAm Journalism Review\"},\"image\":{\"@id\":\"https:\\\/\\\/latamjournalismreview.org\\\/es\\\/#\\\/schema\\\/logo\\\/image\\\/\"},\"sameAs\":[\"https:\\\/\\\/x.com\\\/LatAmJournalism\"]},{\"@type\":\"Person\",\"@id\":\"https:\\\/\\\/latamjournalismreview.org\\\/es\\\/#\\\/schema\\\/person\\\/35fb0fc8541711528b3683cd6bf42190\",\"name\":\"Katherine Pennacchio\",\"description\":\"Katherine Pennacchio is a Venezuelan journalist with a master's degree in Investigative, Data and Visualization Journalism from Unidad Editorial and the Rey Juan Carlos University of Madrid. Katherine is passionate about data analysis and currently works as a freelancer. ____ Katherine Pennacchio es una periodista venezolana con una maestr\u00eda en Periodismo de Investigaci\u00f3n, Datos y Visualizaci\u00f3n de la Unidad Editorial y la Universidad Rey Juan Carlos de Madrid. Katherine es una apasionada del an\u00e1lisis de datos y actualmente trabaja como independiente.\",\"sameAs\":[\"https:\\\/\\\/x.com\\\/kathypennacchio\"],\"url\":\"https:\\\/\\\/latamjournalismreview.org\\\/es\\\/articles\\\/author\\\/katherine-pennacchio\\\/\"}]}<\/script>\n<!-- \/ Yoast SEO Premium plugin. -->","yoast_head_json":{"title":"Nueva generaci\u00f3n de periodistas latinoamericanos recibe premio por su liderazgo e impacto social - LatAm Journalism Review","description":"Nueva generaci\u00f3n de periodistas latinoamericanos recibe premio por su liderazgo e impacto social Premios y oportunidades. Latin American Journalism Review by The Knight Center at The University of Texas at Austin.","robots":{"index":"index","follow":"follow","max-snippet":"max-snippet:-1","max-image-preview":"max-image-preview:large","max-video-preview":"max-video-preview:-1"},"canonical":"https:\/\/latamjournalismreview.org\/es\/articles\/nueva-generacion-de-periodistas-latinoamericanos-recibe-premio-por-su-liderazgo-e-impacto-social\/","og_locale":"es_ES","og_type":"article","og_title":"Nueva generaci\u00f3n de periodistas latinoamericanos recibe premio por su liderazgo e impacto social","og_description":"Nueva generaci\u00f3n de periodistas latinoamericanos recibe premio por su liderazgo e impacto social Premios y oportunidades. Latin American Journalism Review by The Knight Center at The University of Texas at Austin.","og_url":"https:\/\/latamjournalismreview.org\/es\/articles\/nueva-generacion-de-periodistas-latinoamericanos-recibe-premio-por-su-liderazgo-e-impacto-social\/","og_site_name":"LatAm Journalism Review","article_published_time":"2022-10-18T21:02:57+00:00","article_modified_time":"2022-10-19T02:41:49+00:00","og_image":[{"width":507,"height":340,"url":"https:\/\/latamjournalismreview.org\/wp-content\/uploads\/2022\/10\/FeatureOYWawards.png","type":"image\/png"}],"author":"Katherine Pennacchio","twitter_card":"summary_large_image","twitter_creator":"@kathypennacchio","twitter_site":"@LatAmJournalism","twitter_misc":{"Written by":"Katherine Pennacchio","Est. reading time":"6 minutos"},"schema":{"@context":"https:\/\/schema.org","@graph":[{"@type":"Article","@id":"https:\/\/latamjournalismreview.org\/es\/articles\/nueva-generacion-de-periodistas-latinoamericanos-recibe-premio-por-su-liderazgo-e-impacto-social\/#article","isPartOf":{"@id":"https:\/\/latamjournalismreview.org\/es\/articles\/nueva-generacion-de-periodistas-latinoamericanos-recibe-premio-por-su-liderazgo-e-impacto-social\/"},"author":{"name":"Katherine Pennacchio","@id":"https:\/\/latamjournalismreview.org\/es\/#\/schema\/person\/35fb0fc8541711528b3683cd6bf42190"},"headline":"Nueva generaci\u00f3n de periodistas latinoamericanos recibe premio por su liderazgo e impacto social","datePublished":"2022-10-18T21:02:57+00:00","dateModified":"2022-10-19T02:41:49+00:00","mainEntityOfPage":{"@id":"https:\/\/latamjournalismreview.org\/es\/articles\/nueva-generacion-de-periodistas-latinoamericanos-recibe-premio-por-su-liderazgo-e-impacto-social\/"},"wordCount":1142,"publisher":{"@id":"https:\/\/latamjournalismreview.org\/es\/#organization"},"image":{"@id":"https:\/\/latamjournalismreview.org\/es\/articles\/nueva-generacion-de-periodistas-latinoamericanos-recibe-premio-por-su-liderazgo-e-impacto-social\/#primaryimage"},"thumbnailUrl":"https:\/\/latamjournalismreview.org\/wp-content\/uploads\/2022\/10\/FeatureOYWawards.png","articleSection":["Premios y oportunidades"],"inLanguage":"es"},{"@type":"WebPage","@id":"https:\/\/latamjournalismreview.org\/es\/articles\/nueva-generacion-de-periodistas-latinoamericanos-recibe-premio-por-su-liderazgo-e-impacto-social\/","url":"https:\/\/latamjournalismreview.org\/es\/articles\/nueva-generacion-de-periodistas-latinoamericanos-recibe-premio-por-su-liderazgo-e-impacto-social\/","name":"Nueva generaci\u00f3n de periodistas latinoamericanos recibe premio por su liderazgo e impacto social - LatAm Journalism Review","isPartOf":{"@id":"https:\/\/latamjournalismreview.org\/es\/#website"},"primaryImageOfPage":{"@id":"https:\/\/latamjournalismreview.org\/es\/articles\/nueva-generacion-de-periodistas-latinoamericanos-recibe-premio-por-su-liderazgo-e-impacto-social\/#primaryimage"},"image":{"@id":"https:\/\/latamjournalismreview.org\/es\/articles\/nueva-generacion-de-periodistas-latinoamericanos-recibe-premio-por-su-liderazgo-e-impacto-social\/#primaryimage"},"thumbnailUrl":"https:\/\/latamjournalismreview.org\/wp-content\/uploads\/2022\/10\/FeatureOYWawards.png","datePublished":"2022-10-18T21:02:57+00:00","dateModified":"2022-10-19T02:41:49+00:00","description":"Nueva generaci\u00f3n de periodistas latinoamericanos recibe premio por su liderazgo e impacto social Premios y oportunidades. Latin American Journalism Review by The Knight Center at The University of Texas at Austin.","breadcrumb":{"@id":"https:\/\/latamjournalismreview.org\/es\/articles\/nueva-generacion-de-periodistas-latinoamericanos-recibe-premio-por-su-liderazgo-e-impacto-social\/#breadcrumb"},"inLanguage":"es","potentialAction":[{"@type":"ReadAction","target":["https:\/\/latamjournalismreview.org\/es\/articles\/nueva-generacion-de-periodistas-latinoamericanos-recibe-premio-por-su-liderazgo-e-impacto-social\/"]}]},{"@type":"ImageObject","inLanguage":"es","@id":"https:\/\/latamjournalismreview.org\/es\/articles\/nueva-generacion-de-periodistas-latinoamericanos-recibe-premio-por-su-liderazgo-e-impacto-social\/#primaryimage","url":"https:\/\/latamjournalismreview.org\/wp-content\/uploads\/2022\/10\/FeatureOYWawards.png","contentUrl":"https:\/\/latamjournalismreview.org\/wp-content\/uploads\/2022\/10\/FeatureOYWawards.png","width":507,"height":340},{"@type":"BreadcrumbList","@id":"https:\/\/latamjournalismreview.org\/es\/articles\/nueva-generacion-de-periodistas-latinoamericanos-recibe-premio-por-su-liderazgo-e-impacto-social\/#breadcrumb","itemListElement":[{"@type":"ListItem","position":1,"name":"Home","item":"https:\/\/latamjournalismreview.org\/es\/"},{"@type":"ListItem","position":2,"name":"Nueva generaci\u00f3n de periodistas latinoamericanos recibe premio por su liderazgo e impacto social"}]},{"@type":"WebSite","@id":"https:\/\/latamjournalismreview.org\/es\/#website","url":"https:\/\/latamjournalismreview.org\/es\/","name":"LatAm Journalism Review","description":"Knight Center at The University of Texas","publisher":{"@id":"https:\/\/latamjournalismreview.org\/es\/#organization"},"potentialAction":[{"@type":"SearchAction","target":{"@type":"EntryPoint","urlTemplate":"https:\/\/latamjournalismreview.org\/es\/?s={search_term_string}"},"query-input":{"@type":"PropertyValueSpecification","valueRequired":true,"valueName":"search_term_string"}}],"inLanguage":"es"},{"@type":"Organization","@id":"https:\/\/latamjournalismreview.org\/es\/#organization","name":"LatAm Journalism Review","url":"https:\/\/latamjournalismreview.org\/es\/","logo":{"@type":"ImageObject","inLanguage":"es","@id":"https:\/\/latamjournalismreview.org\/es\/#\/schema\/logo\/image\/","url":"https:\/\/latamjournalismreview.org\/wp-content\/uploads\/2020\/05\/knight-latAm-review-logo.svg","contentUrl":"https:\/\/latamjournalismreview.org\/wp-content\/uploads\/2020\/05\/knight-latAm-review-logo.svg","width":"1024","height":"1024","caption":"LatAm Journalism Review"},"image":{"@id":"https:\/\/latamjournalismreview.org\/es\/#\/schema\/logo\/image\/"},"sameAs":["https:\/\/x.com\/LatAmJournalism"]},{"@type":"Person","@id":"https:\/\/latamjournalismreview.org\/es\/#\/schema\/person\/35fb0fc8541711528b3683cd6bf42190","name":"Katherine Pennacchio","description":"Katherine Pennacchio is a Venezuelan journalist with a master's degree in Investigative, Data and Visualization Journalism from Unidad Editorial and the Rey Juan Carlos University of Madrid. Katherine is passionate about data analysis and currently works as a freelancer. ____ Katherine Pennacchio es una periodista venezolana con una maestr\u00eda en Periodismo de Investigaci\u00f3n, Datos y Visualizaci\u00f3n de la Unidad Editorial y la Universidad Rey Juan Carlos de Madrid. Katherine es una apasionada del an\u00e1lisis de datos y actualmente trabaja como independiente.","sameAs":["https:\/\/x.com\/kathypennacchio"],"url":"https:\/\/latamjournalismreview.org\/es\/articles\/author\/katherine-pennacchio\/"}]}},"_links":{"self":[{"href":"https:\/\/latamjournalismreview.org\/es\/wp-json\/wp\/v2\/posts\/69024","targetHints":{"allow":["GET"]}}],"collection":[{"href":"https:\/\/latamjournalismreview.org\/es\/wp-json\/wp\/v2\/posts"}],"about":[{"href":"https:\/\/latamjournalismreview.org\/es\/wp-json\/wp\/v2\/types\/post"}],"author":[{"embeddable":true,"href":"https:\/\/latamjournalismreview.org\/es\/wp-json\/wp\/v2\/users\/36"}],"replies":[{"embeddable":true,"href":"https:\/\/latamjournalismreview.org\/es\/wp-json\/wp\/v2\/comments?post=69024"}],"version-history":[{"count":3,"href":"https:\/\/latamjournalismreview.org\/es\/wp-json\/wp\/v2\/posts\/69024\/revisions"}],"predecessor-version":[{"id":69065,"href":"https:\/\/latamjournalismreview.org\/es\/wp-json\/wp\/v2\/posts\/69024\/revisions\/69065"}],"wp:featuredmedia":[{"embeddable":true,"href":"https:\/\/latamjournalismreview.org\/es\/wp-json\/wp\/v2\/media\/69038"}],"wp:attachment":[{"href":"https:\/\/latamjournalismreview.org\/es\/wp-json\/wp\/v2\/media?parent=69024"}],"wp:term":[{"taxonomy":"category","embeddable":true,"href":"https:\/\/latamjournalismreview.org\/es\/wp-json\/wp\/v2\/categories?post=69024"},{"taxonomy":"post_tag","embeddable":true,"href":"https:\/\/latamjournalismreview.org\/es\/wp-json\/wp\/v2\/tags?post=69024"},{"taxonomy":"author","embeddable":true,"href":"https:\/\/latamjournalismreview.org\/es\/wp-json\/wp\/v2\/coauthors?post=69024"}],"curies":[{"name":"wp","href":"https:\/\/api.w.org\/{rel}","templated":true}]}}