{"id":69173,"date":"2022-10-25T18:05:17","date_gmt":"2022-10-25T23:05:17","guid":{"rendered":"https:\/\/latamjournalismreview.org\/?p=69173"},"modified":"2022-10-27T12:54:22","modified_gmt":"2022-10-27T17:54:22","slug":"este-reconocimiento-es-un-antidoto-en-contra-de-las-descalificaciones-y-agresiones-que-enfrentamos-los-periodistas-mexicanos-javier-garza-ramos-mencion-especial-premio-maria-moors","status":"publish","type":"post","link":"https:\/\/latamjournalismreview.org\/es\/articles\/este-reconocimiento-es-un-antidoto-en-contra-de-las-descalificaciones-y-agresiones-que-enfrentamos-los-periodistas-mexicanos-javier-garza-ramos-mencion-especial-premio-maria-moors\/","title":{"rendered":"\u201cEste reconocimiento es un ant\u00eddoto en contra de las descalificaciones y agresiones que enfrentamos los periodistas mexicanos\u201d: Javier Garza Ramos, Menci\u00f3n Especial Premio Maria Moors Cabot 2022"},"content":{"rendered":"<p><span style=\"font-weight: 400;\">El periodista mexicano Javier Garza Ramos est\u00e1 casado con el periodismo. Para Garza Ramos, quien lleva m\u00e1s de 25 a\u00f1os ejerciendo la profesi\u00f3n, la vocaci\u00f3n se mantiene firme tanto en las buenas como en las malas.<\/span><\/p>\n<p><span style=\"font-weight: 400;\">Y s\u00ed que ha habido momentos malos. Durante su \u00e9poca como redactor en jefe de El Siglo de Torre\u00f3n, al norte de M\u00e9xico, \u00e9l y su equipo recibieron agresiones de grupos violentos. Adem\u00e1s de enfrentarse a las\u00a0 circunstancias adversas propias de ejercer en un pa\u00eds considerado, por <\/span><a href=\"https:\/\/rsf.org\/es\/pais\/m%C3%A9xico\" target=\"_blank\" rel=\"noopener\"><span style=\"font-weight: 400;\">Reporteros sin Fronteras<\/span><\/a><span style=\"font-weight: 400;\">, como el m\u00e1s peligroso para el periodismo.\u00a0<\/span><\/p>\n<p><span style=\"font-weight: 400;\">Sin embargo, a pesar de los altibajos, Garza Ramos cree que se pasa m\u00e1s tiempo encima de la colina que en el abismo. Un ejemplo de un buen momento ocurri\u00f3, el pasado 11 de octubre, cuando el periodista mexicano recibi\u00f3 la Menci\u00f3n Especial del Premio Mar\u00eda Moors Cabot de 2022, en una ceremonia en la ciudad de Nueva York.\u00a0<\/span><\/p>\n<p><span style=\"font-weight: 400;\">\u201cCuando reconocimientos como el Cabot u otros apuntan hacia mi pa\u00eds, es una manera de decir que en M\u00e9xico se est\u00e1 haciendo periodismo de calidad\u201d, dijo Garza Ramos a <strong>LatAm Journalism Review (LJR)<\/strong>. <\/span><span style=\"font-weight: 400;\">\u201cEs un ant\u00eddoto en contra de las descalificaciones y agresiones que enfrentamos los periodistas porque sabemos que hay gente que se est\u00e1 fijando en nuestro trabajo y que lo est\u00e1 valorando\u201d, agreg\u00f3.<\/span><\/p>\n<p><span style=\"font-weight: 400;\">M\u00e1s de 20 periodistas mexicanos han recibido reconocimientos en la historia de este premio. Garza Ramos confes\u00f3 que el Premio Mar\u00eda Moors Cabot fue uno de los primeros premios de periodismo que conoci\u00f3 en sus inicios como periodista y que, alguna vez, pens\u00f3 \u2018quisiera ser uno de los ganadores\u2019. As\u00ed que, al recibir la llamada telef\u00f3nica donde le comunicaban la decisi\u00f3n, la tom\u00f3 con mucha alegr\u00eda.\u00a0<\/span><\/p>\n<p><span style=\"font-weight: 400;\">\u201cFue mucha alegr\u00eda enterarme. As\u00ed como me he alegrado cuando otros periodistas mexicanos, que son amigos y a quienes quiero mucho, lo han conseguido. Es un premio que se comparte entre muchos periodistas\u2026 El Cabot no solamente premia la excelencia period\u00edstica sino tambi\u00e9n reconoce a quienes lo hacen en condiciones adversas\u201d, coment\u00f3.\u00a0<\/span><\/p>\n<p><span style=\"font-weight: 400;\">El <\/span><a href=\"https:\/\/journalism.columbia.edu\/2022-maria-moors-cabot-prize-winners-announced\" target=\"_blank\" rel=\"noopener\"><span style=\"font-weight: 400;\">jurado del Moors Cabot<\/span><\/a><span style=\"font-weight: 400;\"> destac\u00f3 su empe\u00f1o por informar y servir a la sociedad as\u00ed como su lucha por la seguridad de los periodistas en M\u00e9xico y en el resto del mundo.<\/span><\/p>\n<div id=\"attachment_69175\" style=\"width: 410px\" class=\"wp-caption alignright\"><img loading=\"lazy\" decoding=\"async\" aria-describedby=\"caption-attachment-69175\" class=\"wp-image-69175\" src=\"https:\/\/latamjournalismreview.org\/wp-content\/uploads\/2022\/10\/cabotprizecortesia-300x225.jpg\" alt=\"A group of people on a stage posing for the camera\" width=\"400\" height=\"300\" srcset=\"https:\/\/latamjournalismreview.org\/wp-content\/uploads\/2022\/10\/cabotprizecortesia-300x225.jpg 300w, https:\/\/latamjournalismreview.org\/wp-content\/uploads\/2022\/10\/cabotprizecortesia-768x576.jpg 768w, https:\/\/latamjournalismreview.org\/wp-content\/uploads\/2022\/10\/cabotprizecortesia.jpg 900w\" sizes=\"auto, (max-width: 400px) 100vw, 400px\" \/><p id=\"caption-attachment-69175\" class=\"wp-caption-text\">Ceremonia Premio Mar\u00eda Moors Cabot 2022 en la ciudad de Nueva York.<\/p><\/div>\n<p><span style=\"font-weight: 400;\">\u201cEn estos tiempos dif\u00edciles en los que el periodismo independiente es objeto de ataques en M\u00e9xico y en tantos otros pa\u00edses de las Am\u00e9ricas, la Junta del Premio Cabot honra a Javier Garza Ramos con la Menci\u00f3n Especial Mar\u00eda Moors Cabot de 2022 como ejemplo duradero de periodismo intr\u00e9pido y de compromiso con sus colegas frente a la adversidad\u201d, destac\u00f3 el jurado en un comunicado.<\/span><\/p>\n<p><span style=\"font-weight: 400;\">El premio Maria Moors Cabot 2022 tambi\u00e9n celebr\u00f3 a la periodista independiente mexicana <\/span><a href=\"https:\/\/latamjournalismreview.org\/es\/articles\/el-periodismo-debe-ser-una-herramienta-de-transformacion-social-5-preguntas-para-la-periodista-mexicana-laura-castellanos\/\" target=\"_blank\" rel=\"noopener\"><span style=\"font-weight: 400;\">Laura Castellanos<\/span><\/a><span style=\"font-weight: 400;\">, al periodista de investigaci\u00f3n y escritor chileno <\/span><a href=\"https:\/\/latamjournalismreview.org\/es\/articles\/el-periodismo-siempre-es-trabajo-en-equipo-y-construccion-colectiva-perfil-del-periodista-chileno-daniel-matamala\/\" target=\"_blank\" rel=\"noopener\"><span style=\"font-weight: 400;\">Daniel Matamala<\/span><\/a><span style=\"font-weight: 400;\">, al corresponsal brit\u00e1nico en M\u00e9xico <\/span><a href=\"https:\/\/latamjournalismreview.org\/es\/articles\/periodista-ioan-grillo-medalla-de-oro-cabot-2022-arma-desde-la-linea-de-fuego-el-rompecabezas-del-fenomeno-del-narco-en-mexico\/\" target=\"_blank\" rel=\"noopener\"><span style=\"font-weight: 400;\">Ioan Grillo<\/span><\/a><span style=\"font-weight: 400;\">, y al cofundador y productor ejecutivo de Radio Ambulante,<\/span> <a href=\"https:\/\/latamjournalismreview.org\/es\/articles\/uno-sabe-que-le-debe-a-la-gente-muchisimo-sobre-todo-escribir-la-historia-de-la-manera-mas-fiel-que-uno-pueda-daniel-alarcon-premio-maria-moors-cabot-2022\/\" target=\"_blank\" rel=\"noopener\"><span style=\"font-weight: 400;\">Daniel Alarc\u00f3n<\/span><\/a><span style=\"font-weight: 400;\">.\u00a0<\/span><\/p>\n<h3><span style=\"font-weight: 400;\">Periodismo de calidad a pesar de los riesgos<\/span><\/h3>\n<p><span style=\"font-weight: 400;\">Garza Ramos es un periodista local, es decir, no trabaja desde la capital de su pa\u00eds sino desde Torre\u00f3n, una ciudad ubicada al noreste de M\u00e9xico. Actualmente es co-conductor de <\/span><a href=\"https:\/\/expansion.mx\/podcasts-expansion\/expansion-daily\" target=\"_blank\" rel=\"noopener\"><span style=\"font-weight: 400;\">Expansi\u00f3n Daily<\/span><\/a><span style=\"font-weight: 400;\">,<\/span><span style=\"font-weight: 400;\"> uno de los podcasts de noticias m\u00e1s populares de ese pa\u00eds, y fundador de la plataforma de noticias locales <\/span><a href=\"https:\/\/twitter.com\/enre2laguna\" target=\"_blank\" rel=\"noopener\"><span style=\"font-weight: 400;\">EnRe2Laguna<\/span><\/a><span style=\"font-weight: 400;\">.\u00a0<\/span><\/p>\n<p><span style=\"font-weight: 400;\">Para Garza Ramos el periodismo en Am\u00e9rica Latina se caracteriza por ser innovador y de gran calidad, a pesar de los pocos recursos con los que, muchas veces, se cuenta.\u00a0<\/span><\/p>\n<p><span style=\"font-weight: 400;\">\u201cEn Am\u00e9rica Latina se ha logrado establecer iniciativas period\u00edsticas de investigaci\u00f3n, de rendici\u00f3n de cuentas, de transparencia, de combate a la desinformaci\u00f3n y se han creado medios digitales que se le pueden poner de t\u00fa a t\u00fa a cualquiera\u201d, dijo el periodista. \u201cAlgo que siempre ha caracterizado a Am\u00e9rica Latina, creo yo, es que produce periodistas que hacen grandes trabajos\u201d, agreg\u00f3.\u00a0<\/span><\/p>\n<p><span style=\"font-weight: 400;\">El periodista mexicano es experto en seguridad. Ha dado conferencias y talleres en seguridad, libertad de prensa y desarrollo de medios en varios pa\u00edses del mundo. Parte de su experiencia en la materia, la obtuvo mientras dirig\u00eda la redacci\u00f3n de <\/span><a href=\"https:\/\/www.elsiglodetorreon.com.mx\/\" target=\"_blank\" rel=\"noopener\"><span style=\"font-weight: 400;\">El Siglo de Torre\u00f3n<\/span><\/a><span style=\"font-weight: 400;\">,<\/span><span style=\"font-weight: 400;\"> del estado de Coahuila. Durante esos a\u00f1os, la sede del diario viv\u00eda asediada por c\u00e1rteles de la droga que operaban en la ciudad. Fueron atacados en varias ocasiones y cinco trabajadores del peri\u00f3dico fueron <\/span><a href=\"https:\/\/articulo19.org\/mexico-secuestran-a-empleados-de-el-siglo-de-torreon-incluyen-ahora-a-personal-de-areas-no-editoriales\/\" target=\"_blank\" rel=\"noopener\"><span style=\"font-weight: 400;\">secuestrados en 2013<\/span><\/a><span style=\"font-weight: 400;\">.<\/span><\/p>\n<p><span style=\"font-weight: 400;\">Garza Ramos acepta que no hay medidas que garanticen absolutamente la ausencia de un ataque, pero asegura que s\u00ed se pueden tomar medidas destinadas a mitigar el riesgo.\u00a0<\/span><\/p>\n<p><span style=\"font-weight: 400;\">\u201cInsisto mucho, cuando doy talleres en las redacciones, en aplicar algo que he llamado \u2018seguridad editorial\u2019. Es decir,\u00a0 c\u00f3mo piensa las noticias antes de publicarlas, de manera que realmente hagas una valoraci\u00f3n sobre los riesgos que incurres si la publicas. No para que te vayas a autocensurar, pero s\u00ed para que vayas midiendo y entonces tomando ciertas precauciones\u201d, coment\u00f3 Garza Ramos.\u00a0<\/span><\/p>\n<p><span style=\"font-weight: 400;\">Para el periodista hacer esta valoraci\u00f3n les permit\u00eda a El Siglo de Torre\u00f3n medir, de alguna manera, el impacto de la publicaci\u00f3n y sentirse m\u00e1s seguros. Garza Ramos tambi\u00e9n hace hincapi\u00e9 en la seguridad durante el reporteo para cuidar que nadie se entere de la investigaci\u00f3n antes de su publicaci\u00f3n. \u201cAunque esta no es necesariamente la soluci\u00f3n. La soluci\u00f3n siempre va a ser el fortalecimiento del Estado de derecho para que se termine la impunidad de los cr\u00edmenes. Lo \u00fanico que realmente va evitar que maten a un periodista es que a la \u00faltima persona que lo hizo le caiga todo el peso de la ley\u201d.\u00a0<\/span><\/p>\n<h3><span style=\"font-weight: 400;\">El ego period\u00edstico en su justa medida\u00a0<\/span><\/h3>\n<p><span style=\"font-weight: 400;\">Javier Garza Ramos actualmente ejerce como periodista independiente. Ha escrito para medios como El Pa\u00eds, El Washington Post y a finales de 2020 public\u00f3 el libro<\/span><a href=\"https:\/\/www.amazon.com\/-\/es\/Javier-Garza-Ramos-ebook\/dp\/B08LNZL9M6\"><span style=\"font-weight: 400;\"> \u201cNueve Disparos\u201d,<\/span><\/a><span style=\"font-weight: 400;\"> un reportaje sobre un tiroteo ocurrido en una escuela de la ciudad de Torre\u00f3n, Coahuila en enero de 2020. Garza Ramos ha sido considerado por muchos como un cazador de historias.<\/span><\/p>\n<p><span style=\"font-weight: 400;\">\u201cCuando un periodista est\u00e1 persiguiendo una historia, es una experiencia en la que se te olvida cualquier otra cosa. Cuando la est\u00e1s reporteando, cuando la vas persiguiendo, cuando la vas consiguiendo poco a poco y cada d\u00eda vas publicando los detalles de lo que te acabas de enterar\u2026 Realmente creo que eso es por lo que vale la pena ser y hacer el periodismo\u201d, dijo el periodista mexicano.\u00a0<\/span><\/p>\n<p><span style=\"font-weight: 400;\">El perseguir una historia, a\u00fan siendo dolorosa o tr\u00e1gica,\u00a0 le da sentido y prop\u00f3sito a Garza Ramos. Para \u00e9l, el cazar historias es responder a su vocaci\u00f3n. \u201cSiempre he dicho que si uno no lo hace, lo van a hacer otros. Y vas a estar vi\u00e9ndolo desde la barrera y vas a estar diciendo: yo lo pude haber hecho mejor o yo lo hubiera hecho de otra forma\u201d, dijo.<\/span><\/p>\n<p><span style=\"font-weight: 400;\">En este punto, se le pregunt\u00f3 a Garza Ramos sobre uno de los males del periodismo: el ego. Y\u00a0 reflexion\u00f3 hasta d\u00f3nde era necesario y cu\u00e1ndo pod\u00eda convertirse en una amenaza.<\/span><\/p>\n<p><span style=\"font-weight: 400;\">\u201cSe siente bien cuando un periodista, sobre todo alguien a quien admiras, te dice \u2018ese es un muy buen reportaje, el que acabas de publicar\u2019. Sin embargo, ya cuando el ego se vuelve tan grande como para llevarte a decir que t\u00fa eres m\u00e1s importante que la noticia o que t\u00fa eres m\u00e1s importante que el medio en el que trabajas, entonces ya es un problema\u201d, dijo Garza Ramos. \u201cYa es un arma de doble filo cuando te empiezas a creer tu propia historia o tu propio mito\u2026Sin la historia, el periodista no es nada. Cualquiera puede dar opiniones, pero no cualquiera puede realmente perseguir y contar una historia\u201d.<\/span><\/p>\n<p>&nbsp;<\/p>\n","protected":false},"excerpt":{"rendered":"<p>El periodista mexicano Javier Garza Ramos recibi\u00f3, el pasado 11 de octubre, una Menci\u00f3n Especial del Premio Maria Moors Cabot 2022. En esta entrevista habla sobre su relaci\u00f3n con el periodismo, lo que significa ejercer en un pa\u00eds como M\u00e9xico y hasta d\u00f3nde el ego puede convertirse en un arma de doble filo.<\/p>\n","protected":false},"author":36,"featured_media":69181,"comment_status":"closed","ping_status":"closed","sticky":false,"template":"","format":"standard","meta":{"inline_featured_image":false,"footnotes":""},"categories":[2074],"tags":[],"coauthors":[],"class_list":["post-69173","post","type-post","status-publish","format-standard","has-post-thumbnail","hentry","category-reportajes-especiales"],"acf":[],"yoast_head":"<!-- This site is optimized with the Yoast SEO Premium plugin v22.6 (Yoast SEO v27.4) - https:\/\/yoast.com\/product\/yoast-seo-premium-wordpress\/ -->\n<title>\u201cEste reconocimiento es un ant\u00eddoto en contra de las descalificaciones y agresiones que enfrentamos los periodistas mexicanos\u201d: Javier Garza Ramos, Menci\u00f3n Especial Premio Maria Moors Cabot 2022 - LatAm Journalism Review<\/title>\n<meta name=\"description\" content=\"\u201cEste reconocimiento es un ant\u00eddoto en contra de las descalificaciones y agresiones que enfrentamos los periodistas mexicanos\u201d: Javier Garza Ramos, Menci\u00f3n Especial Premio Maria Moors Cabot 2022 Reportajes especiales. Latin American Journalism Review by The Knight Center at The University of Texas at Austin.\" \/>\n<meta name=\"robots\" content=\"index, follow, max-snippet:-1, max-image-preview:large, max-video-preview:-1\" \/>\n<link rel=\"canonical\" href=\"https:\/\/latamjournalismreview.org\/es\/articles\/este-reconocimiento-es-un-antidoto-en-contra-de-las-descalificaciones-y-agresiones-que-enfrentamos-los-periodistas-mexicanos-javier-garza-ramos-mencion-especial-premio-maria-moors\/\" \/>\n<meta property=\"og:locale\" content=\"es_ES\" \/>\n<meta property=\"og:type\" content=\"article\" \/>\n<meta property=\"og:title\" content=\"\u201cEste reconocimiento es un ant\u00eddoto en contra de las descalificaciones y agresiones que enfrentamos los periodistas mexicanos\u201d: Javier Garza Ramos, Menci\u00f3n Especial Premio Maria Moors Cabot 2022\" \/>\n<meta property=\"og:description\" content=\"\u201cEste reconocimiento es un ant\u00eddoto en contra de las descalificaciones y agresiones que enfrentamos los periodistas mexicanos\u201d: Javier Garza Ramos, Menci\u00f3n Especial Premio Maria Moors Cabot 2022 Reportajes especiales. Latin American Journalism Review by The Knight Center at The University of Texas at Austin.\" \/>\n<meta property=\"og:url\" content=\"https:\/\/latamjournalismreview.org\/es\/articles\/este-reconocimiento-es-un-antidoto-en-contra-de-las-descalificaciones-y-agresiones-que-enfrentamos-los-periodistas-mexicanos-javier-garza-ramos-mencion-especial-premio-maria-moors\/\" \/>\n<meta property=\"og:site_name\" content=\"LatAm Journalism Review\" \/>\n<meta property=\"article:published_time\" content=\"2022-10-25T23:05:17+00:00\" \/>\n<meta property=\"article:modified_time\" content=\"2022-10-27T17:54:22+00:00\" \/>\n<meta property=\"og:image\" content=\"https:\/\/latamjournalismreview.org\/wp-content\/uploads\/2022\/10\/FeaturedJavierGarza.png\" \/>\n\t<meta property=\"og:image:width\" content=\"507\" \/>\n\t<meta property=\"og:image:height\" content=\"340\" \/>\n\t<meta property=\"og:image:type\" content=\"image\/png\" \/>\n<meta name=\"author\" content=\"Katherine Pennacchio\" \/>\n<meta name=\"twitter:card\" content=\"summary_large_image\" \/>\n<meta name=\"twitter:creator\" content=\"@kathypennacchio\" \/>\n<meta name=\"twitter:site\" content=\"@LatAmJournalism\" \/>\n<meta name=\"twitter:label1\" content=\"Written by\" \/>\n\t<meta name=\"twitter:data1\" content=\"Katherine Pennacchio\" \/>\n\t<meta name=\"twitter:label2\" content=\"Est. reading time\" \/>\n\t<meta name=\"twitter:data2\" content=\"7 minutos\" \/>\n<script type=\"application\/ld+json\" class=\"yoast-schema-graph\">{\"@context\":\"https:\\\/\\\/schema.org\",\"@graph\":[{\"@type\":\"Article\",\"@id\":\"https:\\\/\\\/latamjournalismreview.org\\\/es\\\/articles\\\/este-reconocimiento-es-un-antidoto-en-contra-de-las-descalificaciones-y-agresiones-que-enfrentamos-los-periodistas-mexicanos-javier-garza-ramos-mencion-especial-premio-maria-moors\\\/#article\",\"isPartOf\":{\"@id\":\"https:\\\/\\\/latamjournalismreview.org\\\/es\\\/articles\\\/este-reconocimiento-es-un-antidoto-en-contra-de-las-descalificaciones-y-agresiones-que-enfrentamos-los-periodistas-mexicanos-javier-garza-ramos-mencion-especial-premio-maria-moors\\\/\"},\"author\":{\"name\":\"Katherine Pennacchio\",\"@id\":\"https:\\\/\\\/latamjournalismreview.org\\\/es\\\/#\\\/schema\\\/person\\\/35fb0fc8541711528b3683cd6bf42190\"},\"headline\":\"\u201cEste reconocimiento es un ant\u00eddoto en contra de las descalificaciones y agresiones que enfrentamos los periodistas mexicanos\u201d: Javier Garza Ramos, Menci\u00f3n Especial Premio Maria Moors Cabot 2022\",\"datePublished\":\"2022-10-25T23:05:17+00:00\",\"dateModified\":\"2022-10-27T17:54:22+00:00\",\"mainEntityOfPage\":{\"@id\":\"https:\\\/\\\/latamjournalismreview.org\\\/es\\\/articles\\\/este-reconocimiento-es-un-antidoto-en-contra-de-las-descalificaciones-y-agresiones-que-enfrentamos-los-periodistas-mexicanos-javier-garza-ramos-mencion-especial-premio-maria-moors\\\/\"},\"wordCount\":1372,\"publisher\":{\"@id\":\"https:\\\/\\\/latamjournalismreview.org\\\/es\\\/#organization\"},\"image\":{\"@id\":\"https:\\\/\\\/latamjournalismreview.org\\\/es\\\/articles\\\/este-reconocimiento-es-un-antidoto-en-contra-de-las-descalificaciones-y-agresiones-que-enfrentamos-los-periodistas-mexicanos-javier-garza-ramos-mencion-especial-premio-maria-moors\\\/#primaryimage\"},\"thumbnailUrl\":\"https:\\\/\\\/latamjournalismreview.org\\\/wp-content\\\/uploads\\\/2022\\\/10\\\/FeaturedJavierGarza.png\",\"articleSection\":[\"Reportajes especiales\"],\"inLanguage\":\"es\"},{\"@type\":\"WebPage\",\"@id\":\"https:\\\/\\\/latamjournalismreview.org\\\/es\\\/articles\\\/este-reconocimiento-es-un-antidoto-en-contra-de-las-descalificaciones-y-agresiones-que-enfrentamos-los-periodistas-mexicanos-javier-garza-ramos-mencion-especial-premio-maria-moors\\\/\",\"url\":\"https:\\\/\\\/latamjournalismreview.org\\\/es\\\/articles\\\/este-reconocimiento-es-un-antidoto-en-contra-de-las-descalificaciones-y-agresiones-que-enfrentamos-los-periodistas-mexicanos-javier-garza-ramos-mencion-especial-premio-maria-moors\\\/\",\"name\":\"\u201cEste reconocimiento es un ant\u00eddoto en contra de las descalificaciones y agresiones que enfrentamos los periodistas mexicanos\u201d: Javier Garza Ramos, Menci\u00f3n Especial Premio Maria Moors Cabot 2022 - LatAm Journalism Review\",\"isPartOf\":{\"@id\":\"https:\\\/\\\/latamjournalismreview.org\\\/es\\\/#website\"},\"primaryImageOfPage\":{\"@id\":\"https:\\\/\\\/latamjournalismreview.org\\\/es\\\/articles\\\/este-reconocimiento-es-un-antidoto-en-contra-de-las-descalificaciones-y-agresiones-que-enfrentamos-los-periodistas-mexicanos-javier-garza-ramos-mencion-especial-premio-maria-moors\\\/#primaryimage\"},\"image\":{\"@id\":\"https:\\\/\\\/latamjournalismreview.org\\\/es\\\/articles\\\/este-reconocimiento-es-un-antidoto-en-contra-de-las-descalificaciones-y-agresiones-que-enfrentamos-los-periodistas-mexicanos-javier-garza-ramos-mencion-especial-premio-maria-moors\\\/#primaryimage\"},\"thumbnailUrl\":\"https:\\\/\\\/latamjournalismreview.org\\\/wp-content\\\/uploads\\\/2022\\\/10\\\/FeaturedJavierGarza.png\",\"datePublished\":\"2022-10-25T23:05:17+00:00\",\"dateModified\":\"2022-10-27T17:54:22+00:00\",\"description\":\"\u201cEste reconocimiento es un ant\u00eddoto en contra de las descalificaciones y agresiones que enfrentamos los periodistas mexicanos\u201d: Javier Garza Ramos, Menci\u00f3n Especial Premio Maria Moors Cabot 2022 Reportajes especiales. Latin American Journalism Review by The Knight Center at The University of Texas at Austin.\",\"breadcrumb\":{\"@id\":\"https:\\\/\\\/latamjournalismreview.org\\\/es\\\/articles\\\/este-reconocimiento-es-un-antidoto-en-contra-de-las-descalificaciones-y-agresiones-que-enfrentamos-los-periodistas-mexicanos-javier-garza-ramos-mencion-especial-premio-maria-moors\\\/#breadcrumb\"},\"inLanguage\":\"es\",\"potentialAction\":[{\"@type\":\"ReadAction\",\"target\":[\"https:\\\/\\\/latamjournalismreview.org\\\/es\\\/articles\\\/este-reconocimiento-es-un-antidoto-en-contra-de-las-descalificaciones-y-agresiones-que-enfrentamos-los-periodistas-mexicanos-javier-garza-ramos-mencion-especial-premio-maria-moors\\\/\"]}]},{\"@type\":\"ImageObject\",\"inLanguage\":\"es\",\"@id\":\"https:\\\/\\\/latamjournalismreview.org\\\/es\\\/articles\\\/este-reconocimiento-es-un-antidoto-en-contra-de-las-descalificaciones-y-agresiones-que-enfrentamos-los-periodistas-mexicanos-javier-garza-ramos-mencion-especial-premio-maria-moors\\\/#primaryimage\",\"url\":\"https:\\\/\\\/latamjournalismreview.org\\\/wp-content\\\/uploads\\\/2022\\\/10\\\/FeaturedJavierGarza.png\",\"contentUrl\":\"https:\\\/\\\/latamjournalismreview.org\\\/wp-content\\\/uploads\\\/2022\\\/10\\\/FeaturedJavierGarza.png\",\"width\":507,\"height\":340,\"caption\":\"a gray-haired man wearing a gray suit and looking at the camera\"},{\"@type\":\"BreadcrumbList\",\"@id\":\"https:\\\/\\\/latamjournalismreview.org\\\/es\\\/articles\\\/este-reconocimiento-es-un-antidoto-en-contra-de-las-descalificaciones-y-agresiones-que-enfrentamos-los-periodistas-mexicanos-javier-garza-ramos-mencion-especial-premio-maria-moors\\\/#breadcrumb\",\"itemListElement\":[{\"@type\":\"ListItem\",\"position\":1,\"name\":\"Home\",\"item\":\"https:\\\/\\\/latamjournalismreview.org\\\/es\\\/\"},{\"@type\":\"ListItem\",\"position\":2,\"name\":\"\u201cEste reconocimiento es un ant\u00eddoto en contra de las descalificaciones y agresiones que enfrentamos los periodistas mexicanos\u201d: Javier Garza Ramos, Menci\u00f3n Especial Premio Maria Moors Cabot 2022\"}]},{\"@type\":\"WebSite\",\"@id\":\"https:\\\/\\\/latamjournalismreview.org\\\/es\\\/#website\",\"url\":\"https:\\\/\\\/latamjournalismreview.org\\\/es\\\/\",\"name\":\"LatAm Journalism Review\",\"description\":\"Knight Center at The University of Texas\",\"publisher\":{\"@id\":\"https:\\\/\\\/latamjournalismreview.org\\\/es\\\/#organization\"},\"potentialAction\":[{\"@type\":\"SearchAction\",\"target\":{\"@type\":\"EntryPoint\",\"urlTemplate\":\"https:\\\/\\\/latamjournalismreview.org\\\/es\\\/?s={search_term_string}\"},\"query-input\":{\"@type\":\"PropertyValueSpecification\",\"valueRequired\":true,\"valueName\":\"search_term_string\"}}],\"inLanguage\":\"es\"},{\"@type\":\"Organization\",\"@id\":\"https:\\\/\\\/latamjournalismreview.org\\\/es\\\/#organization\",\"name\":\"LatAm Journalism Review\",\"url\":\"https:\\\/\\\/latamjournalismreview.org\\\/es\\\/\",\"logo\":{\"@type\":\"ImageObject\",\"inLanguage\":\"es\",\"@id\":\"https:\\\/\\\/latamjournalismreview.org\\\/es\\\/#\\\/schema\\\/logo\\\/image\\\/\",\"url\":\"https:\\\/\\\/latamjournalismreview.org\\\/wp-content\\\/uploads\\\/2020\\\/05\\\/knight-latAm-review-logo.svg\",\"contentUrl\":\"https:\\\/\\\/latamjournalismreview.org\\\/wp-content\\\/uploads\\\/2020\\\/05\\\/knight-latAm-review-logo.svg\",\"width\":\"1024\",\"height\":\"1024\",\"caption\":\"LatAm Journalism Review\"},\"image\":{\"@id\":\"https:\\\/\\\/latamjournalismreview.org\\\/es\\\/#\\\/schema\\\/logo\\\/image\\\/\"},\"sameAs\":[\"https:\\\/\\\/x.com\\\/LatAmJournalism\"]},{\"@type\":\"Person\",\"@id\":\"https:\\\/\\\/latamjournalismreview.org\\\/es\\\/#\\\/schema\\\/person\\\/35fb0fc8541711528b3683cd6bf42190\",\"name\":\"Katherine Pennacchio\",\"description\":\"Katherine Pennacchio is a Venezuelan journalist with a master's degree in Investigative, Data and Visualization Journalism from Unidad Editorial and the Rey Juan Carlos University of Madrid. Katherine is passionate about data analysis and currently works as a freelancer. ____ Katherine Pennacchio es una periodista venezolana con una maestr\u00eda en Periodismo de Investigaci\u00f3n, Datos y Visualizaci\u00f3n de la Unidad Editorial y la Universidad Rey Juan Carlos de Madrid. Katherine es una apasionada del an\u00e1lisis de datos y actualmente trabaja como independiente.\",\"sameAs\":[\"https:\\\/\\\/x.com\\\/kathypennacchio\"],\"url\":\"https:\\\/\\\/latamjournalismreview.org\\\/es\\\/articles\\\/author\\\/katherine-pennacchio\\\/\"}]}<\/script>\n<!-- \/ Yoast SEO Premium plugin. -->","yoast_head_json":{"title":"\u201cEste reconocimiento es un ant\u00eddoto en contra de las descalificaciones y agresiones que enfrentamos los periodistas mexicanos\u201d: Javier Garza Ramos, Menci\u00f3n Especial Premio Maria Moors Cabot 2022 - LatAm Journalism Review","description":"\u201cEste reconocimiento es un ant\u00eddoto en contra de las descalificaciones y agresiones que enfrentamos los periodistas mexicanos\u201d: Javier Garza Ramos, Menci\u00f3n Especial Premio Maria Moors Cabot 2022 Reportajes especiales. Latin American Journalism Review by The Knight Center at The University of Texas at Austin.","robots":{"index":"index","follow":"follow","max-snippet":"max-snippet:-1","max-image-preview":"max-image-preview:large","max-video-preview":"max-video-preview:-1"},"canonical":"https:\/\/latamjournalismreview.org\/es\/articles\/este-reconocimiento-es-un-antidoto-en-contra-de-las-descalificaciones-y-agresiones-que-enfrentamos-los-periodistas-mexicanos-javier-garza-ramos-mencion-especial-premio-maria-moors\/","og_locale":"es_ES","og_type":"article","og_title":"\u201cEste reconocimiento es un ant\u00eddoto en contra de las descalificaciones y agresiones que enfrentamos los periodistas mexicanos\u201d: Javier Garza Ramos, Menci\u00f3n Especial Premio Maria Moors Cabot 2022","og_description":"\u201cEste reconocimiento es un ant\u00eddoto en contra de las descalificaciones y agresiones que enfrentamos los periodistas mexicanos\u201d: Javier Garza Ramos, Menci\u00f3n Especial Premio Maria Moors Cabot 2022 Reportajes especiales. Latin American Journalism Review by The Knight Center at The University of Texas at Austin.","og_url":"https:\/\/latamjournalismreview.org\/es\/articles\/este-reconocimiento-es-un-antidoto-en-contra-de-las-descalificaciones-y-agresiones-que-enfrentamos-los-periodistas-mexicanos-javier-garza-ramos-mencion-especial-premio-maria-moors\/","og_site_name":"LatAm Journalism Review","article_published_time":"2022-10-25T23:05:17+00:00","article_modified_time":"2022-10-27T17:54:22+00:00","og_image":[{"width":507,"height":340,"url":"https:\/\/latamjournalismreview.org\/wp-content\/uploads\/2022\/10\/FeaturedJavierGarza.png","type":"image\/png"}],"author":"Katherine Pennacchio","twitter_card":"summary_large_image","twitter_creator":"@kathypennacchio","twitter_site":"@LatAmJournalism","twitter_misc":{"Written by":"Katherine Pennacchio","Est. reading time":"7 minutos"},"schema":{"@context":"https:\/\/schema.org","@graph":[{"@type":"Article","@id":"https:\/\/latamjournalismreview.org\/es\/articles\/este-reconocimiento-es-un-antidoto-en-contra-de-las-descalificaciones-y-agresiones-que-enfrentamos-los-periodistas-mexicanos-javier-garza-ramos-mencion-especial-premio-maria-moors\/#article","isPartOf":{"@id":"https:\/\/latamjournalismreview.org\/es\/articles\/este-reconocimiento-es-un-antidoto-en-contra-de-las-descalificaciones-y-agresiones-que-enfrentamos-los-periodistas-mexicanos-javier-garza-ramos-mencion-especial-premio-maria-moors\/"},"author":{"name":"Katherine Pennacchio","@id":"https:\/\/latamjournalismreview.org\/es\/#\/schema\/person\/35fb0fc8541711528b3683cd6bf42190"},"headline":"\u201cEste reconocimiento es un ant\u00eddoto en contra de las descalificaciones y agresiones que enfrentamos los periodistas mexicanos\u201d: Javier Garza Ramos, Menci\u00f3n Especial Premio Maria Moors Cabot 2022","datePublished":"2022-10-25T23:05:17+00:00","dateModified":"2022-10-27T17:54:22+00:00","mainEntityOfPage":{"@id":"https:\/\/latamjournalismreview.org\/es\/articles\/este-reconocimiento-es-un-antidoto-en-contra-de-las-descalificaciones-y-agresiones-que-enfrentamos-los-periodistas-mexicanos-javier-garza-ramos-mencion-especial-premio-maria-moors\/"},"wordCount":1372,"publisher":{"@id":"https:\/\/latamjournalismreview.org\/es\/#organization"},"image":{"@id":"https:\/\/latamjournalismreview.org\/es\/articles\/este-reconocimiento-es-un-antidoto-en-contra-de-las-descalificaciones-y-agresiones-que-enfrentamos-los-periodistas-mexicanos-javier-garza-ramos-mencion-especial-premio-maria-moors\/#primaryimage"},"thumbnailUrl":"https:\/\/latamjournalismreview.org\/wp-content\/uploads\/2022\/10\/FeaturedJavierGarza.png","articleSection":["Reportajes especiales"],"inLanguage":"es"},{"@type":"WebPage","@id":"https:\/\/latamjournalismreview.org\/es\/articles\/este-reconocimiento-es-un-antidoto-en-contra-de-las-descalificaciones-y-agresiones-que-enfrentamos-los-periodistas-mexicanos-javier-garza-ramos-mencion-especial-premio-maria-moors\/","url":"https:\/\/latamjournalismreview.org\/es\/articles\/este-reconocimiento-es-un-antidoto-en-contra-de-las-descalificaciones-y-agresiones-que-enfrentamos-los-periodistas-mexicanos-javier-garza-ramos-mencion-especial-premio-maria-moors\/","name":"\u201cEste reconocimiento es un ant\u00eddoto en contra de las descalificaciones y agresiones que enfrentamos los periodistas mexicanos\u201d: Javier Garza Ramos, Menci\u00f3n Especial Premio Maria Moors Cabot 2022 - LatAm Journalism Review","isPartOf":{"@id":"https:\/\/latamjournalismreview.org\/es\/#website"},"primaryImageOfPage":{"@id":"https:\/\/latamjournalismreview.org\/es\/articles\/este-reconocimiento-es-un-antidoto-en-contra-de-las-descalificaciones-y-agresiones-que-enfrentamos-los-periodistas-mexicanos-javier-garza-ramos-mencion-especial-premio-maria-moors\/#primaryimage"},"image":{"@id":"https:\/\/latamjournalismreview.org\/es\/articles\/este-reconocimiento-es-un-antidoto-en-contra-de-las-descalificaciones-y-agresiones-que-enfrentamos-los-periodistas-mexicanos-javier-garza-ramos-mencion-especial-premio-maria-moors\/#primaryimage"},"thumbnailUrl":"https:\/\/latamjournalismreview.org\/wp-content\/uploads\/2022\/10\/FeaturedJavierGarza.png","datePublished":"2022-10-25T23:05:17+00:00","dateModified":"2022-10-27T17:54:22+00:00","description":"\u201cEste reconocimiento es un ant\u00eddoto en contra de las descalificaciones y agresiones que enfrentamos los periodistas mexicanos\u201d: Javier Garza Ramos, Menci\u00f3n Especial Premio Maria Moors Cabot 2022 Reportajes especiales. Latin American Journalism Review by The Knight Center at The University of Texas at Austin.","breadcrumb":{"@id":"https:\/\/latamjournalismreview.org\/es\/articles\/este-reconocimiento-es-un-antidoto-en-contra-de-las-descalificaciones-y-agresiones-que-enfrentamos-los-periodistas-mexicanos-javier-garza-ramos-mencion-especial-premio-maria-moors\/#breadcrumb"},"inLanguage":"es","potentialAction":[{"@type":"ReadAction","target":["https:\/\/latamjournalismreview.org\/es\/articles\/este-reconocimiento-es-un-antidoto-en-contra-de-las-descalificaciones-y-agresiones-que-enfrentamos-los-periodistas-mexicanos-javier-garza-ramos-mencion-especial-premio-maria-moors\/"]}]},{"@type":"ImageObject","inLanguage":"es","@id":"https:\/\/latamjournalismreview.org\/es\/articles\/este-reconocimiento-es-un-antidoto-en-contra-de-las-descalificaciones-y-agresiones-que-enfrentamos-los-periodistas-mexicanos-javier-garza-ramos-mencion-especial-premio-maria-moors\/#primaryimage","url":"https:\/\/latamjournalismreview.org\/wp-content\/uploads\/2022\/10\/FeaturedJavierGarza.png","contentUrl":"https:\/\/latamjournalismreview.org\/wp-content\/uploads\/2022\/10\/FeaturedJavierGarza.png","width":507,"height":340,"caption":"a gray-haired man wearing a gray suit and looking at the camera"},{"@type":"BreadcrumbList","@id":"https:\/\/latamjournalismreview.org\/es\/articles\/este-reconocimiento-es-un-antidoto-en-contra-de-las-descalificaciones-y-agresiones-que-enfrentamos-los-periodistas-mexicanos-javier-garza-ramos-mencion-especial-premio-maria-moors\/#breadcrumb","itemListElement":[{"@type":"ListItem","position":1,"name":"Home","item":"https:\/\/latamjournalismreview.org\/es\/"},{"@type":"ListItem","position":2,"name":"\u201cEste reconocimiento es un ant\u00eddoto en contra de las descalificaciones y agresiones que enfrentamos los periodistas mexicanos\u201d: Javier Garza Ramos, Menci\u00f3n Especial Premio Maria Moors Cabot 2022"}]},{"@type":"WebSite","@id":"https:\/\/latamjournalismreview.org\/es\/#website","url":"https:\/\/latamjournalismreview.org\/es\/","name":"LatAm Journalism Review","description":"Knight Center at The University of Texas","publisher":{"@id":"https:\/\/latamjournalismreview.org\/es\/#organization"},"potentialAction":[{"@type":"SearchAction","target":{"@type":"EntryPoint","urlTemplate":"https:\/\/latamjournalismreview.org\/es\/?s={search_term_string}"},"query-input":{"@type":"PropertyValueSpecification","valueRequired":true,"valueName":"search_term_string"}}],"inLanguage":"es"},{"@type":"Organization","@id":"https:\/\/latamjournalismreview.org\/es\/#organization","name":"LatAm Journalism Review","url":"https:\/\/latamjournalismreview.org\/es\/","logo":{"@type":"ImageObject","inLanguage":"es","@id":"https:\/\/latamjournalismreview.org\/es\/#\/schema\/logo\/image\/","url":"https:\/\/latamjournalismreview.org\/wp-content\/uploads\/2020\/05\/knight-latAm-review-logo.svg","contentUrl":"https:\/\/latamjournalismreview.org\/wp-content\/uploads\/2020\/05\/knight-latAm-review-logo.svg","width":"1024","height":"1024","caption":"LatAm Journalism Review"},"image":{"@id":"https:\/\/latamjournalismreview.org\/es\/#\/schema\/logo\/image\/"},"sameAs":["https:\/\/x.com\/LatAmJournalism"]},{"@type":"Person","@id":"https:\/\/latamjournalismreview.org\/es\/#\/schema\/person\/35fb0fc8541711528b3683cd6bf42190","name":"Katherine Pennacchio","description":"Katherine Pennacchio is a Venezuelan journalist with a master's degree in Investigative, Data and Visualization Journalism from Unidad Editorial and the Rey Juan Carlos University of Madrid. Katherine is passionate about data analysis and currently works as a freelancer. ____ Katherine Pennacchio es una periodista venezolana con una maestr\u00eda en Periodismo de Investigaci\u00f3n, Datos y Visualizaci\u00f3n de la Unidad Editorial y la Universidad Rey Juan Carlos de Madrid. Katherine es una apasionada del an\u00e1lisis de datos y actualmente trabaja como independiente.","sameAs":["https:\/\/x.com\/kathypennacchio"],"url":"https:\/\/latamjournalismreview.org\/es\/articles\/author\/katherine-pennacchio\/"}]}},"_links":{"self":[{"href":"https:\/\/latamjournalismreview.org\/es\/wp-json\/wp\/v2\/posts\/69173","targetHints":{"allow":["GET"]}}],"collection":[{"href":"https:\/\/latamjournalismreview.org\/es\/wp-json\/wp\/v2\/posts"}],"about":[{"href":"https:\/\/latamjournalismreview.org\/es\/wp-json\/wp\/v2\/types\/post"}],"author":[{"embeddable":true,"href":"https:\/\/latamjournalismreview.org\/es\/wp-json\/wp\/v2\/users\/36"}],"replies":[{"embeddable":true,"href":"https:\/\/latamjournalismreview.org\/es\/wp-json\/wp\/v2\/comments?post=69173"}],"version-history":[{"count":6,"href":"https:\/\/latamjournalismreview.org\/es\/wp-json\/wp\/v2\/posts\/69173\/revisions"}],"predecessor-version":[{"id":69307,"href":"https:\/\/latamjournalismreview.org\/es\/wp-json\/wp\/v2\/posts\/69173\/revisions\/69307"}],"wp:featuredmedia":[{"embeddable":true,"href":"https:\/\/latamjournalismreview.org\/es\/wp-json\/wp\/v2\/media\/69181"}],"wp:attachment":[{"href":"https:\/\/latamjournalismreview.org\/es\/wp-json\/wp\/v2\/media?parent=69173"}],"wp:term":[{"taxonomy":"category","embeddable":true,"href":"https:\/\/latamjournalismreview.org\/es\/wp-json\/wp\/v2\/categories?post=69173"},{"taxonomy":"post_tag","embeddable":true,"href":"https:\/\/latamjournalismreview.org\/es\/wp-json\/wp\/v2\/tags?post=69173"},{"taxonomy":"author","embeddable":true,"href":"https:\/\/latamjournalismreview.org\/es\/wp-json\/wp\/v2\/coauthors?post=69173"}],"curies":[{"name":"wp","href":"https:\/\/api.w.org\/{rel}","templated":true}]}}