{"id":69461,"date":"2022-11-01T18:59:57","date_gmt":"2022-11-01T23:59:57","guid":{"rendered":"https:\/\/latamjournalismreview.org\/?p=69461"},"modified":"2022-11-02T13:55:59","modified_gmt":"2022-11-02T18:55:59","slug":"la-conferencia-de-periodismo-de-datos-coda-br-vuelve-en-formato-hibrido-y-celebra-los-50-anos-del-periodismo-de-precision-de-philip-meyer","status":"publish","type":"post","link":"https:\/\/latamjournalismreview.org\/es\/articles\/la-conferencia-de-periodismo-de-datos-coda-br-vuelve-en-formato-hibrido-y-celebra-los-50-anos-del-periodismo-de-precision-de-philip-meyer\/","title":{"rendered":"La conferencia de periodismo de datos Coda.Br vuelve en formato h\u00edbrido y celebra los 50 a\u00f1os del \u201cperiodismo de precisi\u00f3n\u201d de Philip Meyer"},"content":{"rendered":"<p>La s\u00e9ptima edici\u00f3n de la Conferencia Brasile\u00f1a de Periodismo de Datos y M\u00e9todos Digitales -\u00a0<a href=\"https:\/\/escoladedados.org\/coda\/coda2022\/\" target=\"_blank\" rel=\"noopener\">Coda.Br<\/a> volver\u00e1 a tener un evento presencial en S\u00e3o Paulo, despu\u00e9s de dos a\u00f1os de ediciones totalmente en l\u00ednea debido a la pandemia por COVID-19. Pero la conferencia tambi\u00e9n considerar\u00e1 a personas de todo el mundo que quieran seguir en l\u00ednea los paneles y talleres, como una celebraci\u00f3n del legado del periodista estadounidense Philip Meyer, quien acu\u00f1\u00f3 la expresi\u00f3n \u201cperiodismo de precisi\u00f3n\u201d para designar el trabajo con datos en la profesi\u00f3n.<\/p>\n<p>Para esta primera edici\u00f3n h\u00edbrida de Coda.Br, que se celebra anualmente desde 2016, el programa en l\u00ednea comenz\u00f3 el 31 de octubre y se extender\u00e1 toda la semana hasta el domingo 6 de noviembre. Los d\u00edas 5 y 6, el evento pasar\u00e1 a ser presencial y se celebrar\u00e1 en S\u00e3o Paulo. Los paneles y las conferencias magistrales se transmitir\u00e1n en l\u00ednea con acceso gratuito a trav\u00e9s de las redes sociales de\u00a0<a href=\"https:\/\/escoladedados.org\/\" target=\"_blank\" rel=\"noopener\">Escola de Dados<\/a> y\u00a0<a href=\"https:\/\/ok.org.br\/\" target=\"_blank\" rel=\"noopener\">Open Knowledge Brasil<\/a>, organizadores del evento, y las grabaciones estar\u00e1n disponibles en los canales de dichas organizaciones. Los talleres ser\u00e1n accesibles mediante la compra de entradas, disponibles en la\u00a0<a href=\"https:\/\/escoladedados.org\/coda\/coda2022\/\">p\u00e1gina web de la conferencia<\/a>, y sus grabaciones estar\u00e1n disponibles en l\u00ednea y podr\u00e1n ser consultadas posteriormente por quienes hayan adquirido la entrada.<\/p>\n<p>Jamile Santana, coordinadora de Escola de Datos, dijo a <strong>LatAm Journalism Review (LJR)<\/strong> que el periodismo de datos \u201cha demostrado ser fundamental para elevar la calidad de las discusiones sobre temas clave para el pa\u00eds\u201d en los \u00faltimos a\u00f1os, algo que fue evidente durante la pandemia de COVID-19. \u201cA trav\u00e9s del periodismo de datos pudimos comprender mejor el escenario de la pandemia, sus repercusiones y lo que deb\u00edamos encargar a los gestores p\u00fablicos para superarla de la mejor manera posible\u201d, dijo.<\/p>\n<div id=\"attachment_69398\" style=\"width: 310px\" class=\"wp-caption alignright\"><img loading=\"lazy\" decoding=\"async\" aria-describedby=\"caption-attachment-69398\" class=\"wp-image-69400 size-medium\" src=\"https:\/\/latamjournalismreview.org\/wp-content\/uploads\/2022\/11\/jamilesantana-300x199.jpeg\" alt=\"woman with a white buttoned shirt smiling at the camera\" width=\"300\" height=\"199\" srcset=\"https:\/\/latamjournalismreview.org\/wp-content\/uploads\/2022\/11\/jamilesantana-300x199.jpeg 300w, https:\/\/latamjournalismreview.org\/wp-content\/uploads\/2022\/11\/jamilesantana-1024x678.jpeg 1024w, https:\/\/latamjournalismreview.org\/wp-content\/uploads\/2022\/11\/jamilesantana-768x508.jpeg 768w, https:\/\/latamjournalismreview.org\/wp-content\/uploads\/2022\/11\/jamilesantana.jpeg 1280w\" sizes=\"auto, (max-width: 300px) 100vw, 300px\" \/><p id=\"caption-attachment-69398\" class=\"wp-caption-text\">Jamile Santana, coordinadora de Escola de Dados. (Foto: Archivo personal)<\/p><\/div>\n<p>De acuerdo con Santana, Coda.Br 2022 \u201caporta esta llamada al trabajo que empieza localmente - en los barrios, en las ciudades - y luego se expande, especialmente para la generaci\u00f3n de datos que no est\u00e1n disponibles por los organismos p\u00fablicos, o que est\u00e1n disponibles de forma inadecuada y por tanto inaccesibles, y que necesitan someterse a un tratamiento para ser analizables\u201d.<\/p>\n<p>\u201cEste trabajo lo han hecho muchas organizaciones o medios de periodismo independientes y es lo que nos fortalece tambi\u00e9n como comunidad\u201d, dijo. Santana tambi\u00e9n destac\u00f3 que \u201cla generaci\u00f3n de datos por parte de los ciudadanos y el activismo es un tema recurrente en los paneles y las ponencias, y esto se extiende de alguna manera a los talleres pr\u00e1cticos\u201d del programa de Coda.Br 2022.<\/p>\n<p>Los paneles abordar\u00e1n temas como la transparencia en el sector privado, el uso de datos de propiedad empresarial y el g\u00e9nero, la raza y los datos p\u00fablicos. Y habr\u00e1 talleres dedicados a ense\u00f1ar c\u00f3mo hacer mapas de datos georreferenciados, c\u00f3mo utilizar la Ley de Acceso a la Informaci\u00f3n para obtener datos p\u00fablicos y c\u00f3mo trabajar con datos municipales, entre otros.<\/p>\n<p>\u201cEnse\u00f1aremos a crear metodolog\u00edas para la recolecci\u00f3n de datos, a compartir este proceso para que sea replicable y aporte fiabilidad a la informaci\u00f3n, por ejemplo\u201d, dijo Santana.<\/p>\n<p>En la clausura de Coda.Br 2022, al final de la tarde del domingo, tendr\u00e1 lugar la entrega del\u00a0<a href=\"https:\/\/escoladedados.org\/conheca-os-finalistas-da-quarta-edicao-do-premio-claudio-weber-abramo-de-jornalismo-de-dados\/\" target=\"_blank\" rel=\"noopener\">Premio Claudio Weber Abramo de Periodismo de Datos<\/a>, que desde 2019 reconoce los trabajos de excelencia en periodismo de datos en Brasil. Para su edici\u00f3n 2022, el premio se conceder\u00e1 en cuatro categor\u00edas: datos abiertos, innovaci\u00f3n y experimentaci\u00f3n, investigaci\u00f3n y visualizaci\u00f3n. Los tres finalistas de cada categor\u00eda,\u00a0<a href=\"https:\/\/escoladedados.org\/conheca-os-finalistas-da-quarta-edicao-do-premio-claudio-weber-abramo-de-jornalismo-de-dados\/\" target=\"_blank\" rel=\"noopener\">anunciados el 21 de octubre<\/a>, fueron seleccionados entre 115 candidaturas, dijo Santana.<\/p>\n<p>\u201cNos dimos cuenta de que el cambio clim\u00e1tico, las cuestiones de g\u00e9nero y raza y los conflictos en zonas demarcadas eran los temas m\u00e1s abordados. El trabajo de periodismo de datos se ocup\u00f3 de aportar pruebas concretas sobre los problemas que enfrentamos en el pa\u00eds, especialmente en la actual administraci\u00f3n [federal]\u201d, evalu\u00f3.<\/p>\n<h3>Homenaje a Philip Meyer<\/h3>\n<p>Adem\u00e1s de los talleres y paneles, Coda.Br 2022 contar\u00e1 con dos exposiciones, dijo Santana. Una de ellas es la exposici\u00f3n interactiva\u00a0<a href=\"https:\/\/theglassroom.org\" target=\"_blank\" rel=\"noopener\">The Glass Room<\/a>, realizada por la organizaci\u00f3n\u00a0<a href=\"https:\/\/tacticaltech.org\/about\/\" target=\"_blank\" rel=\"noopener\">Tactical Tech<\/a>, con sede en Berl\u00edn (Alemania) y dedicada a promover la reflexi\u00f3n sobre la relaci\u00f3n con la tecnolog\u00eda. Esta exposici\u00f3n invita a los participantes a reflexionar sobre los datos personales y la privacidad en internet y estar\u00e1 abierta a los asistentes a la conferencia en persona.<\/p>\n<p>La exposici\u00f3n \u201c50 a\u00f1os de periodismo de precisi\u00f3n: un homenaje a Philip Meyer\u201d re\u00fane fotos, documentos y libros escritos por el periodista estadounidense, considerado el creador de este concepto que cumple medio siglo en 2023 y que designa el uso de m\u00e9todos de investigaci\u00f3n en ciencias sociales para recoger datos e informaci\u00f3n con fines period\u00edsticos.<\/p>\n<p>El periodista Marcelo Soares es el curador de la exposici\u00f3n y ser\u00e1 el moderador de una conversaci\u00f3n con Melissa Meyer, arquitecta e hija de Philip. Meyer acude en representaci\u00f3n de su padre, quien tiene 92 a\u00f1os y vive en Carolina del Norte, Estados Unidos, y no podr\u00e1 asistir al acto por motivos de salud.<\/p>\n<div id=\"attachment_69402\" style=\"width: 210px\" class=\"wp-caption alignleft\"><img loading=\"lazy\" decoding=\"async\" aria-describedby=\"caption-attachment-69402\" class=\"wp-image-69404 size-medium\" src=\"https:\/\/latamjournalismreview.org\/wp-content\/uploads\/2022\/11\/marcelosoares-200x300.jpeg\" alt=\"man with a black shirt and crossed arms looking at the camera\" width=\"200\" height=\"300\" srcset=\"https:\/\/latamjournalismreview.org\/wp-content\/uploads\/2022\/11\/marcelosoares-200x300.jpeg 200w, https:\/\/latamjournalismreview.org\/wp-content\/uploads\/2022\/11\/marcelosoares-682x1024.jpeg 682w, https:\/\/latamjournalismreview.org\/wp-content\/uploads\/2022\/11\/marcelosoares-768x1152.jpeg 768w, https:\/\/latamjournalismreview.org\/wp-content\/uploads\/2022\/11\/marcelosoares.jpeg 853w\" sizes=\"auto, (max-width: 200px) 100vw, 200px\" \/><p id=\"caption-attachment-69402\" class=\"wp-caption-text\">Periodista Marcelo Soares. (Foto: Archivo personal)<\/p><\/div>\n<p>En\u00a0<a href=\"https:\/\/escoladedados.org\/50-anos-de-precisao-coda-br-2022-homenegeia-philip-meyer-conheca-seu-trabalho\/\" target=\"_blank\" rel=\"noopener\">un art\u00edculo publicado en el blog Escola de Dados<\/a>, Soares repasa la trayectoria de Meyer y su impacto en el periodismo desde los a\u00f1os 60. El estadounidense gan\u00f3 un premio Pulitzer en 1968 por un reportaje que inclu\u00eda \u201cuna encuesta estructurada para conocer las opiniones de la poblaci\u00f3n negra\u201d de la ciudad de Detroit, en Estados Unidos, en medio de las protestas populares motivadas por la segregaci\u00f3n racial y la violencia institucional contra los negros en ese pa\u00eds. El periodista brasile\u00f1o tambi\u00e9n cuenta c\u00f3mo conoci\u00f3 el trabajo de Meyer y el impacto que tuvo su obra en su carrera.<\/p>\n<p>En declaraciones a\u00a0<strong>LJR<\/strong>, Soares dijo que el libro de Meyer \u201cPeriodismo de precisi\u00f3n\u201d, que se lanz\u00f3 en Estados Unidos en 1973, lleg\u00f3 a sus manos en 1996, cuando estudiaba periodismo en la universidad. Soares dijo que la propuesta de Meyer le parec\u00eda \u201cdemasiado atrevida, pero al mismo tiempo extremadamente atractiva porque un\u00eda partes inconexas de la experiencia que yo tra\u00eda\u201d. Esta experiencia inclu\u00eda conocimientos de contabilidad y programaci\u00f3n y unas pr\u00e1cticas en la Polic\u00eda Civil que implicaban la actualizaci\u00f3n de bases de datos y la b\u00fasqueda de informaci\u00f3n para consultas.<\/p>\n<p>\u201cImaginar que con esto era posible hacer periodismo era demasiado bueno para ser verdad, y casi me daba miedo porque no ten\u00eda a nadie con quien hablar de ello\u201d, relat\u00f3. Un a\u00f1o m\u00e1s tarde, ya trabajando como periodista en una redacci\u00f3n, \u201cescrib\u00ed a Philip Meyer por primera vez, quej\u00e1ndome: caramba, estoy en Brasil, no tenemos una ley de acceso como la que ustedes tienen all\u00e1, no tenemos bases de datos. Y su respuesta fue: \u2018bueno, empieza a construir tus propias bases de datos ahora mismo\u2019\u201d.<\/p>\n<p>Los dos periodistas nunca se conocieron en persona, pero siguen manteniendo correspondencia en internet. \u201cPhilip Meyer fue crucial para definir la comprensi\u00f3n que tengo del periodismo. Y sus ideas siempre estuvieron ah\u00ed apuntalando todo lo que hice en mi vida\u201d, dijo Soares, quien ha trabajado en varios peri\u00f3dicos brasile\u00f1os, es cofundador de la Asociaci\u00f3n Brasile\u00f1a de Periodismo de Investigaci\u00f3n (Abraji, por su acr\u00f3nimo en portugu\u00e9s) y fund\u00f3 su propio estudio de inteligencia de datos, <a href=\"https:\/\/lagomdata.com.br\" target=\"_blank\" rel=\"noopener\">Lagom Data<\/a>.<\/p>\n<p>El periodista brasile\u00f1o considera que el periodismo de datos que se hace hoy en Brasil \u201ces m\u00e1s o menos un nieto o bisnieto del periodismo de precisi\u00f3n previsto por Meyer. Tiene rastros de lo que hizo su abuelo, pero tambi\u00e9n trae otras herencias\u201d.<\/p>\n<p>\u201cEl periodismo de precisi\u00f3n propuesto por Meyer era extremadamente ambicioso, en el sentido de que pretend\u00eda ser una especie de ciencia social hecha bajo un <i>deadline\u201d<\/i>, dijo Soares. \u201cEspecialmente en los \u00faltimos 15 a\u00f1os, cuando se ha popularizado el periodismo de datos, se ha puesto mucho \u00e9nfasis en las herramientas y la visualizaci\u00f3n. El tipo de an\u00e1lisis que propuso Philip Meyer constituye una fracci\u00f3n relativamente peque\u00f1a de todo lo que se produce con el periodismo de datos, especialmente en Brasil. Pero han surgido excelentes trabajos, sobre todo fuera de las grandes redacciones, con un rigor de an\u00e1lisis que enorgullecer\u00eda a Meyer\u201d, opina el brasile\u00f1o.<\/p>\n<p>Entre estos trabajos que enorgullecer\u00edan a Meyer, seg\u00fan Soares, est\u00e1n el\u00a0<a href=\"https:\/\/mapadaagua.reporterbrasil.org.br\/\" target=\"_blank\" rel=\"noopener\">Mapa da \u00c1gua<\/a>, de\u00a0<a href=\"https:\/\/reporterbrasil.org.br\/\" target=\"_blank\" rel=\"noopener\">Rep\u00f3rter Brasil<\/a>, y el proyecto\u00a0<a href=\"https:\/\/aquazonia.ambiental.media\/\" target=\"_blank\" rel=\"noopener\">Aquaz\u00f4nia<\/a>, de\u00a0<a href=\"https:\/\/ambiental.media\/\" target=\"_blank\" rel=\"noopener\">Ambiental Media<\/a>. \u201cLa coincidencia de tema es una casualidad, pero lo fundamental en ambos es el rigor empleado en el trabajo sin perder de vista en ning\u00fan momento la fuerza del lenguaje period\u00edstico\u201d, dijo.<\/p>\n<p><em>Foto de banner: <a href=\"https:\/\/unsplash.com\/@wocintechchat?utm_source=unsplash&amp;utm_medium=referral&amp;utm_content=creditCopyText\" target=\"_blank\" rel=\"noopener\">Christina @ wocintechchat.com<\/a> en <a href=\"https:\/\/unsplash.com\/?utm_source=unsplash&amp;utm_medium=referral&amp;utm_content=creditCopyText\" target=\"_blank\" rel=\"noopener\">Unsplash<\/a><\/em><\/p>\n","protected":false},"excerpt":{"rendered":"<p>La 7\u00aa Conferencia Brasile\u00f1a de Periodismo de Datos y M\u00e9todos Digitales, Coda.Br, del 31 de octubre al 6 de noviembre, volver\u00e1 a tener un evento presencial en S\u00e3o Paulo, tras dos a\u00f1os de ediciones en l\u00ednea. La conferencia tambi\u00e9n recibir\u00e1 a personas que quieran seguir los paneles y talleres en l\u00ednea, como una celebraci\u00f3n del legado del periodista Philip Meyer, autor del t\u00e9rmino \u201cperiodismo de precisi\u00f3n\u201d para designar el trabajo con datos.<\/p>\n","protected":false},"author":16,"featured_media":69392,"comment_status":"closed","ping_status":"closed","sticky":false,"template":"","format":"standard","meta":{"inline_featured_image":false,"footnotes":""},"categories":[1354],"tags":[],"coauthors":[],"class_list":["post-69461","post","type-post","status-publish","format-standard","has-post-thumbnail","hentry","category-premios-y-oportunidades-es"],"acf":[],"yoast_head":"<!-- This site is optimized with the Yoast SEO Premium plugin v22.6 (Yoast SEO v27.4) - https:\/\/yoast.com\/product\/yoast-seo-premium-wordpress\/ -->\n<title>La conferencia de periodismo de datos Coda.Br vuelve en formato h\u00edbrido y celebra los 50 a\u00f1os del \u201cperiodismo de precisi\u00f3n\u201d de Philip Meyer - LatAm Journalism Review<\/title>\n<meta name=\"description\" content=\"La conferencia de periodismo de datos Coda.Br vuelve en formato h\u00edbrido y celebra los 50 a\u00f1os del \u201cperiodismo de precisi\u00f3n\u201d de Philip Meyer Premios y oportunidades. Latin American Journalism Review by The Knight Center at The University of Texas at Austin.\" \/>\n<meta name=\"robots\" content=\"index, follow, max-snippet:-1, max-image-preview:large, max-video-preview:-1\" \/>\n<link rel=\"canonical\" href=\"https:\/\/latamjournalismreview.org\/es\/articles\/la-conferencia-de-periodismo-de-datos-coda-br-vuelve-en-formato-hibrido-y-celebra-los-50-anos-del-periodismo-de-precision-de-philip-meyer\/\" \/>\n<meta property=\"og:locale\" content=\"es_ES\" \/>\n<meta property=\"og:type\" content=\"article\" \/>\n<meta property=\"og:title\" content=\"La conferencia de periodismo de datos Coda.Br vuelve en formato h\u00edbrido y celebra los 50 a\u00f1os del \u201cperiodismo de precisi\u00f3n\u201d de Philip Meyer\" \/>\n<meta property=\"og:description\" content=\"La conferencia de periodismo de datos Coda.Br vuelve en formato h\u00edbrido y celebra los 50 a\u00f1os del \u201cperiodismo de precisi\u00f3n\u201d de Philip Meyer Premios y oportunidades. Latin American Journalism Review by The Knight Center at The University of Texas at Austin.\" \/>\n<meta property=\"og:url\" content=\"https:\/\/latamjournalismreview.org\/es\/articles\/la-conferencia-de-periodismo-de-datos-coda-br-vuelve-en-formato-hibrido-y-celebra-los-50-anos-del-periodismo-de-precision-de-philip-meyer\/\" \/>\n<meta property=\"og:site_name\" content=\"LatAm Journalism Review\" \/>\n<meta property=\"article:published_time\" content=\"2022-11-01T23:59:57+00:00\" \/>\n<meta property=\"article:modified_time\" content=\"2022-11-02T18:55:59+00:00\" \/>\n<meta property=\"og:image\" content=\"https:\/\/latamjournalismreview.org\/wp-content\/uploads\/2022\/11\/Featured-Protection-Coda.png\" \/>\n\t<meta property=\"og:image:width\" content=\"507\" \/>\n\t<meta property=\"og:image:height\" content=\"340\" \/>\n\t<meta property=\"og:image:type\" content=\"image\/png\" \/>\n<meta name=\"author\" content=\"Carolina de Assis\" \/>\n<meta name=\"twitter:card\" content=\"summary_large_image\" \/>\n<meta name=\"twitter:creator\" content=\"@LatAmJournalism\" \/>\n<meta name=\"twitter:site\" content=\"@LatAmJournalism\" \/>\n<meta name=\"twitter:label1\" content=\"Written by\" \/>\n\t<meta name=\"twitter:data1\" content=\"Carolina de Assis\" \/>\n\t<meta name=\"twitter:label2\" content=\"Est. reading time\" \/>\n\t<meta name=\"twitter:data2\" content=\"8 minutos\" \/>\n<script type=\"application\/ld+json\" class=\"yoast-schema-graph\">{\"@context\":\"https:\\\/\\\/schema.org\",\"@graph\":[{\"@type\":\"Article\",\"@id\":\"https:\\\/\\\/latamjournalismreview.org\\\/es\\\/articles\\\/la-conferencia-de-periodismo-de-datos-coda-br-vuelve-en-formato-hibrido-y-celebra-los-50-anos-del-periodismo-de-precision-de-philip-meyer\\\/#article\",\"isPartOf\":{\"@id\":\"https:\\\/\\\/latamjournalismreview.org\\\/es\\\/articles\\\/la-conferencia-de-periodismo-de-datos-coda-br-vuelve-en-formato-hibrido-y-celebra-los-50-anos-del-periodismo-de-precision-de-philip-meyer\\\/\"},\"author\":{\"name\":\"Carolina de Assis\",\"@id\":\"https:\\\/\\\/latamjournalismreview.org\\\/es\\\/#\\\/schema\\\/person\\\/f98b544e2f231a237f39a56cc9a00a9a\"},\"headline\":\"La conferencia de periodismo de datos Coda.Br vuelve en formato h\u00edbrido y celebra los 50 a\u00f1os del \u201cperiodismo de precisi\u00f3n\u201d de Philip Meyer\",\"datePublished\":\"2022-11-01T23:59:57+00:00\",\"dateModified\":\"2022-11-02T18:55:59+00:00\",\"mainEntityOfPage\":{\"@id\":\"https:\\\/\\\/latamjournalismreview.org\\\/es\\\/articles\\\/la-conferencia-de-periodismo-de-datos-coda-br-vuelve-en-formato-hibrido-y-celebra-los-50-anos-del-periodismo-de-precision-de-philip-meyer\\\/\"},\"wordCount\":1567,\"publisher\":{\"@id\":\"https:\\\/\\\/latamjournalismreview.org\\\/es\\\/#organization\"},\"image\":{\"@id\":\"https:\\\/\\\/latamjournalismreview.org\\\/es\\\/articles\\\/la-conferencia-de-periodismo-de-datos-coda-br-vuelve-en-formato-hibrido-y-celebra-los-50-anos-del-periodismo-de-precision-de-philip-meyer\\\/#primaryimage\"},\"thumbnailUrl\":\"https:\\\/\\\/latamjournalismreview.org\\\/wp-content\\\/uploads\\\/2022\\\/11\\\/Featured-Protection-Coda.png\",\"articleSection\":[\"Premios y oportunidades\"],\"inLanguage\":\"es\"},{\"@type\":\"WebPage\",\"@id\":\"https:\\\/\\\/latamjournalismreview.org\\\/es\\\/articles\\\/la-conferencia-de-periodismo-de-datos-coda-br-vuelve-en-formato-hibrido-y-celebra-los-50-anos-del-periodismo-de-precision-de-philip-meyer\\\/\",\"url\":\"https:\\\/\\\/latamjournalismreview.org\\\/es\\\/articles\\\/la-conferencia-de-periodismo-de-datos-coda-br-vuelve-en-formato-hibrido-y-celebra-los-50-anos-del-periodismo-de-precision-de-philip-meyer\\\/\",\"name\":\"La conferencia de periodismo de datos Coda.Br vuelve en formato h\u00edbrido y celebra los 50 a\u00f1os del \u201cperiodismo de precisi\u00f3n\u201d de Philip Meyer - LatAm Journalism Review\",\"isPartOf\":{\"@id\":\"https:\\\/\\\/latamjournalismreview.org\\\/es\\\/#website\"},\"primaryImageOfPage\":{\"@id\":\"https:\\\/\\\/latamjournalismreview.org\\\/es\\\/articles\\\/la-conferencia-de-periodismo-de-datos-coda-br-vuelve-en-formato-hibrido-y-celebra-los-50-anos-del-periodismo-de-precision-de-philip-meyer\\\/#primaryimage\"},\"image\":{\"@id\":\"https:\\\/\\\/latamjournalismreview.org\\\/es\\\/articles\\\/la-conferencia-de-periodismo-de-datos-coda-br-vuelve-en-formato-hibrido-y-celebra-los-50-anos-del-periodismo-de-precision-de-philip-meyer\\\/#primaryimage\"},\"thumbnailUrl\":\"https:\\\/\\\/latamjournalismreview.org\\\/wp-content\\\/uploads\\\/2022\\\/11\\\/Featured-Protection-Coda.png\",\"datePublished\":\"2022-11-01T23:59:57+00:00\",\"dateModified\":\"2022-11-02T18:55:59+00:00\",\"description\":\"La conferencia de periodismo de datos Coda.Br vuelve en formato h\u00edbrido y celebra los 50 a\u00f1os del \u201cperiodismo de precisi\u00f3n\u201d de Philip Meyer Premios y oportunidades. Latin American Journalism Review by The Knight Center at The University of Texas at Austin.\",\"breadcrumb\":{\"@id\":\"https:\\\/\\\/latamjournalismreview.org\\\/es\\\/articles\\\/la-conferencia-de-periodismo-de-datos-coda-br-vuelve-en-formato-hibrido-y-celebra-los-50-anos-del-periodismo-de-precision-de-philip-meyer\\\/#breadcrumb\"},\"inLanguage\":\"es\",\"potentialAction\":[{\"@type\":\"ReadAction\",\"target\":[\"https:\\\/\\\/latamjournalismreview.org\\\/es\\\/articles\\\/la-conferencia-de-periodismo-de-datos-coda-br-vuelve-en-formato-hibrido-y-celebra-los-50-anos-del-periodismo-de-precision-de-philip-meyer\\\/\"]}]},{\"@type\":\"ImageObject\",\"inLanguage\":\"es\",\"@id\":\"https:\\\/\\\/latamjournalismreview.org\\\/es\\\/articles\\\/la-conferencia-de-periodismo-de-datos-coda-br-vuelve-en-formato-hibrido-y-celebra-los-50-anos-del-periodismo-de-precision-de-philip-meyer\\\/#primaryimage\",\"url\":\"https:\\\/\\\/latamjournalismreview.org\\\/wp-content\\\/uploads\\\/2022\\\/11\\\/Featured-Protection-Coda.png\",\"contentUrl\":\"https:\\\/\\\/latamjournalismreview.org\\\/wp-content\\\/uploads\\\/2022\\\/11\\\/Featured-Protection-Coda.png\",\"width\":507,\"height\":340,\"caption\":\"Person typing code on a laptop with a book on Python by their side\"},{\"@type\":\"BreadcrumbList\",\"@id\":\"https:\\\/\\\/latamjournalismreview.org\\\/es\\\/articles\\\/la-conferencia-de-periodismo-de-datos-coda-br-vuelve-en-formato-hibrido-y-celebra-los-50-anos-del-periodismo-de-precision-de-philip-meyer\\\/#breadcrumb\",\"itemListElement\":[{\"@type\":\"ListItem\",\"position\":1,\"name\":\"Home\",\"item\":\"https:\\\/\\\/latamjournalismreview.org\\\/es\\\/\"},{\"@type\":\"ListItem\",\"position\":2,\"name\":\"La conferencia de periodismo de datos Coda.Br vuelve en formato h\u00edbrido y celebra los 50 a\u00f1os del \u201cperiodismo de precisi\u00f3n\u201d de Philip Meyer\"}]},{\"@type\":\"WebSite\",\"@id\":\"https:\\\/\\\/latamjournalismreview.org\\\/es\\\/#website\",\"url\":\"https:\\\/\\\/latamjournalismreview.org\\\/es\\\/\",\"name\":\"LatAm Journalism Review\",\"description\":\"Knight Center at The University of Texas\",\"publisher\":{\"@id\":\"https:\\\/\\\/latamjournalismreview.org\\\/es\\\/#organization\"},\"potentialAction\":[{\"@type\":\"SearchAction\",\"target\":{\"@type\":\"EntryPoint\",\"urlTemplate\":\"https:\\\/\\\/latamjournalismreview.org\\\/es\\\/?s={search_term_string}\"},\"query-input\":{\"@type\":\"PropertyValueSpecification\",\"valueRequired\":true,\"valueName\":\"search_term_string\"}}],\"inLanguage\":\"es\"},{\"@type\":\"Organization\",\"@id\":\"https:\\\/\\\/latamjournalismreview.org\\\/es\\\/#organization\",\"name\":\"LatAm Journalism Review\",\"url\":\"https:\\\/\\\/latamjournalismreview.org\\\/es\\\/\",\"logo\":{\"@type\":\"ImageObject\",\"inLanguage\":\"es\",\"@id\":\"https:\\\/\\\/latamjournalismreview.org\\\/es\\\/#\\\/schema\\\/logo\\\/image\\\/\",\"url\":\"https:\\\/\\\/latamjournalismreview.org\\\/wp-content\\\/uploads\\\/2020\\\/05\\\/knight-latAm-review-logo.svg\",\"contentUrl\":\"https:\\\/\\\/latamjournalismreview.org\\\/wp-content\\\/uploads\\\/2020\\\/05\\\/knight-latAm-review-logo.svg\",\"width\":\"1024\",\"height\":\"1024\",\"caption\":\"LatAm Journalism Review\"},\"image\":{\"@id\":\"https:\\\/\\\/latamjournalismreview.org\\\/es\\\/#\\\/schema\\\/logo\\\/image\\\/\"},\"sameAs\":[\"https:\\\/\\\/x.com\\\/LatAmJournalism\"]},{\"@type\":\"Person\",\"@id\":\"https:\\\/\\\/latamjournalismreview.org\\\/es\\\/#\\\/schema\\\/person\\\/f98b544e2f231a237f39a56cc9a00a9a\",\"name\":\"Carolina de Assis\",\"description\":\"Carolina de Assis is a Brazilian journalist and researcher who lives in Juiz de Fora, MG, Brazil. She holds a master's degree in Women\u2019s and Gender Studies from the GEMMA Programme \u2013 Universit\u00e0 di Bologna (Italy) \\\/ Universiteit Utrecht (The Netherlands) and has worked as an editor at G\u00eanero e N\u00famero, a Brazilian digital magazine focused on data journalism and gender issues. She is especially interested in journalistic initiatives aimed at promoting human rights and gender justice. You can find her on Twitter: @caroldeassis _________ Carolina de Assis es una periodista e investigadora brasile\u00f1a que vive en Juiz de Fora, MG, Brasil . Tiene una maestr\u00eda en Estudios de las Mujeres y de G\u00e9nero del programa GEMMA \u2013 Universit\u00e0 di Bologna (Italia) \\\/ Universiteit Utrecht (Holanda). Trabaj\u00f3 como editora en la revista digital brasile\u00f1a G\u00eanero e N\u00famero. Le interesan especialmente iniciativas period\u00edsticas que tienen el objetivo de promover los derechos humanos y la justicia de g\u00e9nero. Puedes encontrarla en Twitter: @caroldeassis. _______ Carolina de Assis \u00e9 uma jornalista e pesquisadora brasileira que vive em Juiz de Fora (MG). \u00c9 mestra em Estudos da Mulher e de G\u00eanero pelo programa GEMMA \u2013 Universit\u00e0 di Bologna (It\u00e1lia) \\\/ Universiteit Utrecht (Holanda). Trabalhou como editora na revista digital G\u00eanero e N\u00famero e se interessa especialmente por iniciativas jornal\u00edsticas que promovam os direitos humanos e a justi\u00e7a de g\u00eanero. Voc\u00ea pode encontr\u00e1-la no Twitter em @caroldeassis.\",\"url\":\"https:\\\/\\\/latamjournalismreview.org\\\/es\\\/articles\\\/author\\\/carolina-de-assis\\\/\"}]}<\/script>\n<!-- \/ Yoast SEO Premium plugin. -->","yoast_head_json":{"title":"La conferencia de periodismo de datos Coda.Br vuelve en formato h\u00edbrido y celebra los 50 a\u00f1os del \u201cperiodismo de precisi\u00f3n\u201d de Philip Meyer - LatAm Journalism Review","description":"La conferencia de periodismo de datos Coda.Br vuelve en formato h\u00edbrido y celebra los 50 a\u00f1os del \u201cperiodismo de precisi\u00f3n\u201d de Philip Meyer Premios y oportunidades. Latin American Journalism Review by The Knight Center at The University of Texas at Austin.","robots":{"index":"index","follow":"follow","max-snippet":"max-snippet:-1","max-image-preview":"max-image-preview:large","max-video-preview":"max-video-preview:-1"},"canonical":"https:\/\/latamjournalismreview.org\/es\/articles\/la-conferencia-de-periodismo-de-datos-coda-br-vuelve-en-formato-hibrido-y-celebra-los-50-anos-del-periodismo-de-precision-de-philip-meyer\/","og_locale":"es_ES","og_type":"article","og_title":"La conferencia de periodismo de datos Coda.Br vuelve en formato h\u00edbrido y celebra los 50 a\u00f1os del \u201cperiodismo de precisi\u00f3n\u201d de Philip Meyer","og_description":"La conferencia de periodismo de datos Coda.Br vuelve en formato h\u00edbrido y celebra los 50 a\u00f1os del \u201cperiodismo de precisi\u00f3n\u201d de Philip Meyer Premios y oportunidades. Latin American Journalism Review by The Knight Center at The University of Texas at Austin.","og_url":"https:\/\/latamjournalismreview.org\/es\/articles\/la-conferencia-de-periodismo-de-datos-coda-br-vuelve-en-formato-hibrido-y-celebra-los-50-anos-del-periodismo-de-precision-de-philip-meyer\/","og_site_name":"LatAm Journalism Review","article_published_time":"2022-11-01T23:59:57+00:00","article_modified_time":"2022-11-02T18:55:59+00:00","og_image":[{"width":507,"height":340,"url":"https:\/\/latamjournalismreview.org\/wp-content\/uploads\/2022\/11\/Featured-Protection-Coda.png","type":"image\/png"}],"author":"Carolina de Assis","twitter_card":"summary_large_image","twitter_creator":"@LatAmJournalism","twitter_site":"@LatAmJournalism","twitter_misc":{"Written by":"Carolina de Assis","Est. reading time":"8 minutos"},"schema":{"@context":"https:\/\/schema.org","@graph":[{"@type":"Article","@id":"https:\/\/latamjournalismreview.org\/es\/articles\/la-conferencia-de-periodismo-de-datos-coda-br-vuelve-en-formato-hibrido-y-celebra-los-50-anos-del-periodismo-de-precision-de-philip-meyer\/#article","isPartOf":{"@id":"https:\/\/latamjournalismreview.org\/es\/articles\/la-conferencia-de-periodismo-de-datos-coda-br-vuelve-en-formato-hibrido-y-celebra-los-50-anos-del-periodismo-de-precision-de-philip-meyer\/"},"author":{"name":"Carolina de Assis","@id":"https:\/\/latamjournalismreview.org\/es\/#\/schema\/person\/f98b544e2f231a237f39a56cc9a00a9a"},"headline":"La conferencia de periodismo de datos Coda.Br vuelve en formato h\u00edbrido y celebra los 50 a\u00f1os del \u201cperiodismo de precisi\u00f3n\u201d de Philip Meyer","datePublished":"2022-11-01T23:59:57+00:00","dateModified":"2022-11-02T18:55:59+00:00","mainEntityOfPage":{"@id":"https:\/\/latamjournalismreview.org\/es\/articles\/la-conferencia-de-periodismo-de-datos-coda-br-vuelve-en-formato-hibrido-y-celebra-los-50-anos-del-periodismo-de-precision-de-philip-meyer\/"},"wordCount":1567,"publisher":{"@id":"https:\/\/latamjournalismreview.org\/es\/#organization"},"image":{"@id":"https:\/\/latamjournalismreview.org\/es\/articles\/la-conferencia-de-periodismo-de-datos-coda-br-vuelve-en-formato-hibrido-y-celebra-los-50-anos-del-periodismo-de-precision-de-philip-meyer\/#primaryimage"},"thumbnailUrl":"https:\/\/latamjournalismreview.org\/wp-content\/uploads\/2022\/11\/Featured-Protection-Coda.png","articleSection":["Premios y oportunidades"],"inLanguage":"es"},{"@type":"WebPage","@id":"https:\/\/latamjournalismreview.org\/es\/articles\/la-conferencia-de-periodismo-de-datos-coda-br-vuelve-en-formato-hibrido-y-celebra-los-50-anos-del-periodismo-de-precision-de-philip-meyer\/","url":"https:\/\/latamjournalismreview.org\/es\/articles\/la-conferencia-de-periodismo-de-datos-coda-br-vuelve-en-formato-hibrido-y-celebra-los-50-anos-del-periodismo-de-precision-de-philip-meyer\/","name":"La conferencia de periodismo de datos Coda.Br vuelve en formato h\u00edbrido y celebra los 50 a\u00f1os del \u201cperiodismo de precisi\u00f3n\u201d de Philip Meyer - LatAm Journalism Review","isPartOf":{"@id":"https:\/\/latamjournalismreview.org\/es\/#website"},"primaryImageOfPage":{"@id":"https:\/\/latamjournalismreview.org\/es\/articles\/la-conferencia-de-periodismo-de-datos-coda-br-vuelve-en-formato-hibrido-y-celebra-los-50-anos-del-periodismo-de-precision-de-philip-meyer\/#primaryimage"},"image":{"@id":"https:\/\/latamjournalismreview.org\/es\/articles\/la-conferencia-de-periodismo-de-datos-coda-br-vuelve-en-formato-hibrido-y-celebra-los-50-anos-del-periodismo-de-precision-de-philip-meyer\/#primaryimage"},"thumbnailUrl":"https:\/\/latamjournalismreview.org\/wp-content\/uploads\/2022\/11\/Featured-Protection-Coda.png","datePublished":"2022-11-01T23:59:57+00:00","dateModified":"2022-11-02T18:55:59+00:00","description":"La conferencia de periodismo de datos Coda.Br vuelve en formato h\u00edbrido y celebra los 50 a\u00f1os del \u201cperiodismo de precisi\u00f3n\u201d de Philip Meyer Premios y oportunidades. Latin American Journalism Review by The Knight Center at The University of Texas at Austin.","breadcrumb":{"@id":"https:\/\/latamjournalismreview.org\/es\/articles\/la-conferencia-de-periodismo-de-datos-coda-br-vuelve-en-formato-hibrido-y-celebra-los-50-anos-del-periodismo-de-precision-de-philip-meyer\/#breadcrumb"},"inLanguage":"es","potentialAction":[{"@type":"ReadAction","target":["https:\/\/latamjournalismreview.org\/es\/articles\/la-conferencia-de-periodismo-de-datos-coda-br-vuelve-en-formato-hibrido-y-celebra-los-50-anos-del-periodismo-de-precision-de-philip-meyer\/"]}]},{"@type":"ImageObject","inLanguage":"es","@id":"https:\/\/latamjournalismreview.org\/es\/articles\/la-conferencia-de-periodismo-de-datos-coda-br-vuelve-en-formato-hibrido-y-celebra-los-50-anos-del-periodismo-de-precision-de-philip-meyer\/#primaryimage","url":"https:\/\/latamjournalismreview.org\/wp-content\/uploads\/2022\/11\/Featured-Protection-Coda.png","contentUrl":"https:\/\/latamjournalismreview.org\/wp-content\/uploads\/2022\/11\/Featured-Protection-Coda.png","width":507,"height":340,"caption":"Person typing code on a laptop with a book on Python by their side"},{"@type":"BreadcrumbList","@id":"https:\/\/latamjournalismreview.org\/es\/articles\/la-conferencia-de-periodismo-de-datos-coda-br-vuelve-en-formato-hibrido-y-celebra-los-50-anos-del-periodismo-de-precision-de-philip-meyer\/#breadcrumb","itemListElement":[{"@type":"ListItem","position":1,"name":"Home","item":"https:\/\/latamjournalismreview.org\/es\/"},{"@type":"ListItem","position":2,"name":"La conferencia de periodismo de datos Coda.Br vuelve en formato h\u00edbrido y celebra los 50 a\u00f1os del \u201cperiodismo de precisi\u00f3n\u201d de Philip Meyer"}]},{"@type":"WebSite","@id":"https:\/\/latamjournalismreview.org\/es\/#website","url":"https:\/\/latamjournalismreview.org\/es\/","name":"LatAm Journalism Review","description":"Knight Center at The University of Texas","publisher":{"@id":"https:\/\/latamjournalismreview.org\/es\/#organization"},"potentialAction":[{"@type":"SearchAction","target":{"@type":"EntryPoint","urlTemplate":"https:\/\/latamjournalismreview.org\/es\/?s={search_term_string}"},"query-input":{"@type":"PropertyValueSpecification","valueRequired":true,"valueName":"search_term_string"}}],"inLanguage":"es"},{"@type":"Organization","@id":"https:\/\/latamjournalismreview.org\/es\/#organization","name":"LatAm Journalism Review","url":"https:\/\/latamjournalismreview.org\/es\/","logo":{"@type":"ImageObject","inLanguage":"es","@id":"https:\/\/latamjournalismreview.org\/es\/#\/schema\/logo\/image\/","url":"https:\/\/latamjournalismreview.org\/wp-content\/uploads\/2020\/05\/knight-latAm-review-logo.svg","contentUrl":"https:\/\/latamjournalismreview.org\/wp-content\/uploads\/2020\/05\/knight-latAm-review-logo.svg","width":"1024","height":"1024","caption":"LatAm Journalism Review"},"image":{"@id":"https:\/\/latamjournalismreview.org\/es\/#\/schema\/logo\/image\/"},"sameAs":["https:\/\/x.com\/LatAmJournalism"]},{"@type":"Person","@id":"https:\/\/latamjournalismreview.org\/es\/#\/schema\/person\/f98b544e2f231a237f39a56cc9a00a9a","name":"Carolina de Assis","description":"Carolina de Assis is a Brazilian journalist and researcher who lives in Juiz de Fora, MG, Brazil. She holds a master's degree in Women\u2019s and Gender Studies from the GEMMA Programme \u2013 Universit\u00e0 di Bologna (Italy) \/ Universiteit Utrecht (The Netherlands) and has worked as an editor at G\u00eanero e N\u00famero, a Brazilian digital magazine focused on data journalism and gender issues. She is especially interested in journalistic initiatives aimed at promoting human rights and gender justice. You can find her on Twitter: @caroldeassis _________ Carolina de Assis es una periodista e investigadora brasile\u00f1a que vive en Juiz de Fora, MG, Brasil . Tiene una maestr\u00eda en Estudios de las Mujeres y de G\u00e9nero del programa GEMMA \u2013 Universit\u00e0 di Bologna (Italia) \/ Universiteit Utrecht (Holanda). Trabaj\u00f3 como editora en la revista digital brasile\u00f1a G\u00eanero e N\u00famero. Le interesan especialmente iniciativas period\u00edsticas que tienen el objetivo de promover los derechos humanos y la justicia de g\u00e9nero. Puedes encontrarla en Twitter: @caroldeassis. _______ Carolina de Assis \u00e9 uma jornalista e pesquisadora brasileira que vive em Juiz de Fora (MG). \u00c9 mestra em Estudos da Mulher e de G\u00eanero pelo programa GEMMA \u2013 Universit\u00e0 di Bologna (It\u00e1lia) \/ Universiteit Utrecht (Holanda). Trabalhou como editora na revista digital G\u00eanero e N\u00famero e se interessa especialmente por iniciativas jornal\u00edsticas que promovam os direitos humanos e a justi\u00e7a de g\u00eanero. Voc\u00ea pode encontr\u00e1-la no Twitter em @caroldeassis.","url":"https:\/\/latamjournalismreview.org\/es\/articles\/author\/carolina-de-assis\/"}]}},"_links":{"self":[{"href":"https:\/\/latamjournalismreview.org\/es\/wp-json\/wp\/v2\/posts\/69461","targetHints":{"allow":["GET"]}}],"collection":[{"href":"https:\/\/latamjournalismreview.org\/es\/wp-json\/wp\/v2\/posts"}],"about":[{"href":"https:\/\/latamjournalismreview.org\/es\/wp-json\/wp\/v2\/types\/post"}],"author":[{"embeddable":true,"href":"https:\/\/latamjournalismreview.org\/es\/wp-json\/wp\/v2\/users\/16"}],"replies":[{"embeddable":true,"href":"https:\/\/latamjournalismreview.org\/es\/wp-json\/wp\/v2\/comments?post=69461"}],"version-history":[{"count":5,"href":"https:\/\/latamjournalismreview.org\/es\/wp-json\/wp\/v2\/posts\/69461\/revisions"}],"predecessor-version":[{"id":69490,"href":"https:\/\/latamjournalismreview.org\/es\/wp-json\/wp\/v2\/posts\/69461\/revisions\/69490"}],"wp:featuredmedia":[{"embeddable":true,"href":"https:\/\/latamjournalismreview.org\/es\/wp-json\/wp\/v2\/media\/69392"}],"wp:attachment":[{"href":"https:\/\/latamjournalismreview.org\/es\/wp-json\/wp\/v2\/media?parent=69461"}],"wp:term":[{"taxonomy":"category","embeddable":true,"href":"https:\/\/latamjournalismreview.org\/es\/wp-json\/wp\/v2\/categories?post=69461"},{"taxonomy":"post_tag","embeddable":true,"href":"https:\/\/latamjournalismreview.org\/es\/wp-json\/wp\/v2\/tags?post=69461"},{"taxonomy":"author","embeddable":true,"href":"https:\/\/latamjournalismreview.org\/es\/wp-json\/wp\/v2\/coauthors?post=69461"}],"curies":[{"name":"wp","href":"https:\/\/api.w.org\/{rel}","templated":true}]}}