{"id":7011,"date":"2019-06-04T12:02:19","date_gmt":"2019-06-04T17:02:19","guid":{"rendered":"https:\/\/live-lajr.pantheonsite.io\/?p=7011"},"modified":"2020-06-13T17:58:48","modified_gmt":"2020-06-13T22:58:48","slug":"proyectos-periodisticos-de-brasil-y-mexico-se-llevan-a-casa-galardones-del-world-digital-media-awards","status":"publish","type":"post","link":"https:\/\/latamjournalismreview.org\/es\/articles\/proyectos-periodisticos-de-brasil-y-mexico-se-llevan-a-casa-galardones-del-world-digital-media-awards\/","title":{"rendered":"Proyectos period\u00edsticos de Brasil y M\u00e9xico se llevan a casa galardones del World Digital Media Awards"},"content":{"rendered":"<p>Un sitio period\u00edstico brasile\u00f1o que cubre temas de instituciones gubernamentales en el pa\u00eds y una redacci\u00f3n colaborativa de verificaci\u00f3n de datos que cubri\u00f3 las elecciones mexicanas est\u00e1n entre los ganadores del World Digital Media Awards 2019.<\/p>\n<div style=\"width: 350px; font-size: 80%; text-align: left; float: right; padding-left: 10px; padding-right: 10px;\">\n<div style=\"width: 1406px\" class=\"wp-caption alignright\"><a href=\"https:\/\/www.jota.info\/\" target=\"_blank\" rel=\"noopener noreferrer\"><img loading=\"lazy\" decoding=\"async\" style=\"width: 350px;\" src=\"https:\/\/live.staticflickr.com\/65535\/47996728023_23fd34eab1_o.png\" alt=\"JOTA de Brasil\" width=\"1396\" height=\"894\" \/><\/a><p class=\"wp-caption-text\">JOTA se especializa en la cobertura de temas relacionados a las instituciones estatales brasile\u00f1as. (Captura de pantalla)<\/p><\/div>\n<\/div>\n<p>Jota de Brasil gan\u00f3 el premio Best Digital News Start-up a la mejor empresa de noticias digital nueva, y fue destacada por su modelo de negocio de suscripciones, la calidad de su informaci\u00f3n y su oferta de newsletter. Fue <a href=\"https:\/\/knightcenter.utexas.edu\/es\/blog\/00-19066-reporteros-brasilenos-crean-un-sitio-de-noticias-rentable-jota-especializado-en-asunto\" target=\"_blank\" rel=\"noopener noreferrer\" data-cke-saved-href=\"https:\/\/knightcenter.utexas.edu\/es\/blog\/00-19066-reporteros-brasilenos-crean-un-sitio-de-noticias-rentable-jota-especializado-en-asunto\">creada para cubrir el sistema judicial brasile\u00f1o<\/a>, aunque ha ampliado su cobertura a otras ramas del gobierno.<\/p>\n<p>\u201c<a href=\"https:\/\/wan-ifra.cmail19.com\/t\/ViewEmail\/d\/369DD17148B2AC592540EF23F30FEDED\/1D056FAB870E75C3F990754F028F0E8F\" target=\"_blank\" rel=\"noopener noreferrer\" data-cke-saved-href=\"https:\/\/wan-ifra.cmail19.com\/t\/ViewEmail\/d\/369DD17148B2AC592540EF23F30FEDED\/1D056FAB870E75C3F990754F028F0E8F\">Un producto muy bien ejecutado que fue lanzado en respuesta a una clara necesidad del mercado<\/a> con un robusto modelo de negocios en evoluci\u00f3n. \u00a1Si tan solo todos los productos digitales nuevos fueran pensados as\u00ed de claro!\u201d, escribi\u00f3 uno de los jueces, de acuerdo con el comunicado de prensa de la Asociaci\u00f3n Mundial de Peri\u00f3dicos y Editores de Noticias (WAN-IFRA, por sus siglas en ingl\u00e9s), que organiza los premios.<\/p>\n<p>Verificado, una iniciativa de colaboraci\u00f3n de AJ+ Espa\u00f1ol, el sitio de noticias Animal Pol\u00edtico y Pop-Up Newsroom, junto a otros medios y organizaciones de la sociedad civil de M\u00e9xico, ganaron el premio Best Innovation to Engage Youth Audiences a la mejor innovaci\u00f3n y captaci\u00f3n de audiencia joven. El innovador proyecto <a href=\"https:\/\/knightcenter.utexas.edu\/es\/blog\/00-19905-colaboracion-de-medios-y-aporte-ciudadano-impulso-fact-checking-de-verificado-2018-dur\" target=\"_blank\" rel=\"noopener noreferrer\" data-cke-saved-href=\"https:\/\/knightcenter.utexas.edu\/es\/blog\/00-19905-colaboracion-de-medios-y-aporte-ciudadano-impulso-fact-checking-de-verificado-2018-dur\">cre\u00f3 una sala de redacci\u00f3n para verificar la informaci\u00f3n publicada en redes socailes durante las elecciones de 2018<\/a> y divulg\u00f3 sus hallazgos en esas mismas plataformas.<\/p>\n<p>\u201c<a href=\"https:\/\/wan-ifra.cmail19.com\/t\/ViewEmail\/d\/369DD17148B2AC592540EF23F30FEDED\/1D056FAB870E75C3F990754F028F0E8F\" target=\"_blank\" rel=\"noopener noreferrer\" data-cke-saved-href=\"https:\/\/wan-ifra.cmail19.com\/t\/ViewEmail\/d\/369DD17148B2AC592540EF23F30FEDED\/1D056FAB870E75C3F990754F028F0E8F\">Un esfuerzo muy impresionante que involucr\u00f3 a varias salas de redacci\u00f3n en M\u00e9xico<\/a> - para educar a la gente joven y al mismo tiempo proporcionarles informaci\u00f3n imparcial y verificada sobre las elecciones en un contexto muy importante en que muchos votaban por primera vez\u201d, dijo uno de los jueces, seg\u00fan WAN-IFRA.<\/p>\n<p>Jota y Verificado fueron reconocidos junto a otros ocho productos period\u00edsticos durante el Congreso del World News Media en Glasgow, Escocia, el 2 de junio.<\/p>\n<p>Ambos ganaron los <a href=\"https:\/\/knightcenter.utexas.edu\/es\/blog\/00-20347-nuevos-medios-online-son-los-grandes-ganadores-en-los-premios-latam-digital-media-de-w\" target=\"_blank\" rel=\"noopener noreferrer\" data-cke-saved-href=\"https:\/\/knightcenter.utexas.edu\/es\/blog\/00-20347-nuevos-medios-online-son-los-grandes-ganadores-en-los-premios-latam-digital-media-de-w\">LATAM Digital Media Awards<\/a> y pasaron a competir con los ganadores de las competencias regionales en \u00c1frica, Asia, Europa, Medio Oriente, Am\u00e9rica del Norte y Asia del Sur.<\/p>\n<div style=\"width: 700px; font-size: 80%; text-align: left; float: right; padding-left: 10px; padding-right: 10px;\">\n<div style=\"width: 2058px\" class=\"wp-caption alignnone\"><img loading=\"lazy\" decoding=\"async\" style=\"width: 700px;\" src=\"https:\/\/farm2.staticflickr.com\/1786\/28306379087_1be9c3fb73_o.jpg\" alt=\"Verificado 2018\" width=\"2048\" height=\"680\" \/><p class=\"wp-caption-text\">Redacci\u00f3n de Verificado 2018. (Foto: Cortes\u00eda).<\/p><\/div>\n<p>&nbsp;<\/p>\n<\/div>\n","protected":false},"excerpt":{"rendered":"<p>Jota y Verificado fueron reconocidos junto a otros ocho productos period\u00edsticos durante el Congreso del World News Media en Glasgow, Escocia, el 2 de junio.<\/p>\n","protected":false},"author":3,"featured_media":7002,"comment_status":"closed","ping_status":"closed","sticky":false,"template":"","format":"standard","meta":{"inline_featured_image":false,"footnotes":""},"categories":[1354],"tags":[1450,1393,1437],"coauthors":[],"class_list":["post-7011","post","type-post","status-publish","format-standard","has-post-thumbnail","hentry","category-premios-y-oportunidades-es","tag-fact-checking-es-2","tag-mexico-es","tag-periodismo-de-datos-es"],"acf":[],"yoast_head":"<!-- This site is optimized with the Yoast SEO Premium plugin v22.6 (Yoast SEO v27.4) - https:\/\/yoast.com\/product\/yoast-seo-premium-wordpress\/ -->\n<title>Proyectos period\u00edsticos de Brasil y M\u00e9xico se llevan a casa galardones del World Digital Media Awards - LatAm Journalism Review<\/title>\n<meta name=\"description\" content=\"Proyectos period\u00edsticos de Brasil y M\u00e9xico se llevan a casa galardones del World Digital Media Awards Premios y oportunidades. Latin American Journalism Review by The Knight Center at The University of Texas at Austin.\" \/>\n<meta name=\"robots\" content=\"index, follow, max-snippet:-1, max-image-preview:large, max-video-preview:-1\" \/>\n<link rel=\"canonical\" href=\"https:\/\/latamjournalismreview.org\/es\/articles\/proyectos-periodisticos-de-brasil-y-mexico-se-llevan-a-casa-galardones-del-world-digital-media-awards\/\" \/>\n<meta property=\"og:locale\" content=\"es_ES\" \/>\n<meta property=\"og:type\" content=\"article\" \/>\n<meta property=\"og:title\" content=\"Proyectos period\u00edsticos de Brasil y M\u00e9xico se llevan a casa galardones del World Digital Media Awards\" \/>\n<meta property=\"og:description\" content=\"Proyectos period\u00edsticos de Brasil y M\u00e9xico se llevan a casa galardones del World Digital Media Awards Premios y oportunidades. Latin American Journalism Review by The Knight Center at The University of Texas at Austin.\" \/>\n<meta property=\"og:url\" content=\"https:\/\/latamjournalismreview.org\/es\/articles\/proyectos-periodisticos-de-brasil-y-mexico-se-llevan-a-casa-galardones-del-world-digital-media-awards\/\" \/>\n<meta property=\"og:site_name\" content=\"LatAm Journalism Review\" \/>\n<meta property=\"article:published_time\" content=\"2019-06-04T17:02:19+00:00\" \/>\n<meta property=\"article:modified_time\" content=\"2020-06-13T22:58:48+00:00\" \/>\n<meta property=\"og:image\" content=\"https:\/\/latamjournalismreview.org\/wp-content\/uploads\/2019\/06\/Verificado-2018-MX-e1591992569949.jpg\" \/>\n\t<meta property=\"og:image:width\" content=\"507\" \/>\n\t<meta property=\"og:image:height\" content=\"434\" \/>\n\t<meta property=\"og:image:type\" content=\"image\/jpeg\" \/>\n<meta name=\"author\" content=\"Teresa Mioli\" \/>\n<meta name=\"twitter:card\" content=\"summary_large_image\" \/>\n<meta name=\"twitter:creator\" content=\"@TeresaMioli\" \/>\n<meta name=\"twitter:site\" content=\"@LatAmJournalism\" \/>\n<meta name=\"twitter:label1\" content=\"Written by\" \/>\n\t<meta name=\"twitter:data1\" content=\"Teresa Mioli\" \/>\n\t<meta name=\"twitter:label2\" content=\"Est. reading time\" \/>\n\t<meta name=\"twitter:data2\" content=\"2 minutos\" \/>\n<script type=\"application\/ld+json\" class=\"yoast-schema-graph\">{\"@context\":\"https:\\\/\\\/schema.org\",\"@graph\":[{\"@type\":\"Article\",\"@id\":\"https:\\\/\\\/latamjournalismreview.org\\\/es\\\/articles\\\/proyectos-periodisticos-de-brasil-y-mexico-se-llevan-a-casa-galardones-del-world-digital-media-awards\\\/#article\",\"isPartOf\":{\"@id\":\"https:\\\/\\\/latamjournalismreview.org\\\/es\\\/articles\\\/proyectos-periodisticos-de-brasil-y-mexico-se-llevan-a-casa-galardones-del-world-digital-media-awards\\\/\"},\"author\":{\"name\":\"Teresa Mioli\",\"@id\":\"https:\\\/\\\/latamjournalismreview.org\\\/es\\\/#\\\/schema\\\/person\\\/b83a4912f05c8178389e917d8d51de03\"},\"headline\":\"Proyectos period\u00edsticos de Brasil y M\u00e9xico se llevan a casa galardones del World Digital Media Awards\",\"datePublished\":\"2019-06-04T17:02:19+00:00\",\"dateModified\":\"2020-06-13T22:58:48+00:00\",\"mainEntityOfPage\":{\"@id\":\"https:\\\/\\\/latamjournalismreview.org\\\/es\\\/articles\\\/proyectos-periodisticos-de-brasil-y-mexico-se-llevan-a-casa-galardones-del-world-digital-media-awards\\\/\"},\"wordCount\":423,\"publisher\":{\"@id\":\"https:\\\/\\\/latamjournalismreview.org\\\/es\\\/#organization\"},\"image\":{\"@id\":\"https:\\\/\\\/latamjournalismreview.org\\\/es\\\/articles\\\/proyectos-periodisticos-de-brasil-y-mexico-se-llevan-a-casa-galardones-del-world-digital-media-awards\\\/#primaryimage\"},\"thumbnailUrl\":\"https:\\\/\\\/latamjournalismreview.org\\\/wp-content\\\/uploads\\\/2019\\\/06\\\/Verificado-2018-MX-e1591992569949.jpg\",\"keywords\":[\"Fact-checking\",\"M\u00e9xico\",\"Periodismo de datos\"],\"articleSection\":[\"Premios y oportunidades\"],\"inLanguage\":\"es\"},{\"@type\":\"WebPage\",\"@id\":\"https:\\\/\\\/latamjournalismreview.org\\\/es\\\/articles\\\/proyectos-periodisticos-de-brasil-y-mexico-se-llevan-a-casa-galardones-del-world-digital-media-awards\\\/\",\"url\":\"https:\\\/\\\/latamjournalismreview.org\\\/es\\\/articles\\\/proyectos-periodisticos-de-brasil-y-mexico-se-llevan-a-casa-galardones-del-world-digital-media-awards\\\/\",\"name\":\"Proyectos period\u00edsticos de Brasil y M\u00e9xico se llevan a casa galardones del World Digital Media Awards - LatAm Journalism Review\",\"isPartOf\":{\"@id\":\"https:\\\/\\\/latamjournalismreview.org\\\/es\\\/#website\"},\"primaryImageOfPage\":{\"@id\":\"https:\\\/\\\/latamjournalismreview.org\\\/es\\\/articles\\\/proyectos-periodisticos-de-brasil-y-mexico-se-llevan-a-casa-galardones-del-world-digital-media-awards\\\/#primaryimage\"},\"image\":{\"@id\":\"https:\\\/\\\/latamjournalismreview.org\\\/es\\\/articles\\\/proyectos-periodisticos-de-brasil-y-mexico-se-llevan-a-casa-galardones-del-world-digital-media-awards\\\/#primaryimage\"},\"thumbnailUrl\":\"https:\\\/\\\/latamjournalismreview.org\\\/wp-content\\\/uploads\\\/2019\\\/06\\\/Verificado-2018-MX-e1591992569949.jpg\",\"datePublished\":\"2019-06-04T17:02:19+00:00\",\"dateModified\":\"2020-06-13T22:58:48+00:00\",\"description\":\"Proyectos period\u00edsticos de Brasil y M\u00e9xico se llevan a casa galardones del World Digital Media Awards Premios y oportunidades. Latin American Journalism Review by The Knight Center at The University of Texas at Austin.\",\"breadcrumb\":{\"@id\":\"https:\\\/\\\/latamjournalismreview.org\\\/es\\\/articles\\\/proyectos-periodisticos-de-brasil-y-mexico-se-llevan-a-casa-galardones-del-world-digital-media-awards\\\/#breadcrumb\"},\"inLanguage\":\"es\",\"potentialAction\":[{\"@type\":\"ReadAction\",\"target\":[\"https:\\\/\\\/latamjournalismreview.org\\\/es\\\/articles\\\/proyectos-periodisticos-de-brasil-y-mexico-se-llevan-a-casa-galardones-del-world-digital-media-awards\\\/\"]}]},{\"@type\":\"ImageObject\",\"inLanguage\":\"es\",\"@id\":\"https:\\\/\\\/latamjournalismreview.org\\\/es\\\/articles\\\/proyectos-periodisticos-de-brasil-y-mexico-se-llevan-a-casa-galardones-del-world-digital-media-awards\\\/#primaryimage\",\"url\":\"https:\\\/\\\/latamjournalismreview.org\\\/wp-content\\\/uploads\\\/2019\\\/06\\\/Verificado-2018-MX-e1591992569949.jpg\",\"contentUrl\":\"https:\\\/\\\/latamjournalismreview.org\\\/wp-content\\\/uploads\\\/2019\\\/06\\\/Verificado-2018-MX-e1591992569949.jpg\",\"width\":507,\"height\":434,\"caption\":\"Verificado 2018 MX\"},{\"@type\":\"BreadcrumbList\",\"@id\":\"https:\\\/\\\/latamjournalismreview.org\\\/es\\\/articles\\\/proyectos-periodisticos-de-brasil-y-mexico-se-llevan-a-casa-galardones-del-world-digital-media-awards\\\/#breadcrumb\",\"itemListElement\":[{\"@type\":\"ListItem\",\"position\":1,\"name\":\"Home\",\"item\":\"https:\\\/\\\/latamjournalismreview.org\\\/es\\\/\"},{\"@type\":\"ListItem\",\"position\":2,\"name\":\"Proyectos period\u00edsticos de Brasil y M\u00e9xico se llevan a casa galardones del World Digital Media Awards\"}]},{\"@type\":\"WebSite\",\"@id\":\"https:\\\/\\\/latamjournalismreview.org\\\/es\\\/#website\",\"url\":\"https:\\\/\\\/latamjournalismreview.org\\\/es\\\/\",\"name\":\"LatAm Journalism Review\",\"description\":\"Knight Center at The University of Texas\",\"publisher\":{\"@id\":\"https:\\\/\\\/latamjournalismreview.org\\\/es\\\/#organization\"},\"potentialAction\":[{\"@type\":\"SearchAction\",\"target\":{\"@type\":\"EntryPoint\",\"urlTemplate\":\"https:\\\/\\\/latamjournalismreview.org\\\/es\\\/?s={search_term_string}\"},\"query-input\":{\"@type\":\"PropertyValueSpecification\",\"valueRequired\":true,\"valueName\":\"search_term_string\"}}],\"inLanguage\":\"es\"},{\"@type\":\"Organization\",\"@id\":\"https:\\\/\\\/latamjournalismreview.org\\\/es\\\/#organization\",\"name\":\"LatAm Journalism Review\",\"url\":\"https:\\\/\\\/latamjournalismreview.org\\\/es\\\/\",\"logo\":{\"@type\":\"ImageObject\",\"inLanguage\":\"es\",\"@id\":\"https:\\\/\\\/latamjournalismreview.org\\\/es\\\/#\\\/schema\\\/logo\\\/image\\\/\",\"url\":\"https:\\\/\\\/latamjournalismreview.org\\\/wp-content\\\/uploads\\\/2020\\\/05\\\/knight-latAm-review-logo.svg\",\"contentUrl\":\"https:\\\/\\\/latamjournalismreview.org\\\/wp-content\\\/uploads\\\/2020\\\/05\\\/knight-latAm-review-logo.svg\",\"width\":\"1024\",\"height\":\"1024\",\"caption\":\"LatAm Journalism Review\"},\"image\":{\"@id\":\"https:\\\/\\\/latamjournalismreview.org\\\/es\\\/#\\\/schema\\\/logo\\\/image\\\/\"},\"sameAs\":[\"https:\\\/\\\/x.com\\\/LatAmJournalism\"]},{\"@type\":\"Person\",\"@id\":\"https:\\\/\\\/latamjournalismreview.org\\\/es\\\/#\\\/schema\\\/person\\\/b83a4912f05c8178389e917d8d51de03\",\"name\":\"Teresa Mioli\",\"description\":\"Teresa Mioli is the editorial manager for the Knight Center for Journalism in the Americas. She is interested in press freedom, democratization, and investigative journalism in Latin America and is dedicated to increasing awareness about the importance of independent news media to the health of democracies. She produces journalistic work with the aim of helping people to make informed decisions about their lives and societies and wants to make sure other journalists are able to do the same. She has Bachelors' degrees in Journalism and Plan II Honors (Liberal Arts) and a Master's degree in Latin American Studies, all from the University of Texas at Austin. She started her journalistic career at The Beaumont Enterprise in Southeast Texas where she last worked as a breaking news reporter. ______ Teresa Mioli es la directora editorial del Centro Knight para el Periodismo en las Am\u00e9ricas. Es una periodista con inter\u00e9s en la libertad de prensa, la democratizaci\u00f3n y el periodismo investigativo en Am\u00e9rica Latina y est\u00e1 dedicada a crear mayor consciencia sobre la importancia de los medios noticiosos independientes para la salud de las democracias. El objetivo de su trabajo period\u00edstico es ayudar las personas para que tomen decisiones informadas sobre sus vidas y sus sociedades, y busca que otros periodistas tengan la posibilidad de hacer lo mismo. Teresa tiene una licenciatura en Periodismo y Artes liberales (Plan II Honors), y una maestr\u00eda en Estudios Latinoamericanos, todos de la Universidad de Texas en Austin. Empez\u00f3 su carrera en periodismo en The Beaumont Enterprise al sureste de Texas, en donde recientemente trabaj\u00f3 como reportera de noticias de \u00faltima hora. Anteriormente ella fue la editora de LatAm Journalism Review del Centro Knight. ______ Teresa Mioli \u00e9 gerente editorial do Centro Knight para o Jornalismo nas Am\u00e9ricas. Ela se interessa por liberdade de imprensa, democratiza\u00e7\u00e3o e jornalismo investigativo na Am\u00e9rica Latina e se dedica a aumentar a conscientiza\u00e7\u00e3o sobre a import\u00e2ncia da m\u00eddia independente para a sa\u00fade das democracias. Ela produz trabalhos jornal\u00edsticos com o objetivo de ajudar as pessoas a tomarem decis\u00f5es informadas sobre suas vidas e sociedades e deseja garantir que outros jornalistas possam fazer o mesmo. Ela tem bacharelado em jornalismo e artes liberais e um mestrado em Estudos Latino-Americanos, todos pela Universidade do Texas em Austin. Ela come\u00e7ou sua carreira jornal\u00edstica na The Beaumont Enterprise no sudeste do Texas, onde trabalhou pela \u00faltima vez como rep\u00f3rter de not\u00edcias de \u00faltima hora.\",\"sameAs\":[\"https:\\\/\\\/x.com\\\/TeresaMioli\"],\"url\":\"https:\\\/\\\/latamjournalismreview.org\\\/es\\\/articles\\\/author\\\/teresa-mioli\\\/\"}]}<\/script>\n<!-- \/ Yoast SEO Premium plugin. -->","yoast_head_json":{"title":"Proyectos period\u00edsticos de Brasil y M\u00e9xico se llevan a casa galardones del World Digital Media Awards - LatAm Journalism Review","description":"Proyectos period\u00edsticos de Brasil y M\u00e9xico se llevan a casa galardones del World Digital Media Awards Premios y oportunidades. Latin American Journalism Review by The Knight Center at The University of Texas at Austin.","robots":{"index":"index","follow":"follow","max-snippet":"max-snippet:-1","max-image-preview":"max-image-preview:large","max-video-preview":"max-video-preview:-1"},"canonical":"https:\/\/latamjournalismreview.org\/es\/articles\/proyectos-periodisticos-de-brasil-y-mexico-se-llevan-a-casa-galardones-del-world-digital-media-awards\/","og_locale":"es_ES","og_type":"article","og_title":"Proyectos period\u00edsticos de Brasil y M\u00e9xico se llevan a casa galardones del World Digital Media Awards","og_description":"Proyectos period\u00edsticos de Brasil y M\u00e9xico se llevan a casa galardones del World Digital Media Awards Premios y oportunidades. Latin American Journalism Review by The Knight Center at The University of Texas at Austin.","og_url":"https:\/\/latamjournalismreview.org\/es\/articles\/proyectos-periodisticos-de-brasil-y-mexico-se-llevan-a-casa-galardones-del-world-digital-media-awards\/","og_site_name":"LatAm Journalism Review","article_published_time":"2019-06-04T17:02:19+00:00","article_modified_time":"2020-06-13T22:58:48+00:00","og_image":[{"width":507,"height":434,"url":"https:\/\/latamjournalismreview.org\/wp-content\/uploads\/2019\/06\/Verificado-2018-MX-e1591992569949.jpg","type":"image\/jpeg"}],"author":"Teresa Mioli","twitter_card":"summary_large_image","twitter_creator":"@TeresaMioli","twitter_site":"@LatAmJournalism","twitter_misc":{"Written by":"Teresa Mioli","Est. reading time":"2 minutos"},"schema":{"@context":"https:\/\/schema.org","@graph":[{"@type":"Article","@id":"https:\/\/latamjournalismreview.org\/es\/articles\/proyectos-periodisticos-de-brasil-y-mexico-se-llevan-a-casa-galardones-del-world-digital-media-awards\/#article","isPartOf":{"@id":"https:\/\/latamjournalismreview.org\/es\/articles\/proyectos-periodisticos-de-brasil-y-mexico-se-llevan-a-casa-galardones-del-world-digital-media-awards\/"},"author":{"name":"Teresa Mioli","@id":"https:\/\/latamjournalismreview.org\/es\/#\/schema\/person\/b83a4912f05c8178389e917d8d51de03"},"headline":"Proyectos period\u00edsticos de Brasil y M\u00e9xico se llevan a casa galardones del World Digital Media Awards","datePublished":"2019-06-04T17:02:19+00:00","dateModified":"2020-06-13T22:58:48+00:00","mainEntityOfPage":{"@id":"https:\/\/latamjournalismreview.org\/es\/articles\/proyectos-periodisticos-de-brasil-y-mexico-se-llevan-a-casa-galardones-del-world-digital-media-awards\/"},"wordCount":423,"publisher":{"@id":"https:\/\/latamjournalismreview.org\/es\/#organization"},"image":{"@id":"https:\/\/latamjournalismreview.org\/es\/articles\/proyectos-periodisticos-de-brasil-y-mexico-se-llevan-a-casa-galardones-del-world-digital-media-awards\/#primaryimage"},"thumbnailUrl":"https:\/\/latamjournalismreview.org\/wp-content\/uploads\/2019\/06\/Verificado-2018-MX-e1591992569949.jpg","keywords":["Fact-checking","M\u00e9xico","Periodismo de datos"],"articleSection":["Premios y oportunidades"],"inLanguage":"es"},{"@type":"WebPage","@id":"https:\/\/latamjournalismreview.org\/es\/articles\/proyectos-periodisticos-de-brasil-y-mexico-se-llevan-a-casa-galardones-del-world-digital-media-awards\/","url":"https:\/\/latamjournalismreview.org\/es\/articles\/proyectos-periodisticos-de-brasil-y-mexico-se-llevan-a-casa-galardones-del-world-digital-media-awards\/","name":"Proyectos period\u00edsticos de Brasil y M\u00e9xico se llevan a casa galardones del World Digital Media Awards - LatAm Journalism Review","isPartOf":{"@id":"https:\/\/latamjournalismreview.org\/es\/#website"},"primaryImageOfPage":{"@id":"https:\/\/latamjournalismreview.org\/es\/articles\/proyectos-periodisticos-de-brasil-y-mexico-se-llevan-a-casa-galardones-del-world-digital-media-awards\/#primaryimage"},"image":{"@id":"https:\/\/latamjournalismreview.org\/es\/articles\/proyectos-periodisticos-de-brasil-y-mexico-se-llevan-a-casa-galardones-del-world-digital-media-awards\/#primaryimage"},"thumbnailUrl":"https:\/\/latamjournalismreview.org\/wp-content\/uploads\/2019\/06\/Verificado-2018-MX-e1591992569949.jpg","datePublished":"2019-06-04T17:02:19+00:00","dateModified":"2020-06-13T22:58:48+00:00","description":"Proyectos period\u00edsticos de Brasil y M\u00e9xico se llevan a casa galardones del World Digital Media Awards Premios y oportunidades. Latin American Journalism Review by The Knight Center at The University of Texas at Austin.","breadcrumb":{"@id":"https:\/\/latamjournalismreview.org\/es\/articles\/proyectos-periodisticos-de-brasil-y-mexico-se-llevan-a-casa-galardones-del-world-digital-media-awards\/#breadcrumb"},"inLanguage":"es","potentialAction":[{"@type":"ReadAction","target":["https:\/\/latamjournalismreview.org\/es\/articles\/proyectos-periodisticos-de-brasil-y-mexico-se-llevan-a-casa-galardones-del-world-digital-media-awards\/"]}]},{"@type":"ImageObject","inLanguage":"es","@id":"https:\/\/latamjournalismreview.org\/es\/articles\/proyectos-periodisticos-de-brasil-y-mexico-se-llevan-a-casa-galardones-del-world-digital-media-awards\/#primaryimage","url":"https:\/\/latamjournalismreview.org\/wp-content\/uploads\/2019\/06\/Verificado-2018-MX-e1591992569949.jpg","contentUrl":"https:\/\/latamjournalismreview.org\/wp-content\/uploads\/2019\/06\/Verificado-2018-MX-e1591992569949.jpg","width":507,"height":434,"caption":"Verificado 2018 MX"},{"@type":"BreadcrumbList","@id":"https:\/\/latamjournalismreview.org\/es\/articles\/proyectos-periodisticos-de-brasil-y-mexico-se-llevan-a-casa-galardones-del-world-digital-media-awards\/#breadcrumb","itemListElement":[{"@type":"ListItem","position":1,"name":"Home","item":"https:\/\/latamjournalismreview.org\/es\/"},{"@type":"ListItem","position":2,"name":"Proyectos period\u00edsticos de Brasil y M\u00e9xico se llevan a casa galardones del World Digital Media Awards"}]},{"@type":"WebSite","@id":"https:\/\/latamjournalismreview.org\/es\/#website","url":"https:\/\/latamjournalismreview.org\/es\/","name":"LatAm Journalism Review","description":"Knight Center at The University of Texas","publisher":{"@id":"https:\/\/latamjournalismreview.org\/es\/#organization"},"potentialAction":[{"@type":"SearchAction","target":{"@type":"EntryPoint","urlTemplate":"https:\/\/latamjournalismreview.org\/es\/?s={search_term_string}"},"query-input":{"@type":"PropertyValueSpecification","valueRequired":true,"valueName":"search_term_string"}}],"inLanguage":"es"},{"@type":"Organization","@id":"https:\/\/latamjournalismreview.org\/es\/#organization","name":"LatAm Journalism Review","url":"https:\/\/latamjournalismreview.org\/es\/","logo":{"@type":"ImageObject","inLanguage":"es","@id":"https:\/\/latamjournalismreview.org\/es\/#\/schema\/logo\/image\/","url":"https:\/\/latamjournalismreview.org\/wp-content\/uploads\/2020\/05\/knight-latAm-review-logo.svg","contentUrl":"https:\/\/latamjournalismreview.org\/wp-content\/uploads\/2020\/05\/knight-latAm-review-logo.svg","width":"1024","height":"1024","caption":"LatAm Journalism Review"},"image":{"@id":"https:\/\/latamjournalismreview.org\/es\/#\/schema\/logo\/image\/"},"sameAs":["https:\/\/x.com\/LatAmJournalism"]},{"@type":"Person","@id":"https:\/\/latamjournalismreview.org\/es\/#\/schema\/person\/b83a4912f05c8178389e917d8d51de03","name":"Teresa Mioli","description":"Teresa Mioli is the editorial manager for the Knight Center for Journalism in the Americas. She is interested in press freedom, democratization, and investigative journalism in Latin America and is dedicated to increasing awareness about the importance of independent news media to the health of democracies. She produces journalistic work with the aim of helping people to make informed decisions about their lives and societies and wants to make sure other journalists are able to do the same. She has Bachelors' degrees in Journalism and Plan II Honors (Liberal Arts) and a Master's degree in Latin American Studies, all from the University of Texas at Austin. She started her journalistic career at The Beaumont Enterprise in Southeast Texas where she last worked as a breaking news reporter. ______ Teresa Mioli es la directora editorial del Centro Knight para el Periodismo en las Am\u00e9ricas. Es una periodista con inter\u00e9s en la libertad de prensa, la democratizaci\u00f3n y el periodismo investigativo en Am\u00e9rica Latina y est\u00e1 dedicada a crear mayor consciencia sobre la importancia de los medios noticiosos independientes para la salud de las democracias. El objetivo de su trabajo period\u00edstico es ayudar las personas para que tomen decisiones informadas sobre sus vidas y sus sociedades, y busca que otros periodistas tengan la posibilidad de hacer lo mismo. Teresa tiene una licenciatura en Periodismo y Artes liberales (Plan II Honors), y una maestr\u00eda en Estudios Latinoamericanos, todos de la Universidad de Texas en Austin. Empez\u00f3 su carrera en periodismo en The Beaumont Enterprise al sureste de Texas, en donde recientemente trabaj\u00f3 como reportera de noticias de \u00faltima hora. Anteriormente ella fue la editora de LatAm Journalism Review del Centro Knight. ______ Teresa Mioli \u00e9 gerente editorial do Centro Knight para o Jornalismo nas Am\u00e9ricas. Ela se interessa por liberdade de imprensa, democratiza\u00e7\u00e3o e jornalismo investigativo na Am\u00e9rica Latina e se dedica a aumentar a conscientiza\u00e7\u00e3o sobre a import\u00e2ncia da m\u00eddia independente para a sa\u00fade das democracias. Ela produz trabalhos jornal\u00edsticos com o objetivo de ajudar as pessoas a tomarem decis\u00f5es informadas sobre suas vidas e sociedades e deseja garantir que outros jornalistas possam fazer o mesmo. Ela tem bacharelado em jornalismo e artes liberais e um mestrado em Estudos Latino-Americanos, todos pela Universidade do Texas em Austin. Ela come\u00e7ou sua carreira jornal\u00edstica na The Beaumont Enterprise no sudeste do Texas, onde trabalhou pela \u00faltima vez como rep\u00f3rter de not\u00edcias de \u00faltima hora.","sameAs":["https:\/\/x.com\/TeresaMioli"],"url":"https:\/\/latamjournalismreview.org\/es\/articles\/author\/teresa-mioli\/"}]}},"_links":{"self":[{"href":"https:\/\/latamjournalismreview.org\/es\/wp-json\/wp\/v2\/posts\/7011","targetHints":{"allow":["GET"]}}],"collection":[{"href":"https:\/\/latamjournalismreview.org\/es\/wp-json\/wp\/v2\/posts"}],"about":[{"href":"https:\/\/latamjournalismreview.org\/es\/wp-json\/wp\/v2\/types\/post"}],"author":[{"embeddable":true,"href":"https:\/\/latamjournalismreview.org\/es\/wp-json\/wp\/v2\/users\/3"}],"replies":[{"embeddable":true,"href":"https:\/\/latamjournalismreview.org\/es\/wp-json\/wp\/v2\/comments?post=7011"}],"version-history":[{"count":4,"href":"https:\/\/latamjournalismreview.org\/es\/wp-json\/wp\/v2\/posts\/7011\/revisions"}],"predecessor-version":[{"id":7198,"href":"https:\/\/latamjournalismreview.org\/es\/wp-json\/wp\/v2\/posts\/7011\/revisions\/7198"}],"wp:featuredmedia":[{"embeddable":true,"href":"https:\/\/latamjournalismreview.org\/es\/wp-json\/wp\/v2\/media\/7002"}],"wp:attachment":[{"href":"https:\/\/latamjournalismreview.org\/es\/wp-json\/wp\/v2\/media?parent=7011"}],"wp:term":[{"taxonomy":"category","embeddable":true,"href":"https:\/\/latamjournalismreview.org\/es\/wp-json\/wp\/v2\/categories?post=7011"},{"taxonomy":"post_tag","embeddable":true,"href":"https:\/\/latamjournalismreview.org\/es\/wp-json\/wp\/v2\/tags?post=7011"},{"taxonomy":"author","embeddable":true,"href":"https:\/\/latamjournalismreview.org\/es\/wp-json\/wp\/v2\/coauthors?post=7011"}],"curies":[{"name":"wp","href":"https:\/\/api.w.org\/{rel}","templated":true}]}}