{"id":71414,"date":"2023-01-17T19:58:07","date_gmt":"2023-01-18T00:58:07","guid":{"rendered":"https:\/\/latamjournalismreview.org\/?p=71414"},"modified":"2023-01-19T14:25:45","modified_gmt":"2023-01-19T19:25:45","slug":"tras-vivir-el-ano-mas-violento-para-la-prensa-en-2022-periodistas-de-peru-inician-2023-con-casi-un-ataque-al-dia-al-cubrir-la-crisis-social","status":"publish","type":"post","link":"https:\/\/latamjournalismreview.org\/es\/articles\/tras-vivir-el-ano-mas-violento-para-la-prensa-en-2022-periodistas-de-peru-inician-2023-con-casi-un-ataque-al-dia-al-cubrir-la-crisis-social\/","title":{"rendered":"Tras vivir el a\u00f1o m\u00e1s violento para la prensa en 2022, periodistas de Per\u00fa inician 2023 con casi un ataque al d\u00eda al cubrir la crisis social"},"content":{"rendered":"<p dir=\"ltr\">El fotoperiodista Aldair Mej\u00eda se encontraba en las inmediaciones del aeropuerto Inca Manco C\u00e1pac, en la ciudad peruana de Juliaca, departamento de Puno,\u00a0al sur de Per\u00fa,\u00a0cubriendo enfrentamientos entre manifestantes y polic\u00edas cuando fue herido en una pierna y amenazado de muerte por agentes del orden.<\/p>\n<p dir=\"ltr\">Era 7 de enero de 2023, justo el d\u00eda en que se cumpli\u00f3 un mes de la destituci\u00f3n y arresto del presidente Pedro Castillo, lo cual dio pie al inicio de una serie de violentas protestas que han dejado\u00a0<a href=\"https:\/\/www.nytimes.com\/es\/2023\/01\/10\/espanol\/peru-protestas.html\" target=\"_blank\" rel=\"noopener noreferrer\"><u>casi 50 personas muertas hasta el 10 de enero<\/u><\/a> en varias ciudades del pa\u00eds. Desde ese d\u00eda, se han registrado\u00a0<a href=\"https:\/\/www.ifj.org\/es\/centro-de-medios\/noticias\/detalle\/category\/press-releases\/article\/peru-anp-lleva-registrados-72-ataques-a-la-prensa-desde-el-7-de-diciembre.html\" target=\"_blank\" rel=\"noopener noreferrer\"><u>m\u00e1s de 70 casos de agresiones de distinta \u00edndole contra miembros de la prensa<\/u><\/a>, 9 de ellos\u00a0<a href=\"https:\/\/www.resumenlatinoamericano.org\/2023\/01\/12\/peru-exigen-cese-de-ataques-a-la-prensa-y-garantias-para-cubrir-protestas\/\" target=\"_blank\" rel=\"noopener noreferrer\"><u>en los 10 primeros d\u00edas de 2023<\/u><\/a>.<\/p>\n<p dir=\"ltr\">Mej\u00eda cont\u00f3 que alrededor de las 10:00 de la ma\u00f1ana, poco despu\u00e9s de iniciada la protesta, dos polic\u00edas se le acercaron corriendo y uno de ellos lo derrib\u00f3 con su escudo antimotines.<\/p>\n<div id=\"attachment_71424\" style=\"width: 460px\" class=\"wp-caption alignleft\"><img loading=\"lazy\" decoding=\"async\" aria-describedby=\"caption-attachment-71424\" class=\"wp-image-71424 \" src=\"https:\/\/latamjournalismreview.org\/wp-content\/uploads\/2023\/01\/Screen-Shot-2023-01-18-at-0.11.16.png\" alt=\"Peruvian photojournalist Aldair Mejia.\" width=\"450\" height=\"260\" srcset=\"https:\/\/latamjournalismreview.org\/wp-content\/uploads\/2023\/01\/Screen-Shot-2023-01-18-at-0.11.16.png 2732w, https:\/\/latamjournalismreview.org\/wp-content\/uploads\/2023\/01\/Screen-Shot-2023-01-18-at-0.11.16-300x173.png 300w, https:\/\/latamjournalismreview.org\/wp-content\/uploads\/2023\/01\/Screen-Shot-2023-01-18-at-0.11.16-1024x591.png 1024w, https:\/\/latamjournalismreview.org\/wp-content\/uploads\/2023\/01\/Screen-Shot-2023-01-18-at-0.11.16-768x443.png 768w, https:\/\/latamjournalismreview.org\/wp-content\/uploads\/2023\/01\/Screen-Shot-2023-01-18-at-0.11.16-1536x887.png 1536w, https:\/\/latamjournalismreview.org\/wp-content\/uploads\/2023\/01\/Screen-Shot-2023-01-18-at-0.11.16-2048x1182.png 2048w\" sizes=\"auto, (max-width: 450px) 100vw, 450px\" \/><p id=\"caption-attachment-71424\" class=\"wp-caption-text\">El fotoperiodista Aldair Mej\u00eda recibi\u00f3 el impacto de un perdig\u00f3n de goma en una pierna mientras cubr\u00eda las protestas en Per\u00fa. (Foto: Twitter de IPYS)<\/p><\/div>\n<p dir=\"ltr\">\u201cYo le digo \u2018\u00a1prensa, prensa, soy prensa!\u2019 Y me dec\u00eda que yo era rebelde. En realidad no soy rebelde, solamente soy prensa. Agarr\u00f3 mi credencial fuerte y como que la quer\u00eda romper\u201d, relat\u00f3 Mej\u00eda al\u00a0<a href=\"https:\/\/twitter.com\/ipys\/status\/1611861459998310400?s=12&amp;t=skUHYRR7O9MHG7F7fSV9vA\" target=\"_blank\" rel=\"noopener noreferrer\"><u>Instituto Prensa y Sociedad (IPYS) de Per\u00fa<\/u><\/a>.<\/p>\n<p dir=\"ltr\">Mientras el fotoperiodista intentaba ponerse de pie y retirarse, el agente intent\u00f3 quitarle su c\u00e1mara y lo amenaz\u00f3 dici\u00e9ndole que si no se iba de ah\u00ed, le \u201cvolar\u00eda la cabeza\u201d,\u00a0<a href=\"https:\/\/www.infobae.com\/america\/peru\/2023\/01\/08\/las-agresiones-de-la-pnp-contra-los-periodistas-que-cubren-las-protestas-en-puno\/\" target=\"_blank\" rel=\"noopener noreferrer\"><u>seg\u00fan cont\u00f3 Mej\u00eda a la Asociaci\u00f3n Nacional de Periodistas del Per\u00fa (ANP)<\/u><\/a>. Pero fue cuando, momentos m\u00e1s tarde, el periodista se coloc\u00f3 entre los manifestantes y la polic\u00eda para captar im\u00e1genes que recibi\u00f3 un disparo por parte de los agentes.<\/p>\n<p dir=\"ltr\">\u201cJusto estaba viendo mi celular y en unos segundos ya veo que se me adormeci\u00f3 la pierna y dije \u2018pucha\u2019 y me doli\u00f3. Y luego me veo y estaba con sangre y me alz\u00f3 [el pantal\u00f3n] y era un hueco y la gente gritaba \u2018\u00a1perdig\u00f3n, perdig\u00f3n!, \u2018\u00a1bala bala!\u2019\u201d, dijo Mej\u00eda, quien agreg\u00f3 que en un inicio no sinti\u00f3 mucho dolor, pero conforme pasaron unos minutos comenz\u00f3 a sentirlo.<\/p>\n<p dir=\"ltr\">\u201cLos manifestantes me llevaron cargando a un mercadito, me aislaron de la polic\u00eda, y ah\u00ed es donde me limpiaron la sangre, me amarraron con el pasador ac\u00e1 en la rodilla para que la sangre no saliera mucho\u201d, relat\u00f3.<\/p>\n<p dir=\"ltr\">Mej\u00eda fue trasladado a la Cl\u00ednica Americana de Juliaca, donde, de acuerdo con reportes de la ANP, las autoridades de la instituci\u00f3n intentaron desinformar sobre el origen de la herida en la pierna del fotoperiodista.<\/p>\n<p dir=\"ltr\">\u201cLo que m\u00e1s deploramos desde la Asociaci\u00f3n Nacional de Periodistas es que tenemos informaci\u00f3n que han querido cambiar el parte m\u00e9dico. A pesar de que es un perdig\u00f3n de goma, el jefe de la cl\u00ednica ha querido decir que es el impacto de una piedra\u201d,\u00a0<a href=\"https:\/\/www.infobae.com\/america\/peru\/2023\/01\/08\/las-agresiones-de-la-pnp-contra-los-periodistas-que-cubren-las-protestas-en-puno\/\" target=\"_blank\" rel=\"noopener noreferrer\"><u>denunci\u00f3 Zuliana Lainez, presidenta de la ANP<\/u><\/a>.<\/p>\n<p dir=\"ltr\">Mej\u00eda no fue el \u00fanico periodista atacado por polic\u00edas durante las manifestaciones en Juliaca. El IPYS report\u00f3 que Jos\u00e9 Yupanqui, de la cadena Exitosa Noticias, y Reynaldo Coila, de la estaci\u00f3n local Juliaca la Decana, fueron agredidos a empujones para evitar que realizaran cobertura de los enfrentamientos entre agentes y manifestantes.<\/p>\n<p dir=\"ltr\">\u201cEn todo momento los periodistas se identificaron como prensa y ense\u00f1aron sus credenciales. Los agentes de la polic\u00eda se las intentaron arrancar mientras los insultaban y amenazaban\u201d, se lee\u00a0<a href=\"https:\/\/ipys.org\/libertad-de-expresion\/alertas\/peru-policias-agreden-a-periodistas-para-impedir-cobertura-e-intentan-arranchar-sus-credenciales\" target=\"_blank\" rel=\"noopener noreferrer\"><u>en un comunicado publicado por el IPYS<\/u><\/a>.<\/p>\n<p dir=\"ltr\">Dos d\u00edas antes, el 5 de enero, periodistas sufrieron agresiones y hostigamiento en Lima, la capital del pa\u00eds, durante protestas contra el gobierno de Dina Boluarte, quien asumi\u00f3 el poder tras la destituci\u00f3n de Castillo.<\/p>\n<p dir=\"ltr\">El reportero de la cadena Panorama TV Bryan Mat\u00edas\u00a0<a href=\"https:\/\/www.infobae.com\/america\/peru\/2023\/01\/05\/hostigan-y-lanzan-agua-a-reportero-de-panorama-que-cubria-protesta-en-avenida-abancay\/\" target=\"_blank\" rel=\"noopener noreferrer\"><u>fue impedido de cubrir los hechos luego que manifestantes le arrojaron agua y objetos<\/u><\/a>, adem\u00e1s de lanzarle insultos.<\/p>\n<div id=\"attachment_71415\" style=\"width: 460px\" class=\"wp-caption alignright\"><img loading=\"lazy\" decoding=\"async\" aria-describedby=\"caption-attachment-71415\" class=\"wp-image-71415 \" src=\"https:\/\/latamjournalismreview.org\/wp-content\/uploads\/2023\/01\/Screen-Shot-2023-01-18-at-0.14.33.png\" alt=\"Peruvian journalist Josefina Townsend is surrounded by protesters during a protest.\" width=\"450\" height=\"243\" srcset=\"https:\/\/latamjournalismreview.org\/wp-content\/uploads\/2023\/01\/Screen-Shot-2023-01-18-at-0.14.33.png 2861w, https:\/\/latamjournalismreview.org\/wp-content\/uploads\/2023\/01\/Screen-Shot-2023-01-18-at-0.14.33-300x162.png 300w, https:\/\/latamjournalismreview.org\/wp-content\/uploads\/2023\/01\/Screen-Shot-2023-01-18-at-0.14.33-1024x554.png 1024w, https:\/\/latamjournalismreview.org\/wp-content\/uploads\/2023\/01\/Screen-Shot-2023-01-18-at-0.14.33-768x415.png 768w, https:\/\/latamjournalismreview.org\/wp-content\/uploads\/2023\/01\/Screen-Shot-2023-01-18-at-0.14.33-1536x831.png 1536w, https:\/\/latamjournalismreview.org\/wp-content\/uploads\/2023\/01\/Screen-Shot-2023-01-18-at-0.14.33-2048x1107.png 2048w\" sizes=\"auto, (max-width: 450px) 100vw, 450px\" \/><p id=\"caption-attachment-71415\" class=\"wp-caption-text\">Manifestantes jalaron del cabello a la periodista de TV Josefina Townsend. (Foto: Captura de pantalla de YouTube)<\/p><\/div>\n<p dir=\"ltr\">El fot\u00f3grafo Walter Hupiu fue golpeado y jaloneado por oficiales de la Polic\u00eda Nacional de Per\u00fa, pese a que iba claramente identificado como trabajador de la prensa.<\/p>\n<p dir=\"ltr\">\u201cA sabiendas de la funci\u00f3n que estoy realizando, a sabiendas de que soy personal laborando en prensa, intentaron enmarrocarme [esposarme]. [\u2026] Lo \u00fanico, pienso yo, que estaba impidiendo que me enmarrocaran fue que yo ya estaba en el suelo y estaba siendo arrastrado. Entonces esto no puede ser normalizado, esto no puede ser de ninguna manera recibido por la opini\u00f3n p\u00fablica como que es un procedimiento\u201d,\u00a0<a href=\"https:\/\/twitter.com\/jaimeherreracaj\/status\/1612869126393065472?s=46&amp;t=skUHYRR7O9MHG7F7fSV9vA\" target=\"_blank\" rel=\"noopener noreferrer\"><u>dijo Hupiu durante una conferencia<\/u><\/a> de prensa que ofrecieron el 10 de enero representantes de la ANP, el IPYS y otras organizaciones de defensa de la libertad de prensa, que se reunieron para condenar conjuntamente la violencia hacia la prensa y exigir medidas de protecci\u00f3n para los periodistas.<\/p>\n<p dir=\"ltr\">\u201cLos atropellos a la libertad de informar en una democracia son inadmisibles. Rechazamos cualquier abuso de autoridad, ya que estos incidentes no son casos aislados. Exigimos garant\u00edas para las y los compa\u00f1eros que cubren informaci\u00f3n en las protestas y exigimos el cese del hostigamiento y las amenazas a la libertad de prensa\u201d, se lee en\u00a0<a href=\"https:\/\/larepublica.pe\/politica\/actualidad\/2023\/01\/10\/protestas-en-peru-gremios-periodisticos-rechazan-represion-contra-la-prensa-anp-ipys-cnddhh-noticia\/\" target=\"_blank\" rel=\"noopener noreferrer\"><u>el pronunciamiento conjunto<\/u><\/a> presentado en la conferencia de prensa, en la cual tambi\u00e9n estuvieron presentes representantes la Coordinadora Nacional de Derechos Humanos de Per\u00fa (CNDDHH), la Asociaci\u00f3n de Fotoperiodistas y la Coordinadora Nacional de Comunicaciones.<\/p>\n<p dir=\"ltr\">La prensa de Per\u00fa tuvo el a\u00f1o m\u00e1s violento en lo que va del siglo en 2022. El a\u00f1o pasado se registraron 303 ataques a periodistas y medios de comunicaci\u00f3n en ese pa\u00eds, lo cual supera el r\u00e9cord de 2020, cuando fueron registradas 239 agresiones, de acuerdo con el\u00a0<a href=\"https:\/\/anp.org.pe\/anp-registro-303-ataques-a-la-libertad-de-prensa-durante-el-ano-2022\/\" target=\"_blank\" rel=\"noopener noreferrer\"><u>informe anual de la ANP<\/u><\/a>.<\/p>\n<p dir=\"ltr\">Diciembre fue el mes con m\u00e1s ataques a los equipos de prensa en 2022, con 63 casos registrados. Las protestas sociales tras la destituci\u00f3n de Castillo y en contra del gobierno de Boluarte han sido el principal factor detr\u00e1s del incremento de agresiones a la prensa. De acuerdo con la ANP, un alto porcentaje de la violencia registrada durante diciembre provino de manifestantes.<\/p>\n<p dir=\"ltr\">Uno de los primeros casos ese mes fue el de la periodista Josefina Townsend, del programa de televisi\u00f3n \u201cS\u00e1lvese Quien Pueda\u201d, quien el 7 de enero\u00a0<a href=\"https:\/\/elcomercio.pe\/lima\/sucesos\/josefina-townsend-periodista-fue-agredida-e-insultada-por-manifestantes-cerca-del-congreso-de-la-republica-video-centro-de-lima-pedro-castillo-rmmn-noticia\/?ref=ecr\" target=\"_blank\" rel=\"noopener noreferrer\"><u>fue rodeada por manifestantes mientras cubr\u00eda el inicio de las protestas cerca del Congreso de Per\u00fa, en Lima<\/u><\/a>. Una persona la jal\u00f3 del cabello mientras varias m\u00e1s le propinaban insultos. Cuando intent\u00f3 huir, manifestantes la siguieron, continuaron insult\u00e1ndola y le arrojaron objetos.<\/p>\n<p dir=\"ltr\">D\u00edas despu\u00e9s, el 10 de diciembre, en la ciudad de Huacho, agentes de la polic\u00eda golpearon con sus toletes a los periodistas Williams Moreno, de la estaci\u00f3n Radio Stereo 92.1, y Sergio Garc\u00eda, de Radio M\u00e1xima,\u00a0<a href=\"https:\/\/twitter.com\/anp_periodistas\/status\/1601740024340701185\" target=\"_blank\" rel=\"noopener noreferrer\"><u>mientras intentaban captar en video la brutalidad policiaca llevada a cabo contra manifestantes en una carretera<\/u><\/a>.<\/p>\n<p dir=\"ltr\">El 12 de diciembre fue uno de los d\u00edas m\u00e1s violentos del mes para los medios peruanos. En la ciudad de Ica, al sur del pa\u00eds, el periodista Al\u00ed Ayala y su compa\u00f1ero camar\u00f3grafo Rafael Palacios, de la cadena TV Per\u00fa, realizaban un enlace en vivo desde un punto de protestas en una carretera cuando se acerc\u00f3 un autob\u00fas del cual descendieron sujetos que se abalanzaron contra los comunicadores.<\/p>\n<p dir=\"ltr\">Uno de los agresores comenz\u00f3 a golpearlos con una manguera con punta met\u00e1lica hasta que ambos cayeron al piso para luego ser pateados. Los agresores rompieron los cristales del veh\u00edculo de Ayala y Palacios y destruyeron su c\u00e1mara.<\/p>\n<p dir=\"ltr\">\u201cEntendemos sus reclamos, la situaci\u00f3n de crisis que se vive en el pa\u00eds, pero se han venido en contra de nuestro medio de comunicaci\u00f3n, que en realidad estamos cubriendo todas estas protestas, todos estos reclamos, y fueron directamente, sin mediar palabras, a agredirnos, a rompernos el equipo de televisi\u00f3n\u201d,\u00a0<a href=\"https:\/\/peru21.pe\/peru\/manifestantes-agreden-a-equipo-periodistico-de-tv-peru-en-ica-nos-atacaron-e-intentaron-robarnos-video-equipo-periodistico-periodistas-ataques-violencia-manifestantes-colegio-de-periodistas-del-peru-noticia\/\" target=\"_blank\" rel=\"noopener noreferrer\"><u>narr\u00f3 Ayala durante la transmisi\u00f3n de TV Per\u00fa<\/u><\/a>.<\/p>\n<div id=\"attachment_71427\" style=\"width: 460px\" class=\"wp-caption alignleft\"><img loading=\"lazy\" decoding=\"async\" aria-describedby=\"caption-attachment-71427\" class=\"wp-image-71427 \" src=\"https:\/\/latamjournalismreview.org\/wp-content\/uploads\/2023\/01\/Screen-Shot-2023-01-18-at-0.17.59.png\" alt=\"Protesters turn a press vehicle on its side during a protest in streets of Peru.\" width=\"450\" height=\"317\" srcset=\"https:\/\/latamjournalismreview.org\/wp-content\/uploads\/2023\/01\/Screen-Shot-2023-01-18-at-0.17.59.png 2080w, https:\/\/latamjournalismreview.org\/wp-content\/uploads\/2023\/01\/Screen-Shot-2023-01-18-at-0.17.59-300x211.png 300w, https:\/\/latamjournalismreview.org\/wp-content\/uploads\/2023\/01\/Screen-Shot-2023-01-18-at-0.17.59-1024x721.png 1024w, https:\/\/latamjournalismreview.org\/wp-content\/uploads\/2023\/01\/Screen-Shot-2023-01-18-at-0.17.59-768x541.png 768w, https:\/\/latamjournalismreview.org\/wp-content\/uploads\/2023\/01\/Screen-Shot-2023-01-18-at-0.17.59-1536x1082.png 1536w, https:\/\/latamjournalismreview.org\/wp-content\/uploads\/2023\/01\/Screen-Shot-2023-01-18-at-0.17.59-2048x1442.png 2048w\" sizes=\"auto, (max-width: 450px) 100vw, 450px\" \/><p id=\"caption-attachment-71427\" class=\"wp-caption-text\">La unidad m\u00f3vil de la cadena Exitosa TV qued\u00f3 sobre su costado luego que manifestantes lo atacaron y agredieron a su conductor. (Foto: Captura de pantalla de YouTube)<\/p><\/div>\n<p dir=\"ltr\">Ese mismo d\u00eda, las instalaciones de al menos cuatro medios de comunicaci\u00f3n fueron vandalizadas de forma violenta en Lima. Un grupo de alrededor de 20 personas llegaron a la sede de Panamericana Televisi\u00f3n, lanzaron piedras hacia los cristales e ingresaron al edificio.\u00a0<a href=\"https:\/\/cdn.jwplayer.com\/previews\/5PTj7acT\" target=\"_blank\" rel=\"noopener noreferrer\"><u>De acuerdo con im\u00e1genes difundidas en redes sociales<\/u><\/a>, el lobby del canal qued\u00f3 parcialmente destruido. Los agresores lograron ingresar hasta el \u00e1rea de los foros y las piedras que lanzaron alcanzaron el segundo piso, donde laboran periodistas. Posteriormente, el grupo de personas se dirigi\u00f3 a las sedes de Canal N y Am\u00e9rica Televisi\u00f3n,\u00a0<a href=\"https:\/\/www.infobae.com\/america\/peru\/2022\/12\/13\/estudios-de-america-canal-n-y-panamericana-son-victimas-de-ataques-vandalicos\/\" target=\"_blank\" rel=\"noopener noreferrer\"><u>donde realizaron actos similares<\/u><\/a>.<\/p>\n<p dir=\"ltr\">Tambi\u00e9n en Lima, esa misma noche, un veh\u00edculo de la cadena Exitosa Noticias fue vandalizado y su conductor, V\u00edctor Nolly, quien se encontraba al interior esperando a sus compa\u00f1eros reportera y camar\u00f3grafo, fue golpeado e insultado. En im\u00e1genes transmitidas por TV, se puede ver a un grupo de personas que balancea el autom\u00f3vil hasta voltearlo sobre su costado.<\/p>\n<p dir=\"ltr\">\u201cDelincuentes han atentado contra @exitosape. Han destruido nuestra unidad m\u00f3vil y golpeado\u00a0 al chofer que la conduc\u00eda. Esto no es protesta pac\u00edfica\u201d,\u00a0<a href=\"https:\/\/twitter.com\/jesusverdeL\/status\/1602470318315954176?s=20&amp;t=fH16iKWTL1A9dDb2Bb9OJA\" target=\"_blank\" rel=\"noopener noreferrer\"><u>tuite\u00f3 el periodista Jes\u00fas Verde<\/u><\/a>.<\/p>\n<p dir=\"ltr\">Ante hechos de tal magnitud, las condenas y el repudio por parte de la sociedad y de organizaciones defensoras de derechos humanos no se hicieron esperar. El Relator Especial para la Libertad de Expresi\u00f3n de la Comisi\u00f3n Interamericana de Derechos Humanos (CIDH), Pedro Vaca, mostr\u00f3 preocupaci\u00f3n por los acontecimientos y\u00a0<a href=\"https:\/\/ojo-publico.com\/4202\/cidh-denuncia-terruqueo-y-estigmatizacion-parte-autoridades\" target=\"_blank\" rel=\"noopener noreferrer\"><u>viaj\u00f3 a ese pa\u00eds<\/u><\/a> para observar de cerca las condiciones en que se desarrolla la cobertura period\u00edstica.<\/p>\n<p dir=\"ltr\">\u201cSumarme a la preocupaci\u00f3n con respecto a las condiciones de seguridad para el despliegue period\u00edstico y en rechazo de toda violencia que se ha ejercido en las \u00faltimas semanas. Es importante hacer un llamado expreso a las autoridades para que contribuyan a un ambiente favorable para la deliberaci\u00f3n p\u00fablica\u201d, dijo Vaca en un audio reproducido\u00a0<a href=\"https:\/\/larepublica.pe\/politica\/actualidad\/2023\/01\/10\/protestas-en-peru-gremios-periodisticos-rechazan-represion-contra-la-prensa-anp-ipys-cnddhh-noticia\/\" target=\"_blank\" rel=\"noopener noreferrer\"><u>durante la conferencia de organizaciones de defensa de la libertad de prensa del 10 de enero<\/u><\/a>.<\/p>\n<p dir=\"ltr\">Durante el mismo evento, la presidenta de la ANP dijo que los ataques contra los periodistas representan una conducta sistem\u00e1tica que viene de tiempo atr\u00e1s y que esto se debe en gran medida a que no existe en Per\u00fa un protocolo para garantizar el ejercicio seguro del periodismo.<\/p>\n<p dir=\"ltr\">\u201cNuestra invocaci\u00f3n primero es que de inmediato se individualicen responsabilidades [\u2026]. Queremos un proceso r\u00e1pido de inspector\u00eda, saber qui\u00e9n es el responsable [de cada ataque], que se les sancione ejemplarmente para evitar que estos hechos se vuelvan a repetir. Eso, y establecer cuanto antes un protocolo de actuaci\u00f3n entre la prensa y la polic\u00eda es fundamental\u201d, dijo Lainez\u00a0<a href=\"https:\/\/www.youtube.com\/watch?v=oIngnTVKcxI\" target=\"_blank\" rel=\"noopener noreferrer\"><u>al noticiario 24 Horas<\/u><\/a> tras la conferencia de prensa.<\/p>\n<p dir=\"ltr\">Por su parte, Adriana Le\u00f3n, jefa del \u00c1rea de libertad de prensa del IPYS,\u00a0<a href=\"https:\/\/larepublica.pe\/politica\/actualidad\/2023\/01\/10\/protestas-en-peru-gremios-periodisticos-rechazan-represion-contra-la-prensa-anp-ipys-cnddhh-noticia\/\" target=\"_blank\" rel=\"noopener noreferrer\"><u>dijo que la prensa tiene un rol fundamental en la crisis pol\u00edtica y social que vive Per\u00fa actualmente<\/u><\/a> y lament\u00f3 que los medios de comunicaci\u00f3n no est\u00e9n registrando la situaci\u00f3n como deber\u00edan.<\/p>\n<div id=\"attachment_71430\" style=\"width: 417px\" class=\"wp-caption alignright\"><img loading=\"lazy\" decoding=\"async\" aria-describedby=\"caption-attachment-71430\" class=\"wp-image-71430 \" src=\"https:\/\/latamjournalismreview.org\/wp-content\/uploads\/2023\/01\/Zuliana-Lainez.jpeg\" alt=\"Zuliana Lainez, president of the Nacional Association of Journalists of Peru.\" width=\"407\" height=\"407\" srcset=\"https:\/\/latamjournalismreview.org\/wp-content\/uploads\/2023\/01\/Zuliana-Lainez.jpeg 400w, https:\/\/latamjournalismreview.org\/wp-content\/uploads\/2023\/01\/Zuliana-Lainez-300x300.jpeg 300w, https:\/\/latamjournalismreview.org\/wp-content\/uploads\/2023\/01\/Zuliana-Lainez-150x150.jpeg 150w\" sizes=\"auto, (max-width: 407px) 100vw, 407px\" \/><p id=\"caption-attachment-71430\" class=\"wp-caption-text\">Zuliana Lainez, presidenta de la ANP, dijo que los ataques contra los periodistas en Per\u00fa representan una conducta sistem\u00e1tica que viene de tiempo atr\u00e1s. (Foto: Twitter)<\/p><\/div>\n<p dir=\"ltr\">Representantes del Consejo de Prensa Peruana (CPP) se reunieron a fines de diciembre con la presidenta Boluarte para solicitarle que firme\u00a0<a href=\"https:\/\/media.sipiapa.org\/adjuntos\/185\/documentos\/001\/819\/0001819181.pdf\" target=\"_blank\" rel=\"noopener noreferrer\"><u>la Declaraci\u00f3n de Chapultepec<\/u><\/a>, el dec\u00e1logo que compromete a los gobiernos firmantes a garantizar el respeto a las libertades de expresi\u00f3n y de prensa por sobre cualquier ley o acto de poder.<\/p>\n<p dir=\"ltr\">La presidenta del CPP, Mar\u00eda Eugenia Mohme, dijo que ella y otros directivos de la organizaci\u00f3n\u00a0<a href=\"https:\/\/peru21.pe\/politica\/presidenta-dina-boluarte-se-reunio-con-directivos-del-consejo-de-la-prensa-peruana-noticia\/\" target=\"_blank\" rel=\"noopener noreferrer\"><u>le expresaron a la mandataria su preocupaci\u00f3n por las muertes en las protestas y por la integridad de los periodistas<\/u><\/a> en medio de los desmanes. Le pidieron medidas para que la prensa pueda desarrollar su labor.<\/p>\n<p dir=\"ltr\">Por su parte, la Sociedad Interamericana de Prensa (SIP) expres\u00f3 su alarma ante los peligros que est\u00e1n enfrentando los periodistas peruanos, quienes, dijo, han visto obstaculizado su trabajo durante la cobertura informativa debido a agresiones, amenazas y robo de equipo.<\/p>\n<p>\u201c[Instamos a las autoridades a] activar con urgencia sus protocolos de seguridad y protecci\u00f3n para prevenir que los periodistas se expongan a riesgos durante su trabajo\u201d, <a href=\"https:\/\/www.sipiapa.org\/notas\/1215664-la-sip-condena-agresiones-y-obstruccion-al-trabajo-la-prensa-peru\" target=\"_blank\" rel=\"noopener noreferrer\"><u>expres\u00f3 Carlos Jornet<\/u><\/a>, presidente de la Comisi\u00f3n de Libertad de Prensa e Informaci\u00f3n de la SIP, en un comunicado.<\/p>\n","protected":false},"excerpt":{"rendered":"<p>A poco m\u00e1s de un mes de la salida del presidente Pedro Castillo, la prensa peruana ha vivido m\u00e1s de 70 casos de agresiones que incluyen golpes, insultos y vandalizaci\u00f3n de equipo e instalaciones por parte de manifestantes, as\u00ed como amenazas, obstaculizaci\u00f3n de coberturas y hasta un ataque con balas de goma a manos de polic\u00edas.<\/p>\n","protected":false},"author":19,"featured_media":71421,"comment_status":"closed","ping_status":"closed","sticky":false,"template":"","format":"standard","meta":{"inline_featured_image":false,"footnotes":""},"categories":[1222],"tags":[1505],"coauthors":[],"class_list":["post-71414","post","type-post","status-publish","format-standard","has-post-thumbnail","hentry","category-violencia-contra-periodistas-es","tag-peru-es"],"acf":[],"yoast_head":"<!-- This site is optimized with the Yoast SEO Premium plugin v22.6 (Yoast SEO v27.4) - https:\/\/yoast.com\/product\/yoast-seo-premium-wordpress\/ -->\n<title>Tras vivir el a\u00f1o m\u00e1s violento para la prensa en 2022, periodistas de Per\u00fa inician 2023 con casi un ataque al d\u00eda al cubrir la crisis social - LatAm Journalism Review<\/title>\n<meta name=\"description\" content=\"Tras vivir el a\u00f1o m\u00e1s violento para la prensa en 2022, periodistas de Per\u00fa inician 2023 con casi un ataque al d\u00eda al cubrir la crisis social Violencia contra periodistas. Latin American Journalism Review by The Knight Center at The University of Texas at Austin.\" \/>\n<meta name=\"robots\" content=\"index, follow, max-snippet:-1, max-image-preview:large, max-video-preview:-1\" \/>\n<link rel=\"canonical\" href=\"https:\/\/latamjournalismreview.org\/es\/articles\/tras-vivir-el-ano-mas-violento-para-la-prensa-en-2022-periodistas-de-peru-inician-2023-con-casi-un-ataque-al-dia-al-cubrir-la-crisis-social\/\" \/>\n<meta property=\"og:locale\" content=\"es_ES\" \/>\n<meta property=\"og:type\" content=\"article\" \/>\n<meta property=\"og:title\" content=\"Tras vivir el a\u00f1o m\u00e1s violento para la prensa en 2022, periodistas de Per\u00fa inician 2023 con casi un ataque al d\u00eda al cubrir la crisis social\" \/>\n<meta property=\"og:description\" content=\"Tras vivir el a\u00f1o m\u00e1s violento para la prensa en 2022, periodistas de Per\u00fa inician 2023 con casi un ataque al d\u00eda al cubrir la crisis social Violencia contra periodistas. Latin American Journalism Review by The Knight Center at The University of Texas at Austin.\" \/>\n<meta property=\"og:url\" content=\"https:\/\/latamjournalismreview.org\/es\/articles\/tras-vivir-el-ano-mas-violento-para-la-prensa-en-2022-periodistas-de-peru-inician-2023-con-casi-un-ataque-al-dia-al-cubrir-la-crisis-social\/\" \/>\n<meta property=\"og:site_name\" content=\"LatAm Journalism Review\" \/>\n<meta property=\"article:published_time\" content=\"2023-01-18T00:58:07+00:00\" \/>\n<meta property=\"article:modified_time\" content=\"2023-01-19T19:25:45+00:00\" \/>\n<meta property=\"og:image\" content=\"https:\/\/latamjournalismreview.org\/wp-content\/uploads\/2023\/01\/Featured-Peru.png\" \/>\n\t<meta property=\"og:image:width\" content=\"507\" \/>\n\t<meta property=\"og:image:height\" content=\"340\" \/>\n\t<meta property=\"og:image:type\" content=\"image\/png\" \/>\n<meta name=\"author\" content=\"C\u00e9sar L\u00f3pez Linares\" \/>\n<meta name=\"twitter:card\" content=\"summary_large_image\" \/>\n<meta name=\"twitter:creator\" content=\"@cesarisch\" \/>\n<meta name=\"twitter:site\" content=\"@LatAmJournalism\" \/>\n<meta name=\"twitter:label1\" content=\"Written by\" \/>\n\t<meta name=\"twitter:data1\" content=\"C\u00e9sar L\u00f3pez Linares\" \/>\n\t<meta name=\"twitter:label2\" content=\"Est. reading time\" \/>\n\t<meta name=\"twitter:data2\" content=\"11 minutos\" \/>\n<script type=\"application\/ld+json\" class=\"yoast-schema-graph\">{\"@context\":\"https:\\\/\\\/schema.org\",\"@graph\":[{\"@type\":\"Article\",\"@id\":\"https:\\\/\\\/latamjournalismreview.org\\\/es\\\/articles\\\/tras-vivir-el-ano-mas-violento-para-la-prensa-en-2022-periodistas-de-peru-inician-2023-con-casi-un-ataque-al-dia-al-cubrir-la-crisis-social\\\/#article\",\"isPartOf\":{\"@id\":\"https:\\\/\\\/latamjournalismreview.org\\\/es\\\/articles\\\/tras-vivir-el-ano-mas-violento-para-la-prensa-en-2022-periodistas-de-peru-inician-2023-con-casi-un-ataque-al-dia-al-cubrir-la-crisis-social\\\/\"},\"author\":{\"name\":\"C\u00e9sar L\u00f3pez Linares\",\"@id\":\"https:\\\/\\\/latamjournalismreview.org\\\/es\\\/#\\\/schema\\\/person\\\/dcf6dcdd6226ac8d939e2796645d17c6\"},\"headline\":\"Tras vivir el a\u00f1o m\u00e1s violento para la prensa en 2022, periodistas de Per\u00fa inician 2023 con casi un ataque al d\u00eda al cubrir la crisis social\",\"datePublished\":\"2023-01-18T00:58:07+00:00\",\"dateModified\":\"2023-01-19T19:25:45+00:00\",\"mainEntityOfPage\":{\"@id\":\"https:\\\/\\\/latamjournalismreview.org\\\/es\\\/articles\\\/tras-vivir-el-ano-mas-violento-para-la-prensa-en-2022-periodistas-de-peru-inician-2023-con-casi-un-ataque-al-dia-al-cubrir-la-crisis-social\\\/\"},\"wordCount\":2197,\"publisher\":{\"@id\":\"https:\\\/\\\/latamjournalismreview.org\\\/es\\\/#organization\"},\"image\":{\"@id\":\"https:\\\/\\\/latamjournalismreview.org\\\/es\\\/articles\\\/tras-vivir-el-ano-mas-violento-para-la-prensa-en-2022-periodistas-de-peru-inician-2023-con-casi-un-ataque-al-dia-al-cubrir-la-crisis-social\\\/#primaryimage\"},\"thumbnailUrl\":\"https:\\\/\\\/latamjournalismreview.org\\\/wp-content\\\/uploads\\\/2023\\\/01\\\/Featured-Peru.png\",\"keywords\":[\"Per\u00fa\"],\"articleSection\":[\"Violencia contra periodistas\"],\"inLanguage\":\"es\"},{\"@type\":\"WebPage\",\"@id\":\"https:\\\/\\\/latamjournalismreview.org\\\/es\\\/articles\\\/tras-vivir-el-ano-mas-violento-para-la-prensa-en-2022-periodistas-de-peru-inician-2023-con-casi-un-ataque-al-dia-al-cubrir-la-crisis-social\\\/\",\"url\":\"https:\\\/\\\/latamjournalismreview.org\\\/es\\\/articles\\\/tras-vivir-el-ano-mas-violento-para-la-prensa-en-2022-periodistas-de-peru-inician-2023-con-casi-un-ataque-al-dia-al-cubrir-la-crisis-social\\\/\",\"name\":\"Tras vivir el a\u00f1o m\u00e1s violento para la prensa en 2022, periodistas de Per\u00fa inician 2023 con casi un ataque al d\u00eda al cubrir la crisis social - LatAm Journalism Review\",\"isPartOf\":{\"@id\":\"https:\\\/\\\/latamjournalismreview.org\\\/es\\\/#website\"},\"primaryImageOfPage\":{\"@id\":\"https:\\\/\\\/latamjournalismreview.org\\\/es\\\/articles\\\/tras-vivir-el-ano-mas-violento-para-la-prensa-en-2022-periodistas-de-peru-inician-2023-con-casi-un-ataque-al-dia-al-cubrir-la-crisis-social\\\/#primaryimage\"},\"image\":{\"@id\":\"https:\\\/\\\/latamjournalismreview.org\\\/es\\\/articles\\\/tras-vivir-el-ano-mas-violento-para-la-prensa-en-2022-periodistas-de-peru-inician-2023-con-casi-un-ataque-al-dia-al-cubrir-la-crisis-social\\\/#primaryimage\"},\"thumbnailUrl\":\"https:\\\/\\\/latamjournalismreview.org\\\/wp-content\\\/uploads\\\/2023\\\/01\\\/Featured-Peru.png\",\"datePublished\":\"2023-01-18T00:58:07+00:00\",\"dateModified\":\"2023-01-19T19:25:45+00:00\",\"description\":\"Tras vivir el a\u00f1o m\u00e1s violento para la prensa en 2022, periodistas de Per\u00fa inician 2023 con casi un ataque al d\u00eda al cubrir la crisis social Violencia contra periodistas. Latin American Journalism Review by The Knight Center at The University of Texas at Austin.\",\"breadcrumb\":{\"@id\":\"https:\\\/\\\/latamjournalismreview.org\\\/es\\\/articles\\\/tras-vivir-el-ano-mas-violento-para-la-prensa-en-2022-periodistas-de-peru-inician-2023-con-casi-un-ataque-al-dia-al-cubrir-la-crisis-social\\\/#breadcrumb\"},\"inLanguage\":\"es\",\"potentialAction\":[{\"@type\":\"ReadAction\",\"target\":[\"https:\\\/\\\/latamjournalismreview.org\\\/es\\\/articles\\\/tras-vivir-el-ano-mas-violento-para-la-prensa-en-2022-periodistas-de-peru-inician-2023-con-casi-un-ataque-al-dia-al-cubrir-la-crisis-social\\\/\"]}]},{\"@type\":\"ImageObject\",\"inLanguage\":\"es\",\"@id\":\"https:\\\/\\\/latamjournalismreview.org\\\/es\\\/articles\\\/tras-vivir-el-ano-mas-violento-para-la-prensa-en-2022-periodistas-de-peru-inician-2023-con-casi-un-ataque-al-dia-al-cubrir-la-crisis-social\\\/#primaryimage\",\"url\":\"https:\\\/\\\/latamjournalismreview.org\\\/wp-content\\\/uploads\\\/2023\\\/01\\\/Featured-Peru.png\",\"contentUrl\":\"https:\\\/\\\/latamjournalismreview.org\\\/wp-content\\\/uploads\\\/2023\\\/01\\\/Featured-Peru.png\",\"width\":507,\"height\":340,\"caption\":\"Graphics of journalists being hit with a background of a protest in Peru.\"},{\"@type\":\"BreadcrumbList\",\"@id\":\"https:\\\/\\\/latamjournalismreview.org\\\/es\\\/articles\\\/tras-vivir-el-ano-mas-violento-para-la-prensa-en-2022-periodistas-de-peru-inician-2023-con-casi-un-ataque-al-dia-al-cubrir-la-crisis-social\\\/#breadcrumb\",\"itemListElement\":[{\"@type\":\"ListItem\",\"position\":1,\"name\":\"Home\",\"item\":\"https:\\\/\\\/latamjournalismreview.org\\\/es\\\/\"},{\"@type\":\"ListItem\",\"position\":2,\"name\":\"Tras vivir el a\u00f1o m\u00e1s violento para la prensa en 2022, periodistas de Per\u00fa inician 2023 con casi un ataque al d\u00eda al cubrir la crisis social\"}]},{\"@type\":\"WebSite\",\"@id\":\"https:\\\/\\\/latamjournalismreview.org\\\/es\\\/#website\",\"url\":\"https:\\\/\\\/latamjournalismreview.org\\\/es\\\/\",\"name\":\"LatAm Journalism Review\",\"description\":\"Knight Center at The University of Texas\",\"publisher\":{\"@id\":\"https:\\\/\\\/latamjournalismreview.org\\\/es\\\/#organization\"},\"potentialAction\":[{\"@type\":\"SearchAction\",\"target\":{\"@type\":\"EntryPoint\",\"urlTemplate\":\"https:\\\/\\\/latamjournalismreview.org\\\/es\\\/?s={search_term_string}\"},\"query-input\":{\"@type\":\"PropertyValueSpecification\",\"valueRequired\":true,\"valueName\":\"search_term_string\"}}],\"inLanguage\":\"es\"},{\"@type\":\"Organization\",\"@id\":\"https:\\\/\\\/latamjournalismreview.org\\\/es\\\/#organization\",\"name\":\"LatAm Journalism Review\",\"url\":\"https:\\\/\\\/latamjournalismreview.org\\\/es\\\/\",\"logo\":{\"@type\":\"ImageObject\",\"inLanguage\":\"es\",\"@id\":\"https:\\\/\\\/latamjournalismreview.org\\\/es\\\/#\\\/schema\\\/logo\\\/image\\\/\",\"url\":\"https:\\\/\\\/latamjournalismreview.org\\\/wp-content\\\/uploads\\\/2020\\\/05\\\/knight-latAm-review-logo.svg\",\"contentUrl\":\"https:\\\/\\\/latamjournalismreview.org\\\/wp-content\\\/uploads\\\/2020\\\/05\\\/knight-latAm-review-logo.svg\",\"width\":\"1024\",\"height\":\"1024\",\"caption\":\"LatAm Journalism Review\"},\"image\":{\"@id\":\"https:\\\/\\\/latamjournalismreview.org\\\/es\\\/#\\\/schema\\\/logo\\\/image\\\/\"},\"sameAs\":[\"https:\\\/\\\/x.com\\\/LatAmJournalism\"]},{\"@type\":\"Person\",\"@id\":\"https:\\\/\\\/latamjournalismreview.org\\\/es\\\/#\\\/schema\\\/person\\\/dcf6dcdd6226ac8d939e2796645d17c6\",\"name\":\"C\u00e9sar L\u00f3pez Linares\",\"description\":\"C\u00e9sar L\u00f3pez Linares began his career at the Mexican newspaper REFORMA as an entertainment and media co-editor. He has written for publications such as TODO Austin, Texas Music Magazine and The Austin Chronicle. C\u00e9sar has a Master's degree in Journalism from the University of Texas at Austin and a Bachelors degree in Communication from the National Autonomous University of Mexico. He previously wrote about innovation in journalism for the Gabo Foundation in Colombia and currently reports for the Knight Center's LatAmJournalism Review digital magazine. A native of Mexico City, C\u00e9sar has become a digital nomad combining content creation with his passion for travel. ________ C\u00e9sar L\u00f3pez Linares inici\u00f3 su carrera en el diario mexicano REFORMA como coeditor de entretenimiento y medios. Ha escrito para publicaciones como TODO Austin, Texas Music Magazine y The Austin Chronicle. C\u00e9sar tiene una Maestr\u00eda en Periodismo de la Universidad de Texas en Austin y una Licenciatura en Comunicaci\u00f3n de la Universidad Nacional Aut\u00f3noma de M\u00e9xico. Previamente escribi\u00f3 sobre innovaci\u00f3n en periodismo para la Fundaci\u00f3n Gabo en Colombia y actualmente escribe para la revista digital LatAmJournalism Review del Centro Knight. Originario de la Ciudad de M\u00e9xico, C\u00e9sar se ha convertido en un n\u00f3mada digital que combina la creaci\u00f3n de contenido con su pasi\u00f3n por viajar. _________ C\u00e9sar L\u00f3pez Linares come\u00e7ou sua carreira no jornal mexicano REFORMA como coeditor de entretenimento e m\u00eddia. Ele escreveu para publica\u00e7\u00f5es como TODO Austin, Texas Music Magazine e The Austin Chronicle. C\u00e9sar tem mestrado em jornalismo pela University of Texas em Austin e \u00e9 bacharel em comunica\u00e7\u00e3o pela Universidad Nacional Aut\u00f3noma de M\u00e9xico. Antes disso, ele escreveu sobre inova\u00e7\u00e3o no jornalismo para a Funda\u00e7\u00e3o Gabo na Col\u00f4mbia. Atualmente escreve para a revista digital LatAmJournalism Review do Centro Knight. Nascido na Cidade do M\u00e9xico, C\u00e9sar se tornou um n\u00f4made digital combinando a cria\u00e7\u00e3o de conte\u00fado com sua paix\u00e3o por viagens.\",\"sameAs\":[\"https:\\\/\\\/x.com\\\/cesarisch\"],\"url\":\"https:\\\/\\\/latamjournalismreview.org\\\/es\\\/articles\\\/author\\\/cesar-lopez-linares\\\/\"}]}<\/script>\n<!-- \/ Yoast SEO Premium plugin. -->","yoast_head_json":{"title":"Tras vivir el a\u00f1o m\u00e1s violento para la prensa en 2022, periodistas de Per\u00fa inician 2023 con casi un ataque al d\u00eda al cubrir la crisis social - LatAm Journalism Review","description":"Tras vivir el a\u00f1o m\u00e1s violento para la prensa en 2022, periodistas de Per\u00fa inician 2023 con casi un ataque al d\u00eda al cubrir la crisis social Violencia contra periodistas. Latin American Journalism Review by The Knight Center at The University of Texas at Austin.","robots":{"index":"index","follow":"follow","max-snippet":"max-snippet:-1","max-image-preview":"max-image-preview:large","max-video-preview":"max-video-preview:-1"},"canonical":"https:\/\/latamjournalismreview.org\/es\/articles\/tras-vivir-el-ano-mas-violento-para-la-prensa-en-2022-periodistas-de-peru-inician-2023-con-casi-un-ataque-al-dia-al-cubrir-la-crisis-social\/","og_locale":"es_ES","og_type":"article","og_title":"Tras vivir el a\u00f1o m\u00e1s violento para la prensa en 2022, periodistas de Per\u00fa inician 2023 con casi un ataque al d\u00eda al cubrir la crisis social","og_description":"Tras vivir el a\u00f1o m\u00e1s violento para la prensa en 2022, periodistas de Per\u00fa inician 2023 con casi un ataque al d\u00eda al cubrir la crisis social Violencia contra periodistas. Latin American Journalism Review by The Knight Center at The University of Texas at Austin.","og_url":"https:\/\/latamjournalismreview.org\/es\/articles\/tras-vivir-el-ano-mas-violento-para-la-prensa-en-2022-periodistas-de-peru-inician-2023-con-casi-un-ataque-al-dia-al-cubrir-la-crisis-social\/","og_site_name":"LatAm Journalism Review","article_published_time":"2023-01-18T00:58:07+00:00","article_modified_time":"2023-01-19T19:25:45+00:00","og_image":[{"width":507,"height":340,"url":"https:\/\/latamjournalismreview.org\/wp-content\/uploads\/2023\/01\/Featured-Peru.png","type":"image\/png"}],"author":"C\u00e9sar L\u00f3pez Linares","twitter_card":"summary_large_image","twitter_creator":"@cesarisch","twitter_site":"@LatAmJournalism","twitter_misc":{"Written by":"C\u00e9sar L\u00f3pez Linares","Est. reading time":"11 minutos"},"schema":{"@context":"https:\/\/schema.org","@graph":[{"@type":"Article","@id":"https:\/\/latamjournalismreview.org\/es\/articles\/tras-vivir-el-ano-mas-violento-para-la-prensa-en-2022-periodistas-de-peru-inician-2023-con-casi-un-ataque-al-dia-al-cubrir-la-crisis-social\/#article","isPartOf":{"@id":"https:\/\/latamjournalismreview.org\/es\/articles\/tras-vivir-el-ano-mas-violento-para-la-prensa-en-2022-periodistas-de-peru-inician-2023-con-casi-un-ataque-al-dia-al-cubrir-la-crisis-social\/"},"author":{"name":"C\u00e9sar L\u00f3pez Linares","@id":"https:\/\/latamjournalismreview.org\/es\/#\/schema\/person\/dcf6dcdd6226ac8d939e2796645d17c6"},"headline":"Tras vivir el a\u00f1o m\u00e1s violento para la prensa en 2022, periodistas de Per\u00fa inician 2023 con casi un ataque al d\u00eda al cubrir la crisis social","datePublished":"2023-01-18T00:58:07+00:00","dateModified":"2023-01-19T19:25:45+00:00","mainEntityOfPage":{"@id":"https:\/\/latamjournalismreview.org\/es\/articles\/tras-vivir-el-ano-mas-violento-para-la-prensa-en-2022-periodistas-de-peru-inician-2023-con-casi-un-ataque-al-dia-al-cubrir-la-crisis-social\/"},"wordCount":2197,"publisher":{"@id":"https:\/\/latamjournalismreview.org\/es\/#organization"},"image":{"@id":"https:\/\/latamjournalismreview.org\/es\/articles\/tras-vivir-el-ano-mas-violento-para-la-prensa-en-2022-periodistas-de-peru-inician-2023-con-casi-un-ataque-al-dia-al-cubrir-la-crisis-social\/#primaryimage"},"thumbnailUrl":"https:\/\/latamjournalismreview.org\/wp-content\/uploads\/2023\/01\/Featured-Peru.png","keywords":["Per\u00fa"],"articleSection":["Violencia contra periodistas"],"inLanguage":"es"},{"@type":"WebPage","@id":"https:\/\/latamjournalismreview.org\/es\/articles\/tras-vivir-el-ano-mas-violento-para-la-prensa-en-2022-periodistas-de-peru-inician-2023-con-casi-un-ataque-al-dia-al-cubrir-la-crisis-social\/","url":"https:\/\/latamjournalismreview.org\/es\/articles\/tras-vivir-el-ano-mas-violento-para-la-prensa-en-2022-periodistas-de-peru-inician-2023-con-casi-un-ataque-al-dia-al-cubrir-la-crisis-social\/","name":"Tras vivir el a\u00f1o m\u00e1s violento para la prensa en 2022, periodistas de Per\u00fa inician 2023 con casi un ataque al d\u00eda al cubrir la crisis social - LatAm Journalism Review","isPartOf":{"@id":"https:\/\/latamjournalismreview.org\/es\/#website"},"primaryImageOfPage":{"@id":"https:\/\/latamjournalismreview.org\/es\/articles\/tras-vivir-el-ano-mas-violento-para-la-prensa-en-2022-periodistas-de-peru-inician-2023-con-casi-un-ataque-al-dia-al-cubrir-la-crisis-social\/#primaryimage"},"image":{"@id":"https:\/\/latamjournalismreview.org\/es\/articles\/tras-vivir-el-ano-mas-violento-para-la-prensa-en-2022-periodistas-de-peru-inician-2023-con-casi-un-ataque-al-dia-al-cubrir-la-crisis-social\/#primaryimage"},"thumbnailUrl":"https:\/\/latamjournalismreview.org\/wp-content\/uploads\/2023\/01\/Featured-Peru.png","datePublished":"2023-01-18T00:58:07+00:00","dateModified":"2023-01-19T19:25:45+00:00","description":"Tras vivir el a\u00f1o m\u00e1s violento para la prensa en 2022, periodistas de Per\u00fa inician 2023 con casi un ataque al d\u00eda al cubrir la crisis social Violencia contra periodistas. Latin American Journalism Review by The Knight Center at The University of Texas at Austin.","breadcrumb":{"@id":"https:\/\/latamjournalismreview.org\/es\/articles\/tras-vivir-el-ano-mas-violento-para-la-prensa-en-2022-periodistas-de-peru-inician-2023-con-casi-un-ataque-al-dia-al-cubrir-la-crisis-social\/#breadcrumb"},"inLanguage":"es","potentialAction":[{"@type":"ReadAction","target":["https:\/\/latamjournalismreview.org\/es\/articles\/tras-vivir-el-ano-mas-violento-para-la-prensa-en-2022-periodistas-de-peru-inician-2023-con-casi-un-ataque-al-dia-al-cubrir-la-crisis-social\/"]}]},{"@type":"ImageObject","inLanguage":"es","@id":"https:\/\/latamjournalismreview.org\/es\/articles\/tras-vivir-el-ano-mas-violento-para-la-prensa-en-2022-periodistas-de-peru-inician-2023-con-casi-un-ataque-al-dia-al-cubrir-la-crisis-social\/#primaryimage","url":"https:\/\/latamjournalismreview.org\/wp-content\/uploads\/2023\/01\/Featured-Peru.png","contentUrl":"https:\/\/latamjournalismreview.org\/wp-content\/uploads\/2023\/01\/Featured-Peru.png","width":507,"height":340,"caption":"Graphics of journalists being hit with a background of a protest in Peru."},{"@type":"BreadcrumbList","@id":"https:\/\/latamjournalismreview.org\/es\/articles\/tras-vivir-el-ano-mas-violento-para-la-prensa-en-2022-periodistas-de-peru-inician-2023-con-casi-un-ataque-al-dia-al-cubrir-la-crisis-social\/#breadcrumb","itemListElement":[{"@type":"ListItem","position":1,"name":"Home","item":"https:\/\/latamjournalismreview.org\/es\/"},{"@type":"ListItem","position":2,"name":"Tras vivir el a\u00f1o m\u00e1s violento para la prensa en 2022, periodistas de Per\u00fa inician 2023 con casi un ataque al d\u00eda al cubrir la crisis social"}]},{"@type":"WebSite","@id":"https:\/\/latamjournalismreview.org\/es\/#website","url":"https:\/\/latamjournalismreview.org\/es\/","name":"LatAm Journalism Review","description":"Knight Center at The University of Texas","publisher":{"@id":"https:\/\/latamjournalismreview.org\/es\/#organization"},"potentialAction":[{"@type":"SearchAction","target":{"@type":"EntryPoint","urlTemplate":"https:\/\/latamjournalismreview.org\/es\/?s={search_term_string}"},"query-input":{"@type":"PropertyValueSpecification","valueRequired":true,"valueName":"search_term_string"}}],"inLanguage":"es"},{"@type":"Organization","@id":"https:\/\/latamjournalismreview.org\/es\/#organization","name":"LatAm Journalism Review","url":"https:\/\/latamjournalismreview.org\/es\/","logo":{"@type":"ImageObject","inLanguage":"es","@id":"https:\/\/latamjournalismreview.org\/es\/#\/schema\/logo\/image\/","url":"https:\/\/latamjournalismreview.org\/wp-content\/uploads\/2020\/05\/knight-latAm-review-logo.svg","contentUrl":"https:\/\/latamjournalismreview.org\/wp-content\/uploads\/2020\/05\/knight-latAm-review-logo.svg","width":"1024","height":"1024","caption":"LatAm Journalism Review"},"image":{"@id":"https:\/\/latamjournalismreview.org\/es\/#\/schema\/logo\/image\/"},"sameAs":["https:\/\/x.com\/LatAmJournalism"]},{"@type":"Person","@id":"https:\/\/latamjournalismreview.org\/es\/#\/schema\/person\/dcf6dcdd6226ac8d939e2796645d17c6","name":"C\u00e9sar L\u00f3pez Linares","description":"C\u00e9sar L\u00f3pez Linares began his career at the Mexican newspaper REFORMA as an entertainment and media co-editor. He has written for publications such as TODO Austin, Texas Music Magazine and The Austin Chronicle. C\u00e9sar has a Master's degree in Journalism from the University of Texas at Austin and a Bachelors degree in Communication from the National Autonomous University of Mexico. He previously wrote about innovation in journalism for the Gabo Foundation in Colombia and currently reports for the Knight Center's LatAmJournalism Review digital magazine. A native of Mexico City, C\u00e9sar has become a digital nomad combining content creation with his passion for travel. ________ C\u00e9sar L\u00f3pez Linares inici\u00f3 su carrera en el diario mexicano REFORMA como coeditor de entretenimiento y medios. Ha escrito para publicaciones como TODO Austin, Texas Music Magazine y The Austin Chronicle. C\u00e9sar tiene una Maestr\u00eda en Periodismo de la Universidad de Texas en Austin y una Licenciatura en Comunicaci\u00f3n de la Universidad Nacional Aut\u00f3noma de M\u00e9xico. Previamente escribi\u00f3 sobre innovaci\u00f3n en periodismo para la Fundaci\u00f3n Gabo en Colombia y actualmente escribe para la revista digital LatAmJournalism Review del Centro Knight. Originario de la Ciudad de M\u00e9xico, C\u00e9sar se ha convertido en un n\u00f3mada digital que combina la creaci\u00f3n de contenido con su pasi\u00f3n por viajar. _________ C\u00e9sar L\u00f3pez Linares come\u00e7ou sua carreira no jornal mexicano REFORMA como coeditor de entretenimento e m\u00eddia. Ele escreveu para publica\u00e7\u00f5es como TODO Austin, Texas Music Magazine e The Austin Chronicle. C\u00e9sar tem mestrado em jornalismo pela University of Texas em Austin e \u00e9 bacharel em comunica\u00e7\u00e3o pela Universidad Nacional Aut\u00f3noma de M\u00e9xico. Antes disso, ele escreveu sobre inova\u00e7\u00e3o no jornalismo para a Funda\u00e7\u00e3o Gabo na Col\u00f4mbia. Atualmente escreve para a revista digital LatAmJournalism Review do Centro Knight. Nascido na Cidade do M\u00e9xico, C\u00e9sar se tornou um n\u00f4made digital combinando a cria\u00e7\u00e3o de conte\u00fado com sua paix\u00e3o por viagens.","sameAs":["https:\/\/x.com\/cesarisch"],"url":"https:\/\/latamjournalismreview.org\/es\/articles\/author\/cesar-lopez-linares\/"}]}},"_links":{"self":[{"href":"https:\/\/latamjournalismreview.org\/es\/wp-json\/wp\/v2\/posts\/71414","targetHints":{"allow":["GET"]}}],"collection":[{"href":"https:\/\/latamjournalismreview.org\/es\/wp-json\/wp\/v2\/posts"}],"about":[{"href":"https:\/\/latamjournalismreview.org\/es\/wp-json\/wp\/v2\/types\/post"}],"author":[{"embeddable":true,"href":"https:\/\/latamjournalismreview.org\/es\/wp-json\/wp\/v2\/users\/19"}],"replies":[{"embeddable":true,"href":"https:\/\/latamjournalismreview.org\/es\/wp-json\/wp\/v2\/comments?post=71414"}],"version-history":[{"count":3,"href":"https:\/\/latamjournalismreview.org\/es\/wp-json\/wp\/v2\/posts\/71414\/revisions"}],"predecessor-version":[{"id":71510,"href":"https:\/\/latamjournalismreview.org\/es\/wp-json\/wp\/v2\/posts\/71414\/revisions\/71510"}],"wp:featuredmedia":[{"embeddable":true,"href":"https:\/\/latamjournalismreview.org\/es\/wp-json\/wp\/v2\/media\/71421"}],"wp:attachment":[{"href":"https:\/\/latamjournalismreview.org\/es\/wp-json\/wp\/v2\/media?parent=71414"}],"wp:term":[{"taxonomy":"category","embeddable":true,"href":"https:\/\/latamjournalismreview.org\/es\/wp-json\/wp\/v2\/categories?post=71414"},{"taxonomy":"post_tag","embeddable":true,"href":"https:\/\/latamjournalismreview.org\/es\/wp-json\/wp\/v2\/tags?post=71414"},{"taxonomy":"author","embeddable":true,"href":"https:\/\/latamjournalismreview.org\/es\/wp-json\/wp\/v2\/coauthors?post=71414"}],"curies":[{"name":"wp","href":"https:\/\/api.w.org\/{rel}","templated":true}]}}